{"id":16729,"date":"2026-04-29T00:12:54","date_gmt":"2026-04-29T03:12:54","guid":{"rendered":"https:\/\/impactocastex.com.ar\/?p=16729"},"modified":"2026-04-29T00:12:54","modified_gmt":"2026-04-29T03:12:54","slug":"river-anuncio-al-espanol-pablo-longoria-para-el-nuevo-cargo-de-director-deportivo","status":"publish","type":"post","link":"https:\/\/impactocastex.com.ar\/?p=16729","title":{"rendered":"River anunci\u00f3 al espa\u00f1ol Pablo Longoria para el nuevo cargo de Director Deportivo"},"content":{"rendered":"<p>Tras varias semanas de negociaciones, River lleg\u00f3 a un acuerdo con <b>Pablo Longoria,<\/b> que ocupar\u00e1 el nuevo cargo de <b>Director Deportivo,<\/b> en una funci\u00f3n que abarcar\u00e1 la <b>gesti\u00f3n integral del f\u00fatbol. <\/b>De 39 a\u00f1os, Longoria naci\u00f3 en Oviedo (Espa\u00f1a) y trabajar\u00e1 por primera vez en Argentina.<\/p>\n<p>En el comunicado oficial, River inform\u00f3 que Longoria reportar\u00e1 directamente al presidente <b>Stefano Di Carlo<\/b> y al director deportivo del f\u00fatbol profesional <b>Enzo Francescoli<\/b>. Las autoridades ven\u00edan trabajando hace tiempo en la reformulaci\u00f3n del proyecto futbol\u00edstico con un responsable que dise\u00f1e las estrategias al estilo europeo.<\/p>\n<p>Longoria se abocar\u00e1 a la <b>\u201ccoordinaci\u00f3n de las distintas \u00e1reas vinculadas al f\u00fatbol del club,<\/b> entre ellas el plantel profesional, el f\u00fatbol formativo, el scouting, la gesti\u00f3n de contratos, el an\u00e1lisis de rendimiento y el desarrollo deportivo\u201d. <\/p>\n<p><img loading=\"lazy\" decoding=\"async\" src=\"https:\/\/resizer.glanacion.com\/resizer\/v2\/TCOSMW3JBZCXXHEM6F6IJRIHYM.jpg?auth=2135d0f066fdd00e05ed91833ad4e5ca3733ffd5d3df72264bec1cb357c2431a&amp;smart=true&amp;width=2000&amp;height=1333\" alt=\"Enzo Francescoli se mantiene como director deportivo del plantel profesional\" height=\"1333\" width=\"2000\" \/><\/p>\n<p>Uno de los d\u00e9ficits de River fue su err\u00e1tica pol\u00edtica de fichajes en los \u00faltimos mercados de pases, en los que la influencia de Marcelo Gallardo fue determinante en la elecci\u00f3n de los refuerzos. Hubo inversiones millonarias en jugadores de bajo rendimiento, como Kevin Casta\u00f1o, Mat\u00edas Galarza, Juan Portillo y Maximiliano Salas; aunque llegaron a bajo costo, tampoco conformaron Gonzalo Tapia y Mat\u00edas Rojas, ambos ya fuera del plantel. <\/p>\n<p>En otro p\u00e1rrafo del comunicado, River especifica las atribuciones del nuevo empleado jerarquizado: \u201cLa incorporaci\u00f3n de Longoria se enmarca en un proyecto institucional de mediano y largo plazo, enfocado en promover <b>la integraci\u00f3n entre divisiones inferiores y el primer equipo, y optimizar los procesos de captaci\u00f3n, incorporaci\u00f3n y desarrollo de futbolistas. <\/b>Su integraci\u00f3n a la din\u00e1mica de trabajo ser\u00e1 progresiva, en coordinaci\u00f3n con las \u00e1reas que vienen desarrollando la planificaci\u00f3n deportiva\u00bb.<\/p>\n<h2>El comunicado oficial de River<\/h2>\n<p><img loading=\"lazy\" decoding=\"async\" src=\"https:\/\/resizer.glanacion.com\/resizer\/v2\/YCFQMHYTKBGW7GADENVFG47R3Q.JPG?auth=93b20aba236b2c9ae2272244535ca91efa8fca7672b12a8e09a217ebdee6ae6f&amp;smart=true&amp;width=2000&amp;height=1672\" alt=\"River Plate anunci\u00f3 a Pablo Longoria como nuevo director deportivo.\" height=\"1672\" width=\"2000\" \/><\/p>\n<p>El 23 de marzo, Longoria se desvincul\u00f3 de la presidencia de <b>Olympique de Marsella<\/b> tras seis temporadas. Acredita una extensa trayectoria en el f\u00fatbol del Viejo Continente, sin tener un pasado como futbolista. Desde los 12 a\u00f1os, siendo un fan\u00e1tico del video juego PC F\u00fatbol &#8211;<b>ha confesado jugar hasta siete horas por d\u00eda<\/b>-, comenz\u00f3 a realizar fichas e informes de los j\u00f3venes europeos Sub-16 y Sub-17 para publicarlos en su sitio web, inspirado en la revista <i>World Soccer<\/i>. As\u00ed, comenz\u00f3 a tener participaciones en programas de radio y televisi\u00f3n, y consigui\u00f3 empezar a intercambiarlos con clubes de la talla de Olympiacos, PSV, Bayer Leverkusen y Newcastle, que hasta le solicitaban videos de su amplio archivo personal.<\/p>\n<p>El primero en reclutarlo fue el representante <b>Eugenio Botas<\/b>, quien lo incorpor\u00f3 a su equipo de trabajo con tan solo 18 a\u00f1os a trav\u00e9s de un v\u00ednculo con el entrenador asturiano <b>Marcelino Garc\u00eda Toral<\/b>, a quien representaba. \u201cLo conoc\u00ed con tres maletas llenas de DVDs, era l\u00f3gico que te llamase la atenci\u00f3n porque era un chico joven. Una memoria privilegiada, conocimiento del f\u00fatbol extraordinario y un trabajador incansable. <b>Pudo haber estudiado cualquier carrera, cualquier carrera, fue un <\/b><i><b>friki <\/b><\/i><b>del f\u00fatbol y apoy\u00f3 todo su talento en lo que era su pasi\u00f3n<\/b>\u201d, lo defini\u00f3 su coterr\u00e1neo. En su casa en Oviedo lleg\u00f3 a contar que ten\u00eda instaladas cuatro antenas parab\u00f3licas y grababa 160 partidos por semana, llegando a ver hasta siete por d\u00eda.<\/p>\n<p>Colabor\u00f3 a partir de los 20 a\u00f1os con <b>Garc\u00eda Toral <\/b>en Recreativo de Huelva, Racing de Santander y Zaragoza y luego trabaj\u00f3 cuatro meses como ojeador de <b>Newcastle<\/b>, club ingl\u00e9s en el que asegura que aprendi\u00f3 c\u00f3mo estructurar la captaci\u00f3n, el personal, la tecnolog\u00eda y el presupuesto de una secretar\u00eda t\u00e9cnica de primer nivel. A los 24 a\u00f1os le lleg\u00f3 su primera gran experiencia como secretario t\u00e9cnico de Huelva, donde lo apodaron ir\u00f3nicamente como \u201c<b>El ni\u00f1o de la Play<\/b>\u201d. Pero termin\u00f3 de conquistar al p\u00fablico al concretar la incorporaci\u00f3n del joven delantero franc\u00e9s Florent Sinama-Pongolle, quien jugaba en Liverpool y se sum\u00f3 a pr\u00e9stamo con opci\u00f3n de compra a un equipo reci\u00e9n ascendido. Finalmente, tras 22 goles en dos temporadas, fue vendido con una plusval\u00eda al Atl\u00e9tico Madrid.<\/p>\n<p>A partir de ah\u00ed, su carrera fue en ascenso: fue scouting en <b>Atalanta<\/b>; director de scouting en <b>Sassuolo<\/b>: jefe de scouting en <b>Juventus<\/b>; y director deportivo de <b>Valencia<\/b>. En 2020 aterriz\u00f3 en Marsella para ser director deportivo durante un a\u00f1o de Olympique y en 2021 asumir la presidencia del club, cargo que ocup\u00f3 hasta marzo de este a\u00f1o tras ser designado por <b>Frank McCourt<\/b>, el due\u00f1o de McCourt Global, grupo propietario del club. A lo largo de este tiempo, se equilibraron las finanzas de una instituci\u00f3n que ten\u00eda severos problemas financieros y cort\u00f3 una sequ\u00eda de siete a\u00f1os sin jugar <b>UEFA Champions League<\/b>, pero no pudo salir campe\u00f3n, <b>tuvo inconvenientes en 2023 con los fan\u00e1ticos ultras<\/b> que lo pusieron al borde de la salida por sus decisiones y <b>se lo apunt\u00f3 por los cambios de perfiles de entrenadores:<\/b> Jorge Sampaoli, Igor Tudor, Marcelino Garc\u00eda Toral, Genaro Gattuso, Jean-Louis Gasset y Roberto De Zerbi pasaron por su ala.<\/p>\n<p><img loading=\"lazy\" decoding=\"async\" src=\"https:\/\/resizer.glanacion.com\/resizer\/v2\/GYRGAIFLENE3FKWPMCITGS3HMI.jpg?auth=eb58b16d9b7d43f1430e79a71d81670554c7be3249f798c50f7e6bde3bd6b63d&amp;smart=true&amp;width=5394&amp;height=3597\" alt=\"Toda la experiencia de Longoria es en el f\u00fatbol europeo\" height=\"3597\" width=\"5394\" \/><\/p>\n<p>En su despedida de Olympique Marsella, Longoria dej\u00f3 este mensaje: \u201c<b>Hoy en d\u00eda, el f\u00fatbol es una industria global, pero sigue siendo profundamente humano<\/b>. Crea valor, crea empleos, despierta emociones. Y en el fondo, siempre hay algo muy sencillo: <b>el v\u00ednculo entre un club y su afici\u00f3n<\/b>. Agradezco al f\u00fatbol, \u200b\u200ba Marsella y al Olympique de Marsella la confianza que depositaron en m\u00ed durante estas seis temporadas. Pero, sobre todo, agradezco a todos los que hicieron posible este camino: los empleados, los entrenadores, los jugadores y la afici\u00f3n. Cierro este cap\u00edtulo con respeto y gratitud\u201d.<\/p>\n<p>Longoria fue uno de los cuatro apellidos que se puso sobre la mesa ante su salida de Olympique de Marsella y r\u00e1pidamente pic\u00f3 en punta, aunque tambi\u00e9n se dialog\u00f3 con el espa\u00f1ol <b>Ram\u00f3n Planes Novau<\/b>, hoy en Al-Ittihad de Arabia Saudita y con pasado en Barcelona, Tottenham, Espanyol, Rayo Vallecano, Betis y Getafe. Seg\u00fan pudo saber <b>LA NACION<\/b>, Longoria fue elegido por su capacidad de adaptaci\u00f3n, el r\u00e1pido entendimiento de los pilares de un club, la b\u00fasqueda de jugadores vinculada a una ideolog\u00eda hist\u00f3rica y sus nexos directos con el f\u00fatbol mundial, por su carrera y su amplio manejo de idiomas (ingl\u00e9s, franc\u00e9s, alem\u00e1n, italiano, portugu\u00e9s y espa\u00f1ol). Ahora resta la presentaci\u00f3n oficial. <\/p>\n<p>\u200bSe ocupar\u00e1 de la gesti\u00f3n integral del f\u00fatbol, desde el formativo hasta el profesional, con responsabilidad en el scouting y la contrataci\u00f3n de refuerzos\u00a0\u00a0<\/p>","protected":false},"excerpt":{"rendered":"<p>Tras varias semanas de negociaciones, River lleg\u00f3 a un acuerdo con Pablo Longoria, que ocupar\u00e1&#8230;<\/p>\n","protected":false},"author":1,"featured_media":16730,"comment_status":"closed","ping_status":"closed","sticky":false,"template":"","format":"standard","meta":{"_jetpack_memberships_contains_paid_content":false,"footnotes":"","jetpack_publicize_message":"","jetpack_publicize_feature_enabled":true,"jetpack_social_post_already_shared":true,"jetpack_social_options":{"image_generator_settings":{"template":"highway","default_image_id":0,"font":"","enabled":false},"version":2}},"categories":[89],"tags":[],"class_list":["post-16729","post","type-post","status-publish","format-standard","has-post-thumbnail","hentry","category-nacionales"],"yoast_head":"<!-- This site is optimized with the Yoast SEO plugin v27.4 - https:\/\/yoast.com\/product\/yoast-seo-wordpress\/ -->\n<title>River anunci\u00f3 al espa\u00f1ol Pablo Longoria para el nuevo cargo de Director Deportivo -<\/title>\n<meta name=\"robots\" content=\"index, follow, max-snippet:-1, max-image-preview:large, max-video-preview:-1\" \/>\n<link rel=\"canonical\" href=\"https:\/\/impactocastex.com.ar\/?p=16729\" \/>\n<meta property=\"og:locale\" content=\"es_ES\" \/>\n<meta property=\"og:type\" content=\"article\" \/>\n<meta property=\"og:title\" content=\"River anunci\u00f3 al espa\u00f1ol Pablo Longoria para el nuevo cargo de Director Deportivo -\" \/>\n<meta property=\"og:description\" content=\"Tras varias semanas de negociaciones, River lleg\u00f3 a un acuerdo con Pablo Longoria, que ocupar\u00e1...\" \/>\n<meta property=\"og:url\" content=\"https:\/\/impactocastex.com.ar\/?p=16729\" \/>\n<meta property=\"article:publisher\" content=\"https:\/\/www.facebook.com\/impactocastexdiario\" \/>\n<meta property=\"article:published_time\" content=\"2026-04-29T03:12:54+00:00\" \/>\n<meta property=\"og:image\" content=\"https:\/\/resizer.glanacion.com\/resizer\/v2\/TCOSMW3JBZCXXHEM6F6IJRIHYM.jpg?auth=2135d0f066fdd00e05ed91833ad4e5ca3733ffd5d3df72264bec1cb357c2431a&amp;smart=true&amp;width=2000&amp;height=1333\" \/>\n<meta name=\"author\" content=\"impactocastex\" \/>\n<meta name=\"twitter:card\" content=\"summary_large_image\" \/>\n<meta name=\"twitter:label1\" content=\"Escrito por\" \/>\n\t<meta name=\"twitter:data1\" content=\"impactocastex\" \/>\n\t<meta name=\"twitter:label2\" content=\"Tiempo de lectura\" \/>\n\t<meta name=\"twitter:data2\" content=\"6 minutos\" \/>\n<script type=\"application\/ld+json\" class=\"yoast-schema-graph\">{\"@context\":\"https:\\\/\\\/schema.org\",\"@graph\":[{\"@type\":\"Article\",\"@id\":\"https:\\\/\\\/impactocastex.com.ar\\\/?p=16729#article\",\"isPartOf\":{\"@id\":\"https:\\\/\\\/impactocastex.com.ar\\\/?p=16729\"},\"author\":{\"name\":\"impactocastex\",\"@id\":\"https:\\\/\\\/impactocastex.com.ar\\\/#\\\/schema\\\/person\\\/86cb4f827fb5f87869a239b98a69c6e3\"},\"headline\":\"River anunci\u00f3 al espa\u00f1ol Pablo Longoria para el nuevo cargo de Director Deportivo\",\"datePublished\":\"2026-04-29T03:12:54+00:00\",\"mainEntityOfPage\":{\"@id\":\"https:\\\/\\\/impactocastex.com.ar\\\/?p=16729\"},\"wordCount\":1140,\"publisher\":{\"@id\":\"https:\\\/\\\/impactocastex.com.ar\\\/#organization\"},\"image\":{\"@id\":\"https:\\\/\\\/impactocastex.com.ar\\\/?p=16729#primaryimage\"},\"thumbnailUrl\":\"https:\\\/\\\/impactocastex.com.ar\\\/wp-content\\\/uploads\\\/2026\\\/04\\\/XTWARFALVZGRLIYJDXEQM4AKFU-lqAmQz.jpg\",\"articleSection\":[\"NACIONALES\"],\"inLanguage\":\"es\"},{\"@type\":\"WebPage\",\"@id\":\"https:\\\/\\\/impactocastex.com.ar\\\/?p=16729\",\"url\":\"https:\\\/\\\/impactocastex.com.ar\\\/?p=16729\",\"name\":\"River anunci\u00f3 al espa\u00f1ol Pablo Longoria para el nuevo cargo de Director Deportivo -\",\"isPartOf\":{\"@id\":\"https:\\\/\\\/impactocastex.com.ar\\\/#website\"},\"primaryImageOfPage\":{\"@id\":\"https:\\\/\\\/impactocastex.com.ar\\\/?p=16729#primaryimage\"},\"image\":{\"@id\":\"https:\\\/\\\/impactocastex.com.ar\\\/?p=16729#primaryimage\"},\"thumbnailUrl\":\"https:\\\/\\\/impactocastex.com.ar\\\/wp-content\\\/uploads\\\/2026\\\/04\\\/XTWARFALVZGRLIYJDXEQM4AKFU-lqAmQz.jpg\",\"datePublished\":\"2026-04-29T03:12:54+00:00\",\"breadcrumb\":{\"@id\":\"https:\\\/\\\/impactocastex.com.ar\\\/?p=16729#breadcrumb\"},\"inLanguage\":\"es\",\"potentialAction\":[{\"@type\":\"ReadAction\",\"target\":[\"https:\\\/\\\/impactocastex.com.ar\\\/?p=16729\"]}]},{\"@type\":\"ImageObject\",\"inLanguage\":\"es\",\"@id\":\"https:\\\/\\\/impactocastex.com.ar\\\/?p=16729#primaryimage\",\"url\":\"https:\\\/\\\/impactocastex.com.ar\\\/wp-content\\\/uploads\\\/2026\\\/04\\\/XTWARFALVZGRLIYJDXEQM4AKFU-lqAmQz.jpg\",\"contentUrl\":\"https:\\\/\\\/impactocastex.com.ar\\\/wp-content\\\/uploads\\\/2026\\\/04\\\/XTWARFALVZGRLIYJDXEQM4AKFU-lqAmQz.jpg\",\"width\":858,\"height\":572},{\"@type\":\"BreadcrumbList\",\"@id\":\"https:\\\/\\\/impactocastex.com.ar\\\/?p=16729#breadcrumb\",\"itemListElement\":[{\"@type\":\"ListItem\",\"position\":1,\"name\":\"Portada\",\"item\":\"https:\\\/\\\/impactocastex.com.ar\\\/\"},{\"@type\":\"ListItem\",\"position\":2,\"name\":\"River anunci\u00f3 al espa\u00f1ol Pablo Longoria para el nuevo cargo de Director Deportivo\"}]},{\"@type\":\"WebSite\",\"@id\":\"https:\\\/\\\/impactocastex.com.ar\\\/#website\",\"url\":\"https:\\\/\\\/impactocastex.com.ar\\\/\",\"name\":\"Impacto Castex\",\"description\":\"\",\"publisher\":{\"@id\":\"https:\\\/\\\/impactocastex.com.ar\\\/#organization\"},\"potentialAction\":[{\"@type\":\"SearchAction\",\"target\":{\"@type\":\"EntryPoint\",\"urlTemplate\":\"https:\\\/\\\/impactocastex.com.ar\\\/?s={search_term_string}\"},\"query-input\":{\"@type\":\"PropertyValueSpecification\",\"valueRequired\":true,\"valueName\":\"search_term_string\"}}],\"inLanguage\":\"es\"},{\"@type\":\"Organization\",\"@id\":\"https:\\\/\\\/impactocastex.com.ar\\\/#organization\",\"name\":\"Impacto Castex\",\"url\":\"https:\\\/\\\/impactocastex.com.ar\\\/\",\"logo\":{\"@type\":\"ImageObject\",\"inLanguage\":\"es\",\"@id\":\"https:\\\/\\\/impactocastex.com.ar\\\/#\\\/schema\\\/logo\\\/image\\\/\",\"url\":\"https:\\\/\\\/impactocastex.com.ar\\\/wp-content\\\/uploads\\\/2025\\\/09\\\/cropped-icoweb.png\",\"contentUrl\":\"https:\\\/\\\/impactocastex.com.ar\\\/wp-content\\\/uploads\\\/2025\\\/09\\\/cropped-icoweb.png\",\"width\":512,\"height\":512,\"caption\":\"Impacto Castex\"},\"image\":{\"@id\":\"https:\\\/\\\/impactocastex.com.ar\\\/#\\\/schema\\\/logo\\\/image\\\/\"},\"sameAs\":[\"https:\\\/\\\/www.facebook.com\\\/impactocastexdiario\",\"https:\\\/\\\/www.instagram.com\\\/impactocastex.com.ar\\\/\"]},{\"@type\":\"Person\",\"@id\":\"https:\\\/\\\/impactocastex.com.ar\\\/#\\\/schema\\\/person\\\/86cb4f827fb5f87869a239b98a69c6e3\",\"name\":\"impactocastex\",\"image\":{\"@type\":\"ImageObject\",\"inLanguage\":\"es\",\"@id\":\"https:\\\/\\\/secure.gravatar.com\\\/avatar\\\/9a87ee051ca8c77f5d4070843ce2c78cdf95b858b950fb039151de955122f5f5?s=96&d=mm&r=g\",\"url\":\"https:\\\/\\\/secure.gravatar.com\\\/avatar\\\/9a87ee051ca8c77f5d4070843ce2c78cdf95b858b950fb039151de955122f5f5?s=96&d=mm&r=g\",\"contentUrl\":\"https:\\\/\\\/secure.gravatar.com\\\/avatar\\\/9a87ee051ca8c77f5d4070843ce2c78cdf95b858b950fb039151de955122f5f5?s=96&d=mm&r=g\",\"caption\":\"impactocastex\"},\"sameAs\":[\"https:\\\/\\\/impactocastex.com.ar\"],\"url\":\"https:\\\/\\\/impactocastex.com.ar\\\/?author=1\"}]}<\/script>\n<!-- \/ Yoast SEO plugin. -->","yoast_head_json":{"title":"River anunci\u00f3 al espa\u00f1ol Pablo Longoria para el nuevo cargo de Director Deportivo -","robots":{"index":"index","follow":"follow","max-snippet":"max-snippet:-1","max-image-preview":"max-image-preview:large","max-video-preview":"max-video-preview:-1"},"canonical":"https:\/\/impactocastex.com.ar\/?p=16729","og_locale":"es_ES","og_type":"article","og_title":"River anunci\u00f3 al espa\u00f1ol Pablo Longoria para el nuevo cargo de Director Deportivo -","og_description":"Tras varias semanas de negociaciones, River lleg\u00f3 a un acuerdo con Pablo Longoria, que ocupar\u00e1...","og_url":"https:\/\/impactocastex.com.ar\/?p=16729","article_publisher":"https:\/\/www.facebook.com\/impactocastexdiario","article_published_time":"2026-04-29T03:12:54+00:00","og_image":[{"url":"https:\/\/resizer.glanacion.com\/resizer\/v2\/TCOSMW3JBZCXXHEM6F6IJRIHYM.jpg?auth=2135d0f066fdd00e05ed91833ad4e5ca3733ffd5d3df72264bec1cb357c2431a&amp;smart=true&amp;width=2000&amp;height=1333","type":"","width":"","height":""}],"author":"impactocastex","twitter_card":"summary_large_image","twitter_misc":{"Escrito por":"impactocastex","Tiempo de lectura":"6 minutos"},"schema":{"@context":"https:\/\/schema.org","@graph":[{"@type":"Article","@id":"https:\/\/impactocastex.com.ar\/?p=16729#article","isPartOf":{"@id":"https:\/\/impactocastex.com.ar\/?p=16729"},"author":{"name":"impactocastex","@id":"https:\/\/impactocastex.com.ar\/#\/schema\/person\/86cb4f827fb5f87869a239b98a69c6e3"},"headline":"River anunci\u00f3 al espa\u00f1ol Pablo Longoria para el nuevo cargo de Director Deportivo","datePublished":"2026-04-29T03:12:54+00:00","mainEntityOfPage":{"@id":"https:\/\/impactocastex.com.ar\/?p=16729"},"wordCount":1140,"publisher":{"@id":"https:\/\/impactocastex.com.ar\/#organization"},"image":{"@id":"https:\/\/impactocastex.com.ar\/?p=16729#primaryimage"},"thumbnailUrl":"https:\/\/impactocastex.com.ar\/wp-content\/uploads\/2026\/04\/XTWARFALVZGRLIYJDXEQM4AKFU-lqAmQz.jpg","articleSection":["NACIONALES"],"inLanguage":"es"},{"@type":"WebPage","@id":"https:\/\/impactocastex.com.ar\/?p=16729","url":"https:\/\/impactocastex.com.ar\/?p=16729","name":"River anunci\u00f3 al espa\u00f1ol Pablo Longoria para el nuevo cargo de Director Deportivo -","isPartOf":{"@id":"https:\/\/impactocastex.com.ar\/#website"},"primaryImageOfPage":{"@id":"https:\/\/impactocastex.com.ar\/?p=16729#primaryimage"},"image":{"@id":"https:\/\/impactocastex.com.ar\/?p=16729#primaryimage"},"thumbnailUrl":"https:\/\/impactocastex.com.ar\/wp-content\/uploads\/2026\/04\/XTWARFALVZGRLIYJDXEQM4AKFU-lqAmQz.jpg","datePublished":"2026-04-29T03:12:54+00:00","breadcrumb":{"@id":"https:\/\/impactocastex.com.ar\/?p=16729#breadcrumb"},"inLanguage":"es","potentialAction":[{"@type":"ReadAction","target":["https:\/\/impactocastex.com.ar\/?p=16729"]}]},{"@type":"ImageObject","inLanguage":"es","@id":"https:\/\/impactocastex.com.ar\/?p=16729#primaryimage","url":"https:\/\/impactocastex.com.ar\/wp-content\/uploads\/2026\/04\/XTWARFALVZGRLIYJDXEQM4AKFU-lqAmQz.jpg","contentUrl":"https:\/\/impactocastex.com.ar\/wp-content\/uploads\/2026\/04\/XTWARFALVZGRLIYJDXEQM4AKFU-lqAmQz.jpg","width":858,"height":572},{"@type":"BreadcrumbList","@id":"https:\/\/impactocastex.com.ar\/?p=16729#breadcrumb","itemListElement":[{"@type":"ListItem","position":1,"name":"Portada","item":"https:\/\/impactocastex.com.ar\/"},{"@type":"ListItem","position":2,"name":"River anunci\u00f3 al espa\u00f1ol Pablo Longoria para el nuevo cargo de Director Deportivo"}]},{"@type":"WebSite","@id":"https:\/\/impactocastex.com.ar\/#website","url":"https:\/\/impactocastex.com.ar\/","name":"Impacto Castex","description":"","publisher":{"@id":"https:\/\/impactocastex.com.ar\/#organization"},"potentialAction":[{"@type":"SearchAction","target":{"@type":"EntryPoint","urlTemplate":"https:\/\/impactocastex.com.ar\/?s={search_term_string}"},"query-input":{"@type":"PropertyValueSpecification","valueRequired":true,"valueName":"search_term_string"}}],"inLanguage":"es"},{"@type":"Organization","@id":"https:\/\/impactocastex.com.ar\/#organization","name":"Impacto Castex","url":"https:\/\/impactocastex.com.ar\/","logo":{"@type":"ImageObject","inLanguage":"es","@id":"https:\/\/impactocastex.com.ar\/#\/schema\/logo\/image\/","url":"https:\/\/impactocastex.com.ar\/wp-content\/uploads\/2025\/09\/cropped-icoweb.png","contentUrl":"https:\/\/impactocastex.com.ar\/wp-content\/uploads\/2025\/09\/cropped-icoweb.png","width":512,"height":512,"caption":"Impacto Castex"},"image":{"@id":"https:\/\/impactocastex.com.ar\/#\/schema\/logo\/image\/"},"sameAs":["https:\/\/www.facebook.com\/impactocastexdiario","https:\/\/www.instagram.com\/impactocastex.com.ar\/"]},{"@type":"Person","@id":"https:\/\/impactocastex.com.ar\/#\/schema\/person\/86cb4f827fb5f87869a239b98a69c6e3","name":"impactocastex","image":{"@type":"ImageObject","inLanguage":"es","@id":"https:\/\/secure.gravatar.com\/avatar\/9a87ee051ca8c77f5d4070843ce2c78cdf95b858b950fb039151de955122f5f5?s=96&d=mm&r=g","url":"https:\/\/secure.gravatar.com\/avatar\/9a87ee051ca8c77f5d4070843ce2c78cdf95b858b950fb039151de955122f5f5?s=96&d=mm&r=g","contentUrl":"https:\/\/secure.gravatar.com\/avatar\/9a87ee051ca8c77f5d4070843ce2c78cdf95b858b950fb039151de955122f5f5?s=96&d=mm&r=g","caption":"impactocastex"},"sameAs":["https:\/\/impactocastex.com.ar"],"url":"https:\/\/impactocastex.com.ar\/?author=1"}]}},"jetpack_publicize_connections":[],"featured_image_urls":{"full":["https:\/\/impactocastex.com.ar\/wp-content\/uploads\/2026\/04\/XTWARFALVZGRLIYJDXEQM4AKFU-lqAmQz.jpg",858,572,false],"thumbnail":["https:\/\/impactocastex.com.ar\/wp-content\/uploads\/2026\/04\/XTWARFALVZGRLIYJDXEQM4AKFU-lqAmQz-150x150.jpg",150,150,true],"medium":["https:\/\/impactocastex.com.ar\/wp-content\/uploads\/2026\/04\/XTWARFALVZGRLIYJDXEQM4AKFU-lqAmQz-300x200.jpg",300,200,true],"medium_large":["https:\/\/impactocastex.com.ar\/wp-content\/uploads\/2026\/04\/XTWARFALVZGRLIYJDXEQM4AKFU-lqAmQz-768x512.jpg",640,427,true],"large":["https:\/\/impactocastex.com.ar\/wp-content\/uploads\/2026\/04\/XTWARFALVZGRLIYJDXEQM4AKFU-lqAmQz.jpg",640,427,false],"1536x1536":["https:\/\/impactocastex.com.ar\/wp-content\/uploads\/2026\/04\/XTWARFALVZGRLIYJDXEQM4AKFU-lqAmQz.jpg",858,572,false],"2048x2048":["https:\/\/impactocastex.com.ar\/wp-content\/uploads\/2026\/04\/XTWARFALVZGRLIYJDXEQM4AKFU-lqAmQz.jpg",858,572,false],"newsever-slider-full":["https:\/\/impactocastex.com.ar\/wp-content\/uploads\/2026\/04\/XTWARFALVZGRLIYJDXEQM4AKFU-lqAmQz.jpg",858,572,false],"newsever-featured":["https:\/\/impactocastex.com.ar\/wp-content\/uploads\/2026\/04\/XTWARFALVZGRLIYJDXEQM4AKFU-lqAmQz.jpg",858,572,false],"newsever-medium":["https:\/\/impactocastex.com.ar\/wp-content\/uploads\/2026\/04\/XTWARFALVZGRLIYJDXEQM4AKFU-lqAmQz-720x475.jpg",720,475,true]},"author_info":{"info":["impactocastex"]},"category_info":"<a href=\"https:\/\/impactocastex.com.ar\/?cat=89\" rel=\"category\">NACIONALES<\/a>","tag_info":"NACIONALES","comment_count":0,"jetpack_featured_media_url":"https:\/\/impactocastex.com.ar\/wp-content\/uploads\/2026\/04\/XTWARFALVZGRLIYJDXEQM4AKFU-lqAmQz.jpg","jetpack_sharing_enabled":true,"jetpack_likes_enabled":true,"jetpack_shortlink":"https:\/\/wp.me\/p7sopA-4lP","_links":{"self":[{"href":"https:\/\/impactocastex.com.ar\/index.php?rest_route=\/wp\/v2\/posts\/16729","targetHints":{"allow":["GET"]}}],"collection":[{"href":"https:\/\/impactocastex.com.ar\/index.php?rest_route=\/wp\/v2\/posts"}],"about":[{"href":"https:\/\/impactocastex.com.ar\/index.php?rest_route=\/wp\/v2\/types\/post"}],"author":[{"embeddable":true,"href":"https:\/\/impactocastex.com.ar\/index.php?rest_route=\/wp\/v2\/users\/1"}],"replies":[{"embeddable":true,"href":"https:\/\/impactocastex.com.ar\/index.php?rest_route=%2Fwp%2Fv2%2Fcomments&post=16729"}],"version-history":[{"count":0,"href":"https:\/\/impactocastex.com.ar\/index.php?rest_route=\/wp\/v2\/posts\/16729\/revisions"}],"wp:featuredmedia":[{"embeddable":true,"href":"https:\/\/impactocastex.com.ar\/index.php?rest_route=\/wp\/v2\/media\/16730"}],"wp:attachment":[{"href":"https:\/\/impactocastex.com.ar\/index.php?rest_route=%2Fwp%2Fv2%2Fmedia&parent=16729"}],"wp:term":[{"taxonomy":"category","embeddable":true,"href":"https:\/\/impactocastex.com.ar\/index.php?rest_route=%2Fwp%2Fv2%2Fcategories&post=16729"},{"taxonomy":"post_tag","embeddable":true,"href":"https:\/\/impactocastex.com.ar\/index.php?rest_route=%2Fwp%2Fv2%2Ftags&post=16729"}],"curies":[{"name":"wp","href":"https:\/\/api.w.org\/{rel}","templated":true}]}}