{"id":16728,"date":"2026-04-29T00:15:00","date_gmt":"2026-04-29T03:15:00","guid":{"rendered":"https:\/\/impactocastex.com.ar\/?p=16728"},"modified":"2026-04-29T00:15:00","modified_gmt":"2026-04-29T03:15:00","slug":"apatia-democratica-en-tiempos-de-algoritmos","status":"publish","type":"post","link":"https:\/\/impactocastex.com.ar\/?p=16728","title":{"rendered":"Apat\u00eda democr\u00e1tica en tiempos de algoritmos"},"content":{"rendered":"<p><b>Conviene desafiar algunas instaladas certezas <\/b>acerca de la aparente apat\u00eda pol\u00edtica de una mayor\u00eda de la sociedad, en tiempos de algoritmos e inteligencia artificial. Contra tal tipo de supuestos, cabe se\u00f1alar que, si existen dificultades en la materia (dificultades que pueden explicar, por ejemplo, la degeneraci\u00f3n de muchas democracias en autoritarismos competitivos, frente a sociedades que permanecer\u00edan indiferentes a eso), esas dificultades tienen mucho m\u00e1s que ver con un sistema institucional cerrado y preparado para resistir la ira social, que con una sociedad aquiescente y pasiva.<\/p>\n<p>En efecto, <b>desde hace a\u00f1os se insiste con un enfoque socialmente l\u00fagubre<\/b>, tal vez menos por convicci\u00f3n que por voluntad. Se nos dice que vivimos rodeados de una ciudadan\u00eda cada vez m\u00e1s ap\u00e1tica, m\u00e1s individualista, m\u00e1s preocupada de s\u00ed misma y menos interesada en la suerte de los que est\u00e1n peor. Los culpables tambi\u00e9n est\u00e1n a mano, con lo cual se allana la tarea de presentar una narrativa comprensible y simple. Se arguye entonces que las pantallas nos separan, que las noticias falsas nos adormecen, que las redes nos polarizan, que los algoritmos nos confinan a nuestro estrecho sitio. La conclusi\u00f3n, que es el fin de la historia, resulta entonces tan desalentadora como precisa, en t\u00e9rminos de acci\u00f3n colectiva. Estamos y seguiremos estando pol\u00edticamente condenados y socialmente dominados, como producto de nuestra propia pereza y estupidizaci\u00f3n. El relato que se arma entonces resulta apto, a la vez, para conectar y explicar dos series de fen\u00f3menos novedosos, que cualquiera puede reconocer, y que llaman la atenci\u00f3n de todos. Por un lado, la presencia de l\u00edderes fuertes, con actitudes discrecionales, en diversidad de latitudes, al mismo tiempo (Hungr\u00eda, Polonia, Turqu\u00eda, Estados Unidos, la Argentina). Por otro, el fenomenal impacto de las nuevas tecnolog\u00edas (incluyendo, de manera saliente, la influencia de la inteligencia artificial) en la vida cotidiana de todos nosotros.<\/p>\n<p>Ahora bien, <b>la ansiedad con que se nos presentan conclusiones tales contrasta con la realidad<\/b>, tambi\u00e9n global, de intens\u00edsimos procesos de movilizaci\u00f3n pol\u00edtico-ciudadana, que \u2013contra lo pensado y previsto\u2013 se desataron exactamente en tiempos y lugares en apariencia marcados por el individualismo, la indiferencia social y los algoritmos. Pensemos en las \u201cjornadas de junio\u201d en Brasil 2013, disparadas por el aumento en el precio de las tarifas de autob\u00fas, y que implicaron la movilizaci\u00f3n de millones de personas, mientras se desarrollaba el mismo Mundial de f\u00fatbol brasile\u00f1o; o recordemos el \u201cestallido social\u201d de Chile, 2019, tambi\u00e9n impulsado por el aumento en la tarifa del transporte p\u00fablico \u2013con levantamientos que, en cierto modo, cambiaron la historia pol\u00edtica de un pa\u00eds cuya ciudadan\u00eda era habitualmente se\u00f1alada por su conformismo posdictadura\u2013; o miremos las masivas y apasionadas manifestaciones del Black Lives Matter en Estados Unidos, que encontraron continuidades en la notable marcha No Kings<i>,<\/i> de marzo de este a\u00f1o (la m\u00e1s importante en su tipo en la historia del pa\u00eds). Todo eso, para no olvidar las recientes marchas en Polonia y en la Rep\u00fablica Checa; o los movimientos globales de la \u201cGeneraci\u00f3n Z\u201d (2025-2026), liderados por j\u00f3venes nacidos en la era digital (utilizando iconograf\u00eda de la cultura pop, como el anim\u00e9), y que desembocaron tambi\u00e9n en movilizaciones multitudinarias y pol\u00edticamente significativas, como la \u201crevoluci\u00f3n de los estudiantes\u201d de Bangladesh, en 2024; o las fundacionales manifestaciones de estudiantes ocurridas en Indonesia, en 2025. Se trata, seg\u00fan se advierte, de procesos que se dieron en todo el mundo, precisamente en esta era digital (y en parte ayudados por ella), que convocaron a millones de personas, que se sostuvieron en el tiempo y que tuvieron un contenido y objetivos eminentemente pol\u00edticos. Cuando nos confrontamos con datos semejantes, cuesta mucho comprender c\u00f3mo puede resultar cre\u00edble, entonces, la narrativa opuesta, que insiste sobre la apat\u00eda social y el triunfo del autoritarismo frente a una mayor\u00eda envilecida y alienada.<\/p>\n<p><b>Contra la leyenda prevaleciente, mi impresi\u00f3n<\/b> es que, si en el contexto de sociedades desiguales e injustas, en ciertos per\u00edodos, la ciudadan\u00eda se retrae o asume una actitud m\u00e1s bien pasiva, ello se debe \u2013normalmente\u2013 no a su conformismo, y mucho menos a su asentimiento, sino a su sabidur\u00eda. Me refiero a una sabidur\u00eda hist\u00f3rica, aprendida a veces a fuerza de golpes sobre la espalda, o \u2013para ponerlo en t\u00e9rminos m\u00e1s generales\u2013 a partir de las muy negativas respuestas que suelen dar los gobiernos a quienes disienten; ya sea a trav\u00e9s de la punici\u00f3n de la protesta o la persecuci\u00f3n de los protestantes, o \u2013lo que parece la regla com\u00fan en estos tiempos\u2013 la mera inacci\u00f3n, es decir, la no respuesta como respuesta. Como si nadie \u2013alguien o miles o millones de personas\u2013 tuviera ninguna queja relevante o demanda verdaderamente atendible.<\/p>\n<p><b>En conclusi\u00f3n, quienes hoy vemos a la democracia en riesgo y nos preguntamos<\/b> por qu\u00e9 o por qui\u00e9n est\u00e1 en peligro, y qui\u00e9n la defiende cuando cae bajo amenaza, necesitamos empezar a cambiar el foco de nuestra atenci\u00f3n. Mover dicho foco desde la ciudadan\u00eda y hacia el sistema institucional y quienes lo controlan. No para librar a la ciudadan\u00eda de responsabilidad pol\u00edtica \u2013todos la tenemos\u2013, sino para calibrar de modo m\u00e1s apropiado tales an\u00e1lisis y orientar mejor esos se\u00f1alamientos. Hoy, una ciudadan\u00eda que, como lo ha demostrado siempre, est\u00e1 dispuesta a movilizarse en defensa de lo que considera justo (lo que, perfectamente, puede coincidir con sus propios intereses, pero que normalmente no se superpone solo con ellos) encuentra un freno inhabitual a sus acciones. Ese tipo de obst\u00e1culos proviene de un sistema institucional perfectamente impermeabilizado frente a ella: un sistema bien preparado para resistir sus presiones. As\u00ed, las autoridades pueden reaccionar, frente a quejas y demandas, como lo hacen com\u00fanmente, y como \u2013cada vez m\u00e1s\u2013 tienden a hacerlo en nuestro pa\u00eds \u2013con indiferencia, haciendo nada\u2013. Como si nada importase, como si nada relevante estuviera en juego, como si solo se tratara de dejar que pase el tiempo para que la ciudadan\u00eda se olvide de sus reclamos, deje atr\u00e1s el bullicio y vuelva al silencio quieto de sus cotidianas vidas. Pues bien, la democracia exige otra cosa: el retorno de lo pol\u00edtico. Y ese retorno requiere que echemos abajo las barreras que hoy ahogan los reclamos democr\u00e1ticos de una ciudadan\u00eda que, a pesar de todo, se mantiene todav\u00eda atenta y de pie.<\/p>\n<p><i><b>Abogado<\/b><\/i><\/p>\n<p>\u200bConviene desafiar algunas instaladas certezas acerca de la aparente apat\u00eda pol\u00edtica de una mayor\u00eda de la sociedad, en tiempos de algoritmos e inteligencia artificial. Contra tal tipo de supuestos, cabe se\u00f1alar que, si existen dificultades en la materia (dificultades que pueden explicar, por ejemplo, la degeneraci\u00f3n de muchas democracias en autoritarismos competitivos, frente a sociedades que permanecer\u00edan indiferentes a eso), esas dificultades tienen mucho m\u00e1s que ver con un sistema institucional cerrado y preparado para resistir la ira social, que con una sociedad aquiescente y pasiva.En efecto, desde hace a\u00f1os se insiste con un enfoque socialmente l\u00fagubre, tal vez menos por convicci\u00f3n que por voluntad. Se nos dice que vivimos rodeados de una ciudadan\u00eda cada vez m\u00e1s ap\u00e1tica, m\u00e1s individualista, m\u00e1s preocupada de s\u00ed misma y menos interesada en la suerte de los que est\u00e1n peor. Los culpables tambi\u00e9n est\u00e1n a mano, con lo cual se allana la tarea de presentar una narrativa comprensible y simple. Se arguye entonces que las pantallas nos separan, que las noticias falsas nos adormecen, que las redes nos polarizan, que los algoritmos nos confinan a nuestro estrecho sitio. La conclusi\u00f3n, que es el fin de la historia, resulta entonces tan desalentadora como precisa, en t\u00e9rminos de acci\u00f3n colectiva. Estamos y seguiremos estando pol\u00edticamente condenados y socialmente dominados, como producto de nuestra propia pereza y estupidizaci\u00f3n. El relato que se arma entonces resulta apto, a la vez, para conectar y explicar dos series de fen\u00f3menos novedosos, que cualquiera puede reconocer, y que llaman la atenci\u00f3n de todos. Por un lado, la presencia de l\u00edderes fuertes, con actitudes discrecionales, en diversidad de latitudes, al mismo tiempo (Hungr\u00eda, Polonia, Turqu\u00eda, Estados Unidos, la Argentina). Por otro, el fenomenal impacto de las nuevas tecnolog\u00edas (incluyendo, de manera saliente, la influencia de la inteligencia artificial) en la vida cotidiana de todos nosotros.Ahora bien, la ansiedad con que se nos presentan conclusiones tales contrasta con la realidad, tambi\u00e9n global, de intens\u00edsimos procesos de movilizaci\u00f3n pol\u00edtico-ciudadana, que \u2013contra lo pensado y previsto\u2013 se desataron exactamente en tiempos y lugares en apariencia marcados por el individualismo, la indiferencia social y los algoritmos. Pensemos en las \u201cjornadas de junio\u201d en Brasil 2013, disparadas por el aumento en el precio de las tarifas de autob\u00fas, y que implicaron la movilizaci\u00f3n de millones de personas, mientras se desarrollaba el mismo Mundial de f\u00fatbol brasile\u00f1o; o recordemos el \u201cestallido social\u201d de Chile, 2019, tambi\u00e9n impulsado por el aumento en la tarifa del transporte p\u00fablico \u2013con levantamientos que, en cierto modo, cambiaron la historia pol\u00edtica de un pa\u00eds cuya ciudadan\u00eda era habitualmente se\u00f1alada por su conformismo posdictadura\u2013; o miremos las masivas y apasionadas manifestaciones del Black Lives Matter en Estados Unidos, que encontraron continuidades en la notable marcha No Kings, de marzo de este a\u00f1o (la m\u00e1s importante en su tipo en la historia del pa\u00eds). Todo eso, para no olvidar las recientes marchas en Polonia y en la Rep\u00fablica Checa; o los movimientos globales de la \u201cGeneraci\u00f3n Z\u201d (2025-2026), liderados por j\u00f3venes nacidos en la era digital (utilizando iconograf\u00eda de la cultura pop, como el anim\u00e9), y que desembocaron tambi\u00e9n en movilizaciones multitudinarias y pol\u00edticamente significativas, como la \u201crevoluci\u00f3n de los estudiantes\u201d de Bangladesh, en 2024; o las fundacionales manifestaciones de estudiantes ocurridas en Indonesia, en 2025. Se trata, seg\u00fan se advierte, de procesos que se dieron en todo el mundo, precisamente en esta era digital (y en parte ayudados por ella), que convocaron a millones de personas, que se sostuvieron en el tiempo y que tuvieron un contenido y objetivos eminentemente pol\u00edticos. Cuando nos confrontamos con datos semejantes, cuesta mucho comprender c\u00f3mo puede resultar cre\u00edble, entonces, la narrativa opuesta, que insiste sobre la apat\u00eda social y el triunfo del autoritarismo frente a una mayor\u00eda envilecida y alienada.Contra la leyenda prevaleciente, mi impresi\u00f3n es que, si en el contexto de sociedades desiguales e injustas, en ciertos per\u00edodos, la ciudadan\u00eda se retrae o asume una actitud m\u00e1s bien pasiva, ello se debe \u2013normalmente\u2013 no a su conformismo, y mucho menos a su asentimiento, sino a su sabidur\u00eda. Me refiero a una sabidur\u00eda hist\u00f3rica, aprendida a veces a fuerza de golpes sobre la espalda, o \u2013para ponerlo en t\u00e9rminos m\u00e1s generales\u2013 a partir de las muy negativas respuestas que suelen dar los gobiernos a quienes disienten; ya sea a trav\u00e9s de la punici\u00f3n de la protesta o la persecuci\u00f3n de los protestantes, o \u2013lo que parece la regla com\u00fan en estos tiempos\u2013 la mera inacci\u00f3n, es decir, la no respuesta como respuesta. Como si nadie \u2013alguien o miles o millones de personas\u2013 tuviera ninguna queja relevante o demanda verdaderamente atendible.En conclusi\u00f3n, quienes hoy vemos a la democracia en riesgo y nos preguntamos por qu\u00e9 o por qui\u00e9n est\u00e1 en peligro, y qui\u00e9n la defiende cuando cae bajo amenaza, necesitamos empezar a cambiar el foco de nuestra atenci\u00f3n. Mover dicho foco desde la ciudadan\u00eda y hacia el sistema institucional y quienes lo controlan. No para librar a la ciudadan\u00eda de responsabilidad pol\u00edtica \u2013todos la tenemos\u2013, sino para calibrar de modo m\u00e1s apropiado tales an\u00e1lisis y orientar mejor esos se\u00f1alamientos. Hoy, una ciudadan\u00eda que, como lo ha demostrado siempre, est\u00e1 dispuesta a movilizarse en defensa de lo que considera justo (lo que, perfectamente, puede coincidir con sus propios intereses, pero que normalmente no se superpone solo con ellos) encuentra un freno inhabitual a sus acciones. Ese tipo de obst\u00e1culos proviene de un sistema institucional perfectamente impermeabilizado frente a ella: un sistema bien preparado para resistir sus presiones. As\u00ed, las autoridades pueden reaccionar, frente a quejas y demandas, como lo hacen com\u00fanmente, y como \u2013cada vez m\u00e1s\u2013 tienden a hacerlo en nuestro pa\u00eds \u2013con indiferencia, haciendo nada\u2013. Como si nada importase, como si nada relevante estuviera en juego, como si solo se tratara de dejar que pase el tiempo para que la ciudadan\u00eda se olvide de sus reclamos, deje atr\u00e1s el bullicio y vuelva al silencio quieto de sus cotidianas vidas. Pues bien, la democracia exige otra cosa: el retorno de lo pol\u00edtico. Y ese retorno requiere que echemos abajo las barreras que hoy ahogan los reclamos democr\u00e1ticos de una ciudadan\u00eda que, a pesar de todo, se mantiene todav\u00eda atenta y de pie.Abogado\u00a0\u00a0<\/p>","protected":false},"excerpt":{"rendered":"<p>Conviene desafiar algunas instaladas certezas acerca de la aparente apat\u00eda pol\u00edtica de una mayor\u00eda de&#8230;<\/p>\n","protected":false},"author":1,"featured_media":0,"comment_status":"closed","ping_status":"closed","sticky":false,"template":"","format":"standard","meta":{"_jetpack_memberships_contains_paid_content":false,"footnotes":"","jetpack_publicize_message":"","jetpack_publicize_feature_enabled":true,"jetpack_social_post_already_shared":true,"jetpack_social_options":{"image_generator_settings":{"template":"highway","default_image_id":0,"font":"","enabled":false},"version":2}},"categories":[89],"tags":[],"class_list":["post-16728","post","type-post","status-publish","format-standard","hentry","category-nacionales"],"yoast_head":"<!-- This site is optimized with the Yoast SEO plugin v27.4 - https:\/\/yoast.com\/product\/yoast-seo-wordpress\/ -->\n<title>Apat\u00eda democr\u00e1tica en tiempos de algoritmos -<\/title>\n<meta name=\"robots\" content=\"index, follow, max-snippet:-1, max-image-preview:large, max-video-preview:-1\" \/>\n<link rel=\"canonical\" href=\"https:\/\/impactocastex.com.ar\/?p=16728\" \/>\n<meta property=\"og:locale\" content=\"es_ES\" \/>\n<meta property=\"og:type\" content=\"article\" \/>\n<meta property=\"og:title\" content=\"Apat\u00eda democr\u00e1tica en tiempos de algoritmos -\" \/>\n<meta property=\"og:description\" content=\"Conviene desafiar algunas instaladas certezas acerca de la aparente apat\u00eda pol\u00edtica de una mayor\u00eda de...\" \/>\n<meta property=\"og:url\" content=\"https:\/\/impactocastex.com.ar\/?p=16728\" \/>\n<meta property=\"article:publisher\" content=\"https:\/\/www.facebook.com\/impactocastexdiario\" \/>\n<meta property=\"article:published_time\" content=\"2026-04-29T03:15:00+00:00\" \/>\n<meta name=\"author\" content=\"impactocastex\" \/>\n<meta name=\"twitter:card\" content=\"summary_large_image\" \/>\n<meta name=\"twitter:label1\" content=\"Escrito por\" \/>\n\t<meta name=\"twitter:data1\" content=\"impactocastex\" \/>\n\t<meta name=\"twitter:label2\" content=\"Tiempo de lectura\" \/>\n\t<meta name=\"twitter:data2\" content=\"11 minutos\" \/>\n<script type=\"application\/ld+json\" class=\"yoast-schema-graph\">{\"@context\":\"https:\\\/\\\/schema.org\",\"@graph\":[{\"@type\":\"Article\",\"@id\":\"https:\\\/\\\/impactocastex.com.ar\\\/?p=16728#article\",\"isPartOf\":{\"@id\":\"https:\\\/\\\/impactocastex.com.ar\\\/?p=16728\"},\"author\":{\"name\":\"impactocastex\",\"@id\":\"https:\\\/\\\/impactocastex.com.ar\\\/#\\\/schema\\\/person\\\/86cb4f827fb5f87869a239b98a69c6e3\"},\"headline\":\"Apat\u00eda democr\u00e1tica en tiempos de algoritmos\",\"datePublished\":\"2026-04-29T03:15:00+00:00\",\"mainEntityOfPage\":{\"@id\":\"https:\\\/\\\/impactocastex.com.ar\\\/?p=16728\"},\"wordCount\":2242,\"publisher\":{\"@id\":\"https:\\\/\\\/impactocastex.com.ar\\\/#organization\"},\"articleSection\":[\"NACIONALES\"],\"inLanguage\":\"es\"},{\"@type\":\"WebPage\",\"@id\":\"https:\\\/\\\/impactocastex.com.ar\\\/?p=16728\",\"url\":\"https:\\\/\\\/impactocastex.com.ar\\\/?p=16728\",\"name\":\"Apat\u00eda democr\u00e1tica en tiempos de algoritmos -\",\"isPartOf\":{\"@id\":\"https:\\\/\\\/impactocastex.com.ar\\\/#website\"},\"datePublished\":\"2026-04-29T03:15:00+00:00\",\"breadcrumb\":{\"@id\":\"https:\\\/\\\/impactocastex.com.ar\\\/?p=16728#breadcrumb\"},\"inLanguage\":\"es\",\"potentialAction\":[{\"@type\":\"ReadAction\",\"target\":[\"https:\\\/\\\/impactocastex.com.ar\\\/?p=16728\"]}]},{\"@type\":\"BreadcrumbList\",\"@id\":\"https:\\\/\\\/impactocastex.com.ar\\\/?p=16728#breadcrumb\",\"itemListElement\":[{\"@type\":\"ListItem\",\"position\":1,\"name\":\"Portada\",\"item\":\"https:\\\/\\\/impactocastex.com.ar\\\/\"},{\"@type\":\"ListItem\",\"position\":2,\"name\":\"Apat\u00eda democr\u00e1tica en tiempos de algoritmos\"}]},{\"@type\":\"WebSite\",\"@id\":\"https:\\\/\\\/impactocastex.com.ar\\\/#website\",\"url\":\"https:\\\/\\\/impactocastex.com.ar\\\/\",\"name\":\"Impacto Castex\",\"description\":\"\",\"publisher\":{\"@id\":\"https:\\\/\\\/impactocastex.com.ar\\\/#organization\"},\"potentialAction\":[{\"@type\":\"SearchAction\",\"target\":{\"@type\":\"EntryPoint\",\"urlTemplate\":\"https:\\\/\\\/impactocastex.com.ar\\\/?s={search_term_string}\"},\"query-input\":{\"@type\":\"PropertyValueSpecification\",\"valueRequired\":true,\"valueName\":\"search_term_string\"}}],\"inLanguage\":\"es\"},{\"@type\":\"Organization\",\"@id\":\"https:\\\/\\\/impactocastex.com.ar\\\/#organization\",\"name\":\"Impacto Castex\",\"url\":\"https:\\\/\\\/impactocastex.com.ar\\\/\",\"logo\":{\"@type\":\"ImageObject\",\"inLanguage\":\"es\",\"@id\":\"https:\\\/\\\/impactocastex.com.ar\\\/#\\\/schema\\\/logo\\\/image\\\/\",\"url\":\"https:\\\/\\\/impactocastex.com.ar\\\/wp-content\\\/uploads\\\/2025\\\/09\\\/cropped-icoweb.png\",\"contentUrl\":\"https:\\\/\\\/impactocastex.com.ar\\\/wp-content\\\/uploads\\\/2025\\\/09\\\/cropped-icoweb.png\",\"width\":512,\"height\":512,\"caption\":\"Impacto Castex\"},\"image\":{\"@id\":\"https:\\\/\\\/impactocastex.com.ar\\\/#\\\/schema\\\/logo\\\/image\\\/\"},\"sameAs\":[\"https:\\\/\\\/www.facebook.com\\\/impactocastexdiario\",\"https:\\\/\\\/www.instagram.com\\\/impactocastex.com.ar\\\/\"]},{\"@type\":\"Person\",\"@id\":\"https:\\\/\\\/impactocastex.com.ar\\\/#\\\/schema\\\/person\\\/86cb4f827fb5f87869a239b98a69c6e3\",\"name\":\"impactocastex\",\"image\":{\"@type\":\"ImageObject\",\"inLanguage\":\"es\",\"@id\":\"https:\\\/\\\/secure.gravatar.com\\\/avatar\\\/9a87ee051ca8c77f5d4070843ce2c78cdf95b858b950fb039151de955122f5f5?s=96&d=mm&r=g\",\"url\":\"https:\\\/\\\/secure.gravatar.com\\\/avatar\\\/9a87ee051ca8c77f5d4070843ce2c78cdf95b858b950fb039151de955122f5f5?s=96&d=mm&r=g\",\"contentUrl\":\"https:\\\/\\\/secure.gravatar.com\\\/avatar\\\/9a87ee051ca8c77f5d4070843ce2c78cdf95b858b950fb039151de955122f5f5?s=96&d=mm&r=g\",\"caption\":\"impactocastex\"},\"sameAs\":[\"https:\\\/\\\/impactocastex.com.ar\"],\"url\":\"https:\\\/\\\/impactocastex.com.ar\\\/?author=1\"}]}<\/script>\n<!-- \/ Yoast SEO plugin. -->","yoast_head_json":{"title":"Apat\u00eda democr\u00e1tica en tiempos de algoritmos -","robots":{"index":"index","follow":"follow","max-snippet":"max-snippet:-1","max-image-preview":"max-image-preview:large","max-video-preview":"max-video-preview:-1"},"canonical":"https:\/\/impactocastex.com.ar\/?p=16728","og_locale":"es_ES","og_type":"article","og_title":"Apat\u00eda democr\u00e1tica en tiempos de algoritmos -","og_description":"Conviene desafiar algunas instaladas certezas acerca de la aparente apat\u00eda pol\u00edtica de una mayor\u00eda de...","og_url":"https:\/\/impactocastex.com.ar\/?p=16728","article_publisher":"https:\/\/www.facebook.com\/impactocastexdiario","article_published_time":"2026-04-29T03:15:00+00:00","author":"impactocastex","twitter_card":"summary_large_image","twitter_misc":{"Escrito por":"impactocastex","Tiempo de lectura":"11 minutos"},"schema":{"@context":"https:\/\/schema.org","@graph":[{"@type":"Article","@id":"https:\/\/impactocastex.com.ar\/?p=16728#article","isPartOf":{"@id":"https:\/\/impactocastex.com.ar\/?p=16728"},"author":{"name":"impactocastex","@id":"https:\/\/impactocastex.com.ar\/#\/schema\/person\/86cb4f827fb5f87869a239b98a69c6e3"},"headline":"Apat\u00eda democr\u00e1tica en tiempos de algoritmos","datePublished":"2026-04-29T03:15:00+00:00","mainEntityOfPage":{"@id":"https:\/\/impactocastex.com.ar\/?p=16728"},"wordCount":2242,"publisher":{"@id":"https:\/\/impactocastex.com.ar\/#organization"},"articleSection":["NACIONALES"],"inLanguage":"es"},{"@type":"WebPage","@id":"https:\/\/impactocastex.com.ar\/?p=16728","url":"https:\/\/impactocastex.com.ar\/?p=16728","name":"Apat\u00eda democr\u00e1tica en tiempos de algoritmos -","isPartOf":{"@id":"https:\/\/impactocastex.com.ar\/#website"},"datePublished":"2026-04-29T03:15:00+00:00","breadcrumb":{"@id":"https:\/\/impactocastex.com.ar\/?p=16728#breadcrumb"},"inLanguage":"es","potentialAction":[{"@type":"ReadAction","target":["https:\/\/impactocastex.com.ar\/?p=16728"]}]},{"@type":"BreadcrumbList","@id":"https:\/\/impactocastex.com.ar\/?p=16728#breadcrumb","itemListElement":[{"@type":"ListItem","position":1,"name":"Portada","item":"https:\/\/impactocastex.com.ar\/"},{"@type":"ListItem","position":2,"name":"Apat\u00eda democr\u00e1tica en tiempos de algoritmos"}]},{"@type":"WebSite","@id":"https:\/\/impactocastex.com.ar\/#website","url":"https:\/\/impactocastex.com.ar\/","name":"Impacto Castex","description":"","publisher":{"@id":"https:\/\/impactocastex.com.ar\/#organization"},"potentialAction":[{"@type":"SearchAction","target":{"@type":"EntryPoint","urlTemplate":"https:\/\/impactocastex.com.ar\/?s={search_term_string}"},"query-input":{"@type":"PropertyValueSpecification","valueRequired":true,"valueName":"search_term_string"}}],"inLanguage":"es"},{"@type":"Organization","@id":"https:\/\/impactocastex.com.ar\/#organization","name":"Impacto Castex","url":"https:\/\/impactocastex.com.ar\/","logo":{"@type":"ImageObject","inLanguage":"es","@id":"https:\/\/impactocastex.com.ar\/#\/schema\/logo\/image\/","url":"https:\/\/impactocastex.com.ar\/wp-content\/uploads\/2025\/09\/cropped-icoweb.png","contentUrl":"https:\/\/impactocastex.com.ar\/wp-content\/uploads\/2025\/09\/cropped-icoweb.png","width":512,"height":512,"caption":"Impacto Castex"},"image":{"@id":"https:\/\/impactocastex.com.ar\/#\/schema\/logo\/image\/"},"sameAs":["https:\/\/www.facebook.com\/impactocastexdiario","https:\/\/www.instagram.com\/impactocastex.com.ar\/"]},{"@type":"Person","@id":"https:\/\/impactocastex.com.ar\/#\/schema\/person\/86cb4f827fb5f87869a239b98a69c6e3","name":"impactocastex","image":{"@type":"ImageObject","inLanguage":"es","@id":"https:\/\/secure.gravatar.com\/avatar\/9a87ee051ca8c77f5d4070843ce2c78cdf95b858b950fb039151de955122f5f5?s=96&d=mm&r=g","url":"https:\/\/secure.gravatar.com\/avatar\/9a87ee051ca8c77f5d4070843ce2c78cdf95b858b950fb039151de955122f5f5?s=96&d=mm&r=g","contentUrl":"https:\/\/secure.gravatar.com\/avatar\/9a87ee051ca8c77f5d4070843ce2c78cdf95b858b950fb039151de955122f5f5?s=96&d=mm&r=g","caption":"impactocastex"},"sameAs":["https:\/\/impactocastex.com.ar"],"url":"https:\/\/impactocastex.com.ar\/?author=1"}]}},"jetpack_publicize_connections":[],"featured_image_urls":{"full":"","thumbnail":"","medium":"","medium_large":"","large":"","1536x1536":"","2048x2048":"","newsever-slider-full":"","newsever-featured":"","newsever-medium":""},"author_info":{"info":["impactocastex"]},"category_info":"<a href=\"https:\/\/impactocastex.com.ar\/?cat=89\" rel=\"category\">NACIONALES<\/a>","tag_info":"NACIONALES","comment_count":0,"jetpack_featured_media_url":"","jetpack_sharing_enabled":true,"jetpack_likes_enabled":true,"jetpack_shortlink":"https:\/\/wp.me\/p7sopA-4lO","_links":{"self":[{"href":"https:\/\/impactocastex.com.ar\/index.php?rest_route=\/wp\/v2\/posts\/16728","targetHints":{"allow":["GET"]}}],"collection":[{"href":"https:\/\/impactocastex.com.ar\/index.php?rest_route=\/wp\/v2\/posts"}],"about":[{"href":"https:\/\/impactocastex.com.ar\/index.php?rest_route=\/wp\/v2\/types\/post"}],"author":[{"embeddable":true,"href":"https:\/\/impactocastex.com.ar\/index.php?rest_route=\/wp\/v2\/users\/1"}],"replies":[{"embeddable":true,"href":"https:\/\/impactocastex.com.ar\/index.php?rest_route=%2Fwp%2Fv2%2Fcomments&post=16728"}],"version-history":[{"count":0,"href":"https:\/\/impactocastex.com.ar\/index.php?rest_route=\/wp\/v2\/posts\/16728\/revisions"}],"wp:attachment":[{"href":"https:\/\/impactocastex.com.ar\/index.php?rest_route=%2Fwp%2Fv2%2Fmedia&parent=16728"}],"wp:term":[{"taxonomy":"category","embeddable":true,"href":"https:\/\/impactocastex.com.ar\/index.php?rest_route=%2Fwp%2Fv2%2Fcategories&post=16728"},{"taxonomy":"post_tag","embeddable":true,"href":"https:\/\/impactocastex.com.ar\/index.php?rest_route=%2Fwp%2Fv2%2Ftags&post=16728"}],"curies":[{"name":"wp","href":"https:\/\/api.w.org\/{rel}","templated":true}]}}