{"id":16726,"date":"2026-04-28T18:45:38","date_gmt":"2026-04-28T21:45:38","guid":{"rendered":"https:\/\/impactocastex.com.ar\/?p=16726"},"modified":"2026-04-28T18:45:38","modified_gmt":"2026-04-28T21:45:38","slug":"el-exfutbolista-erik-lamela-paso-por-el-quirofano-y-mostro-el-estado-de-su-cadera-a-los-34-anos-se-opero-para-tener-una-vida-sin-dolor","status":"publish","type":"post","link":"https:\/\/impactocastex.com.ar\/?p=16726","title":{"rendered":"El exfutbolista Erik Lamela pas\u00f3 por el quir\u00f3fano y mostr\u00f3 el estado de su cadera a los 34 a\u00f1os: se oper\u00f3 para tener \u00abuna vida sin dolor\u00bb"},"content":{"rendered":"<div><img decoding=\"async\" src=\"https:\/\/www.clarin.com\/img\/2026\/04\/28\/3Z2lsD4U__2000x1500__1.jpg\" class=\"ff-og-image-inserted\" \/><\/div>\n<div>\n<p>El ex futbolista y actual ayudante de campo de <strong>Mat\u00edas Almeyda<\/strong> en el Sevilla, <strong>Erik Lamela<\/strong> (34 a\u00f1os de edad), pas\u00f3 una vez m\u00e1s por el quir\u00f3fano para tratar su <strong>recurrente lesi\u00f3n de cadera<\/strong>. Seg\u00fan escribi\u00f3 en su cuenta de X, el procedimiento fue realizado con \u00e9xito y podr\u00eda ser, por fin,<strong> un alivio despu\u00e9s de a\u00f1os de dolor<\/strong>.<\/p>\n<\/div>\n<div>\n<p>\u00ab<em>Un poco dolorido pero con mi nueva cadera<\/em>\u00ab, expres\u00f3. En agosto del a\u00f1o pasado, <em>Coco <\/em>hizo oficial su decisi\u00f3n de <strong>dar un paso al costado del f\u00fatbol profesional<\/strong> y se march\u00f3 a Sevilla para integrar el cuerpo t\u00e9cnico de <strong>Mat\u00edas Almeyda<\/strong>.<\/p>\n<\/div>\n<div>\n<p>Los motivos de aquella despedida repentina, fueron los mismos que hoy lo hicieron regresar al quir\u00f3fano. En un posteo en su cuenta de Instagram, el ganador del <strong>Premio Puskas<\/strong> en 2021 por un gol con <strong>Tottenham <\/strong>relat\u00f3 el por qu\u00e9 de su decisi\u00f3n: <em>\u00abHace 5 a\u00f1os que <\/em><strong><em>tomo pastillas cada partido<\/em><\/strong><em> para poder competir\u201d<\/em>.<\/p>\n<\/div>\n<div>\n<p>El ex River ya se hab\u00eda sometido a <strong>varias operaciones <\/strong>anteriormente. En 2017, fue <strong>intervenido dos veces en 45 d\u00edas<\/strong>, y de ambas caderas, la izquierda fue la m\u00e1s afectada. Sin embargo, con el pasar de los a\u00f1os la situaci\u00f3n empeor\u00f3, hasta que en 2025 no tuvo m\u00e1s opci\u00f3n que <strong>entrenar diferenciado y en menor frecuencia para poder llegar a los partidos<\/strong>, lo que provoc\u00f3 su salida de las canchas.<\/p>\n<\/div>\n<div>\n<p>En varias ocasiones, el jugador reconoci\u00f3 que desde aquellas cirug\u00edas en 2017 &#8211;<em>que lo mantuvieron 13 meses lejos del f\u00fatbol<\/em>&#8211; su cuerpo nunca volvi\u00f3 a ser el mismo a pesar de las inyecciones y los tratamientos. \u00ab<em>Ten\u00eda un desgaste del cart\u00edlago y una artrosis ya muy avanzada este \u00faltimo tiempo<\/em>\u00ab, revel\u00f3.<\/p>\n<\/div>\n<div>\n<p>El pron\u00f3stico era totalmente desalentador. Con 25 a\u00f1os, <strong>los m\u00e9dicos le dijeron que le quedaban s\u00f3lo cuatro a\u00f1os de carrera<\/strong> antes de que su estado volviera a empeorar. Sin embargo, Erik logr\u00f3 duplicar esa cifra. \u00ab<em>Con mucho sacrificio, pasando horas con fisios, fortaleciendo en el gimnasio, infinitas inyecciones y tratamientos, <\/em><strong><em>logr\u00e9 jugar m\u00e1s del doble<\/em><\/strong><em>\u00ab.<\/em><\/p>\n<\/div>\n<div>\n<blockquote class=\"twitter-tweet\">\n<p lang=\"es\" dir=\"ltr\">Un poco dolorido pero con mi nueva cadera , esperemos que esta pr\u00f3tesis sea el comienzo de una vida sin dolor. \ud83e\udd1eUn saludo para todos, gracias a los que escriben siempre ! \ud83d\ude4f <a href=\"https:\/\/t.co\/iPtcA57WKe\">pic.twitter.com\/iPtcA57WKe<\/a><\/p>\n<p>\u2014 Erik Manuel Lamela (@ErikLamela) <a href=\"https:\/\/twitter.com\/ErikLamela\/status\/2049192709718430055?ref_src=twsrc%5Etfw\">April 28, 2026<\/a><\/p><\/blockquote>\n<\/div>\n<div>\n<p>\u00ab<em>Hace 5 a\u00f1os que tomo pastillas cada partido para poder competir en mejores condiciones, <\/em><strong><em>empezando con la menor dosis y este \u00faltimo tiempo tomando el m\u00e1ximo ya dos d\u00edas antes del partido para poder estar<\/em><\/strong><em>. Hoy decido ponerle fin a todo esto, hoy se termina todo este esfuerzo<\/em>\u00ab, escribi\u00f3 en 2025.<\/p>\n<\/div>\n<div>\n<p>\u00ab<em>Tener dolor, jugar y entrenar con molestias pas\u00f3 a ser algo normal en mi d\u00eda a d\u00eda<\/em>\u00ab, confes\u00f3. El AEK Atenas le propuso llegar a un acuerdo para concretar su retiro de la mejor manera, y as\u00ed fue como Erik puso punto final a una inolvidable trayectoria.<\/p>\n<\/div>\n<p><strong><a href=\"https:\/\/blockads.fivefilters.org\/\">Adblock test<\/a><\/strong> <a href=\"https:\/\/blockads.fivefilters.org\/acceptable.html\">(Why?)<\/a><\/p>\n<p>\u200b\u00a0\u00a0<\/p>","protected":false},"excerpt":{"rendered":"<p>El ex futbolista y actual ayudante de campo de Mat\u00edas Almeyda en el Sevilla, Erik&#8230;<\/p>\n","protected":false},"author":1,"featured_media":16727,"comment_status":"closed","ping_status":"closed","sticky":false,"template":"","format":"standard","meta":{"_jetpack_memberships_contains_paid_content":false,"footnotes":"","jetpack_publicize_message":"","jetpack_publicize_feature_enabled":true,"jetpack_social_post_already_shared":true,"jetpack_social_options":{"image_generator_settings":{"template":"highway","default_image_id":0,"font":"","enabled":false},"version":2}},"categories":[87],"tags":[],"class_list":["post-16726","post","type-post","status-publish","format-standard","has-post-thumbnail","hentry","category-deportes"],"yoast_head":"<!-- This site is optimized with the Yoast SEO plugin v27.4 - https:\/\/yoast.com\/product\/yoast-seo-wordpress\/ -->\n<title>El exfutbolista Erik Lamela pas\u00f3 por el quir\u00f3fano y mostr\u00f3 el estado de su cadera a los 34 a\u00f1os: se oper\u00f3 para tener &quot;una vida sin dolor&quot; -<\/title>\n<meta name=\"robots\" content=\"index, follow, max-snippet:-1, max-image-preview:large, max-video-preview:-1\" \/>\n<link rel=\"canonical\" href=\"https:\/\/impactocastex.com.ar\/?p=16726\" \/>\n<meta property=\"og:locale\" content=\"es_ES\" \/>\n<meta property=\"og:type\" content=\"article\" \/>\n<meta property=\"og:title\" content=\"El exfutbolista Erik Lamela pas\u00f3 por el quir\u00f3fano y mostr\u00f3 el estado de su cadera a los 34 a\u00f1os: se oper\u00f3 para tener &quot;una vida sin dolor&quot; -\" \/>\n<meta property=\"og:description\" content=\"El ex futbolista y actual ayudante de campo de Mat\u00edas Almeyda en el Sevilla, Erik...\" \/>\n<meta property=\"og:url\" content=\"https:\/\/impactocastex.com.ar\/?p=16726\" \/>\n<meta property=\"article:publisher\" content=\"https:\/\/www.facebook.com\/impactocastexdiario\" \/>\n<meta property=\"article:published_time\" content=\"2026-04-28T21:45:38+00:00\" \/>\n<meta property=\"og:image\" content=\"https:\/\/www.clarin.com\/img\/2026\/04\/28\/3Z2lsD4U__2000x1500__1.jpg\" \/>\n<meta name=\"author\" content=\"impactocastex\" \/>\n<meta name=\"twitter:card\" content=\"summary_large_image\" \/>\n<meta name=\"twitter:label1\" content=\"Escrito por\" \/>\n\t<meta name=\"twitter:data1\" content=\"impactocastex\" \/>\n\t<meta name=\"twitter:label2\" content=\"Tiempo de lectura\" \/>\n\t<meta name=\"twitter:data2\" content=\"3 minutos\" \/>\n<script type=\"application\/ld+json\" class=\"yoast-schema-graph\">{\"@context\":\"https:\\\/\\\/schema.org\",\"@graph\":[{\"@type\":\"Article\",\"@id\":\"https:\\\/\\\/impactocastex.com.ar\\\/?p=16726#article\",\"isPartOf\":{\"@id\":\"https:\\\/\\\/impactocastex.com.ar\\\/?p=16726\"},\"author\":{\"name\":\"impactocastex\",\"@id\":\"https:\\\/\\\/impactocastex.com.ar\\\/#\\\/schema\\\/person\\\/86cb4f827fb5f87869a239b98a69c6e3\"},\"headline\":\"El exfutbolista Erik Lamela pas\u00f3 por el quir\u00f3fano y mostr\u00f3 el estado de su cadera a los 34 a\u00f1os: se oper\u00f3 para tener \u00abuna vida sin dolor\u00bb\",\"datePublished\":\"2026-04-28T21:45:38+00:00\",\"mainEntityOfPage\":{\"@id\":\"https:\\\/\\\/impactocastex.com.ar\\\/?p=16726\"},\"wordCount\":528,\"publisher\":{\"@id\":\"https:\\\/\\\/impactocastex.com.ar\\\/#organization\"},\"image\":{\"@id\":\"https:\\\/\\\/impactocastex.com.ar\\\/?p=16726#primaryimage\"},\"thumbnailUrl\":\"https:\\\/\\\/impactocastex.com.ar\\\/wp-content\\\/uploads\\\/2026\\\/04\\\/3Z2lsD4U__1200x630__1-1aAroG.jpg\",\"articleSection\":[\"DEPORTES\"],\"inLanguage\":\"es\"},{\"@type\":\"WebPage\",\"@id\":\"https:\\\/\\\/impactocastex.com.ar\\\/?p=16726\",\"url\":\"https:\\\/\\\/impactocastex.com.ar\\\/?p=16726\",\"name\":\"El exfutbolista Erik Lamela pas\u00f3 por el quir\u00f3fano y mostr\u00f3 el estado de su cadera a los 34 a\u00f1os: se oper\u00f3 para tener \\\"una vida sin dolor\\\" -\",\"isPartOf\":{\"@id\":\"https:\\\/\\\/impactocastex.com.ar\\\/#website\"},\"primaryImageOfPage\":{\"@id\":\"https:\\\/\\\/impactocastex.com.ar\\\/?p=16726#primaryimage\"},\"image\":{\"@id\":\"https:\\\/\\\/impactocastex.com.ar\\\/?p=16726#primaryimage\"},\"thumbnailUrl\":\"https:\\\/\\\/impactocastex.com.ar\\\/wp-content\\\/uploads\\\/2026\\\/04\\\/3Z2lsD4U__1200x630__1-1aAroG.jpg\",\"datePublished\":\"2026-04-28T21:45:38+00:00\",\"breadcrumb\":{\"@id\":\"https:\\\/\\\/impactocastex.com.ar\\\/?p=16726#breadcrumb\"},\"inLanguage\":\"es\",\"potentialAction\":[{\"@type\":\"ReadAction\",\"target\":[\"https:\\\/\\\/impactocastex.com.ar\\\/?p=16726\"]}]},{\"@type\":\"ImageObject\",\"inLanguage\":\"es\",\"@id\":\"https:\\\/\\\/impactocastex.com.ar\\\/?p=16726#primaryimage\",\"url\":\"https:\\\/\\\/impactocastex.com.ar\\\/wp-content\\\/uploads\\\/2026\\\/04\\\/3Z2lsD4U__1200x630__1-1aAroG.jpg\",\"contentUrl\":\"https:\\\/\\\/impactocastex.com.ar\\\/wp-content\\\/uploads\\\/2026\\\/04\\\/3Z2lsD4U__1200x630__1-1aAroG.jpg\",\"width\":1200,\"height\":630},{\"@type\":\"BreadcrumbList\",\"@id\":\"https:\\\/\\\/impactocastex.com.ar\\\/?p=16726#breadcrumb\",\"itemListElement\":[{\"@type\":\"ListItem\",\"position\":1,\"name\":\"Portada\",\"item\":\"https:\\\/\\\/impactocastex.com.ar\\\/\"},{\"@type\":\"ListItem\",\"position\":2,\"name\":\"El exfutbolista Erik Lamela pas\u00f3 por el quir\u00f3fano y mostr\u00f3 el estado de su cadera a los 34 a\u00f1os: se oper\u00f3 para tener \u00abuna vida sin dolor\u00bb\"}]},{\"@type\":\"WebSite\",\"@id\":\"https:\\\/\\\/impactocastex.com.ar\\\/#website\",\"url\":\"https:\\\/\\\/impactocastex.com.ar\\\/\",\"name\":\"Impacto Castex\",\"description\":\"\",\"publisher\":{\"@id\":\"https:\\\/\\\/impactocastex.com.ar\\\/#organization\"},\"potentialAction\":[{\"@type\":\"SearchAction\",\"target\":{\"@type\":\"EntryPoint\",\"urlTemplate\":\"https:\\\/\\\/impactocastex.com.ar\\\/?s={search_term_string}\"},\"query-input\":{\"@type\":\"PropertyValueSpecification\",\"valueRequired\":true,\"valueName\":\"search_term_string\"}}],\"inLanguage\":\"es\"},{\"@type\":\"Organization\",\"@id\":\"https:\\\/\\\/impactocastex.com.ar\\\/#organization\",\"name\":\"Impacto Castex\",\"url\":\"https:\\\/\\\/impactocastex.com.ar\\\/\",\"logo\":{\"@type\":\"ImageObject\",\"inLanguage\":\"es\",\"@id\":\"https:\\\/\\\/impactocastex.com.ar\\\/#\\\/schema\\\/logo\\\/image\\\/\",\"url\":\"https:\\\/\\\/impactocastex.com.ar\\\/wp-content\\\/uploads\\\/2025\\\/09\\\/cropped-icoweb.png\",\"contentUrl\":\"https:\\\/\\\/impactocastex.com.ar\\\/wp-content\\\/uploads\\\/2025\\\/09\\\/cropped-icoweb.png\",\"width\":512,\"height\":512,\"caption\":\"Impacto Castex\"},\"image\":{\"@id\":\"https:\\\/\\\/impactocastex.com.ar\\\/#\\\/schema\\\/logo\\\/image\\\/\"},\"sameAs\":[\"https:\\\/\\\/www.facebook.com\\\/impactocastexdiario\",\"https:\\\/\\\/www.instagram.com\\\/impactocastex.com.ar\\\/\"]},{\"@type\":\"Person\",\"@id\":\"https:\\\/\\\/impactocastex.com.ar\\\/#\\\/schema\\\/person\\\/86cb4f827fb5f87869a239b98a69c6e3\",\"name\":\"impactocastex\",\"image\":{\"@type\":\"ImageObject\",\"inLanguage\":\"es\",\"@id\":\"https:\\\/\\\/secure.gravatar.com\\\/avatar\\\/9a87ee051ca8c77f5d4070843ce2c78cdf95b858b950fb039151de955122f5f5?s=96&d=mm&r=g\",\"url\":\"https:\\\/\\\/secure.gravatar.com\\\/avatar\\\/9a87ee051ca8c77f5d4070843ce2c78cdf95b858b950fb039151de955122f5f5?s=96&d=mm&r=g\",\"contentUrl\":\"https:\\\/\\\/secure.gravatar.com\\\/avatar\\\/9a87ee051ca8c77f5d4070843ce2c78cdf95b858b950fb039151de955122f5f5?s=96&d=mm&r=g\",\"caption\":\"impactocastex\"},\"sameAs\":[\"https:\\\/\\\/impactocastex.com.ar\"],\"url\":\"https:\\\/\\\/impactocastex.com.ar\\\/?author=1\"}]}<\/script>\n<!-- \/ Yoast SEO plugin. -->","yoast_head_json":{"title":"El exfutbolista Erik Lamela pas\u00f3 por el quir\u00f3fano y mostr\u00f3 el estado de su cadera a los 34 a\u00f1os: se oper\u00f3 para tener \"una vida sin dolor\" -","robots":{"index":"index","follow":"follow","max-snippet":"max-snippet:-1","max-image-preview":"max-image-preview:large","max-video-preview":"max-video-preview:-1"},"canonical":"https:\/\/impactocastex.com.ar\/?p=16726","og_locale":"es_ES","og_type":"article","og_title":"El exfutbolista Erik Lamela pas\u00f3 por el quir\u00f3fano y mostr\u00f3 el estado de su cadera a los 34 a\u00f1os: se oper\u00f3 para tener \"una vida sin dolor\" -","og_description":"El ex futbolista y actual ayudante de campo de Mat\u00edas Almeyda en el Sevilla, Erik...","og_url":"https:\/\/impactocastex.com.ar\/?p=16726","article_publisher":"https:\/\/www.facebook.com\/impactocastexdiario","article_published_time":"2026-04-28T21:45:38+00:00","og_image":[{"url":"https:\/\/www.clarin.com\/img\/2026\/04\/28\/3Z2lsD4U__2000x1500__1.jpg","type":"","width":"","height":""}],"author":"impactocastex","twitter_card":"summary_large_image","twitter_misc":{"Escrito por":"impactocastex","Tiempo de lectura":"3 minutos"},"schema":{"@context":"https:\/\/schema.org","@graph":[{"@type":"Article","@id":"https:\/\/impactocastex.com.ar\/?p=16726#article","isPartOf":{"@id":"https:\/\/impactocastex.com.ar\/?p=16726"},"author":{"name":"impactocastex","@id":"https:\/\/impactocastex.com.ar\/#\/schema\/person\/86cb4f827fb5f87869a239b98a69c6e3"},"headline":"El exfutbolista Erik Lamela pas\u00f3 por el quir\u00f3fano y mostr\u00f3 el estado de su cadera a los 34 a\u00f1os: se oper\u00f3 para tener \u00abuna vida sin dolor\u00bb","datePublished":"2026-04-28T21:45:38+00:00","mainEntityOfPage":{"@id":"https:\/\/impactocastex.com.ar\/?p=16726"},"wordCount":528,"publisher":{"@id":"https:\/\/impactocastex.com.ar\/#organization"},"image":{"@id":"https:\/\/impactocastex.com.ar\/?p=16726#primaryimage"},"thumbnailUrl":"https:\/\/impactocastex.com.ar\/wp-content\/uploads\/2026\/04\/3Z2lsD4U__1200x630__1-1aAroG.jpg","articleSection":["DEPORTES"],"inLanguage":"es"},{"@type":"WebPage","@id":"https:\/\/impactocastex.com.ar\/?p=16726","url":"https:\/\/impactocastex.com.ar\/?p=16726","name":"El exfutbolista Erik Lamela pas\u00f3 por el quir\u00f3fano y mostr\u00f3 el estado de su cadera a los 34 a\u00f1os: se oper\u00f3 para tener \"una vida sin dolor\" -","isPartOf":{"@id":"https:\/\/impactocastex.com.ar\/#website"},"primaryImageOfPage":{"@id":"https:\/\/impactocastex.com.ar\/?p=16726#primaryimage"},"image":{"@id":"https:\/\/impactocastex.com.ar\/?p=16726#primaryimage"},"thumbnailUrl":"https:\/\/impactocastex.com.ar\/wp-content\/uploads\/2026\/04\/3Z2lsD4U__1200x630__1-1aAroG.jpg","datePublished":"2026-04-28T21:45:38+00:00","breadcrumb":{"@id":"https:\/\/impactocastex.com.ar\/?p=16726#breadcrumb"},"inLanguage":"es","potentialAction":[{"@type":"ReadAction","target":["https:\/\/impactocastex.com.ar\/?p=16726"]}]},{"@type":"ImageObject","inLanguage":"es","@id":"https:\/\/impactocastex.com.ar\/?p=16726#primaryimage","url":"https:\/\/impactocastex.com.ar\/wp-content\/uploads\/2026\/04\/3Z2lsD4U__1200x630__1-1aAroG.jpg","contentUrl":"https:\/\/impactocastex.com.ar\/wp-content\/uploads\/2026\/04\/3Z2lsD4U__1200x630__1-1aAroG.jpg","width":1200,"height":630},{"@type":"BreadcrumbList","@id":"https:\/\/impactocastex.com.ar\/?p=16726#breadcrumb","itemListElement":[{"@type":"ListItem","position":1,"name":"Portada","item":"https:\/\/impactocastex.com.ar\/"},{"@type":"ListItem","position":2,"name":"El exfutbolista Erik Lamela pas\u00f3 por el quir\u00f3fano y mostr\u00f3 el estado de su cadera a los 34 a\u00f1os: se oper\u00f3 para tener \u00abuna vida sin dolor\u00bb"}]},{"@type":"WebSite","@id":"https:\/\/impactocastex.com.ar\/#website","url":"https:\/\/impactocastex.com.ar\/","name":"Impacto Castex","description":"","publisher":{"@id":"https:\/\/impactocastex.com.ar\/#organization"},"potentialAction":[{"@type":"SearchAction","target":{"@type":"EntryPoint","urlTemplate":"https:\/\/impactocastex.com.ar\/?s={search_term_string}"},"query-input":{"@type":"PropertyValueSpecification","valueRequired":true,"valueName":"search_term_string"}}],"inLanguage":"es"},{"@type":"Organization","@id":"https:\/\/impactocastex.com.ar\/#organization","name":"Impacto Castex","url":"https:\/\/impactocastex.com.ar\/","logo":{"@type":"ImageObject","inLanguage":"es","@id":"https:\/\/impactocastex.com.ar\/#\/schema\/logo\/image\/","url":"https:\/\/impactocastex.com.ar\/wp-content\/uploads\/2025\/09\/cropped-icoweb.png","contentUrl":"https:\/\/impactocastex.com.ar\/wp-content\/uploads\/2025\/09\/cropped-icoweb.png","width":512,"height":512,"caption":"Impacto Castex"},"image":{"@id":"https:\/\/impactocastex.com.ar\/#\/schema\/logo\/image\/"},"sameAs":["https:\/\/www.facebook.com\/impactocastexdiario","https:\/\/www.instagram.com\/impactocastex.com.ar\/"]},{"@type":"Person","@id":"https:\/\/impactocastex.com.ar\/#\/schema\/person\/86cb4f827fb5f87869a239b98a69c6e3","name":"impactocastex","image":{"@type":"ImageObject","inLanguage":"es","@id":"https:\/\/secure.gravatar.com\/avatar\/9a87ee051ca8c77f5d4070843ce2c78cdf95b858b950fb039151de955122f5f5?s=96&d=mm&r=g","url":"https:\/\/secure.gravatar.com\/avatar\/9a87ee051ca8c77f5d4070843ce2c78cdf95b858b950fb039151de955122f5f5?s=96&d=mm&r=g","contentUrl":"https:\/\/secure.gravatar.com\/avatar\/9a87ee051ca8c77f5d4070843ce2c78cdf95b858b950fb039151de955122f5f5?s=96&d=mm&r=g","caption":"impactocastex"},"sameAs":["https:\/\/impactocastex.com.ar"],"url":"https:\/\/impactocastex.com.ar\/?author=1"}]}},"jetpack_publicize_connections":[],"featured_image_urls":{"full":["https:\/\/impactocastex.com.ar\/wp-content\/uploads\/2026\/04\/3Z2lsD4U__1200x630__1-1aAroG.jpg",1200,630,false],"thumbnail":["https:\/\/impactocastex.com.ar\/wp-content\/uploads\/2026\/04\/3Z2lsD4U__1200x630__1-1aAroG-150x150.jpg",150,150,true],"medium":["https:\/\/impactocastex.com.ar\/wp-content\/uploads\/2026\/04\/3Z2lsD4U__1200x630__1-1aAroG-300x158.jpg",300,158,true],"medium_large":["https:\/\/impactocastex.com.ar\/wp-content\/uploads\/2026\/04\/3Z2lsD4U__1200x630__1-1aAroG-768x403.jpg",640,336,true],"large":["https:\/\/impactocastex.com.ar\/wp-content\/uploads\/2026\/04\/3Z2lsD4U__1200x630__1-1aAroG-1024x538.jpg",640,336,true],"1536x1536":["https:\/\/impactocastex.com.ar\/wp-content\/uploads\/2026\/04\/3Z2lsD4U__1200x630__1-1aAroG.jpg",1200,630,false],"2048x2048":["https:\/\/impactocastex.com.ar\/wp-content\/uploads\/2026\/04\/3Z2lsD4U__1200x630__1-1aAroG.jpg",1200,630,false],"newsever-slider-full":["https:\/\/impactocastex.com.ar\/wp-content\/uploads\/2026\/04\/3Z2lsD4U__1200x630__1-1aAroG.jpg",1200,630,false],"newsever-featured":["https:\/\/impactocastex.com.ar\/wp-content\/uploads\/2026\/04\/3Z2lsD4U__1200x630__1-1aAroG-1024x538.jpg",1024,538,true],"newsever-medium":["https:\/\/impactocastex.com.ar\/wp-content\/uploads\/2026\/04\/3Z2lsD4U__1200x630__1-1aAroG-720x475.jpg",720,475,true]},"author_info":{"info":["impactocastex"]},"category_info":"<a href=\"https:\/\/impactocastex.com.ar\/?cat=87\" rel=\"category\">DEPORTES<\/a>","tag_info":"DEPORTES","comment_count":0,"jetpack_featured_media_url":"https:\/\/impactocastex.com.ar\/wp-content\/uploads\/2026\/04\/3Z2lsD4U__1200x630__1-1aAroG.jpg","jetpack_sharing_enabled":true,"jetpack_likes_enabled":true,"jetpack_shortlink":"https:\/\/wp.me\/p7sopA-4lM","_links":{"self":[{"href":"https:\/\/impactocastex.com.ar\/index.php?rest_route=\/wp\/v2\/posts\/16726","targetHints":{"allow":["GET"]}}],"collection":[{"href":"https:\/\/impactocastex.com.ar\/index.php?rest_route=\/wp\/v2\/posts"}],"about":[{"href":"https:\/\/impactocastex.com.ar\/index.php?rest_route=\/wp\/v2\/types\/post"}],"author":[{"embeddable":true,"href":"https:\/\/impactocastex.com.ar\/index.php?rest_route=\/wp\/v2\/users\/1"}],"replies":[{"embeddable":true,"href":"https:\/\/impactocastex.com.ar\/index.php?rest_route=%2Fwp%2Fv2%2Fcomments&post=16726"}],"version-history":[{"count":0,"href":"https:\/\/impactocastex.com.ar\/index.php?rest_route=\/wp\/v2\/posts\/16726\/revisions"}],"wp:featuredmedia":[{"embeddable":true,"href":"https:\/\/impactocastex.com.ar\/index.php?rest_route=\/wp\/v2\/media\/16727"}],"wp:attachment":[{"href":"https:\/\/impactocastex.com.ar\/index.php?rest_route=%2Fwp%2Fv2%2Fmedia&parent=16726"}],"wp:term":[{"taxonomy":"category","embeddable":true,"href":"https:\/\/impactocastex.com.ar\/index.php?rest_route=%2Fwp%2Fv2%2Fcategories&post=16726"},{"taxonomy":"post_tag","embeddable":true,"href":"https:\/\/impactocastex.com.ar\/index.php?rest_route=%2Fwp%2Fv2%2Ftags&post=16726"}],"curies":[{"name":"wp","href":"https:\/\/api.w.org\/{rel}","templated":true}]}}