{"id":16722,"date":"2026-04-28T22:18:59","date_gmt":"2026-04-29T01:18:59","guid":{"rendered":"https:\/\/impactocastex.com.ar\/?p=16722"},"modified":"2026-04-28T22:18:59","modified_gmt":"2026-04-29T01:18:59","slug":"martin-redrado-economista-en-el-segundo-semestre-la-inflacion-se-va-a-mantener-en-el-2-mensual","status":"publish","type":"post","link":"https:\/\/impactocastex.com.ar\/?p=16722","title":{"rendered":"Mart\u00edn Redrado, economista: \u201cEn el segundo semestre la inflaci\u00f3n se va a mantener en el 2% mensual\u201d"},"content":{"rendered":"<p>El economista <b>Mart\u00edn Redrado<\/b> analiz\u00f3 el plan del Gobierno y anticip\u00f3 que, a partir de abril, la <b>inflaci\u00f3n <\/b>va a volver a bajar y en el segundo semestre \u201cse mantendr\u00e1 en el 2%\u201d mensual. Tambi\u00e9n plante\u00f3 que es necesario implementar un r\u00e9gimen de incentivo para la construcci\u00f3n -as\u00ed como existe el RIGI- y medidas sobre el cr\u00e9dito a largo plazo, para que la clase media \u201cpueda acceder antes a su primera vivienda\u201d.<\/p>\n<p>\u201cEn abril, <b>la inflaci\u00f3n va a empezar con 2%, pero va a bajar. En el segundo semestre se va a mantener en el 2%.<\/b> El desaf\u00edo es c\u00f3mo bajar para tener un d\u00edgito anual. Necesitamos un r\u00e9gimen cambiario para eso. Como el d\u00f3lar est\u00e1 planchado, hay que bajar las restricciones porque eso va a dar confianza a largo plazo\u201c, dijo y asegur\u00f3 que el equipo econ\u00f3mico debe tener una mirada m\u00e1s \u201d<b>abarcativa<\/b>\u201c, que no solo se concentre en lo financiero: \u201dTambi\u00e9n tiene que ver el consumo, inversi\u00f3n y exportaci\u00f3n, eso es un plan integral. Hay que bajar los impuestos al trabajo\u201c.<\/p>\n<p>Redrado sostuvo que la Argentina est\u00e1 atravesando una \u201c<b>uberizaci\u00f3n<\/b>\u201d del empleo, que consiste en que, al no llegar a fin de mes, la clase media busca un trabajo independiente para complementar y aumentar su poder adquisitivo. \u201cEs una econom\u00eda de plataforma. Hay mucha gente con un segundo trabajo y cada vez hay m\u00e1s oferta de Uber\u201d, subray\u00f3 en di\u00e1logo con TN.<\/p>\n<p><img loading=\"lazy\" decoding=\"async\" src=\"https:\/\/resizer.glanacion.com\/resizer\/v2\/TUMNTFVPRZHSZGACZ3XGIVIY54.jpeg?auth=2a758903d6706a6084de1bf1e4ac4e4de1cdf855a43029fd89d5594129fd2893&amp;smart=true&amp;width=2000&amp;height=1333\" alt=\"Redrado dijo que la Argentina est\u00e1 atravesando una \u201cuberizaci\u00f3n\u201d del empleo\" height=\"1333\" width=\"2000\" \/><\/p>\n<p>El extitular del Banco Central, a su vez, se\u00f1al\u00f3 que al pa\u00eds a\u00fan le queda un largo trayecto por recorrer: \u201cFaltan los resultados que permitan encontrar que tenemos una Argentina para 48 millones de habitantes. <b>Veo que la Argentina est\u00e1 en una encrucijada<\/b>. Si avanza con m\u00e1s de lo mismo, vamos a tener un pa\u00eds para 10 millones en donde se va a destacar a aquellos que trabajan en la miner\u00eda, el campo, energ\u00eda, bancos y econom\u00edas del conocimiento. Eso est\u00e1 muy bien\u201d.<\/p>\n<p>\u201cPero <b>el desaf\u00edo es que el equilibrio presupuestario no sea un fin en s\u00ed mismo, sino un punto de partida para poder construir un pa\u00eds para 48 millones<\/b>. Eso es lo que debe discutirse hoy\u201d, destac\u00f3.<\/p>\n<p>En este sentido, Redrado advirti\u00f3 que, en materia econ\u00f3mica, se necesitan tres pilares fundamentales que la Argentina hoy no tiene: un <b>r\u00e9gimen cambiario a largo plazo<\/b>, uno <b>monetario <\/b>-que permita acceder a cr\u00e9ditos- y uno <b>financiero<\/b>, mediante el cual la Argentina pueda mostrar c\u00f3mo se va a financiar en el mediano plazo.<\/p>\n<p>Asimismo, afirm\u00f3 que una de las principales discusiones a las que la Argentina se debe someter es <b>c\u00f3mo generar empleos teniendo en cuenta los desaf\u00edos tecnol\u00f3gicos<\/b>, como la extinci\u00f3n de algunos puestos y la apertura de otros. En este punto, indic\u00f3 que la mirada debe estar puesta en la construcci\u00f3n.<\/p>\n<p>\u201cTenemos un <b>RIGI <\/b>que ha permitido que se anuncien miles de millones de d\u00f3lares para el sector minero. As\u00ed como tiene el RIGI, la Argentina deber\u00eda tener un <b>RICO<\/b>, un R\u00e9gimen de Incentivo para la Construcci\u00f3n\u201d, expres\u00f3 y justific\u00f3 que actualmente, cuando una persona va a construir, debe pagar el IVA antes de que empiece a tener rendimientos. Redrado, en tanto, propuso que el impuesto se pague una vez que se empiece a producir.<\/p>\n<p>El economista tambi\u00e9n sostuvo que la Argentina tiene que trabajar en la entrega de cr\u00e9ditos a largo plazo, como por ejemplo, para que una pareja joven que reci\u00e9n arranca su carrera profesional pueda acceder a su primera vivienda. \u201cNadie est\u00e1 hablando del Fondo de Garant\u00eda para la Sustentabilidad, que Cristina y Boudou un d\u00eda se lo quedaron. Ahora eso no est\u00e1, pero ah\u00ed hay 70 mil millones de d\u00f3lares que pueden servir para brindar cr\u00e9dito a largo plazo. El FGS, con la transparencia que hay, permitir\u00eda brindar cr\u00e9dito a largo plazo en pesos a 30 a\u00f1os y esa es la manera de empezar para que le llegue a la clase media\u201d, manifest\u00f3.<\/p>\n<p>\u200bEl expresidente del Banco Central asegur\u00f3 que habr\u00e1 un descenso a partir de abril y remarc\u00f3 que el Gobierno debe trabajar en un r\u00e9gimen de incentivo para la construcci\u00f3n\u00a0\u00a0<\/p>","protected":false},"excerpt":{"rendered":"<p>El economista Mart\u00edn Redrado analiz\u00f3 el plan del Gobierno y anticip\u00f3 que, a partir de&#8230;<\/p>\n","protected":false},"author":1,"featured_media":16723,"comment_status":"closed","ping_status":"closed","sticky":false,"template":"","format":"standard","meta":{"_jetpack_memberships_contains_paid_content":false,"footnotes":"","jetpack_publicize_message":"","jetpack_publicize_feature_enabled":true,"jetpack_social_post_already_shared":true,"jetpack_social_options":{"image_generator_settings":{"template":"highway","default_image_id":0,"font":"","enabled":false},"version":2}},"categories":[89],"tags":[],"class_list":["post-16722","post","type-post","status-publish","format-standard","has-post-thumbnail","hentry","category-nacionales"],"yoast_head":"<!-- This site is optimized with the Yoast SEO plugin v27.4 - https:\/\/yoast.com\/product\/yoast-seo-wordpress\/ -->\n<title>Mart\u00edn Redrado, economista: \u201cEn el segundo semestre la inflaci\u00f3n se va a mantener en el 2% mensual\u201d -<\/title>\n<meta name=\"robots\" content=\"index, follow, max-snippet:-1, max-image-preview:large, max-video-preview:-1\" \/>\n<link rel=\"canonical\" href=\"https:\/\/impactocastex.com.ar\/?p=16722\" \/>\n<meta property=\"og:locale\" content=\"es_ES\" \/>\n<meta property=\"og:type\" content=\"article\" \/>\n<meta property=\"og:title\" content=\"Mart\u00edn Redrado, economista: \u201cEn el segundo semestre la inflaci\u00f3n se va a mantener en el 2% mensual\u201d -\" \/>\n<meta property=\"og:description\" content=\"El economista Mart\u00edn Redrado analiz\u00f3 el plan del Gobierno y anticip\u00f3 que, a partir de...\" \/>\n<meta property=\"og:url\" content=\"https:\/\/impactocastex.com.ar\/?p=16722\" \/>\n<meta property=\"article:publisher\" content=\"https:\/\/www.facebook.com\/impactocastexdiario\" \/>\n<meta property=\"article:published_time\" content=\"2026-04-29T01:18:59+00:00\" \/>\n<meta property=\"og:image\" content=\"https:\/\/resizer.glanacion.com\/resizer\/v2\/TUMNTFVPRZHSZGACZ3XGIVIY54.jpeg?auth=2a758903d6706a6084de1bf1e4ac4e4de1cdf855a43029fd89d5594129fd2893&amp;smart=true&amp;width=2000&amp;height=1333\" \/>\n<meta name=\"author\" content=\"impactocastex\" \/>\n<meta name=\"twitter:card\" content=\"summary_large_image\" \/>\n<meta name=\"twitter:label1\" content=\"Escrito por\" \/>\n\t<meta name=\"twitter:data1\" content=\"impactocastex\" \/>\n\t<meta name=\"twitter:label2\" content=\"Tiempo de lectura\" \/>\n\t<meta name=\"twitter:data2\" content=\"4 minutos\" \/>\n<script type=\"application\/ld+json\" class=\"yoast-schema-graph\">{\"@context\":\"https:\\\/\\\/schema.org\",\"@graph\":[{\"@type\":\"Article\",\"@id\":\"https:\\\/\\\/impactocastex.com.ar\\\/?p=16722#article\",\"isPartOf\":{\"@id\":\"https:\\\/\\\/impactocastex.com.ar\\\/?p=16722\"},\"author\":{\"name\":\"impactocastex\",\"@id\":\"https:\\\/\\\/impactocastex.com.ar\\\/#\\\/schema\\\/person\\\/86cb4f827fb5f87869a239b98a69c6e3\"},\"headline\":\"Mart\u00edn Redrado, economista: \u201cEn el segundo semestre la inflaci\u00f3n se va a mantener en el 2% mensual\u201d\",\"datePublished\":\"2026-04-29T01:18:59+00:00\",\"mainEntityOfPage\":{\"@id\":\"https:\\\/\\\/impactocastex.com.ar\\\/?p=16722\"},\"wordCount\":736,\"publisher\":{\"@id\":\"https:\\\/\\\/impactocastex.com.ar\\\/#organization\"},\"image\":{\"@id\":\"https:\\\/\\\/impactocastex.com.ar\\\/?p=16722#primaryimage\"},\"thumbnailUrl\":\"https:\\\/\\\/impactocastex.com.ar\\\/wp-content\\\/uploads\\\/2026\\\/04\\\/ASY4CDLOXBAYXFVMJLENVTWOD4-2E2EiA.jpg\",\"articleSection\":[\"NACIONALES\"],\"inLanguage\":\"es\"},{\"@type\":\"WebPage\",\"@id\":\"https:\\\/\\\/impactocastex.com.ar\\\/?p=16722\",\"url\":\"https:\\\/\\\/impactocastex.com.ar\\\/?p=16722\",\"name\":\"Mart\u00edn Redrado, economista: \u201cEn el segundo semestre la inflaci\u00f3n se va a mantener en el 2% mensual\u201d -\",\"isPartOf\":{\"@id\":\"https:\\\/\\\/impactocastex.com.ar\\\/#website\"},\"primaryImageOfPage\":{\"@id\":\"https:\\\/\\\/impactocastex.com.ar\\\/?p=16722#primaryimage\"},\"image\":{\"@id\":\"https:\\\/\\\/impactocastex.com.ar\\\/?p=16722#primaryimage\"},\"thumbnailUrl\":\"https:\\\/\\\/impactocastex.com.ar\\\/wp-content\\\/uploads\\\/2026\\\/04\\\/ASY4CDLOXBAYXFVMJLENVTWOD4-2E2EiA.jpg\",\"datePublished\":\"2026-04-29T01:18:59+00:00\",\"breadcrumb\":{\"@id\":\"https:\\\/\\\/impactocastex.com.ar\\\/?p=16722#breadcrumb\"},\"inLanguage\":\"es\",\"potentialAction\":[{\"@type\":\"ReadAction\",\"target\":[\"https:\\\/\\\/impactocastex.com.ar\\\/?p=16722\"]}]},{\"@type\":\"ImageObject\",\"inLanguage\":\"es\",\"@id\":\"https:\\\/\\\/impactocastex.com.ar\\\/?p=16722#primaryimage\",\"url\":\"https:\\\/\\\/impactocastex.com.ar\\\/wp-content\\\/uploads\\\/2026\\\/04\\\/ASY4CDLOXBAYXFVMJLENVTWOD4-2E2EiA.jpg\",\"contentUrl\":\"https:\\\/\\\/impactocastex.com.ar\\\/wp-content\\\/uploads\\\/2026\\\/04\\\/ASY4CDLOXBAYXFVMJLENVTWOD4-2E2EiA.jpg\",\"width\":1089,\"height\":777},{\"@type\":\"BreadcrumbList\",\"@id\":\"https:\\\/\\\/impactocastex.com.ar\\\/?p=16722#breadcrumb\",\"itemListElement\":[{\"@type\":\"ListItem\",\"position\":1,\"name\":\"Portada\",\"item\":\"https:\\\/\\\/impactocastex.com.ar\\\/\"},{\"@type\":\"ListItem\",\"position\":2,\"name\":\"Mart\u00edn Redrado, economista: \u201cEn el segundo semestre la inflaci\u00f3n se va a mantener en el 2% mensual\u201d\"}]},{\"@type\":\"WebSite\",\"@id\":\"https:\\\/\\\/impactocastex.com.ar\\\/#website\",\"url\":\"https:\\\/\\\/impactocastex.com.ar\\\/\",\"name\":\"Impacto Castex\",\"description\":\"\",\"publisher\":{\"@id\":\"https:\\\/\\\/impactocastex.com.ar\\\/#organization\"},\"potentialAction\":[{\"@type\":\"SearchAction\",\"target\":{\"@type\":\"EntryPoint\",\"urlTemplate\":\"https:\\\/\\\/impactocastex.com.ar\\\/?s={search_term_string}\"},\"query-input\":{\"@type\":\"PropertyValueSpecification\",\"valueRequired\":true,\"valueName\":\"search_term_string\"}}],\"inLanguage\":\"es\"},{\"@type\":\"Organization\",\"@id\":\"https:\\\/\\\/impactocastex.com.ar\\\/#organization\",\"name\":\"Impacto Castex\",\"url\":\"https:\\\/\\\/impactocastex.com.ar\\\/\",\"logo\":{\"@type\":\"ImageObject\",\"inLanguage\":\"es\",\"@id\":\"https:\\\/\\\/impactocastex.com.ar\\\/#\\\/schema\\\/logo\\\/image\\\/\",\"url\":\"https:\\\/\\\/impactocastex.com.ar\\\/wp-content\\\/uploads\\\/2025\\\/09\\\/cropped-icoweb.png\",\"contentUrl\":\"https:\\\/\\\/impactocastex.com.ar\\\/wp-content\\\/uploads\\\/2025\\\/09\\\/cropped-icoweb.png\",\"width\":512,\"height\":512,\"caption\":\"Impacto Castex\"},\"image\":{\"@id\":\"https:\\\/\\\/impactocastex.com.ar\\\/#\\\/schema\\\/logo\\\/image\\\/\"},\"sameAs\":[\"https:\\\/\\\/www.facebook.com\\\/impactocastexdiario\",\"https:\\\/\\\/www.instagram.com\\\/impactocastex.com.ar\\\/\"]},{\"@type\":\"Person\",\"@id\":\"https:\\\/\\\/impactocastex.com.ar\\\/#\\\/schema\\\/person\\\/86cb4f827fb5f87869a239b98a69c6e3\",\"name\":\"impactocastex\",\"image\":{\"@type\":\"ImageObject\",\"inLanguage\":\"es\",\"@id\":\"https:\\\/\\\/secure.gravatar.com\\\/avatar\\\/9a87ee051ca8c77f5d4070843ce2c78cdf95b858b950fb039151de955122f5f5?s=96&d=mm&r=g\",\"url\":\"https:\\\/\\\/secure.gravatar.com\\\/avatar\\\/9a87ee051ca8c77f5d4070843ce2c78cdf95b858b950fb039151de955122f5f5?s=96&d=mm&r=g\",\"contentUrl\":\"https:\\\/\\\/secure.gravatar.com\\\/avatar\\\/9a87ee051ca8c77f5d4070843ce2c78cdf95b858b950fb039151de955122f5f5?s=96&d=mm&r=g\",\"caption\":\"impactocastex\"},\"sameAs\":[\"https:\\\/\\\/impactocastex.com.ar\"],\"url\":\"https:\\\/\\\/impactocastex.com.ar\\\/?author=1\"}]}<\/script>\n<!-- \/ Yoast SEO plugin. -->","yoast_head_json":{"title":"Mart\u00edn Redrado, economista: \u201cEn el segundo semestre la inflaci\u00f3n se va a mantener en el 2% mensual\u201d -","robots":{"index":"index","follow":"follow","max-snippet":"max-snippet:-1","max-image-preview":"max-image-preview:large","max-video-preview":"max-video-preview:-1"},"canonical":"https:\/\/impactocastex.com.ar\/?p=16722","og_locale":"es_ES","og_type":"article","og_title":"Mart\u00edn Redrado, economista: \u201cEn el segundo semestre la inflaci\u00f3n se va a mantener en el 2% mensual\u201d -","og_description":"El economista Mart\u00edn Redrado analiz\u00f3 el plan del Gobierno y anticip\u00f3 que, a partir de...","og_url":"https:\/\/impactocastex.com.ar\/?p=16722","article_publisher":"https:\/\/www.facebook.com\/impactocastexdiario","article_published_time":"2026-04-29T01:18:59+00:00","og_image":[{"url":"https:\/\/resizer.glanacion.com\/resizer\/v2\/TUMNTFVPRZHSZGACZ3XGIVIY54.jpeg?auth=2a758903d6706a6084de1bf1e4ac4e4de1cdf855a43029fd89d5594129fd2893&amp;smart=true&amp;width=2000&amp;height=1333","type":"","width":"","height":""}],"author":"impactocastex","twitter_card":"summary_large_image","twitter_misc":{"Escrito por":"impactocastex","Tiempo de lectura":"4 minutos"},"schema":{"@context":"https:\/\/schema.org","@graph":[{"@type":"Article","@id":"https:\/\/impactocastex.com.ar\/?p=16722#article","isPartOf":{"@id":"https:\/\/impactocastex.com.ar\/?p=16722"},"author":{"name":"impactocastex","@id":"https:\/\/impactocastex.com.ar\/#\/schema\/person\/86cb4f827fb5f87869a239b98a69c6e3"},"headline":"Mart\u00edn Redrado, economista: \u201cEn el segundo semestre la inflaci\u00f3n se va a mantener en el 2% mensual\u201d","datePublished":"2026-04-29T01:18:59+00:00","mainEntityOfPage":{"@id":"https:\/\/impactocastex.com.ar\/?p=16722"},"wordCount":736,"publisher":{"@id":"https:\/\/impactocastex.com.ar\/#organization"},"image":{"@id":"https:\/\/impactocastex.com.ar\/?p=16722#primaryimage"},"thumbnailUrl":"https:\/\/impactocastex.com.ar\/wp-content\/uploads\/2026\/04\/ASY4CDLOXBAYXFVMJLENVTWOD4-2E2EiA.jpg","articleSection":["NACIONALES"],"inLanguage":"es"},{"@type":"WebPage","@id":"https:\/\/impactocastex.com.ar\/?p=16722","url":"https:\/\/impactocastex.com.ar\/?p=16722","name":"Mart\u00edn Redrado, economista: \u201cEn el segundo semestre la inflaci\u00f3n se va a mantener en el 2% mensual\u201d -","isPartOf":{"@id":"https:\/\/impactocastex.com.ar\/#website"},"primaryImageOfPage":{"@id":"https:\/\/impactocastex.com.ar\/?p=16722#primaryimage"},"image":{"@id":"https:\/\/impactocastex.com.ar\/?p=16722#primaryimage"},"thumbnailUrl":"https:\/\/impactocastex.com.ar\/wp-content\/uploads\/2026\/04\/ASY4CDLOXBAYXFVMJLENVTWOD4-2E2EiA.jpg","datePublished":"2026-04-29T01:18:59+00:00","breadcrumb":{"@id":"https:\/\/impactocastex.com.ar\/?p=16722#breadcrumb"},"inLanguage":"es","potentialAction":[{"@type":"ReadAction","target":["https:\/\/impactocastex.com.ar\/?p=16722"]}]},{"@type":"ImageObject","inLanguage":"es","@id":"https:\/\/impactocastex.com.ar\/?p=16722#primaryimage","url":"https:\/\/impactocastex.com.ar\/wp-content\/uploads\/2026\/04\/ASY4CDLOXBAYXFVMJLENVTWOD4-2E2EiA.jpg","contentUrl":"https:\/\/impactocastex.com.ar\/wp-content\/uploads\/2026\/04\/ASY4CDLOXBAYXFVMJLENVTWOD4-2E2EiA.jpg","width":1089,"height":777},{"@type":"BreadcrumbList","@id":"https:\/\/impactocastex.com.ar\/?p=16722#breadcrumb","itemListElement":[{"@type":"ListItem","position":1,"name":"Portada","item":"https:\/\/impactocastex.com.ar\/"},{"@type":"ListItem","position":2,"name":"Mart\u00edn Redrado, economista: \u201cEn el segundo semestre la inflaci\u00f3n se va a mantener en el 2% mensual\u201d"}]},{"@type":"WebSite","@id":"https:\/\/impactocastex.com.ar\/#website","url":"https:\/\/impactocastex.com.ar\/","name":"Impacto Castex","description":"","publisher":{"@id":"https:\/\/impactocastex.com.ar\/#organization"},"potentialAction":[{"@type":"SearchAction","target":{"@type":"EntryPoint","urlTemplate":"https:\/\/impactocastex.com.ar\/?s={search_term_string}"},"query-input":{"@type":"PropertyValueSpecification","valueRequired":true,"valueName":"search_term_string"}}],"inLanguage":"es"},{"@type":"Organization","@id":"https:\/\/impactocastex.com.ar\/#organization","name":"Impacto Castex","url":"https:\/\/impactocastex.com.ar\/","logo":{"@type":"ImageObject","inLanguage":"es","@id":"https:\/\/impactocastex.com.ar\/#\/schema\/logo\/image\/","url":"https:\/\/impactocastex.com.ar\/wp-content\/uploads\/2025\/09\/cropped-icoweb.png","contentUrl":"https:\/\/impactocastex.com.ar\/wp-content\/uploads\/2025\/09\/cropped-icoweb.png","width":512,"height":512,"caption":"Impacto Castex"},"image":{"@id":"https:\/\/impactocastex.com.ar\/#\/schema\/logo\/image\/"},"sameAs":["https:\/\/www.facebook.com\/impactocastexdiario","https:\/\/www.instagram.com\/impactocastex.com.ar\/"]},{"@type":"Person","@id":"https:\/\/impactocastex.com.ar\/#\/schema\/person\/86cb4f827fb5f87869a239b98a69c6e3","name":"impactocastex","image":{"@type":"ImageObject","inLanguage":"es","@id":"https:\/\/secure.gravatar.com\/avatar\/9a87ee051ca8c77f5d4070843ce2c78cdf95b858b950fb039151de955122f5f5?s=96&d=mm&r=g","url":"https:\/\/secure.gravatar.com\/avatar\/9a87ee051ca8c77f5d4070843ce2c78cdf95b858b950fb039151de955122f5f5?s=96&d=mm&r=g","contentUrl":"https:\/\/secure.gravatar.com\/avatar\/9a87ee051ca8c77f5d4070843ce2c78cdf95b858b950fb039151de955122f5f5?s=96&d=mm&r=g","caption":"impactocastex"},"sameAs":["https:\/\/impactocastex.com.ar"],"url":"https:\/\/impactocastex.com.ar\/?author=1"}]}},"jetpack_publicize_connections":[],"featured_image_urls":{"full":["https:\/\/impactocastex.com.ar\/wp-content\/uploads\/2026\/04\/ASY4CDLOXBAYXFVMJLENVTWOD4-2E2EiA.jpg",1089,777,false],"thumbnail":["https:\/\/impactocastex.com.ar\/wp-content\/uploads\/2026\/04\/ASY4CDLOXBAYXFVMJLENVTWOD4-2E2EiA-150x150.jpg",150,150,true],"medium":["https:\/\/impactocastex.com.ar\/wp-content\/uploads\/2026\/04\/ASY4CDLOXBAYXFVMJLENVTWOD4-2E2EiA-300x214.jpg",300,214,true],"medium_large":["https:\/\/impactocastex.com.ar\/wp-content\/uploads\/2026\/04\/ASY4CDLOXBAYXFVMJLENVTWOD4-2E2EiA-768x548.jpg",640,457,true],"large":["https:\/\/impactocastex.com.ar\/wp-content\/uploads\/2026\/04\/ASY4CDLOXBAYXFVMJLENVTWOD4-2E2EiA-1024x731.jpg",640,457,true],"1536x1536":["https:\/\/impactocastex.com.ar\/wp-content\/uploads\/2026\/04\/ASY4CDLOXBAYXFVMJLENVTWOD4-2E2EiA.jpg",1089,777,false],"2048x2048":["https:\/\/impactocastex.com.ar\/wp-content\/uploads\/2026\/04\/ASY4CDLOXBAYXFVMJLENVTWOD4-2E2EiA.jpg",1089,777,false],"newsever-slider-full":["https:\/\/impactocastex.com.ar\/wp-content\/uploads\/2026\/04\/ASY4CDLOXBAYXFVMJLENVTWOD4-2E2EiA.jpg",1089,777,false],"newsever-featured":["https:\/\/impactocastex.com.ar\/wp-content\/uploads\/2026\/04\/ASY4CDLOXBAYXFVMJLENVTWOD4-2E2EiA-1024x731.jpg",1024,731,true],"newsever-medium":["https:\/\/impactocastex.com.ar\/wp-content\/uploads\/2026\/04\/ASY4CDLOXBAYXFVMJLENVTWOD4-2E2EiA-720x475.jpg",720,475,true]},"author_info":{"info":["impactocastex"]},"category_info":"<a href=\"https:\/\/impactocastex.com.ar\/?cat=89\" rel=\"category\">NACIONALES<\/a>","tag_info":"NACIONALES","comment_count":0,"jetpack_featured_media_url":"https:\/\/impactocastex.com.ar\/wp-content\/uploads\/2026\/04\/ASY4CDLOXBAYXFVMJLENVTWOD4-2E2EiA.jpg","jetpack_sharing_enabled":true,"jetpack_likes_enabled":true,"jetpack_shortlink":"https:\/\/wp.me\/p7sopA-4lI","_links":{"self":[{"href":"https:\/\/impactocastex.com.ar\/index.php?rest_route=\/wp\/v2\/posts\/16722","targetHints":{"allow":["GET"]}}],"collection":[{"href":"https:\/\/impactocastex.com.ar\/index.php?rest_route=\/wp\/v2\/posts"}],"about":[{"href":"https:\/\/impactocastex.com.ar\/index.php?rest_route=\/wp\/v2\/types\/post"}],"author":[{"embeddable":true,"href":"https:\/\/impactocastex.com.ar\/index.php?rest_route=\/wp\/v2\/users\/1"}],"replies":[{"embeddable":true,"href":"https:\/\/impactocastex.com.ar\/index.php?rest_route=%2Fwp%2Fv2%2Fcomments&post=16722"}],"version-history":[{"count":0,"href":"https:\/\/impactocastex.com.ar\/index.php?rest_route=\/wp\/v2\/posts\/16722\/revisions"}],"wp:featuredmedia":[{"embeddable":true,"href":"https:\/\/impactocastex.com.ar\/index.php?rest_route=\/wp\/v2\/media\/16723"}],"wp:attachment":[{"href":"https:\/\/impactocastex.com.ar\/index.php?rest_route=%2Fwp%2Fv2%2Fmedia&parent=16722"}],"wp:term":[{"taxonomy":"category","embeddable":true,"href":"https:\/\/impactocastex.com.ar\/index.php?rest_route=%2Fwp%2Fv2%2Fcategories&post=16722"},{"taxonomy":"post_tag","embeddable":true,"href":"https:\/\/impactocastex.com.ar\/index.php?rest_route=%2Fwp%2Fv2%2Ftags&post=16722"}],"curies":[{"name":"wp","href":"https:\/\/api.w.org\/{rel}","templated":true}]}}