{"id":16720,"date":"2026-04-28T22:21:37","date_gmt":"2026-04-29T01:21:37","guid":{"rendered":"https:\/\/impactocastex.com.ar\/?p=16720"},"modified":"2026-04-28T22:21:37","modified_gmt":"2026-04-29T01:21:37","slug":"cruzeiro-vs-boca-en-vivo-el-minuto-a-minuto-del-partido-por-la-copa-libertadores","status":"publish","type":"post","link":"https:\/\/impactocastex.com.ar\/?p=16720","title":{"rendered":"Cruzeiro vs. Boca, en vivo: el minuto a minuto del partido por la Copa Libertadores"},"content":{"rendered":"<p>Tras las protestas de Adam Bareiro al \u00e1rbitro y al cuarto juez luego de la expulsi\u00f3n, el partido vuelve a jugarse en el Mineir\u00e3o.<\/p>\n<p>Adam Bareiro ve la segunda amarilla tras un manotazo en la cara sobre Christian cuando proteg\u00eda la pelota y deja a Boca con diez jugadores.<\/p>\n<p>El \u00e1rbitro adiciona dos minutos en el Mineir\u00e3o con el partido 0-0 entre Boca y Cruzeiro.<\/p>\n<p>Adam Bareiro ve la tarjeta amarilla tras una falta sobre G\u00e9rson en la mitad de la cancha.<\/p>\n<p>G\u00e9rson ve la tarjeta amarilla tras un codazo sobre Miguel Merentiel cuando disputaba la pelota junto a Adam Bareiro.<\/p>\n<p>El equipo local impone condiciones pero no logra generar situaciones claras, en un partido muy cortado con seis faltas de Cruzeiro contra cinco de Boca.<\/p>\n<p>Fagner llega tarde y comete infracci\u00f3n sobre Tom\u00e1s Aranda cuando intentaba avanzar en ataque, en un partido con muchas interrupciones. Tambi\u00e9n ve la amarilla.<\/p>\n<blockquote class=\"twitter-tweet\">\n<p lang=\"es\" dir=\"ltr\">FUERTE FALTA AL PIBE: Fagner fue amonestado ante Boca por este patad\u00f3n a Aranda. <\/p>\n<p>\ud83d\udcfa Mir\u00e1 TODA la CONMEBOL <a href=\"https:\/\/twitter.com\/hashtag\/Libertadores?src=hash&amp;ref_src=twsrc%5Etfw\">#Libertadores<\/a> por <a href=\"https:\/\/twitter.com\/hashtag\/DisneyPlus?src=hash&amp;ref_src=twsrc%5Etfw\">#DisneyPlus<\/a> Plan Premium <a href=\"https:\/\/t.co\/p4lKGeFaW4\">pic.twitter.com\/p4lKGeFaW4<\/a><\/p>\n<p>\u2014 SportsCenter (@SC_ESPN) <a href=\"https:\/\/twitter.com\/SC_ESPN\/status\/2049293534230954282?ref_src=twsrc%5Etfw\">April 29, 2026<\/a><\/p><\/blockquote>\n<p>Leandro Brey recibe un golpe tras una falta de Kaio Jorge cuando sal\u00eda a cortar y queda sentido en el \u00e1rea, es atendido pero puede continuar, el delantero de Cruzeiro ve la amarilla y el partido pierde ritmo en este tramo.<\/p>\n<p>Vuelve la acci\u00f3n en el Mineir\u00e3o tras la pausa de hidrataci\u00f3n dispuesta por Conmebol.<\/p>\n<p>El \u00e1rbitro detiene el partido en el Mineir\u00e3o para la pausa de hidrataci\u00f3n dispuesta por Conmebol.<\/p>\n<p>El equipo local pidi\u00f3 penal por un agarr\u00f3n de Lautaro Di Lollo sobre Kaio Jorge, pero la acci\u00f3n fue fuera del \u00e1rea y el \u00e1rbitro no sancion\u00f3 infracci\u00f3n.<\/p>\n<p>Ayrton Costa recupera con una fuerte entrada y Tom\u00e1s Aranda habilita a Miguel Merentiel, que intenta de primera para Adam Bareiro pero el centro sale sin destino.<\/p>\n<p>Boca espera replegado y mete en este inicio, aunque el \u00e1rbitro marca r\u00e1pido los l\u00edmites con las infracciones, mientras Cruzeiro se muestra m\u00e1s activo en el comienzo del partido.<\/p>\n<p>Leandro Paredes ve la tarjeta amarilla tras empujar a un rival luego de una falta en ataque cobrada contra \u00e9l.<\/p>\n<blockquote class=\"twitter-tweet\">\n<p lang=\"es\" dir=\"ltr\">\u00a1PAREDES, EL PRIMER AMONESTADO DEL PARTIDO! El capit\u00e1n de Boca lo empuj\u00f3 a Matheus Pereira y se gan\u00f3 la amarilla ante Cruzeiro. <\/p>\n<p>\ud83d\udcfa Mir\u00e1 TODA la CONMEBOL <a href=\"https:\/\/twitter.com\/hashtag\/Libertadores?src=hash&amp;ref_src=twsrc%5Etfw\">#Libertadores<\/a> por <a href=\"https:\/\/twitter.com\/hashtag\/DisneyPlus?src=hash&amp;ref_src=twsrc%5Etfw\">#DisneyPlus<\/a> Plan Premium <a href=\"https:\/\/t.co\/yHsBsTeahp\">pic.twitter.com\/yHsBsTeahp<\/a><\/p>\n<p>\u2014 SportsCenter (@SC_ESPN) <a href=\"https:\/\/twitter.com\/SC_ESPN\/status\/2049287902878662954?ref_src=twsrc%5Etfw\">April 29, 2026<\/a><\/p><\/blockquote>\n<p>El equipo local arranc\u00f3 con presi\u00f3n alta y gener\u00f3 la primera llegada tras un mal despeje de Boca, Keny Arroyo prob\u00f3 desde lejos y el remate pas\u00f3 cerca del palo izquierdo de Leandro Brey.<\/p>\n<p>Ya se juega en el Mineir\u00e3o el duelo entre Boca y Cruzeiro por la Copa Libertadores. El equipo de Claudio \u00dabeda busca sostener su puntaje ideal en Brasil.<\/p>\n<p>Se espera una gran convocatoria de hinchas de Boca en Belo Horizonte. Los hinchas xeneizes copar\u00edan los 2000 lugares que ten\u00edan disponibles en el estadio Mineir\u00e3o para alentar al equipo.<\/p>\n<p><img loading=\"lazy\" decoding=\"async\" src=\"https:\/\/resizer.glanacion.com\/resizer\/v2\/G56YBQHHNRFI3GP4Z3CCKDP7UE.jpg?auth=b6dc14408a3f7767cae1f5f1c5d7b70a2bee8bafe1ab80a12da92d9b4ef05bcb&amp;smart=true&amp;width=2048&amp;height=1170\" alt=\"Los hinchas de Boca copan el Mineir\u00e3o en Belo Horizonte\" height=\"1170\" width=\"2048\" \/><\/p>\n<p>El equipo brasile\u00f1o dirigido por el portugu\u00e9s Artur Jorge, tiene en del equipo titular al argentino Lucas Romero, que adem\u00e1s es capit\u00e1n. En el banco estar\u00e1 Lucas Villalba.<\/p>\n<p><b>El 11 de Cruzeiro:<\/b> Ot\u00e1vio Costa; Fagner, Fabr\u00edcio Bruno, Jonathan Jesus, Kaiki; Lucas Romero (c), G\u00e9rson; Christian, Matheus Pereira, Keny Arroyo; y Kaio Jorge.<\/p>\n<blockquote class=\"twitter-tweet\">\n<p lang=\"pt\" dir=\"ltr\">\ud83e\udd8a\ud83d\udcdd O Cruzeiro est\u00e1 escalado para o jogo contra o Boca Juniors pela CONMEBOL Libertadores! VAMOS, CABULOSO!!<\/p>\n<p>\ud83d\udd37 <a href=\"https:\/\/twitter.com\/hashtag\/CRUxCABJ?src=hash&amp;ref_src=twsrc%5Etfw\">#CRUxCABJ<\/a> <a href=\"https:\/\/twitter.com\/hashtag\/LaBestiaNegra?src=hash&amp;ref_src=twsrc%5Etfw\">#LaBestiaNegra<\/a> <a href=\"https:\/\/t.co\/hIwzEWi5Hl\">pic.twitter.com\/hIwzEWi5Hl<\/a><\/p>\n<p>\u2014 Cruzeiro \ud83e\udd8a (@Cruzeiro) <a href=\"https:\/\/twitter.com\/Cruzeiro\/status\/2049263962458370540?ref_src=twsrc%5Etfw\">April 28, 2026<\/a><\/p><\/blockquote>\n<p>Claudio Ubeda pone su habitual equipo titular para un partido clave en Brasil, con el capit\u00e1n Leandro Paredes como eje en el mediocampo.<\/p>\n<p><b>El 11 de Boca<\/b>: Leandro Brey; Marcelo Weigandt, Lautaro Di Lollo, Ayrton Costa, Lautaro Blanco; Santiago Ascac\u00edbar, Leandro Paredes (c), Milton Delgado; Tom\u00e1s Aranda; Adam Bareiro y Miguel Merentiel.<\/p>\n<blockquote class=\"twitter-tweet\">\n<p lang=\"es\" dir=\"ltr\">\ud83d\udccb \u00a1\ud835\udddf\ud835\udde2\ud835\udde6 \ud835\udfed\ud835\udfed \ud835\uddd7\ud835\uddd8 <a href=\"https:\/\/twitter.com\/hashtag\/%F0%9D%97%95%F0%9D%97%A2%F0%9D%97%96%F0%9D%97%94?src=hash&amp;ref_src=twsrc%5Etfw\">#\ud835\uddd5\ud835\udde2\ud835\uddd6\ud835\uddd4<\/a>! \ud83d\udc4a<\/p>\n<p>As\u00ed formar\u00e1 el Xeneize para enfrentar a Cruzeiro en Brasil.<a href=\"https:\/\/twitter.com\/hashtag\/DaleBoca?src=hash&amp;ref_src=twsrc%5Etfw\">#DaleBoca<\/a> \ud83d\udd35\ud83d\udfe1\ud83d\udd35<a href=\"https:\/\/twitter.com\/hashtag\/Libertadores?src=hash&amp;ref_src=twsrc%5Etfw\">#Libertadores<\/a> \ud83c\udfc6 <a href=\"https:\/\/t.co\/fRP5asoA9C\">pic.twitter.com\/fRP5asoA9C<\/a><\/p>\n<p>\u2014 Boca Juniors (@BocaJrsOficial) <a href=\"https:\/\/twitter.com\/BocaJrsOficial\/status\/2049278397105221921?ref_src=twsrc%5Etfw\">April 29, 2026<\/a><\/p><\/blockquote>\n<p>Boca jugar\u00e1 el partido de hoy con la camiseta suplente amarilla, mientras que Cruzeiro utilizar\u00e1 su habitual casaca titular azul.<\/p>\n<p>En la previa del duelo clave por Copa, el club anunci\u00f3 un nuevo paso en el proyecto de ampliaci\u00f3n de accesos a la Bombonera. La CNRT aprob\u00f3 la construcci\u00f3n de torres de circulaci\u00f3n y puentes peatonales, a la espera del visto bueno final para iniciar la obra.<\/p>\n<blockquote class=\"twitter-tweet\">\n<p lang=\"es\" dir=\"ltr\">Estimados socios, socias e hinchas:<\/p>\n<p>Nos pone muy felices compartir con ustedes un nuevo avance muy importante en relaci\u00f3n con los nuevos accesos al estadio, que contemplan la construcci\u00f3n de cuatro torres de circulaci\u00f3n y puentes peatonales.<\/p>\n<p>En el d\u00eda de hoy, el Club recibi\u00f3 la\u2026 <a href=\"https:\/\/t.co\/ZXZbGsIJxq\">pic.twitter.com\/ZXZbGsIJxq<\/a><\/p>\n<p>\u2014 Boca Juniors (@BocaJrsOficial) <a href=\"https:\/\/twitter.com\/BocaJrsOficial\/status\/2049232492994117830?ref_src=twsrc%5Etfw\">April 28, 2026<\/a><\/p><\/blockquote>\n<p>El conjunto brasile\u00f1o necesita sumar tras un inicio irregular en la Copa Libertadores. La derrota como local ante Universidad Cat\u00f3lica lo dej\u00f3 con poco margen de error. Adem\u00e1s, atraviesa un comienzo irregular por el Brasileir\u00e3o, que lo encuentra en el puesto 12.<\/p>\n<p>El equipo xeneize llega en un gran momento y con puntaje perfecto en el grupo, con seis puntos sobre seis. Con una racha de 14 partidos sin perder, y la victoria en el supercl\u00e1sico en el medio ante River, intentar\u00e1 dar un paso clave como visitante.<\/p>\n<p>Boca visita a Cruzeiro este martes desde las 21.30 en el Mineir\u00e3o por la tercera fecha del Grupo D de la Copa Libertadores. Trasmiten Fox Sports, Telef\u00e9 y Disney+, pero podr\u00e1n seguir el minuto a minuto por este medio.<\/p>\n<p>\u200bEn Belo Horizonte, el equipo de Claudio Ubeda visita al conjunto brasile\u00f1o por la tercera fecha de la fase de grupos\u00a0\u00a0<\/p>","protected":false},"excerpt":{"rendered":"<p>Tras las protestas de Adam Bareiro al \u00e1rbitro y al cuarto juez luego de la&#8230;<\/p>\n","protected":false},"author":1,"featured_media":16721,"comment_status":"closed","ping_status":"closed","sticky":false,"template":"","format":"standard","meta":{"_jetpack_memberships_contains_paid_content":false,"footnotes":"","jetpack_publicize_message":"","jetpack_publicize_feature_enabled":true,"jetpack_social_post_already_shared":true,"jetpack_social_options":{"image_generator_settings":{"template":"highway","default_image_id":0,"font":"","enabled":false},"version":2}},"categories":[89],"tags":[],"class_list":["post-16720","post","type-post","status-publish","format-standard","has-post-thumbnail","hentry","category-nacionales"],"yoast_head":"<!-- This site is optimized with the Yoast SEO plugin v27.4 - https:\/\/yoast.com\/product\/yoast-seo-wordpress\/ -->\n<title>Cruzeiro vs. Boca, en vivo: el minuto a minuto del partido por la Copa Libertadores -<\/title>\n<meta name=\"robots\" content=\"index, follow, max-snippet:-1, max-image-preview:large, max-video-preview:-1\" \/>\n<link rel=\"canonical\" href=\"https:\/\/impactocastex.com.ar\/?p=16720\" \/>\n<meta property=\"og:locale\" content=\"es_ES\" \/>\n<meta property=\"og:type\" content=\"article\" \/>\n<meta property=\"og:title\" content=\"Cruzeiro vs. Boca, en vivo: el minuto a minuto del partido por la Copa Libertadores -\" \/>\n<meta property=\"og:description\" content=\"Tras las protestas de Adam Bareiro al \u00e1rbitro y al cuarto juez luego de la...\" \/>\n<meta property=\"og:url\" content=\"https:\/\/impactocastex.com.ar\/?p=16720\" \/>\n<meta property=\"article:publisher\" content=\"https:\/\/www.facebook.com\/impactocastexdiario\" \/>\n<meta property=\"article:published_time\" content=\"2026-04-29T01:21:37+00:00\" \/>\n<meta property=\"og:image\" content=\"https:\/\/resizer.glanacion.com\/resizer\/v2\/G56YBQHHNRFI3GP4Z3CCKDP7UE.jpg?auth=b6dc14408a3f7767cae1f5f1c5d7b70a2bee8bafe1ab80a12da92d9b4ef05bcb&amp;smart=true&amp;width=2048&amp;height=1170\" \/>\n<meta name=\"author\" content=\"impactocastex\" \/>\n<meta name=\"twitter:card\" content=\"summary_large_image\" \/>\n<meta name=\"twitter:label1\" content=\"Escrito por\" \/>\n\t<meta name=\"twitter:data1\" content=\"impactocastex\" \/>\n\t<meta name=\"twitter:label2\" content=\"Tiempo de lectura\" \/>\n\t<meta name=\"twitter:data2\" content=\"5 minutos\" \/>\n<script type=\"application\/ld+json\" class=\"yoast-schema-graph\">{\"@context\":\"https:\\\/\\\/schema.org\",\"@graph\":[{\"@type\":\"Article\",\"@id\":\"https:\\\/\\\/impactocastex.com.ar\\\/?p=16720#article\",\"isPartOf\":{\"@id\":\"https:\\\/\\\/impactocastex.com.ar\\\/?p=16720\"},\"author\":{\"name\":\"impactocastex\",\"@id\":\"https:\\\/\\\/impactocastex.com.ar\\\/#\\\/schema\\\/person\\\/86cb4f827fb5f87869a239b98a69c6e3\"},\"headline\":\"Cruzeiro vs. Boca, en vivo: el minuto a minuto del partido por la Copa Libertadores\",\"datePublished\":\"2026-04-29T01:21:37+00:00\",\"mainEntityOfPage\":{\"@id\":\"https:\\\/\\\/impactocastex.com.ar\\\/?p=16720\"},\"wordCount\":972,\"publisher\":{\"@id\":\"https:\\\/\\\/impactocastex.com.ar\\\/#organization\"},\"image\":{\"@id\":\"https:\\\/\\\/impactocastex.com.ar\\\/?p=16720#primaryimage\"},\"thumbnailUrl\":\"https:\\\/\\\/impactocastex.com.ar\\\/wp-content\\\/uploads\\\/2026\\\/04\\\/T5GFIRPUKJGN3IYFDAT4BYKDZA-QakUJB-scaled.jpg\",\"articleSection\":[\"NACIONALES\"],\"inLanguage\":\"es\"},{\"@type\":\"WebPage\",\"@id\":\"https:\\\/\\\/impactocastex.com.ar\\\/?p=16720\",\"url\":\"https:\\\/\\\/impactocastex.com.ar\\\/?p=16720\",\"name\":\"Cruzeiro vs. Boca, en vivo: el minuto a minuto del partido por la Copa Libertadores -\",\"isPartOf\":{\"@id\":\"https:\\\/\\\/impactocastex.com.ar\\\/#website\"},\"primaryImageOfPage\":{\"@id\":\"https:\\\/\\\/impactocastex.com.ar\\\/?p=16720#primaryimage\"},\"image\":{\"@id\":\"https:\\\/\\\/impactocastex.com.ar\\\/?p=16720#primaryimage\"},\"thumbnailUrl\":\"https:\\\/\\\/impactocastex.com.ar\\\/wp-content\\\/uploads\\\/2026\\\/04\\\/T5GFIRPUKJGN3IYFDAT4BYKDZA-QakUJB-scaled.jpg\",\"datePublished\":\"2026-04-29T01:21:37+00:00\",\"breadcrumb\":{\"@id\":\"https:\\\/\\\/impactocastex.com.ar\\\/?p=16720#breadcrumb\"},\"inLanguage\":\"es\",\"potentialAction\":[{\"@type\":\"ReadAction\",\"target\":[\"https:\\\/\\\/impactocastex.com.ar\\\/?p=16720\"]}]},{\"@type\":\"ImageObject\",\"inLanguage\":\"es\",\"@id\":\"https:\\\/\\\/impactocastex.com.ar\\\/?p=16720#primaryimage\",\"url\":\"https:\\\/\\\/impactocastex.com.ar\\\/wp-content\\\/uploads\\\/2026\\\/04\\\/T5GFIRPUKJGN3IYFDAT4BYKDZA-QakUJB-scaled.jpg\",\"contentUrl\":\"https:\\\/\\\/impactocastex.com.ar\\\/wp-content\\\/uploads\\\/2026\\\/04\\\/T5GFIRPUKJGN3IYFDAT4BYKDZA-QakUJB-scaled.jpg\",\"width\":2560,\"height\":1706},{\"@type\":\"BreadcrumbList\",\"@id\":\"https:\\\/\\\/impactocastex.com.ar\\\/?p=16720#breadcrumb\",\"itemListElement\":[{\"@type\":\"ListItem\",\"position\":1,\"name\":\"Portada\",\"item\":\"https:\\\/\\\/impactocastex.com.ar\\\/\"},{\"@type\":\"ListItem\",\"position\":2,\"name\":\"Cruzeiro vs. Boca, en vivo: el minuto a minuto del partido por la Copa Libertadores\"}]},{\"@type\":\"WebSite\",\"@id\":\"https:\\\/\\\/impactocastex.com.ar\\\/#website\",\"url\":\"https:\\\/\\\/impactocastex.com.ar\\\/\",\"name\":\"Impacto Castex\",\"description\":\"\",\"publisher\":{\"@id\":\"https:\\\/\\\/impactocastex.com.ar\\\/#organization\"},\"potentialAction\":[{\"@type\":\"SearchAction\",\"target\":{\"@type\":\"EntryPoint\",\"urlTemplate\":\"https:\\\/\\\/impactocastex.com.ar\\\/?s={search_term_string}\"},\"query-input\":{\"@type\":\"PropertyValueSpecification\",\"valueRequired\":true,\"valueName\":\"search_term_string\"}}],\"inLanguage\":\"es\"},{\"@type\":\"Organization\",\"@id\":\"https:\\\/\\\/impactocastex.com.ar\\\/#organization\",\"name\":\"Impacto Castex\",\"url\":\"https:\\\/\\\/impactocastex.com.ar\\\/\",\"logo\":{\"@type\":\"ImageObject\",\"inLanguage\":\"es\",\"@id\":\"https:\\\/\\\/impactocastex.com.ar\\\/#\\\/schema\\\/logo\\\/image\\\/\",\"url\":\"https:\\\/\\\/impactocastex.com.ar\\\/wp-content\\\/uploads\\\/2025\\\/09\\\/cropped-icoweb.png\",\"contentUrl\":\"https:\\\/\\\/impactocastex.com.ar\\\/wp-content\\\/uploads\\\/2025\\\/09\\\/cropped-icoweb.png\",\"width\":512,\"height\":512,\"caption\":\"Impacto Castex\"},\"image\":{\"@id\":\"https:\\\/\\\/impactocastex.com.ar\\\/#\\\/schema\\\/logo\\\/image\\\/\"},\"sameAs\":[\"https:\\\/\\\/www.facebook.com\\\/impactocastexdiario\",\"https:\\\/\\\/www.instagram.com\\\/impactocastex.com.ar\\\/\"]},{\"@type\":\"Person\",\"@id\":\"https:\\\/\\\/impactocastex.com.ar\\\/#\\\/schema\\\/person\\\/86cb4f827fb5f87869a239b98a69c6e3\",\"name\":\"impactocastex\",\"image\":{\"@type\":\"ImageObject\",\"inLanguage\":\"es\",\"@id\":\"https:\\\/\\\/secure.gravatar.com\\\/avatar\\\/9a87ee051ca8c77f5d4070843ce2c78cdf95b858b950fb039151de955122f5f5?s=96&d=mm&r=g\",\"url\":\"https:\\\/\\\/secure.gravatar.com\\\/avatar\\\/9a87ee051ca8c77f5d4070843ce2c78cdf95b858b950fb039151de955122f5f5?s=96&d=mm&r=g\",\"contentUrl\":\"https:\\\/\\\/secure.gravatar.com\\\/avatar\\\/9a87ee051ca8c77f5d4070843ce2c78cdf95b858b950fb039151de955122f5f5?s=96&d=mm&r=g\",\"caption\":\"impactocastex\"},\"sameAs\":[\"https:\\\/\\\/impactocastex.com.ar\"],\"url\":\"https:\\\/\\\/impactocastex.com.ar\\\/?author=1\"}]}<\/script>\n<!-- \/ Yoast SEO plugin. -->","yoast_head_json":{"title":"Cruzeiro vs. Boca, en vivo: el minuto a minuto del partido por la Copa Libertadores -","robots":{"index":"index","follow":"follow","max-snippet":"max-snippet:-1","max-image-preview":"max-image-preview:large","max-video-preview":"max-video-preview:-1"},"canonical":"https:\/\/impactocastex.com.ar\/?p=16720","og_locale":"es_ES","og_type":"article","og_title":"Cruzeiro vs. Boca, en vivo: el minuto a minuto del partido por la Copa Libertadores -","og_description":"Tras las protestas de Adam Bareiro al \u00e1rbitro y al cuarto juez luego de la...","og_url":"https:\/\/impactocastex.com.ar\/?p=16720","article_publisher":"https:\/\/www.facebook.com\/impactocastexdiario","article_published_time":"2026-04-29T01:21:37+00:00","og_image":[{"url":"https:\/\/resizer.glanacion.com\/resizer\/v2\/G56YBQHHNRFI3GP4Z3CCKDP7UE.jpg?auth=b6dc14408a3f7767cae1f5f1c5d7b70a2bee8bafe1ab80a12da92d9b4ef05bcb&amp;smart=true&amp;width=2048&amp;height=1170","type":"","width":"","height":""}],"author":"impactocastex","twitter_card":"summary_large_image","twitter_misc":{"Escrito por":"impactocastex","Tiempo de lectura":"5 minutos"},"schema":{"@context":"https:\/\/schema.org","@graph":[{"@type":"Article","@id":"https:\/\/impactocastex.com.ar\/?p=16720#article","isPartOf":{"@id":"https:\/\/impactocastex.com.ar\/?p=16720"},"author":{"name":"impactocastex","@id":"https:\/\/impactocastex.com.ar\/#\/schema\/person\/86cb4f827fb5f87869a239b98a69c6e3"},"headline":"Cruzeiro vs. Boca, en vivo: el minuto a minuto del partido por la Copa Libertadores","datePublished":"2026-04-29T01:21:37+00:00","mainEntityOfPage":{"@id":"https:\/\/impactocastex.com.ar\/?p=16720"},"wordCount":972,"publisher":{"@id":"https:\/\/impactocastex.com.ar\/#organization"},"image":{"@id":"https:\/\/impactocastex.com.ar\/?p=16720#primaryimage"},"thumbnailUrl":"https:\/\/impactocastex.com.ar\/wp-content\/uploads\/2026\/04\/T5GFIRPUKJGN3IYFDAT4BYKDZA-QakUJB-scaled.jpg","articleSection":["NACIONALES"],"inLanguage":"es"},{"@type":"WebPage","@id":"https:\/\/impactocastex.com.ar\/?p=16720","url":"https:\/\/impactocastex.com.ar\/?p=16720","name":"Cruzeiro vs. Boca, en vivo: el minuto a minuto del partido por la Copa Libertadores -","isPartOf":{"@id":"https:\/\/impactocastex.com.ar\/#website"},"primaryImageOfPage":{"@id":"https:\/\/impactocastex.com.ar\/?p=16720#primaryimage"},"image":{"@id":"https:\/\/impactocastex.com.ar\/?p=16720#primaryimage"},"thumbnailUrl":"https:\/\/impactocastex.com.ar\/wp-content\/uploads\/2026\/04\/T5GFIRPUKJGN3IYFDAT4BYKDZA-QakUJB-scaled.jpg","datePublished":"2026-04-29T01:21:37+00:00","breadcrumb":{"@id":"https:\/\/impactocastex.com.ar\/?p=16720#breadcrumb"},"inLanguage":"es","potentialAction":[{"@type":"ReadAction","target":["https:\/\/impactocastex.com.ar\/?p=16720"]}]},{"@type":"ImageObject","inLanguage":"es","@id":"https:\/\/impactocastex.com.ar\/?p=16720#primaryimage","url":"https:\/\/impactocastex.com.ar\/wp-content\/uploads\/2026\/04\/T5GFIRPUKJGN3IYFDAT4BYKDZA-QakUJB-scaled.jpg","contentUrl":"https:\/\/impactocastex.com.ar\/wp-content\/uploads\/2026\/04\/T5GFIRPUKJGN3IYFDAT4BYKDZA-QakUJB-scaled.jpg","width":2560,"height":1706},{"@type":"BreadcrumbList","@id":"https:\/\/impactocastex.com.ar\/?p=16720#breadcrumb","itemListElement":[{"@type":"ListItem","position":1,"name":"Portada","item":"https:\/\/impactocastex.com.ar\/"},{"@type":"ListItem","position":2,"name":"Cruzeiro vs. Boca, en vivo: el minuto a minuto del partido por la Copa Libertadores"}]},{"@type":"WebSite","@id":"https:\/\/impactocastex.com.ar\/#website","url":"https:\/\/impactocastex.com.ar\/","name":"Impacto Castex","description":"","publisher":{"@id":"https:\/\/impactocastex.com.ar\/#organization"},"potentialAction":[{"@type":"SearchAction","target":{"@type":"EntryPoint","urlTemplate":"https:\/\/impactocastex.com.ar\/?s={search_term_string}"},"query-input":{"@type":"PropertyValueSpecification","valueRequired":true,"valueName":"search_term_string"}}],"inLanguage":"es"},{"@type":"Organization","@id":"https:\/\/impactocastex.com.ar\/#organization","name":"Impacto Castex","url":"https:\/\/impactocastex.com.ar\/","logo":{"@type":"ImageObject","inLanguage":"es","@id":"https:\/\/impactocastex.com.ar\/#\/schema\/logo\/image\/","url":"https:\/\/impactocastex.com.ar\/wp-content\/uploads\/2025\/09\/cropped-icoweb.png","contentUrl":"https:\/\/impactocastex.com.ar\/wp-content\/uploads\/2025\/09\/cropped-icoweb.png","width":512,"height":512,"caption":"Impacto Castex"},"image":{"@id":"https:\/\/impactocastex.com.ar\/#\/schema\/logo\/image\/"},"sameAs":["https:\/\/www.facebook.com\/impactocastexdiario","https:\/\/www.instagram.com\/impactocastex.com.ar\/"]},{"@type":"Person","@id":"https:\/\/impactocastex.com.ar\/#\/schema\/person\/86cb4f827fb5f87869a239b98a69c6e3","name":"impactocastex","image":{"@type":"ImageObject","inLanguage":"es","@id":"https:\/\/secure.gravatar.com\/avatar\/9a87ee051ca8c77f5d4070843ce2c78cdf95b858b950fb039151de955122f5f5?s=96&d=mm&r=g","url":"https:\/\/secure.gravatar.com\/avatar\/9a87ee051ca8c77f5d4070843ce2c78cdf95b858b950fb039151de955122f5f5?s=96&d=mm&r=g","contentUrl":"https:\/\/secure.gravatar.com\/avatar\/9a87ee051ca8c77f5d4070843ce2c78cdf95b858b950fb039151de955122f5f5?s=96&d=mm&r=g","caption":"impactocastex"},"sameAs":["https:\/\/impactocastex.com.ar"],"url":"https:\/\/impactocastex.com.ar\/?author=1"}]}},"jetpack_publicize_connections":[],"featured_image_urls":{"full":["https:\/\/impactocastex.com.ar\/wp-content\/uploads\/2026\/04\/T5GFIRPUKJGN3IYFDAT4BYKDZA-QakUJB-scaled.jpg",2560,1706,false],"thumbnail":["https:\/\/impactocastex.com.ar\/wp-content\/uploads\/2026\/04\/T5GFIRPUKJGN3IYFDAT4BYKDZA-QakUJB-150x150.jpg",150,150,true],"medium":["https:\/\/impactocastex.com.ar\/wp-content\/uploads\/2026\/04\/T5GFIRPUKJGN3IYFDAT4BYKDZA-QakUJB-300x200.jpg",300,200,true],"medium_large":["https:\/\/impactocastex.com.ar\/wp-content\/uploads\/2026\/04\/T5GFIRPUKJGN3IYFDAT4BYKDZA-QakUJB-768x512.jpg",640,427,true],"large":["https:\/\/impactocastex.com.ar\/wp-content\/uploads\/2026\/04\/T5GFIRPUKJGN3IYFDAT4BYKDZA-QakUJB-1024x683.jpg",640,427,true],"1536x1536":["https:\/\/impactocastex.com.ar\/wp-content\/uploads\/2026\/04\/T5GFIRPUKJGN3IYFDAT4BYKDZA-QakUJB-1536x1024.jpg",1536,1024,true],"2048x2048":["https:\/\/impactocastex.com.ar\/wp-content\/uploads\/2026\/04\/T5GFIRPUKJGN3IYFDAT4BYKDZA-QakUJB-2048x1365.jpg",2048,1365,true],"newsever-slider-full":["https:\/\/impactocastex.com.ar\/wp-content\/uploads\/2026\/04\/T5GFIRPUKJGN3IYFDAT4BYKDZA-QakUJB-1280x845.jpg",1280,845,true],"newsever-featured":["https:\/\/impactocastex.com.ar\/wp-content\/uploads\/2026\/04\/T5GFIRPUKJGN3IYFDAT4BYKDZA-QakUJB-1024x683.jpg",1024,683,true],"newsever-medium":["https:\/\/impactocastex.com.ar\/wp-content\/uploads\/2026\/04\/T5GFIRPUKJGN3IYFDAT4BYKDZA-QakUJB-720x475.jpg",720,475,true]},"author_info":{"info":["impactocastex"]},"category_info":"<a href=\"https:\/\/impactocastex.com.ar\/?cat=89\" rel=\"category\">NACIONALES<\/a>","tag_info":"NACIONALES","comment_count":0,"jetpack_featured_media_url":"https:\/\/impactocastex.com.ar\/wp-content\/uploads\/2026\/04\/T5GFIRPUKJGN3IYFDAT4BYKDZA-QakUJB-scaled.jpg","jetpack_sharing_enabled":true,"jetpack_likes_enabled":true,"jetpack_shortlink":"https:\/\/wp.me\/p7sopA-4lG","_links":{"self":[{"href":"https:\/\/impactocastex.com.ar\/index.php?rest_route=\/wp\/v2\/posts\/16720","targetHints":{"allow":["GET"]}}],"collection":[{"href":"https:\/\/impactocastex.com.ar\/index.php?rest_route=\/wp\/v2\/posts"}],"about":[{"href":"https:\/\/impactocastex.com.ar\/index.php?rest_route=\/wp\/v2\/types\/post"}],"author":[{"embeddable":true,"href":"https:\/\/impactocastex.com.ar\/index.php?rest_route=\/wp\/v2\/users\/1"}],"replies":[{"embeddable":true,"href":"https:\/\/impactocastex.com.ar\/index.php?rest_route=%2Fwp%2Fv2%2Fcomments&post=16720"}],"version-history":[{"count":0,"href":"https:\/\/impactocastex.com.ar\/index.php?rest_route=\/wp\/v2\/posts\/16720\/revisions"}],"wp:featuredmedia":[{"embeddable":true,"href":"https:\/\/impactocastex.com.ar\/index.php?rest_route=\/wp\/v2\/media\/16721"}],"wp:attachment":[{"href":"https:\/\/impactocastex.com.ar\/index.php?rest_route=%2Fwp%2Fv2%2Fmedia&parent=16720"}],"wp:term":[{"taxonomy":"category","embeddable":true,"href":"https:\/\/impactocastex.com.ar\/index.php?rest_route=%2Fwp%2Fv2%2Fcategories&post=16720"},{"taxonomy":"post_tag","embeddable":true,"href":"https:\/\/impactocastex.com.ar\/index.php?rest_route=%2Fwp%2Fv2%2Ftags&post=16720"}],"curies":[{"name":"wp","href":"https:\/\/api.w.org\/{rel}","templated":true}]}}