{"id":16718,"date":"2026-04-28T20:18:59","date_gmt":"2026-04-28T23:18:59","guid":{"rendered":"https:\/\/impactocastex.com.ar\/?p=16718"},"modified":"2026-04-28T20:18:59","modified_gmt":"2026-04-28T23:18:59","slug":"carrio-subio-un-video-ironico-cuestionando-a-manuel-adorni-antes-de-su-presentacion-en-el-congreso","status":"publish","type":"post","link":"https:\/\/impactocastex.com.ar\/?p=16718","title":{"rendered":"Carri\u00f3 subi\u00f3 un video ir\u00f3nico cuestionando a Manuel Adorni antes de su presentaci\u00f3n en el Congreso"},"content":{"rendered":"<p><b>Elisa Carri\u00f3<\/b>, referente de la Coalici\u00f3n C\u00edvica ARI (CC-ARI), comparti\u00f3 este martes un ir\u00f3nico video contra el jefe de Gabinete, Manuel Adorni,<a href=\"https:\/\/www.lanacion.com.ar\/politica\/manuel-adorni-ensayo-su-presentacion-en-el-congreso-bajo-un-ferreo-operativo-de-seguridad-nid27042026\/\" target=\"_self\" rel=\"\" title=\"https:\/\/www.lanacion.com.ar\/politica\/manuel-adorni-ensayo-su-presentacion-en-el-congreso-bajo-un-ferreo-operativo-de-seguridad-nid27042026\/\"> en la v\u00edspera de su presentaci\u00f3n en el Congreso<\/a>. Adorni, quien es investigado por la Justicia por presunto enriquecimiento il\u00edcito, exhibir\u00e1 su informe de gesti\u00f3n el mi\u00e9rcoles en Diputados.<\/p>\n<p>La breve filmaci\u00f3n que subi\u00f3 Carri\u00f3 la muestra llorando en un ba\u00f1o y sec\u00e1ndose las l\u00e1grimas con un pa\u00f1uelo. \u201c\u00bfPor qu\u00e9 lloras?\u201c, le pregunta quien graba el video. <b>\u201dPor Adorni. Pobrecito. Se compr\u00f3 todas estas casas en dos a\u00f1os. Y lo atacan\u00bb<\/b>, dice, en referencia a la adquisici\u00f3n de un departamento en Caballito y una casa en el country Indio Cua. Sobre el final de la filmaci\u00f3n, se puede ver a la exlegisladora nacional riendo delante de la c\u00e1mara.<\/p>\n<p>Adorni se volvi\u00f3 el foco del ojo p\u00fablico cuando se revel\u00f3 que su esposa Bettina Angeletti <a href=\"https:\/\/www.lanacion.com.ar\/politica\/manuel-adorni-explico-por-que-viajo-con-su-esposa-en-el-avion-presidencial-a-la-gira-del-gobierno-en-nid10032026\/\" rel=\"\" title=\"https:\/\/www.lanacion.com.ar\/politica\/manuel-adorni-explico-por-que-viajo-con-su-esposa-en-el-avion-presidencial-a-la-gira-del-gobierno-en-nid10032026\/\">viaj\u00f3 en el avi\u00f3n presidencial<\/a> para asistir a <b>la Argentina Week<\/b> junto a la comitiva del Gobierno. La pol\u00e9mica aument\u00f3 todav\u00eda m\u00e1s cuando se descubri\u00f3 un viaje de Adorni, junto a su mujer y sus dos hijos, <b>en un avi\u00f3n privado a Punta del Este<\/b> durante el feriado de carnaval y otro a Aruba. El gasto no se condice con su nivel de ingresos conocidos.<\/p>\n<p>Esto desat\u00f3 una investigaci\u00f3n en la Justicia por el <b>potencial enriquecimiento il\u00edcito de Adorni<\/b>. Luego, se conoci\u00f3 la adquisici\u00f3n de dos propiedades. En 2024, la familia Adorni <a href=\"https:\/\/www.lanacion.com.ar\/politica\/la-esposa-de-adorni-compro-en-2024-la-casa-en-el-country-de-exaltacion-de-la-cruz-senalada-por-la-nid19032026\/\" rel=\"\" title=\"https:\/\/www.lanacion.com.ar\/politica\/la-esposa-de-adorni-compro-en-2024-la-casa-en-el-country-de-exaltacion-de-la-cruz-senalada-por-la-nid19032026\/\">adquiri\u00f3 <b>una casa en el country Indio Cua Golf Club<\/b><\/a>, en el partido bonaerense de <b>Exaltaci\u00f3n de la Cruz, <\/b>tras obtener un cr\u00e9dito hipotecario no bancario de US$100.000. La compra demand\u00f3 US$20.000 adicionales, m\u00e1s gastos en refacciones. La titular es su esposa. <\/p>\n<p><img loading=\"lazy\" decoding=\"async\" src=\"https:\/\/resizer.glanacion.com\/resizer\/v2\/GTRQI6R5ZVBK3IFZTS2COWPRUY.jpg?auth=6fe51691f28e552e5c7bb8bf3448f27fcf2b745b548ad887cf5b6abc120ecf91&amp;smart=true&amp;width=2000&amp;height=1333\" alt=\"El jefe de Gabinete, Manuel Adorni, en la Bas\u00edlica de Luj\u00e1n\" height=\"1333\" width=\"2000\" \/><\/p>\n<p>Un a\u00f1o despu\u00e9s, s<a href=\"https:\/\/www.lanacion.com.ar\/politica\/adorni-registro-en-us230000-la-compra-de-su-departamento-de-caballito-y-declaro-una-hipoteca-con-dos-nid30032026\/\" rel=\"\" title=\"https:\/\/www.lanacion.com.ar\/politica\/adorni-registro-en-us230000-la-compra-de-su-departamento-de-caballito-y-declaro-una-hipoteca-con-dos-nid30032026\/\">eg\u00fan public\u00f3 LA NACION<\/a>, el funcionario firm\u00f3 durante el mes de noviembre <b>la escritura de compraventa de un departamento de la calle Mir\u00f3, en Caballito<\/b>. La operaci\u00f3n qued\u00f3 registrada por un valor de US$230.000, que provienen de una hipoteca no bancaria con dos particulares.<\/p>\n<p>Noticia en desarrollo.<\/p>\n<p>\u200bLa publicaci\u00f3n alude a las recientes revelaciones sobre propiedades y viajes del jefe de Gabinete, que derivaron en una investigaci\u00f3n judicial por enriquecimiento il\u00edcito\u00a0\u00a0<\/p>","protected":false},"excerpt":{"rendered":"<p>Elisa Carri\u00f3, referente de la Coalici\u00f3n C\u00edvica ARI (CC-ARI), comparti\u00f3 este martes un ir\u00f3nico video&#8230;<\/p>\n","protected":false},"author":1,"featured_media":16719,"comment_status":"closed","ping_status":"closed","sticky":false,"template":"","format":"standard","meta":{"_jetpack_memberships_contains_paid_content":false,"footnotes":"","jetpack_publicize_message":"","jetpack_publicize_feature_enabled":true,"jetpack_social_post_already_shared":true,"jetpack_social_options":{"image_generator_settings":{"template":"highway","default_image_id":0,"font":"","enabled":false},"version":2}},"categories":[89],"tags":[],"class_list":["post-16718","post","type-post","status-publish","format-standard","has-post-thumbnail","hentry","category-nacionales"],"yoast_head":"<!-- This site is optimized with the Yoast SEO plugin v27.4 - https:\/\/yoast.com\/product\/yoast-seo-wordpress\/ -->\n<title>Carri\u00f3 subi\u00f3 un video ir\u00f3nico cuestionando a Manuel Adorni antes de su presentaci\u00f3n en el Congreso -<\/title>\n<meta name=\"robots\" content=\"index, follow, max-snippet:-1, max-image-preview:large, max-video-preview:-1\" \/>\n<link rel=\"canonical\" href=\"https:\/\/impactocastex.com.ar\/?p=16718\" \/>\n<meta property=\"og:locale\" content=\"es_ES\" \/>\n<meta property=\"og:type\" content=\"article\" \/>\n<meta property=\"og:title\" content=\"Carri\u00f3 subi\u00f3 un video ir\u00f3nico cuestionando a Manuel Adorni antes de su presentaci\u00f3n en el Congreso -\" \/>\n<meta property=\"og:description\" content=\"Elisa Carri\u00f3, referente de la Coalici\u00f3n C\u00edvica ARI (CC-ARI), comparti\u00f3 este martes un ir\u00f3nico video...\" \/>\n<meta property=\"og:url\" content=\"https:\/\/impactocastex.com.ar\/?p=16718\" \/>\n<meta property=\"article:publisher\" content=\"https:\/\/www.facebook.com\/impactocastexdiario\" \/>\n<meta property=\"article:published_time\" content=\"2026-04-28T23:18:59+00:00\" \/>\n<meta property=\"og:image\" content=\"https:\/\/resizer.glanacion.com\/resizer\/v2\/GTRQI6R5ZVBK3IFZTS2COWPRUY.jpg?auth=6fe51691f28e552e5c7bb8bf3448f27fcf2b745b548ad887cf5b6abc120ecf91&amp;smart=true&amp;width=2000&amp;height=1333\" \/>\n<meta name=\"author\" content=\"impactocastex\" \/>\n<meta name=\"twitter:card\" content=\"summary_large_image\" \/>\n<meta name=\"twitter:label1\" content=\"Escrito por\" \/>\n\t<meta name=\"twitter:data1\" content=\"impactocastex\" \/>\n\t<meta name=\"twitter:label2\" content=\"Tiempo de lectura\" \/>\n\t<meta name=\"twitter:data2\" content=\"2 minutos\" \/>\n<script type=\"application\/ld+json\" class=\"yoast-schema-graph\">{\"@context\":\"https:\\\/\\\/schema.org\",\"@graph\":[{\"@type\":\"Article\",\"@id\":\"https:\\\/\\\/impactocastex.com.ar\\\/?p=16718#article\",\"isPartOf\":{\"@id\":\"https:\\\/\\\/impactocastex.com.ar\\\/?p=16718\"},\"author\":{\"name\":\"impactocastex\",\"@id\":\"https:\\\/\\\/impactocastex.com.ar\\\/#\\\/schema\\\/person\\\/86cb4f827fb5f87869a239b98a69c6e3\"},\"headline\":\"Carri\u00f3 subi\u00f3 un video ir\u00f3nico cuestionando a Manuel Adorni antes de su presentaci\u00f3n en el Congreso\",\"datePublished\":\"2026-04-28T23:18:59+00:00\",\"mainEntityOfPage\":{\"@id\":\"https:\\\/\\\/impactocastex.com.ar\\\/?p=16718\"},\"wordCount\":407,\"publisher\":{\"@id\":\"https:\\\/\\\/impactocastex.com.ar\\\/#organization\"},\"image\":{\"@id\":\"https:\\\/\\\/impactocastex.com.ar\\\/?p=16718#primaryimage\"},\"thumbnailUrl\":\"https:\\\/\\\/impactocastex.com.ar\\\/wp-content\\\/uploads\\\/2026\\\/04\\\/FH7E57RIDBCIVNLMVA632X2ZAM-UPTrQ2.jpg\",\"articleSection\":[\"NACIONALES\"],\"inLanguage\":\"es\"},{\"@type\":\"WebPage\",\"@id\":\"https:\\\/\\\/impactocastex.com.ar\\\/?p=16718\",\"url\":\"https:\\\/\\\/impactocastex.com.ar\\\/?p=16718\",\"name\":\"Carri\u00f3 subi\u00f3 un video ir\u00f3nico cuestionando a Manuel Adorni antes de su presentaci\u00f3n en el Congreso -\",\"isPartOf\":{\"@id\":\"https:\\\/\\\/impactocastex.com.ar\\\/#website\"},\"primaryImageOfPage\":{\"@id\":\"https:\\\/\\\/impactocastex.com.ar\\\/?p=16718#primaryimage\"},\"image\":{\"@id\":\"https:\\\/\\\/impactocastex.com.ar\\\/?p=16718#primaryimage\"},\"thumbnailUrl\":\"https:\\\/\\\/impactocastex.com.ar\\\/wp-content\\\/uploads\\\/2026\\\/04\\\/FH7E57RIDBCIVNLMVA632X2ZAM-UPTrQ2.jpg\",\"datePublished\":\"2026-04-28T23:18:59+00:00\",\"breadcrumb\":{\"@id\":\"https:\\\/\\\/impactocastex.com.ar\\\/?p=16718#breadcrumb\"},\"inLanguage\":\"es\",\"potentialAction\":[{\"@type\":\"ReadAction\",\"target\":[\"https:\\\/\\\/impactocastex.com.ar\\\/?p=16718\"]}]},{\"@type\":\"ImageObject\",\"inLanguage\":\"es\",\"@id\":\"https:\\\/\\\/impactocastex.com.ar\\\/?p=16718#primaryimage\",\"url\":\"https:\\\/\\\/impactocastex.com.ar\\\/wp-content\\\/uploads\\\/2026\\\/04\\\/FH7E57RIDBCIVNLMVA632X2ZAM-UPTrQ2.jpg\",\"contentUrl\":\"https:\\\/\\\/impactocastex.com.ar\\\/wp-content\\\/uploads\\\/2026\\\/04\\\/FH7E57RIDBCIVNLMVA632X2ZAM-UPTrQ2.jpg\",\"width\":1200,\"height\":800},{\"@type\":\"BreadcrumbList\",\"@id\":\"https:\\\/\\\/impactocastex.com.ar\\\/?p=16718#breadcrumb\",\"itemListElement\":[{\"@type\":\"ListItem\",\"position\":1,\"name\":\"Portada\",\"item\":\"https:\\\/\\\/impactocastex.com.ar\\\/\"},{\"@type\":\"ListItem\",\"position\":2,\"name\":\"Carri\u00f3 subi\u00f3 un video ir\u00f3nico cuestionando a Manuel Adorni antes de su presentaci\u00f3n en el Congreso\"}]},{\"@type\":\"WebSite\",\"@id\":\"https:\\\/\\\/impactocastex.com.ar\\\/#website\",\"url\":\"https:\\\/\\\/impactocastex.com.ar\\\/\",\"name\":\"Impacto Castex\",\"description\":\"\",\"publisher\":{\"@id\":\"https:\\\/\\\/impactocastex.com.ar\\\/#organization\"},\"potentialAction\":[{\"@type\":\"SearchAction\",\"target\":{\"@type\":\"EntryPoint\",\"urlTemplate\":\"https:\\\/\\\/impactocastex.com.ar\\\/?s={search_term_string}\"},\"query-input\":{\"@type\":\"PropertyValueSpecification\",\"valueRequired\":true,\"valueName\":\"search_term_string\"}}],\"inLanguage\":\"es\"},{\"@type\":\"Organization\",\"@id\":\"https:\\\/\\\/impactocastex.com.ar\\\/#organization\",\"name\":\"Impacto Castex\",\"url\":\"https:\\\/\\\/impactocastex.com.ar\\\/\",\"logo\":{\"@type\":\"ImageObject\",\"inLanguage\":\"es\",\"@id\":\"https:\\\/\\\/impactocastex.com.ar\\\/#\\\/schema\\\/logo\\\/image\\\/\",\"url\":\"https:\\\/\\\/impactocastex.com.ar\\\/wp-content\\\/uploads\\\/2025\\\/09\\\/cropped-icoweb.png\",\"contentUrl\":\"https:\\\/\\\/impactocastex.com.ar\\\/wp-content\\\/uploads\\\/2025\\\/09\\\/cropped-icoweb.png\",\"width\":512,\"height\":512,\"caption\":\"Impacto Castex\"},\"image\":{\"@id\":\"https:\\\/\\\/impactocastex.com.ar\\\/#\\\/schema\\\/logo\\\/image\\\/\"},\"sameAs\":[\"https:\\\/\\\/www.facebook.com\\\/impactocastexdiario\",\"https:\\\/\\\/www.instagram.com\\\/impactocastex.com.ar\\\/\"]},{\"@type\":\"Person\",\"@id\":\"https:\\\/\\\/impactocastex.com.ar\\\/#\\\/schema\\\/person\\\/86cb4f827fb5f87869a239b98a69c6e3\",\"name\":\"impactocastex\",\"image\":{\"@type\":\"ImageObject\",\"inLanguage\":\"es\",\"@id\":\"https:\\\/\\\/secure.gravatar.com\\\/avatar\\\/9a87ee051ca8c77f5d4070843ce2c78cdf95b858b950fb039151de955122f5f5?s=96&d=mm&r=g\",\"url\":\"https:\\\/\\\/secure.gravatar.com\\\/avatar\\\/9a87ee051ca8c77f5d4070843ce2c78cdf95b858b950fb039151de955122f5f5?s=96&d=mm&r=g\",\"contentUrl\":\"https:\\\/\\\/secure.gravatar.com\\\/avatar\\\/9a87ee051ca8c77f5d4070843ce2c78cdf95b858b950fb039151de955122f5f5?s=96&d=mm&r=g\",\"caption\":\"impactocastex\"},\"sameAs\":[\"https:\\\/\\\/impactocastex.com.ar\"],\"url\":\"https:\\\/\\\/impactocastex.com.ar\\\/?author=1\"}]}<\/script>\n<!-- \/ Yoast SEO plugin. -->","yoast_head_json":{"title":"Carri\u00f3 subi\u00f3 un video ir\u00f3nico cuestionando a Manuel Adorni antes de su presentaci\u00f3n en el Congreso -","robots":{"index":"index","follow":"follow","max-snippet":"max-snippet:-1","max-image-preview":"max-image-preview:large","max-video-preview":"max-video-preview:-1"},"canonical":"https:\/\/impactocastex.com.ar\/?p=16718","og_locale":"es_ES","og_type":"article","og_title":"Carri\u00f3 subi\u00f3 un video ir\u00f3nico cuestionando a Manuel Adorni antes de su presentaci\u00f3n en el Congreso -","og_description":"Elisa Carri\u00f3, referente de la Coalici\u00f3n C\u00edvica ARI (CC-ARI), comparti\u00f3 este martes un ir\u00f3nico video...","og_url":"https:\/\/impactocastex.com.ar\/?p=16718","article_publisher":"https:\/\/www.facebook.com\/impactocastexdiario","article_published_time":"2026-04-28T23:18:59+00:00","og_image":[{"url":"https:\/\/resizer.glanacion.com\/resizer\/v2\/GTRQI6R5ZVBK3IFZTS2COWPRUY.jpg?auth=6fe51691f28e552e5c7bb8bf3448f27fcf2b745b548ad887cf5b6abc120ecf91&amp;smart=true&amp;width=2000&amp;height=1333","type":"","width":"","height":""}],"author":"impactocastex","twitter_card":"summary_large_image","twitter_misc":{"Escrito por":"impactocastex","Tiempo de lectura":"2 minutos"},"schema":{"@context":"https:\/\/schema.org","@graph":[{"@type":"Article","@id":"https:\/\/impactocastex.com.ar\/?p=16718#article","isPartOf":{"@id":"https:\/\/impactocastex.com.ar\/?p=16718"},"author":{"name":"impactocastex","@id":"https:\/\/impactocastex.com.ar\/#\/schema\/person\/86cb4f827fb5f87869a239b98a69c6e3"},"headline":"Carri\u00f3 subi\u00f3 un video ir\u00f3nico cuestionando a Manuel Adorni antes de su presentaci\u00f3n en el Congreso","datePublished":"2026-04-28T23:18:59+00:00","mainEntityOfPage":{"@id":"https:\/\/impactocastex.com.ar\/?p=16718"},"wordCount":407,"publisher":{"@id":"https:\/\/impactocastex.com.ar\/#organization"},"image":{"@id":"https:\/\/impactocastex.com.ar\/?p=16718#primaryimage"},"thumbnailUrl":"https:\/\/impactocastex.com.ar\/wp-content\/uploads\/2026\/04\/FH7E57RIDBCIVNLMVA632X2ZAM-UPTrQ2.jpg","articleSection":["NACIONALES"],"inLanguage":"es"},{"@type":"WebPage","@id":"https:\/\/impactocastex.com.ar\/?p=16718","url":"https:\/\/impactocastex.com.ar\/?p=16718","name":"Carri\u00f3 subi\u00f3 un video ir\u00f3nico cuestionando a Manuel Adorni antes de su presentaci\u00f3n en el Congreso -","isPartOf":{"@id":"https:\/\/impactocastex.com.ar\/#website"},"primaryImageOfPage":{"@id":"https:\/\/impactocastex.com.ar\/?p=16718#primaryimage"},"image":{"@id":"https:\/\/impactocastex.com.ar\/?p=16718#primaryimage"},"thumbnailUrl":"https:\/\/impactocastex.com.ar\/wp-content\/uploads\/2026\/04\/FH7E57RIDBCIVNLMVA632X2ZAM-UPTrQ2.jpg","datePublished":"2026-04-28T23:18:59+00:00","breadcrumb":{"@id":"https:\/\/impactocastex.com.ar\/?p=16718#breadcrumb"},"inLanguage":"es","potentialAction":[{"@type":"ReadAction","target":["https:\/\/impactocastex.com.ar\/?p=16718"]}]},{"@type":"ImageObject","inLanguage":"es","@id":"https:\/\/impactocastex.com.ar\/?p=16718#primaryimage","url":"https:\/\/impactocastex.com.ar\/wp-content\/uploads\/2026\/04\/FH7E57RIDBCIVNLMVA632X2ZAM-UPTrQ2.jpg","contentUrl":"https:\/\/impactocastex.com.ar\/wp-content\/uploads\/2026\/04\/FH7E57RIDBCIVNLMVA632X2ZAM-UPTrQ2.jpg","width":1200,"height":800},{"@type":"BreadcrumbList","@id":"https:\/\/impactocastex.com.ar\/?p=16718#breadcrumb","itemListElement":[{"@type":"ListItem","position":1,"name":"Portada","item":"https:\/\/impactocastex.com.ar\/"},{"@type":"ListItem","position":2,"name":"Carri\u00f3 subi\u00f3 un video ir\u00f3nico cuestionando a Manuel Adorni antes de su presentaci\u00f3n en el Congreso"}]},{"@type":"WebSite","@id":"https:\/\/impactocastex.com.ar\/#website","url":"https:\/\/impactocastex.com.ar\/","name":"Impacto Castex","description":"","publisher":{"@id":"https:\/\/impactocastex.com.ar\/#organization"},"potentialAction":[{"@type":"SearchAction","target":{"@type":"EntryPoint","urlTemplate":"https:\/\/impactocastex.com.ar\/?s={search_term_string}"},"query-input":{"@type":"PropertyValueSpecification","valueRequired":true,"valueName":"search_term_string"}}],"inLanguage":"es"},{"@type":"Organization","@id":"https:\/\/impactocastex.com.ar\/#organization","name":"Impacto Castex","url":"https:\/\/impactocastex.com.ar\/","logo":{"@type":"ImageObject","inLanguage":"es","@id":"https:\/\/impactocastex.com.ar\/#\/schema\/logo\/image\/","url":"https:\/\/impactocastex.com.ar\/wp-content\/uploads\/2025\/09\/cropped-icoweb.png","contentUrl":"https:\/\/impactocastex.com.ar\/wp-content\/uploads\/2025\/09\/cropped-icoweb.png","width":512,"height":512,"caption":"Impacto Castex"},"image":{"@id":"https:\/\/impactocastex.com.ar\/#\/schema\/logo\/image\/"},"sameAs":["https:\/\/www.facebook.com\/impactocastexdiario","https:\/\/www.instagram.com\/impactocastex.com.ar\/"]},{"@type":"Person","@id":"https:\/\/impactocastex.com.ar\/#\/schema\/person\/86cb4f827fb5f87869a239b98a69c6e3","name":"impactocastex","image":{"@type":"ImageObject","inLanguage":"es","@id":"https:\/\/secure.gravatar.com\/avatar\/9a87ee051ca8c77f5d4070843ce2c78cdf95b858b950fb039151de955122f5f5?s=96&d=mm&r=g","url":"https:\/\/secure.gravatar.com\/avatar\/9a87ee051ca8c77f5d4070843ce2c78cdf95b858b950fb039151de955122f5f5?s=96&d=mm&r=g","contentUrl":"https:\/\/secure.gravatar.com\/avatar\/9a87ee051ca8c77f5d4070843ce2c78cdf95b858b950fb039151de955122f5f5?s=96&d=mm&r=g","caption":"impactocastex"},"sameAs":["https:\/\/impactocastex.com.ar"],"url":"https:\/\/impactocastex.com.ar\/?author=1"}]}},"jetpack_publicize_connections":[],"featured_image_urls":{"full":["https:\/\/impactocastex.com.ar\/wp-content\/uploads\/2026\/04\/FH7E57RIDBCIVNLMVA632X2ZAM-UPTrQ2.jpg",1200,800,false],"thumbnail":["https:\/\/impactocastex.com.ar\/wp-content\/uploads\/2026\/04\/FH7E57RIDBCIVNLMVA632X2ZAM-UPTrQ2-150x150.jpg",150,150,true],"medium":["https:\/\/impactocastex.com.ar\/wp-content\/uploads\/2026\/04\/FH7E57RIDBCIVNLMVA632X2ZAM-UPTrQ2-300x200.jpg",300,200,true],"medium_large":["https:\/\/impactocastex.com.ar\/wp-content\/uploads\/2026\/04\/FH7E57RIDBCIVNLMVA632X2ZAM-UPTrQ2-768x512.jpg",640,427,true],"large":["https:\/\/impactocastex.com.ar\/wp-content\/uploads\/2026\/04\/FH7E57RIDBCIVNLMVA632X2ZAM-UPTrQ2-1024x683.jpg",640,427,true],"1536x1536":["https:\/\/impactocastex.com.ar\/wp-content\/uploads\/2026\/04\/FH7E57RIDBCIVNLMVA632X2ZAM-UPTrQ2.jpg",1200,800,false],"2048x2048":["https:\/\/impactocastex.com.ar\/wp-content\/uploads\/2026\/04\/FH7E57RIDBCIVNLMVA632X2ZAM-UPTrQ2.jpg",1200,800,false],"newsever-slider-full":["https:\/\/impactocastex.com.ar\/wp-content\/uploads\/2026\/04\/FH7E57RIDBCIVNLMVA632X2ZAM-UPTrQ2.jpg",1200,800,false],"newsever-featured":["https:\/\/impactocastex.com.ar\/wp-content\/uploads\/2026\/04\/FH7E57RIDBCIVNLMVA632X2ZAM-UPTrQ2-1024x683.jpg",1024,683,true],"newsever-medium":["https:\/\/impactocastex.com.ar\/wp-content\/uploads\/2026\/04\/FH7E57RIDBCIVNLMVA632X2ZAM-UPTrQ2-720x475.jpg",720,475,true]},"author_info":{"info":["impactocastex"]},"category_info":"<a href=\"https:\/\/impactocastex.com.ar\/?cat=89\" rel=\"category\">NACIONALES<\/a>","tag_info":"NACIONALES","comment_count":0,"jetpack_featured_media_url":"https:\/\/impactocastex.com.ar\/wp-content\/uploads\/2026\/04\/FH7E57RIDBCIVNLMVA632X2ZAM-UPTrQ2.jpg","jetpack_sharing_enabled":true,"jetpack_likes_enabled":true,"jetpack_shortlink":"https:\/\/wp.me\/p7sopA-4lE","_links":{"self":[{"href":"https:\/\/impactocastex.com.ar\/index.php?rest_route=\/wp\/v2\/posts\/16718","targetHints":{"allow":["GET"]}}],"collection":[{"href":"https:\/\/impactocastex.com.ar\/index.php?rest_route=\/wp\/v2\/posts"}],"about":[{"href":"https:\/\/impactocastex.com.ar\/index.php?rest_route=\/wp\/v2\/types\/post"}],"author":[{"embeddable":true,"href":"https:\/\/impactocastex.com.ar\/index.php?rest_route=\/wp\/v2\/users\/1"}],"replies":[{"embeddable":true,"href":"https:\/\/impactocastex.com.ar\/index.php?rest_route=%2Fwp%2Fv2%2Fcomments&post=16718"}],"version-history":[{"count":0,"href":"https:\/\/impactocastex.com.ar\/index.php?rest_route=\/wp\/v2\/posts\/16718\/revisions"}],"wp:featuredmedia":[{"embeddable":true,"href":"https:\/\/impactocastex.com.ar\/index.php?rest_route=\/wp\/v2\/media\/16719"}],"wp:attachment":[{"href":"https:\/\/impactocastex.com.ar\/index.php?rest_route=%2Fwp%2Fv2%2Fmedia&parent=16718"}],"wp:term":[{"taxonomy":"category","embeddable":true,"href":"https:\/\/impactocastex.com.ar\/index.php?rest_route=%2Fwp%2Fv2%2Fcategories&post=16718"},{"taxonomy":"post_tag","embeddable":true,"href":"https:\/\/impactocastex.com.ar\/index.php?rest_route=%2Fwp%2Fv2%2Ftags&post=16718"}],"curies":[{"name":"wp","href":"https:\/\/api.w.org\/{rel}","templated":true}]}}