{"id":16716,"date":"2026-04-28T17:58:43","date_gmt":"2026-04-28T20:58:43","guid":{"rendered":"https:\/\/impactocastex.com.ar\/?p=16716"},"modified":"2026-04-28T17:58:43","modified_gmt":"2026-04-28T20:58:43","slug":"documentos-secretos-revelan-que-la-side-de-la-dictadura-financio-un-truculento-libro-contra-las-denuncias-por-violaciones-a-los-derechos-humanos","status":"publish","type":"post","link":"https:\/\/impactocastex.com.ar\/?p=16716","title":{"rendered":"Documentos secretos revelan que la SIDE de la dictadura financi\u00f3 un truculento libro contra las denuncias por violaciones a los derechos humanos"},"content":{"rendered":"<div class=\"sc-45461e9c-0 eqiBeF container-text text-embed \">\n<p>El pol\u00e9mico y truculento libro <strong>\u201cArgentina y sus derechos humanos\u201d<\/strong> publicado por la dictadura fue encargado, financiado y difundido por la SIDE de la dictadura, seg\u00fan la desclasificaci\u00f3n de documento secretos del organismo iniciada por el gobierno e Javier Milei y que este martes tuvo una segunda etapa.<\/p>\n<\/div>\n<div class=\"sc-45461e9c-0 eqiBeF container-text text-embed \">\n<p>Fue parte de los intentos de la dictadura del Proceso de Reorganizaci\u00f3n Nacional de contrarrestar la \u201ccampa\u00f1a antiargentina\u201d que organismos de derechos humanos y la prensa de Francia, Gran Breta\u00f1a y Suecia hab\u00edan iniciado para denunciar las desaparecidos, ejecuciones y torturas en Argentina. El libro, junto al Centro Piloto de Par\u00eds, fueron algunas de las herramientas que us\u00f3 la dictadura en los setenta.<\/p>\n<\/div>\n<div class=\"sc-45461e9c-0 eqiBeF container-text text-embed \">\n<p>Esta etapa el gobierno desclasific\u00f3 17 documentos elaborados entre 1973 y 1983 \u2013entre ellos el libro- en los que se revela que para la dictadura eran \u201csubversivos\u201d desde la presidenta de la Asamblea Permanente de los Derechos Humanos (APDH),<strong> Alicia Moreau de Justo hasta Ra\u00fal Alfons\u00edn, Alfredo Bravo y el recientemente fallecido actor Luis Brandoni <\/strong>por haber adherido a esa organizaci\u00f3n. Brandoni se hab\u00eda exiliado en Espa\u00f1a en 1974 tras ser amenazado por la Triple A que maneja el ex ministro de Per\u00f3n, Jos\u00e9 L\u00f3pez Rega.<\/p>\n<\/div>\n<div class=\"sc-98b114a2-0 bkqiHH image-embed  image-embed \"><img decoding=\"async\" alt='Elementos \"subversivos\" que seg\u00fan la SIDE de la dictadura estaban pr\u00f3fugos.' loading=\"eager\" width=\"0\" height=\"750\" data-nimg=\"1\" src=\"https:\/\/www.clarin.com\/img\/2026\/04\/28\/MQ2lSTeIz_0x750__2.jpg#1777410177807\" \/><span class=\"epigraphe\" aria-hidden=\"true\">Elementos \u00absubversivos\u00bb que seg\u00fan la SIDE de la dictadura estaban pr\u00f3fugos.<\/span><span class=\"picture-open\"><button class=\"open-image\" aria-label=\"Open Image\"><\/button><\/span><\/div>\n<div class=\"sc-45461e9c-0 eqiBeF container-text text-embed \">\n<p>Adem\u00e1s, cuando la Comisi\u00f3n Interamericana de Derechos Humanos (CIDH) hizo su hist\u00f3rica visita a la Argentina en 1979, la SIDE lanz\u00f3 la campa\u00f1a \u00ablos argentinos somos derechos y humanos\u00bb.<\/p>\n<\/div>\n<div class=\"sc-45461e9c-0 eqiBeF container-text text-embed \">\n<p>Pero contiene muchas mentiras como afirman que el ex embajador Hidalgo Sol\u00e1 fue asesinado por la \u00absubversi\u00f3n\u00bb, <strong>cuando en realidad fue ejecutado por grupos de tareas de la Armada que respond\u00edan al almirante Emilio Masse<\/strong>ra.<\/p>\n<\/div>\n<div class=\"sc-45461e9c-0 eqiBeF container-text text-embed \">\n<p>El libro tuvo una primera y segunda edici\u00f3n y  fue elaborado por la SIDE bajo la cobertura de un agente que no identifica para no violar la ley de Inteligencia. Fue publicado en espa\u00f1ol, ingl\u00e9s y franc\u00e9s y no tiene pie de imprenta.<\/p>\n<\/div>\n<div class=\"sc-98b114a2-0 bkqiHH image-embed  image-embed \"><img decoding=\"async\" alt='Otros de los \"pr\u00f3fugos\" seg\u00fan la SIDE de la dictadura.' loading=\"eager\" width=\"0\" height=\"750\" data-nimg=\"1\" src=\"https:\/\/www.clarin.com\/img\/2026\/04\/28\/QQaNbBg-h_0x750__2.jpg#1777410195998\" \/><span class=\"epigraphe\" aria-hidden=\"true\">Otros de los \u00abpr\u00f3fugos\u00bb seg\u00fan la SIDE de la dictadura.<\/span><span class=\"picture-open\"><button class=\"open-image\" aria-label=\"Open Image\"><\/button><\/span><\/div>\n<div class=\"sc-45461e9c-0 eqiBeF container-text text-embed \">\n<p>Fue encargado por el \u201cSubsecretario \u201cA\u201d \u2013en tiempos en que el jefe era el general de brigada Alberto Mart\u00ednez- y se encomend\u00f3 a un agente de la SIDE \u2013que no identifica- la confecci\u00f3n, elaboraci\u00f3n, edici\u00f3n y distribuci\u00f3n de un libro relacionado con \u201cel accionar de la subversi\u00f3n en el mundo y sus implicancias en la Rep\u00fablica Argentina\u201d.<\/p>\n<\/div>\n<h2>Asociaci\u00f3n Patri\u00f3tica Argentina, un sello de la SIDE<\/h2>\n<div class=\"sc-45461e9c-0 eqiBeF container-text text-embed \">\n<p>La tarea se denomin\u00f3 \u201cOperativo Editorial\u201d se cre\u00f3 una asociaci\u00f3n civil denominada Asociaci\u00f3n Patri\u00f3tica Argentina, q<strong>ue solo ten\u00eda una casilla de correos,<\/strong> pero el agente encubierto actuando como secretario de prensa recibi\u00f3 documentaci\u00f3n de la represi\u00f3n ilegal y tarjetas institucionales. Las fotos que publica de las v\u00edctimas de la subversi\u00f3n son realmente truculentas: cad\u00e1veres mutilados y desfigurados por tiros o explosiones.<\/p>\n<\/div>\n<div class=\"sc-45461e9c-0 eqiBeF container-text text-embed \">\n<p>El agente encubierto realiz\u00f3 entrevistas y mantuvo correspondencia con \u201cfamiliares de fallecidos por la subversi\u00f3n\u201d, organismos de DD.HH., personal de las Fuerzas Armadas y de las Fuerzas de Seguridad, imprentas, editoriales, medios de comunicaci\u00f3n, dependencias estatales, seg\u00fan se desprende del sumario.<\/p>\n<\/div>\n<div class=\"sc-45461e9c-0 eqiBeF container-text text-embed \">\n<p>El \u201cOperativo Editorial\u201d tuvo asignada una partida presupuestaria entre 1979 y 1983 y se llegaron a distribuir 20.000 ejemplares. La documentaci\u00f3n relativa al Operativo se archivaba en la Secretar\u00eda General de Interior y a fines del a\u00f1o 1983 fue triturada antes de entregarle el poder al primer presidente de la democracia Ra\u00fal Alfons\u00edn.<\/p>\n<\/div>\n<div class=\"sc-45461e9c-0 eqiBeF container-text text-embed \">\n<p>La publicaci\u00f3n \u201cArgentina y sus Derechos Humanos\u201d, firmada por la inexistente Asociaci\u00f3n Patri\u00f3tica Argentina, fue acompa\u00f1ada por una carta de presentaci\u00f3n rubricada por \u201clos editores\u201d. All\u00ed se explicita que el objetivo del libro ha sido documentar y difundir los \u201catentados terroristas que ha padecido la Rep\u00fablica Argentina\u201d, desde 1969 hasta 1979. A su vez, refiere \u201ca algunos aspectos de la campa\u00f1a que, desde el exterior, se realiza para desprestigiar a nuestro pa\u00eds\u201d. En raz\u00f3n de eso, el documento se propone \u201ccontrarrestar los injustificados ataques de que somos objeto\u201d y \u201calertar a otras naciones sobre el grave peligro que las acecha\u201d.<\/p>\n<\/div>\n<div class=\"sc-45461e9c-0 eqiBeF container-text text-embed \">\n<p><strong>Fotos truculentas<\/strong><\/p>\n<\/div>\n<div class=\"sc-45461e9c-0 eqiBeF container-text text-embed \">\n<p>El libro contiene una larga lista de v\u00edctimas de la subversi\u00f3n y fotos sangrientas de atentados terroristas en Argentina y otros pa\u00edses. <\/p>\n<\/div>\n<div class=\"sc-98b114a2-0 bkqiHH image-embed  image-embed \"><img decoding=\"async\" alt=\"Atentado montonero contra la casa del almirante Lambruschini, publicado en el libro de la SIDE. \" loading=\"eager\" width=\"0\" height=\"750\" data-nimg=\"1\" src=\"https:\/\/www.clarin.com\/img\/2026\/04\/28\/YuqnC9MjB_0x750__2.jpg#1777410222190\" \/><span class=\"epigraphe\" aria-hidden=\"true\">Atentado montonero contra la casa del almirante Lambruschini, publicado en el libro de la SIDE. <\/span><span class=\"picture-open\"><button class=\"open-image\" aria-label=\"Open Image\"><\/button><\/span><\/div>\n<div class=\"sc-45461e9c-0 eqiBeF container-text text-embed \">\n<p>En otros de los documentos desclasificado, publica una lista de periodistas extranjeros a los que falsamente los vinculada con el comunismo. Dice que \u201cm\u00e1s efectivos son los corresponsales extranjeros que por estar identificados con el marxismo o porque les pagan abundantes d\u00f3lares, <strong>constituyen el medio m\u00e1s eficaz para lograr una r\u00e1pida y muy amplia difusi\u00f3n de narraciones orientadas a presentar en el exterior una imagen de una Argentina salvaje<\/strong>, sanguinaria, inhumana\u201d.<\/p>\n<\/div>\n<div class=\"sc-45461e9c-0 eqiBeF container-text text-embed \">\n<p>\u201cDe una Argentina cuyas calles est\u00e1n permanentemente regadas de sangre y los cad\u00e1veres en ellas se acumulan uno sobre otros. Entre los corresponsales que m\u00e1s se han destacado y algunos a\u00fan se destacan en la exageraci\u00f3n y deformaci\u00f3n de la realidad argentina, pueden mencionarse; <strong>\u2014 Philip Lebreveux (Le Monde). \u2014 Oscar Romero (Pueblo, de Madrid). \u2014 Vicente Panetta (Associated Press). \u2014 Oscar Serrat (Associated Press). \u2014 Flavio Tavares Freitas (Excelsior- M\u00e9xico)\u201d, agrega entre otros.<\/strong><\/p>\n<\/div>\n<div class=\"sc-45461e9c-0 eqiBeF container-text text-embed \">\n<p>El documento tambi\u00e9n incluye como organizaciones terroristas a Amnesty Internacional, a la Confederaci\u00f3n Internacional de Organizaciones Sindicales Libres,a l Consejo Mundial de la Paz, al Consejo Mundial de Iglesias al Alto Comisionado de las Naciones Unidas y a la Agencia para los Refugiados de la ONU.<\/p>\n<\/div>\n<h2>Operaciones de acci\u00f3n psicol\u00f3gica contra periodistas<\/h2>\n<div class=\"sc-98b114a2-0 bkqiHH image-embed  image-embed \"><img decoding=\"async\" alt=\"Fotos de la matanza de Ezeiza en el regreso de Per\u00f3n a la Argentina en 1973 y tapa de la revista de los Montoneros.\" loading=\"eager\" width=\"0\" height=\"750\" data-nimg=\"1\" src=\"https:\/\/www.clarin.com\/img\/2026\/04\/28\/JPc0kuPCs_0x750__2.jpg#1777410246789\" \/><span class=\"epigraphe\" aria-hidden=\"true\">Fotos de la matanza de Ezeiza en el regreso de Per\u00f3n a la Argentina en 1973 y tapa de la revista de los Montoneros.<\/span><span class=\"picture-open\"><button class=\"open-image\" aria-label=\"Open Image\"><\/button><\/span><\/div>\n<div class=\"sc-45461e9c-0 eqiBeF container-text text-embed \">\n<p>En cuanto a la orientaci\u00f3n de la SIDE hay un \u201cdocumento del a\u00f1o 1979 que tiene como finalidad establecer los cursos de acci\u00f3n institucional y las ideas rectoras de la Secretar\u00eda a partir de las consideraciones elaboradas sobre la situaci\u00f3n coyuntural del pa\u00eds y de aquellos conflictos internacionales que afectan a la Naci\u00f3n\u201d.<\/p>\n<\/div>\n<div class=\"sc-45461e9c-0 eqiBeF container-text text-embed \">\n<p>\u201cEst\u00e1 estructurado en dos partes: una que establece las orientaciones generales y las ideas b\u00e1sicas que regir\u00e1n las actividades de la SIDE, y una segunda que informa las orientaciones particulares de las tres Subsecretar\u00edas que conforman el organismo. Como orientaci\u00f3n general, el documento se\u00f1ala que la \u201cguerra contra la agresi\u00f3n subversiva marxista, iniciada formalmente en octubre de 1975,<strong> pr\u00e1cticamente ha culminado en su faz operacional\u201d en 1979, es decir la face militar.<\/strong><\/p>\n<\/div>\n<div class=\"sc-45461e9c-0 eqiBeF container-text text-embed \">\n<p>Luego aclara que \u201cesto no significa que la actividad de inteligencia deba disminuir o atenuarse, dado que \u201cel enemigo que no haya sido destruido se mantiene en una aparente quietud a la espera de circunstancias propicias, en todas las actividades del quehacer nacional\u201d. En ese marco, se determina que la SIDE debe reorientar<strong> su atenci\u00f3n hacia la inteligencia pol\u00edtica, econ\u00f3mica y social.<\/strong><\/p>\n<\/div>\n<div class=\"sc-45461e9c-0 eqiBeF container-text text-embed \">\n<p>En otro documento el Departamento de Acci\u00f3n Psicol\u00f3gica en el a\u00f1o 1963 \u201cpresenta<strong> un an\u00e1lisis semanal de medios, <\/strong>discursos y encuestas, orientado a evaluar percepciones sociales, expectativas pol\u00edticas y clima de legitimidad institucional. Se distribu\u00eda a los organismos de inteligencia, Fuerzas Armadas, ministerios y provincias\u201d.<\/p>\n<\/div>\n<div class=\"sc-98b114a2-0 bkqiHH image-embed  image-embed \"><img decoding=\"async\" alt=\"Las regionales en que se divid\u00eda la SIDE de la dictadura\" loading=\"eager\" width=\"0\" height=\"750\" data-nimg=\"1\" src=\"https:\/\/www.clarin.com\/img\/2026\/04\/28\/3c0P_18EY_0x750__2.jpg#1777410272288\" \/><span class=\"epigraphe\" aria-hidden=\"true\">Las regionales en que se divid\u00eda la SIDE de la dictadura<\/span><span class=\"picture-open\"><button class=\"open-image\" aria-label=\"Open Image\"><\/button><\/span><\/div>\n<div class=\"sc-45461e9c-0 eqiBeF container-text text-embed \">\n<p>El documento \u201cse divide en tres apartados que analizan los argumentos de mayor transcendencia del orden nacional, el comportamiento de los medios de opini\u00f3n y medios de difusi\u00f3n, y el comportamiento de la opini\u00f3n publica viva. El primer apartado destaca los hechos de mayor trascendencia y eval\u00faa su incidencia en la opini\u00f3n p\u00fablica\u00bb.<\/p>\n<\/div>\n<div class=\"sc-45461e9c-0 eqiBeF container-text text-embed \">\n<p>El segundo, \u00abanaliza la prensa escrita metropolitana, la prensa radial y la prensa televisada. Respecto al tercer apartado, sobre el \u201ccomportamiento de la opini\u00f3n p\u00fablica viva\u201d, el inter\u00e9s est\u00e1 puesto en develar la \u201cpersonalidad social b\u00e1sica nacional\u201d mediante la identificaci\u00f3n de motivaciones, valores, creencias y pautas psicosociales de los diferentes grupos humanos de nuestra sociedad, diferenciado seg\u00fan sus clases sociales.<\/p>\n<\/div>\n<p><strong><a href=\"https:\/\/blockads.fivefilters.org\/\">Adblock test<\/a><\/strong> <a href=\"https:\/\/blockads.fivefilters.org\/acceptable.html\">(Why?)<\/a><\/p>\n<p>\u200b\u00a0\u00a0\u200b<\/p>","protected":false},"excerpt":{"rendered":"<p>El pol\u00e9mico y truculento libro \u201cArgentina y sus derechos humanos\u201d publicado por la dictadura fue&#8230;<\/p>\n","protected":false},"author":1,"featured_media":16717,"comment_status":"closed","ping_status":"closed","sticky":false,"template":"","format":"standard","meta":{"_jetpack_memberships_contains_paid_content":false,"footnotes":"","jetpack_publicize_message":"","jetpack_publicize_feature_enabled":true,"jetpack_social_post_already_shared":true,"jetpack_social_options":{"image_generator_settings":{"template":"highway","default_image_id":0,"font":"","enabled":false},"version":2}},"categories":[122],"tags":[],"class_list":["post-16716","post","type-post","status-publish","format-standard","has-post-thumbnail","hentry","category-politica"],"yoast_head":"<!-- This site is optimized with the Yoast SEO plugin v27.4 - https:\/\/yoast.com\/product\/yoast-seo-wordpress\/ -->\n<title>Documentos secretos revelan que la SIDE de la dictadura financi\u00f3 un truculento libro contra las denuncias por violaciones a los derechos humanos -<\/title>\n<meta name=\"robots\" content=\"index, follow, max-snippet:-1, max-image-preview:large, max-video-preview:-1\" \/>\n<link rel=\"canonical\" href=\"https:\/\/impactocastex.com.ar\/?p=16716\" \/>\n<meta property=\"og:locale\" content=\"es_ES\" \/>\n<meta property=\"og:type\" content=\"article\" \/>\n<meta property=\"og:title\" content=\"Documentos secretos revelan que la SIDE de la dictadura financi\u00f3 un truculento libro contra las denuncias por violaciones a los derechos humanos -\" \/>\n<meta property=\"og:description\" content=\"El pol\u00e9mico y truculento libro \u201cArgentina y sus derechos humanos\u201d publicado por la dictadura fue...\" \/>\n<meta property=\"og:url\" content=\"https:\/\/impactocastex.com.ar\/?p=16716\" \/>\n<meta property=\"article:publisher\" content=\"https:\/\/www.facebook.com\/impactocastexdiario\" \/>\n<meta property=\"article:published_time\" content=\"2026-04-28T20:58:43+00:00\" \/>\n<meta property=\"og:image\" content=\"https:\/\/www.clarin.com\/img\/2026\/04\/28\/MQ2lSTeIz_0x750__2.jpg#1777410177807\" \/>\n<meta name=\"author\" content=\"impactocastex\" \/>\n<meta name=\"twitter:card\" content=\"summary_large_image\" \/>\n<meta name=\"twitter:label1\" content=\"Escrito por\" \/>\n\t<meta name=\"twitter:data1\" content=\"impactocastex\" \/>\n\t<meta name=\"twitter:label2\" content=\"Tiempo de lectura\" \/>\n\t<meta name=\"twitter:data2\" content=\"7 minutos\" \/>\n<script type=\"application\/ld+json\" class=\"yoast-schema-graph\">{\"@context\":\"https:\\\/\\\/schema.org\",\"@graph\":[{\"@type\":\"Article\",\"@id\":\"https:\\\/\\\/impactocastex.com.ar\\\/?p=16716#article\",\"isPartOf\":{\"@id\":\"https:\\\/\\\/impactocastex.com.ar\\\/?p=16716\"},\"author\":{\"name\":\"impactocastex\",\"@id\":\"https:\\\/\\\/impactocastex.com.ar\\\/#\\\/schema\\\/person\\\/86cb4f827fb5f87869a239b98a69c6e3\"},\"headline\":\"Documentos secretos revelan que la SIDE de la dictadura financi\u00f3 un truculento libro contra las denuncias por violaciones a los derechos humanos\",\"datePublished\":\"2026-04-28T20:58:43+00:00\",\"mainEntityOfPage\":{\"@id\":\"https:\\\/\\\/impactocastex.com.ar\\\/?p=16716\"},\"wordCount\":1387,\"publisher\":{\"@id\":\"https:\\\/\\\/impactocastex.com.ar\\\/#organization\"},\"image\":{\"@id\":\"https:\\\/\\\/impactocastex.com.ar\\\/?p=16716#primaryimage\"},\"thumbnailUrl\":\"https:\\\/\\\/impactocastex.com.ar\\\/wp-content\\\/uploads\\\/2026\\\/04\\\/JYNne-1_N_1200x630__1-BkstY9.jpg\",\"articleSection\":[\"POLITICA\"],\"inLanguage\":\"es\"},{\"@type\":\"WebPage\",\"@id\":\"https:\\\/\\\/impactocastex.com.ar\\\/?p=16716\",\"url\":\"https:\\\/\\\/impactocastex.com.ar\\\/?p=16716\",\"name\":\"Documentos secretos revelan que la SIDE de la dictadura financi\u00f3 un truculento libro contra las denuncias por violaciones a los derechos humanos -\",\"isPartOf\":{\"@id\":\"https:\\\/\\\/impactocastex.com.ar\\\/#website\"},\"primaryImageOfPage\":{\"@id\":\"https:\\\/\\\/impactocastex.com.ar\\\/?p=16716#primaryimage\"},\"image\":{\"@id\":\"https:\\\/\\\/impactocastex.com.ar\\\/?p=16716#primaryimage\"},\"thumbnailUrl\":\"https:\\\/\\\/impactocastex.com.ar\\\/wp-content\\\/uploads\\\/2026\\\/04\\\/JYNne-1_N_1200x630__1-BkstY9.jpg\",\"datePublished\":\"2026-04-28T20:58:43+00:00\",\"breadcrumb\":{\"@id\":\"https:\\\/\\\/impactocastex.com.ar\\\/?p=16716#breadcrumb\"},\"inLanguage\":\"es\",\"potentialAction\":[{\"@type\":\"ReadAction\",\"target\":[\"https:\\\/\\\/impactocastex.com.ar\\\/?p=16716\"]}]},{\"@type\":\"ImageObject\",\"inLanguage\":\"es\",\"@id\":\"https:\\\/\\\/impactocastex.com.ar\\\/?p=16716#primaryimage\",\"url\":\"https:\\\/\\\/impactocastex.com.ar\\\/wp-content\\\/uploads\\\/2026\\\/04\\\/JYNne-1_N_1200x630__1-BkstY9.jpg\",\"contentUrl\":\"https:\\\/\\\/impactocastex.com.ar\\\/wp-content\\\/uploads\\\/2026\\\/04\\\/JYNne-1_N_1200x630__1-BkstY9.jpg\",\"width\":1200,\"height\":630},{\"@type\":\"BreadcrumbList\",\"@id\":\"https:\\\/\\\/impactocastex.com.ar\\\/?p=16716#breadcrumb\",\"itemListElement\":[{\"@type\":\"ListItem\",\"position\":1,\"name\":\"Portada\",\"item\":\"https:\\\/\\\/impactocastex.com.ar\\\/\"},{\"@type\":\"ListItem\",\"position\":2,\"name\":\"Documentos secretos revelan que la SIDE de la dictadura financi\u00f3 un truculento libro contra las denuncias por violaciones a los derechos humanos\"}]},{\"@type\":\"WebSite\",\"@id\":\"https:\\\/\\\/impactocastex.com.ar\\\/#website\",\"url\":\"https:\\\/\\\/impactocastex.com.ar\\\/\",\"name\":\"Impacto Castex\",\"description\":\"\",\"publisher\":{\"@id\":\"https:\\\/\\\/impactocastex.com.ar\\\/#organization\"},\"potentialAction\":[{\"@type\":\"SearchAction\",\"target\":{\"@type\":\"EntryPoint\",\"urlTemplate\":\"https:\\\/\\\/impactocastex.com.ar\\\/?s={search_term_string}\"},\"query-input\":{\"@type\":\"PropertyValueSpecification\",\"valueRequired\":true,\"valueName\":\"search_term_string\"}}],\"inLanguage\":\"es\"},{\"@type\":\"Organization\",\"@id\":\"https:\\\/\\\/impactocastex.com.ar\\\/#organization\",\"name\":\"Impacto Castex\",\"url\":\"https:\\\/\\\/impactocastex.com.ar\\\/\",\"logo\":{\"@type\":\"ImageObject\",\"inLanguage\":\"es\",\"@id\":\"https:\\\/\\\/impactocastex.com.ar\\\/#\\\/schema\\\/logo\\\/image\\\/\",\"url\":\"https:\\\/\\\/impactocastex.com.ar\\\/wp-content\\\/uploads\\\/2025\\\/09\\\/cropped-icoweb.png\",\"contentUrl\":\"https:\\\/\\\/impactocastex.com.ar\\\/wp-content\\\/uploads\\\/2025\\\/09\\\/cropped-icoweb.png\",\"width\":512,\"height\":512,\"caption\":\"Impacto Castex\"},\"image\":{\"@id\":\"https:\\\/\\\/impactocastex.com.ar\\\/#\\\/schema\\\/logo\\\/image\\\/\"},\"sameAs\":[\"https:\\\/\\\/www.facebook.com\\\/impactocastexdiario\",\"https:\\\/\\\/www.instagram.com\\\/impactocastex.com.ar\\\/\"]},{\"@type\":\"Person\",\"@id\":\"https:\\\/\\\/impactocastex.com.ar\\\/#\\\/schema\\\/person\\\/86cb4f827fb5f87869a239b98a69c6e3\",\"name\":\"impactocastex\",\"image\":{\"@type\":\"ImageObject\",\"inLanguage\":\"es\",\"@id\":\"https:\\\/\\\/secure.gravatar.com\\\/avatar\\\/9a87ee051ca8c77f5d4070843ce2c78cdf95b858b950fb039151de955122f5f5?s=96&d=mm&r=g\",\"url\":\"https:\\\/\\\/secure.gravatar.com\\\/avatar\\\/9a87ee051ca8c77f5d4070843ce2c78cdf95b858b950fb039151de955122f5f5?s=96&d=mm&r=g\",\"contentUrl\":\"https:\\\/\\\/secure.gravatar.com\\\/avatar\\\/9a87ee051ca8c77f5d4070843ce2c78cdf95b858b950fb039151de955122f5f5?s=96&d=mm&r=g\",\"caption\":\"impactocastex\"},\"sameAs\":[\"https:\\\/\\\/impactocastex.com.ar\"],\"url\":\"https:\\\/\\\/impactocastex.com.ar\\\/?author=1\"}]}<\/script>\n<!-- \/ Yoast SEO plugin. -->","yoast_head_json":{"title":"Documentos secretos revelan que la SIDE de la dictadura financi\u00f3 un truculento libro contra las denuncias por violaciones a los derechos humanos -","robots":{"index":"index","follow":"follow","max-snippet":"max-snippet:-1","max-image-preview":"max-image-preview:large","max-video-preview":"max-video-preview:-1"},"canonical":"https:\/\/impactocastex.com.ar\/?p=16716","og_locale":"es_ES","og_type":"article","og_title":"Documentos secretos revelan que la SIDE de la dictadura financi\u00f3 un truculento libro contra las denuncias por violaciones a los derechos humanos -","og_description":"El pol\u00e9mico y truculento libro \u201cArgentina y sus derechos humanos\u201d publicado por la dictadura fue...","og_url":"https:\/\/impactocastex.com.ar\/?p=16716","article_publisher":"https:\/\/www.facebook.com\/impactocastexdiario","article_published_time":"2026-04-28T20:58:43+00:00","og_image":[{"url":"https:\/\/www.clarin.com\/img\/2026\/04\/28\/MQ2lSTeIz_0x750__2.jpg#1777410177807","type":"","width":"","height":""}],"author":"impactocastex","twitter_card":"summary_large_image","twitter_misc":{"Escrito por":"impactocastex","Tiempo de lectura":"7 minutos"},"schema":{"@context":"https:\/\/schema.org","@graph":[{"@type":"Article","@id":"https:\/\/impactocastex.com.ar\/?p=16716#article","isPartOf":{"@id":"https:\/\/impactocastex.com.ar\/?p=16716"},"author":{"name":"impactocastex","@id":"https:\/\/impactocastex.com.ar\/#\/schema\/person\/86cb4f827fb5f87869a239b98a69c6e3"},"headline":"Documentos secretos revelan que la SIDE de la dictadura financi\u00f3 un truculento libro contra las denuncias por violaciones a los derechos humanos","datePublished":"2026-04-28T20:58:43+00:00","mainEntityOfPage":{"@id":"https:\/\/impactocastex.com.ar\/?p=16716"},"wordCount":1387,"publisher":{"@id":"https:\/\/impactocastex.com.ar\/#organization"},"image":{"@id":"https:\/\/impactocastex.com.ar\/?p=16716#primaryimage"},"thumbnailUrl":"https:\/\/impactocastex.com.ar\/wp-content\/uploads\/2026\/04\/JYNne-1_N_1200x630__1-BkstY9.jpg","articleSection":["POLITICA"],"inLanguage":"es"},{"@type":"WebPage","@id":"https:\/\/impactocastex.com.ar\/?p=16716","url":"https:\/\/impactocastex.com.ar\/?p=16716","name":"Documentos secretos revelan que la SIDE de la dictadura financi\u00f3 un truculento libro contra las denuncias por violaciones a los derechos humanos -","isPartOf":{"@id":"https:\/\/impactocastex.com.ar\/#website"},"primaryImageOfPage":{"@id":"https:\/\/impactocastex.com.ar\/?p=16716#primaryimage"},"image":{"@id":"https:\/\/impactocastex.com.ar\/?p=16716#primaryimage"},"thumbnailUrl":"https:\/\/impactocastex.com.ar\/wp-content\/uploads\/2026\/04\/JYNne-1_N_1200x630__1-BkstY9.jpg","datePublished":"2026-04-28T20:58:43+00:00","breadcrumb":{"@id":"https:\/\/impactocastex.com.ar\/?p=16716#breadcrumb"},"inLanguage":"es","potentialAction":[{"@type":"ReadAction","target":["https:\/\/impactocastex.com.ar\/?p=16716"]}]},{"@type":"ImageObject","inLanguage":"es","@id":"https:\/\/impactocastex.com.ar\/?p=16716#primaryimage","url":"https:\/\/impactocastex.com.ar\/wp-content\/uploads\/2026\/04\/JYNne-1_N_1200x630__1-BkstY9.jpg","contentUrl":"https:\/\/impactocastex.com.ar\/wp-content\/uploads\/2026\/04\/JYNne-1_N_1200x630__1-BkstY9.jpg","width":1200,"height":630},{"@type":"BreadcrumbList","@id":"https:\/\/impactocastex.com.ar\/?p=16716#breadcrumb","itemListElement":[{"@type":"ListItem","position":1,"name":"Portada","item":"https:\/\/impactocastex.com.ar\/"},{"@type":"ListItem","position":2,"name":"Documentos secretos revelan que la SIDE de la dictadura financi\u00f3 un truculento libro contra las denuncias por violaciones a los derechos humanos"}]},{"@type":"WebSite","@id":"https:\/\/impactocastex.com.ar\/#website","url":"https:\/\/impactocastex.com.ar\/","name":"Impacto Castex","description":"","publisher":{"@id":"https:\/\/impactocastex.com.ar\/#organization"},"potentialAction":[{"@type":"SearchAction","target":{"@type":"EntryPoint","urlTemplate":"https:\/\/impactocastex.com.ar\/?s={search_term_string}"},"query-input":{"@type":"PropertyValueSpecification","valueRequired":true,"valueName":"search_term_string"}}],"inLanguage":"es"},{"@type":"Organization","@id":"https:\/\/impactocastex.com.ar\/#organization","name":"Impacto Castex","url":"https:\/\/impactocastex.com.ar\/","logo":{"@type":"ImageObject","inLanguage":"es","@id":"https:\/\/impactocastex.com.ar\/#\/schema\/logo\/image\/","url":"https:\/\/impactocastex.com.ar\/wp-content\/uploads\/2025\/09\/cropped-icoweb.png","contentUrl":"https:\/\/impactocastex.com.ar\/wp-content\/uploads\/2025\/09\/cropped-icoweb.png","width":512,"height":512,"caption":"Impacto Castex"},"image":{"@id":"https:\/\/impactocastex.com.ar\/#\/schema\/logo\/image\/"},"sameAs":["https:\/\/www.facebook.com\/impactocastexdiario","https:\/\/www.instagram.com\/impactocastex.com.ar\/"]},{"@type":"Person","@id":"https:\/\/impactocastex.com.ar\/#\/schema\/person\/86cb4f827fb5f87869a239b98a69c6e3","name":"impactocastex","image":{"@type":"ImageObject","inLanguage":"es","@id":"https:\/\/secure.gravatar.com\/avatar\/9a87ee051ca8c77f5d4070843ce2c78cdf95b858b950fb039151de955122f5f5?s=96&d=mm&r=g","url":"https:\/\/secure.gravatar.com\/avatar\/9a87ee051ca8c77f5d4070843ce2c78cdf95b858b950fb039151de955122f5f5?s=96&d=mm&r=g","contentUrl":"https:\/\/secure.gravatar.com\/avatar\/9a87ee051ca8c77f5d4070843ce2c78cdf95b858b950fb039151de955122f5f5?s=96&d=mm&r=g","caption":"impactocastex"},"sameAs":["https:\/\/impactocastex.com.ar"],"url":"https:\/\/impactocastex.com.ar\/?author=1"}]}},"jetpack_publicize_connections":[],"featured_image_urls":{"full":["https:\/\/impactocastex.com.ar\/wp-content\/uploads\/2026\/04\/JYNne-1_N_1200x630__1-BkstY9.jpg",1200,630,false],"thumbnail":["https:\/\/impactocastex.com.ar\/wp-content\/uploads\/2026\/04\/JYNne-1_N_1200x630__1-BkstY9-150x150.jpg",150,150,true],"medium":["https:\/\/impactocastex.com.ar\/wp-content\/uploads\/2026\/04\/JYNne-1_N_1200x630__1-BkstY9-300x158.jpg",300,158,true],"medium_large":["https:\/\/impactocastex.com.ar\/wp-content\/uploads\/2026\/04\/JYNne-1_N_1200x630__1-BkstY9-768x403.jpg",640,336,true],"large":["https:\/\/impactocastex.com.ar\/wp-content\/uploads\/2026\/04\/JYNne-1_N_1200x630__1-BkstY9-1024x538.jpg",640,336,true],"1536x1536":["https:\/\/impactocastex.com.ar\/wp-content\/uploads\/2026\/04\/JYNne-1_N_1200x630__1-BkstY9.jpg",1200,630,false],"2048x2048":["https:\/\/impactocastex.com.ar\/wp-content\/uploads\/2026\/04\/JYNne-1_N_1200x630__1-BkstY9.jpg",1200,630,false],"newsever-slider-full":["https:\/\/impactocastex.com.ar\/wp-content\/uploads\/2026\/04\/JYNne-1_N_1200x630__1-BkstY9.jpg",1200,630,false],"newsever-featured":["https:\/\/impactocastex.com.ar\/wp-content\/uploads\/2026\/04\/JYNne-1_N_1200x630__1-BkstY9-1024x538.jpg",1024,538,true],"newsever-medium":["https:\/\/impactocastex.com.ar\/wp-content\/uploads\/2026\/04\/JYNne-1_N_1200x630__1-BkstY9-720x475.jpg",720,475,true]},"author_info":{"info":["impactocastex"]},"category_info":"<a href=\"https:\/\/impactocastex.com.ar\/?cat=122\" rel=\"category\">POLITICA<\/a>","tag_info":"POLITICA","comment_count":0,"jetpack_featured_media_url":"https:\/\/impactocastex.com.ar\/wp-content\/uploads\/2026\/04\/JYNne-1_N_1200x630__1-BkstY9.jpg","jetpack_sharing_enabled":true,"jetpack_likes_enabled":true,"jetpack_shortlink":"https:\/\/wp.me\/p7sopA-4lC","_links":{"self":[{"href":"https:\/\/impactocastex.com.ar\/index.php?rest_route=\/wp\/v2\/posts\/16716","targetHints":{"allow":["GET"]}}],"collection":[{"href":"https:\/\/impactocastex.com.ar\/index.php?rest_route=\/wp\/v2\/posts"}],"about":[{"href":"https:\/\/impactocastex.com.ar\/index.php?rest_route=\/wp\/v2\/types\/post"}],"author":[{"embeddable":true,"href":"https:\/\/impactocastex.com.ar\/index.php?rest_route=\/wp\/v2\/users\/1"}],"replies":[{"embeddable":true,"href":"https:\/\/impactocastex.com.ar\/index.php?rest_route=%2Fwp%2Fv2%2Fcomments&post=16716"}],"version-history":[{"count":0,"href":"https:\/\/impactocastex.com.ar\/index.php?rest_route=\/wp\/v2\/posts\/16716\/revisions"}],"wp:featuredmedia":[{"embeddable":true,"href":"https:\/\/impactocastex.com.ar\/index.php?rest_route=\/wp\/v2\/media\/16717"}],"wp:attachment":[{"href":"https:\/\/impactocastex.com.ar\/index.php?rest_route=%2Fwp%2Fv2%2Fmedia&parent=16716"}],"wp:term":[{"taxonomy":"category","embeddable":true,"href":"https:\/\/impactocastex.com.ar\/index.php?rest_route=%2Fwp%2Fv2%2Fcategories&post=16716"},{"taxonomy":"post_tag","embeddable":true,"href":"https:\/\/impactocastex.com.ar\/index.php?rest_route=%2Fwp%2Fv2%2Ftags&post=16716"}],"curies":[{"name":"wp","href":"https:\/\/api.w.org\/{rel}","templated":true}]}}