{"id":16704,"date":"2026-04-28T15:22:30","date_gmt":"2026-04-28T18:22:30","guid":{"rendered":"https:\/\/impactocastex.com.ar\/?p=16704"},"modified":"2026-04-28T15:22:30","modified_gmt":"2026-04-28T18:22:30","slug":"psg-vs-bayern-munich-en-vivo-por-las-semifinales-de-la-champions-league-hora-donde-ver-y-formaciones","status":"publish","type":"post","link":"https:\/\/impactocastex.com.ar\/?p=16704","title":{"rendered":"PSG vs. Bayern Munich, en vivo por las semifinales de la Champions League: hora, d\u00f3nde ver y formaciones"},"content":{"rendered":"<p>Desde hace algunos minutos los futbolistas de ambos equipos salieron al campo de juego a hacer los movimientos previos al partido. En primer lugar aparecieron los arqueros y luego los futbolistas de campo.<\/p>\n<p>El entrenador de PSG, Luis Enrique, defini\u00f3 la siguiente formaci\u00f3n para recibir a Bayern Munich: Safonov; Hakimi, Marquinhos, Pacho y Mendes; Neves, Vitinha y Zaire Emery; Dou\u00e9, Demb\u00e9l\u00e9 y Kvarastkhelia.<\/p>\n<blockquote class=\"twitter-tweet\">\n<p lang=\"qme\" dir=\"ltr\">\ud83d\udc40 <a href=\"https:\/\/t.co\/NJClmdVv2k\">pic.twitter.com\/NJClmdVv2k<\/a><\/p>\n<p>\u2014 Paris Saint-Germain (@PSG_inside) <a href=\"https:\/\/twitter.com\/PSG_inside\/status\/2049188773649428660?ref_src=twsrc%5Etfw\">April 28, 2026<\/a><\/p><\/blockquote>\n<p>Vincent Kompany, DT del equipo de la capital espa\u00f1ola, eligi\u00f3 a los siguientes futbolistas para visitar al cuadro parisino. Neuer; Stanisic, Tah, Upamecano y Davies; Kimmich y Pavlovic; Michael Olise, Musiala y Luis D\u00edaz; Harry Kane. <\/p>\n<blockquote class=\"twitter-tweet\">\n<p lang=\"de\" dir=\"ltr\">\u2757Mit dieser \ud835\uddeb\ud835\udddc den Grundstein f\u00fcrs Finale legen! \ud83d\udc4a<a href=\"https:\/\/twitter.com\/hashtag\/PSGFCB?src=hash&amp;ref_src=twsrc%5Etfw\">#PSGFCB<\/a> <a href=\"https:\/\/twitter.com\/hashtag\/packmas?src=hash&amp;ref_src=twsrc%5Etfw\">#packmas<\/a> <a href=\"https:\/\/twitter.com\/hashtag\/UCL?src=hash&amp;ref_src=twsrc%5Etfw\">#UCL<\/a> <a href=\"https:\/\/t.co\/MIUwq89CcI\">pic.twitter.com\/MIUwq89CcI<\/a><\/p>\n<p>\u2014 FC Bayern M\u00fcnchen (@FCBayern) <a href=\"https:\/\/twitter.com\/FCBayern\/status\/2049183443150352422?ref_src=twsrc%5Etfw\">April 28, 2026<\/a><\/p><\/blockquote>\n<p>Vincent Kompany, DT del equipo alem\u00e1n recibi\u00f3 la tercera tarjeta amarilla en el desquite de cuartos de final ante Real Madrid en el 12\u00b0 partido del equipo en la Champions League durante esta temporada. De este modo, la UEFA dispuso una fecha de suspensi\u00f3n. Adem\u00e1s, deber\u00e1 adaptarse a varias reglas.<\/p>\n<p>El entrenador viaj\u00f3 junto al plantel y lleg\u00f3 al estadio aproximadamente una hora y media antes del encuentro. Sin embargo, desde el momento en que el colectivo arrib\u00f3 al escenario deportivo, el DT debi\u00f3 separarse del grupo y no podr\u00e1 ingresar en el vestuario. A partir de ese momento, un supervisor designado por UEFA estar\u00e1 junto a Kompany para controlar que no pueda comunicarse directamente con el equipo o el cuerpo t\u00e9cnico durante el compromiso. Vale destacar que observar\u00e1 el encuentro desde un palco privado.<\/p>\n<p><img loading=\"lazy\" decoding=\"async\" src=\"https:\/\/resizer.glanacion.com\/resizer\/v2\/FJTNKMRVTRHG3INKLP5G7WYGAM.JPG?auth=d590c7801399d19489d4f87774849536b9bb9b1483ea1365f4c60b8fc837b821&amp;smart=true&amp;width=6699&amp;height=4466\" alt=\"Vincent Kompany no estar\u00e1 en el banco de suplentes siguiendo a su equipo\" height=\"4466\" width=\"6699\" \/><\/p>\n<p>PSG y Bayern Munich se midieron en 16 ocasiones. La particularidad es que en todos esos partidos no hubo empates: 9 fueron victorias para los alemanes y las 7 restantes triunfos de los franceses. <\/p>\n<p>No todos los choques fueron por la Champions League, pero uno solo no fue por esa competencia. Alemanes y Franceses se vieron las caras en los cuartos de final del Mundial de Clubes del 2025 con triunfo de los parisinos por 2 a 0.<\/p>\n<p><img loading=\"lazy\" decoding=\"async\" src=\"https:\/\/resizer.glanacion.com\/resizer\/v2\/M22VDFR2QZGO5CZ5QCWHKS5UUM.JPG?auth=74166f1c25140b53ed3c1028402e08a6b9b42ea8b131a1e686d7ac88080ab421&amp;smart=true&amp;width=3432&amp;height=2288\" alt=\"PSG y Bayern jugaron en Atlanta el 4 de julio del 2025 por los cuartos de final  del Mundial de Clubes\" height=\"2288\" width=\"3432\" \/><\/p>\n<p>Adem\u00e1s, el \u00faltimo choque entre ambos tambi\u00e9n fue el a\u00f1o pasado. Por la etapa de liga de la actual Champions, los b\u00e1varos derrotaron 2 a 1 a PSG en el mismo escenario en el que jugar\u00e1n este martes. El desquite entre ambos se jugar\u00e1 el mi\u00e9rcoles pr\u00f3ximo en el Allianz Arena de M\u00fanich.<\/p>\n<p><img loading=\"lazy\" decoding=\"async\" src=\"https:\/\/resizer.glanacion.com\/resizer\/v2\/4QDDUNXDSBEZLEUGCTQKL5JU2A.jpg?auth=ebfc9d04bbeca24a549950464d2c871159ccb63f8a367eb26e726dc12e648309&amp;smart=true&amp;width=2662&amp;height=1775\" alt=\"Bayern Munich ya gan\u00f3 en Francia en esta temporada; fue 2 a 1 por la etapa de liga de la actual Champions League\" height=\"1775\" width=\"2662\" \/><\/p>\n<p>Adem\u00e1s, Bayern M\u00fanich tiene un gran recuerdo en un partido ante PSG. En la final de la Champions League del 2020, que se defini\u00f3 sin p\u00fablico por la pandemia del Covid-19, los alemanes derrotaron 1 a 0 a los franceses con el gol de Kingsley Coman y se coronaron campeones de la sexta corona de su historia. El duelo se disput\u00f3 sin p\u00fablico en el estadio Da Luz de Lisboa. En el equipo parisino, hubo presencia de argentinos: entre los titulares estuvieron Leandro Paredes y \u00c1ngel Di Mar\u00eda.<\/p>\n<p>En la previa de lo que ser\u00e1 el duelo de ida de las semifinales, los entrenadores respondieron preguntas este lunes en la conferencia de prensa previa al partido. Luis Enrique dej\u00f3 en claro cu\u00e1l es el mejor equipo de todos, mientras que Vincent Kompany, record\u00f3 lo que pas\u00f3 en el choque que disputaron en noviembre pasado durante la etapa de liga.<\/p>\n<p>PSG y Bayern Munich ser\u00e1 el partido en el que se midan los mejores equipos ofensivos de todo el continente. Sobre esto, el entrenador espa\u00f1ol, expres\u00f3: \u201cNo se trata solo de las estad\u00edsticas ofensivas, sino que, si nos fijamos tambi\u00e9n en las defensivas, estos son los mejores equipos de Europa\u201d. Luego, se refiri\u00f3 a Arsenal, otro de los semifinalistas: \u201cTambi\u00e9n ha hecho un trabajo incre\u00edble esta temporada, en t\u00e9rminos de regularidad\u201d.<\/p>\n<p><img loading=\"lazy\" decoding=\"async\" src=\"https:\/\/resizer.glanacion.com\/resizer\/v2\/AUXWVHWZDFAIRFWYWX5RKHVP3Q.jpg?auth=97e5712d82c26c2729ad83397e69c1d43a82202e6551987cd990cafc3c2a87f5&amp;smart=true&amp;width=2000&amp;height=1331\" alt=\"Luis Enrique, el entrenador de Paris Saint-Germain\" height=\"1331\" width=\"2000\" \/><\/p>\n<p>Con respecto al rival de este martes, Luis Enrique hizo una comparaci\u00f3n con su equipo: \u201cBayern Munich est\u00e1 un poco por delante de nosotros porque solo ha perdido dos partidos, pero si hablamos de lo que hemos demostrado como equipo, estamos a la altura\u201d. Y en l\u00ednea con su explicaci\u00f3n, revel\u00f3: \u201cNing\u00fan equipo es mejor que nosotros. Ya lo dije cuando no terminamos entre los ocho primeros en la etapa de liga: no ve\u00eda a ning\u00fan equipo mejor que nosotros\u201d.<\/p>\n<p>Vincent Kompany, entrenador del equipo alem\u00e1n, se siente muy seguro para el duelo de ida en Francia. \u201cCreo en mi equipo, le doy la estructura, pero el partido se decidir\u00e1 por la confianza y calidad de los jugadores. Si no es ma\u00f1ana (en la ida), ser\u00e1 en la vuelta\u201d. Luego, se refiri\u00f3 a su rival y sobre todo al DT de PSG: \u201cSu trabajo est\u00e1 siendo incre\u00edble, se merece el \u00e9xito que est\u00e1 teniendo\u201d. Pero en l\u00ednea con su observaci\u00f3n sobre PSG, el entrenador belga record\u00f3 el partido en el que su equipo derrot\u00f3 2 a 1 a los franceses el pasado 4 de noviembre por la etapa de liga y sobre esto, expres\u00f3: \u201cYa hemos ganado en Par\u00eds y sabemos c\u00f3mo hacerle la vida dif\u00edcil al rival, c\u00f3mo frenarlo\u201d.<\/p>\n<p><img loading=\"lazy\" decoding=\"async\" src=\"https:\/\/resizer.glanacion.com\/resizer\/v2\/4VHQ4DCXGNHCHKZCRITI455EIE.jpg?auth=b99a2885345f2801cd5bed329f919115c0d4887438fecd51737b9e77c890de71&amp;smart=true&amp;width=2669&amp;height=1780\" alt=\"El director t\u00e9cnico del Bayern, Vincent Kompany\" height=\"1780\" width=\"2669\" \/><\/p>\n<p>Sin la confirmaci\u00f3n oficial por parte de ambos equipos, las alineaciones ser\u00edan las siguientes.<\/p>\n<p>PSG formar\u00eda con Safonov; Hakimi, Marquinhos, Pacho y Mendes; Neves, Vitinha y Fabian Ruiz; Dou\u00e9, Demb\u00e9l\u00e9 y Kvarastkhelia.<\/p>\n<p>Los iniciales de Bayern M\u00fanich ser\u00edan: Neuer; Stanisic, Tah, Upamecano y Laimer; Kimmich y Pavlovic; Michael Olise, Musiala, Luis D\u00edaz y Harry Kane.<\/p>\n<p><img loading=\"lazy\" decoding=\"async\" src=\"https:\/\/resizer.glanacion.com\/resizer\/v2\/7NF7APQ3SRF2PNKXOUMHZG7VDU.jpg?auth=e9260eb6322dba4d766c795087c06d93cf70e47b50c3009594b56d219fad5d35&amp;smart=true&amp;width=2300&amp;height=1534\" alt=\"TOPSHOT - Bayern Munich's Colombian forward #14 Luis Diaz (R) tackles Paris Saint-Germain's Moroccan defender #02 Achraf Hakimi during the UEFA Champions League, league phase day 4, football match between Paris Saint-Germain (PSG) and FC Bayern Munich at the Parc des Princes in Paris, on November 4, 2025. (Photo by Thomas SAMSON \/ AFP)\" height=\"1534\" width=\"2300\" \/><\/p>\n<p>El partido ser\u00e1 transmitido por ESPN y Fox Sports y tambi\u00e9n se puede seguir por plataformas de cableoperadores y televisi\u00f3n satelital, como Flow, Disney+ y DGO. En todos los casos se requiere ser cliente. Por su parte, la cobertura en directo de<b> LA NACION<\/b> incluir\u00e1 la narraci\u00f3n y las im\u00e1genes de las principales acciones.<\/p>\n<p>Comenzamos con el minuto a minuto de uno de los duelos correspondiente a las semifinales de la Champions League. Los franceses, que vienen de eliminar en los cuartos a Liverpool, recibir\u00e1n en el duelo de ida al equipo alem\u00e1n, que se sobrepuso a Real Madrid en las pasada instancia. El encuentro se disputar\u00e1 en el estadio Parque de los Pr\u00edncipes, comenzar\u00e1 a las 16 de la Argentina y contar\u00e1 con el arbitraje del suizo Sandro Scharer.<\/p>\n<p>\u200bSe enfrentan en el Parque de los Pr\u00edncipes de Par\u00eds, por el encuentro de ida; televisan ESPN y Fox Sports\u00a0\u00a0<\/p>","protected":false},"excerpt":{"rendered":"<p>Desde hace algunos minutos los futbolistas de ambos equipos salieron al campo de juego a&#8230;<\/p>\n","protected":false},"author":1,"featured_media":16705,"comment_status":"closed","ping_status":"closed","sticky":false,"template":"","format":"standard","meta":{"_jetpack_memberships_contains_paid_content":false,"footnotes":"","jetpack_publicize_message":"","jetpack_publicize_feature_enabled":true,"jetpack_social_post_already_shared":true,"jetpack_social_options":{"image_generator_settings":{"template":"highway","default_image_id":0,"font":"","enabled":false},"version":2}},"categories":[89],"tags":[],"class_list":["post-16704","post","type-post","status-publish","format-standard","has-post-thumbnail","hentry","category-nacionales"],"yoast_head":"<!-- This site is optimized with the Yoast SEO plugin v27.4 - https:\/\/yoast.com\/product\/yoast-seo-wordpress\/ -->\n<title>PSG vs. Bayern Munich, en vivo por las semifinales de la Champions League: hora, d\u00f3nde ver y formaciones -<\/title>\n<meta name=\"robots\" content=\"index, follow, max-snippet:-1, max-image-preview:large, max-video-preview:-1\" \/>\n<link rel=\"canonical\" href=\"https:\/\/impactocastex.com.ar\/?p=16704\" \/>\n<meta property=\"og:locale\" content=\"es_ES\" \/>\n<meta property=\"og:type\" content=\"article\" \/>\n<meta property=\"og:title\" content=\"PSG vs. Bayern Munich, en vivo por las semifinales de la Champions League: hora, d\u00f3nde ver y formaciones -\" \/>\n<meta property=\"og:description\" content=\"Desde hace algunos minutos los futbolistas de ambos equipos salieron al campo de juego a...\" \/>\n<meta property=\"og:url\" content=\"https:\/\/impactocastex.com.ar\/?p=16704\" \/>\n<meta property=\"article:publisher\" content=\"https:\/\/www.facebook.com\/impactocastexdiario\" \/>\n<meta property=\"article:published_time\" content=\"2026-04-28T18:22:30+00:00\" \/>\n<meta property=\"og:image\" content=\"https:\/\/resizer.glanacion.com\/resizer\/v2\/FJTNKMRVTRHG3INKLP5G7WYGAM.JPG?auth=d590c7801399d19489d4f87774849536b9bb9b1483ea1365f4c60b8fc837b821&amp;smart=true&amp;width=6699&amp;height=4466\" \/>\n<meta name=\"author\" content=\"impactocastex\" \/>\n<meta name=\"twitter:card\" content=\"summary_large_image\" \/>\n<meta name=\"twitter:label1\" content=\"Escrito por\" \/>\n\t<meta name=\"twitter:data1\" content=\"impactocastex\" \/>\n\t<meta name=\"twitter:label2\" content=\"Tiempo de lectura\" \/>\n\t<meta name=\"twitter:data2\" content=\"5 minutos\" \/>\n<script type=\"application\/ld+json\" class=\"yoast-schema-graph\">{\"@context\":\"https:\\\/\\\/schema.org\",\"@graph\":[{\"@type\":\"Article\",\"@id\":\"https:\\\/\\\/impactocastex.com.ar\\\/?p=16704#article\",\"isPartOf\":{\"@id\":\"https:\\\/\\\/impactocastex.com.ar\\\/?p=16704\"},\"author\":{\"name\":\"impactocastex\",\"@id\":\"https:\\\/\\\/impactocastex.com.ar\\\/#\\\/schema\\\/person\\\/86cb4f827fb5f87869a239b98a69c6e3\"},\"headline\":\"PSG vs. Bayern Munich, en vivo por las semifinales de la Champions League: hora, d\u00f3nde ver y formaciones\",\"datePublished\":\"2026-04-28T18:22:30+00:00\",\"mainEntityOfPage\":{\"@id\":\"https:\\\/\\\/impactocastex.com.ar\\\/?p=16704\"},\"wordCount\":1094,\"publisher\":{\"@id\":\"https:\\\/\\\/impactocastex.com.ar\\\/#organization\"},\"image\":{\"@id\":\"https:\\\/\\\/impactocastex.com.ar\\\/?p=16704#primaryimage\"},\"thumbnailUrl\":\"https:\\\/\\\/impactocastex.com.ar\\\/wp-content\\\/uploads\\\/2026\\\/04\\\/VYACQ34FQVDFNONZ53GJLWUPP4-hW0Pk9-scaled.jpg\",\"articleSection\":[\"NACIONALES\"],\"inLanguage\":\"es\"},{\"@type\":\"WebPage\",\"@id\":\"https:\\\/\\\/impactocastex.com.ar\\\/?p=16704\",\"url\":\"https:\\\/\\\/impactocastex.com.ar\\\/?p=16704\",\"name\":\"PSG vs. Bayern Munich, en vivo por las semifinales de la Champions League: hora, d\u00f3nde ver y formaciones -\",\"isPartOf\":{\"@id\":\"https:\\\/\\\/impactocastex.com.ar\\\/#website\"},\"primaryImageOfPage\":{\"@id\":\"https:\\\/\\\/impactocastex.com.ar\\\/?p=16704#primaryimage\"},\"image\":{\"@id\":\"https:\\\/\\\/impactocastex.com.ar\\\/?p=16704#primaryimage\"},\"thumbnailUrl\":\"https:\\\/\\\/impactocastex.com.ar\\\/wp-content\\\/uploads\\\/2026\\\/04\\\/VYACQ34FQVDFNONZ53GJLWUPP4-hW0Pk9-scaled.jpg\",\"datePublished\":\"2026-04-28T18:22:30+00:00\",\"breadcrumb\":{\"@id\":\"https:\\\/\\\/impactocastex.com.ar\\\/?p=16704#breadcrumb\"},\"inLanguage\":\"es\",\"potentialAction\":[{\"@type\":\"ReadAction\",\"target\":[\"https:\\\/\\\/impactocastex.com.ar\\\/?p=16704\"]}]},{\"@type\":\"ImageObject\",\"inLanguage\":\"es\",\"@id\":\"https:\\\/\\\/impactocastex.com.ar\\\/?p=16704#primaryimage\",\"url\":\"https:\\\/\\\/impactocastex.com.ar\\\/wp-content\\\/uploads\\\/2026\\\/04\\\/VYACQ34FQVDFNONZ53GJLWUPP4-hW0Pk9-scaled.jpg\",\"contentUrl\":\"https:\\\/\\\/impactocastex.com.ar\\\/wp-content\\\/uploads\\\/2026\\\/04\\\/VYACQ34FQVDFNONZ53GJLWUPP4-hW0Pk9-scaled.jpg\",\"width\":2560,\"height\":1706},{\"@type\":\"BreadcrumbList\",\"@id\":\"https:\\\/\\\/impactocastex.com.ar\\\/?p=16704#breadcrumb\",\"itemListElement\":[{\"@type\":\"ListItem\",\"position\":1,\"name\":\"Portada\",\"item\":\"https:\\\/\\\/impactocastex.com.ar\\\/\"},{\"@type\":\"ListItem\",\"position\":2,\"name\":\"PSG vs. Bayern Munich, en vivo por las semifinales de la Champions League: hora, d\u00f3nde ver y formaciones\"}]},{\"@type\":\"WebSite\",\"@id\":\"https:\\\/\\\/impactocastex.com.ar\\\/#website\",\"url\":\"https:\\\/\\\/impactocastex.com.ar\\\/\",\"name\":\"Impacto Castex\",\"description\":\"\",\"publisher\":{\"@id\":\"https:\\\/\\\/impactocastex.com.ar\\\/#organization\"},\"potentialAction\":[{\"@type\":\"SearchAction\",\"target\":{\"@type\":\"EntryPoint\",\"urlTemplate\":\"https:\\\/\\\/impactocastex.com.ar\\\/?s={search_term_string}\"},\"query-input\":{\"@type\":\"PropertyValueSpecification\",\"valueRequired\":true,\"valueName\":\"search_term_string\"}}],\"inLanguage\":\"es\"},{\"@type\":\"Organization\",\"@id\":\"https:\\\/\\\/impactocastex.com.ar\\\/#organization\",\"name\":\"Impacto Castex\",\"url\":\"https:\\\/\\\/impactocastex.com.ar\\\/\",\"logo\":{\"@type\":\"ImageObject\",\"inLanguage\":\"es\",\"@id\":\"https:\\\/\\\/impactocastex.com.ar\\\/#\\\/schema\\\/logo\\\/image\\\/\",\"url\":\"https:\\\/\\\/impactocastex.com.ar\\\/wp-content\\\/uploads\\\/2025\\\/09\\\/cropped-icoweb.png\",\"contentUrl\":\"https:\\\/\\\/impactocastex.com.ar\\\/wp-content\\\/uploads\\\/2025\\\/09\\\/cropped-icoweb.png\",\"width\":512,\"height\":512,\"caption\":\"Impacto Castex\"},\"image\":{\"@id\":\"https:\\\/\\\/impactocastex.com.ar\\\/#\\\/schema\\\/logo\\\/image\\\/\"},\"sameAs\":[\"https:\\\/\\\/www.facebook.com\\\/impactocastexdiario\",\"https:\\\/\\\/www.instagram.com\\\/impactocastex.com.ar\\\/\"]},{\"@type\":\"Person\",\"@id\":\"https:\\\/\\\/impactocastex.com.ar\\\/#\\\/schema\\\/person\\\/86cb4f827fb5f87869a239b98a69c6e3\",\"name\":\"impactocastex\",\"image\":{\"@type\":\"ImageObject\",\"inLanguage\":\"es\",\"@id\":\"https:\\\/\\\/secure.gravatar.com\\\/avatar\\\/9a87ee051ca8c77f5d4070843ce2c78cdf95b858b950fb039151de955122f5f5?s=96&d=mm&r=g\",\"url\":\"https:\\\/\\\/secure.gravatar.com\\\/avatar\\\/9a87ee051ca8c77f5d4070843ce2c78cdf95b858b950fb039151de955122f5f5?s=96&d=mm&r=g\",\"contentUrl\":\"https:\\\/\\\/secure.gravatar.com\\\/avatar\\\/9a87ee051ca8c77f5d4070843ce2c78cdf95b858b950fb039151de955122f5f5?s=96&d=mm&r=g\",\"caption\":\"impactocastex\"},\"sameAs\":[\"https:\\\/\\\/impactocastex.com.ar\"],\"url\":\"https:\\\/\\\/impactocastex.com.ar\\\/?author=1\"}]}<\/script>\n<!-- \/ Yoast SEO plugin. -->","yoast_head_json":{"title":"PSG vs. Bayern Munich, en vivo por las semifinales de la Champions League: hora, d\u00f3nde ver y formaciones -","robots":{"index":"index","follow":"follow","max-snippet":"max-snippet:-1","max-image-preview":"max-image-preview:large","max-video-preview":"max-video-preview:-1"},"canonical":"https:\/\/impactocastex.com.ar\/?p=16704","og_locale":"es_ES","og_type":"article","og_title":"PSG vs. Bayern Munich, en vivo por las semifinales de la Champions League: hora, d\u00f3nde ver y formaciones -","og_description":"Desde hace algunos minutos los futbolistas de ambos equipos salieron al campo de juego a...","og_url":"https:\/\/impactocastex.com.ar\/?p=16704","article_publisher":"https:\/\/www.facebook.com\/impactocastexdiario","article_published_time":"2026-04-28T18:22:30+00:00","og_image":[{"url":"https:\/\/resizer.glanacion.com\/resizer\/v2\/FJTNKMRVTRHG3INKLP5G7WYGAM.JPG?auth=d590c7801399d19489d4f87774849536b9bb9b1483ea1365f4c60b8fc837b821&amp;smart=true&amp;width=6699&amp;height=4466","type":"","width":"","height":""}],"author":"impactocastex","twitter_card":"summary_large_image","twitter_misc":{"Escrito por":"impactocastex","Tiempo de lectura":"5 minutos"},"schema":{"@context":"https:\/\/schema.org","@graph":[{"@type":"Article","@id":"https:\/\/impactocastex.com.ar\/?p=16704#article","isPartOf":{"@id":"https:\/\/impactocastex.com.ar\/?p=16704"},"author":{"name":"impactocastex","@id":"https:\/\/impactocastex.com.ar\/#\/schema\/person\/86cb4f827fb5f87869a239b98a69c6e3"},"headline":"PSG vs. Bayern Munich, en vivo por las semifinales de la Champions League: hora, d\u00f3nde ver y formaciones","datePublished":"2026-04-28T18:22:30+00:00","mainEntityOfPage":{"@id":"https:\/\/impactocastex.com.ar\/?p=16704"},"wordCount":1094,"publisher":{"@id":"https:\/\/impactocastex.com.ar\/#organization"},"image":{"@id":"https:\/\/impactocastex.com.ar\/?p=16704#primaryimage"},"thumbnailUrl":"https:\/\/impactocastex.com.ar\/wp-content\/uploads\/2026\/04\/VYACQ34FQVDFNONZ53GJLWUPP4-hW0Pk9-scaled.jpg","articleSection":["NACIONALES"],"inLanguage":"es"},{"@type":"WebPage","@id":"https:\/\/impactocastex.com.ar\/?p=16704","url":"https:\/\/impactocastex.com.ar\/?p=16704","name":"PSG vs. Bayern Munich, en vivo por las semifinales de la Champions League: hora, d\u00f3nde ver y formaciones -","isPartOf":{"@id":"https:\/\/impactocastex.com.ar\/#website"},"primaryImageOfPage":{"@id":"https:\/\/impactocastex.com.ar\/?p=16704#primaryimage"},"image":{"@id":"https:\/\/impactocastex.com.ar\/?p=16704#primaryimage"},"thumbnailUrl":"https:\/\/impactocastex.com.ar\/wp-content\/uploads\/2026\/04\/VYACQ34FQVDFNONZ53GJLWUPP4-hW0Pk9-scaled.jpg","datePublished":"2026-04-28T18:22:30+00:00","breadcrumb":{"@id":"https:\/\/impactocastex.com.ar\/?p=16704#breadcrumb"},"inLanguage":"es","potentialAction":[{"@type":"ReadAction","target":["https:\/\/impactocastex.com.ar\/?p=16704"]}]},{"@type":"ImageObject","inLanguage":"es","@id":"https:\/\/impactocastex.com.ar\/?p=16704#primaryimage","url":"https:\/\/impactocastex.com.ar\/wp-content\/uploads\/2026\/04\/VYACQ34FQVDFNONZ53GJLWUPP4-hW0Pk9-scaled.jpg","contentUrl":"https:\/\/impactocastex.com.ar\/wp-content\/uploads\/2026\/04\/VYACQ34FQVDFNONZ53GJLWUPP4-hW0Pk9-scaled.jpg","width":2560,"height":1706},{"@type":"BreadcrumbList","@id":"https:\/\/impactocastex.com.ar\/?p=16704#breadcrumb","itemListElement":[{"@type":"ListItem","position":1,"name":"Portada","item":"https:\/\/impactocastex.com.ar\/"},{"@type":"ListItem","position":2,"name":"PSG vs. Bayern Munich, en vivo por las semifinales de la Champions League: hora, d\u00f3nde ver y formaciones"}]},{"@type":"WebSite","@id":"https:\/\/impactocastex.com.ar\/#website","url":"https:\/\/impactocastex.com.ar\/","name":"Impacto Castex","description":"","publisher":{"@id":"https:\/\/impactocastex.com.ar\/#organization"},"potentialAction":[{"@type":"SearchAction","target":{"@type":"EntryPoint","urlTemplate":"https:\/\/impactocastex.com.ar\/?s={search_term_string}"},"query-input":{"@type":"PropertyValueSpecification","valueRequired":true,"valueName":"search_term_string"}}],"inLanguage":"es"},{"@type":"Organization","@id":"https:\/\/impactocastex.com.ar\/#organization","name":"Impacto Castex","url":"https:\/\/impactocastex.com.ar\/","logo":{"@type":"ImageObject","inLanguage":"es","@id":"https:\/\/impactocastex.com.ar\/#\/schema\/logo\/image\/","url":"https:\/\/impactocastex.com.ar\/wp-content\/uploads\/2025\/09\/cropped-icoweb.png","contentUrl":"https:\/\/impactocastex.com.ar\/wp-content\/uploads\/2025\/09\/cropped-icoweb.png","width":512,"height":512,"caption":"Impacto Castex"},"image":{"@id":"https:\/\/impactocastex.com.ar\/#\/schema\/logo\/image\/"},"sameAs":["https:\/\/www.facebook.com\/impactocastexdiario","https:\/\/www.instagram.com\/impactocastex.com.ar\/"]},{"@type":"Person","@id":"https:\/\/impactocastex.com.ar\/#\/schema\/person\/86cb4f827fb5f87869a239b98a69c6e3","name":"impactocastex","image":{"@type":"ImageObject","inLanguage":"es","@id":"https:\/\/secure.gravatar.com\/avatar\/9a87ee051ca8c77f5d4070843ce2c78cdf95b858b950fb039151de955122f5f5?s=96&d=mm&r=g","url":"https:\/\/secure.gravatar.com\/avatar\/9a87ee051ca8c77f5d4070843ce2c78cdf95b858b950fb039151de955122f5f5?s=96&d=mm&r=g","contentUrl":"https:\/\/secure.gravatar.com\/avatar\/9a87ee051ca8c77f5d4070843ce2c78cdf95b858b950fb039151de955122f5f5?s=96&d=mm&r=g","caption":"impactocastex"},"sameAs":["https:\/\/impactocastex.com.ar"],"url":"https:\/\/impactocastex.com.ar\/?author=1"}]}},"jetpack_publicize_connections":[],"featured_image_urls":{"full":["https:\/\/impactocastex.com.ar\/wp-content\/uploads\/2026\/04\/VYACQ34FQVDFNONZ53GJLWUPP4-hW0Pk9-scaled.jpg",2560,1706,false],"thumbnail":["https:\/\/impactocastex.com.ar\/wp-content\/uploads\/2026\/04\/VYACQ34FQVDFNONZ53GJLWUPP4-hW0Pk9-150x150.jpg",150,150,true],"medium":["https:\/\/impactocastex.com.ar\/wp-content\/uploads\/2026\/04\/VYACQ34FQVDFNONZ53GJLWUPP4-hW0Pk9-300x200.jpg",300,200,true],"medium_large":["https:\/\/impactocastex.com.ar\/wp-content\/uploads\/2026\/04\/VYACQ34FQVDFNONZ53GJLWUPP4-hW0Pk9-768x512.jpg",640,427,true],"large":["https:\/\/impactocastex.com.ar\/wp-content\/uploads\/2026\/04\/VYACQ34FQVDFNONZ53GJLWUPP4-hW0Pk9-1024x683.jpg",640,427,true],"1536x1536":["https:\/\/impactocastex.com.ar\/wp-content\/uploads\/2026\/04\/VYACQ34FQVDFNONZ53GJLWUPP4-hW0Pk9-1536x1024.jpg",1536,1024,true],"2048x2048":["https:\/\/impactocastex.com.ar\/wp-content\/uploads\/2026\/04\/VYACQ34FQVDFNONZ53GJLWUPP4-hW0Pk9-2048x1365.jpg",2048,1365,true],"newsever-slider-full":["https:\/\/impactocastex.com.ar\/wp-content\/uploads\/2026\/04\/VYACQ34FQVDFNONZ53GJLWUPP4-hW0Pk9-1280x845.jpg",1280,845,true],"newsever-featured":["https:\/\/impactocastex.com.ar\/wp-content\/uploads\/2026\/04\/VYACQ34FQVDFNONZ53GJLWUPP4-hW0Pk9-1024x683.jpg",1024,683,true],"newsever-medium":["https:\/\/impactocastex.com.ar\/wp-content\/uploads\/2026\/04\/VYACQ34FQVDFNONZ53GJLWUPP4-hW0Pk9-720x475.jpg",720,475,true]},"author_info":{"info":["impactocastex"]},"category_info":"<a href=\"https:\/\/impactocastex.com.ar\/?cat=89\" rel=\"category\">NACIONALES<\/a>","tag_info":"NACIONALES","comment_count":0,"jetpack_featured_media_url":"https:\/\/impactocastex.com.ar\/wp-content\/uploads\/2026\/04\/VYACQ34FQVDFNONZ53GJLWUPP4-hW0Pk9-scaled.jpg","jetpack_sharing_enabled":true,"jetpack_likes_enabled":true,"jetpack_shortlink":"https:\/\/wp.me\/p7sopA-4lq","_links":{"self":[{"href":"https:\/\/impactocastex.com.ar\/index.php?rest_route=\/wp\/v2\/posts\/16704","targetHints":{"allow":["GET"]}}],"collection":[{"href":"https:\/\/impactocastex.com.ar\/index.php?rest_route=\/wp\/v2\/posts"}],"about":[{"href":"https:\/\/impactocastex.com.ar\/index.php?rest_route=\/wp\/v2\/types\/post"}],"author":[{"embeddable":true,"href":"https:\/\/impactocastex.com.ar\/index.php?rest_route=\/wp\/v2\/users\/1"}],"replies":[{"embeddable":true,"href":"https:\/\/impactocastex.com.ar\/index.php?rest_route=%2Fwp%2Fv2%2Fcomments&post=16704"}],"version-history":[{"count":0,"href":"https:\/\/impactocastex.com.ar\/index.php?rest_route=\/wp\/v2\/posts\/16704\/revisions"}],"wp:featuredmedia":[{"embeddable":true,"href":"https:\/\/impactocastex.com.ar\/index.php?rest_route=\/wp\/v2\/media\/16705"}],"wp:attachment":[{"href":"https:\/\/impactocastex.com.ar\/index.php?rest_route=%2Fwp%2Fv2%2Fmedia&parent=16704"}],"wp:term":[{"taxonomy":"category","embeddable":true,"href":"https:\/\/impactocastex.com.ar\/index.php?rest_route=%2Fwp%2Fv2%2Fcategories&post=16704"},{"taxonomy":"post_tag","embeddable":true,"href":"https:\/\/impactocastex.com.ar\/index.php?rest_route=%2Fwp%2Fv2%2Ftags&post=16704"}],"curies":[{"name":"wp","href":"https:\/\/api.w.org\/{rel}","templated":true}]}}