{"id":16698,"date":"2026-04-28T12:16:53","date_gmt":"2026-04-28T15:16:53","guid":{"rendered":"https:\/\/impactocastex.com.ar\/?p=16698"},"modified":"2026-04-28T12:16:53","modified_gmt":"2026-04-28T15:16:53","slug":"luca-zidane-sufrio-una-seria-lesion-y-podria-perderse-el-debut-de-argelia-ante-argentina-en-el-mundial","status":"publish","type":"post","link":"https:\/\/impactocastex.com.ar\/?p=16698","title":{"rendered":"Luca Zidane sufri\u00f3 una seria lesi\u00f3n y podr\u00eda perderse el debut de Argelia ante Argentina en el Mundial"},"content":{"rendered":"<p><b>Luca Zidane<\/b>, uno de los cuatro hijos del astro franc\u00e9s <b>Zinedine Zidane<\/b>, es arquero de Granada (Espa\u00f1a) y de la <b>selecci\u00f3n de Argelia<\/b>, el pa\u00eds de origen de su familia paterna. A poco m\u00e1s de 40 d\u00edas para el comienzo de la <b>Copa del Mundo<\/b>, <b>sufri\u00f3 una severa lesi\u00f3n<\/b> y podr\u00eda perderse la acci\u00f3n en M\u00e9xico, Canad\u00e1 y Estados Unidos. Vale recordar que el pa\u00eds africano ser\u00e1 el <b>primer rival de la Argentina en el Grupo J, el 16 de junio, en Kansas City<\/b>. <\/p>\n<p><img loading=\"lazy\" decoding=\"async\" src=\"https:\/\/resizer.glanacion.com\/resizer\/v2\/FB5N6ONK45DNTEOP2QW5H3JJVA.jpg?auth=b0fae36dcb480141113bfcb34169a16049c3b300ba4ad9d59f989e6b803b3a23&amp;smart=true&amp;width=2000&amp;height=1333\" alt=\"Luca Zidane naci\u00f3 en Francia, eligi\u00f3 la nacionalidad argelina y so\u00f1aba enfrentarse con Argentina en el Mundial, pero su presencia est\u00e1 en duda\" height=\"1333\" width=\"2000\" \/><\/p>\n<p>El domingo, durante el partido entre Granada y Almer\u00eda, por la segunda divisi\u00f3n de Espa\u00f1a, Zidane sufri\u00f3 una <b>\u201cconmoci\u00f3n cerebral\u201d<\/b>, pero <b>\u201ctambi\u00e9n una fractura en su mand\u00edbula y ment\u00f3n\u201d<\/b>. El club de Andaluc\u00eda comunic\u00f3: \u201cEl jugador, junto a los servicios m\u00e9dicos del club, decidir\u00e1 en las pr\u00f3ximas horas el tratamiento a seguir para tratar su dolencia\u201d. Si se somete a una operaci\u00f3n, Zidane, que disput\u00f3 la Copa de Naciones de \u00c1frica en enero, podr\u00eda ser baja en la Copa del Mundo.<\/p>\n<p>Su potencial ausencia complicar\u00eda la tarea del seleccionador Vladimir Petkovic, que ya no puede contar con los otros dos arqueros habitualmente convocados, Anthony Mandrea (SM Caen) y Melvin Mastil (Stade Nyonnais), ambos lesionados.<\/p>\n<p><img loading=\"lazy\" decoding=\"async\" src=\"https:\/\/resizer.glanacion.com\/resizer\/v2\/AWDQJOATQ5DVXE74FMDABFSPQQ.jpg?auth=6a318ed4b187ef70a32add072f874c12d26ce3e1fa212ca97256bcb970c09bfa&amp;smart=true&amp;width=2000&amp;height=1333\" alt=\"Luca Zidane, arquero de la selecci\u00f3n de Argelia: podr\u00eda perderse el Mundial\" height=\"1333\" width=\"2000\" \/><\/p>\n<p>El golpe de Zidane se produjo cuando restaban tres minutos para el final del partido, con Granada perdiendo 4-2 ante Almer\u00eda. El arquero choc\u00f3 con el brasile\u00f1o de Almer\u00eda, Thalys Henrique, en la disputa de la pelota despu\u00e9s de un c\u00f3rner. El golpe fue tan fuerte que el guardavalla rojiblanco se qued\u00f3 en el suelo, el partido se detuvo durante cuatro minutos y, con sangre en la boca, tuvo que ser reemplazado. \u201cA Zidane le trasladaron al hospital por el golpe, ya que estaba mareado; permanecer\u00e1 en observaci\u00f3n y se le har\u00e1n pruebas necesarias\u201d, dijo despu\u00e9s del partido el entrenador Jos\u00e9 Rojo Mart\u00edn.<\/p>\n<p>Nacido en la ciudad francesa de Aix-en-Provence el 13 de mayo de 1998, Luca se conect\u00f3 con el f\u00fatbol desde chico y comparti\u00f3 muchas vivencias junto a<b> <\/b>Enzo, el mayor de los cuatro hijos de Zidane, quien comenz\u00f3 su etapa formativa en Juventus, sigui\u00f3 por Real Madrid y se retir\u00f3 en 2024 con la camiseta del Fuenlabrada de Espa\u00f1a. Luca, asimismo, comenz\u00f3 su carrera en la Casa Blanca<b> <\/b>al debutar el 19 de mayo de 2018 contra Villarreal, en un encuentro que termin\u00f3 2-2. Las miradas sobre el guardameta estuvieron puestas por ser elegido por su propio padre, quien era el DT del club merengue por ese entonces.<\/p>\n<p><img loading=\"lazy\" decoding=\"async\" src=\"https:\/\/resizer.glanacion.com\/resizer\/v2\/MNYRX5JLXVBETO73QI6TVG2R3U.jpg?auth=2febc6ac8d8fa327e31826c1b254bfe10d58a954b92e4d32bcd215d30a1a74a0&amp;smart=true&amp;width=550&amp;height=300\" alt=\"El arquero Luca Zidane y su padre, el gran Zinedine Zidane\" height=\"300\" width=\"550\" \/><\/p>\n<p>Sin poder asentarse bajo los tres palos del conjunto de Madrid y condicionado por la cr\u00edtica de la prensa e hinchas que ten\u00edan las expectativas altas por la portaci\u00f3n de apellido, Luca decidi\u00f3 emigrar, a pr\u00e9stamo, a Racing de Santander, Rayo Vallecano, \u00c9ibar, hasta recalar en Granada, donde, a los 27 a\u00f1os, es titular en la formaci\u00f3n y una pieza clave en la selecci\u00f3n de Argelia.<\/p>\n<p>\u201cCuando juego soy Luca, no Zidane\u201d, manifest\u00f3 el arquero en su etapa como jugador del equipo merengue, para marcar un l\u00edmite en cuanto a la cr\u00edtica. Tiene la nacionalidad argelina por sus abuelos paternos, Sma\u00efl y Malika, dos inmigrantes del pa\u00eds africano, de la zona de Kabilia, que llegaron a Francia en la d\u00e9cada del 60\u2032 y se establecieron en Marsella. La llegada a la selecci\u00f3n africana se dio ante la imposibilidad de hacerlo en la mayor de Francia, donde las oportunidades eran escasas y el deseo de progresar estaba latente en otro continente.<\/p>\n<p>\u200bEl hijo del astro franc\u00e9s, arquero de Granada, padeci\u00f3 una fractura de mand\u00edbula y podr\u00eda ser operado; la selecci\u00f3n africana se medir\u00e1 con el equipo nacional el 16 de junio\u00a0\u00a0<\/p>","protected":false},"excerpt":{"rendered":"<p>Luca Zidane, uno de los cuatro hijos del astro franc\u00e9s Zinedine Zidane, es arquero de&#8230;<\/p>\n","protected":false},"author":1,"featured_media":16699,"comment_status":"closed","ping_status":"closed","sticky":false,"template":"","format":"standard","meta":{"_jetpack_memberships_contains_paid_content":false,"footnotes":"","jetpack_publicize_message":"","jetpack_publicize_feature_enabled":true,"jetpack_social_post_already_shared":true,"jetpack_social_options":{"image_generator_settings":{"template":"highway","default_image_id":0,"font":"","enabled":false},"version":2}},"categories":[89],"tags":[],"class_list":["post-16698","post","type-post","status-publish","format-standard","has-post-thumbnail","hentry","category-nacionales"],"yoast_head":"<!-- This site is optimized with the Yoast SEO plugin v27.4 - https:\/\/yoast.com\/product\/yoast-seo-wordpress\/ -->\n<title>Luca Zidane sufri\u00f3 una seria lesi\u00f3n y podr\u00eda perderse el debut de Argelia ante Argentina en el Mundial -<\/title>\n<meta name=\"robots\" content=\"index, follow, max-snippet:-1, max-image-preview:large, max-video-preview:-1\" \/>\n<link rel=\"canonical\" href=\"https:\/\/impactocastex.com.ar\/?p=16698\" \/>\n<meta property=\"og:locale\" content=\"es_ES\" \/>\n<meta property=\"og:type\" content=\"article\" \/>\n<meta property=\"og:title\" content=\"Luca Zidane sufri\u00f3 una seria lesi\u00f3n y podr\u00eda perderse el debut de Argelia ante Argentina en el Mundial -\" \/>\n<meta property=\"og:description\" content=\"Luca Zidane, uno de los cuatro hijos del astro franc\u00e9s Zinedine Zidane, es arquero de...\" \/>\n<meta property=\"og:url\" content=\"https:\/\/impactocastex.com.ar\/?p=16698\" \/>\n<meta property=\"article:publisher\" content=\"https:\/\/www.facebook.com\/impactocastexdiario\" \/>\n<meta property=\"article:published_time\" content=\"2026-04-28T15:16:53+00:00\" \/>\n<meta property=\"og:image\" content=\"https:\/\/resizer.glanacion.com\/resizer\/v2\/FB5N6ONK45DNTEOP2QW5H3JJVA.jpg?auth=b0fae36dcb480141113bfcb34169a16049c3b300ba4ad9d59f989e6b803b3a23&amp;smart=true&amp;width=2000&amp;height=1333\" \/>\n<meta name=\"author\" content=\"impactocastex\" \/>\n<meta name=\"twitter:card\" content=\"summary_large_image\" \/>\n<meta name=\"twitter:label1\" content=\"Escrito por\" \/>\n\t<meta name=\"twitter:data1\" content=\"impactocastex\" \/>\n\t<meta name=\"twitter:label2\" content=\"Tiempo de lectura\" \/>\n\t<meta name=\"twitter:data2\" content=\"3 minutos\" \/>\n<script type=\"application\/ld+json\" class=\"yoast-schema-graph\">{\"@context\":\"https:\\\/\\\/schema.org\",\"@graph\":[{\"@type\":\"Article\",\"@id\":\"https:\\\/\\\/impactocastex.com.ar\\\/?p=16698#article\",\"isPartOf\":{\"@id\":\"https:\\\/\\\/impactocastex.com.ar\\\/?p=16698\"},\"author\":{\"name\":\"impactocastex\",\"@id\":\"https:\\\/\\\/impactocastex.com.ar\\\/#\\\/schema\\\/person\\\/86cb4f827fb5f87869a239b98a69c6e3\"},\"headline\":\"Luca Zidane sufri\u00f3 una seria lesi\u00f3n y podr\u00eda perderse el debut de Argelia ante Argentina en el Mundial\",\"datePublished\":\"2026-04-28T15:16:53+00:00\",\"mainEntityOfPage\":{\"@id\":\"https:\\\/\\\/impactocastex.com.ar\\\/?p=16698\"},\"wordCount\":661,\"publisher\":{\"@id\":\"https:\\\/\\\/impactocastex.com.ar\\\/#organization\"},\"image\":{\"@id\":\"https:\\\/\\\/impactocastex.com.ar\\\/?p=16698#primaryimage\"},\"thumbnailUrl\":\"https:\\\/\\\/impactocastex.com.ar\\\/wp-content\\\/uploads\\\/2026\\\/04\\\/S54JH62HKNHMRJZQ5RLQDRTQHA-pqRPOo.jpg\",\"articleSection\":[\"NACIONALES\"],\"inLanguage\":\"es\"},{\"@type\":\"WebPage\",\"@id\":\"https:\\\/\\\/impactocastex.com.ar\\\/?p=16698\",\"url\":\"https:\\\/\\\/impactocastex.com.ar\\\/?p=16698\",\"name\":\"Luca Zidane sufri\u00f3 una seria lesi\u00f3n y podr\u00eda perderse el debut de Argelia ante Argentina en el Mundial -\",\"isPartOf\":{\"@id\":\"https:\\\/\\\/impactocastex.com.ar\\\/#website\"},\"primaryImageOfPage\":{\"@id\":\"https:\\\/\\\/impactocastex.com.ar\\\/?p=16698#primaryimage\"},\"image\":{\"@id\":\"https:\\\/\\\/impactocastex.com.ar\\\/?p=16698#primaryimage\"},\"thumbnailUrl\":\"https:\\\/\\\/impactocastex.com.ar\\\/wp-content\\\/uploads\\\/2026\\\/04\\\/S54JH62HKNHMRJZQ5RLQDRTQHA-pqRPOo.jpg\",\"datePublished\":\"2026-04-28T15:16:53+00:00\",\"breadcrumb\":{\"@id\":\"https:\\\/\\\/impactocastex.com.ar\\\/?p=16698#breadcrumb\"},\"inLanguage\":\"es\",\"potentialAction\":[{\"@type\":\"ReadAction\",\"target\":[\"https:\\\/\\\/impactocastex.com.ar\\\/?p=16698\"]}]},{\"@type\":\"ImageObject\",\"inLanguage\":\"es\",\"@id\":\"https:\\\/\\\/impactocastex.com.ar\\\/?p=16698#primaryimage\",\"url\":\"https:\\\/\\\/impactocastex.com.ar\\\/wp-content\\\/uploads\\\/2026\\\/04\\\/S54JH62HKNHMRJZQ5RLQDRTQHA-pqRPOo.jpg\",\"contentUrl\":\"https:\\\/\\\/impactocastex.com.ar\\\/wp-content\\\/uploads\\\/2026\\\/04\\\/S54JH62HKNHMRJZQ5RLQDRTQHA-pqRPOo.jpg\",\"width\":2000,\"height\":1333},{\"@type\":\"BreadcrumbList\",\"@id\":\"https:\\\/\\\/impactocastex.com.ar\\\/?p=16698#breadcrumb\",\"itemListElement\":[{\"@type\":\"ListItem\",\"position\":1,\"name\":\"Portada\",\"item\":\"https:\\\/\\\/impactocastex.com.ar\\\/\"},{\"@type\":\"ListItem\",\"position\":2,\"name\":\"Luca Zidane sufri\u00f3 una seria lesi\u00f3n y podr\u00eda perderse el debut de Argelia ante Argentina en el Mundial\"}]},{\"@type\":\"WebSite\",\"@id\":\"https:\\\/\\\/impactocastex.com.ar\\\/#website\",\"url\":\"https:\\\/\\\/impactocastex.com.ar\\\/\",\"name\":\"Impacto Castex\",\"description\":\"\",\"publisher\":{\"@id\":\"https:\\\/\\\/impactocastex.com.ar\\\/#organization\"},\"potentialAction\":[{\"@type\":\"SearchAction\",\"target\":{\"@type\":\"EntryPoint\",\"urlTemplate\":\"https:\\\/\\\/impactocastex.com.ar\\\/?s={search_term_string}\"},\"query-input\":{\"@type\":\"PropertyValueSpecification\",\"valueRequired\":true,\"valueName\":\"search_term_string\"}}],\"inLanguage\":\"es\"},{\"@type\":\"Organization\",\"@id\":\"https:\\\/\\\/impactocastex.com.ar\\\/#organization\",\"name\":\"Impacto Castex\",\"url\":\"https:\\\/\\\/impactocastex.com.ar\\\/\",\"logo\":{\"@type\":\"ImageObject\",\"inLanguage\":\"es\",\"@id\":\"https:\\\/\\\/impactocastex.com.ar\\\/#\\\/schema\\\/logo\\\/image\\\/\",\"url\":\"https:\\\/\\\/impactocastex.com.ar\\\/wp-content\\\/uploads\\\/2025\\\/09\\\/cropped-icoweb.png\",\"contentUrl\":\"https:\\\/\\\/impactocastex.com.ar\\\/wp-content\\\/uploads\\\/2025\\\/09\\\/cropped-icoweb.png\",\"width\":512,\"height\":512,\"caption\":\"Impacto Castex\"},\"image\":{\"@id\":\"https:\\\/\\\/impactocastex.com.ar\\\/#\\\/schema\\\/logo\\\/image\\\/\"},\"sameAs\":[\"https:\\\/\\\/www.facebook.com\\\/impactocastexdiario\",\"https:\\\/\\\/www.instagram.com\\\/impactocastex.com.ar\\\/\"]},{\"@type\":\"Person\",\"@id\":\"https:\\\/\\\/impactocastex.com.ar\\\/#\\\/schema\\\/person\\\/86cb4f827fb5f87869a239b98a69c6e3\",\"name\":\"impactocastex\",\"image\":{\"@type\":\"ImageObject\",\"inLanguage\":\"es\",\"@id\":\"https:\\\/\\\/secure.gravatar.com\\\/avatar\\\/9a87ee051ca8c77f5d4070843ce2c78cdf95b858b950fb039151de955122f5f5?s=96&d=mm&r=g\",\"url\":\"https:\\\/\\\/secure.gravatar.com\\\/avatar\\\/9a87ee051ca8c77f5d4070843ce2c78cdf95b858b950fb039151de955122f5f5?s=96&d=mm&r=g\",\"contentUrl\":\"https:\\\/\\\/secure.gravatar.com\\\/avatar\\\/9a87ee051ca8c77f5d4070843ce2c78cdf95b858b950fb039151de955122f5f5?s=96&d=mm&r=g\",\"caption\":\"impactocastex\"},\"sameAs\":[\"https:\\\/\\\/impactocastex.com.ar\"],\"url\":\"https:\\\/\\\/impactocastex.com.ar\\\/?author=1\"}]}<\/script>\n<!-- \/ Yoast SEO plugin. -->","yoast_head_json":{"title":"Luca Zidane sufri\u00f3 una seria lesi\u00f3n y podr\u00eda perderse el debut de Argelia ante Argentina en el Mundial -","robots":{"index":"index","follow":"follow","max-snippet":"max-snippet:-1","max-image-preview":"max-image-preview:large","max-video-preview":"max-video-preview:-1"},"canonical":"https:\/\/impactocastex.com.ar\/?p=16698","og_locale":"es_ES","og_type":"article","og_title":"Luca Zidane sufri\u00f3 una seria lesi\u00f3n y podr\u00eda perderse el debut de Argelia ante Argentina en el Mundial -","og_description":"Luca Zidane, uno de los cuatro hijos del astro franc\u00e9s Zinedine Zidane, es arquero de...","og_url":"https:\/\/impactocastex.com.ar\/?p=16698","article_publisher":"https:\/\/www.facebook.com\/impactocastexdiario","article_published_time":"2026-04-28T15:16:53+00:00","og_image":[{"url":"https:\/\/resizer.glanacion.com\/resizer\/v2\/FB5N6ONK45DNTEOP2QW5H3JJVA.jpg?auth=b0fae36dcb480141113bfcb34169a16049c3b300ba4ad9d59f989e6b803b3a23&amp;smart=true&amp;width=2000&amp;height=1333","type":"","width":"","height":""}],"author":"impactocastex","twitter_card":"summary_large_image","twitter_misc":{"Escrito por":"impactocastex","Tiempo de lectura":"3 minutos"},"schema":{"@context":"https:\/\/schema.org","@graph":[{"@type":"Article","@id":"https:\/\/impactocastex.com.ar\/?p=16698#article","isPartOf":{"@id":"https:\/\/impactocastex.com.ar\/?p=16698"},"author":{"name":"impactocastex","@id":"https:\/\/impactocastex.com.ar\/#\/schema\/person\/86cb4f827fb5f87869a239b98a69c6e3"},"headline":"Luca Zidane sufri\u00f3 una seria lesi\u00f3n y podr\u00eda perderse el debut de Argelia ante Argentina en el Mundial","datePublished":"2026-04-28T15:16:53+00:00","mainEntityOfPage":{"@id":"https:\/\/impactocastex.com.ar\/?p=16698"},"wordCount":661,"publisher":{"@id":"https:\/\/impactocastex.com.ar\/#organization"},"image":{"@id":"https:\/\/impactocastex.com.ar\/?p=16698#primaryimage"},"thumbnailUrl":"https:\/\/impactocastex.com.ar\/wp-content\/uploads\/2026\/04\/S54JH62HKNHMRJZQ5RLQDRTQHA-pqRPOo.jpg","articleSection":["NACIONALES"],"inLanguage":"es"},{"@type":"WebPage","@id":"https:\/\/impactocastex.com.ar\/?p=16698","url":"https:\/\/impactocastex.com.ar\/?p=16698","name":"Luca Zidane sufri\u00f3 una seria lesi\u00f3n y podr\u00eda perderse el debut de Argelia ante Argentina en el Mundial -","isPartOf":{"@id":"https:\/\/impactocastex.com.ar\/#website"},"primaryImageOfPage":{"@id":"https:\/\/impactocastex.com.ar\/?p=16698#primaryimage"},"image":{"@id":"https:\/\/impactocastex.com.ar\/?p=16698#primaryimage"},"thumbnailUrl":"https:\/\/impactocastex.com.ar\/wp-content\/uploads\/2026\/04\/S54JH62HKNHMRJZQ5RLQDRTQHA-pqRPOo.jpg","datePublished":"2026-04-28T15:16:53+00:00","breadcrumb":{"@id":"https:\/\/impactocastex.com.ar\/?p=16698#breadcrumb"},"inLanguage":"es","potentialAction":[{"@type":"ReadAction","target":["https:\/\/impactocastex.com.ar\/?p=16698"]}]},{"@type":"ImageObject","inLanguage":"es","@id":"https:\/\/impactocastex.com.ar\/?p=16698#primaryimage","url":"https:\/\/impactocastex.com.ar\/wp-content\/uploads\/2026\/04\/S54JH62HKNHMRJZQ5RLQDRTQHA-pqRPOo.jpg","contentUrl":"https:\/\/impactocastex.com.ar\/wp-content\/uploads\/2026\/04\/S54JH62HKNHMRJZQ5RLQDRTQHA-pqRPOo.jpg","width":2000,"height":1333},{"@type":"BreadcrumbList","@id":"https:\/\/impactocastex.com.ar\/?p=16698#breadcrumb","itemListElement":[{"@type":"ListItem","position":1,"name":"Portada","item":"https:\/\/impactocastex.com.ar\/"},{"@type":"ListItem","position":2,"name":"Luca Zidane sufri\u00f3 una seria lesi\u00f3n y podr\u00eda perderse el debut de Argelia ante Argentina en el Mundial"}]},{"@type":"WebSite","@id":"https:\/\/impactocastex.com.ar\/#website","url":"https:\/\/impactocastex.com.ar\/","name":"Impacto Castex","description":"","publisher":{"@id":"https:\/\/impactocastex.com.ar\/#organization"},"potentialAction":[{"@type":"SearchAction","target":{"@type":"EntryPoint","urlTemplate":"https:\/\/impactocastex.com.ar\/?s={search_term_string}"},"query-input":{"@type":"PropertyValueSpecification","valueRequired":true,"valueName":"search_term_string"}}],"inLanguage":"es"},{"@type":"Organization","@id":"https:\/\/impactocastex.com.ar\/#organization","name":"Impacto Castex","url":"https:\/\/impactocastex.com.ar\/","logo":{"@type":"ImageObject","inLanguage":"es","@id":"https:\/\/impactocastex.com.ar\/#\/schema\/logo\/image\/","url":"https:\/\/impactocastex.com.ar\/wp-content\/uploads\/2025\/09\/cropped-icoweb.png","contentUrl":"https:\/\/impactocastex.com.ar\/wp-content\/uploads\/2025\/09\/cropped-icoweb.png","width":512,"height":512,"caption":"Impacto Castex"},"image":{"@id":"https:\/\/impactocastex.com.ar\/#\/schema\/logo\/image\/"},"sameAs":["https:\/\/www.facebook.com\/impactocastexdiario","https:\/\/www.instagram.com\/impactocastex.com.ar\/"]},{"@type":"Person","@id":"https:\/\/impactocastex.com.ar\/#\/schema\/person\/86cb4f827fb5f87869a239b98a69c6e3","name":"impactocastex","image":{"@type":"ImageObject","inLanguage":"es","@id":"https:\/\/secure.gravatar.com\/avatar\/9a87ee051ca8c77f5d4070843ce2c78cdf95b858b950fb039151de955122f5f5?s=96&d=mm&r=g","url":"https:\/\/secure.gravatar.com\/avatar\/9a87ee051ca8c77f5d4070843ce2c78cdf95b858b950fb039151de955122f5f5?s=96&d=mm&r=g","contentUrl":"https:\/\/secure.gravatar.com\/avatar\/9a87ee051ca8c77f5d4070843ce2c78cdf95b858b950fb039151de955122f5f5?s=96&d=mm&r=g","caption":"impactocastex"},"sameAs":["https:\/\/impactocastex.com.ar"],"url":"https:\/\/impactocastex.com.ar\/?author=1"}]}},"jetpack_publicize_connections":[],"featured_image_urls":{"full":["https:\/\/impactocastex.com.ar\/wp-content\/uploads\/2026\/04\/S54JH62HKNHMRJZQ5RLQDRTQHA-pqRPOo.jpg",2000,1333,false],"thumbnail":["https:\/\/impactocastex.com.ar\/wp-content\/uploads\/2026\/04\/S54JH62HKNHMRJZQ5RLQDRTQHA-pqRPOo-150x150.jpg",150,150,true],"medium":["https:\/\/impactocastex.com.ar\/wp-content\/uploads\/2026\/04\/S54JH62HKNHMRJZQ5RLQDRTQHA-pqRPOo-300x200.jpg",300,200,true],"medium_large":["https:\/\/impactocastex.com.ar\/wp-content\/uploads\/2026\/04\/S54JH62HKNHMRJZQ5RLQDRTQHA-pqRPOo-768x512.jpg",640,427,true],"large":["https:\/\/impactocastex.com.ar\/wp-content\/uploads\/2026\/04\/S54JH62HKNHMRJZQ5RLQDRTQHA-pqRPOo-1024x682.jpg",640,426,true],"1536x1536":["https:\/\/impactocastex.com.ar\/wp-content\/uploads\/2026\/04\/S54JH62HKNHMRJZQ5RLQDRTQHA-pqRPOo-1536x1024.jpg",1536,1024,true],"2048x2048":["https:\/\/impactocastex.com.ar\/wp-content\/uploads\/2026\/04\/S54JH62HKNHMRJZQ5RLQDRTQHA-pqRPOo.jpg",2000,1333,false],"newsever-slider-full":["https:\/\/impactocastex.com.ar\/wp-content\/uploads\/2026\/04\/S54JH62HKNHMRJZQ5RLQDRTQHA-pqRPOo-1280x845.jpg",1280,845,true],"newsever-featured":["https:\/\/impactocastex.com.ar\/wp-content\/uploads\/2026\/04\/S54JH62HKNHMRJZQ5RLQDRTQHA-pqRPOo-1024x682.jpg",1024,682,true],"newsever-medium":["https:\/\/impactocastex.com.ar\/wp-content\/uploads\/2026\/04\/S54JH62HKNHMRJZQ5RLQDRTQHA-pqRPOo-720x475.jpg",720,475,true]},"author_info":{"info":["impactocastex"]},"category_info":"<a href=\"https:\/\/impactocastex.com.ar\/?cat=89\" rel=\"category\">NACIONALES<\/a>","tag_info":"NACIONALES","comment_count":0,"jetpack_featured_media_url":"https:\/\/impactocastex.com.ar\/wp-content\/uploads\/2026\/04\/S54JH62HKNHMRJZQ5RLQDRTQHA-pqRPOo.jpg","jetpack_sharing_enabled":true,"jetpack_likes_enabled":true,"jetpack_shortlink":"https:\/\/wp.me\/p7sopA-4lk","_links":{"self":[{"href":"https:\/\/impactocastex.com.ar\/index.php?rest_route=\/wp\/v2\/posts\/16698","targetHints":{"allow":["GET"]}}],"collection":[{"href":"https:\/\/impactocastex.com.ar\/index.php?rest_route=\/wp\/v2\/posts"}],"about":[{"href":"https:\/\/impactocastex.com.ar\/index.php?rest_route=\/wp\/v2\/types\/post"}],"author":[{"embeddable":true,"href":"https:\/\/impactocastex.com.ar\/index.php?rest_route=\/wp\/v2\/users\/1"}],"replies":[{"embeddable":true,"href":"https:\/\/impactocastex.com.ar\/index.php?rest_route=%2Fwp%2Fv2%2Fcomments&post=16698"}],"version-history":[{"count":0,"href":"https:\/\/impactocastex.com.ar\/index.php?rest_route=\/wp\/v2\/posts\/16698\/revisions"}],"wp:featuredmedia":[{"embeddable":true,"href":"https:\/\/impactocastex.com.ar\/index.php?rest_route=\/wp\/v2\/media\/16699"}],"wp:attachment":[{"href":"https:\/\/impactocastex.com.ar\/index.php?rest_route=%2Fwp%2Fv2%2Fmedia&parent=16698"}],"wp:term":[{"taxonomy":"category","embeddable":true,"href":"https:\/\/impactocastex.com.ar\/index.php?rest_route=%2Fwp%2Fv2%2Fcategories&post=16698"},{"taxonomy":"post_tag","embeddable":true,"href":"https:\/\/impactocastex.com.ar\/index.php?rest_route=%2Fwp%2Fv2%2Ftags&post=16698"}],"curies":[{"name":"wp","href":"https:\/\/api.w.org\/{rel}","templated":true}]}}