{"id":16690,"date":"2026-04-28T10:19:34","date_gmt":"2026-04-28T13:19:34","guid":{"rendered":"https:\/\/impactocastex.com.ar\/?p=16690"},"modified":"2026-04-28T10:19:34","modified_gmt":"2026-04-28T13:19:34","slug":"la-emocion-de-eleonora-wexler-ante-un-video-inedito-de-su-infancia-que-le-mostro-mario-pergolini","status":"publish","type":"post","link":"https:\/\/impactocastex.com.ar\/?p=16690","title":{"rendered":"La emoci\u00f3n de Eleonora Wexler ante un video in\u00e9dito de su infancia que le mostr\u00f3 Mario Pergolini"},"content":{"rendered":"<p>En medio de las funciones de <i>El estado de la uni\u00f3n<\/i>, obra que coprotagoniza con <b>Gonzalo Heredia<\/b> en el Picadero,<b> <\/b><a href=\"https:\/\/www.lanacion.com.ar\/espectaculos\/teatro\/eleonora-wexler-entre-un-clasico-teatral-su-vinculo-con-un-destacado-productor-y-el-bullying-sufrido-nid17102025\/\" target=\"_self\" rel=\"\" title=\"https:\/\/www.lanacion.com.ar\/espectaculos\/teatro\/eleonora-wexler-entre-un-clasico-teatral-su-vinculo-con-un-destacado-productor-y-el-bullying-sufrido-nid17102025\/\"><b>Eleonora Wexler <\/b><\/a>estuvo en <i>Otro d\u00eda perdido<\/i> (eltrece) y vivi\u00f3 una situaci\u00f3n que literalmente la dej\u00f3 boquiabierta. Mario Pergolini le mostr\u00f3 un video de sus inicios en la televisi\u00f3n cuando era apenas una ni\u00f1a de 11 a\u00f1os y la emoci\u00f3n la invadi\u00f3 por completo.<b> \u201c\u00a1No lo vi nunca!\u201c<\/b>, exclam\u00f3 conmovida.<\/p>\n<p>\u201c\u00bfC\u00f3mo es vivir a la vista de todos desde tan chica?\u201c, le pregunt\u00f3 Mario Pergolini. \u201dEst\u00e1bamos viendo \u2014y aprovecho de mostrarlo\u2014 cuando estabas en la televisi\u00f3n, en <a href=\"https:\/\/www.lanacion.com.ar\/espectaculos\/television\/mesa-de-noticias-el-chiste-interno-entre-gianni-lunadei-y-gino-renni-el-humor-de-juan-carlos-mesa-y-nid01122023\/\" target=\"_self\" rel=\"\" title=\"https:\/\/www.lanacion.com.ar\/espectaculos\/television\/mesa-de-noticias-el-chiste-interno-entre-gianni-lunadei-y-gino-renni-el-humor-de-juan-carlos-mesa-y-nid01122023\/\"><i>Mesa de noticias<\/i><\/a>. \u00bfEsta nena qu\u00e9 edad tiene?\u201c, sigui\u00f3, pero no pudo continuar porque la expresi\u00f3n de sorpresa total y absoluta de Wexler al ver las im\u00e1genes fue dif\u00edcil de ignorar.<\/p>\n<p><img loading=\"lazy\" decoding=\"async\" src=\"https:\/\/resizer.glanacion.com\/resizer\/v2\/E4PJOBRBEFCTNCGE3N474ENQMI.png?auth=df0812d2f986cf6fd22cacc778a94908b97552132d31f1fbc36f97eab29aee5e&amp;smart=true&amp;width=2000&amp;height=1333\" alt=\"Eleonora Wexler en televisi\u00f3n a los 11 a\u00f1os (Foto: Captura de video \/ Otro d\u00eda perdido)\" height=\"1333\" width=\"2000\" \/><\/p>\n<p>\u201cMe muero\u201d, exclam\u00f3 la actriz e insisti\u00f3 en que, si bien hab\u00eda visto im\u00e1genes suyas anteriormente, este para ella era un video in\u00e9dito.<b> \u201cNunca me hab\u00eda visto en esa imagen tan chiquita\u201d<\/b>, sostuvo y admiti\u00f3 que pudo percibir all\u00ed cosas de su propia hija Miranda \u2014que hoy tiene 22 a\u00f1os\u2014 cuando era peque\u00f1a. \u201cMe agarr\u00f3 desprevenida\u201d, admiti\u00f3. <\/p>\n<p>Acto seguido, la actriz rememor\u00f3 c\u00f3mo fueron sus inicios en el medio. Su debut fue a los ocho a\u00f1os en la primera <a href=\"https:\/\/www.lanacion.com.ar\/espectaculos\/que-fue-de-la-vida-y-como-esta-hoy-noelia-noto-la-primera-annie-argentina-nid19032026\/\" target=\"_self\" rel=\"\" title=\"https:\/\/www.lanacion.com.ar\/espectaculos\/que-fue-de-la-vida-y-como-esta-hoy-noelia-noto-la-primera-annie-argentina-nid19032026\/\">adaptaci\u00f3n argentina del musical<i> Annie<\/i><\/a><i> <\/i>que se realiz\u00f3 en 1982 en el teatro Lola Membrives. <\/p>\n<figure><video height=\"720\" width=\"1280\" poster=\"https:\/\/cdn.jwplayer.com\/v2\/media\/vPMHREDi\/poster.jpg?width=1280\" preload=\"none\"><\/video><figcaption>Eleonora Wexler record\u00f3 c\u00f3mo fueron sus inicios en la actuaci\u00f3n<\/figcaption><\/figure>\n<p>Nacida en una familia en la que siempre se escuch\u00f3 m\u00fasica y se organizaban salidas al teatro, lleg\u00f3 al musical tras insistirle a su madre que quer\u00eda ser artista: \u201cEstaba loca como un plumero que quer\u00eda imitar, cantar y bailar\u201d. De hecho, hac\u00eda shows en su casa para los que reclutaba a su hermana y sus amigas. \u201c<b>Yo era la productora, protagonista y directora. Las obligaba a todas a hacer el espect\u00e1culo<\/b> y, cuando ven\u00edan los padres, los sentaba en el living de mi departamento de Parque Patricios y ah\u00ed les hac\u00eda todo el show\u201d, record\u00f3. <\/p>\n<p>Su paso de las tablas a la televisi\u00f3n lleg\u00f3 mientras hac\u00eda <i>Annie<\/i>. \u201cGustavo Yakelevich y Juan Carlos Meza necesitaban dos nenas chiquitas para <i>Mesa de noticias<\/i>. Me eligen a m\u00ed y a otra nena\u201d, explic\u00f3. Si bien acept\u00f3 la propuesta, sus padres le dejaron en claro que era primordial continuar con sus estudios. Iba a la escuela por la ma\u00f1ana y luego se dirig\u00eda a las grabaciones y en el bar preparaba sus clases. \u201c<b>Nunca dej\u00e9 de estudiar<\/b>. Termin\u00e9 el colegio, el primario, el secundario, todo\u201d, asever\u00f3. <\/p>\n<p>\u200bLa actriz estuvo en Otro d\u00eda perdido (eltrece) y se conmovi\u00f3 al ver im\u00e1genes suyas en la televisi\u00f3n cuando era apenas una ni\u00f1a\u00a0\u00a0<\/p>","protected":false},"excerpt":{"rendered":"<p>En medio de las funciones de El estado de la uni\u00f3n, obra que coprotagoniza con&#8230;<\/p>\n","protected":false},"author":1,"featured_media":16691,"comment_status":"closed","ping_status":"closed","sticky":false,"template":"","format":"standard","meta":{"_jetpack_memberships_contains_paid_content":false,"footnotes":"","jetpack_publicize_message":"","jetpack_publicize_feature_enabled":true,"jetpack_social_post_already_shared":true,"jetpack_social_options":{"image_generator_settings":{"template":"highway","default_image_id":0,"font":"","enabled":false},"version":2}},"categories":[89],"tags":[],"class_list":["post-16690","post","type-post","status-publish","format-standard","has-post-thumbnail","hentry","category-nacionales"],"yoast_head":"<!-- This site is optimized with the Yoast SEO plugin v27.4 - https:\/\/yoast.com\/product\/yoast-seo-wordpress\/ -->\n<title>La emoci\u00f3n de Eleonora Wexler ante un video in\u00e9dito de su infancia que le mostr\u00f3 Mario Pergolini -<\/title>\n<meta name=\"robots\" content=\"index, follow, max-snippet:-1, max-image-preview:large, max-video-preview:-1\" \/>\n<link rel=\"canonical\" href=\"https:\/\/impactocastex.com.ar\/?p=16690\" \/>\n<meta property=\"og:locale\" content=\"es_ES\" \/>\n<meta property=\"og:type\" content=\"article\" \/>\n<meta property=\"og:title\" content=\"La emoci\u00f3n de Eleonora Wexler ante un video in\u00e9dito de su infancia que le mostr\u00f3 Mario Pergolini -\" \/>\n<meta property=\"og:description\" content=\"En medio de las funciones de El estado de la uni\u00f3n, obra que coprotagoniza con...\" \/>\n<meta property=\"og:url\" content=\"https:\/\/impactocastex.com.ar\/?p=16690\" \/>\n<meta property=\"article:publisher\" content=\"https:\/\/www.facebook.com\/impactocastexdiario\" \/>\n<meta property=\"article:published_time\" content=\"2026-04-28T13:19:34+00:00\" \/>\n<meta property=\"og:image\" content=\"https:\/\/resizer.glanacion.com\/resizer\/v2\/E4PJOBRBEFCTNCGE3N474ENQMI.png?auth=df0812d2f986cf6fd22cacc778a94908b97552132d31f1fbc36f97eab29aee5e&amp;smart=true&amp;width=2000&amp;height=1333\" \/>\n<meta name=\"author\" content=\"impactocastex\" \/>\n<meta name=\"twitter:card\" content=\"summary_large_image\" \/>\n<meta name=\"twitter:label1\" content=\"Escrito por\" \/>\n\t<meta name=\"twitter:data1\" content=\"impactocastex\" \/>\n\t<meta name=\"twitter:label2\" content=\"Tiempo de lectura\" \/>\n\t<meta name=\"twitter:data2\" content=\"2 minutos\" \/>\n<script type=\"application\/ld+json\" class=\"yoast-schema-graph\">{\"@context\":\"https:\\\/\\\/schema.org\",\"@graph\":[{\"@type\":\"Article\",\"@id\":\"https:\\\/\\\/impactocastex.com.ar\\\/?p=16690#article\",\"isPartOf\":{\"@id\":\"https:\\\/\\\/impactocastex.com.ar\\\/?p=16690\"},\"author\":{\"name\":\"impactocastex\",\"@id\":\"https:\\\/\\\/impactocastex.com.ar\\\/#\\\/schema\\\/person\\\/86cb4f827fb5f87869a239b98a69c6e3\"},\"headline\":\"La emoci\u00f3n de Eleonora Wexler ante un video in\u00e9dito de su infancia que le mostr\u00f3 Mario Pergolini\",\"datePublished\":\"2026-04-28T13:19:34+00:00\",\"mainEntityOfPage\":{\"@id\":\"https:\\\/\\\/impactocastex.com.ar\\\/?p=16690\"},\"wordCount\":493,\"publisher\":{\"@id\":\"https:\\\/\\\/impactocastex.com.ar\\\/#organization\"},\"image\":{\"@id\":\"https:\\\/\\\/impactocastex.com.ar\\\/?p=16690#primaryimage\"},\"thumbnailUrl\":\"https:\\\/\\\/impactocastex.com.ar\\\/wp-content\\\/uploads\\\/2026\\\/04\\\/O6MVPU6ON5APVFARJQAUXYCIIE-Zn2H0f.jpg\",\"articleSection\":[\"NACIONALES\"],\"inLanguage\":\"es\"},{\"@type\":\"WebPage\",\"@id\":\"https:\\\/\\\/impactocastex.com.ar\\\/?p=16690\",\"url\":\"https:\\\/\\\/impactocastex.com.ar\\\/?p=16690\",\"name\":\"La emoci\u00f3n de Eleonora Wexler ante un video in\u00e9dito de su infancia que le mostr\u00f3 Mario Pergolini -\",\"isPartOf\":{\"@id\":\"https:\\\/\\\/impactocastex.com.ar\\\/#website\"},\"primaryImageOfPage\":{\"@id\":\"https:\\\/\\\/impactocastex.com.ar\\\/?p=16690#primaryimage\"},\"image\":{\"@id\":\"https:\\\/\\\/impactocastex.com.ar\\\/?p=16690#primaryimage\"},\"thumbnailUrl\":\"https:\\\/\\\/impactocastex.com.ar\\\/wp-content\\\/uploads\\\/2026\\\/04\\\/O6MVPU6ON5APVFARJQAUXYCIIE-Zn2H0f.jpg\",\"datePublished\":\"2026-04-28T13:19:34+00:00\",\"breadcrumb\":{\"@id\":\"https:\\\/\\\/impactocastex.com.ar\\\/?p=16690#breadcrumb\"},\"inLanguage\":\"es\",\"potentialAction\":[{\"@type\":\"ReadAction\",\"target\":[\"https:\\\/\\\/impactocastex.com.ar\\\/?p=16690\"]}]},{\"@type\":\"ImageObject\",\"inLanguage\":\"es\",\"@id\":\"https:\\\/\\\/impactocastex.com.ar\\\/?p=16690#primaryimage\",\"url\":\"https:\\\/\\\/impactocastex.com.ar\\\/wp-content\\\/uploads\\\/2026\\\/04\\\/O6MVPU6ON5APVFARJQAUXYCIIE-Zn2H0f.jpg\",\"contentUrl\":\"https:\\\/\\\/impactocastex.com.ar\\\/wp-content\\\/uploads\\\/2026\\\/04\\\/O6MVPU6ON5APVFARJQAUXYCIIE-Zn2H0f.jpg\",\"width\":2000,\"height\":1333},{\"@type\":\"BreadcrumbList\",\"@id\":\"https:\\\/\\\/impactocastex.com.ar\\\/?p=16690#breadcrumb\",\"itemListElement\":[{\"@type\":\"ListItem\",\"position\":1,\"name\":\"Portada\",\"item\":\"https:\\\/\\\/impactocastex.com.ar\\\/\"},{\"@type\":\"ListItem\",\"position\":2,\"name\":\"La emoci\u00f3n de Eleonora Wexler ante un video in\u00e9dito de su infancia que le mostr\u00f3 Mario Pergolini\"}]},{\"@type\":\"WebSite\",\"@id\":\"https:\\\/\\\/impactocastex.com.ar\\\/#website\",\"url\":\"https:\\\/\\\/impactocastex.com.ar\\\/\",\"name\":\"Impacto Castex\",\"description\":\"\",\"publisher\":{\"@id\":\"https:\\\/\\\/impactocastex.com.ar\\\/#organization\"},\"potentialAction\":[{\"@type\":\"SearchAction\",\"target\":{\"@type\":\"EntryPoint\",\"urlTemplate\":\"https:\\\/\\\/impactocastex.com.ar\\\/?s={search_term_string}\"},\"query-input\":{\"@type\":\"PropertyValueSpecification\",\"valueRequired\":true,\"valueName\":\"search_term_string\"}}],\"inLanguage\":\"es\"},{\"@type\":\"Organization\",\"@id\":\"https:\\\/\\\/impactocastex.com.ar\\\/#organization\",\"name\":\"Impacto Castex\",\"url\":\"https:\\\/\\\/impactocastex.com.ar\\\/\",\"logo\":{\"@type\":\"ImageObject\",\"inLanguage\":\"es\",\"@id\":\"https:\\\/\\\/impactocastex.com.ar\\\/#\\\/schema\\\/logo\\\/image\\\/\",\"url\":\"https:\\\/\\\/impactocastex.com.ar\\\/wp-content\\\/uploads\\\/2025\\\/09\\\/cropped-icoweb.png\",\"contentUrl\":\"https:\\\/\\\/impactocastex.com.ar\\\/wp-content\\\/uploads\\\/2025\\\/09\\\/cropped-icoweb.png\",\"width\":512,\"height\":512,\"caption\":\"Impacto Castex\"},\"image\":{\"@id\":\"https:\\\/\\\/impactocastex.com.ar\\\/#\\\/schema\\\/logo\\\/image\\\/\"},\"sameAs\":[\"https:\\\/\\\/www.facebook.com\\\/impactocastexdiario\",\"https:\\\/\\\/www.instagram.com\\\/impactocastex.com.ar\\\/\"]},{\"@type\":\"Person\",\"@id\":\"https:\\\/\\\/impactocastex.com.ar\\\/#\\\/schema\\\/person\\\/86cb4f827fb5f87869a239b98a69c6e3\",\"name\":\"impactocastex\",\"image\":{\"@type\":\"ImageObject\",\"inLanguage\":\"es\",\"@id\":\"https:\\\/\\\/secure.gravatar.com\\\/avatar\\\/9a87ee051ca8c77f5d4070843ce2c78cdf95b858b950fb039151de955122f5f5?s=96&d=mm&r=g\",\"url\":\"https:\\\/\\\/secure.gravatar.com\\\/avatar\\\/9a87ee051ca8c77f5d4070843ce2c78cdf95b858b950fb039151de955122f5f5?s=96&d=mm&r=g\",\"contentUrl\":\"https:\\\/\\\/secure.gravatar.com\\\/avatar\\\/9a87ee051ca8c77f5d4070843ce2c78cdf95b858b950fb039151de955122f5f5?s=96&d=mm&r=g\",\"caption\":\"impactocastex\"},\"sameAs\":[\"https:\\\/\\\/impactocastex.com.ar\"],\"url\":\"https:\\\/\\\/impactocastex.com.ar\\\/?author=1\"}]}<\/script>\n<!-- \/ Yoast SEO plugin. -->","yoast_head_json":{"title":"La emoci\u00f3n de Eleonora Wexler ante un video in\u00e9dito de su infancia que le mostr\u00f3 Mario Pergolini -","robots":{"index":"index","follow":"follow","max-snippet":"max-snippet:-1","max-image-preview":"max-image-preview:large","max-video-preview":"max-video-preview:-1"},"canonical":"https:\/\/impactocastex.com.ar\/?p=16690","og_locale":"es_ES","og_type":"article","og_title":"La emoci\u00f3n de Eleonora Wexler ante un video in\u00e9dito de su infancia que le mostr\u00f3 Mario Pergolini -","og_description":"En medio de las funciones de El estado de la uni\u00f3n, obra que coprotagoniza con...","og_url":"https:\/\/impactocastex.com.ar\/?p=16690","article_publisher":"https:\/\/www.facebook.com\/impactocastexdiario","article_published_time":"2026-04-28T13:19:34+00:00","og_image":[{"url":"https:\/\/resizer.glanacion.com\/resizer\/v2\/E4PJOBRBEFCTNCGE3N474ENQMI.png?auth=df0812d2f986cf6fd22cacc778a94908b97552132d31f1fbc36f97eab29aee5e&amp;smart=true&amp;width=2000&amp;height=1333","type":"","width":"","height":""}],"author":"impactocastex","twitter_card":"summary_large_image","twitter_misc":{"Escrito por":"impactocastex","Tiempo de lectura":"2 minutos"},"schema":{"@context":"https:\/\/schema.org","@graph":[{"@type":"Article","@id":"https:\/\/impactocastex.com.ar\/?p=16690#article","isPartOf":{"@id":"https:\/\/impactocastex.com.ar\/?p=16690"},"author":{"name":"impactocastex","@id":"https:\/\/impactocastex.com.ar\/#\/schema\/person\/86cb4f827fb5f87869a239b98a69c6e3"},"headline":"La emoci\u00f3n de Eleonora Wexler ante un video in\u00e9dito de su infancia que le mostr\u00f3 Mario Pergolini","datePublished":"2026-04-28T13:19:34+00:00","mainEntityOfPage":{"@id":"https:\/\/impactocastex.com.ar\/?p=16690"},"wordCount":493,"publisher":{"@id":"https:\/\/impactocastex.com.ar\/#organization"},"image":{"@id":"https:\/\/impactocastex.com.ar\/?p=16690#primaryimage"},"thumbnailUrl":"https:\/\/impactocastex.com.ar\/wp-content\/uploads\/2026\/04\/O6MVPU6ON5APVFARJQAUXYCIIE-Zn2H0f.jpg","articleSection":["NACIONALES"],"inLanguage":"es"},{"@type":"WebPage","@id":"https:\/\/impactocastex.com.ar\/?p=16690","url":"https:\/\/impactocastex.com.ar\/?p=16690","name":"La emoci\u00f3n de Eleonora Wexler ante un video in\u00e9dito de su infancia que le mostr\u00f3 Mario Pergolini -","isPartOf":{"@id":"https:\/\/impactocastex.com.ar\/#website"},"primaryImageOfPage":{"@id":"https:\/\/impactocastex.com.ar\/?p=16690#primaryimage"},"image":{"@id":"https:\/\/impactocastex.com.ar\/?p=16690#primaryimage"},"thumbnailUrl":"https:\/\/impactocastex.com.ar\/wp-content\/uploads\/2026\/04\/O6MVPU6ON5APVFARJQAUXYCIIE-Zn2H0f.jpg","datePublished":"2026-04-28T13:19:34+00:00","breadcrumb":{"@id":"https:\/\/impactocastex.com.ar\/?p=16690#breadcrumb"},"inLanguage":"es","potentialAction":[{"@type":"ReadAction","target":["https:\/\/impactocastex.com.ar\/?p=16690"]}]},{"@type":"ImageObject","inLanguage":"es","@id":"https:\/\/impactocastex.com.ar\/?p=16690#primaryimage","url":"https:\/\/impactocastex.com.ar\/wp-content\/uploads\/2026\/04\/O6MVPU6ON5APVFARJQAUXYCIIE-Zn2H0f.jpg","contentUrl":"https:\/\/impactocastex.com.ar\/wp-content\/uploads\/2026\/04\/O6MVPU6ON5APVFARJQAUXYCIIE-Zn2H0f.jpg","width":2000,"height":1333},{"@type":"BreadcrumbList","@id":"https:\/\/impactocastex.com.ar\/?p=16690#breadcrumb","itemListElement":[{"@type":"ListItem","position":1,"name":"Portada","item":"https:\/\/impactocastex.com.ar\/"},{"@type":"ListItem","position":2,"name":"La emoci\u00f3n de Eleonora Wexler ante un video in\u00e9dito de su infancia que le mostr\u00f3 Mario Pergolini"}]},{"@type":"WebSite","@id":"https:\/\/impactocastex.com.ar\/#website","url":"https:\/\/impactocastex.com.ar\/","name":"Impacto Castex","description":"","publisher":{"@id":"https:\/\/impactocastex.com.ar\/#organization"},"potentialAction":[{"@type":"SearchAction","target":{"@type":"EntryPoint","urlTemplate":"https:\/\/impactocastex.com.ar\/?s={search_term_string}"},"query-input":{"@type":"PropertyValueSpecification","valueRequired":true,"valueName":"search_term_string"}}],"inLanguage":"es"},{"@type":"Organization","@id":"https:\/\/impactocastex.com.ar\/#organization","name":"Impacto Castex","url":"https:\/\/impactocastex.com.ar\/","logo":{"@type":"ImageObject","inLanguage":"es","@id":"https:\/\/impactocastex.com.ar\/#\/schema\/logo\/image\/","url":"https:\/\/impactocastex.com.ar\/wp-content\/uploads\/2025\/09\/cropped-icoweb.png","contentUrl":"https:\/\/impactocastex.com.ar\/wp-content\/uploads\/2025\/09\/cropped-icoweb.png","width":512,"height":512,"caption":"Impacto Castex"},"image":{"@id":"https:\/\/impactocastex.com.ar\/#\/schema\/logo\/image\/"},"sameAs":["https:\/\/www.facebook.com\/impactocastexdiario","https:\/\/www.instagram.com\/impactocastex.com.ar\/"]},{"@type":"Person","@id":"https:\/\/impactocastex.com.ar\/#\/schema\/person\/86cb4f827fb5f87869a239b98a69c6e3","name":"impactocastex","image":{"@type":"ImageObject","inLanguage":"es","@id":"https:\/\/secure.gravatar.com\/avatar\/9a87ee051ca8c77f5d4070843ce2c78cdf95b858b950fb039151de955122f5f5?s=96&d=mm&r=g","url":"https:\/\/secure.gravatar.com\/avatar\/9a87ee051ca8c77f5d4070843ce2c78cdf95b858b950fb039151de955122f5f5?s=96&d=mm&r=g","contentUrl":"https:\/\/secure.gravatar.com\/avatar\/9a87ee051ca8c77f5d4070843ce2c78cdf95b858b950fb039151de955122f5f5?s=96&d=mm&r=g","caption":"impactocastex"},"sameAs":["https:\/\/impactocastex.com.ar"],"url":"https:\/\/impactocastex.com.ar\/?author=1"}]}},"jetpack_publicize_connections":[],"featured_image_urls":{"full":["https:\/\/impactocastex.com.ar\/wp-content\/uploads\/2026\/04\/O6MVPU6ON5APVFARJQAUXYCIIE-Zn2H0f.jpg",2000,1333,false],"thumbnail":["https:\/\/impactocastex.com.ar\/wp-content\/uploads\/2026\/04\/O6MVPU6ON5APVFARJQAUXYCIIE-Zn2H0f-150x150.jpg",150,150,true],"medium":["https:\/\/impactocastex.com.ar\/wp-content\/uploads\/2026\/04\/O6MVPU6ON5APVFARJQAUXYCIIE-Zn2H0f-300x200.jpg",300,200,true],"medium_large":["https:\/\/impactocastex.com.ar\/wp-content\/uploads\/2026\/04\/O6MVPU6ON5APVFARJQAUXYCIIE-Zn2H0f-768x512.jpg",640,427,true],"large":["https:\/\/impactocastex.com.ar\/wp-content\/uploads\/2026\/04\/O6MVPU6ON5APVFARJQAUXYCIIE-Zn2H0f-1024x682.jpg",640,426,true],"1536x1536":["https:\/\/impactocastex.com.ar\/wp-content\/uploads\/2026\/04\/O6MVPU6ON5APVFARJQAUXYCIIE-Zn2H0f-1536x1024.jpg",1536,1024,true],"2048x2048":["https:\/\/impactocastex.com.ar\/wp-content\/uploads\/2026\/04\/O6MVPU6ON5APVFARJQAUXYCIIE-Zn2H0f.jpg",2000,1333,false],"newsever-slider-full":["https:\/\/impactocastex.com.ar\/wp-content\/uploads\/2026\/04\/O6MVPU6ON5APVFARJQAUXYCIIE-Zn2H0f-1280x845.jpg",1280,845,true],"newsever-featured":["https:\/\/impactocastex.com.ar\/wp-content\/uploads\/2026\/04\/O6MVPU6ON5APVFARJQAUXYCIIE-Zn2H0f-1024x682.jpg",1024,682,true],"newsever-medium":["https:\/\/impactocastex.com.ar\/wp-content\/uploads\/2026\/04\/O6MVPU6ON5APVFARJQAUXYCIIE-Zn2H0f-720x475.jpg",720,475,true]},"author_info":{"info":["impactocastex"]},"category_info":"<a href=\"https:\/\/impactocastex.com.ar\/?cat=89\" rel=\"category\">NACIONALES<\/a>","tag_info":"NACIONALES","comment_count":0,"jetpack_featured_media_url":"https:\/\/impactocastex.com.ar\/wp-content\/uploads\/2026\/04\/O6MVPU6ON5APVFARJQAUXYCIIE-Zn2H0f.jpg","jetpack_sharing_enabled":true,"jetpack_likes_enabled":true,"jetpack_shortlink":"https:\/\/wp.me\/p7sopA-4lc","_links":{"self":[{"href":"https:\/\/impactocastex.com.ar\/index.php?rest_route=\/wp\/v2\/posts\/16690","targetHints":{"allow":["GET"]}}],"collection":[{"href":"https:\/\/impactocastex.com.ar\/index.php?rest_route=\/wp\/v2\/posts"}],"about":[{"href":"https:\/\/impactocastex.com.ar\/index.php?rest_route=\/wp\/v2\/types\/post"}],"author":[{"embeddable":true,"href":"https:\/\/impactocastex.com.ar\/index.php?rest_route=\/wp\/v2\/users\/1"}],"replies":[{"embeddable":true,"href":"https:\/\/impactocastex.com.ar\/index.php?rest_route=%2Fwp%2Fv2%2Fcomments&post=16690"}],"version-history":[{"count":0,"href":"https:\/\/impactocastex.com.ar\/index.php?rest_route=\/wp\/v2\/posts\/16690\/revisions"}],"wp:featuredmedia":[{"embeddable":true,"href":"https:\/\/impactocastex.com.ar\/index.php?rest_route=\/wp\/v2\/media\/16691"}],"wp:attachment":[{"href":"https:\/\/impactocastex.com.ar\/index.php?rest_route=%2Fwp%2Fv2%2Fmedia&parent=16690"}],"wp:term":[{"taxonomy":"category","embeddable":true,"href":"https:\/\/impactocastex.com.ar\/index.php?rest_route=%2Fwp%2Fv2%2Fcategories&post=16690"},{"taxonomy":"post_tag","embeddable":true,"href":"https:\/\/impactocastex.com.ar\/index.php?rest_route=%2Fwp%2Fv2%2Ftags&post=16690"}],"curies":[{"name":"wp","href":"https:\/\/api.w.org\/{rel}","templated":true}]}}