{"id":16644,"date":"2026-04-28T08:22:52","date_gmt":"2026-04-28T11:22:52","guid":{"rendered":"https:\/\/impactocastex.com.ar\/?p=16644"},"modified":"2026-04-28T08:22:52","modified_gmt":"2026-04-28T11:22:52","slug":"fue-la-mujer-mas-deseada-del-mundo-en-la-argentina-su-nombre-es-sinonimo-de-seduccion-y-ahora-no-le-alcanza-para-vivir","status":"publish","type":"post","link":"https:\/\/impactocastex.com.ar\/?p=16644","title":{"rendered":"Fue la mujer m\u00e1s deseada del mundo, en la Argentina su nombre es sin\u00f3nimo de seducci\u00f3n y ahora no le alcanza para vivir"},"content":{"rendered":"<p>Tan fren\u00e9tica como la vida que experiment\u00f3 desde que abandon\u00f3 su Hungr\u00eda natal, <a href=\"https:\/\/www.lanacion.com.ar\/el-mundo\/ilona-staller-la-polemica-cicciolina-nid741962\/\" target=\"_self\" rel=\"\" title=\"https:\/\/www.lanacion.com.ar\/el-mundo\/ilona-staller-la-polemica-cicciolina-nid741962\/\"><b>Ilona Staller<\/b><\/a> se volvi\u00f3 un \u00edcono de Italia y del mundo en las d\u00e9cadas de los 80 y 90. La apodaron como <b>\u201cCicciolina\u201d<\/b> y su acercamiento a nuestro pa\u00eds la convirti\u00f3 en una figura que todos quer\u00edan ver. Incluso se le atribuye un verbo popular: <i>ciccionear<\/i>. Rubia, delgada, pulposa y con labios carnosos, pas\u00f3 de ser una actriz de pel\u00edculas para adultos a diputada en el Parlamento italiano. <b>Tuvo pedido de c\u00e1rcel en los Estados Unidos<\/b>, denunci\u00f3 a su hijo por amenazas y 40 a\u00f1os despu\u00e9s todav\u00eda lucha por mantener su presencia en una cuenta de Instagram donde evade el paso del tiempo y reclama una pensi\u00f3n digna. <\/p>\n<p><img loading=\"lazy\" decoding=\"async\" src=\"https:\/\/resizer.glanacion.com\/resizer\/v2\/CTNBYPKQRREXLOZ5BTAU4M3MG4.png?auth=7b4d54fd2e49e9070d01dc78d90afab13b41a28515ded577a1e16a9f39fb2365&amp;smart=true&amp;width=803&amp;height=1114\" alt=\"Ilona Staller se volvi\u00f3 en un s\u00edmbolo sexual de la d\u00e9cada de los 80 y 90 en el mundo occidental\" height=\"1114\" width=\"803\" \/><\/p>\n<h1>Ilona Staller: abandonada por su pap\u00e1 y esp\u00eda comunista<\/h1>\n<p><b>La h\u00fangara naci\u00f3 el 26 de noviembre de 1951 en Budapest<\/b>. Se cri\u00f3 en el seno de una familia rota: su padre la abandon\u00f3 cuando era una peque\u00f1a y su madre, que tambi\u00e9n ten\u00eda el mismo nombre, era obstetra. Desde muy chica recibi\u00f3 un incentivo por las artes y la pol\u00edtica, influenciada por su padrastro, quien ejerci\u00f3 como ministro del Interior. <\/p>\n<p><img loading=\"lazy\" decoding=\"async\" src=\"https:\/\/resizer.glanacion.com\/resizer\/v2\/4SQ7PXWVQFFW3B233ICZLCFEHE.png?auth=ccba58c42288c3d93c5eb34b8ca85775b42f47dfc9d39341131c5bd4cef74180&amp;smart=true&amp;width=652&amp;height=922\" alt=\"Ilona se convirti\u00f3 en modelo a los 13 a\u00f1os y debut\u00f3 en el cine en 1970 en Italia\" height=\"922\" width=\"652\" \/><\/p>\n<p>Cuando ten\u00eda 20 a\u00f1os, comenz\u00f3 a trabajar en el servicio del hotel Intercontinental de la capital h\u00fangara. <b>Fue contratada como camarera<\/b> y, seg\u00fan record\u00f3 en una entrevista con Peter G\u00f3mez en 2024 a <a href=\"https:\/\/www.ilfattoquotidiano.it\/2018\/06\/20\/la-confessione-ilona-staller-ospite-di-peter-gomez-ero-una-spia-per-gli-007-ungheresi-ho-temuto-mi-uccidessero\/4439777\/\" target=\"_self\" rel=\"\" title=\"https:\/\/www.ilfattoquotidiano.it\/2018\/06\/20\/la-confessione-ilona-staller-ospite-di-peter-gomez-ero-una-spia-per-gli-007-ungheresi-ho-temuto-mi-uccidessero\/4439777\/\">la cadena <i>Nova <\/i>Canale 9<\/a>, cualquier cosa era bienvenida para sobrevivir en la etapa comunista. <\/p>\n<p>Sin saberlo, el Servicio Secreto la ten\u00eda en el radar debido a su impronta y magnetismo, que le valieron una propuesta arriesgada y eficaz para el gobierno de ese entonces. <\/p>\n<p><img loading=\"lazy\" decoding=\"async\" src=\"https:\/\/resizer.glanacion.com\/resizer\/v2\/DZLHQYQUJBAQXJF7KSWFLZ44UU.jpg?auth=cdeb6e9a12ada9560dd90db3faa41ac96fc64f51151026b837f6e8843ebdf299&amp;smart=true&amp;width=760&amp;height=1492\" alt=\"Ilona Sataller pas\u00f3 de ser esp\u00eda sovi\u00e9tica a actriz de pel\u00edculas para adultos cuando se mud\u00f3 en 1970 a Italia\" height=\"1492\" width=\"760\" \/><\/p>\n<p>Por aquellos a\u00f1os, Hungr\u00eda estaba bajo la \u00f3rbita de la <b>Uni\u00f3n de Rep\u00fablicas Socialistas Sovi\u00e9ticas<\/b> (URSS) y a Staller <b>la convencieron de ser una esp\u00eda<\/b> con el apodo de <b>\u201cLadybug\u201d<\/b>. \u201cSe acercaron tres hombres y me preguntaron si quer\u00eda ganar m\u00e1s dinero. \u2018\u00bfQui\u00e9n no?\u2019, respond\u00ed. All\u00ed me dijeron: \u2018Nos gustar\u00eda que te hicieras amiga de los hu\u00e9spedes del hotel: comerciantes, empresarios, ministros. Tra\u00e9les helado, fruta y preguntales el motivo de su viaje a Hungr\u00eda\u2019\u201d, reconstruy\u00f3 la exactriz. <\/p>\n<p>Tras aceptar el trabajo, ofici\u00f3 como esp\u00eda por un breve periodo de tiempo. Luego lo abandon\u00f3 porque tem\u00eda por su vida. <b>\u201cSe hab\u00eda vuelto peligroso, vi que me segu\u00edan\u201d<\/b>, dijo. <\/p>\n<h1>De <i>Ilona Staller <\/i>a <i>Cicciolina <\/i><\/h1>\n<p>Su acercamiento al r\u00e9gimen comunista la oblig\u00f3 a alejarse de su pa\u00eds natal y, gracias al trabajo como camarera del hotel, se cas\u00f3 con <b>Salvatore Mercuri<\/b>, un comerciante calabr\u00e9s y habitu\u00e9 del hospedaje. As\u00ed arrib\u00f3 a Italia y obtuvo la ciudadan\u00eda. <\/p>\n<p><img loading=\"lazy\" decoding=\"async\" src=\"https:\/\/resizer.glanacion.com\/resizer\/v2\/YACAONMGRZAM3PNAIWCM5Z6P6U.webp?auth=9208d912c293dcbf279b63f9f18dd3d697831ad4383028992258b292e2dbe8c0&amp;smart=true&amp;width=1080&amp;height=1440\" alt=\"Ic\u00f3nica, pas\u00f3 de ser Ilona a Cicciolina gracias al programa de radio er\u00f3tico en el que trabajaba en Roma\" height=\"1440\" width=\"1080\" \/><\/p>\n<p>El mito de Staller naci\u00f3 en 1973 cuando conoci\u00f3 a Riccardo Schicchi, presentador del programa de radio <i>\u00bfQuieres venir a la cama conmigo?<\/i>, que le brind\u00f3 un espacio para interactuar con los oyentes en el marco de llamadas er\u00f3ticas y subidas de tono que identificaban a ese env\u00edo especial de la noche romana. La modelo hab\u00eda dejado de ser esp\u00eda y ahora llamaba a sus seguidores nocturnos como: <b>\u201cCicciolini\u201d <\/b>o<b> \u201cCiccioline\u201d<\/b>.<\/p>\n<p><img loading=\"lazy\" decoding=\"async\" src=\"https:\/\/resizer.glanacion.com\/resizer\/v2\/E3LF26IZKVH3XIQTY3QBXAQR3U.webp?auth=5e3e7ea3c4a51122b29f65b515c5b51d6af59bacf7c7ff375f60f1abed96804f&amp;smart=true&amp;width=1080&amp;height=1440\" alt=\"Campa\u00f1a pol\u00edtica emprendida por Ilona Staller en Italia para ser diputada\" height=\"1440\" width=\"1080\" \/><\/p>\n<p><b>En 1976 hizo su primer desnudo integral en una discoteca<\/b> y eso le abri\u00f3 las puertas al cine para adultos con una amplia trayectoria en la industria, pese a que ya hab\u00eda dado un paso en diferentes largometrajes italianos, pero m\u00e1s sutiles. <\/p>\n<p><img loading=\"lazy\" decoding=\"async\" src=\"https:\/\/resizer.glanacion.com\/resizer\/v2\/TPHTS34S4JHBLF3SZRXNQHLFGE.jpg?auth=9a6df1bd5643e4e561b8d25d46d644c01e1b4dfa05a0bd18bac998e8b4e8561a&amp;smart=true&amp;width=916&amp;height=1329\" alt=\"Ilona Staller intent\u00f3 ser reelecta en Italia, pero fracas\u00f3\" height=\"1329\" width=\"916\" \/><\/p>\n<p>Poco a poco se constituy\u00f3 como una leyenda hasta que al inicio de los 80 se orient\u00f3 a la pol\u00edtica. En 1986 se uni\u00f3 al Partido Radical y <b>en 1987 se convirti\u00f3 en diputada italiana<\/b>. Desde entonces siempre intent\u00f3 sostenerse en el Parlamento, pero nunca logr\u00f3 una reelecci\u00f3n, ni con su partido ni en otros. <\/p>\n<h1>Due\u00f1a del verbo \u201cciccionaear\u201d<\/h1>\n<p>El <b>20 de agosto de 1990<\/b>, <a href=\"https:\/\/www.lanacion.com.ar\/lifestyle\/la-cicciolina-en-la-argentina-un-show-erotico-en-new-york-city-la-charla-sin-filtro-con-susana-y-una-nid14082025\/\" target=\"_self\" rel=\"\" title=\"https:\/\/www.lanacion.com.ar\/lifestyle\/la-cicciolina-en-la-argentina-un-show-erotico-en-new-york-city-la-charla-sin-filtro-con-susana-y-una-nid14082025\/\">Cicciolina arrib\u00f3 al Aeropuerto Internacional de Ezeiza<\/a>. Las c\u00e1maras y los periodistas se agolparon para recibirla y ella mostr\u00f3 su seno, un gesto popular que la identificaba. <\/p>\n<p>Staller gener\u00f3 revuelo, se pase\u00f3 por los estudios de Canal 9 y fue entrevistada por Susana Gim\u00e9nez en <i>Hola Susana<\/i>. Tambi\u00e9n visit\u00f3 el hospital Pedro de Elizalde y dio un show er\u00f3tico en el boliche New York City. Se dijo que Carlos Menem la habr\u00eda invitado a la Casa Rosada, pero que ella desisti\u00f3. <\/p>\n<p>Los argentinos quedaron tan embelesados con su presencia que luego retorn\u00f3 en dos ocasiones m\u00e1s: <b>en 1997 y 2008<\/b>, cuando fue participante de <i>Bailando por un Sue\u00f1o<\/i> (eltrece). Fue tan significativo lo que gener\u00f3 aqu\u00ed que muchos comenzaron a utilizar su nombre en un tipo de verbo que no aparece en el diccionario de la RAE: <i><b>ciccionear<\/b><\/i>, caracter\u00edstico de aquellas personas que intentan seducir a alguien a costa de todo. <\/p>\n<h1>Pedido de captura y amenazada por su hijo<\/h1>\n<p>Ya divorciada de su primer esposo, en 1991 se cas\u00f3 con el escultor vanguardista estadounidense Jeff Koons, motivo por el que se mud\u00f3 a Nueva York y tuvo a su primer y \u00fanico hijo, <b>Ludwig Maximillian Koons<\/b>. <\/p>\n<p>Despu\u00e9s de dos a\u00f1os, ese matrimonio fracas\u00f3. De ah\u00ed se abri\u00f3 una batalla legal por la custodia de su hijo y, sin que nadie lo supiera, <b>lo sac\u00f3 del pa\u00eds y retorn\u00f3 a Italia<\/b>. Este motivo le vali\u00f3 una denuncia por secuestro e impedimento para que el ni\u00f1o vea a su padre. <b>La polic\u00eda ten\u00eda orden de apresarla<\/b>. Sin embargo, <a href=\"https:\/\/www.dire.it\/20-07-2022\/764247-ilona-staller-riabilitata-revocato-dopo-quasi-30-anni-lordine-di-arresto\/\" target=\"_self\" rel=\"\" title=\"https:\/\/www.dire.it\/20-07-2022\/764247-ilona-staller-riabilitata-revocato-dopo-quasi-30-anni-lordine-di-arresto\/\">30 a\u00f1os despu\u00e9s se levant\u00f3 esa demanda<\/a> y la Justicia le permiti\u00f3 volver a suelo estadounidense. <\/p>\n<p><img loading=\"lazy\" decoding=\"async\" src=\"https:\/\/resizer.glanacion.com\/resizer\/v2\/UTSVIQCDKJAFFFH3J5TJEL67RA.png?auth=b5a7c6be1d55f471dfe1184e93a13d95360245d3b512c2b20664c4fee767c721&amp;smart=true&amp;width=658&amp;height=812\" alt=\"Ilona con su hijo\" height=\"812\" width=\"658\" \/><\/p>\n<p>El v\u00ednculo con su hijo no siempre fue bueno y, en 2023, <b>Cicciolina tuvo una fuerte discusi\u00f3n con Ludwig. <\/b>\u00c9l la amenaz\u00f3 con un arma <i>taser<\/i>, por lo que la polic\u00eda retuvo al joven en la comisar\u00eda y d\u00edas despu\u00e9s le concedi\u00f3 la libertad, al considerar que fue un altercado menor y no hab\u00eda riesgo contra su madre. M\u00e1s tarde reconocer\u00eda <a href=\"https:\/\/www.today.it\/gossip\/vip\/cicciolina-ilona-staller-denuncia-figlio.html\" target=\"_self\" rel=\"\" title=\"https:\/\/www.today.it\/gossip\/vip\/cicciolina-ilona-staller-denuncia-figlio.html\">en el programa televisivo <i>Verissimo<\/i><\/a><i> <\/i>que cometi\u00f3 un error. <\/p>\n<h1>Batalla contra el tiempo<\/h1>\n<p>Cicciolina est\u00e1 lejos de la vida actoral. Los reflectores se apagaron para ella pese a que intent\u00f3 en diferentes ocasiones retomar su vida p\u00fablica y tambi\u00e9n pol\u00edtica, <b>con sucesivos fracasos en Italia y Hungr\u00eda<\/b>. <\/p>\n<p><img loading=\"lazy\" decoding=\"async\" src=\"https:\/\/resizer.glanacion.com\/resizer\/v2\/TKGE5XQO6ZB3PD2RKXJEMG7XMI.webp?auth=bc4ea97ca6ea1eacea854658a00b0135fea0fb52710975da474d7ef7aed11a69&amp;smart=true&amp;width=1080&amp;height=1440\" alt=\"As\u00ed est\u00e1 hoy Ilona Staller, filtros de por medio, seg\u00fan se muestra en Instagram \" height=\"1440\" width=\"1080\" \/><\/p>\n<p>En la actualidad se muestra en su cuenta de Instagram en diferentes videos en donde se dirige a sus 183 mil seguidores con dulzura, sensualidad y <b>un filtro que cubre su rostro para evitar dar a conocer el paso del tiempo<\/b>. Adem\u00e1s, a\u00f1ora las mejores \u00e9pocas cuando era modelo y se paseaba por los teatros, cines y estudios de televisi\u00f3n con un seno descubierto. <\/p>\n<figure><video height=\"1280\" width=\"720\" poster=\"https:\/\/cdn.jwplayer.com\/v2\/media\/6BwEMdz9\/poster.jpg?width=720\" preload=\"none\"><\/video><figcaption>As\u00ed est\u00e1 hoy la Cicciolina<\/figcaption><\/figure>\n<p><b>Ilona Staller vive en su departamento de Roma<\/b>. <a href=\"https:\/\/www.lanacion.com.ar\/el-mundo\/la-cicciolina-apunta-contra-el-estado-italiano-porque-le-bajaron-la-jubilacion-nid13082025\/\" target=\"_self\" rel=\"\" title=\"https:\/\/www.lanacion.com.ar\/el-mundo\/la-cicciolina-apunta-contra-el-estado-italiano-porque-le-bajaron-la-jubilacion-nid13082025\/\">En 2025 reclam\u00f3 un aumento en su pensi\u00f3n<\/a> como exdiputada italiana tras una modificaci\u00f3n en el pago general. Aunque de tanto en tanto es noticia en el mundo del espect\u00e1culo, busca resistir con una impronta que la hizo famosa hace d\u00e9cadas. <b>Con la corona de flores caracter\u00edstica, la piel blanca y el <\/b><i><b>ciccioneo<\/b><\/i>.<\/p>\n<p>\u200bIlona Staller conquist\u00f3 a la audiencia con su sensualidad, pol\u00edtica y simpat\u00eda; sus desembarcos en el pa\u00eds, su conflictivo divorcio y la denuncia contra su hijo que marcaron su vida\u00a0\u00a0<\/p>","protected":false},"excerpt":{"rendered":"<p>Tan fren\u00e9tica como la vida que experiment\u00f3 desde que abandon\u00f3 su Hungr\u00eda natal, Ilona Staller&#8230;<\/p>\n","protected":false},"author":1,"featured_media":16645,"comment_status":"closed","ping_status":"closed","sticky":false,"template":"","format":"standard","meta":{"_jetpack_memberships_contains_paid_content":false,"footnotes":"","jetpack_publicize_message":"","jetpack_publicize_feature_enabled":true,"jetpack_social_post_already_shared":true,"jetpack_social_options":{"image_generator_settings":{"template":"highway","default_image_id":0,"font":"","enabled":false},"version":2}},"categories":[89],"tags":[],"class_list":["post-16644","post","type-post","status-publish","format-standard","has-post-thumbnail","hentry","category-nacionales"],"yoast_head":"<!-- This site is optimized with the Yoast SEO plugin v27.4 - https:\/\/yoast.com\/product\/yoast-seo-wordpress\/ -->\n<title>Fue la mujer m\u00e1s deseada del mundo, en la Argentina su nombre es sin\u00f3nimo de seducci\u00f3n y ahora no le alcanza para vivir -<\/title>\n<meta name=\"robots\" content=\"index, follow, max-snippet:-1, max-image-preview:large, max-video-preview:-1\" \/>\n<link rel=\"canonical\" href=\"https:\/\/impactocastex.com.ar\/?p=16644\" \/>\n<meta property=\"og:locale\" content=\"es_ES\" \/>\n<meta property=\"og:type\" content=\"article\" \/>\n<meta property=\"og:title\" content=\"Fue la mujer m\u00e1s deseada del mundo, en la Argentina su nombre es sin\u00f3nimo de seducci\u00f3n y ahora no le alcanza para vivir -\" \/>\n<meta property=\"og:description\" content=\"Tan fren\u00e9tica como la vida que experiment\u00f3 desde que abandon\u00f3 su Hungr\u00eda natal, Ilona Staller...\" \/>\n<meta property=\"og:url\" content=\"https:\/\/impactocastex.com.ar\/?p=16644\" \/>\n<meta property=\"article:publisher\" content=\"https:\/\/www.facebook.com\/impactocastexdiario\" \/>\n<meta property=\"article:published_time\" content=\"2026-04-28T11:22:52+00:00\" \/>\n<meta property=\"og:image\" content=\"https:\/\/resizer.glanacion.com\/resizer\/v2\/CTNBYPKQRREXLOZ5BTAU4M3MG4.png?auth=7b4d54fd2e49e9070d01dc78d90afab13b41a28515ded577a1e16a9f39fb2365&amp;smart=true&amp;width=803&amp;height=1114\" \/>\n<meta name=\"author\" content=\"impactocastex\" \/>\n<meta name=\"twitter:card\" content=\"summary_large_image\" \/>\n<meta name=\"twitter:label1\" content=\"Escrito por\" \/>\n\t<meta name=\"twitter:data1\" content=\"impactocastex\" \/>\n\t<meta name=\"twitter:label2\" content=\"Tiempo de lectura\" \/>\n\t<meta name=\"twitter:data2\" content=\"6 minutos\" \/>\n<script type=\"application\/ld+json\" class=\"yoast-schema-graph\">{\"@context\":\"https:\\\/\\\/schema.org\",\"@graph\":[{\"@type\":\"Article\",\"@id\":\"https:\\\/\\\/impactocastex.com.ar\\\/?p=16644#article\",\"isPartOf\":{\"@id\":\"https:\\\/\\\/impactocastex.com.ar\\\/?p=16644\"},\"author\":{\"name\":\"impactocastex\",\"@id\":\"https:\\\/\\\/impactocastex.com.ar\\\/#\\\/schema\\\/person\\\/86cb4f827fb5f87869a239b98a69c6e3\"},\"headline\":\"Fue la mujer m\u00e1s deseada del mundo, en la Argentina su nombre es sin\u00f3nimo de seducci\u00f3n y ahora no le alcanza para vivir\",\"datePublished\":\"2026-04-28T11:22:52+00:00\",\"mainEntityOfPage\":{\"@id\":\"https:\\\/\\\/impactocastex.com.ar\\\/?p=16644\"},\"wordCount\":1236,\"publisher\":{\"@id\":\"https:\\\/\\\/impactocastex.com.ar\\\/#organization\"},\"image\":{\"@id\":\"https:\\\/\\\/impactocastex.com.ar\\\/?p=16644#primaryimage\"},\"thumbnailUrl\":\"https:\\\/\\\/impactocastex.com.ar\\\/wp-content\\\/uploads\\\/2026\\\/04\\\/G4L5X3XDOJBK3LGEVYDNJK53VU-0VJsyX.jpg\",\"articleSection\":[\"NACIONALES\"],\"inLanguage\":\"es\"},{\"@type\":\"WebPage\",\"@id\":\"https:\\\/\\\/impactocastex.com.ar\\\/?p=16644\",\"url\":\"https:\\\/\\\/impactocastex.com.ar\\\/?p=16644\",\"name\":\"Fue la mujer m\u00e1s deseada del mundo, en la Argentina su nombre es sin\u00f3nimo de seducci\u00f3n y ahora no le alcanza para vivir -\",\"isPartOf\":{\"@id\":\"https:\\\/\\\/impactocastex.com.ar\\\/#website\"},\"primaryImageOfPage\":{\"@id\":\"https:\\\/\\\/impactocastex.com.ar\\\/?p=16644#primaryimage\"},\"image\":{\"@id\":\"https:\\\/\\\/impactocastex.com.ar\\\/?p=16644#primaryimage\"},\"thumbnailUrl\":\"https:\\\/\\\/impactocastex.com.ar\\\/wp-content\\\/uploads\\\/2026\\\/04\\\/G4L5X3XDOJBK3LGEVYDNJK53VU-0VJsyX.jpg\",\"datePublished\":\"2026-04-28T11:22:52+00:00\",\"breadcrumb\":{\"@id\":\"https:\\\/\\\/impactocastex.com.ar\\\/?p=16644#breadcrumb\"},\"inLanguage\":\"es\",\"potentialAction\":[{\"@type\":\"ReadAction\",\"target\":[\"https:\\\/\\\/impactocastex.com.ar\\\/?p=16644\"]}]},{\"@type\":\"ImageObject\",\"inLanguage\":\"es\",\"@id\":\"https:\\\/\\\/impactocastex.com.ar\\\/?p=16644#primaryimage\",\"url\":\"https:\\\/\\\/impactocastex.com.ar\\\/wp-content\\\/uploads\\\/2026\\\/04\\\/G4L5X3XDOJBK3LGEVYDNJK53VU-0VJsyX.jpg\",\"contentUrl\":\"https:\\\/\\\/impactocastex.com.ar\\\/wp-content\\\/uploads\\\/2026\\\/04\\\/G4L5X3XDOJBK3LGEVYDNJK53VU-0VJsyX.jpg\",\"width\":2000,\"height\":1333},{\"@type\":\"BreadcrumbList\",\"@id\":\"https:\\\/\\\/impactocastex.com.ar\\\/?p=16644#breadcrumb\",\"itemListElement\":[{\"@type\":\"ListItem\",\"position\":1,\"name\":\"Portada\",\"item\":\"https:\\\/\\\/impactocastex.com.ar\\\/\"},{\"@type\":\"ListItem\",\"position\":2,\"name\":\"Fue la mujer m\u00e1s deseada del mundo, en la Argentina su nombre es sin\u00f3nimo de seducci\u00f3n y ahora no le alcanza para vivir\"}]},{\"@type\":\"WebSite\",\"@id\":\"https:\\\/\\\/impactocastex.com.ar\\\/#website\",\"url\":\"https:\\\/\\\/impactocastex.com.ar\\\/\",\"name\":\"Impacto Castex\",\"description\":\"\",\"publisher\":{\"@id\":\"https:\\\/\\\/impactocastex.com.ar\\\/#organization\"},\"potentialAction\":[{\"@type\":\"SearchAction\",\"target\":{\"@type\":\"EntryPoint\",\"urlTemplate\":\"https:\\\/\\\/impactocastex.com.ar\\\/?s={search_term_string}\"},\"query-input\":{\"@type\":\"PropertyValueSpecification\",\"valueRequired\":true,\"valueName\":\"search_term_string\"}}],\"inLanguage\":\"es\"},{\"@type\":\"Organization\",\"@id\":\"https:\\\/\\\/impactocastex.com.ar\\\/#organization\",\"name\":\"Impacto Castex\",\"url\":\"https:\\\/\\\/impactocastex.com.ar\\\/\",\"logo\":{\"@type\":\"ImageObject\",\"inLanguage\":\"es\",\"@id\":\"https:\\\/\\\/impactocastex.com.ar\\\/#\\\/schema\\\/logo\\\/image\\\/\",\"url\":\"https:\\\/\\\/impactocastex.com.ar\\\/wp-content\\\/uploads\\\/2025\\\/09\\\/cropped-icoweb.png\",\"contentUrl\":\"https:\\\/\\\/impactocastex.com.ar\\\/wp-content\\\/uploads\\\/2025\\\/09\\\/cropped-icoweb.png\",\"width\":512,\"height\":512,\"caption\":\"Impacto Castex\"},\"image\":{\"@id\":\"https:\\\/\\\/impactocastex.com.ar\\\/#\\\/schema\\\/logo\\\/image\\\/\"},\"sameAs\":[\"https:\\\/\\\/www.facebook.com\\\/impactocastexdiario\",\"https:\\\/\\\/www.instagram.com\\\/impactocastex.com.ar\\\/\"]},{\"@type\":\"Person\",\"@id\":\"https:\\\/\\\/impactocastex.com.ar\\\/#\\\/schema\\\/person\\\/86cb4f827fb5f87869a239b98a69c6e3\",\"name\":\"impactocastex\",\"image\":{\"@type\":\"ImageObject\",\"inLanguage\":\"es\",\"@id\":\"https:\\\/\\\/secure.gravatar.com\\\/avatar\\\/9a87ee051ca8c77f5d4070843ce2c78cdf95b858b950fb039151de955122f5f5?s=96&d=mm&r=g\",\"url\":\"https:\\\/\\\/secure.gravatar.com\\\/avatar\\\/9a87ee051ca8c77f5d4070843ce2c78cdf95b858b950fb039151de955122f5f5?s=96&d=mm&r=g\",\"contentUrl\":\"https:\\\/\\\/secure.gravatar.com\\\/avatar\\\/9a87ee051ca8c77f5d4070843ce2c78cdf95b858b950fb039151de955122f5f5?s=96&d=mm&r=g\",\"caption\":\"impactocastex\"},\"sameAs\":[\"https:\\\/\\\/impactocastex.com.ar\"],\"url\":\"https:\\\/\\\/impactocastex.com.ar\\\/?author=1\"}]}<\/script>\n<!-- \/ Yoast SEO plugin. -->","yoast_head_json":{"title":"Fue la mujer m\u00e1s deseada del mundo, en la Argentina su nombre es sin\u00f3nimo de seducci\u00f3n y ahora no le alcanza para vivir -","robots":{"index":"index","follow":"follow","max-snippet":"max-snippet:-1","max-image-preview":"max-image-preview:large","max-video-preview":"max-video-preview:-1"},"canonical":"https:\/\/impactocastex.com.ar\/?p=16644","og_locale":"es_ES","og_type":"article","og_title":"Fue la mujer m\u00e1s deseada del mundo, en la Argentina su nombre es sin\u00f3nimo de seducci\u00f3n y ahora no le alcanza para vivir -","og_description":"Tan fren\u00e9tica como la vida que experiment\u00f3 desde que abandon\u00f3 su Hungr\u00eda natal, Ilona Staller...","og_url":"https:\/\/impactocastex.com.ar\/?p=16644","article_publisher":"https:\/\/www.facebook.com\/impactocastexdiario","article_published_time":"2026-04-28T11:22:52+00:00","og_image":[{"url":"https:\/\/resizer.glanacion.com\/resizer\/v2\/CTNBYPKQRREXLOZ5BTAU4M3MG4.png?auth=7b4d54fd2e49e9070d01dc78d90afab13b41a28515ded577a1e16a9f39fb2365&amp;smart=true&amp;width=803&amp;height=1114","type":"","width":"","height":""}],"author":"impactocastex","twitter_card":"summary_large_image","twitter_misc":{"Escrito por":"impactocastex","Tiempo de lectura":"6 minutos"},"schema":{"@context":"https:\/\/schema.org","@graph":[{"@type":"Article","@id":"https:\/\/impactocastex.com.ar\/?p=16644#article","isPartOf":{"@id":"https:\/\/impactocastex.com.ar\/?p=16644"},"author":{"name":"impactocastex","@id":"https:\/\/impactocastex.com.ar\/#\/schema\/person\/86cb4f827fb5f87869a239b98a69c6e3"},"headline":"Fue la mujer m\u00e1s deseada del mundo, en la Argentina su nombre es sin\u00f3nimo de seducci\u00f3n y ahora no le alcanza para vivir","datePublished":"2026-04-28T11:22:52+00:00","mainEntityOfPage":{"@id":"https:\/\/impactocastex.com.ar\/?p=16644"},"wordCount":1236,"publisher":{"@id":"https:\/\/impactocastex.com.ar\/#organization"},"image":{"@id":"https:\/\/impactocastex.com.ar\/?p=16644#primaryimage"},"thumbnailUrl":"https:\/\/impactocastex.com.ar\/wp-content\/uploads\/2026\/04\/G4L5X3XDOJBK3LGEVYDNJK53VU-0VJsyX.jpg","articleSection":["NACIONALES"],"inLanguage":"es"},{"@type":"WebPage","@id":"https:\/\/impactocastex.com.ar\/?p=16644","url":"https:\/\/impactocastex.com.ar\/?p=16644","name":"Fue la mujer m\u00e1s deseada del mundo, en la Argentina su nombre es sin\u00f3nimo de seducci\u00f3n y ahora no le alcanza para vivir -","isPartOf":{"@id":"https:\/\/impactocastex.com.ar\/#website"},"primaryImageOfPage":{"@id":"https:\/\/impactocastex.com.ar\/?p=16644#primaryimage"},"image":{"@id":"https:\/\/impactocastex.com.ar\/?p=16644#primaryimage"},"thumbnailUrl":"https:\/\/impactocastex.com.ar\/wp-content\/uploads\/2026\/04\/G4L5X3XDOJBK3LGEVYDNJK53VU-0VJsyX.jpg","datePublished":"2026-04-28T11:22:52+00:00","breadcrumb":{"@id":"https:\/\/impactocastex.com.ar\/?p=16644#breadcrumb"},"inLanguage":"es","potentialAction":[{"@type":"ReadAction","target":["https:\/\/impactocastex.com.ar\/?p=16644"]}]},{"@type":"ImageObject","inLanguage":"es","@id":"https:\/\/impactocastex.com.ar\/?p=16644#primaryimage","url":"https:\/\/impactocastex.com.ar\/wp-content\/uploads\/2026\/04\/G4L5X3XDOJBK3LGEVYDNJK53VU-0VJsyX.jpg","contentUrl":"https:\/\/impactocastex.com.ar\/wp-content\/uploads\/2026\/04\/G4L5X3XDOJBK3LGEVYDNJK53VU-0VJsyX.jpg","width":2000,"height":1333},{"@type":"BreadcrumbList","@id":"https:\/\/impactocastex.com.ar\/?p=16644#breadcrumb","itemListElement":[{"@type":"ListItem","position":1,"name":"Portada","item":"https:\/\/impactocastex.com.ar\/"},{"@type":"ListItem","position":2,"name":"Fue la mujer m\u00e1s deseada del mundo, en la Argentina su nombre es sin\u00f3nimo de seducci\u00f3n y ahora no le alcanza para vivir"}]},{"@type":"WebSite","@id":"https:\/\/impactocastex.com.ar\/#website","url":"https:\/\/impactocastex.com.ar\/","name":"Impacto Castex","description":"","publisher":{"@id":"https:\/\/impactocastex.com.ar\/#organization"},"potentialAction":[{"@type":"SearchAction","target":{"@type":"EntryPoint","urlTemplate":"https:\/\/impactocastex.com.ar\/?s={search_term_string}"},"query-input":{"@type":"PropertyValueSpecification","valueRequired":true,"valueName":"search_term_string"}}],"inLanguage":"es"},{"@type":"Organization","@id":"https:\/\/impactocastex.com.ar\/#organization","name":"Impacto Castex","url":"https:\/\/impactocastex.com.ar\/","logo":{"@type":"ImageObject","inLanguage":"es","@id":"https:\/\/impactocastex.com.ar\/#\/schema\/logo\/image\/","url":"https:\/\/impactocastex.com.ar\/wp-content\/uploads\/2025\/09\/cropped-icoweb.png","contentUrl":"https:\/\/impactocastex.com.ar\/wp-content\/uploads\/2025\/09\/cropped-icoweb.png","width":512,"height":512,"caption":"Impacto Castex"},"image":{"@id":"https:\/\/impactocastex.com.ar\/#\/schema\/logo\/image\/"},"sameAs":["https:\/\/www.facebook.com\/impactocastexdiario","https:\/\/www.instagram.com\/impactocastex.com.ar\/"]},{"@type":"Person","@id":"https:\/\/impactocastex.com.ar\/#\/schema\/person\/86cb4f827fb5f87869a239b98a69c6e3","name":"impactocastex","image":{"@type":"ImageObject","inLanguage":"es","@id":"https:\/\/secure.gravatar.com\/avatar\/9a87ee051ca8c77f5d4070843ce2c78cdf95b858b950fb039151de955122f5f5?s=96&d=mm&r=g","url":"https:\/\/secure.gravatar.com\/avatar\/9a87ee051ca8c77f5d4070843ce2c78cdf95b858b950fb039151de955122f5f5?s=96&d=mm&r=g","contentUrl":"https:\/\/secure.gravatar.com\/avatar\/9a87ee051ca8c77f5d4070843ce2c78cdf95b858b950fb039151de955122f5f5?s=96&d=mm&r=g","caption":"impactocastex"},"sameAs":["https:\/\/impactocastex.com.ar"],"url":"https:\/\/impactocastex.com.ar\/?author=1"}]}},"jetpack_publicize_connections":[],"featured_image_urls":{"full":["https:\/\/impactocastex.com.ar\/wp-content\/uploads\/2026\/04\/G4L5X3XDOJBK3LGEVYDNJK53VU-0VJsyX.jpg",2000,1333,false],"thumbnail":["https:\/\/impactocastex.com.ar\/wp-content\/uploads\/2026\/04\/G4L5X3XDOJBK3LGEVYDNJK53VU-0VJsyX-150x150.jpg",150,150,true],"medium":["https:\/\/impactocastex.com.ar\/wp-content\/uploads\/2026\/04\/G4L5X3XDOJBK3LGEVYDNJK53VU-0VJsyX-300x200.jpg",300,200,true],"medium_large":["https:\/\/impactocastex.com.ar\/wp-content\/uploads\/2026\/04\/G4L5X3XDOJBK3LGEVYDNJK53VU-0VJsyX-768x512.jpg",640,427,true],"large":["https:\/\/impactocastex.com.ar\/wp-content\/uploads\/2026\/04\/G4L5X3XDOJBK3LGEVYDNJK53VU-0VJsyX-1024x682.jpg",640,426,true],"1536x1536":["https:\/\/impactocastex.com.ar\/wp-content\/uploads\/2026\/04\/G4L5X3XDOJBK3LGEVYDNJK53VU-0VJsyX-1536x1024.jpg",1536,1024,true],"2048x2048":["https:\/\/impactocastex.com.ar\/wp-content\/uploads\/2026\/04\/G4L5X3XDOJBK3LGEVYDNJK53VU-0VJsyX.jpg",2000,1333,false],"newsever-slider-full":["https:\/\/impactocastex.com.ar\/wp-content\/uploads\/2026\/04\/G4L5X3XDOJBK3LGEVYDNJK53VU-0VJsyX-1280x845.jpg",1280,845,true],"newsever-featured":["https:\/\/impactocastex.com.ar\/wp-content\/uploads\/2026\/04\/G4L5X3XDOJBK3LGEVYDNJK53VU-0VJsyX-1024x682.jpg",1024,682,true],"newsever-medium":["https:\/\/impactocastex.com.ar\/wp-content\/uploads\/2026\/04\/G4L5X3XDOJBK3LGEVYDNJK53VU-0VJsyX-720x475.jpg",720,475,true]},"author_info":{"info":["impactocastex"]},"category_info":"<a href=\"https:\/\/impactocastex.com.ar\/?cat=89\" rel=\"category\">NACIONALES<\/a>","tag_info":"NACIONALES","comment_count":0,"jetpack_featured_media_url":"https:\/\/impactocastex.com.ar\/wp-content\/uploads\/2026\/04\/G4L5X3XDOJBK3LGEVYDNJK53VU-0VJsyX.jpg","jetpack_sharing_enabled":true,"jetpack_likes_enabled":true,"jetpack_shortlink":"https:\/\/wp.me\/p7sopA-4ks","_links":{"self":[{"href":"https:\/\/impactocastex.com.ar\/index.php?rest_route=\/wp\/v2\/posts\/16644","targetHints":{"allow":["GET"]}}],"collection":[{"href":"https:\/\/impactocastex.com.ar\/index.php?rest_route=\/wp\/v2\/posts"}],"about":[{"href":"https:\/\/impactocastex.com.ar\/index.php?rest_route=\/wp\/v2\/types\/post"}],"author":[{"embeddable":true,"href":"https:\/\/impactocastex.com.ar\/index.php?rest_route=\/wp\/v2\/users\/1"}],"replies":[{"embeddable":true,"href":"https:\/\/impactocastex.com.ar\/index.php?rest_route=%2Fwp%2Fv2%2Fcomments&post=16644"}],"version-history":[{"count":0,"href":"https:\/\/impactocastex.com.ar\/index.php?rest_route=\/wp\/v2\/posts\/16644\/revisions"}],"wp:featuredmedia":[{"embeddable":true,"href":"https:\/\/impactocastex.com.ar\/index.php?rest_route=\/wp\/v2\/media\/16645"}],"wp:attachment":[{"href":"https:\/\/impactocastex.com.ar\/index.php?rest_route=%2Fwp%2Fv2%2Fmedia&parent=16644"}],"wp:term":[{"taxonomy":"category","embeddable":true,"href":"https:\/\/impactocastex.com.ar\/index.php?rest_route=%2Fwp%2Fv2%2Fcategories&post=16644"},{"taxonomy":"post_tag","embeddable":true,"href":"https:\/\/impactocastex.com.ar\/index.php?rest_route=%2Fwp%2Fv2%2Ftags&post=16644"}],"curies":[{"name":"wp","href":"https:\/\/api.w.org\/{rel}","templated":true}]}}