{"id":16638,"date":"2026-04-28T06:13:55","date_gmt":"2026-04-28T09:13:55","guid":{"rendered":"https:\/\/impactocastex.com.ar\/?p=16638"},"modified":"2026-04-28T06:13:55","modified_gmt":"2026-04-28T09:13:55","slug":"javier-milei-y-sus-medidas-en-vivo-la-defensa-del-gobierno-a-adorni-y-la-respuesta-a-los-paros-gremiales","status":"publish","type":"post","link":"https:\/\/impactocastex.com.ar\/?p=16638","title":{"rendered":"Javier Milei y sus medidas, en vivo: la defensa del Gobierno a Adorni y la respuesta a los paros gremiales"},"content":{"rendered":"<p><img loading=\"lazy\" decoding=\"async\" src=\"https:\/\/resizer.glanacion.com\/resizer\/v2\/W5LOPVLIWJF2NCXWCSKGTXEJXM.JPG?auth=b33484d821c992e2060723c7ff1a3cd82ee35fc250b525cea3e51d91fe3f02e4&amp;smart=true&amp;width=876&amp;height=584\" alt=\"Milei en la cena anual de la Fundaci\u00f3n Libertad Golden Center\" height=\"584\" width=\"876\" \/><\/p>\n<p>El presidente<b>\u00a0<\/b><a href=\"https:\/\/www.lanacion.com.ar\/politica\/milei-y-macri-vuelven-a-compartir-un-ambito-politico-luego-de-seis-meses-en-la-cena-de-la-fundacion-nid27042026\/\" rel=\"\" title=\"https:\/\/www.lanacion.com.ar\/politica\/milei-y-macri-vuelven-a-compartir-un-ambito-politico-luego-de-seis-meses-en-la-cena-de-la-fundacion-nid27042026\/\"><b>Javier Milei<\/b><\/a>\u00a0fue el encargado de brindar el discurso de cierre de la cena anual de la\u00a0<b>Fundaci\u00f3n Libertad<\/b>, evento que se celebr\u00f3 en Parque Norte. El mandatario hizo uso de la palabra desde las 21.45 y concluy\u00f3 a las 23. Previo a su disertaci\u00f3n, recibi\u00f3 el premio Libertad 2026 por parte de Alberto Benegas Lynch (h).<\/p>\n<p>El titular de La Libertad Avanza (LLA) comenz\u00f3 solidariz\u00e1ndose con el presidente de Estados Unidos tras el tiroteo durante la cena anual de corresponsales de la Casa Blanca en Washington: \u201c<b>Quiero expresar mi m\u00e1s en\u00e9rgico repudio al intento de asesinato contra Trump.\u00a0<\/b>Estamos ante un nuevo auge de la violencia pol\u00edtica contra el mundo libre. Debe ser detenido en sus inicios. Hay muchos que no toleran perder la batalla en las urnas. Esas personas no son compatibles con la democracia. Debe ser castigado con todo el peso de la ley\u201d.<\/p>\n<p>La oposici\u00f3n en Diputados repite un mantra de cara a <a href=\"https:\/\/www.lanacion.com.ar\/politica\/adorni-ultima-su-informe-al-congreso-un-discurso-economico-de-una-hora-hermetismo-judicial-y-el-nid26042026\/\" rel=\"\" title=\"https:\/\/www.lanacion.com.ar\/politica\/adorni-ultima-su-informe-al-congreso-un-discurso-economico-de-una-hora-hermetismo-judicial-y-el-nid26042026\/\">la sesi\u00f3n informativa que dar\u00e1 <b>Manuel Adorni<\/b><\/a> el mi\u00e9rcoles: <b>\u201cNo entrar en provocaciones\u201d<\/b>. Un diverso grupo de legisladores busca <b>coordinar una estrategia com\u00fan <\/b>para recibir al jefe de Gabinete, a quien apuntar\u00e1n especialmente por la evoluci\u00f3n de su patrimonio desde que es funcionario.<\/p>\n<p><img loading=\"lazy\" decoding=\"async\" src=\"https:\/\/resizer.glanacion.com\/resizer\/v2\/IP24XZNTQNBP7KHFMNGGCHTXUE.jpg?auth=da7c0026b95fa921b31241083ff118766f5c22518225451b5f77e2615a51ca35&amp;smart=true&amp;width=2000&amp;height=1333\" alt=\"Manuel Adorni y Mart\u00edn Menem\" height=\"1333\" width=\"2000\" \/><\/p>\n<p>Adorni se presentar\u00e1 en el recinto de la C\u00e1mara de Diputados para dar el informe de la gesti\u00f3n, el primero desde que asumi\u00f3 como ministro coordinador. Vendr\u00e1 acompa\u00f1ado del presidente <b>Javier Milei<\/b> y de su hermana Karina, ambos escoltados por la plana mayor del gabinete. Toda una puesta en escena para darle marco a<b> una sesi\u00f3n tan at\u00edpica como cargada de alto voltaje pol\u00edtico<\/b>.<\/p>\n<p>El expresidente <b>Mauricio Macri <\/b>y la senadora nacional de La Libertad Avanza (LLA) <b>Patricia Bullrich <\/b>se reencontraron este lunes por la noche en el marco de la cena anual de la <a href=\"https:\/\/www.lanacion.com.ar\/politica\/mauricio-macri-el-populismo-se-esta-agotando-en-la-argentina-nid27042026\/\" rel=\"\" title=\"https:\/\/www.lanacion.com.ar\/politica\/mauricio-macri-el-populismo-se-esta-agotando-en-la-argentina-nid27042026\/\"><b>Fundaci\u00f3n Libertad<\/b><\/a>. La exministra de Seguridad y el titular de Pro se saludaron cordialmente y se dieron un abrazo en la previa del discurso del presidente <a href=\"https:\/\/www.lanacion.com.ar\/politica\/javier-milei-cierra-la-cena-anual-de-la-fundacion-libertad-nid27042026\/\" rel=\"\" title=\"https:\/\/www.lanacion.com.ar\/politica\/javier-milei-cierra-la-cena-anual-de-la-fundacion-libertad-nid27042026\/\"><b>Javier Milei<\/b><\/a>, que cerr\u00f3 el evento.<\/p>\n<figure><video height=\"1280\" width=\"960\" poster=\"https:\/\/cdn.jwplayer.com\/v2\/media\/4dqUq5vu\/poster.jpg?width=720\" preload=\"none\"><\/video><figcaption>As\u00ed Fue El Saludo Entre Macri Y Bullrich en la cena anual de la Fundaci\u00f3n Libertad<\/figcaption><\/figure>\n<p>El acercamiento entre ambos qued\u00f3 grabado en un video que se viraliz\u00f3 enseguida en redes sociales, en un contexto en el que hac\u00eda meses que no se los ve\u00eda juntos en p\u00fablico. Los dos, que supieron liderar el sector de Pro conocido como los \u201chalcones\u201d antes de la elecci\u00f3n presidencial de 2023, se mostraron cordiales durante el saludo.<\/p>\n<p>El<b> Ministerio de Capital Humano <\/b>intim\u00f3 este martes a los <b>rectores de las universidades nacionales <\/b>a que informen qu\u00e9 medidas tomar\u00e1n para garantizar el derecho a la educaci\u00f3n de los estudiantes universitarios, a quienes defini\u00f3 como \u201cv\u00edctimas de los paros impulsados por los gremios\u201d. As\u00ed lo exigi\u00f3 mediante un comunicado oficial difundido en redes sociales.<\/p>\n<p><img loading=\"lazy\" decoding=\"async\" src=\"https:\/\/resizer.glanacion.com\/resizer\/v2\/N6S2HHL4ORELXIVSF4B3T7CJMM.jpg?auth=93da2f39afcfcb96401fa1cdbaf012b1c941cbf9d7a4c9dc94232e5d78dbfbf8&amp;smart=true&amp;width=544&amp;height=680\" alt=\"El ministerio de Capital Humano intim\u00f3 a los rectores de las universidades nacionales\" height=\"680\" width=\"544\" \/><\/p>\n<p>Desde la cartera comandada por <b>Sandra Pettovello <\/b>indicaron que \u201cse observa con <b>extrema preocupaci\u00f3n <\/b>la <b>suspensi\u00f3n total\u00bb <\/b>de la<a href=\"https:\/\/www.lanacion.com.ar\/sociedad\/universidades-en-el-segundo-aniversario-de-la-marcha-masiva-en-dos-ciudades-volvieron-a-movilizarse-nid23042026\/\" rel=\"\" title=\"https:\/\/www.lanacion.com.ar\/sociedad\/universidades-en-el-segundo-aniversario-de-la-marcha-masiva-en-dos-ciudades-volvieron-a-movilizarse-nid23042026\/\"> actividad acad\u00e9mica <\/a>que, seg\u00fan el texto, se registra en universidades de todo el pa\u00eds, en el marco del reclamo <b>por m\u00e1s fondos y el cumplimiento de la Ley de Financiamiento Universitario<\/b>, votada y sostenida el a\u00f1o pasado, que llevaron a cabo diferentes casas de estudio en las \u00faltimas semanas.<\/p>\n<p>Si lo miramos desde su llegada, el Gobierno tiene una historia <b>ciclot\u00edmica<\/b>. Su relaci\u00f3n con el electorado, con la opini\u00f3n p\u00fablica, y la imagen que la sociedad se va formando de \u00e9l, es muy cambiante: <b>hay momentos de picos de enamoramiento o de adhesi\u00f3n y valles de rechazo, de desencanto. <\/b>Como una especie de monta\u00f1a rusa.<\/p>\n<p>Hoy tenemos un dato relevante: es un nuevo<b> \u00cdndice de Confianza en el Gobierno<\/b>, que elabora la <b>Universidad Torcuato Di Tella (UTDT)<\/b>, que habla de una <a href=\"https:\/\/www.lanacion.com.ar\/politica\/quinto-mes-consecutivo-de-caida-para-el-gobierno-en-el-indice-de-confianza-de-la-universidad-di-nid27042026\/\" rel=\"\" title=\"ca\u00edda muy brusca\">ca\u00edda muy brusca<\/a>. Importa tener en cuenta la trayectoria para entender que pueden ser fen\u00f3menos transitorios. Por ejemplo, a mediados de 2024, despu\u00e9s de la sanci\u00f3n de la <b>Ley Bases<\/b>, el Gobierno tuvo un pico de popularidad y de aceptaci\u00f3n muy importante. Podemos recordar lo que pas\u00f3 a mediados del a\u00f1o pasado, antes de las elecciones de la provincia de Buenos Aires, en agosto, septiembre, cuando tuvo una gran ca\u00edda.<\/p>\n<p>\u200bEl minuto a minuto de las decisiones del Presidente, las reacciones de la oposici\u00f3n y las declaraciones de los funcionarios\u00a0\u00a0<\/p>","protected":false},"excerpt":{"rendered":"<p>El presidente\u00a0Javier Milei\u00a0fue el encargado de brindar el discurso de cierre de la cena anual&#8230;<\/p>\n","protected":false},"author":1,"featured_media":16639,"comment_status":"closed","ping_status":"closed","sticky":false,"template":"","format":"standard","meta":{"_jetpack_memberships_contains_paid_content":false,"footnotes":"","jetpack_publicize_message":"","jetpack_publicize_feature_enabled":true,"jetpack_social_post_already_shared":true,"jetpack_social_options":{"image_generator_settings":{"template":"highway","default_image_id":0,"font":"","enabled":false},"version":2}},"categories":[89],"tags":[],"class_list":["post-16638","post","type-post","status-publish","format-standard","has-post-thumbnail","hentry","category-nacionales"],"yoast_head":"<!-- This site is optimized with the Yoast SEO plugin v27.4 - https:\/\/yoast.com\/product\/yoast-seo-wordpress\/ -->\n<title>Javier Milei y sus medidas, en vivo: la defensa del Gobierno a Adorni y la respuesta a los paros gremiales -<\/title>\n<meta name=\"robots\" content=\"index, follow, max-snippet:-1, max-image-preview:large, max-video-preview:-1\" \/>\n<link rel=\"canonical\" href=\"https:\/\/impactocastex.com.ar\/?p=16638\" \/>\n<meta property=\"og:locale\" content=\"es_ES\" \/>\n<meta property=\"og:type\" content=\"article\" \/>\n<meta property=\"og:title\" content=\"Javier Milei y sus medidas, en vivo: la defensa del Gobierno a Adorni y la respuesta a los paros gremiales -\" \/>\n<meta property=\"og:description\" content=\"El presidente\u00a0Javier Milei\u00a0fue el encargado de brindar el discurso de cierre de la cena anual...\" \/>\n<meta property=\"og:url\" content=\"https:\/\/impactocastex.com.ar\/?p=16638\" \/>\n<meta property=\"article:publisher\" content=\"https:\/\/www.facebook.com\/impactocastexdiario\" \/>\n<meta property=\"article:published_time\" content=\"2026-04-28T09:13:55+00:00\" \/>\n<meta property=\"og:image\" content=\"https:\/\/resizer.glanacion.com\/resizer\/v2\/W5LOPVLIWJF2NCXWCSKGTXEJXM.JPG?auth=b33484d821c992e2060723c7ff1a3cd82ee35fc250b525cea3e51d91fe3f02e4&amp;smart=true&amp;width=876&amp;height=584\" \/>\n<meta name=\"author\" content=\"impactocastex\" \/>\n<meta name=\"twitter:card\" content=\"summary_large_image\" \/>\n<meta name=\"twitter:label1\" content=\"Escrito por\" \/>\n\t<meta name=\"twitter:data1\" content=\"impactocastex\" \/>\n\t<meta name=\"twitter:label2\" content=\"Tiempo de lectura\" \/>\n\t<meta name=\"twitter:data2\" content=\"4 minutos\" \/>\n<script type=\"application\/ld+json\" class=\"yoast-schema-graph\">{\"@context\":\"https:\\\/\\\/schema.org\",\"@graph\":[{\"@type\":\"Article\",\"@id\":\"https:\\\/\\\/impactocastex.com.ar\\\/?p=16638#article\",\"isPartOf\":{\"@id\":\"https:\\\/\\\/impactocastex.com.ar\\\/?p=16638\"},\"author\":{\"name\":\"impactocastex\",\"@id\":\"https:\\\/\\\/impactocastex.com.ar\\\/#\\\/schema\\\/person\\\/86cb4f827fb5f87869a239b98a69c6e3\"},\"headline\":\"Javier Milei y sus medidas, en vivo: la defensa del Gobierno a Adorni y la respuesta a los paros gremiales\",\"datePublished\":\"2026-04-28T09:13:55+00:00\",\"mainEntityOfPage\":{\"@id\":\"https:\\\/\\\/impactocastex.com.ar\\\/?p=16638\"},\"wordCount\":761,\"publisher\":{\"@id\":\"https:\\\/\\\/impactocastex.com.ar\\\/#organization\"},\"image\":{\"@id\":\"https:\\\/\\\/impactocastex.com.ar\\\/?p=16638#primaryimage\"},\"thumbnailUrl\":\"https:\\\/\\\/impactocastex.com.ar\\\/wp-content\\\/uploads\\\/2026\\\/04\\\/FA76X3SYGVBKDHBHGA4KNSGUIY-iA3pFT.jpg\",\"articleSection\":[\"NACIONALES\"],\"inLanguage\":\"es\"},{\"@type\":\"WebPage\",\"@id\":\"https:\\\/\\\/impactocastex.com.ar\\\/?p=16638\",\"url\":\"https:\\\/\\\/impactocastex.com.ar\\\/?p=16638\",\"name\":\"Javier Milei y sus medidas, en vivo: la defensa del Gobierno a Adorni y la respuesta a los paros gremiales -\",\"isPartOf\":{\"@id\":\"https:\\\/\\\/impactocastex.com.ar\\\/#website\"},\"primaryImageOfPage\":{\"@id\":\"https:\\\/\\\/impactocastex.com.ar\\\/?p=16638#primaryimage\"},\"image\":{\"@id\":\"https:\\\/\\\/impactocastex.com.ar\\\/?p=16638#primaryimage\"},\"thumbnailUrl\":\"https:\\\/\\\/impactocastex.com.ar\\\/wp-content\\\/uploads\\\/2026\\\/04\\\/FA76X3SYGVBKDHBHGA4KNSGUIY-iA3pFT.jpg\",\"datePublished\":\"2026-04-28T09:13:55+00:00\",\"breadcrumb\":{\"@id\":\"https:\\\/\\\/impactocastex.com.ar\\\/?p=16638#breadcrumb\"},\"inLanguage\":\"es\",\"potentialAction\":[{\"@type\":\"ReadAction\",\"target\":[\"https:\\\/\\\/impactocastex.com.ar\\\/?p=16638\"]}]},{\"@type\":\"ImageObject\",\"inLanguage\":\"es\",\"@id\":\"https:\\\/\\\/impactocastex.com.ar\\\/?p=16638#primaryimage\",\"url\":\"https:\\\/\\\/impactocastex.com.ar\\\/wp-content\\\/uploads\\\/2026\\\/04\\\/FA76X3SYGVBKDHBHGA4KNSGUIY-iA3pFT.jpg\",\"contentUrl\":\"https:\\\/\\\/impactocastex.com.ar\\\/wp-content\\\/uploads\\\/2026\\\/04\\\/FA76X3SYGVBKDHBHGA4KNSGUIY-iA3pFT.jpg\",\"width\":1999,\"height\":1333},{\"@type\":\"BreadcrumbList\",\"@id\":\"https:\\\/\\\/impactocastex.com.ar\\\/?p=16638#breadcrumb\",\"itemListElement\":[{\"@type\":\"ListItem\",\"position\":1,\"name\":\"Portada\",\"item\":\"https:\\\/\\\/impactocastex.com.ar\\\/\"},{\"@type\":\"ListItem\",\"position\":2,\"name\":\"Javier Milei y sus medidas, en vivo: la defensa del Gobierno a Adorni y la respuesta a los paros gremiales\"}]},{\"@type\":\"WebSite\",\"@id\":\"https:\\\/\\\/impactocastex.com.ar\\\/#website\",\"url\":\"https:\\\/\\\/impactocastex.com.ar\\\/\",\"name\":\"Impacto Castex\",\"description\":\"\",\"publisher\":{\"@id\":\"https:\\\/\\\/impactocastex.com.ar\\\/#organization\"},\"potentialAction\":[{\"@type\":\"SearchAction\",\"target\":{\"@type\":\"EntryPoint\",\"urlTemplate\":\"https:\\\/\\\/impactocastex.com.ar\\\/?s={search_term_string}\"},\"query-input\":{\"@type\":\"PropertyValueSpecification\",\"valueRequired\":true,\"valueName\":\"search_term_string\"}}],\"inLanguage\":\"es\"},{\"@type\":\"Organization\",\"@id\":\"https:\\\/\\\/impactocastex.com.ar\\\/#organization\",\"name\":\"Impacto Castex\",\"url\":\"https:\\\/\\\/impactocastex.com.ar\\\/\",\"logo\":{\"@type\":\"ImageObject\",\"inLanguage\":\"es\",\"@id\":\"https:\\\/\\\/impactocastex.com.ar\\\/#\\\/schema\\\/logo\\\/image\\\/\",\"url\":\"https:\\\/\\\/impactocastex.com.ar\\\/wp-content\\\/uploads\\\/2025\\\/09\\\/cropped-icoweb.png\",\"contentUrl\":\"https:\\\/\\\/impactocastex.com.ar\\\/wp-content\\\/uploads\\\/2025\\\/09\\\/cropped-icoweb.png\",\"width\":512,\"height\":512,\"caption\":\"Impacto Castex\"},\"image\":{\"@id\":\"https:\\\/\\\/impactocastex.com.ar\\\/#\\\/schema\\\/logo\\\/image\\\/\"},\"sameAs\":[\"https:\\\/\\\/www.facebook.com\\\/impactocastexdiario\",\"https:\\\/\\\/www.instagram.com\\\/impactocastex.com.ar\\\/\"]},{\"@type\":\"Person\",\"@id\":\"https:\\\/\\\/impactocastex.com.ar\\\/#\\\/schema\\\/person\\\/86cb4f827fb5f87869a239b98a69c6e3\",\"name\":\"impactocastex\",\"image\":{\"@type\":\"ImageObject\",\"inLanguage\":\"es\",\"@id\":\"https:\\\/\\\/secure.gravatar.com\\\/avatar\\\/9a87ee051ca8c77f5d4070843ce2c78cdf95b858b950fb039151de955122f5f5?s=96&d=mm&r=g\",\"url\":\"https:\\\/\\\/secure.gravatar.com\\\/avatar\\\/9a87ee051ca8c77f5d4070843ce2c78cdf95b858b950fb039151de955122f5f5?s=96&d=mm&r=g\",\"contentUrl\":\"https:\\\/\\\/secure.gravatar.com\\\/avatar\\\/9a87ee051ca8c77f5d4070843ce2c78cdf95b858b950fb039151de955122f5f5?s=96&d=mm&r=g\",\"caption\":\"impactocastex\"},\"sameAs\":[\"https:\\\/\\\/impactocastex.com.ar\"],\"url\":\"https:\\\/\\\/impactocastex.com.ar\\\/?author=1\"}]}<\/script>\n<!-- \/ Yoast SEO plugin. -->","yoast_head_json":{"title":"Javier Milei y sus medidas, en vivo: la defensa del Gobierno a Adorni y la respuesta a los paros gremiales -","robots":{"index":"index","follow":"follow","max-snippet":"max-snippet:-1","max-image-preview":"max-image-preview:large","max-video-preview":"max-video-preview:-1"},"canonical":"https:\/\/impactocastex.com.ar\/?p=16638","og_locale":"es_ES","og_type":"article","og_title":"Javier Milei y sus medidas, en vivo: la defensa del Gobierno a Adorni y la respuesta a los paros gremiales -","og_description":"El presidente\u00a0Javier Milei\u00a0fue el encargado de brindar el discurso de cierre de la cena anual...","og_url":"https:\/\/impactocastex.com.ar\/?p=16638","article_publisher":"https:\/\/www.facebook.com\/impactocastexdiario","article_published_time":"2026-04-28T09:13:55+00:00","og_image":[{"url":"https:\/\/resizer.glanacion.com\/resizer\/v2\/W5LOPVLIWJF2NCXWCSKGTXEJXM.JPG?auth=b33484d821c992e2060723c7ff1a3cd82ee35fc250b525cea3e51d91fe3f02e4&amp;smart=true&amp;width=876&amp;height=584","type":"","width":"","height":""}],"author":"impactocastex","twitter_card":"summary_large_image","twitter_misc":{"Escrito por":"impactocastex","Tiempo de lectura":"4 minutos"},"schema":{"@context":"https:\/\/schema.org","@graph":[{"@type":"Article","@id":"https:\/\/impactocastex.com.ar\/?p=16638#article","isPartOf":{"@id":"https:\/\/impactocastex.com.ar\/?p=16638"},"author":{"name":"impactocastex","@id":"https:\/\/impactocastex.com.ar\/#\/schema\/person\/86cb4f827fb5f87869a239b98a69c6e3"},"headline":"Javier Milei y sus medidas, en vivo: la defensa del Gobierno a Adorni y la respuesta a los paros gremiales","datePublished":"2026-04-28T09:13:55+00:00","mainEntityOfPage":{"@id":"https:\/\/impactocastex.com.ar\/?p=16638"},"wordCount":761,"publisher":{"@id":"https:\/\/impactocastex.com.ar\/#organization"},"image":{"@id":"https:\/\/impactocastex.com.ar\/?p=16638#primaryimage"},"thumbnailUrl":"https:\/\/impactocastex.com.ar\/wp-content\/uploads\/2026\/04\/FA76X3SYGVBKDHBHGA4KNSGUIY-iA3pFT.jpg","articleSection":["NACIONALES"],"inLanguage":"es"},{"@type":"WebPage","@id":"https:\/\/impactocastex.com.ar\/?p=16638","url":"https:\/\/impactocastex.com.ar\/?p=16638","name":"Javier Milei y sus medidas, en vivo: la defensa del Gobierno a Adorni y la respuesta a los paros gremiales -","isPartOf":{"@id":"https:\/\/impactocastex.com.ar\/#website"},"primaryImageOfPage":{"@id":"https:\/\/impactocastex.com.ar\/?p=16638#primaryimage"},"image":{"@id":"https:\/\/impactocastex.com.ar\/?p=16638#primaryimage"},"thumbnailUrl":"https:\/\/impactocastex.com.ar\/wp-content\/uploads\/2026\/04\/FA76X3SYGVBKDHBHGA4KNSGUIY-iA3pFT.jpg","datePublished":"2026-04-28T09:13:55+00:00","breadcrumb":{"@id":"https:\/\/impactocastex.com.ar\/?p=16638#breadcrumb"},"inLanguage":"es","potentialAction":[{"@type":"ReadAction","target":["https:\/\/impactocastex.com.ar\/?p=16638"]}]},{"@type":"ImageObject","inLanguage":"es","@id":"https:\/\/impactocastex.com.ar\/?p=16638#primaryimage","url":"https:\/\/impactocastex.com.ar\/wp-content\/uploads\/2026\/04\/FA76X3SYGVBKDHBHGA4KNSGUIY-iA3pFT.jpg","contentUrl":"https:\/\/impactocastex.com.ar\/wp-content\/uploads\/2026\/04\/FA76X3SYGVBKDHBHGA4KNSGUIY-iA3pFT.jpg","width":1999,"height":1333},{"@type":"BreadcrumbList","@id":"https:\/\/impactocastex.com.ar\/?p=16638#breadcrumb","itemListElement":[{"@type":"ListItem","position":1,"name":"Portada","item":"https:\/\/impactocastex.com.ar\/"},{"@type":"ListItem","position":2,"name":"Javier Milei y sus medidas, en vivo: la defensa del Gobierno a Adorni y la respuesta a los paros gremiales"}]},{"@type":"WebSite","@id":"https:\/\/impactocastex.com.ar\/#website","url":"https:\/\/impactocastex.com.ar\/","name":"Impacto Castex","description":"","publisher":{"@id":"https:\/\/impactocastex.com.ar\/#organization"},"potentialAction":[{"@type":"SearchAction","target":{"@type":"EntryPoint","urlTemplate":"https:\/\/impactocastex.com.ar\/?s={search_term_string}"},"query-input":{"@type":"PropertyValueSpecification","valueRequired":true,"valueName":"search_term_string"}}],"inLanguage":"es"},{"@type":"Organization","@id":"https:\/\/impactocastex.com.ar\/#organization","name":"Impacto Castex","url":"https:\/\/impactocastex.com.ar\/","logo":{"@type":"ImageObject","inLanguage":"es","@id":"https:\/\/impactocastex.com.ar\/#\/schema\/logo\/image\/","url":"https:\/\/impactocastex.com.ar\/wp-content\/uploads\/2025\/09\/cropped-icoweb.png","contentUrl":"https:\/\/impactocastex.com.ar\/wp-content\/uploads\/2025\/09\/cropped-icoweb.png","width":512,"height":512,"caption":"Impacto Castex"},"image":{"@id":"https:\/\/impactocastex.com.ar\/#\/schema\/logo\/image\/"},"sameAs":["https:\/\/www.facebook.com\/impactocastexdiario","https:\/\/www.instagram.com\/impactocastex.com.ar\/"]},{"@type":"Person","@id":"https:\/\/impactocastex.com.ar\/#\/schema\/person\/86cb4f827fb5f87869a239b98a69c6e3","name":"impactocastex","image":{"@type":"ImageObject","inLanguage":"es","@id":"https:\/\/secure.gravatar.com\/avatar\/9a87ee051ca8c77f5d4070843ce2c78cdf95b858b950fb039151de955122f5f5?s=96&d=mm&r=g","url":"https:\/\/secure.gravatar.com\/avatar\/9a87ee051ca8c77f5d4070843ce2c78cdf95b858b950fb039151de955122f5f5?s=96&d=mm&r=g","contentUrl":"https:\/\/secure.gravatar.com\/avatar\/9a87ee051ca8c77f5d4070843ce2c78cdf95b858b950fb039151de955122f5f5?s=96&d=mm&r=g","caption":"impactocastex"},"sameAs":["https:\/\/impactocastex.com.ar"],"url":"https:\/\/impactocastex.com.ar\/?author=1"}]}},"jetpack_publicize_connections":[],"featured_image_urls":{"full":["https:\/\/impactocastex.com.ar\/wp-content\/uploads\/2026\/04\/FA76X3SYGVBKDHBHGA4KNSGUIY-iA3pFT.jpg",1999,1333,false],"thumbnail":["https:\/\/impactocastex.com.ar\/wp-content\/uploads\/2026\/04\/FA76X3SYGVBKDHBHGA4KNSGUIY-iA3pFT-150x150.jpg",150,150,true],"medium":["https:\/\/impactocastex.com.ar\/wp-content\/uploads\/2026\/04\/FA76X3SYGVBKDHBHGA4KNSGUIY-iA3pFT-300x200.jpg",300,200,true],"medium_large":["https:\/\/impactocastex.com.ar\/wp-content\/uploads\/2026\/04\/FA76X3SYGVBKDHBHGA4KNSGUIY-iA3pFT-768x512.jpg",640,427,true],"large":["https:\/\/impactocastex.com.ar\/wp-content\/uploads\/2026\/04\/FA76X3SYGVBKDHBHGA4KNSGUIY-iA3pFT-1024x683.jpg",640,427,true],"1536x1536":["https:\/\/impactocastex.com.ar\/wp-content\/uploads\/2026\/04\/FA76X3SYGVBKDHBHGA4KNSGUIY-iA3pFT-1536x1024.jpg",1536,1024,true],"2048x2048":["https:\/\/impactocastex.com.ar\/wp-content\/uploads\/2026\/04\/FA76X3SYGVBKDHBHGA4KNSGUIY-iA3pFT.jpg",1999,1333,false],"newsever-slider-full":["https:\/\/impactocastex.com.ar\/wp-content\/uploads\/2026\/04\/FA76X3SYGVBKDHBHGA4KNSGUIY-iA3pFT-1280x845.jpg",1280,845,true],"newsever-featured":["https:\/\/impactocastex.com.ar\/wp-content\/uploads\/2026\/04\/FA76X3SYGVBKDHBHGA4KNSGUIY-iA3pFT-1024x683.jpg",1024,683,true],"newsever-medium":["https:\/\/impactocastex.com.ar\/wp-content\/uploads\/2026\/04\/FA76X3SYGVBKDHBHGA4KNSGUIY-iA3pFT-720x475.jpg",720,475,true]},"author_info":{"info":["impactocastex"]},"category_info":"<a href=\"https:\/\/impactocastex.com.ar\/?cat=89\" rel=\"category\">NACIONALES<\/a>","tag_info":"NACIONALES","comment_count":0,"jetpack_featured_media_url":"https:\/\/impactocastex.com.ar\/wp-content\/uploads\/2026\/04\/FA76X3SYGVBKDHBHGA4KNSGUIY-iA3pFT.jpg","jetpack_sharing_enabled":true,"jetpack_likes_enabled":true,"jetpack_shortlink":"https:\/\/wp.me\/p7sopA-4km","_links":{"self":[{"href":"https:\/\/impactocastex.com.ar\/index.php?rest_route=\/wp\/v2\/posts\/16638","targetHints":{"allow":["GET"]}}],"collection":[{"href":"https:\/\/impactocastex.com.ar\/index.php?rest_route=\/wp\/v2\/posts"}],"about":[{"href":"https:\/\/impactocastex.com.ar\/index.php?rest_route=\/wp\/v2\/types\/post"}],"author":[{"embeddable":true,"href":"https:\/\/impactocastex.com.ar\/index.php?rest_route=\/wp\/v2\/users\/1"}],"replies":[{"embeddable":true,"href":"https:\/\/impactocastex.com.ar\/index.php?rest_route=%2Fwp%2Fv2%2Fcomments&post=16638"}],"version-history":[{"count":0,"href":"https:\/\/impactocastex.com.ar\/index.php?rest_route=\/wp\/v2\/posts\/16638\/revisions"}],"wp:featuredmedia":[{"embeddable":true,"href":"https:\/\/impactocastex.com.ar\/index.php?rest_route=\/wp\/v2\/media\/16639"}],"wp:attachment":[{"href":"https:\/\/impactocastex.com.ar\/index.php?rest_route=%2Fwp%2Fv2%2Fmedia&parent=16638"}],"wp:term":[{"taxonomy":"category","embeddable":true,"href":"https:\/\/impactocastex.com.ar\/index.php?rest_route=%2Fwp%2Fv2%2Fcategories&post=16638"},{"taxonomy":"post_tag","embeddable":true,"href":"https:\/\/impactocastex.com.ar\/index.php?rest_route=%2Fwp%2Fv2%2Ftags&post=16638"}],"curies":[{"name":"wp","href":"https:\/\/api.w.org\/{rel}","templated":true}]}}