{"id":16636,"date":"2026-04-28T03:25:42","date_gmt":"2026-04-28T06:25:42","guid":{"rendered":"https:\/\/impactocastex.com.ar\/?p=16636"},"modified":"2026-04-28T03:25:42","modified_gmt":"2026-04-28T06:25:42","slug":"jorge-macri-hablo-de-desgobierno-en-la-provincia-y-el-oficialismo-bonaerense-salio-al-cruce","status":"publish","type":"post","link":"https:\/\/impactocastex.com.ar\/?p=16636","title":{"rendered":"Jorge Macri habl\u00f3 de \u201cdesgobierno\u201d en la Provincia y el oficialismo bonaerense sali\u00f3 al cruce"},"content":{"rendered":"<div><img decoding=\"async\" src=\"https:\/\/www.clarin.com\/img\/2026\/04\/28\/pAsP7E5Mf_2000x1500__1.jpg\" class=\"ff-og-image-inserted\" \/><\/div>\n<div>\n<p><strong>Jorge Macri<\/strong> calific\u00f3 a la <strong>Provincia de Buenos Aires<\/strong> como un <strong>\u201cdesgobierno\u201d<\/strong> y apunt\u00f3 contra la gesti\u00f3n de Axel Kicillof por cuestiones vinculadas a la seguridad, la salud p\u00fablica y la coordinaci\u00f3n con los municipios, y sus declaraciones generaron una <strong>respuesta del oficialismo bonaerense<\/strong>, que rechaz\u00f3 los cuestionamientos y se\u00f1al\u00f3 que <strong>el jefe de Gobierno porte\u00f1o \u201cdeber\u00eda dedicarse a gobernar\u201d.<\/strong><\/p>\n<\/div>\n<div>\n<p>En declaraciones a <em>LN+<\/em>, Macri sostuvo que la Provincia atraviesa un \u201cdesgobierno absoluto\u201d, con excepci\u00f3n del esfuerzo de algunos intendentes, y que <strong>es \u00abtierra de nadie\u00bb<\/strong>, al tiempo que afirm\u00f3 que la falta de gesti\u00f3n en distintos aspectos impacta directamente en la Ciudad de Buenos Aires.<\/p>\n<\/div>\n<div>\n<p>Entre los argumentos, mencion\u00f3 la situaci\u00f3n de inseguridad, el funcionamiento del sistema de salud y la llegada de vecinos del Conurbano a la Capital para acceder a servicios que, seg\u00fan plante\u00f3, no encuentran en sus distritos de origen. Tambi\u00e9n destac\u00f3 que<strong> no hay coordinaci\u00f3n \u201ccon los intendentes<\/strong>, que no reciben ning\u00fan apoyo\u201d.<\/p>\n<\/div>\n<div>\n<p>\u201cY eso, en definitiva, termina agrediendo a la Ciudad de Buenos Aires y a nuestro estilo de vida de respeto, de ley y orden. Y <strong>como no logran que la provincia brille de la misma manera, la agreden<\/strong>\u201d, acus\u00f3 el alcalde porte\u00f1o este lunes.<\/p>\n<\/div>\n<div>\n<p>Poco despu\u00e9s lleg\u00f3 la <strong>respuesta desde el gobierno bonaerense<\/strong>. Fue el <strong>ministro de Seguridad provincial, Javier Alonso<\/strong>, quien respondi\u00f3 a las declaraciones y sostuvo que Macri \u201cdesconoce absolutamente el territorio\u201d provincial.<\/p>\n<\/div>\n<div>\n<p>\u00abCuando le toc\u00f3 gestionar un municipio, siempre tuvo la cabeza puesta del otro lado de la General Paz\u201d, dijo en relaci\u00f3n con el paso de Macri como intendente de Vicente L\u00f3pez.<\/p>\n<\/div>\n<div>\n<p>Alonso, a trav\u00e9s de la red social X, replic\u00f3: \u201cEs comprensible que est\u00e9 preocupado por los guarismos de las encuestas y el malestar en la Capital, pero para revertir eso<strong> deber\u00eda dedicarse a gobernar <\/strong>y no a intentar anclarse en t\u00edtulos tendenciosos\u201d.<\/p>\n<\/div>\n<p><strong><a href=\"https:\/\/blockads.fivefilters.org\/\">Adblock test<\/a><\/strong> <a href=\"https:\/\/blockads.fivefilters.org\/acceptable.html\">(Why?)<\/a><\/p>\n<p>\u200b\u00a0\u00a0\u200b<\/p>","protected":false},"excerpt":{"rendered":"<p>Jorge Macri calific\u00f3 a la Provincia de Buenos Aires como un \u201cdesgobierno\u201d y apunt\u00f3 contra&#8230;<\/p>\n","protected":false},"author":1,"featured_media":16637,"comment_status":"closed","ping_status":"closed","sticky":false,"template":"","format":"standard","meta":{"_jetpack_memberships_contains_paid_content":false,"footnotes":"","jetpack_publicize_message":"","jetpack_publicize_feature_enabled":true,"jetpack_social_post_already_shared":true,"jetpack_social_options":{"image_generator_settings":{"template":"highway","default_image_id":0,"font":"","enabled":false},"version":2}},"categories":[122],"tags":[],"class_list":["post-16636","post","type-post","status-publish","format-standard","has-post-thumbnail","hentry","category-politica"],"yoast_head":"<!-- This site is optimized with the Yoast SEO plugin v27.4 - https:\/\/yoast.com\/product\/yoast-seo-wordpress\/ -->\n<title>Jorge Macri habl\u00f3 de \u201cdesgobierno\u201d en la Provincia y el oficialismo bonaerense sali\u00f3 al cruce -<\/title>\n<meta name=\"robots\" content=\"index, follow, max-snippet:-1, max-image-preview:large, max-video-preview:-1\" \/>\n<link rel=\"canonical\" href=\"https:\/\/impactocastex.com.ar\/?p=16636\" \/>\n<meta property=\"og:locale\" content=\"es_ES\" \/>\n<meta property=\"og:type\" content=\"article\" \/>\n<meta property=\"og:title\" content=\"Jorge Macri habl\u00f3 de \u201cdesgobierno\u201d en la Provincia y el oficialismo bonaerense sali\u00f3 al cruce -\" \/>\n<meta property=\"og:description\" content=\"Jorge Macri calific\u00f3 a la Provincia de Buenos Aires como un \u201cdesgobierno\u201d y apunt\u00f3 contra...\" \/>\n<meta property=\"og:url\" content=\"https:\/\/impactocastex.com.ar\/?p=16636\" \/>\n<meta property=\"article:publisher\" content=\"https:\/\/www.facebook.com\/impactocastexdiario\" \/>\n<meta property=\"article:published_time\" content=\"2026-04-28T06:25:42+00:00\" \/>\n<meta property=\"og:image\" content=\"https:\/\/www.clarin.com\/img\/2026\/04\/28\/pAsP7E5Mf_2000x1500__1.jpg\" \/>\n<meta name=\"author\" content=\"impactocastex\" \/>\n<meta name=\"twitter:card\" content=\"summary_large_image\" \/>\n<meta name=\"twitter:label1\" content=\"Escrito por\" \/>\n\t<meta name=\"twitter:data1\" content=\"impactocastex\" \/>\n\t<meta name=\"twitter:label2\" content=\"Tiempo de lectura\" \/>\n\t<meta name=\"twitter:data2\" content=\"2 minutos\" \/>\n<script type=\"application\/ld+json\" class=\"yoast-schema-graph\">{\"@context\":\"https:\\\/\\\/schema.org\",\"@graph\":[{\"@type\":\"Article\",\"@id\":\"https:\\\/\\\/impactocastex.com.ar\\\/?p=16636#article\",\"isPartOf\":{\"@id\":\"https:\\\/\\\/impactocastex.com.ar\\\/?p=16636\"},\"author\":{\"name\":\"impactocastex\",\"@id\":\"https:\\\/\\\/impactocastex.com.ar\\\/#\\\/schema\\\/person\\\/86cb4f827fb5f87869a239b98a69c6e3\"},\"headline\":\"Jorge Macri habl\u00f3 de \u201cdesgobierno\u201d en la Provincia y el oficialismo bonaerense sali\u00f3 al cruce\",\"datePublished\":\"2026-04-28T06:25:42+00:00\",\"mainEntityOfPage\":{\"@id\":\"https:\\\/\\\/impactocastex.com.ar\\\/?p=16636\"},\"wordCount\":344,\"publisher\":{\"@id\":\"https:\\\/\\\/impactocastex.com.ar\\\/#organization\"},\"image\":{\"@id\":\"https:\\\/\\\/impactocastex.com.ar\\\/?p=16636#primaryimage\"},\"thumbnailUrl\":\"https:\\\/\\\/impactocastex.com.ar\\\/wp-content\\\/uploads\\\/2026\\\/04\\\/pAsP7E5Mf_1200x630__1-5B7DEG.jpg\",\"articleSection\":[\"POLITICA\"],\"inLanguage\":\"es\"},{\"@type\":\"WebPage\",\"@id\":\"https:\\\/\\\/impactocastex.com.ar\\\/?p=16636\",\"url\":\"https:\\\/\\\/impactocastex.com.ar\\\/?p=16636\",\"name\":\"Jorge Macri habl\u00f3 de \u201cdesgobierno\u201d en la Provincia y el oficialismo bonaerense sali\u00f3 al cruce -\",\"isPartOf\":{\"@id\":\"https:\\\/\\\/impactocastex.com.ar\\\/#website\"},\"primaryImageOfPage\":{\"@id\":\"https:\\\/\\\/impactocastex.com.ar\\\/?p=16636#primaryimage\"},\"image\":{\"@id\":\"https:\\\/\\\/impactocastex.com.ar\\\/?p=16636#primaryimage\"},\"thumbnailUrl\":\"https:\\\/\\\/impactocastex.com.ar\\\/wp-content\\\/uploads\\\/2026\\\/04\\\/pAsP7E5Mf_1200x630__1-5B7DEG.jpg\",\"datePublished\":\"2026-04-28T06:25:42+00:00\",\"breadcrumb\":{\"@id\":\"https:\\\/\\\/impactocastex.com.ar\\\/?p=16636#breadcrumb\"},\"inLanguage\":\"es\",\"potentialAction\":[{\"@type\":\"ReadAction\",\"target\":[\"https:\\\/\\\/impactocastex.com.ar\\\/?p=16636\"]}]},{\"@type\":\"ImageObject\",\"inLanguage\":\"es\",\"@id\":\"https:\\\/\\\/impactocastex.com.ar\\\/?p=16636#primaryimage\",\"url\":\"https:\\\/\\\/impactocastex.com.ar\\\/wp-content\\\/uploads\\\/2026\\\/04\\\/pAsP7E5Mf_1200x630__1-5B7DEG.jpg\",\"contentUrl\":\"https:\\\/\\\/impactocastex.com.ar\\\/wp-content\\\/uploads\\\/2026\\\/04\\\/pAsP7E5Mf_1200x630__1-5B7DEG.jpg\",\"width\":1200,\"height\":630},{\"@type\":\"BreadcrumbList\",\"@id\":\"https:\\\/\\\/impactocastex.com.ar\\\/?p=16636#breadcrumb\",\"itemListElement\":[{\"@type\":\"ListItem\",\"position\":1,\"name\":\"Portada\",\"item\":\"https:\\\/\\\/impactocastex.com.ar\\\/\"},{\"@type\":\"ListItem\",\"position\":2,\"name\":\"Jorge Macri habl\u00f3 de \u201cdesgobierno\u201d en la Provincia y el oficialismo bonaerense sali\u00f3 al cruce\"}]},{\"@type\":\"WebSite\",\"@id\":\"https:\\\/\\\/impactocastex.com.ar\\\/#website\",\"url\":\"https:\\\/\\\/impactocastex.com.ar\\\/\",\"name\":\"Impacto Castex\",\"description\":\"\",\"publisher\":{\"@id\":\"https:\\\/\\\/impactocastex.com.ar\\\/#organization\"},\"potentialAction\":[{\"@type\":\"SearchAction\",\"target\":{\"@type\":\"EntryPoint\",\"urlTemplate\":\"https:\\\/\\\/impactocastex.com.ar\\\/?s={search_term_string}\"},\"query-input\":{\"@type\":\"PropertyValueSpecification\",\"valueRequired\":true,\"valueName\":\"search_term_string\"}}],\"inLanguage\":\"es\"},{\"@type\":\"Organization\",\"@id\":\"https:\\\/\\\/impactocastex.com.ar\\\/#organization\",\"name\":\"Impacto Castex\",\"url\":\"https:\\\/\\\/impactocastex.com.ar\\\/\",\"logo\":{\"@type\":\"ImageObject\",\"inLanguage\":\"es\",\"@id\":\"https:\\\/\\\/impactocastex.com.ar\\\/#\\\/schema\\\/logo\\\/image\\\/\",\"url\":\"https:\\\/\\\/impactocastex.com.ar\\\/wp-content\\\/uploads\\\/2025\\\/09\\\/cropped-icoweb.png\",\"contentUrl\":\"https:\\\/\\\/impactocastex.com.ar\\\/wp-content\\\/uploads\\\/2025\\\/09\\\/cropped-icoweb.png\",\"width\":512,\"height\":512,\"caption\":\"Impacto Castex\"},\"image\":{\"@id\":\"https:\\\/\\\/impactocastex.com.ar\\\/#\\\/schema\\\/logo\\\/image\\\/\"},\"sameAs\":[\"https:\\\/\\\/www.facebook.com\\\/impactocastexdiario\",\"https:\\\/\\\/www.instagram.com\\\/impactocastex.com.ar\\\/\"]},{\"@type\":\"Person\",\"@id\":\"https:\\\/\\\/impactocastex.com.ar\\\/#\\\/schema\\\/person\\\/86cb4f827fb5f87869a239b98a69c6e3\",\"name\":\"impactocastex\",\"image\":{\"@type\":\"ImageObject\",\"inLanguage\":\"es\",\"@id\":\"https:\\\/\\\/secure.gravatar.com\\\/avatar\\\/9a87ee051ca8c77f5d4070843ce2c78cdf95b858b950fb039151de955122f5f5?s=96&d=mm&r=g\",\"url\":\"https:\\\/\\\/secure.gravatar.com\\\/avatar\\\/9a87ee051ca8c77f5d4070843ce2c78cdf95b858b950fb039151de955122f5f5?s=96&d=mm&r=g\",\"contentUrl\":\"https:\\\/\\\/secure.gravatar.com\\\/avatar\\\/9a87ee051ca8c77f5d4070843ce2c78cdf95b858b950fb039151de955122f5f5?s=96&d=mm&r=g\",\"caption\":\"impactocastex\"},\"sameAs\":[\"https:\\\/\\\/impactocastex.com.ar\"],\"url\":\"https:\\\/\\\/impactocastex.com.ar\\\/?author=1\"}]}<\/script>\n<!-- \/ Yoast SEO plugin. -->","yoast_head_json":{"title":"Jorge Macri habl\u00f3 de \u201cdesgobierno\u201d en la Provincia y el oficialismo bonaerense sali\u00f3 al cruce -","robots":{"index":"index","follow":"follow","max-snippet":"max-snippet:-1","max-image-preview":"max-image-preview:large","max-video-preview":"max-video-preview:-1"},"canonical":"https:\/\/impactocastex.com.ar\/?p=16636","og_locale":"es_ES","og_type":"article","og_title":"Jorge Macri habl\u00f3 de \u201cdesgobierno\u201d en la Provincia y el oficialismo bonaerense sali\u00f3 al cruce -","og_description":"Jorge Macri calific\u00f3 a la Provincia de Buenos Aires como un \u201cdesgobierno\u201d y apunt\u00f3 contra...","og_url":"https:\/\/impactocastex.com.ar\/?p=16636","article_publisher":"https:\/\/www.facebook.com\/impactocastexdiario","article_published_time":"2026-04-28T06:25:42+00:00","og_image":[{"url":"https:\/\/www.clarin.com\/img\/2026\/04\/28\/pAsP7E5Mf_2000x1500__1.jpg","type":"","width":"","height":""}],"author":"impactocastex","twitter_card":"summary_large_image","twitter_misc":{"Escrito por":"impactocastex","Tiempo de lectura":"2 minutos"},"schema":{"@context":"https:\/\/schema.org","@graph":[{"@type":"Article","@id":"https:\/\/impactocastex.com.ar\/?p=16636#article","isPartOf":{"@id":"https:\/\/impactocastex.com.ar\/?p=16636"},"author":{"name":"impactocastex","@id":"https:\/\/impactocastex.com.ar\/#\/schema\/person\/86cb4f827fb5f87869a239b98a69c6e3"},"headline":"Jorge Macri habl\u00f3 de \u201cdesgobierno\u201d en la Provincia y el oficialismo bonaerense sali\u00f3 al cruce","datePublished":"2026-04-28T06:25:42+00:00","mainEntityOfPage":{"@id":"https:\/\/impactocastex.com.ar\/?p=16636"},"wordCount":344,"publisher":{"@id":"https:\/\/impactocastex.com.ar\/#organization"},"image":{"@id":"https:\/\/impactocastex.com.ar\/?p=16636#primaryimage"},"thumbnailUrl":"https:\/\/impactocastex.com.ar\/wp-content\/uploads\/2026\/04\/pAsP7E5Mf_1200x630__1-5B7DEG.jpg","articleSection":["POLITICA"],"inLanguage":"es"},{"@type":"WebPage","@id":"https:\/\/impactocastex.com.ar\/?p=16636","url":"https:\/\/impactocastex.com.ar\/?p=16636","name":"Jorge Macri habl\u00f3 de \u201cdesgobierno\u201d en la Provincia y el oficialismo bonaerense sali\u00f3 al cruce -","isPartOf":{"@id":"https:\/\/impactocastex.com.ar\/#website"},"primaryImageOfPage":{"@id":"https:\/\/impactocastex.com.ar\/?p=16636#primaryimage"},"image":{"@id":"https:\/\/impactocastex.com.ar\/?p=16636#primaryimage"},"thumbnailUrl":"https:\/\/impactocastex.com.ar\/wp-content\/uploads\/2026\/04\/pAsP7E5Mf_1200x630__1-5B7DEG.jpg","datePublished":"2026-04-28T06:25:42+00:00","breadcrumb":{"@id":"https:\/\/impactocastex.com.ar\/?p=16636#breadcrumb"},"inLanguage":"es","potentialAction":[{"@type":"ReadAction","target":["https:\/\/impactocastex.com.ar\/?p=16636"]}]},{"@type":"ImageObject","inLanguage":"es","@id":"https:\/\/impactocastex.com.ar\/?p=16636#primaryimage","url":"https:\/\/impactocastex.com.ar\/wp-content\/uploads\/2026\/04\/pAsP7E5Mf_1200x630__1-5B7DEG.jpg","contentUrl":"https:\/\/impactocastex.com.ar\/wp-content\/uploads\/2026\/04\/pAsP7E5Mf_1200x630__1-5B7DEG.jpg","width":1200,"height":630},{"@type":"BreadcrumbList","@id":"https:\/\/impactocastex.com.ar\/?p=16636#breadcrumb","itemListElement":[{"@type":"ListItem","position":1,"name":"Portada","item":"https:\/\/impactocastex.com.ar\/"},{"@type":"ListItem","position":2,"name":"Jorge Macri habl\u00f3 de \u201cdesgobierno\u201d en la Provincia y el oficialismo bonaerense sali\u00f3 al cruce"}]},{"@type":"WebSite","@id":"https:\/\/impactocastex.com.ar\/#website","url":"https:\/\/impactocastex.com.ar\/","name":"Impacto Castex","description":"","publisher":{"@id":"https:\/\/impactocastex.com.ar\/#organization"},"potentialAction":[{"@type":"SearchAction","target":{"@type":"EntryPoint","urlTemplate":"https:\/\/impactocastex.com.ar\/?s={search_term_string}"},"query-input":{"@type":"PropertyValueSpecification","valueRequired":true,"valueName":"search_term_string"}}],"inLanguage":"es"},{"@type":"Organization","@id":"https:\/\/impactocastex.com.ar\/#organization","name":"Impacto Castex","url":"https:\/\/impactocastex.com.ar\/","logo":{"@type":"ImageObject","inLanguage":"es","@id":"https:\/\/impactocastex.com.ar\/#\/schema\/logo\/image\/","url":"https:\/\/impactocastex.com.ar\/wp-content\/uploads\/2025\/09\/cropped-icoweb.png","contentUrl":"https:\/\/impactocastex.com.ar\/wp-content\/uploads\/2025\/09\/cropped-icoweb.png","width":512,"height":512,"caption":"Impacto Castex"},"image":{"@id":"https:\/\/impactocastex.com.ar\/#\/schema\/logo\/image\/"},"sameAs":["https:\/\/www.facebook.com\/impactocastexdiario","https:\/\/www.instagram.com\/impactocastex.com.ar\/"]},{"@type":"Person","@id":"https:\/\/impactocastex.com.ar\/#\/schema\/person\/86cb4f827fb5f87869a239b98a69c6e3","name":"impactocastex","image":{"@type":"ImageObject","inLanguage":"es","@id":"https:\/\/secure.gravatar.com\/avatar\/9a87ee051ca8c77f5d4070843ce2c78cdf95b858b950fb039151de955122f5f5?s=96&d=mm&r=g","url":"https:\/\/secure.gravatar.com\/avatar\/9a87ee051ca8c77f5d4070843ce2c78cdf95b858b950fb039151de955122f5f5?s=96&d=mm&r=g","contentUrl":"https:\/\/secure.gravatar.com\/avatar\/9a87ee051ca8c77f5d4070843ce2c78cdf95b858b950fb039151de955122f5f5?s=96&d=mm&r=g","caption":"impactocastex"},"sameAs":["https:\/\/impactocastex.com.ar"],"url":"https:\/\/impactocastex.com.ar\/?author=1"}]}},"jetpack_publicize_connections":[],"featured_image_urls":{"full":["https:\/\/impactocastex.com.ar\/wp-content\/uploads\/2026\/04\/pAsP7E5Mf_1200x630__1-5B7DEG.jpg",1200,630,false],"thumbnail":["https:\/\/impactocastex.com.ar\/wp-content\/uploads\/2026\/04\/pAsP7E5Mf_1200x630__1-5B7DEG-150x150.jpg",150,150,true],"medium":["https:\/\/impactocastex.com.ar\/wp-content\/uploads\/2026\/04\/pAsP7E5Mf_1200x630__1-5B7DEG-300x158.jpg",300,158,true],"medium_large":["https:\/\/impactocastex.com.ar\/wp-content\/uploads\/2026\/04\/pAsP7E5Mf_1200x630__1-5B7DEG-768x403.jpg",640,336,true],"large":["https:\/\/impactocastex.com.ar\/wp-content\/uploads\/2026\/04\/pAsP7E5Mf_1200x630__1-5B7DEG-1024x538.jpg",640,336,true],"1536x1536":["https:\/\/impactocastex.com.ar\/wp-content\/uploads\/2026\/04\/pAsP7E5Mf_1200x630__1-5B7DEG.jpg",1200,630,false],"2048x2048":["https:\/\/impactocastex.com.ar\/wp-content\/uploads\/2026\/04\/pAsP7E5Mf_1200x630__1-5B7DEG.jpg",1200,630,false],"newsever-slider-full":["https:\/\/impactocastex.com.ar\/wp-content\/uploads\/2026\/04\/pAsP7E5Mf_1200x630__1-5B7DEG.jpg",1200,630,false],"newsever-featured":["https:\/\/impactocastex.com.ar\/wp-content\/uploads\/2026\/04\/pAsP7E5Mf_1200x630__1-5B7DEG-1024x538.jpg",1024,538,true],"newsever-medium":["https:\/\/impactocastex.com.ar\/wp-content\/uploads\/2026\/04\/pAsP7E5Mf_1200x630__1-5B7DEG-720x475.jpg",720,475,true]},"author_info":{"info":["impactocastex"]},"category_info":"<a href=\"https:\/\/impactocastex.com.ar\/?cat=122\" rel=\"category\">POLITICA<\/a>","tag_info":"POLITICA","comment_count":0,"jetpack_featured_media_url":"https:\/\/impactocastex.com.ar\/wp-content\/uploads\/2026\/04\/pAsP7E5Mf_1200x630__1-5B7DEG.jpg","jetpack_sharing_enabled":true,"jetpack_likes_enabled":true,"jetpack_shortlink":"https:\/\/wp.me\/p7sopA-4kk","_links":{"self":[{"href":"https:\/\/impactocastex.com.ar\/index.php?rest_route=\/wp\/v2\/posts\/16636","targetHints":{"allow":["GET"]}}],"collection":[{"href":"https:\/\/impactocastex.com.ar\/index.php?rest_route=\/wp\/v2\/posts"}],"about":[{"href":"https:\/\/impactocastex.com.ar\/index.php?rest_route=\/wp\/v2\/types\/post"}],"author":[{"embeddable":true,"href":"https:\/\/impactocastex.com.ar\/index.php?rest_route=\/wp\/v2\/users\/1"}],"replies":[{"embeddable":true,"href":"https:\/\/impactocastex.com.ar\/index.php?rest_route=%2Fwp%2Fv2%2Fcomments&post=16636"}],"version-history":[{"count":0,"href":"https:\/\/impactocastex.com.ar\/index.php?rest_route=\/wp\/v2\/posts\/16636\/revisions"}],"wp:featuredmedia":[{"embeddable":true,"href":"https:\/\/impactocastex.com.ar\/index.php?rest_route=\/wp\/v2\/media\/16637"}],"wp:attachment":[{"href":"https:\/\/impactocastex.com.ar\/index.php?rest_route=%2Fwp%2Fv2%2Fmedia&parent=16636"}],"wp:term":[{"taxonomy":"category","embeddable":true,"href":"https:\/\/impactocastex.com.ar\/index.php?rest_route=%2Fwp%2Fv2%2Fcategories&post=16636"},{"taxonomy":"post_tag","embeddable":true,"href":"https:\/\/impactocastex.com.ar\/index.php?rest_route=%2Fwp%2Fv2%2Ftags&post=16636"}],"curies":[{"name":"wp","href":"https:\/\/api.w.org\/{rel}","templated":true}]}}