{"id":16630,"date":"2026-04-27T19:01:27","date_gmt":"2026-04-27T22:01:27","guid":{"rendered":"https:\/\/impactocastex.com.ar\/?p=16630"},"modified":"2026-04-27T19:01:27","modified_gmt":"2026-04-27T22:01:27","slug":"lo-ataques-con-explosivos-agitan-colombia-a-poco-mas-de-un-mes-de-la-eleccion-presidencial","status":"publish","type":"post","link":"https:\/\/impactocastex.com.ar\/?p=16630","title":{"rendered":"Lo ataques con explosivos agitan Colombia, a poco m\u00e1s de un mes de la elecci\u00f3n presidencial"},"content":{"rendered":"<div><img decoding=\"async\" src=\"https:\/\/www.clarin.com\/img\/2026\/04\/27\/3Lle-XoqG_2000x1500__1.jpg\" class=\"ff-og-image-inserted\" \/><\/div>\n<div>\n<p>Varios ataques con explosivos ocurridos el fin de semana en Colombia <strong>han avivado la preocupaci\u00f3n por la escalada de la violencia <\/strong>mientras el pa\u00eds se alista para celebrar elecciones presidenciales.<\/p>\n<\/div>\n<div>\n<p>El m\u00e1s letal se registr\u00f3 el s\u00e1bado cuando deton\u00f3 una bomba en una carretera en el departamento de Cauca, al suroeste del pa\u00eds. <strong>Al menos 21 civiles murieron y m\u00e1s de 50 resultaron heridos,<\/strong> seg\u00fan el \u00faltimo balance del Ministerio de Defensa, en el atentado presuntamente perpetrado por la disidencia Estado Mayor Central de la extinta guerrilla Fuerzas Armadas Revolucionarias de Colombia (FARC) que no se acogi\u00f3 al acuerdo de paz firmado en 2016.<\/p>\n<\/div>\n<div>\n<p>La violencia en esa regi\u00f3n del pa\u00eds no es nueva,<strong> los grupos ilegales han tratado de controlar la zona<\/strong> por d\u00e9cadas por considerarla estrat\u00e9gica para il\u00edcitos como la miner\u00eda ilegal y el narcotr\u00e1fico, que incluye los sembrad\u00edos de hoja de coca, la materia prima de la coca\u00edna.<\/p>\n<\/div>\n<div>\n<p>El gobierno de Gustavo Petro, el primer presidente de centroizquierda en el pa\u00eds, ha intentado controlar la regi\u00f3n con operativos militares y <strong>disminuir la violencia con su pol\u00edtica de \u201cpaz total\u201d<\/strong>, incluido un di\u00e1logo con el Estado Mayor Central que fue abandonado por la mayor\u00eda de sus integrantes en 2024.<\/p>\n<\/div>\n<div>\n<p>\u201cEs una ola de ataques que <strong>viene desde hace unos dos a\u00f1os<\/strong>, en un aumento de presi\u00f3n por parte del Estado Mayor Central por medio de ataques de tipo terrorista hacia la fuerza p\u00fablica&#8230; una estrategia sistem\u00e1tica\u201d, dijo a The Associated Press Elizabeth Dickinson, analista senior del International Crisis Group.<\/p>\n<\/div>\n<div>\n<p>Las autoridades de seguridad colombianas <strong>cifraron en 26 los atentados en esa zona durante los \u00faltimos d\u00edas.<\/strong><\/p>\n<\/div>\n<div>\n<p>Los ataques suelen ser contra las fuerzas de seguridad en zonas urbanas y rurales, pero a veces terminan por afectar a civiles como el del s\u00e1bado, generando <strong>un especial rechazo por parte de la sociedad y de organismos internacionales.<\/strong><\/p>\n<\/div>\n<div>\n<p>En ese ataque un artefacto explosivo deton\u00f3 al paso de un autob\u00fas que circulaba sobre la v\u00eda Panamericana en el sector El T\u00fanel, en Cajib\u00edo, departamento del Cauca. Entre los heridos hay varios ni\u00f1os.<\/p>\n<\/div>\n<div>\n<p><strong>\u201cQuiero la m\u00e1xima persecuci\u00f3n mundial contra este grupo narcoterrorista\u201d<\/strong>, escribi\u00f3 el s\u00e1bado Petro en X. A\u00f1adi\u00f3 que se dispondr\u00e1 de \u201clos mejores soldados para enfrentarlos\u201d y pidi\u00f3 a la unidad de an\u00e1lisis financiero actuar sobre sus finanzas. Dickinson asegur\u00f3 que las fuerzas militares han intentado recuperar el control territorial en el suroeste \u201ccent\u00edmetro a cent\u00edmetro\u201d, pero no han logrado consolidarlo, especialmente por el \u201calto nivel de control social que manejan los grupos en esta zona del Cauca\u201d al utilizar a los civiles como \u201cescudos humanos\u201d.<\/p>\n<\/div>\n<div>\n<p>Los ataques <strong>han sacudido tanto al gobierno como a los candidatos presidenciales<\/strong>, que se han pronunciado sobre la estrategia de seguridad.<\/p>\n<\/div>\n<div>\n<p>\u201cCreo que los ataques contribuyen a agravar el malestar generalizado con la situaci\u00f3n de seguridad en Colombia. Sin embargo, <strong>tanto el gobierno como la oposici\u00f3n <\/strong>los utilizar\u00e1n para convencer a los votantes de que sus propuestas pol\u00edticas son favorables\u201d, dijo a AP Sergio Guzm\u00e1n, analista de riesgo pol\u00edtico basado en Bogot\u00e1.<\/p>\n<\/div>\n<div>\n<p>El candidato oficialista Iv\u00e1n Cepeda, uno de los que encabeza las encuestas de intenci\u00f3n de voto, lament\u00f3 los ataques y cuestion\u00f3 que tuvieran lugar donde <strong>\u201cexiste un amplio respaldo ciudadano\u201d<\/strong> al gobierno, por lo que podr\u00edan haber buscado \u201cgenerar un clima de miedo que favorezca intereses de sectores de extrema derecha\u201d.<\/p>\n<\/div>\n<div>\n<p>En tanto, candidatos conservadores como Paloma Valencia y Abelardo de la Espriella<strong> cuestionaron la pol\u00edtica de \u201cpaz total<\/strong>\u201d del gobierno, al considerar que fracasaron las negociaciones con m\u00faltiples grupos armados ilegales y bandas criminales.<\/p>\n<\/div>\n<div>\n<p>Javier Garay, doctor en Ciencia Pol\u00edtica y docente de la Universidad Externado de Colombia, asegur\u00f3 a AP que en medio de la campa\u00f1a electoral se ha hecho un \u201cuso pol\u00edtico\u201d de los ataques.<\/p>\n<\/div>\n<div>\n<p>Para Guzm\u00e1n, la disidencia de las FARC puede pretender \u201cestablecer una posici\u00f3n ventajosa de cara al futuro\u201d mostrando que tiene la capacidad de realizar ataques letales y, en caso de luego declarar un alto el fuego, \u201c<strong>mostrar disciplina\u201d <\/strong>para que de le permita volver a negociar la paz.<\/p>\n<\/div>\n<p><strong><a href=\"https:\/\/blockads.fivefilters.org\/\">Adblock test<\/a><\/strong> <a href=\"https:\/\/blockads.fivefilters.org\/acceptable.html\">(Why?)<\/a><\/p>\n<p>\u200b\u00a0\u00a0<\/p>","protected":false},"excerpt":{"rendered":"<p>Varios ataques con explosivos ocurridos el fin de semana en Colombia han avivado la preocupaci\u00f3n&#8230;<\/p>\n","protected":false},"author":1,"featured_media":16631,"comment_status":"closed","ping_status":"closed","sticky":false,"template":"","format":"standard","meta":{"_jetpack_memberships_contains_paid_content":false,"footnotes":"","jetpack_publicize_message":"","jetpack_publicize_feature_enabled":true,"jetpack_social_post_already_shared":true,"jetpack_social_options":{"image_generator_settings":{"template":"highway","default_image_id":0,"font":"","enabled":false},"version":2}},"categories":[91],"tags":[],"class_list":["post-16630","post","type-post","status-publish","format-standard","has-post-thumbnail","hentry","category-internacionales"],"yoast_head":"<!-- This site is optimized with the Yoast SEO plugin v27.4 - https:\/\/yoast.com\/product\/yoast-seo-wordpress\/ -->\n<title>Lo ataques con explosivos agitan Colombia, a poco m\u00e1s de un mes de la elecci\u00f3n presidencial -<\/title>\n<meta name=\"robots\" content=\"index, follow, max-snippet:-1, max-image-preview:large, max-video-preview:-1\" \/>\n<link rel=\"canonical\" href=\"https:\/\/impactocastex.com.ar\/?p=16630\" \/>\n<meta property=\"og:locale\" content=\"es_ES\" \/>\n<meta property=\"og:type\" content=\"article\" \/>\n<meta property=\"og:title\" content=\"Lo ataques con explosivos agitan Colombia, a poco m\u00e1s de un mes de la elecci\u00f3n presidencial -\" \/>\n<meta property=\"og:description\" content=\"Varios ataques con explosivos ocurridos el fin de semana en Colombia han avivado la preocupaci\u00f3n...\" \/>\n<meta property=\"og:url\" content=\"https:\/\/impactocastex.com.ar\/?p=16630\" \/>\n<meta property=\"article:publisher\" content=\"https:\/\/www.facebook.com\/impactocastexdiario\" \/>\n<meta property=\"article:published_time\" content=\"2026-04-27T22:01:27+00:00\" \/>\n<meta property=\"og:image\" content=\"https:\/\/www.clarin.com\/img\/2026\/04\/27\/3Lle-XoqG_2000x1500__1.jpg\" \/>\n<meta name=\"author\" content=\"impactocastex\" \/>\n<meta name=\"twitter:card\" content=\"summary_large_image\" \/>\n<meta name=\"twitter:label1\" content=\"Escrito por\" \/>\n\t<meta name=\"twitter:data1\" content=\"impactocastex\" \/>\n\t<meta name=\"twitter:label2\" content=\"Tiempo de lectura\" \/>\n\t<meta name=\"twitter:data2\" content=\"4 minutos\" \/>\n<script type=\"application\/ld+json\" class=\"yoast-schema-graph\">{\"@context\":\"https:\\\/\\\/schema.org\",\"@graph\":[{\"@type\":\"Article\",\"@id\":\"https:\\\/\\\/impactocastex.com.ar\\\/?p=16630#article\",\"isPartOf\":{\"@id\":\"https:\\\/\\\/impactocastex.com.ar\\\/?p=16630\"},\"author\":{\"name\":\"impactocastex\",\"@id\":\"https:\\\/\\\/impactocastex.com.ar\\\/#\\\/schema\\\/person\\\/86cb4f827fb5f87869a239b98a69c6e3\"},\"headline\":\"Lo ataques con explosivos agitan Colombia, a poco m\u00e1s de un mes de la elecci\u00f3n presidencial\",\"datePublished\":\"2026-04-27T22:01:27+00:00\",\"mainEntityOfPage\":{\"@id\":\"https:\\\/\\\/impactocastex.com.ar\\\/?p=16630\"},\"wordCount\":735,\"publisher\":{\"@id\":\"https:\\\/\\\/impactocastex.com.ar\\\/#organization\"},\"image\":{\"@id\":\"https:\\\/\\\/impactocastex.com.ar\\\/?p=16630#primaryimage\"},\"thumbnailUrl\":\"https:\\\/\\\/impactocastex.com.ar\\\/wp-content\\\/uploads\\\/2026\\\/04\\\/3Lle-XoqG_1200x630__1-AMEk6x.jpg\",\"articleSection\":[\"INTERNACIONALES\"],\"inLanguage\":\"es\"},{\"@type\":\"WebPage\",\"@id\":\"https:\\\/\\\/impactocastex.com.ar\\\/?p=16630\",\"url\":\"https:\\\/\\\/impactocastex.com.ar\\\/?p=16630\",\"name\":\"Lo ataques con explosivos agitan Colombia, a poco m\u00e1s de un mes de la elecci\u00f3n presidencial -\",\"isPartOf\":{\"@id\":\"https:\\\/\\\/impactocastex.com.ar\\\/#website\"},\"primaryImageOfPage\":{\"@id\":\"https:\\\/\\\/impactocastex.com.ar\\\/?p=16630#primaryimage\"},\"image\":{\"@id\":\"https:\\\/\\\/impactocastex.com.ar\\\/?p=16630#primaryimage\"},\"thumbnailUrl\":\"https:\\\/\\\/impactocastex.com.ar\\\/wp-content\\\/uploads\\\/2026\\\/04\\\/3Lle-XoqG_1200x630__1-AMEk6x.jpg\",\"datePublished\":\"2026-04-27T22:01:27+00:00\",\"breadcrumb\":{\"@id\":\"https:\\\/\\\/impactocastex.com.ar\\\/?p=16630#breadcrumb\"},\"inLanguage\":\"es\",\"potentialAction\":[{\"@type\":\"ReadAction\",\"target\":[\"https:\\\/\\\/impactocastex.com.ar\\\/?p=16630\"]}]},{\"@type\":\"ImageObject\",\"inLanguage\":\"es\",\"@id\":\"https:\\\/\\\/impactocastex.com.ar\\\/?p=16630#primaryimage\",\"url\":\"https:\\\/\\\/impactocastex.com.ar\\\/wp-content\\\/uploads\\\/2026\\\/04\\\/3Lle-XoqG_1200x630__1-AMEk6x.jpg\",\"contentUrl\":\"https:\\\/\\\/impactocastex.com.ar\\\/wp-content\\\/uploads\\\/2026\\\/04\\\/3Lle-XoqG_1200x630__1-AMEk6x.jpg\",\"width\":1200,\"height\":630},{\"@type\":\"BreadcrumbList\",\"@id\":\"https:\\\/\\\/impactocastex.com.ar\\\/?p=16630#breadcrumb\",\"itemListElement\":[{\"@type\":\"ListItem\",\"position\":1,\"name\":\"Portada\",\"item\":\"https:\\\/\\\/impactocastex.com.ar\\\/\"},{\"@type\":\"ListItem\",\"position\":2,\"name\":\"Lo ataques con explosivos agitan Colombia, a poco m\u00e1s de un mes de la elecci\u00f3n presidencial\"}]},{\"@type\":\"WebSite\",\"@id\":\"https:\\\/\\\/impactocastex.com.ar\\\/#website\",\"url\":\"https:\\\/\\\/impactocastex.com.ar\\\/\",\"name\":\"Impacto Castex\",\"description\":\"\",\"publisher\":{\"@id\":\"https:\\\/\\\/impactocastex.com.ar\\\/#organization\"},\"potentialAction\":[{\"@type\":\"SearchAction\",\"target\":{\"@type\":\"EntryPoint\",\"urlTemplate\":\"https:\\\/\\\/impactocastex.com.ar\\\/?s={search_term_string}\"},\"query-input\":{\"@type\":\"PropertyValueSpecification\",\"valueRequired\":true,\"valueName\":\"search_term_string\"}}],\"inLanguage\":\"es\"},{\"@type\":\"Organization\",\"@id\":\"https:\\\/\\\/impactocastex.com.ar\\\/#organization\",\"name\":\"Impacto Castex\",\"url\":\"https:\\\/\\\/impactocastex.com.ar\\\/\",\"logo\":{\"@type\":\"ImageObject\",\"inLanguage\":\"es\",\"@id\":\"https:\\\/\\\/impactocastex.com.ar\\\/#\\\/schema\\\/logo\\\/image\\\/\",\"url\":\"https:\\\/\\\/impactocastex.com.ar\\\/wp-content\\\/uploads\\\/2025\\\/09\\\/cropped-icoweb.png\",\"contentUrl\":\"https:\\\/\\\/impactocastex.com.ar\\\/wp-content\\\/uploads\\\/2025\\\/09\\\/cropped-icoweb.png\",\"width\":512,\"height\":512,\"caption\":\"Impacto Castex\"},\"image\":{\"@id\":\"https:\\\/\\\/impactocastex.com.ar\\\/#\\\/schema\\\/logo\\\/image\\\/\"},\"sameAs\":[\"https:\\\/\\\/www.facebook.com\\\/impactocastexdiario\",\"https:\\\/\\\/www.instagram.com\\\/impactocastex.com.ar\\\/\"]},{\"@type\":\"Person\",\"@id\":\"https:\\\/\\\/impactocastex.com.ar\\\/#\\\/schema\\\/person\\\/86cb4f827fb5f87869a239b98a69c6e3\",\"name\":\"impactocastex\",\"image\":{\"@type\":\"ImageObject\",\"inLanguage\":\"es\",\"@id\":\"https:\\\/\\\/secure.gravatar.com\\\/avatar\\\/9a87ee051ca8c77f5d4070843ce2c78cdf95b858b950fb039151de955122f5f5?s=96&d=mm&r=g\",\"url\":\"https:\\\/\\\/secure.gravatar.com\\\/avatar\\\/9a87ee051ca8c77f5d4070843ce2c78cdf95b858b950fb039151de955122f5f5?s=96&d=mm&r=g\",\"contentUrl\":\"https:\\\/\\\/secure.gravatar.com\\\/avatar\\\/9a87ee051ca8c77f5d4070843ce2c78cdf95b858b950fb039151de955122f5f5?s=96&d=mm&r=g\",\"caption\":\"impactocastex\"},\"sameAs\":[\"https:\\\/\\\/impactocastex.com.ar\"],\"url\":\"https:\\\/\\\/impactocastex.com.ar\\\/?author=1\"}]}<\/script>\n<!-- \/ Yoast SEO plugin. -->","yoast_head_json":{"title":"Lo ataques con explosivos agitan Colombia, a poco m\u00e1s de un mes de la elecci\u00f3n presidencial -","robots":{"index":"index","follow":"follow","max-snippet":"max-snippet:-1","max-image-preview":"max-image-preview:large","max-video-preview":"max-video-preview:-1"},"canonical":"https:\/\/impactocastex.com.ar\/?p=16630","og_locale":"es_ES","og_type":"article","og_title":"Lo ataques con explosivos agitan Colombia, a poco m\u00e1s de un mes de la elecci\u00f3n presidencial -","og_description":"Varios ataques con explosivos ocurridos el fin de semana en Colombia han avivado la preocupaci\u00f3n...","og_url":"https:\/\/impactocastex.com.ar\/?p=16630","article_publisher":"https:\/\/www.facebook.com\/impactocastexdiario","article_published_time":"2026-04-27T22:01:27+00:00","og_image":[{"url":"https:\/\/www.clarin.com\/img\/2026\/04\/27\/3Lle-XoqG_2000x1500__1.jpg","type":"","width":"","height":""}],"author":"impactocastex","twitter_card":"summary_large_image","twitter_misc":{"Escrito por":"impactocastex","Tiempo de lectura":"4 minutos"},"schema":{"@context":"https:\/\/schema.org","@graph":[{"@type":"Article","@id":"https:\/\/impactocastex.com.ar\/?p=16630#article","isPartOf":{"@id":"https:\/\/impactocastex.com.ar\/?p=16630"},"author":{"name":"impactocastex","@id":"https:\/\/impactocastex.com.ar\/#\/schema\/person\/86cb4f827fb5f87869a239b98a69c6e3"},"headline":"Lo ataques con explosivos agitan Colombia, a poco m\u00e1s de un mes de la elecci\u00f3n presidencial","datePublished":"2026-04-27T22:01:27+00:00","mainEntityOfPage":{"@id":"https:\/\/impactocastex.com.ar\/?p=16630"},"wordCount":735,"publisher":{"@id":"https:\/\/impactocastex.com.ar\/#organization"},"image":{"@id":"https:\/\/impactocastex.com.ar\/?p=16630#primaryimage"},"thumbnailUrl":"https:\/\/impactocastex.com.ar\/wp-content\/uploads\/2026\/04\/3Lle-XoqG_1200x630__1-AMEk6x.jpg","articleSection":["INTERNACIONALES"],"inLanguage":"es"},{"@type":"WebPage","@id":"https:\/\/impactocastex.com.ar\/?p=16630","url":"https:\/\/impactocastex.com.ar\/?p=16630","name":"Lo ataques con explosivos agitan Colombia, a poco m\u00e1s de un mes de la elecci\u00f3n presidencial -","isPartOf":{"@id":"https:\/\/impactocastex.com.ar\/#website"},"primaryImageOfPage":{"@id":"https:\/\/impactocastex.com.ar\/?p=16630#primaryimage"},"image":{"@id":"https:\/\/impactocastex.com.ar\/?p=16630#primaryimage"},"thumbnailUrl":"https:\/\/impactocastex.com.ar\/wp-content\/uploads\/2026\/04\/3Lle-XoqG_1200x630__1-AMEk6x.jpg","datePublished":"2026-04-27T22:01:27+00:00","breadcrumb":{"@id":"https:\/\/impactocastex.com.ar\/?p=16630#breadcrumb"},"inLanguage":"es","potentialAction":[{"@type":"ReadAction","target":["https:\/\/impactocastex.com.ar\/?p=16630"]}]},{"@type":"ImageObject","inLanguage":"es","@id":"https:\/\/impactocastex.com.ar\/?p=16630#primaryimage","url":"https:\/\/impactocastex.com.ar\/wp-content\/uploads\/2026\/04\/3Lle-XoqG_1200x630__1-AMEk6x.jpg","contentUrl":"https:\/\/impactocastex.com.ar\/wp-content\/uploads\/2026\/04\/3Lle-XoqG_1200x630__1-AMEk6x.jpg","width":1200,"height":630},{"@type":"BreadcrumbList","@id":"https:\/\/impactocastex.com.ar\/?p=16630#breadcrumb","itemListElement":[{"@type":"ListItem","position":1,"name":"Portada","item":"https:\/\/impactocastex.com.ar\/"},{"@type":"ListItem","position":2,"name":"Lo ataques con explosivos agitan Colombia, a poco m\u00e1s de un mes de la elecci\u00f3n presidencial"}]},{"@type":"WebSite","@id":"https:\/\/impactocastex.com.ar\/#website","url":"https:\/\/impactocastex.com.ar\/","name":"Impacto Castex","description":"","publisher":{"@id":"https:\/\/impactocastex.com.ar\/#organization"},"potentialAction":[{"@type":"SearchAction","target":{"@type":"EntryPoint","urlTemplate":"https:\/\/impactocastex.com.ar\/?s={search_term_string}"},"query-input":{"@type":"PropertyValueSpecification","valueRequired":true,"valueName":"search_term_string"}}],"inLanguage":"es"},{"@type":"Organization","@id":"https:\/\/impactocastex.com.ar\/#organization","name":"Impacto Castex","url":"https:\/\/impactocastex.com.ar\/","logo":{"@type":"ImageObject","inLanguage":"es","@id":"https:\/\/impactocastex.com.ar\/#\/schema\/logo\/image\/","url":"https:\/\/impactocastex.com.ar\/wp-content\/uploads\/2025\/09\/cropped-icoweb.png","contentUrl":"https:\/\/impactocastex.com.ar\/wp-content\/uploads\/2025\/09\/cropped-icoweb.png","width":512,"height":512,"caption":"Impacto Castex"},"image":{"@id":"https:\/\/impactocastex.com.ar\/#\/schema\/logo\/image\/"},"sameAs":["https:\/\/www.facebook.com\/impactocastexdiario","https:\/\/www.instagram.com\/impactocastex.com.ar\/"]},{"@type":"Person","@id":"https:\/\/impactocastex.com.ar\/#\/schema\/person\/86cb4f827fb5f87869a239b98a69c6e3","name":"impactocastex","image":{"@type":"ImageObject","inLanguage":"es","@id":"https:\/\/secure.gravatar.com\/avatar\/9a87ee051ca8c77f5d4070843ce2c78cdf95b858b950fb039151de955122f5f5?s=96&d=mm&r=g","url":"https:\/\/secure.gravatar.com\/avatar\/9a87ee051ca8c77f5d4070843ce2c78cdf95b858b950fb039151de955122f5f5?s=96&d=mm&r=g","contentUrl":"https:\/\/secure.gravatar.com\/avatar\/9a87ee051ca8c77f5d4070843ce2c78cdf95b858b950fb039151de955122f5f5?s=96&d=mm&r=g","caption":"impactocastex"},"sameAs":["https:\/\/impactocastex.com.ar"],"url":"https:\/\/impactocastex.com.ar\/?author=1"}]}},"jetpack_publicize_connections":[],"featured_image_urls":{"full":["https:\/\/impactocastex.com.ar\/wp-content\/uploads\/2026\/04\/3Lle-XoqG_1200x630__1-AMEk6x.jpg",1200,630,false],"thumbnail":["https:\/\/impactocastex.com.ar\/wp-content\/uploads\/2026\/04\/3Lle-XoqG_1200x630__1-AMEk6x-150x150.jpg",150,150,true],"medium":["https:\/\/impactocastex.com.ar\/wp-content\/uploads\/2026\/04\/3Lle-XoqG_1200x630__1-AMEk6x-300x158.jpg",300,158,true],"medium_large":["https:\/\/impactocastex.com.ar\/wp-content\/uploads\/2026\/04\/3Lle-XoqG_1200x630__1-AMEk6x-768x403.jpg",640,336,true],"large":["https:\/\/impactocastex.com.ar\/wp-content\/uploads\/2026\/04\/3Lle-XoqG_1200x630__1-AMEk6x-1024x538.jpg",640,336,true],"1536x1536":["https:\/\/impactocastex.com.ar\/wp-content\/uploads\/2026\/04\/3Lle-XoqG_1200x630__1-AMEk6x.jpg",1200,630,false],"2048x2048":["https:\/\/impactocastex.com.ar\/wp-content\/uploads\/2026\/04\/3Lle-XoqG_1200x630__1-AMEk6x.jpg",1200,630,false],"newsever-slider-full":["https:\/\/impactocastex.com.ar\/wp-content\/uploads\/2026\/04\/3Lle-XoqG_1200x630__1-AMEk6x.jpg",1200,630,false],"newsever-featured":["https:\/\/impactocastex.com.ar\/wp-content\/uploads\/2026\/04\/3Lle-XoqG_1200x630__1-AMEk6x-1024x538.jpg",1024,538,true],"newsever-medium":["https:\/\/impactocastex.com.ar\/wp-content\/uploads\/2026\/04\/3Lle-XoqG_1200x630__1-AMEk6x-720x475.jpg",720,475,true]},"author_info":{"info":["impactocastex"]},"category_info":"<a href=\"https:\/\/impactocastex.com.ar\/?cat=91\" rel=\"category\">INTERNACIONALES<\/a>","tag_info":"INTERNACIONALES","comment_count":0,"jetpack_featured_media_url":"https:\/\/impactocastex.com.ar\/wp-content\/uploads\/2026\/04\/3Lle-XoqG_1200x630__1-AMEk6x.jpg","jetpack_sharing_enabled":true,"jetpack_likes_enabled":true,"jetpack_shortlink":"https:\/\/wp.me\/p7sopA-4ke","_links":{"self":[{"href":"https:\/\/impactocastex.com.ar\/index.php?rest_route=\/wp\/v2\/posts\/16630","targetHints":{"allow":["GET"]}}],"collection":[{"href":"https:\/\/impactocastex.com.ar\/index.php?rest_route=\/wp\/v2\/posts"}],"about":[{"href":"https:\/\/impactocastex.com.ar\/index.php?rest_route=\/wp\/v2\/types\/post"}],"author":[{"embeddable":true,"href":"https:\/\/impactocastex.com.ar\/index.php?rest_route=\/wp\/v2\/users\/1"}],"replies":[{"embeddable":true,"href":"https:\/\/impactocastex.com.ar\/index.php?rest_route=%2Fwp%2Fv2%2Fcomments&post=16630"}],"version-history":[{"count":0,"href":"https:\/\/impactocastex.com.ar\/index.php?rest_route=\/wp\/v2\/posts\/16630\/revisions"}],"wp:featuredmedia":[{"embeddable":true,"href":"https:\/\/impactocastex.com.ar\/index.php?rest_route=\/wp\/v2\/media\/16631"}],"wp:attachment":[{"href":"https:\/\/impactocastex.com.ar\/index.php?rest_route=%2Fwp%2Fv2%2Fmedia&parent=16630"}],"wp:term":[{"taxonomy":"category","embeddable":true,"href":"https:\/\/impactocastex.com.ar\/index.php?rest_route=%2Fwp%2Fv2%2Fcategories&post=16630"},{"taxonomy":"post_tag","embeddable":true,"href":"https:\/\/impactocastex.com.ar\/index.php?rest_route=%2Fwp%2Fv2%2Ftags&post=16630"}],"curies":[{"name":"wp","href":"https:\/\/api.w.org\/{rel}","templated":true}]}}