{"id":16626,"date":"2026-04-28T01:11:53","date_gmt":"2026-04-28T04:11:53","guid":{"rendered":"https:\/\/impactocastex.com.ar\/?p=16626"},"modified":"2026-04-28T01:11:53","modified_gmt":"2026-04-28T04:11:53","slug":"vuelve-nueve-reinas-el-clasico-film-con-ricardo-darin-y-gaston-pauls-regresa-en-formato-serie-con-un-protagonista-de-la-casa-de-papel","status":"publish","type":"post","link":"https:\/\/impactocastex.com.ar\/?p=16626","title":{"rendered":"Vuelve Nueve reinas. El cl\u00e1sico film con Ricardo Dar\u00edn y Gast\u00f3n Pauls, regresa en formato serie con un protagonista de La casa de papel"},"content":{"rendered":"<p><a href=\"https:\/\/www.lanacion.com.ar\/conversaciones-de-domingo\/nueve-reinas-el-retrato-de-una-epoca-y-un-exito-inesperado-nid04032024\/\" target=\"_self\" rel=\"\" title=\"https:\/\/www.lanacion.com.ar\/conversaciones-de-domingo\/nueve-reinas-el-retrato-de-una-epoca-y-un-exito-inesperado-nid04032024\/\">Cuando <i>Nueve reinas<\/i> lleg\u00f3 a los cines argentinos en agosto del a\u00f1o 2000, nadie pod\u00eda anticipar el verdadero fen\u00f3meno que se avecinaba. <\/a>La pel\u00edcula dirigida por <b>Fabi\u00e1n Bielinsky<\/b> y protagonizada por <b>Ricardo Dar\u00edn<\/b>,<b> Gast\u00f3n Pauls <\/b>y<b> Leticia Br\u00e9dice<\/b>, no solo fue un \u00e9xito inmenso en materia de taquilla, sino que recibi\u00f3 numerosos premios y marc\u00f3 el inicio de un romance del p\u00fablico con ese film, que a\u00fan hoy perdura. Y por ese motivo es que no sorprende, que el paso del tiempo mantenga vivo este relato, que ahora llegar\u00e1 en formato de miniserie. <\/p>\n<p><b>Seg\u00fan anunci\u00f3 la cuenta de Netflix en Espa\u00f1a, hoy comenz\u00f3 la producci\u00f3n de <\/b><i><b>Nueve reinas<\/b><\/i><b>, una serie que adaptar\u00e1 la conocida historia de los dos estafadores de guante blanco, que llevan adelante un ardid para venderle unas cotizadas estampillas a un coleccionista de renombre.<\/b> Lejos de Buenos Aires, esta vez la acci\u00f3n se situar\u00e1 en Madrid. Y en el medio de la historia, los protagonistas se abrir\u00e1n paso en medio de una jungla en la que aparecer\u00e1 toda una fauna de delincuentes, quienes lejos de usar la violencia o las armas, hacen de la mentira y la actuaci\u00f3n su verdadero arsenal. <\/p>\n<p>El brev\u00edsimo avance, apenas replica un plano del film original, en el que los dos los ladrones se encuentran con las cotizadas estampillas. <b>La otra gran sorpresa, por fuera de este anuncio, fue la decisi\u00f3n de casting que pone a \u00c1lvaro Morte en la piel del ladr\u00f3n compuesto por Dar\u00edn. <\/b><a href=\"https:\/\/www.lanacion.com.ar\/espectaculos\/series-de-tv\/netflix-la-casa-de-papel-5-teorias-certezas-y-nuevos-proyectos-para-el-final-de-la-exitosa-serie-nid03122021\/\" target=\"_self\" rel=\"\" title=\"https:\/\/www.lanacion.com.ar\/espectaculos\/series-de-tv\/netflix-la-casa-de-papel-5-teorias-certezas-y-nuevos-proyectos-para-el-final-de-la-exitosa-serie-nid03122021\/\">Morte es un nombre de gran popularidad a nivel mundial, luego de su protag\u00f3nico en <i>La casa de papel<\/i>, en donde compon\u00eda a El Profesor. <\/a><\/p>\n<p><img loading=\"lazy\" decoding=\"async\" src=\"https:\/\/resizer.glanacion.com\/resizer\/v2\/2QRPALTQ6RE3TMSFZ5LKWUVYEU.jpg?auth=ad973d666efd6aa07a9a99fb080b5cac5da06b2073544e5454aeb71ea73716da&amp;smart=true&amp;width=4000&amp;height=2667\" alt=\"En la nueva Nueve reinas, Alvaro Morte har\u00e1 el papel que inmortaliz\u00f3 Ricardo Dar\u00edn.\" height=\"2667\" width=\"4000\" \/><\/p>\n<p>Con respecto al rol interpretado por Gast\u00f3n Pauls, el mismo fue a parar a manos de <b>Patrick Criado<\/b>, un actor principalmente reconocido por su trabajo en las series <i>Antidisturbios<\/i> y <i>Las noches de Tef\u00eda<\/i>, como as\u00ed tambi\u00e9n ser\u00e1 parte de la pr\u00f3xima pel\u00edcula de <b>Pedro Almod\u00f3var<\/b>, <i>Amarga Navidad<\/i>. Por otra lado, Criado coincidi\u00f3 con Morte en <i>El casa de papel<\/i>, en donde actu\u00f3 durante la quinta temporada en la piel de Rafael. <\/p>\n<p>Por el momento, se desconoce por completo cu\u00e1ntos episodios tendr\u00e1 la temporada, o si incluso se tratar\u00e1 de una miniserie o de una serie abierta. Teniendo en cuenta que se trata de una historia en varios episodios, es un hecho que la trama se estirar\u00e1 notablemente, y que deber\u00e1 presentar numerosos personajes nuevos y situaciones, que justifiquen la expansi\u00f3n de este apasionante universo que cre\u00f3 Bielinsky hace m\u00e1s de veinticinco a\u00f1os. La fecha de estreno, se estima que deber\u00eda ser el transcurso del 2027.<\/p>\n<p>Esta no es la primera vez que <i>Nueve reinas<\/i> desembarca en otro pa\u00eds. En el a\u00f1o 2004, el director <b>Gregory Jacobs<\/b> llev\u00f3 adelante <i>Criminal<\/i>, una remake protagonizada por <b>John C. Reilly<\/b> y <b>Diego Luna<\/b>, cuyos resultados estuvieron muy lejos de la perfecci\u00f3n demostrada por Bielinsky en el film original. Esa reversi\u00f3n dej\u00f3 un muy mal sabor de boca, que ojal\u00e1 se pueda corregir con esta versi\u00f3n espa\u00f1ola que ahora produce Netflix.<\/p>\n<p><a href=\"https:\/\/www.lanacion.com.ar\/espectaculos\/cine\/como-es-nueve-auras-el-documental-que-cuenta-la-historia-detras-de-dos-de-las-peliculas-mas-nid03092025\/\" target=\"_self\" rel=\"\" title=\"https:\/\/www.lanacion.com.ar\/espectaculos\/cine\/como-es-nueve-auras-el-documental-que-cuenta-la-historia-detras-de-dos-de-las-peliculas-mas-nid03092025\/\">Por otra parte, en el transcurso del 2025 se estren\u00f3 en<b> HBO Max<\/b> el film Nueve auras,<\/a> un documental protagonizado por Dar\u00edn, Pauls, Br\u00e9dice y otros tantos actores y actrices que trabajaron para Bielinksy en sus dos pel\u00edculas,<i> Nueve Reinas<\/i> y<i> El aura<\/i>. En ese imperdible film, se plantea un repaso por la breve obra de ese realizador, y la meticulosidad con la que trabaj\u00f3 esos dos proyectos, antes de su temprana muerte a los 47 a\u00f1os. <\/p>\n<p>\u200bLa obra maestra dirigida por Fabi\u00e1n Bielinksy tendr\u00e1 una nueva versi\u00f3n realizada en Espa\u00f1a\u00a0\u00a0<\/p>","protected":false},"excerpt":{"rendered":"<p>Cuando Nueve reinas lleg\u00f3 a los cines argentinos en agosto del a\u00f1o 2000, nadie pod\u00eda&#8230;<\/p>\n","protected":false},"author":1,"featured_media":16627,"comment_status":"closed","ping_status":"closed","sticky":false,"template":"","format":"standard","meta":{"_jetpack_memberships_contains_paid_content":false,"footnotes":"","jetpack_publicize_message":"","jetpack_publicize_feature_enabled":true,"jetpack_social_post_already_shared":true,"jetpack_social_options":{"image_generator_settings":{"template":"highway","default_image_id":0,"font":"","enabled":false},"version":2}},"categories":[89],"tags":[],"class_list":["post-16626","post","type-post","status-publish","format-standard","has-post-thumbnail","hentry","category-nacionales"],"yoast_head":"<!-- This site is optimized with the Yoast SEO plugin v27.4 - https:\/\/yoast.com\/product\/yoast-seo-wordpress\/ -->\n<title>Vuelve Nueve reinas. El cl\u00e1sico film con Ricardo Dar\u00edn y Gast\u00f3n Pauls, regresa en formato serie con un protagonista de La casa de papel -<\/title>\n<meta name=\"robots\" content=\"index, follow, max-snippet:-1, max-image-preview:large, max-video-preview:-1\" \/>\n<link rel=\"canonical\" href=\"https:\/\/impactocastex.com.ar\/?p=16626\" \/>\n<meta property=\"og:locale\" content=\"es_ES\" \/>\n<meta property=\"og:type\" content=\"article\" \/>\n<meta property=\"og:title\" content=\"Vuelve Nueve reinas. El cl\u00e1sico film con Ricardo Dar\u00edn y Gast\u00f3n Pauls, regresa en formato serie con un protagonista de La casa de papel -\" \/>\n<meta property=\"og:description\" content=\"Cuando Nueve reinas lleg\u00f3 a los cines argentinos en agosto del a\u00f1o 2000, nadie pod\u00eda...\" \/>\n<meta property=\"og:url\" content=\"https:\/\/impactocastex.com.ar\/?p=16626\" \/>\n<meta property=\"article:publisher\" content=\"https:\/\/www.facebook.com\/impactocastexdiario\" \/>\n<meta property=\"article:published_time\" content=\"2026-04-28T04:11:53+00:00\" \/>\n<meta property=\"og:image\" content=\"https:\/\/resizer.glanacion.com\/resizer\/v2\/2QRPALTQ6RE3TMSFZ5LKWUVYEU.jpg?auth=ad973d666efd6aa07a9a99fb080b5cac5da06b2073544e5454aeb71ea73716da&amp;smart=true&amp;width=4000&amp;height=2667\" \/>\n<meta name=\"author\" content=\"impactocastex\" \/>\n<meta name=\"twitter:card\" content=\"summary_large_image\" \/>\n<meta name=\"twitter:label1\" content=\"Escrito por\" \/>\n\t<meta name=\"twitter:data1\" content=\"impactocastex\" \/>\n\t<meta name=\"twitter:label2\" content=\"Tiempo de lectura\" \/>\n\t<meta name=\"twitter:data2\" content=\"3 minutos\" \/>\n<script type=\"application\/ld+json\" class=\"yoast-schema-graph\">{\"@context\":\"https:\\\/\\\/schema.org\",\"@graph\":[{\"@type\":\"Article\",\"@id\":\"https:\\\/\\\/impactocastex.com.ar\\\/?p=16626#article\",\"isPartOf\":{\"@id\":\"https:\\\/\\\/impactocastex.com.ar\\\/?p=16626\"},\"author\":{\"name\":\"impactocastex\",\"@id\":\"https:\\\/\\\/impactocastex.com.ar\\\/#\\\/schema\\\/person\\\/86cb4f827fb5f87869a239b98a69c6e3\"},\"headline\":\"Vuelve Nueve reinas. El cl\u00e1sico film con Ricardo Dar\u00edn y Gast\u00f3n Pauls, regresa en formato serie con un protagonista de La casa de papel\",\"datePublished\":\"2026-04-28T04:11:53+00:00\",\"mainEntityOfPage\":{\"@id\":\"https:\\\/\\\/impactocastex.com.ar\\\/?p=16626\"},\"wordCount\":655,\"publisher\":{\"@id\":\"https:\\\/\\\/impactocastex.com.ar\\\/#organization\"},\"image\":{\"@id\":\"https:\\\/\\\/impactocastex.com.ar\\\/?p=16626#primaryimage\"},\"thumbnailUrl\":\"https:\\\/\\\/impactocastex.com.ar\\\/wp-content\\\/uploads\\\/2026\\\/04\\\/S746ZJZRDZAUVFZIF4LH4E7SSM-QBoCVv.jpg\",\"articleSection\":[\"NACIONALES\"],\"inLanguage\":\"es\"},{\"@type\":\"WebPage\",\"@id\":\"https:\\\/\\\/impactocastex.com.ar\\\/?p=16626\",\"url\":\"https:\\\/\\\/impactocastex.com.ar\\\/?p=16626\",\"name\":\"Vuelve Nueve reinas. El cl\u00e1sico film con Ricardo Dar\u00edn y Gast\u00f3n Pauls, regresa en formato serie con un protagonista de La casa de papel -\",\"isPartOf\":{\"@id\":\"https:\\\/\\\/impactocastex.com.ar\\\/#website\"},\"primaryImageOfPage\":{\"@id\":\"https:\\\/\\\/impactocastex.com.ar\\\/?p=16626#primaryimage\"},\"image\":{\"@id\":\"https:\\\/\\\/impactocastex.com.ar\\\/?p=16626#primaryimage\"},\"thumbnailUrl\":\"https:\\\/\\\/impactocastex.com.ar\\\/wp-content\\\/uploads\\\/2026\\\/04\\\/S746ZJZRDZAUVFZIF4LH4E7SSM-QBoCVv.jpg\",\"datePublished\":\"2026-04-28T04:11:53+00:00\",\"breadcrumb\":{\"@id\":\"https:\\\/\\\/impactocastex.com.ar\\\/?p=16626#breadcrumb\"},\"inLanguage\":\"es\",\"potentialAction\":[{\"@type\":\"ReadAction\",\"target\":[\"https:\\\/\\\/impactocastex.com.ar\\\/?p=16626\"]}]},{\"@type\":\"ImageObject\",\"inLanguage\":\"es\",\"@id\":\"https:\\\/\\\/impactocastex.com.ar\\\/?p=16626#primaryimage\",\"url\":\"https:\\\/\\\/impactocastex.com.ar\\\/wp-content\\\/uploads\\\/2026\\\/04\\\/S746ZJZRDZAUVFZIF4LH4E7SSM-QBoCVv.jpg\",\"contentUrl\":\"https:\\\/\\\/impactocastex.com.ar\\\/wp-content\\\/uploads\\\/2026\\\/04\\\/S746ZJZRDZAUVFZIF4LH4E7SSM-QBoCVv.jpg\",\"width\":746,\"height\":494},{\"@type\":\"BreadcrumbList\",\"@id\":\"https:\\\/\\\/impactocastex.com.ar\\\/?p=16626#breadcrumb\",\"itemListElement\":[{\"@type\":\"ListItem\",\"position\":1,\"name\":\"Portada\",\"item\":\"https:\\\/\\\/impactocastex.com.ar\\\/\"},{\"@type\":\"ListItem\",\"position\":2,\"name\":\"Vuelve Nueve reinas. El cl\u00e1sico film con Ricardo Dar\u00edn y Gast\u00f3n Pauls, regresa en formato serie con un protagonista de La casa de papel\"}]},{\"@type\":\"WebSite\",\"@id\":\"https:\\\/\\\/impactocastex.com.ar\\\/#website\",\"url\":\"https:\\\/\\\/impactocastex.com.ar\\\/\",\"name\":\"Impacto Castex\",\"description\":\"\",\"publisher\":{\"@id\":\"https:\\\/\\\/impactocastex.com.ar\\\/#organization\"},\"potentialAction\":[{\"@type\":\"SearchAction\",\"target\":{\"@type\":\"EntryPoint\",\"urlTemplate\":\"https:\\\/\\\/impactocastex.com.ar\\\/?s={search_term_string}\"},\"query-input\":{\"@type\":\"PropertyValueSpecification\",\"valueRequired\":true,\"valueName\":\"search_term_string\"}}],\"inLanguage\":\"es\"},{\"@type\":\"Organization\",\"@id\":\"https:\\\/\\\/impactocastex.com.ar\\\/#organization\",\"name\":\"Impacto Castex\",\"url\":\"https:\\\/\\\/impactocastex.com.ar\\\/\",\"logo\":{\"@type\":\"ImageObject\",\"inLanguage\":\"es\",\"@id\":\"https:\\\/\\\/impactocastex.com.ar\\\/#\\\/schema\\\/logo\\\/image\\\/\",\"url\":\"https:\\\/\\\/impactocastex.com.ar\\\/wp-content\\\/uploads\\\/2025\\\/09\\\/cropped-icoweb.png\",\"contentUrl\":\"https:\\\/\\\/impactocastex.com.ar\\\/wp-content\\\/uploads\\\/2025\\\/09\\\/cropped-icoweb.png\",\"width\":512,\"height\":512,\"caption\":\"Impacto Castex\"},\"image\":{\"@id\":\"https:\\\/\\\/impactocastex.com.ar\\\/#\\\/schema\\\/logo\\\/image\\\/\"},\"sameAs\":[\"https:\\\/\\\/www.facebook.com\\\/impactocastexdiario\",\"https:\\\/\\\/www.instagram.com\\\/impactocastex.com.ar\\\/\"]},{\"@type\":\"Person\",\"@id\":\"https:\\\/\\\/impactocastex.com.ar\\\/#\\\/schema\\\/person\\\/86cb4f827fb5f87869a239b98a69c6e3\",\"name\":\"impactocastex\",\"image\":{\"@type\":\"ImageObject\",\"inLanguage\":\"es\",\"@id\":\"https:\\\/\\\/secure.gravatar.com\\\/avatar\\\/9a87ee051ca8c77f5d4070843ce2c78cdf95b858b950fb039151de955122f5f5?s=96&d=mm&r=g\",\"url\":\"https:\\\/\\\/secure.gravatar.com\\\/avatar\\\/9a87ee051ca8c77f5d4070843ce2c78cdf95b858b950fb039151de955122f5f5?s=96&d=mm&r=g\",\"contentUrl\":\"https:\\\/\\\/secure.gravatar.com\\\/avatar\\\/9a87ee051ca8c77f5d4070843ce2c78cdf95b858b950fb039151de955122f5f5?s=96&d=mm&r=g\",\"caption\":\"impactocastex\"},\"sameAs\":[\"https:\\\/\\\/impactocastex.com.ar\"],\"url\":\"https:\\\/\\\/impactocastex.com.ar\\\/?author=1\"}]}<\/script>\n<!-- \/ Yoast SEO plugin. -->","yoast_head_json":{"title":"Vuelve Nueve reinas. El cl\u00e1sico film con Ricardo Dar\u00edn y Gast\u00f3n Pauls, regresa en formato serie con un protagonista de La casa de papel -","robots":{"index":"index","follow":"follow","max-snippet":"max-snippet:-1","max-image-preview":"max-image-preview:large","max-video-preview":"max-video-preview:-1"},"canonical":"https:\/\/impactocastex.com.ar\/?p=16626","og_locale":"es_ES","og_type":"article","og_title":"Vuelve Nueve reinas. El cl\u00e1sico film con Ricardo Dar\u00edn y Gast\u00f3n Pauls, regresa en formato serie con un protagonista de La casa de papel -","og_description":"Cuando Nueve reinas lleg\u00f3 a los cines argentinos en agosto del a\u00f1o 2000, nadie pod\u00eda...","og_url":"https:\/\/impactocastex.com.ar\/?p=16626","article_publisher":"https:\/\/www.facebook.com\/impactocastexdiario","article_published_time":"2026-04-28T04:11:53+00:00","og_image":[{"url":"https:\/\/resizer.glanacion.com\/resizer\/v2\/2QRPALTQ6RE3TMSFZ5LKWUVYEU.jpg?auth=ad973d666efd6aa07a9a99fb080b5cac5da06b2073544e5454aeb71ea73716da&amp;smart=true&amp;width=4000&amp;height=2667","type":"","width":"","height":""}],"author":"impactocastex","twitter_card":"summary_large_image","twitter_misc":{"Escrito por":"impactocastex","Tiempo de lectura":"3 minutos"},"schema":{"@context":"https:\/\/schema.org","@graph":[{"@type":"Article","@id":"https:\/\/impactocastex.com.ar\/?p=16626#article","isPartOf":{"@id":"https:\/\/impactocastex.com.ar\/?p=16626"},"author":{"name":"impactocastex","@id":"https:\/\/impactocastex.com.ar\/#\/schema\/person\/86cb4f827fb5f87869a239b98a69c6e3"},"headline":"Vuelve Nueve reinas. El cl\u00e1sico film con Ricardo Dar\u00edn y Gast\u00f3n Pauls, regresa en formato serie con un protagonista de La casa de papel","datePublished":"2026-04-28T04:11:53+00:00","mainEntityOfPage":{"@id":"https:\/\/impactocastex.com.ar\/?p=16626"},"wordCount":655,"publisher":{"@id":"https:\/\/impactocastex.com.ar\/#organization"},"image":{"@id":"https:\/\/impactocastex.com.ar\/?p=16626#primaryimage"},"thumbnailUrl":"https:\/\/impactocastex.com.ar\/wp-content\/uploads\/2026\/04\/S746ZJZRDZAUVFZIF4LH4E7SSM-QBoCVv.jpg","articleSection":["NACIONALES"],"inLanguage":"es"},{"@type":"WebPage","@id":"https:\/\/impactocastex.com.ar\/?p=16626","url":"https:\/\/impactocastex.com.ar\/?p=16626","name":"Vuelve Nueve reinas. El cl\u00e1sico film con Ricardo Dar\u00edn y Gast\u00f3n Pauls, regresa en formato serie con un protagonista de La casa de papel -","isPartOf":{"@id":"https:\/\/impactocastex.com.ar\/#website"},"primaryImageOfPage":{"@id":"https:\/\/impactocastex.com.ar\/?p=16626#primaryimage"},"image":{"@id":"https:\/\/impactocastex.com.ar\/?p=16626#primaryimage"},"thumbnailUrl":"https:\/\/impactocastex.com.ar\/wp-content\/uploads\/2026\/04\/S746ZJZRDZAUVFZIF4LH4E7SSM-QBoCVv.jpg","datePublished":"2026-04-28T04:11:53+00:00","breadcrumb":{"@id":"https:\/\/impactocastex.com.ar\/?p=16626#breadcrumb"},"inLanguage":"es","potentialAction":[{"@type":"ReadAction","target":["https:\/\/impactocastex.com.ar\/?p=16626"]}]},{"@type":"ImageObject","inLanguage":"es","@id":"https:\/\/impactocastex.com.ar\/?p=16626#primaryimage","url":"https:\/\/impactocastex.com.ar\/wp-content\/uploads\/2026\/04\/S746ZJZRDZAUVFZIF4LH4E7SSM-QBoCVv.jpg","contentUrl":"https:\/\/impactocastex.com.ar\/wp-content\/uploads\/2026\/04\/S746ZJZRDZAUVFZIF4LH4E7SSM-QBoCVv.jpg","width":746,"height":494},{"@type":"BreadcrumbList","@id":"https:\/\/impactocastex.com.ar\/?p=16626#breadcrumb","itemListElement":[{"@type":"ListItem","position":1,"name":"Portada","item":"https:\/\/impactocastex.com.ar\/"},{"@type":"ListItem","position":2,"name":"Vuelve Nueve reinas. El cl\u00e1sico film con Ricardo Dar\u00edn y Gast\u00f3n Pauls, regresa en formato serie con un protagonista de La casa de papel"}]},{"@type":"WebSite","@id":"https:\/\/impactocastex.com.ar\/#website","url":"https:\/\/impactocastex.com.ar\/","name":"Impacto Castex","description":"","publisher":{"@id":"https:\/\/impactocastex.com.ar\/#organization"},"potentialAction":[{"@type":"SearchAction","target":{"@type":"EntryPoint","urlTemplate":"https:\/\/impactocastex.com.ar\/?s={search_term_string}"},"query-input":{"@type":"PropertyValueSpecification","valueRequired":true,"valueName":"search_term_string"}}],"inLanguage":"es"},{"@type":"Organization","@id":"https:\/\/impactocastex.com.ar\/#organization","name":"Impacto Castex","url":"https:\/\/impactocastex.com.ar\/","logo":{"@type":"ImageObject","inLanguage":"es","@id":"https:\/\/impactocastex.com.ar\/#\/schema\/logo\/image\/","url":"https:\/\/impactocastex.com.ar\/wp-content\/uploads\/2025\/09\/cropped-icoweb.png","contentUrl":"https:\/\/impactocastex.com.ar\/wp-content\/uploads\/2025\/09\/cropped-icoweb.png","width":512,"height":512,"caption":"Impacto Castex"},"image":{"@id":"https:\/\/impactocastex.com.ar\/#\/schema\/logo\/image\/"},"sameAs":["https:\/\/www.facebook.com\/impactocastexdiario","https:\/\/www.instagram.com\/impactocastex.com.ar\/"]},{"@type":"Person","@id":"https:\/\/impactocastex.com.ar\/#\/schema\/person\/86cb4f827fb5f87869a239b98a69c6e3","name":"impactocastex","image":{"@type":"ImageObject","inLanguage":"es","@id":"https:\/\/secure.gravatar.com\/avatar\/9a87ee051ca8c77f5d4070843ce2c78cdf95b858b950fb039151de955122f5f5?s=96&d=mm&r=g","url":"https:\/\/secure.gravatar.com\/avatar\/9a87ee051ca8c77f5d4070843ce2c78cdf95b858b950fb039151de955122f5f5?s=96&d=mm&r=g","contentUrl":"https:\/\/secure.gravatar.com\/avatar\/9a87ee051ca8c77f5d4070843ce2c78cdf95b858b950fb039151de955122f5f5?s=96&d=mm&r=g","caption":"impactocastex"},"sameAs":["https:\/\/impactocastex.com.ar"],"url":"https:\/\/impactocastex.com.ar\/?author=1"}]}},"jetpack_publicize_connections":[],"featured_image_urls":{"full":["https:\/\/impactocastex.com.ar\/wp-content\/uploads\/2026\/04\/S746ZJZRDZAUVFZIF4LH4E7SSM-QBoCVv.jpg",746,494,false],"thumbnail":["https:\/\/impactocastex.com.ar\/wp-content\/uploads\/2026\/04\/S746ZJZRDZAUVFZIF4LH4E7SSM-QBoCVv-150x150.jpg",150,150,true],"medium":["https:\/\/impactocastex.com.ar\/wp-content\/uploads\/2026\/04\/S746ZJZRDZAUVFZIF4LH4E7SSM-QBoCVv-300x199.jpg",300,199,true],"medium_large":["https:\/\/impactocastex.com.ar\/wp-content\/uploads\/2026\/04\/S746ZJZRDZAUVFZIF4LH4E7SSM-QBoCVv.jpg",640,424,false],"large":["https:\/\/impactocastex.com.ar\/wp-content\/uploads\/2026\/04\/S746ZJZRDZAUVFZIF4LH4E7SSM-QBoCVv.jpg",640,424,false],"1536x1536":["https:\/\/impactocastex.com.ar\/wp-content\/uploads\/2026\/04\/S746ZJZRDZAUVFZIF4LH4E7SSM-QBoCVv.jpg",746,494,false],"2048x2048":["https:\/\/impactocastex.com.ar\/wp-content\/uploads\/2026\/04\/S746ZJZRDZAUVFZIF4LH4E7SSM-QBoCVv.jpg",746,494,false],"newsever-slider-full":["https:\/\/impactocastex.com.ar\/wp-content\/uploads\/2026\/04\/S746ZJZRDZAUVFZIF4LH4E7SSM-QBoCVv.jpg",746,494,false],"newsever-featured":["https:\/\/impactocastex.com.ar\/wp-content\/uploads\/2026\/04\/S746ZJZRDZAUVFZIF4LH4E7SSM-QBoCVv.jpg",746,494,false],"newsever-medium":["https:\/\/impactocastex.com.ar\/wp-content\/uploads\/2026\/04\/S746ZJZRDZAUVFZIF4LH4E7SSM-QBoCVv-720x475.jpg",720,475,true]},"author_info":{"info":["impactocastex"]},"category_info":"<a href=\"https:\/\/impactocastex.com.ar\/?cat=89\" rel=\"category\">NACIONALES<\/a>","tag_info":"NACIONALES","comment_count":0,"jetpack_featured_media_url":"https:\/\/impactocastex.com.ar\/wp-content\/uploads\/2026\/04\/S746ZJZRDZAUVFZIF4LH4E7SSM-QBoCVv.jpg","jetpack_sharing_enabled":true,"jetpack_likes_enabled":true,"jetpack_shortlink":"https:\/\/wp.me\/p7sopA-4ka","_links":{"self":[{"href":"https:\/\/impactocastex.com.ar\/index.php?rest_route=\/wp\/v2\/posts\/16626","targetHints":{"allow":["GET"]}}],"collection":[{"href":"https:\/\/impactocastex.com.ar\/index.php?rest_route=\/wp\/v2\/posts"}],"about":[{"href":"https:\/\/impactocastex.com.ar\/index.php?rest_route=\/wp\/v2\/types\/post"}],"author":[{"embeddable":true,"href":"https:\/\/impactocastex.com.ar\/index.php?rest_route=\/wp\/v2\/users\/1"}],"replies":[{"embeddable":true,"href":"https:\/\/impactocastex.com.ar\/index.php?rest_route=%2Fwp%2Fv2%2Fcomments&post=16626"}],"version-history":[{"count":0,"href":"https:\/\/impactocastex.com.ar\/index.php?rest_route=\/wp\/v2\/posts\/16626\/revisions"}],"wp:featuredmedia":[{"embeddable":true,"href":"https:\/\/impactocastex.com.ar\/index.php?rest_route=\/wp\/v2\/media\/16627"}],"wp:attachment":[{"href":"https:\/\/impactocastex.com.ar\/index.php?rest_route=%2Fwp%2Fv2%2Fmedia&parent=16626"}],"wp:term":[{"taxonomy":"category","embeddable":true,"href":"https:\/\/impactocastex.com.ar\/index.php?rest_route=%2Fwp%2Fv2%2Fcategories&post=16626"},{"taxonomy":"post_tag","embeddable":true,"href":"https:\/\/impactocastex.com.ar\/index.php?rest_route=%2Fwp%2Fv2%2Ftags&post=16626"}],"curies":[{"name":"wp","href":"https:\/\/api.w.org\/{rel}","templated":true}]}}