{"id":16624,"date":"2026-04-28T01:16:39","date_gmt":"2026-04-28T04:16:39","guid":{"rendered":"https:\/\/impactocastex.com.ar\/?p=16624"},"modified":"2026-04-28T01:16:39","modified_gmt":"2026-04-28T04:16:39","slug":"guerra-de-estados-unidos-e-israel-contra-iran-en-vivo-tension-en-medio-oriente-hoy-martes-28-de-abril","status":"publish","type":"post","link":"https:\/\/impactocastex.com.ar\/?p=16624","title":{"rendered":"Guerra de Estados Unidos e Israel contra Ir\u00e1n, en vivo: tensi\u00f3n en Medio Oriente hoy, martes 28 de abril"},"content":{"rendered":"<ul>\n<li>Trump se\u00f1al\u00f3 que sus representantes ya no volver\u00e1n a Pakist\u00e1n y <b>el proceso de paz sufri\u00f3 un duro rev\u00e9s<\/b>. <\/li>\n<li>El jefe militar israel\u00ed reconoci\u00f3 \u201c<b>incidentes poco \u00e9ticos<\/b>\u201d en la guerra.<\/li>\n<li>El L\u00edbano acus\u00f3 ataques de Israel que dejaron <b>14 muertos<\/b>. <\/li>\n<li><b>El embajador de Rusia ante la ONU defendi\u00f3 a Ir\u00e1n<\/b> y compar\u00f3 a los pa\u00edses occidentales con piratas<\/li>\n<\/ul>\n<p><b>El ministro de Asuntos Exteriores iran\u00ed<\/b> afirm\u00f3 estar satisfecho de dialogar con Rusia al \u201cm\u00e1s alto nivel, dado que la regi\u00f3n se encuentra en un momento de gran transformaci\u00f3n\u201d.<\/p>\n<p>\u201c<b>Los acontecimientos recientes han puesto de manifiesto la profundidad y la solidez de nuestra asociaci\u00f3n estrat\u00e9gica<\/b>\u201d, escribi\u00f3 Araghchi en <i>X<\/i>. \u201cA medida que nuestra relaci\u00f3n sigue creciendo, agradecemos la solidaridad y acogemos con satisfacci\u00f3n el apoyo de Rusia a la diplomacia\u201d, remat\u00f3 el funcionario.<\/p>\n<blockquote class=\"twitter-tweet\">\n<p lang=\"en\" dir=\"ltr\">Pleased to engage with Russia at the highest level as the region is in major flux.<\/p>\n<p>Recent events have evidenced the depth and strength of our strategic partnership. As our relationship continues to grow, we are grateful for solidarity and welcome Russia&#8217;s support for diplomacy. <a href=\"https:\/\/t.co\/I1VyDSfxET\">pic.twitter.com\/I1VyDSfxET<\/a><\/p>\n<p>\u2014 Seyed Abbas Araghchi (@araghchi) <a href=\"https:\/\/twitter.com\/araghchi\/status\/2048942941784117346?ref_src=twsrc%5Etfw\">April 28, 2026<\/a><\/p><\/blockquote>\n<p>Seg\u00fan informa el <i>Wall Street Journal<\/i>, citando fuentes de la administraci\u00f3n, <b>Donald Trump<\/b> y sus asesores de seguridad nacional se muestran esc\u00e9pticos ante la oferta de Ir\u00e1n de reabrir el estrecho de Ormuz y suspender las negociaciones nucleares.<\/p>\n<p>La <b>Casa Blanca<\/b> continuar\u00e1 negociando con Teher\u00e1n y probablemente presentar\u00e1 su respuesta y contrapropuestas en los pr\u00f3ximos d\u00edas, detall\u00f3 el medio norteamericano.<\/p>\n<p>Ir\u00e1n ofreci\u00f3 poner fin al control que ejerce sobre el estrecho de Ormuz a cambio de que Estados Unidos levante su bloqueo sobre el pa\u00eds y ponga fin a la guerra, en una propuesta que aplazar\u00eda las discusiones sobre el programa nuclear de la Rep\u00fablica Isl\u00e1mica, se\u00f1al\u00f3 la agencia <i>AP<\/i>.<\/p>\n<p>Parece poco probable que el presidente estadounidense <b>Donald Trump<\/b> acepte la oferta, que fue transmitida a los estadounidenses por Pakist\u00e1n y dejar\u00eda sin resolver los desacuerdos que llevaron a Estados Unidos e Israel a ir a la guerra el 28 de febrero. Y el secretario de Estado estadounidense, <b>Marco Rubio<\/b>, pareci\u00f3 descartar cualquier acuerdo que excluya el programa nuclear de Ir\u00e1n.<\/p>\n<p>El bombardeo de una escuela iran\u00ed en la guerra en Medio Oriente, mat\u00f3 a 155 personas, incluyendo 120 ni\u00f1os, seg\u00fan un balance revisado a la baja y que fue divulgado el martes por la televisi\u00f3n estatal <i>IRIB<\/i>.<\/p>\n<p>El ministro iran\u00ed de Relaciones Exteriores, <b>Ab\u00e1s Araqchi<\/b>, hab\u00eda declarado a fines de marzo ante la ONU que \u201cm\u00e1s de 175 estudiantes y profesores\u201d hab\u00edan sido \u201c<b>masacrados a sangre fr\u00eda<\/b>\u201d en el ataque del 28 de febrero.<\/p>\n<p>El jefe del Estado Mayor de las Fuerzas de Defensa de Israel (FDI), el teniente general<b> Eyal Zamir<\/b>, afirm\u00f3 que su responsabilidad es garantizar la seguridad del pa\u00eds y preservar los valores militares. \u201cSoy consciente de que este ha sido un per\u00edodo largo y complejo, pero los <b>incidentes poco \u00e9ticos<\/b> que hemos presenciado no tienen justificaci\u00f3n.<b> No debemos comprometer nuestros valores<\/b>. La erosi\u00f3n de los valores y los est\u00e1ndares puede ser tan peligrosa como las amenazas operacionales\u201d, declar\u00f3.<\/p>\n<p><img loading=\"lazy\" decoding=\"async\" src=\"https:\/\/resizer.glanacion.com\/resizer\/v2\/KF72ALZY55HZ5O7554IPGYRY3E.JPG?auth=0be6dbc31f88770d1aaafe60d15c410f6f5d7bdc6273970957a335a7abfd56a5&amp;smart=true&amp;width=2431&amp;height=1620\" alt=\"El jefe militar israel\u00ed reconoci\u00f3 \" height=\"1620\" width=\"2431\" \/><\/p>\n<p>La semana pasada, Israel<b> encarcel\u00f3 a dos soldados <\/b>por profanar una estatua de Jesucristo en el sur del L\u00edbano y fotografiarla. D\u00edas despu\u00e9s, las FDI anunciaron que estaban investigando un video que parec\u00eda mostrar a tropas utilizando maquinaria pesada para da\u00f1ar paneles solares y un veh\u00edculo en la misma localidad.<\/p>\n<p>El embajador de Rusia ante las Naciones Unidas acus\u00f3 a los pa\u00edses occidentales de <b>hipocres\u00eda <\/b>en una reuni\u00f3n del Consejo de Seguridad este lunes y afirm\u00f3 que Ir\u00e1n tiene todo el derecho a limitar el tr\u00e1fico en el estrecho de Ormuz.<\/p>\n<p>\u201cSe intent\u00f3 atribuir toda la responsabilidad a Ir\u00e1n, como si hubiera sido este pa\u00eds el que atac\u00f3 a sus vecinos y estuviera obstruyendo deliberadamente la navegaci\u00f3n por el estrecho de Ormuz\u201d, declar\u00f3 el embajador de Rusia ante la ONU, Vassily Nebenzia. \u201cEn tiempos de guerra, <b>un Estado costero que sufre un ataque puede limitar la navegaci\u00f3n en sus aguas territoriales por motivos de seguridad<\/b>\u201d.<\/p>\n<p>Y agreg\u00f3: \u201c<b>A diferencia de los piratas<\/b>, que izan banderas negras con una calavera y tibias cruzadas en sus embarcaciones, l<b>os pa\u00edses occidentales intentan ocultar sus acciones ilegales<\/b> haciendo referencia a medidas coercitivas unilaterales Esto no es m\u00e1s que una cortina de humo, cuyo prop\u00f3sito es ocultar el hecho de que la (Uni\u00f3n Europea) est\u00e1 cometiendo un robo descarado en alta mar\u201d.<\/p>\n<p>\u200bCobertura en tiempo real con las novedades m\u00e1s importantes del conflicto y las acciones del mandatario estadounidense, Donald Trump\u00a0\u00a0<\/p>","protected":false},"excerpt":{"rendered":"<p>Trump se\u00f1al\u00f3 que sus representantes ya no volver\u00e1n a Pakist\u00e1n y el proceso de paz&#8230;<\/p>\n","protected":false},"author":1,"featured_media":16625,"comment_status":"closed","ping_status":"closed","sticky":false,"template":"","format":"standard","meta":{"_jetpack_memberships_contains_paid_content":false,"footnotes":"","jetpack_publicize_message":"","jetpack_publicize_feature_enabled":true,"jetpack_social_post_already_shared":true,"jetpack_social_options":{"image_generator_settings":{"template":"highway","default_image_id":0,"font":"","enabled":false},"version":2}},"categories":[89],"tags":[],"class_list":["post-16624","post","type-post","status-publish","format-standard","has-post-thumbnail","hentry","category-nacionales"],"yoast_head":"<!-- This site is optimized with the Yoast SEO plugin v27.4 - https:\/\/yoast.com\/product\/yoast-seo-wordpress\/ -->\n<title>Guerra de Estados Unidos e Israel contra Ir\u00e1n, en vivo: tensi\u00f3n en Medio Oriente hoy, martes 28 de abril -<\/title>\n<meta name=\"robots\" content=\"index, follow, max-snippet:-1, max-image-preview:large, max-video-preview:-1\" \/>\n<link rel=\"canonical\" href=\"https:\/\/impactocastex.com.ar\/?p=16624\" \/>\n<meta property=\"og:locale\" content=\"es_ES\" \/>\n<meta property=\"og:type\" content=\"article\" \/>\n<meta property=\"og:title\" content=\"Guerra de Estados Unidos e Israel contra Ir\u00e1n, en vivo: tensi\u00f3n en Medio Oriente hoy, martes 28 de abril -\" \/>\n<meta property=\"og:description\" content=\"Trump se\u00f1al\u00f3 que sus representantes ya no volver\u00e1n a Pakist\u00e1n y el proceso de paz...\" \/>\n<meta property=\"og:url\" content=\"https:\/\/impactocastex.com.ar\/?p=16624\" \/>\n<meta property=\"article:publisher\" content=\"https:\/\/www.facebook.com\/impactocastexdiario\" \/>\n<meta property=\"article:published_time\" content=\"2026-04-28T04:16:39+00:00\" \/>\n<meta property=\"og:image\" content=\"https:\/\/resizer.glanacion.com\/resizer\/v2\/KF72ALZY55HZ5O7554IPGYRY3E.JPG?auth=0be6dbc31f88770d1aaafe60d15c410f6f5d7bdc6273970957a335a7abfd56a5&amp;smart=true&amp;width=2431&amp;height=1620\" \/>\n<meta name=\"author\" content=\"impactocastex\" \/>\n<meta name=\"twitter:card\" content=\"summary_large_image\" \/>\n<meta name=\"twitter:label1\" content=\"Escrito por\" \/>\n\t<meta name=\"twitter:data1\" content=\"impactocastex\" \/>\n\t<meta name=\"twitter:label2\" content=\"Tiempo de lectura\" \/>\n\t<meta name=\"twitter:data2\" content=\"4 minutos\" \/>\n<script type=\"application\/ld+json\" class=\"yoast-schema-graph\">{\"@context\":\"https:\\\/\\\/schema.org\",\"@graph\":[{\"@type\":\"Article\",\"@id\":\"https:\\\/\\\/impactocastex.com.ar\\\/?p=16624#article\",\"isPartOf\":{\"@id\":\"https:\\\/\\\/impactocastex.com.ar\\\/?p=16624\"},\"author\":{\"name\":\"impactocastex\",\"@id\":\"https:\\\/\\\/impactocastex.com.ar\\\/#\\\/schema\\\/person\\\/86cb4f827fb5f87869a239b98a69c6e3\"},\"headline\":\"Guerra de Estados Unidos e Israel contra Ir\u00e1n, en vivo: tensi\u00f3n en Medio Oriente hoy, martes 28 de abril\",\"datePublished\":\"2026-04-28T04:16:39+00:00\",\"mainEntityOfPage\":{\"@id\":\"https:\\\/\\\/impactocastex.com.ar\\\/?p=16624\"},\"wordCount\":823,\"publisher\":{\"@id\":\"https:\\\/\\\/impactocastex.com.ar\\\/#organization\"},\"image\":{\"@id\":\"https:\\\/\\\/impactocastex.com.ar\\\/?p=16624#primaryimage\"},\"thumbnailUrl\":\"https:\\\/\\\/impactocastex.com.ar\\\/wp-content\\\/uploads\\\/2026\\\/04\\\/6IFC27NGBJGU7C5HK6LSPCXBAM-FvGw8n.jpg\",\"articleSection\":[\"NACIONALES\"],\"inLanguage\":\"es\"},{\"@type\":\"WebPage\",\"@id\":\"https:\\\/\\\/impactocastex.com.ar\\\/?p=16624\",\"url\":\"https:\\\/\\\/impactocastex.com.ar\\\/?p=16624\",\"name\":\"Guerra de Estados Unidos e Israel contra Ir\u00e1n, en vivo: tensi\u00f3n en Medio Oriente hoy, martes 28 de abril -\",\"isPartOf\":{\"@id\":\"https:\\\/\\\/impactocastex.com.ar\\\/#website\"},\"primaryImageOfPage\":{\"@id\":\"https:\\\/\\\/impactocastex.com.ar\\\/?p=16624#primaryimage\"},\"image\":{\"@id\":\"https:\\\/\\\/impactocastex.com.ar\\\/?p=16624#primaryimage\"},\"thumbnailUrl\":\"https:\\\/\\\/impactocastex.com.ar\\\/wp-content\\\/uploads\\\/2026\\\/04\\\/6IFC27NGBJGU7C5HK6LSPCXBAM-FvGw8n.jpg\",\"datePublished\":\"2026-04-28T04:16:39+00:00\",\"breadcrumb\":{\"@id\":\"https:\\\/\\\/impactocastex.com.ar\\\/?p=16624#breadcrumb\"},\"inLanguage\":\"es\",\"potentialAction\":[{\"@type\":\"ReadAction\",\"target\":[\"https:\\\/\\\/impactocastex.com.ar\\\/?p=16624\"]}]},{\"@type\":\"ImageObject\",\"inLanguage\":\"es\",\"@id\":\"https:\\\/\\\/impactocastex.com.ar\\\/?p=16624#primaryimage\",\"url\":\"https:\\\/\\\/impactocastex.com.ar\\\/wp-content\\\/uploads\\\/2026\\\/04\\\/6IFC27NGBJGU7C5HK6LSPCXBAM-FvGw8n.jpg\",\"contentUrl\":\"https:\\\/\\\/impactocastex.com.ar\\\/wp-content\\\/uploads\\\/2026\\\/04\\\/6IFC27NGBJGU7C5HK6LSPCXBAM-FvGw8n.jpg\",\"width\":2000,\"height\":1367},{\"@type\":\"BreadcrumbList\",\"@id\":\"https:\\\/\\\/impactocastex.com.ar\\\/?p=16624#breadcrumb\",\"itemListElement\":[{\"@type\":\"ListItem\",\"position\":1,\"name\":\"Portada\",\"item\":\"https:\\\/\\\/impactocastex.com.ar\\\/\"},{\"@type\":\"ListItem\",\"position\":2,\"name\":\"Guerra de Estados Unidos e Israel contra Ir\u00e1n, en vivo: tensi\u00f3n en Medio Oriente hoy, martes 28 de abril\"}]},{\"@type\":\"WebSite\",\"@id\":\"https:\\\/\\\/impactocastex.com.ar\\\/#website\",\"url\":\"https:\\\/\\\/impactocastex.com.ar\\\/\",\"name\":\"Impacto Castex\",\"description\":\"\",\"publisher\":{\"@id\":\"https:\\\/\\\/impactocastex.com.ar\\\/#organization\"},\"potentialAction\":[{\"@type\":\"SearchAction\",\"target\":{\"@type\":\"EntryPoint\",\"urlTemplate\":\"https:\\\/\\\/impactocastex.com.ar\\\/?s={search_term_string}\"},\"query-input\":{\"@type\":\"PropertyValueSpecification\",\"valueRequired\":true,\"valueName\":\"search_term_string\"}}],\"inLanguage\":\"es\"},{\"@type\":\"Organization\",\"@id\":\"https:\\\/\\\/impactocastex.com.ar\\\/#organization\",\"name\":\"Impacto Castex\",\"url\":\"https:\\\/\\\/impactocastex.com.ar\\\/\",\"logo\":{\"@type\":\"ImageObject\",\"inLanguage\":\"es\",\"@id\":\"https:\\\/\\\/impactocastex.com.ar\\\/#\\\/schema\\\/logo\\\/image\\\/\",\"url\":\"https:\\\/\\\/impactocastex.com.ar\\\/wp-content\\\/uploads\\\/2025\\\/09\\\/cropped-icoweb.png\",\"contentUrl\":\"https:\\\/\\\/impactocastex.com.ar\\\/wp-content\\\/uploads\\\/2025\\\/09\\\/cropped-icoweb.png\",\"width\":512,\"height\":512,\"caption\":\"Impacto Castex\"},\"image\":{\"@id\":\"https:\\\/\\\/impactocastex.com.ar\\\/#\\\/schema\\\/logo\\\/image\\\/\"},\"sameAs\":[\"https:\\\/\\\/www.facebook.com\\\/impactocastexdiario\",\"https:\\\/\\\/www.instagram.com\\\/impactocastex.com.ar\\\/\"]},{\"@type\":\"Person\",\"@id\":\"https:\\\/\\\/impactocastex.com.ar\\\/#\\\/schema\\\/person\\\/86cb4f827fb5f87869a239b98a69c6e3\",\"name\":\"impactocastex\",\"image\":{\"@type\":\"ImageObject\",\"inLanguage\":\"es\",\"@id\":\"https:\\\/\\\/secure.gravatar.com\\\/avatar\\\/9a87ee051ca8c77f5d4070843ce2c78cdf95b858b950fb039151de955122f5f5?s=96&d=mm&r=g\",\"url\":\"https:\\\/\\\/secure.gravatar.com\\\/avatar\\\/9a87ee051ca8c77f5d4070843ce2c78cdf95b858b950fb039151de955122f5f5?s=96&d=mm&r=g\",\"contentUrl\":\"https:\\\/\\\/secure.gravatar.com\\\/avatar\\\/9a87ee051ca8c77f5d4070843ce2c78cdf95b858b950fb039151de955122f5f5?s=96&d=mm&r=g\",\"caption\":\"impactocastex\"},\"sameAs\":[\"https:\\\/\\\/impactocastex.com.ar\"],\"url\":\"https:\\\/\\\/impactocastex.com.ar\\\/?author=1\"}]}<\/script>\n<!-- \/ Yoast SEO plugin. -->","yoast_head_json":{"title":"Guerra de Estados Unidos e Israel contra Ir\u00e1n, en vivo: tensi\u00f3n en Medio Oriente hoy, martes 28 de abril -","robots":{"index":"index","follow":"follow","max-snippet":"max-snippet:-1","max-image-preview":"max-image-preview:large","max-video-preview":"max-video-preview:-1"},"canonical":"https:\/\/impactocastex.com.ar\/?p=16624","og_locale":"es_ES","og_type":"article","og_title":"Guerra de Estados Unidos e Israel contra Ir\u00e1n, en vivo: tensi\u00f3n en Medio Oriente hoy, martes 28 de abril -","og_description":"Trump se\u00f1al\u00f3 que sus representantes ya no volver\u00e1n a Pakist\u00e1n y el proceso de paz...","og_url":"https:\/\/impactocastex.com.ar\/?p=16624","article_publisher":"https:\/\/www.facebook.com\/impactocastexdiario","article_published_time":"2026-04-28T04:16:39+00:00","og_image":[{"url":"https:\/\/resizer.glanacion.com\/resizer\/v2\/KF72ALZY55HZ5O7554IPGYRY3E.JPG?auth=0be6dbc31f88770d1aaafe60d15c410f6f5d7bdc6273970957a335a7abfd56a5&amp;smart=true&amp;width=2431&amp;height=1620","type":"","width":"","height":""}],"author":"impactocastex","twitter_card":"summary_large_image","twitter_misc":{"Escrito por":"impactocastex","Tiempo de lectura":"4 minutos"},"schema":{"@context":"https:\/\/schema.org","@graph":[{"@type":"Article","@id":"https:\/\/impactocastex.com.ar\/?p=16624#article","isPartOf":{"@id":"https:\/\/impactocastex.com.ar\/?p=16624"},"author":{"name":"impactocastex","@id":"https:\/\/impactocastex.com.ar\/#\/schema\/person\/86cb4f827fb5f87869a239b98a69c6e3"},"headline":"Guerra de Estados Unidos e Israel contra Ir\u00e1n, en vivo: tensi\u00f3n en Medio Oriente hoy, martes 28 de abril","datePublished":"2026-04-28T04:16:39+00:00","mainEntityOfPage":{"@id":"https:\/\/impactocastex.com.ar\/?p=16624"},"wordCount":823,"publisher":{"@id":"https:\/\/impactocastex.com.ar\/#organization"},"image":{"@id":"https:\/\/impactocastex.com.ar\/?p=16624#primaryimage"},"thumbnailUrl":"https:\/\/impactocastex.com.ar\/wp-content\/uploads\/2026\/04\/6IFC27NGBJGU7C5HK6LSPCXBAM-FvGw8n.jpg","articleSection":["NACIONALES"],"inLanguage":"es"},{"@type":"WebPage","@id":"https:\/\/impactocastex.com.ar\/?p=16624","url":"https:\/\/impactocastex.com.ar\/?p=16624","name":"Guerra de Estados Unidos e Israel contra Ir\u00e1n, en vivo: tensi\u00f3n en Medio Oriente hoy, martes 28 de abril -","isPartOf":{"@id":"https:\/\/impactocastex.com.ar\/#website"},"primaryImageOfPage":{"@id":"https:\/\/impactocastex.com.ar\/?p=16624#primaryimage"},"image":{"@id":"https:\/\/impactocastex.com.ar\/?p=16624#primaryimage"},"thumbnailUrl":"https:\/\/impactocastex.com.ar\/wp-content\/uploads\/2026\/04\/6IFC27NGBJGU7C5HK6LSPCXBAM-FvGw8n.jpg","datePublished":"2026-04-28T04:16:39+00:00","breadcrumb":{"@id":"https:\/\/impactocastex.com.ar\/?p=16624#breadcrumb"},"inLanguage":"es","potentialAction":[{"@type":"ReadAction","target":["https:\/\/impactocastex.com.ar\/?p=16624"]}]},{"@type":"ImageObject","inLanguage":"es","@id":"https:\/\/impactocastex.com.ar\/?p=16624#primaryimage","url":"https:\/\/impactocastex.com.ar\/wp-content\/uploads\/2026\/04\/6IFC27NGBJGU7C5HK6LSPCXBAM-FvGw8n.jpg","contentUrl":"https:\/\/impactocastex.com.ar\/wp-content\/uploads\/2026\/04\/6IFC27NGBJGU7C5HK6LSPCXBAM-FvGw8n.jpg","width":2000,"height":1367},{"@type":"BreadcrumbList","@id":"https:\/\/impactocastex.com.ar\/?p=16624#breadcrumb","itemListElement":[{"@type":"ListItem","position":1,"name":"Portada","item":"https:\/\/impactocastex.com.ar\/"},{"@type":"ListItem","position":2,"name":"Guerra de Estados Unidos e Israel contra Ir\u00e1n, en vivo: tensi\u00f3n en Medio Oriente hoy, martes 28 de abril"}]},{"@type":"WebSite","@id":"https:\/\/impactocastex.com.ar\/#website","url":"https:\/\/impactocastex.com.ar\/","name":"Impacto Castex","description":"","publisher":{"@id":"https:\/\/impactocastex.com.ar\/#organization"},"potentialAction":[{"@type":"SearchAction","target":{"@type":"EntryPoint","urlTemplate":"https:\/\/impactocastex.com.ar\/?s={search_term_string}"},"query-input":{"@type":"PropertyValueSpecification","valueRequired":true,"valueName":"search_term_string"}}],"inLanguage":"es"},{"@type":"Organization","@id":"https:\/\/impactocastex.com.ar\/#organization","name":"Impacto Castex","url":"https:\/\/impactocastex.com.ar\/","logo":{"@type":"ImageObject","inLanguage":"es","@id":"https:\/\/impactocastex.com.ar\/#\/schema\/logo\/image\/","url":"https:\/\/impactocastex.com.ar\/wp-content\/uploads\/2025\/09\/cropped-icoweb.png","contentUrl":"https:\/\/impactocastex.com.ar\/wp-content\/uploads\/2025\/09\/cropped-icoweb.png","width":512,"height":512,"caption":"Impacto Castex"},"image":{"@id":"https:\/\/impactocastex.com.ar\/#\/schema\/logo\/image\/"},"sameAs":["https:\/\/www.facebook.com\/impactocastexdiario","https:\/\/www.instagram.com\/impactocastex.com.ar\/"]},{"@type":"Person","@id":"https:\/\/impactocastex.com.ar\/#\/schema\/person\/86cb4f827fb5f87869a239b98a69c6e3","name":"impactocastex","image":{"@type":"ImageObject","inLanguage":"es","@id":"https:\/\/secure.gravatar.com\/avatar\/9a87ee051ca8c77f5d4070843ce2c78cdf95b858b950fb039151de955122f5f5?s=96&d=mm&r=g","url":"https:\/\/secure.gravatar.com\/avatar\/9a87ee051ca8c77f5d4070843ce2c78cdf95b858b950fb039151de955122f5f5?s=96&d=mm&r=g","contentUrl":"https:\/\/secure.gravatar.com\/avatar\/9a87ee051ca8c77f5d4070843ce2c78cdf95b858b950fb039151de955122f5f5?s=96&d=mm&r=g","caption":"impactocastex"},"sameAs":["https:\/\/impactocastex.com.ar"],"url":"https:\/\/impactocastex.com.ar\/?author=1"}]}},"jetpack_publicize_connections":[],"featured_image_urls":{"full":["https:\/\/impactocastex.com.ar\/wp-content\/uploads\/2026\/04\/6IFC27NGBJGU7C5HK6LSPCXBAM-FvGw8n.jpg",2000,1367,false],"thumbnail":["https:\/\/impactocastex.com.ar\/wp-content\/uploads\/2026\/04\/6IFC27NGBJGU7C5HK6LSPCXBAM-FvGw8n-150x150.jpg",150,150,true],"medium":["https:\/\/impactocastex.com.ar\/wp-content\/uploads\/2026\/04\/6IFC27NGBJGU7C5HK6LSPCXBAM-FvGw8n-300x205.jpg",300,205,true],"medium_large":["https:\/\/impactocastex.com.ar\/wp-content\/uploads\/2026\/04\/6IFC27NGBJGU7C5HK6LSPCXBAM-FvGw8n-768x525.jpg",640,438,true],"large":["https:\/\/impactocastex.com.ar\/wp-content\/uploads\/2026\/04\/6IFC27NGBJGU7C5HK6LSPCXBAM-FvGw8n-1024x700.jpg",640,438,true],"1536x1536":["https:\/\/impactocastex.com.ar\/wp-content\/uploads\/2026\/04\/6IFC27NGBJGU7C5HK6LSPCXBAM-FvGw8n-1536x1050.jpg",1536,1050,true],"2048x2048":["https:\/\/impactocastex.com.ar\/wp-content\/uploads\/2026\/04\/6IFC27NGBJGU7C5HK6LSPCXBAM-FvGw8n.jpg",2000,1367,false],"newsever-slider-full":["https:\/\/impactocastex.com.ar\/wp-content\/uploads\/2026\/04\/6IFC27NGBJGU7C5HK6LSPCXBAM-FvGw8n-1280x845.jpg",1280,845,true],"newsever-featured":["https:\/\/impactocastex.com.ar\/wp-content\/uploads\/2026\/04\/6IFC27NGBJGU7C5HK6LSPCXBAM-FvGw8n-1024x700.jpg",1024,700,true],"newsever-medium":["https:\/\/impactocastex.com.ar\/wp-content\/uploads\/2026\/04\/6IFC27NGBJGU7C5HK6LSPCXBAM-FvGw8n-720x475.jpg",720,475,true]},"author_info":{"info":["impactocastex"]},"category_info":"<a href=\"https:\/\/impactocastex.com.ar\/?cat=89\" rel=\"category\">NACIONALES<\/a>","tag_info":"NACIONALES","comment_count":0,"jetpack_featured_media_url":"https:\/\/impactocastex.com.ar\/wp-content\/uploads\/2026\/04\/6IFC27NGBJGU7C5HK6LSPCXBAM-FvGw8n.jpg","jetpack_sharing_enabled":true,"jetpack_likes_enabled":true,"jetpack_shortlink":"https:\/\/wp.me\/p7sopA-4k8","_links":{"self":[{"href":"https:\/\/impactocastex.com.ar\/index.php?rest_route=\/wp\/v2\/posts\/16624","targetHints":{"allow":["GET"]}}],"collection":[{"href":"https:\/\/impactocastex.com.ar\/index.php?rest_route=\/wp\/v2\/posts"}],"about":[{"href":"https:\/\/impactocastex.com.ar\/index.php?rest_route=\/wp\/v2\/types\/post"}],"author":[{"embeddable":true,"href":"https:\/\/impactocastex.com.ar\/index.php?rest_route=\/wp\/v2\/users\/1"}],"replies":[{"embeddable":true,"href":"https:\/\/impactocastex.com.ar\/index.php?rest_route=%2Fwp%2Fv2%2Fcomments&post=16624"}],"version-history":[{"count":0,"href":"https:\/\/impactocastex.com.ar\/index.php?rest_route=\/wp\/v2\/posts\/16624\/revisions"}],"wp:featuredmedia":[{"embeddable":true,"href":"https:\/\/impactocastex.com.ar\/index.php?rest_route=\/wp\/v2\/media\/16625"}],"wp:attachment":[{"href":"https:\/\/impactocastex.com.ar\/index.php?rest_route=%2Fwp%2Fv2%2Fmedia&parent=16624"}],"wp:term":[{"taxonomy":"category","embeddable":true,"href":"https:\/\/impactocastex.com.ar\/index.php?rest_route=%2Fwp%2Fv2%2Fcategories&post=16624"},{"taxonomy":"post_tag","embeddable":true,"href":"https:\/\/impactocastex.com.ar\/index.php?rest_route=%2Fwp%2Fv2%2Ftags&post=16624"}],"curies":[{"name":"wp","href":"https:\/\/api.w.org\/{rel}","templated":true}]}}