{"id":16616,"date":"2026-04-27T22:11:45","date_gmt":"2026-04-28T01:11:45","guid":{"rendered":"https:\/\/impactocastex.com.ar\/?p=16616"},"modified":"2026-04-27T22:11:45","modified_gmt":"2026-04-28T01:11:45","slug":"freno-al-ice-demandan-al-gobierno-para-cancelar-la-construccion-de-un-centro-de-detencion-de-migrantes-en-arizona","status":"publish","type":"post","link":"https:\/\/impactocastex.com.ar\/?p=16616","title":{"rendered":"Freno al ICE: demandan al gobierno para cancelar la construcci\u00f3n de un centro de detenci\u00f3n de migrantes en Arizona"},"content":{"rendered":"<p>El estado de <b>Arizona<\/b> inici\u00f3 una <a href=\"https:\/\/www.lanacion.com.ar\/estados-unidos\/migraciones\/freno-al-ice-el-fallo-legal-que-favorece-a-los-migrantes-que-enfrentan-la-deportacion-en-nevada-nid07042026\/\" target=\"_self\" rel=\"\" title=\"https:\/\/www.lanacion.com.ar\/estados-unidos\/migraciones\/freno-al-ice-el-fallo-legal-que-favorece-a-los-migrantes-que-enfrentan-la-deportacion-en-nevada-nid07042026\/\"><b>demanda contra autoridades federales<\/b><\/a> para impedir la instalaci\u00f3n de un <b>centro de detenci\u00f3n migratoria en la ciudad de Surprise<\/b>. La acci\u00f3n fue presentada por la fiscal general <b>Kris Mayes<\/b> contra el Departamento de Seguridad Nacional (<b>DHS<\/b>, por sus siglas en ingl\u00e9s) y el Servicio de Inmigraci\u00f3n y Control de Aduanas (<b>ICE<\/b>).<\/p>\n<h1>Por qu\u00e9 Arizona demand\u00f3 al DHS y al ICE por el centro de detenci\u00f3n en Surprise<\/h1>\n<p>El ICE contempla<b> <\/b><a href=\"https:\/\/www.lanacion.com.ar\/estados-unidos\/migraciones\/el-plan-de-avance-del-ice-para-convertir-almacenes-de-city-towns-en-centros-de-detencion-de-nid11012026\/\" target=\"_self\" rel=\"\" title=\"https:\/\/www.lanacion.com.ar\/estados-unidos\/migraciones\/el-plan-de-avance-del-ice-para-convertir-almacenes-de-city-towns-en-centros-de-detencion-de-nid11012026\/\"><b>transformar un almac\u00e9n industrial<\/b><\/a><b> en una instalaci\u00f3n con capacidad para alojar<\/b> <b>entre 500 y 1500 inmigrantes<\/b>. Seg\u00fan la <a href=\"https:\/\/mcusercontent.com\/cc1fad182b6d6f8b1e352e206\/files\/26269086-de12-464f-48d8-5d21de296a23\/2026_04_24_Surprise_DHS_Complaint.pdf\" target=\"_self\" rel=\"\" title=\"https:\/\/mcusercontent.com\/cc1fad182b6d6f8b1e352e206\/files\/26269086-de12-464f-48d8-5d21de296a23\/2026_04_24_Surprise_DHS_Complaint.pdf\">presentaci\u00f3n judicial<\/a>, la decisi\u00f3n se tom\u00f3 sin consulta previa a autoridades locales ni a residentes.<\/p>\n<p>\u201cLa administraci\u00f3n Trump ha pisoteado la ley federal en <b>su af\u00e1n por expandir la capacidad de detenci\u00f3n en todo EE.UU.<\/b>\u201d, dijo la fiscal general Mayes en un <a href=\"https:\/\/www.azag.gov\/press-release\/attorney-general-mayes-sues-block-proposed-ice-detention-facility-surprise\" target=\"_self\" rel=\"\" title=\"https:\/\/www.azag.gov\/press-release\/attorney-general-mayes-sues-block-proposed-ice-detention-facility-surprise\">comunicado<\/a>. \u201cEl gobierno federal no consult\u00f3. Simplemente compraron un almac\u00e9n, adjudicaron un <b>contrato de 300 millones de d\u00f3lares a una empresa privada<\/b> y le dijeron a la ciudad que se las arreglara\u201d, se\u00f1al\u00f3.<\/p>\n<p>Uno de los ejes del reclamo de Mayes apunt\u00f3 a<b> la ausencia de estudios exigidos por la <\/b><a href=\"https:\/\/www.lanacion.com.ar\/estados-unidos\/florida\/nueva-ley-de-ron-desantis-en-florida-prohiben-financiar-agendas-dei-y-climaticas-con-fondos-publicos-nid26042026\/\" target=\"_self\" rel=\"\" title=\"https:\/\/www.lanacion.com.ar\/estados-unidos\/florida\/nueva-ley-de-ron-desantis-en-florida-prohiben-financiar-agendas-dei-y-climaticas-con-fondos-publicos-nid26042026\/\"><b>legislaci\u00f3n ambiental federal<\/b><\/a>. La presentaci\u00f3n indic\u00f3 que no se elaboraron informes de impacto ni evaluaciones previas antes de iniciar el proyecto.<\/p>\n<p>De acuerdo con la <a href=\"https:\/\/www.epa.gov\/nepa\/national-environmental-policy-act-review-process\" target=\"_self\" rel=\"\" title=\"https:\/\/www.epa.gov\/nepa\/national-environmental-policy-act-review-process\"><b>Ley Nacional de Pol\u00edtica Ambiental<\/b><\/a> (<b>NEPA<\/b>, por sus siglas en ingl\u00e9s), el gobierno federal tiene la obligaci\u00f3n de <b>cumplir al menos con una<\/b> de las siguientes acciones antes de proceder con un proyecto:<\/p>\n<ul>\n<li>Determinar que aplica una exclusi\u00f3n categ\u00f3rica.<\/li>\n<li>Preparar una declaraci\u00f3n de impacto ambiental.<\/li>\n<li>Llevar a cabo una evaluaci\u00f3n que derive en una declaraci\u00f3n de impacto o en una conclusi\u00f3n oficial y p\u00fablica de que no habr\u00e1 un impacto ambiental significativo.<\/li>\n<\/ul>\n<p>En el presente caso, seg\u00fan Mayes,<b> los demandados no realizaron ninguna de estas acciones<\/b>. Tambi\u00e9n argument\u00f3 que la normativa migratoria requiere que los centros de detenci\u00f3n<b> se ubiquen en espacios aptos<\/b>, condici\u00f3n que, seg\u00fan sostuvo en la demanda, tampoco se cumple. Adem\u00e1s, plante\u00f3 que la decisi\u00f3n fue adoptada sin analizar alternativas disponibles, como el uso de instalaciones ya existentes.<\/p>\n<p>\u201cLa administraci\u00f3n Trump <b>no est\u00e1 exenta de cumplir la ley<\/b>; ubicar una instalaci\u00f3n de este tipo en esta zona <b>es imprudente y peligroso<\/b>\u201d, asegur\u00f3 la fiscal general. \u201cMi oficina no permanecer\u00e1 impasible mientras el gobierno federal <b>pone en riesgo a esta comunidad<\/b>\u201d, se\u00f1al\u00f3.<\/p>\n<p><img loading=\"lazy\" decoding=\"async\" src=\"https:\/\/resizer.glanacion.com\/resizer\/v2\/72B5YAQ2FNBBREFEHYZVAV7SLE?auth=1e2e7464b1d49fe000474eca7b62a019b508c30cb062c27ad0683cc9093cd0d9&amp;smart=true&amp;width=1999&amp;height=1333\" alt=\"La fiscal general de Arizona, Kris Mayes, present\u00f3 una demanda federal y argument\u00f3 que el sitio es inadecuado por su cercan\u00eda a una instalaci\u00f3n de qu\u00edmicos peligrosos y a dos escuelas p\u00fablicas\" height=\"1333\" width=\"1999\" \/><\/p>\n<h1>Riesgos para migrantes en el centro del ICE de Surprise: qu\u00edmicos, agua y ventilaci\u00f3n<\/h1>\n<p>El edificio seleccionado<b> se encuentra en una zona industrial<\/b>, frente a una planta que almacena grandes vol\u00famenes de sustancias qu\u00edmicas. Este factor fue se\u00f1alado como un <b>riesgo para las personas que ser\u00edan alojadas en el lugar<\/b>.<\/p>\n<p>La demanda advirti\u00f3 que, ante un incidente como un derrame o incendio,<b> los detenidos no tendr\u00edan posibilidad de evacuar por sus propios medios debido a su condici\u00f3n de custodia<\/b>. Tambi\u00e9n mencion\u00f3 que la presencia de veh\u00edculos de transporte de qu\u00edmicos <b>podr\u00eda afectar la respuesta ante emergencias<\/b>, al interferir con el acceso a infraestructura como hidrantes.<\/p>\n<p>El inmueble fue dise\u00f1ado como centro de distribuci\u00f3n y no como espacio residencial. Seg\u00fan el planteo judicial, <b>no cuenta con sistemas adecuados de agua potable ni de tratamiento de residuos<\/b> para albergar a una poblaci\u00f3n numerosa.<\/p>\n<p>La falta de instalaciones sanitarias suficientes <b>podr\u00eda afectar condiciones de higiene y salud<\/b>. Asimismo, se cuestion\u00f3 la capacidad del edificio para mantener niveles adecuados de <b>ventilaci\u00f3n y temperatura<\/b>.<\/p>\n<p><img loading=\"lazy\" decoding=\"async\" src=\"https:\/\/resizer.glanacion.com\/resizer\/v2\/EYM6KKEDGBEQDMWECFAPG55ARE.jpg?auth=634037212a0e39e9a33c3395138508905ed3907a0c70964bc2e06a775b97a550&amp;smart=true&amp;width=2000&amp;height=1333\" alt=\"El ICE contempla una capacidad de alojamiento de entre 500 y 1500 personas\" height=\"1333\" width=\"2000\" \/><\/p>\n<h1>Escuelas cercanas al centro del ICE en Arizona alertan por impacto en estudiantes<\/h1>\n<p><b>El almac\u00e9n se ubica a menos de 1,5 kil\u00f3metros de dos instituciones educativas<\/b>. Esta proximidad gener\u00f3 inquietud en la comunidad escolar.<\/p>\n<p>Estudiantes manifestaron temor ante la presencia de agentes migratorios en las inmediaciones. Algunos indicaron que <b>modificaron su modalidad de estudio para evitar transitar por la zona<\/b>.<\/p>\n<p>\u201cTodos tenemos el deber c\u00edvico de proteger a los j\u00f3venes y a los estudiantes. <b>Creo que estas instalaciones no se acercar\u00e1n ni remotamente a ser un lugar seguro<\/b>\u201d, indic\u00f3 Cali Overs, estudiante de \u00faltimo a\u00f1o y vicepresidenta del consejo estudiantil de la preparatoria Dysart, a <a href=\"https:\/\/www.fox10phoenix.com\/news\/arizona-high-school-student-demands-buffer-zone-keep-ice-away-schools\" target=\"_self\" rel=\"\" title=\"https:\/\/www.fox10phoenix.com\/news\/arizona-high-school-student-demands-buffer-zone-keep-ice-away-schools\"><i>Fox 10<\/i><\/a>.<\/p>\n<p>El representante estudiantil tambi\u00e9n impuls\u00f3 una propuesta de <b>establecer un per\u00edmetro de seguridad de cuatro kil\u00f3metros alrededor de escuelas <\/b>para restringir este tipo de instalaciones. \u201cNo creo que esto sea un asunto partidista; se trata de la seguridad de los estudiantes. Espero que hagan algo al respecto y que los protejan\u201d, agreg\u00f3.<\/p>\n<h1>Qu\u00e9 pide Arizona en la demanda contra el DHS por el centro migratorio<\/h1>\n<p>La demanda solicit\u00f3 que la justicia <b>declare ilegal la decisi\u00f3n de avanzar con el proyecto en Surprise<\/b>. Tambi\u00e9n pidi\u00f3 la anulaci\u00f3n de la medida administrativa que autoriz\u00f3 la reconversi\u00f3n del edificio.<\/p>\n<p>Adem\u00e1s, se requiri\u00f3 una <b>orden que impida cualquier obra o actividad vinculada al funcionamiento del centro en ese lugar<\/b>. El planteo incluye la posibilidad de adoptar medidas adicionales que el tribunal considere pertinentes para proteger a la comunidad.<\/p>\n<p>\u201cHaremos todo lo que est\u00e9 a nuestro alcance para exigir responsabilidades al gobierno federal y <b>proteger la salud y la seguridad de esta comunidad<\/b>\u201d, dijo Mayes.<\/p>\n<p>\u200bArizona demand\u00f3 al gobierno federal para frenar un centro del ICE en Surprise por riesgos ambientales, falta de controles y temor en escuelas cercanas.\u00a0\u00a0<\/p>","protected":false},"excerpt":{"rendered":"<p>El estado de Arizona inici\u00f3 una demanda contra autoridades federales para impedir la instalaci\u00f3n de&#8230;<\/p>\n","protected":false},"author":1,"featured_media":16617,"comment_status":"closed","ping_status":"closed","sticky":false,"template":"","format":"standard","meta":{"_jetpack_memberships_contains_paid_content":false,"footnotes":"","jetpack_publicize_message":"","jetpack_publicize_feature_enabled":true,"jetpack_social_post_already_shared":true,"jetpack_social_options":{"image_generator_settings":{"template":"highway","default_image_id":0,"font":"","enabled":false},"version":2}},"categories":[89],"tags":[],"class_list":["post-16616","post","type-post","status-publish","format-standard","has-post-thumbnail","hentry","category-nacionales"],"yoast_head":"<!-- This site is optimized with the Yoast SEO plugin v27.4 - https:\/\/yoast.com\/product\/yoast-seo-wordpress\/ -->\n<title>Freno al ICE: demandan al gobierno para cancelar la construcci\u00f3n de un centro de detenci\u00f3n de migrantes en Arizona -<\/title>\n<meta name=\"robots\" content=\"index, follow, max-snippet:-1, max-image-preview:large, max-video-preview:-1\" \/>\n<link rel=\"canonical\" href=\"https:\/\/impactocastex.com.ar\/?p=16616\" \/>\n<meta property=\"og:locale\" content=\"es_ES\" \/>\n<meta property=\"og:type\" content=\"article\" \/>\n<meta property=\"og:title\" content=\"Freno al ICE: demandan al gobierno para cancelar la construcci\u00f3n de un centro de detenci\u00f3n de migrantes en Arizona -\" \/>\n<meta property=\"og:description\" content=\"El estado de Arizona inici\u00f3 una demanda contra autoridades federales para impedir la instalaci\u00f3n de...\" \/>\n<meta property=\"og:url\" content=\"https:\/\/impactocastex.com.ar\/?p=16616\" \/>\n<meta property=\"article:publisher\" content=\"https:\/\/www.facebook.com\/impactocastexdiario\" \/>\n<meta property=\"article:published_time\" content=\"2026-04-28T01:11:45+00:00\" \/>\n<meta property=\"og:image\" content=\"https:\/\/resizer.glanacion.com\/resizer\/v2\/72B5YAQ2FNBBREFEHYZVAV7SLE?auth=1e2e7464b1d49fe000474eca7b62a019b508c30cb062c27ad0683cc9093cd0d9&amp;smart=true&amp;width=1999&amp;height=1333\" \/>\n<meta name=\"author\" content=\"impactocastex\" \/>\n<meta name=\"twitter:card\" content=\"summary_large_image\" \/>\n<meta name=\"twitter:label1\" content=\"Escrito por\" \/>\n\t<meta name=\"twitter:data1\" content=\"impactocastex\" \/>\n\t<meta name=\"twitter:label2\" content=\"Tiempo de lectura\" \/>\n\t<meta name=\"twitter:data2\" content=\"5 minutos\" \/>\n<script type=\"application\/ld+json\" class=\"yoast-schema-graph\">{\"@context\":\"https:\\\/\\\/schema.org\",\"@graph\":[{\"@type\":\"Article\",\"@id\":\"https:\\\/\\\/impactocastex.com.ar\\\/?p=16616#article\",\"isPartOf\":{\"@id\":\"https:\\\/\\\/impactocastex.com.ar\\\/?p=16616\"},\"author\":{\"name\":\"impactocastex\",\"@id\":\"https:\\\/\\\/impactocastex.com.ar\\\/#\\\/schema\\\/person\\\/86cb4f827fb5f87869a239b98a69c6e3\"},\"headline\":\"Freno al ICE: demandan al gobierno para cancelar la construcci\u00f3n de un centro de detenci\u00f3n de migrantes en Arizona\",\"datePublished\":\"2026-04-28T01:11:45+00:00\",\"mainEntityOfPage\":{\"@id\":\"https:\\\/\\\/impactocastex.com.ar\\\/?p=16616\"},\"wordCount\":933,\"publisher\":{\"@id\":\"https:\\\/\\\/impactocastex.com.ar\\\/#organization\"},\"image\":{\"@id\":\"https:\\\/\\\/impactocastex.com.ar\\\/?p=16616#primaryimage\"},\"thumbnailUrl\":\"https:\\\/\\\/impactocastex.com.ar\\\/wp-content\\\/uploads\\\/2026\\\/04\\\/4EJNXQNM3JH7VPDYWUB7ES3TZI-egqfr8.jpg\",\"articleSection\":[\"NACIONALES\"],\"inLanguage\":\"es\"},{\"@type\":\"WebPage\",\"@id\":\"https:\\\/\\\/impactocastex.com.ar\\\/?p=16616\",\"url\":\"https:\\\/\\\/impactocastex.com.ar\\\/?p=16616\",\"name\":\"Freno al ICE: demandan al gobierno para cancelar la construcci\u00f3n de un centro de detenci\u00f3n de migrantes en Arizona -\",\"isPartOf\":{\"@id\":\"https:\\\/\\\/impactocastex.com.ar\\\/#website\"},\"primaryImageOfPage\":{\"@id\":\"https:\\\/\\\/impactocastex.com.ar\\\/?p=16616#primaryimage\"},\"image\":{\"@id\":\"https:\\\/\\\/impactocastex.com.ar\\\/?p=16616#primaryimage\"},\"thumbnailUrl\":\"https:\\\/\\\/impactocastex.com.ar\\\/wp-content\\\/uploads\\\/2026\\\/04\\\/4EJNXQNM3JH7VPDYWUB7ES3TZI-egqfr8.jpg\",\"datePublished\":\"2026-04-28T01:11:45+00:00\",\"breadcrumb\":{\"@id\":\"https:\\\/\\\/impactocastex.com.ar\\\/?p=16616#breadcrumb\"},\"inLanguage\":\"es\",\"potentialAction\":[{\"@type\":\"ReadAction\",\"target\":[\"https:\\\/\\\/impactocastex.com.ar\\\/?p=16616\"]}]},{\"@type\":\"ImageObject\",\"inLanguage\":\"es\",\"@id\":\"https:\\\/\\\/impactocastex.com.ar\\\/?p=16616#primaryimage\",\"url\":\"https:\\\/\\\/impactocastex.com.ar\\\/wp-content\\\/uploads\\\/2026\\\/04\\\/4EJNXQNM3JH7VPDYWUB7ES3TZI-egqfr8.jpg\",\"contentUrl\":\"https:\\\/\\\/impactocastex.com.ar\\\/wp-content\\\/uploads\\\/2026\\\/04\\\/4EJNXQNM3JH7VPDYWUB7ES3TZI-egqfr8.jpg\",\"width\":2000,\"height\":1333},{\"@type\":\"BreadcrumbList\",\"@id\":\"https:\\\/\\\/impactocastex.com.ar\\\/?p=16616#breadcrumb\",\"itemListElement\":[{\"@type\":\"ListItem\",\"position\":1,\"name\":\"Portada\",\"item\":\"https:\\\/\\\/impactocastex.com.ar\\\/\"},{\"@type\":\"ListItem\",\"position\":2,\"name\":\"Freno al ICE: demandan al gobierno para cancelar la construcci\u00f3n de un centro de detenci\u00f3n de migrantes en Arizona\"}]},{\"@type\":\"WebSite\",\"@id\":\"https:\\\/\\\/impactocastex.com.ar\\\/#website\",\"url\":\"https:\\\/\\\/impactocastex.com.ar\\\/\",\"name\":\"Impacto Castex\",\"description\":\"\",\"publisher\":{\"@id\":\"https:\\\/\\\/impactocastex.com.ar\\\/#organization\"},\"potentialAction\":[{\"@type\":\"SearchAction\",\"target\":{\"@type\":\"EntryPoint\",\"urlTemplate\":\"https:\\\/\\\/impactocastex.com.ar\\\/?s={search_term_string}\"},\"query-input\":{\"@type\":\"PropertyValueSpecification\",\"valueRequired\":true,\"valueName\":\"search_term_string\"}}],\"inLanguage\":\"es\"},{\"@type\":\"Organization\",\"@id\":\"https:\\\/\\\/impactocastex.com.ar\\\/#organization\",\"name\":\"Impacto Castex\",\"url\":\"https:\\\/\\\/impactocastex.com.ar\\\/\",\"logo\":{\"@type\":\"ImageObject\",\"inLanguage\":\"es\",\"@id\":\"https:\\\/\\\/impactocastex.com.ar\\\/#\\\/schema\\\/logo\\\/image\\\/\",\"url\":\"https:\\\/\\\/impactocastex.com.ar\\\/wp-content\\\/uploads\\\/2025\\\/09\\\/cropped-icoweb.png\",\"contentUrl\":\"https:\\\/\\\/impactocastex.com.ar\\\/wp-content\\\/uploads\\\/2025\\\/09\\\/cropped-icoweb.png\",\"width\":512,\"height\":512,\"caption\":\"Impacto Castex\"},\"image\":{\"@id\":\"https:\\\/\\\/impactocastex.com.ar\\\/#\\\/schema\\\/logo\\\/image\\\/\"},\"sameAs\":[\"https:\\\/\\\/www.facebook.com\\\/impactocastexdiario\",\"https:\\\/\\\/www.instagram.com\\\/impactocastex.com.ar\\\/\"]},{\"@type\":\"Person\",\"@id\":\"https:\\\/\\\/impactocastex.com.ar\\\/#\\\/schema\\\/person\\\/86cb4f827fb5f87869a239b98a69c6e3\",\"name\":\"impactocastex\",\"image\":{\"@type\":\"ImageObject\",\"inLanguage\":\"es\",\"@id\":\"https:\\\/\\\/secure.gravatar.com\\\/avatar\\\/9a87ee051ca8c77f5d4070843ce2c78cdf95b858b950fb039151de955122f5f5?s=96&d=mm&r=g\",\"url\":\"https:\\\/\\\/secure.gravatar.com\\\/avatar\\\/9a87ee051ca8c77f5d4070843ce2c78cdf95b858b950fb039151de955122f5f5?s=96&d=mm&r=g\",\"contentUrl\":\"https:\\\/\\\/secure.gravatar.com\\\/avatar\\\/9a87ee051ca8c77f5d4070843ce2c78cdf95b858b950fb039151de955122f5f5?s=96&d=mm&r=g\",\"caption\":\"impactocastex\"},\"sameAs\":[\"https:\\\/\\\/impactocastex.com.ar\"],\"url\":\"https:\\\/\\\/impactocastex.com.ar\\\/?author=1\"}]}<\/script>\n<!-- \/ Yoast SEO plugin. -->","yoast_head_json":{"title":"Freno al ICE: demandan al gobierno para cancelar la construcci\u00f3n de un centro de detenci\u00f3n de migrantes en Arizona -","robots":{"index":"index","follow":"follow","max-snippet":"max-snippet:-1","max-image-preview":"max-image-preview:large","max-video-preview":"max-video-preview:-1"},"canonical":"https:\/\/impactocastex.com.ar\/?p=16616","og_locale":"es_ES","og_type":"article","og_title":"Freno al ICE: demandan al gobierno para cancelar la construcci\u00f3n de un centro de detenci\u00f3n de migrantes en Arizona -","og_description":"El estado de Arizona inici\u00f3 una demanda contra autoridades federales para impedir la instalaci\u00f3n de...","og_url":"https:\/\/impactocastex.com.ar\/?p=16616","article_publisher":"https:\/\/www.facebook.com\/impactocastexdiario","article_published_time":"2026-04-28T01:11:45+00:00","og_image":[{"url":"https:\/\/resizer.glanacion.com\/resizer\/v2\/72B5YAQ2FNBBREFEHYZVAV7SLE?auth=1e2e7464b1d49fe000474eca7b62a019b508c30cb062c27ad0683cc9093cd0d9&amp;smart=true&amp;width=1999&amp;height=1333","type":"","width":"","height":""}],"author":"impactocastex","twitter_card":"summary_large_image","twitter_misc":{"Escrito por":"impactocastex","Tiempo de lectura":"5 minutos"},"schema":{"@context":"https:\/\/schema.org","@graph":[{"@type":"Article","@id":"https:\/\/impactocastex.com.ar\/?p=16616#article","isPartOf":{"@id":"https:\/\/impactocastex.com.ar\/?p=16616"},"author":{"name":"impactocastex","@id":"https:\/\/impactocastex.com.ar\/#\/schema\/person\/86cb4f827fb5f87869a239b98a69c6e3"},"headline":"Freno al ICE: demandan al gobierno para cancelar la construcci\u00f3n de un centro de detenci\u00f3n de migrantes en Arizona","datePublished":"2026-04-28T01:11:45+00:00","mainEntityOfPage":{"@id":"https:\/\/impactocastex.com.ar\/?p=16616"},"wordCount":933,"publisher":{"@id":"https:\/\/impactocastex.com.ar\/#organization"},"image":{"@id":"https:\/\/impactocastex.com.ar\/?p=16616#primaryimage"},"thumbnailUrl":"https:\/\/impactocastex.com.ar\/wp-content\/uploads\/2026\/04\/4EJNXQNM3JH7VPDYWUB7ES3TZI-egqfr8.jpg","articleSection":["NACIONALES"],"inLanguage":"es"},{"@type":"WebPage","@id":"https:\/\/impactocastex.com.ar\/?p=16616","url":"https:\/\/impactocastex.com.ar\/?p=16616","name":"Freno al ICE: demandan al gobierno para cancelar la construcci\u00f3n de un centro de detenci\u00f3n de migrantes en Arizona -","isPartOf":{"@id":"https:\/\/impactocastex.com.ar\/#website"},"primaryImageOfPage":{"@id":"https:\/\/impactocastex.com.ar\/?p=16616#primaryimage"},"image":{"@id":"https:\/\/impactocastex.com.ar\/?p=16616#primaryimage"},"thumbnailUrl":"https:\/\/impactocastex.com.ar\/wp-content\/uploads\/2026\/04\/4EJNXQNM3JH7VPDYWUB7ES3TZI-egqfr8.jpg","datePublished":"2026-04-28T01:11:45+00:00","breadcrumb":{"@id":"https:\/\/impactocastex.com.ar\/?p=16616#breadcrumb"},"inLanguage":"es","potentialAction":[{"@type":"ReadAction","target":["https:\/\/impactocastex.com.ar\/?p=16616"]}]},{"@type":"ImageObject","inLanguage":"es","@id":"https:\/\/impactocastex.com.ar\/?p=16616#primaryimage","url":"https:\/\/impactocastex.com.ar\/wp-content\/uploads\/2026\/04\/4EJNXQNM3JH7VPDYWUB7ES3TZI-egqfr8.jpg","contentUrl":"https:\/\/impactocastex.com.ar\/wp-content\/uploads\/2026\/04\/4EJNXQNM3JH7VPDYWUB7ES3TZI-egqfr8.jpg","width":2000,"height":1333},{"@type":"BreadcrumbList","@id":"https:\/\/impactocastex.com.ar\/?p=16616#breadcrumb","itemListElement":[{"@type":"ListItem","position":1,"name":"Portada","item":"https:\/\/impactocastex.com.ar\/"},{"@type":"ListItem","position":2,"name":"Freno al ICE: demandan al gobierno para cancelar la construcci\u00f3n de un centro de detenci\u00f3n de migrantes en Arizona"}]},{"@type":"WebSite","@id":"https:\/\/impactocastex.com.ar\/#website","url":"https:\/\/impactocastex.com.ar\/","name":"Impacto Castex","description":"","publisher":{"@id":"https:\/\/impactocastex.com.ar\/#organization"},"potentialAction":[{"@type":"SearchAction","target":{"@type":"EntryPoint","urlTemplate":"https:\/\/impactocastex.com.ar\/?s={search_term_string}"},"query-input":{"@type":"PropertyValueSpecification","valueRequired":true,"valueName":"search_term_string"}}],"inLanguage":"es"},{"@type":"Organization","@id":"https:\/\/impactocastex.com.ar\/#organization","name":"Impacto Castex","url":"https:\/\/impactocastex.com.ar\/","logo":{"@type":"ImageObject","inLanguage":"es","@id":"https:\/\/impactocastex.com.ar\/#\/schema\/logo\/image\/","url":"https:\/\/impactocastex.com.ar\/wp-content\/uploads\/2025\/09\/cropped-icoweb.png","contentUrl":"https:\/\/impactocastex.com.ar\/wp-content\/uploads\/2025\/09\/cropped-icoweb.png","width":512,"height":512,"caption":"Impacto Castex"},"image":{"@id":"https:\/\/impactocastex.com.ar\/#\/schema\/logo\/image\/"},"sameAs":["https:\/\/www.facebook.com\/impactocastexdiario","https:\/\/www.instagram.com\/impactocastex.com.ar\/"]},{"@type":"Person","@id":"https:\/\/impactocastex.com.ar\/#\/schema\/person\/86cb4f827fb5f87869a239b98a69c6e3","name":"impactocastex","image":{"@type":"ImageObject","inLanguage":"es","@id":"https:\/\/secure.gravatar.com\/avatar\/9a87ee051ca8c77f5d4070843ce2c78cdf95b858b950fb039151de955122f5f5?s=96&d=mm&r=g","url":"https:\/\/secure.gravatar.com\/avatar\/9a87ee051ca8c77f5d4070843ce2c78cdf95b858b950fb039151de955122f5f5?s=96&d=mm&r=g","contentUrl":"https:\/\/secure.gravatar.com\/avatar\/9a87ee051ca8c77f5d4070843ce2c78cdf95b858b950fb039151de955122f5f5?s=96&d=mm&r=g","caption":"impactocastex"},"sameAs":["https:\/\/impactocastex.com.ar"],"url":"https:\/\/impactocastex.com.ar\/?author=1"}]}},"jetpack_publicize_connections":[],"featured_image_urls":{"full":["https:\/\/impactocastex.com.ar\/wp-content\/uploads\/2026\/04\/4EJNXQNM3JH7VPDYWUB7ES3TZI-egqfr8.jpg",2000,1333,false],"thumbnail":["https:\/\/impactocastex.com.ar\/wp-content\/uploads\/2026\/04\/4EJNXQNM3JH7VPDYWUB7ES3TZI-egqfr8-150x150.jpg",150,150,true],"medium":["https:\/\/impactocastex.com.ar\/wp-content\/uploads\/2026\/04\/4EJNXQNM3JH7VPDYWUB7ES3TZI-egqfr8-300x200.jpg",300,200,true],"medium_large":["https:\/\/impactocastex.com.ar\/wp-content\/uploads\/2026\/04\/4EJNXQNM3JH7VPDYWUB7ES3TZI-egqfr8-768x512.jpg",640,427,true],"large":["https:\/\/impactocastex.com.ar\/wp-content\/uploads\/2026\/04\/4EJNXQNM3JH7VPDYWUB7ES3TZI-egqfr8-1024x682.jpg",640,426,true],"1536x1536":["https:\/\/impactocastex.com.ar\/wp-content\/uploads\/2026\/04\/4EJNXQNM3JH7VPDYWUB7ES3TZI-egqfr8-1536x1024.jpg",1536,1024,true],"2048x2048":["https:\/\/impactocastex.com.ar\/wp-content\/uploads\/2026\/04\/4EJNXQNM3JH7VPDYWUB7ES3TZI-egqfr8.jpg",2000,1333,false],"newsever-slider-full":["https:\/\/impactocastex.com.ar\/wp-content\/uploads\/2026\/04\/4EJNXQNM3JH7VPDYWUB7ES3TZI-egqfr8-1280x845.jpg",1280,845,true],"newsever-featured":["https:\/\/impactocastex.com.ar\/wp-content\/uploads\/2026\/04\/4EJNXQNM3JH7VPDYWUB7ES3TZI-egqfr8-1024x682.jpg",1024,682,true],"newsever-medium":["https:\/\/impactocastex.com.ar\/wp-content\/uploads\/2026\/04\/4EJNXQNM3JH7VPDYWUB7ES3TZI-egqfr8-720x475.jpg",720,475,true]},"author_info":{"info":["impactocastex"]},"category_info":"<a href=\"https:\/\/impactocastex.com.ar\/?cat=89\" rel=\"category\">NACIONALES<\/a>","tag_info":"NACIONALES","comment_count":0,"jetpack_featured_media_url":"https:\/\/impactocastex.com.ar\/wp-content\/uploads\/2026\/04\/4EJNXQNM3JH7VPDYWUB7ES3TZI-egqfr8.jpg","jetpack_sharing_enabled":true,"jetpack_likes_enabled":true,"jetpack_shortlink":"https:\/\/wp.me\/p7sopA-4k0","_links":{"self":[{"href":"https:\/\/impactocastex.com.ar\/index.php?rest_route=\/wp\/v2\/posts\/16616","targetHints":{"allow":["GET"]}}],"collection":[{"href":"https:\/\/impactocastex.com.ar\/index.php?rest_route=\/wp\/v2\/posts"}],"about":[{"href":"https:\/\/impactocastex.com.ar\/index.php?rest_route=\/wp\/v2\/types\/post"}],"author":[{"embeddable":true,"href":"https:\/\/impactocastex.com.ar\/index.php?rest_route=\/wp\/v2\/users\/1"}],"replies":[{"embeddable":true,"href":"https:\/\/impactocastex.com.ar\/index.php?rest_route=%2Fwp%2Fv2%2Fcomments&post=16616"}],"version-history":[{"count":0,"href":"https:\/\/impactocastex.com.ar\/index.php?rest_route=\/wp\/v2\/posts\/16616\/revisions"}],"wp:featuredmedia":[{"embeddable":true,"href":"https:\/\/impactocastex.com.ar\/index.php?rest_route=\/wp\/v2\/media\/16617"}],"wp:attachment":[{"href":"https:\/\/impactocastex.com.ar\/index.php?rest_route=%2Fwp%2Fv2%2Fmedia&parent=16616"}],"wp:term":[{"taxonomy":"category","embeddable":true,"href":"https:\/\/impactocastex.com.ar\/index.php?rest_route=%2Fwp%2Fv2%2Fcategories&post=16616"},{"taxonomy":"post_tag","embeddable":true,"href":"https:\/\/impactocastex.com.ar\/index.php?rest_route=%2Fwp%2Fv2%2Ftags&post=16616"}],"curies":[{"name":"wp","href":"https:\/\/api.w.org\/{rel}","templated":true}]}}