{"id":16614,"date":"2026-04-27T22:13:36","date_gmt":"2026-04-28T01:13:36","guid":{"rendered":"https:\/\/impactocastex.com.ar\/?p=16614"},"modified":"2026-04-27T22:13:36","modified_gmt":"2026-04-28T01:13:36","slug":"javier-milei-reivindica-su-modelo-economico-y-ataca-a-cristina-kirchner-la-presidiaria","status":"publish","type":"post","link":"https:\/\/impactocastex.com.ar\/?p=16614","title":{"rendered":"Javier Milei reivindica su modelo econ\u00f3mico y ataca a Cristina Kirchner: \u201cLa presidiaria\u201d"},"content":{"rendered":"<p>El presidente<b> Javier Milei<\/b> fue encargado de brindar el discurso de cierre de la cena anual de la Fundaci\u00f3n Libertad, evento que se celebra en Parque Norte. El mandatario hizo uso de la palabra cerca de las 21.45. Previo a su disertaci\u00f3n, recibi\u00f3 el premio Libertad 2026 por parte de Dr. Alberto Benegas Lynch (hijo).<\/p>\n<p>El titular de La Libertad Avanza (LLA) comenz\u00f3 solidariz\u00e1ndose con el presidente de Estados Unidos tras el tiroteo durante la cena anual de corresponsales de la Casa Blanca en Washington: \u201c<b>Quiero expresar mi m\u00e1s en\u00e9rgico repudio al intento de asesinato a Trump. <\/b>Estamos ante un nuevo auge de la violencia pol\u00edtica contra el mundo libre. Debe ser detenido en sus inicios. Hay muchos que no toleran perder la batalla en las urnas. Esas personas no son compatibles con la democracia. Debe ser castigado con todo el peso de la ley\u201d.<\/p>\n<p>\u201cNosotros los liberales cometimos un gran error tras la ca\u00edda del muro de Berl\u00edn, de creer que con la sola ca\u00edda alcanzaba. La realidad demostr\u00f3 que no. De hecho, lo que hizo el marxismo fue reconstruirse y dar la batalla cultural en otros aspectos. Traslad\u00f3 la lucha de clases a otro tipo de debates de la sociedad. <b>Terminaron tomando la escena. Y no tienen ning\u00fan problema en matarnos si les es necesario<\/b>\u201d, repar\u00f3.<\/p>\n<p><img loading=\"lazy\" decoding=\"async\" src=\"https:\/\/resizer.glanacion.com\/resizer\/v2\/OTW4ITQFE5AR3G4UT2IMZ7D2NQ.JPG?auth=b65406618b813b755f0fb5742a1bc0be9d5194fcfa0d63e667acd081c4d9f30a&amp;smart=true&amp;width=2000&amp;height=1125\" alt=\"El presidente Javier Milei durante la cena anual de la Fundaci\u00f3n Libertad\" height=\"1125\" width=\"2000\" \/><\/p>\n<p>Tras aquel comentario, <b>Milei precis\u00f3 que la charla tendr\u00eda por objeto demostrar que \u201clas ideas de la libertad funcionan\u201d.<\/b> \u201cHoy escucho a muchos que se llenan la boca con cosas que no les parecen correctas, pero al momento que ten\u00edan que hacer las cosas&#8230; Nosotros a nivel nacional no solo que hicimos el ajuste m\u00e1s grande en la historia de la Argentina si no que le devolvimos plata a los argentinos\u201d, destac\u00f3.<\/p>\n<p><b>Habl\u00f3 tambi\u00e9n sobre los recortes del sector p\u00fablico, con un dardo contra la exmandataria Cristina Kirchner<\/b>: \u201cRedujimos el tama\u00f1o del sector p\u00fablico nacional, que ronda los 15 puntos del PBI. Si quisi\u00e9ramos compararlo con otras \u00e9pocas, deber\u00edamos corregir por el acto de populismo salvaje de la presidiaria [Cristina Kirchner], cuando empez\u00f3 a dar jubilaciones sin aportes. Eso hizo que fuera m\u00e1s alto del peso del sector p\u00fablico para respetar el derecho adquirido por parte de los jubilados\u201d. Y puntualiz\u00f3: \u201cA veces nos olvidamos del lugar del que venimos\u201d.<\/p>\n<p><img loading=\"lazy\" decoding=\"async\" src=\"https:\/\/resizer.glanacion.com\/resizer\/v2\/QVF5D44PSNH27P5DV5STO6K4AM.JPG?auth=c906d3284c1141df45e07a90a5f054d7a750d4bfd6a8855a3beea20871abe877&amp;smart=true&amp;width=2000&amp;height=1125\" alt=\"El presidente Javier Milei durante la cena anual de la Fundaci\u00f3n Libertad\" height=\"1125\" width=\"2000\" \/><\/p>\n<p>Al momento de abordar la deuda p\u00fablica, puso el foco nuevamente en el kirchnerismo: \u201c<b>Durante el gobierno de Mauricio Macri, la deuda subi\u00f3 en US$60.000 millones de d\u00f3lares. Quiere decir que los US$320.000 millones de d\u00f3lares restantes son todos del kirchnerismo.<\/b> Si hay alguien que ha endeudado a este pa\u00eds, comprometiendo a las generaciones futuras, es el kirchnerismo. Durante nuestro gobierno, cay\u00f3 de US$10.000 millones\u201d.<\/p>\n<p>\u201cSi algo que los caracteriza es contar mentiras. Otra gran mentira: ahora repudian la inflaci\u00f3n, pero es la misma que ten\u00eda Cristina Kirchner. Son bastante ignorantes y bastante brutos en econom\u00eda. No me sorprende que sean personas que no pueden sumar dos m\u00e1s dos con un \u00e1baco\u201d, arremeti\u00f3 Milei. Aprovech\u00f3 asimismo para apuntar contra Axel Kicillof: <b>\u201cEl mejor exponente es el sovi\u00e9tico que gobierna la provincia de Buenos Aires\u201d.<\/b><\/p>\n<p>Y aclar\u00f3: \u201cLo que hicimos no fue magia. Fue liberalismo puro y duro. Control de la pol\u00edtica fiscal y monetaria. No quiere decir que la inflaci\u00f3n est\u00e9 resuelta. <b>33% es un n\u00famero horrible.<\/b> Pero hay que tener en cuenta de d\u00f3nde venimos\u00bb.<\/p>\n<p>El encuentro re\u00fane a dirigentes pol\u00edticos, empresarios e intelectuales de la Argentina y de otros pa\u00edses de la regi\u00f3n, y volvi\u00f3 a consolidarse como una de las principales citas del espacio liberal.<\/p>\n<p>La convocatoria incluye a m\u00e1s de 1000 invitados y tuvo como figuras destacadas como la del expresidente <a href=\"https:\/\/www.lanacion.com.ar\/politica\/mauricio-macri-el-populismo-se-esta-agotando-en-la-argentina-nid27042026\/\" target=\"_self\" rel=\"\" title=\"https:\/\/www.lanacion.com.ar\/politica\/mauricio-macri-el-populismo-se-esta-agotando-en-la-argentina-nid27042026\/\"><b>Mauricio Macri<\/b><\/a>, el ministro de Desregulaci\u00f3n y Transformaci\u00f3n del Estado, <b>Federico Sturzenegger<\/b>, y el ministro del Interior,<b> Diego Santilli<\/b>, entre otros referentes del oficialismo y la oposici\u00f3n. Tambi\u00e9n participan el ensayista peruano \u00c1lvaro Vargas Llosa y la dirigente venezolana Mar\u00eda Corina Machado, quien intervino de manera remota.<\/p>\n<p>Noticia en desarrollo.<\/p>\n<p>\u200bEl jefe de Estado cierra la cena anual de la Fundaci\u00f3n Libertad; \u201cLas ideas de la libertad funcionan\u201d, dijo\u00a0\u00a0<\/p>","protected":false},"excerpt":{"rendered":"<p>El presidente Javier Milei fue encargado de brindar el discurso de cierre de la cena&#8230;<\/p>\n","protected":false},"author":1,"featured_media":16615,"comment_status":"closed","ping_status":"closed","sticky":false,"template":"","format":"standard","meta":{"_jetpack_memberships_contains_paid_content":false,"footnotes":"","jetpack_publicize_message":"","jetpack_publicize_feature_enabled":true,"jetpack_social_post_already_shared":true,"jetpack_social_options":{"image_generator_settings":{"template":"highway","default_image_id":0,"font":"","enabled":false},"version":2}},"categories":[89],"tags":[],"class_list":["post-16614","post","type-post","status-publish","format-standard","has-post-thumbnail","hentry","category-nacionales"],"yoast_head":"<!-- This site is optimized with the Yoast SEO plugin v27.4 - https:\/\/yoast.com\/product\/yoast-seo-wordpress\/ -->\n<title>Javier Milei reivindica su modelo econ\u00f3mico y ataca a Cristina Kirchner: \u201cLa presidiaria\u201d -<\/title>\n<meta name=\"robots\" content=\"index, follow, max-snippet:-1, max-image-preview:large, max-video-preview:-1\" \/>\n<link rel=\"canonical\" href=\"https:\/\/impactocastex.com.ar\/?p=16614\" \/>\n<meta property=\"og:locale\" content=\"es_ES\" \/>\n<meta property=\"og:type\" content=\"article\" \/>\n<meta property=\"og:title\" content=\"Javier Milei reivindica su modelo econ\u00f3mico y ataca a Cristina Kirchner: \u201cLa presidiaria\u201d -\" \/>\n<meta property=\"og:description\" content=\"El presidente Javier Milei fue encargado de brindar el discurso de cierre de la cena...\" \/>\n<meta property=\"og:url\" content=\"https:\/\/impactocastex.com.ar\/?p=16614\" \/>\n<meta property=\"article:publisher\" content=\"https:\/\/www.facebook.com\/impactocastexdiario\" \/>\n<meta property=\"article:published_time\" content=\"2026-04-28T01:13:36+00:00\" \/>\n<meta property=\"og:image\" content=\"https:\/\/resizer.glanacion.com\/resizer\/v2\/OTW4ITQFE5AR3G4UT2IMZ7D2NQ.JPG?auth=b65406618b813b755f0fb5742a1bc0be9d5194fcfa0d63e667acd081c4d9f30a&amp;smart=true&amp;width=2000&amp;height=1125\" \/>\n<meta name=\"author\" content=\"impactocastex\" \/>\n<meta name=\"twitter:card\" content=\"summary_large_image\" \/>\n<meta name=\"twitter:label1\" content=\"Escrito por\" \/>\n\t<meta name=\"twitter:data1\" content=\"impactocastex\" \/>\n\t<meta name=\"twitter:label2\" content=\"Tiempo de lectura\" \/>\n\t<meta name=\"twitter:data2\" content=\"4 minutos\" \/>\n<script type=\"application\/ld+json\" class=\"yoast-schema-graph\">{\"@context\":\"https:\\\/\\\/schema.org\",\"@graph\":[{\"@type\":\"Article\",\"@id\":\"https:\\\/\\\/impactocastex.com.ar\\\/?p=16614#article\",\"isPartOf\":{\"@id\":\"https:\\\/\\\/impactocastex.com.ar\\\/?p=16614\"},\"author\":{\"name\":\"impactocastex\",\"@id\":\"https:\\\/\\\/impactocastex.com.ar\\\/#\\\/schema\\\/person\\\/86cb4f827fb5f87869a239b98a69c6e3\"},\"headline\":\"Javier Milei reivindica su modelo econ\u00f3mico y ataca a Cristina Kirchner: \u201cLa presidiaria\u201d\",\"datePublished\":\"2026-04-28T01:13:36+00:00\",\"mainEntityOfPage\":{\"@id\":\"https:\\\/\\\/impactocastex.com.ar\\\/?p=16614\"},\"wordCount\":726,\"publisher\":{\"@id\":\"https:\\\/\\\/impactocastex.com.ar\\\/#organization\"},\"image\":{\"@id\":\"https:\\\/\\\/impactocastex.com.ar\\\/?p=16614#primaryimage\"},\"thumbnailUrl\":\"https:\\\/\\\/impactocastex.com.ar\\\/wp-content\\\/uploads\\\/2026\\\/04\\\/AF4KIGBDVJBI5JZHDKPQXJJK5M-Y0bwcz.jpg\",\"articleSection\":[\"NACIONALES\"],\"inLanguage\":\"es\"},{\"@type\":\"WebPage\",\"@id\":\"https:\\\/\\\/impactocastex.com.ar\\\/?p=16614\",\"url\":\"https:\\\/\\\/impactocastex.com.ar\\\/?p=16614\",\"name\":\"Javier Milei reivindica su modelo econ\u00f3mico y ataca a Cristina Kirchner: \u201cLa presidiaria\u201d -\",\"isPartOf\":{\"@id\":\"https:\\\/\\\/impactocastex.com.ar\\\/#website\"},\"primaryImageOfPage\":{\"@id\":\"https:\\\/\\\/impactocastex.com.ar\\\/?p=16614#primaryimage\"},\"image\":{\"@id\":\"https:\\\/\\\/impactocastex.com.ar\\\/?p=16614#primaryimage\"},\"thumbnailUrl\":\"https:\\\/\\\/impactocastex.com.ar\\\/wp-content\\\/uploads\\\/2026\\\/04\\\/AF4KIGBDVJBI5JZHDKPQXJJK5M-Y0bwcz.jpg\",\"datePublished\":\"2026-04-28T01:13:36+00:00\",\"breadcrumb\":{\"@id\":\"https:\\\/\\\/impactocastex.com.ar\\\/?p=16614#breadcrumb\"},\"inLanguage\":\"es\",\"potentialAction\":[{\"@type\":\"ReadAction\",\"target\":[\"https:\\\/\\\/impactocastex.com.ar\\\/?p=16614\"]}]},{\"@type\":\"ImageObject\",\"inLanguage\":\"es\",\"@id\":\"https:\\\/\\\/impactocastex.com.ar\\\/?p=16614#primaryimage\",\"url\":\"https:\\\/\\\/impactocastex.com.ar\\\/wp-content\\\/uploads\\\/2026\\\/04\\\/AF4KIGBDVJBI5JZHDKPQXJJK5M-Y0bwcz.jpg\",\"contentUrl\":\"https:\\\/\\\/impactocastex.com.ar\\\/wp-content\\\/uploads\\\/2026\\\/04\\\/AF4KIGBDVJBI5JZHDKPQXJJK5M-Y0bwcz.jpg\",\"width\":1200,\"height\":900},{\"@type\":\"BreadcrumbList\",\"@id\":\"https:\\\/\\\/impactocastex.com.ar\\\/?p=16614#breadcrumb\",\"itemListElement\":[{\"@type\":\"ListItem\",\"position\":1,\"name\":\"Portada\",\"item\":\"https:\\\/\\\/impactocastex.com.ar\\\/\"},{\"@type\":\"ListItem\",\"position\":2,\"name\":\"Javier Milei reivindica su modelo econ\u00f3mico y ataca a Cristina Kirchner: \u201cLa presidiaria\u201d\"}]},{\"@type\":\"WebSite\",\"@id\":\"https:\\\/\\\/impactocastex.com.ar\\\/#website\",\"url\":\"https:\\\/\\\/impactocastex.com.ar\\\/\",\"name\":\"Impacto Castex\",\"description\":\"\",\"publisher\":{\"@id\":\"https:\\\/\\\/impactocastex.com.ar\\\/#organization\"},\"potentialAction\":[{\"@type\":\"SearchAction\",\"target\":{\"@type\":\"EntryPoint\",\"urlTemplate\":\"https:\\\/\\\/impactocastex.com.ar\\\/?s={search_term_string}\"},\"query-input\":{\"@type\":\"PropertyValueSpecification\",\"valueRequired\":true,\"valueName\":\"search_term_string\"}}],\"inLanguage\":\"es\"},{\"@type\":\"Organization\",\"@id\":\"https:\\\/\\\/impactocastex.com.ar\\\/#organization\",\"name\":\"Impacto Castex\",\"url\":\"https:\\\/\\\/impactocastex.com.ar\\\/\",\"logo\":{\"@type\":\"ImageObject\",\"inLanguage\":\"es\",\"@id\":\"https:\\\/\\\/impactocastex.com.ar\\\/#\\\/schema\\\/logo\\\/image\\\/\",\"url\":\"https:\\\/\\\/impactocastex.com.ar\\\/wp-content\\\/uploads\\\/2025\\\/09\\\/cropped-icoweb.png\",\"contentUrl\":\"https:\\\/\\\/impactocastex.com.ar\\\/wp-content\\\/uploads\\\/2025\\\/09\\\/cropped-icoweb.png\",\"width\":512,\"height\":512,\"caption\":\"Impacto Castex\"},\"image\":{\"@id\":\"https:\\\/\\\/impactocastex.com.ar\\\/#\\\/schema\\\/logo\\\/image\\\/\"},\"sameAs\":[\"https:\\\/\\\/www.facebook.com\\\/impactocastexdiario\",\"https:\\\/\\\/www.instagram.com\\\/impactocastex.com.ar\\\/\"]},{\"@type\":\"Person\",\"@id\":\"https:\\\/\\\/impactocastex.com.ar\\\/#\\\/schema\\\/person\\\/86cb4f827fb5f87869a239b98a69c6e3\",\"name\":\"impactocastex\",\"image\":{\"@type\":\"ImageObject\",\"inLanguage\":\"es\",\"@id\":\"https:\\\/\\\/secure.gravatar.com\\\/avatar\\\/9a87ee051ca8c77f5d4070843ce2c78cdf95b858b950fb039151de955122f5f5?s=96&d=mm&r=g\",\"url\":\"https:\\\/\\\/secure.gravatar.com\\\/avatar\\\/9a87ee051ca8c77f5d4070843ce2c78cdf95b858b950fb039151de955122f5f5?s=96&d=mm&r=g\",\"contentUrl\":\"https:\\\/\\\/secure.gravatar.com\\\/avatar\\\/9a87ee051ca8c77f5d4070843ce2c78cdf95b858b950fb039151de955122f5f5?s=96&d=mm&r=g\",\"caption\":\"impactocastex\"},\"sameAs\":[\"https:\\\/\\\/impactocastex.com.ar\"],\"url\":\"https:\\\/\\\/impactocastex.com.ar\\\/?author=1\"}]}<\/script>\n<!-- \/ Yoast SEO plugin. -->","yoast_head_json":{"title":"Javier Milei reivindica su modelo econ\u00f3mico y ataca a Cristina Kirchner: \u201cLa presidiaria\u201d -","robots":{"index":"index","follow":"follow","max-snippet":"max-snippet:-1","max-image-preview":"max-image-preview:large","max-video-preview":"max-video-preview:-1"},"canonical":"https:\/\/impactocastex.com.ar\/?p=16614","og_locale":"es_ES","og_type":"article","og_title":"Javier Milei reivindica su modelo econ\u00f3mico y ataca a Cristina Kirchner: \u201cLa presidiaria\u201d -","og_description":"El presidente Javier Milei fue encargado de brindar el discurso de cierre de la cena...","og_url":"https:\/\/impactocastex.com.ar\/?p=16614","article_publisher":"https:\/\/www.facebook.com\/impactocastexdiario","article_published_time":"2026-04-28T01:13:36+00:00","og_image":[{"url":"https:\/\/resizer.glanacion.com\/resizer\/v2\/OTW4ITQFE5AR3G4UT2IMZ7D2NQ.JPG?auth=b65406618b813b755f0fb5742a1bc0be9d5194fcfa0d63e667acd081c4d9f30a&amp;smart=true&amp;width=2000&amp;height=1125","type":"","width":"","height":""}],"author":"impactocastex","twitter_card":"summary_large_image","twitter_misc":{"Escrito por":"impactocastex","Tiempo de lectura":"4 minutos"},"schema":{"@context":"https:\/\/schema.org","@graph":[{"@type":"Article","@id":"https:\/\/impactocastex.com.ar\/?p=16614#article","isPartOf":{"@id":"https:\/\/impactocastex.com.ar\/?p=16614"},"author":{"name":"impactocastex","@id":"https:\/\/impactocastex.com.ar\/#\/schema\/person\/86cb4f827fb5f87869a239b98a69c6e3"},"headline":"Javier Milei reivindica su modelo econ\u00f3mico y ataca a Cristina Kirchner: \u201cLa presidiaria\u201d","datePublished":"2026-04-28T01:13:36+00:00","mainEntityOfPage":{"@id":"https:\/\/impactocastex.com.ar\/?p=16614"},"wordCount":726,"publisher":{"@id":"https:\/\/impactocastex.com.ar\/#organization"},"image":{"@id":"https:\/\/impactocastex.com.ar\/?p=16614#primaryimage"},"thumbnailUrl":"https:\/\/impactocastex.com.ar\/wp-content\/uploads\/2026\/04\/AF4KIGBDVJBI5JZHDKPQXJJK5M-Y0bwcz.jpg","articleSection":["NACIONALES"],"inLanguage":"es"},{"@type":"WebPage","@id":"https:\/\/impactocastex.com.ar\/?p=16614","url":"https:\/\/impactocastex.com.ar\/?p=16614","name":"Javier Milei reivindica su modelo econ\u00f3mico y ataca a Cristina Kirchner: \u201cLa presidiaria\u201d -","isPartOf":{"@id":"https:\/\/impactocastex.com.ar\/#website"},"primaryImageOfPage":{"@id":"https:\/\/impactocastex.com.ar\/?p=16614#primaryimage"},"image":{"@id":"https:\/\/impactocastex.com.ar\/?p=16614#primaryimage"},"thumbnailUrl":"https:\/\/impactocastex.com.ar\/wp-content\/uploads\/2026\/04\/AF4KIGBDVJBI5JZHDKPQXJJK5M-Y0bwcz.jpg","datePublished":"2026-04-28T01:13:36+00:00","breadcrumb":{"@id":"https:\/\/impactocastex.com.ar\/?p=16614#breadcrumb"},"inLanguage":"es","potentialAction":[{"@type":"ReadAction","target":["https:\/\/impactocastex.com.ar\/?p=16614"]}]},{"@type":"ImageObject","inLanguage":"es","@id":"https:\/\/impactocastex.com.ar\/?p=16614#primaryimage","url":"https:\/\/impactocastex.com.ar\/wp-content\/uploads\/2026\/04\/AF4KIGBDVJBI5JZHDKPQXJJK5M-Y0bwcz.jpg","contentUrl":"https:\/\/impactocastex.com.ar\/wp-content\/uploads\/2026\/04\/AF4KIGBDVJBI5JZHDKPQXJJK5M-Y0bwcz.jpg","width":1200,"height":900},{"@type":"BreadcrumbList","@id":"https:\/\/impactocastex.com.ar\/?p=16614#breadcrumb","itemListElement":[{"@type":"ListItem","position":1,"name":"Portada","item":"https:\/\/impactocastex.com.ar\/"},{"@type":"ListItem","position":2,"name":"Javier Milei reivindica su modelo econ\u00f3mico y ataca a Cristina Kirchner: \u201cLa presidiaria\u201d"}]},{"@type":"WebSite","@id":"https:\/\/impactocastex.com.ar\/#website","url":"https:\/\/impactocastex.com.ar\/","name":"Impacto Castex","description":"","publisher":{"@id":"https:\/\/impactocastex.com.ar\/#organization"},"potentialAction":[{"@type":"SearchAction","target":{"@type":"EntryPoint","urlTemplate":"https:\/\/impactocastex.com.ar\/?s={search_term_string}"},"query-input":{"@type":"PropertyValueSpecification","valueRequired":true,"valueName":"search_term_string"}}],"inLanguage":"es"},{"@type":"Organization","@id":"https:\/\/impactocastex.com.ar\/#organization","name":"Impacto Castex","url":"https:\/\/impactocastex.com.ar\/","logo":{"@type":"ImageObject","inLanguage":"es","@id":"https:\/\/impactocastex.com.ar\/#\/schema\/logo\/image\/","url":"https:\/\/impactocastex.com.ar\/wp-content\/uploads\/2025\/09\/cropped-icoweb.png","contentUrl":"https:\/\/impactocastex.com.ar\/wp-content\/uploads\/2025\/09\/cropped-icoweb.png","width":512,"height":512,"caption":"Impacto Castex"},"image":{"@id":"https:\/\/impactocastex.com.ar\/#\/schema\/logo\/image\/"},"sameAs":["https:\/\/www.facebook.com\/impactocastexdiario","https:\/\/www.instagram.com\/impactocastex.com.ar\/"]},{"@type":"Person","@id":"https:\/\/impactocastex.com.ar\/#\/schema\/person\/86cb4f827fb5f87869a239b98a69c6e3","name":"impactocastex","image":{"@type":"ImageObject","inLanguage":"es","@id":"https:\/\/secure.gravatar.com\/avatar\/9a87ee051ca8c77f5d4070843ce2c78cdf95b858b950fb039151de955122f5f5?s=96&d=mm&r=g","url":"https:\/\/secure.gravatar.com\/avatar\/9a87ee051ca8c77f5d4070843ce2c78cdf95b858b950fb039151de955122f5f5?s=96&d=mm&r=g","contentUrl":"https:\/\/secure.gravatar.com\/avatar\/9a87ee051ca8c77f5d4070843ce2c78cdf95b858b950fb039151de955122f5f5?s=96&d=mm&r=g","caption":"impactocastex"},"sameAs":["https:\/\/impactocastex.com.ar"],"url":"https:\/\/impactocastex.com.ar\/?author=1"}]}},"jetpack_publicize_connections":[],"featured_image_urls":{"full":["https:\/\/impactocastex.com.ar\/wp-content\/uploads\/2026\/04\/AF4KIGBDVJBI5JZHDKPQXJJK5M-Y0bwcz.jpg",1200,900,false],"thumbnail":["https:\/\/impactocastex.com.ar\/wp-content\/uploads\/2026\/04\/AF4KIGBDVJBI5JZHDKPQXJJK5M-Y0bwcz-150x150.jpg",150,150,true],"medium":["https:\/\/impactocastex.com.ar\/wp-content\/uploads\/2026\/04\/AF4KIGBDVJBI5JZHDKPQXJJK5M-Y0bwcz-300x225.jpg",300,225,true],"medium_large":["https:\/\/impactocastex.com.ar\/wp-content\/uploads\/2026\/04\/AF4KIGBDVJBI5JZHDKPQXJJK5M-Y0bwcz-768x576.jpg",640,480,true],"large":["https:\/\/impactocastex.com.ar\/wp-content\/uploads\/2026\/04\/AF4KIGBDVJBI5JZHDKPQXJJK5M-Y0bwcz-1024x768.jpg",640,480,true],"1536x1536":["https:\/\/impactocastex.com.ar\/wp-content\/uploads\/2026\/04\/AF4KIGBDVJBI5JZHDKPQXJJK5M-Y0bwcz.jpg",1200,900,false],"2048x2048":["https:\/\/impactocastex.com.ar\/wp-content\/uploads\/2026\/04\/AF4KIGBDVJBI5JZHDKPQXJJK5M-Y0bwcz.jpg",1200,900,false],"newsever-slider-full":["https:\/\/impactocastex.com.ar\/wp-content\/uploads\/2026\/04\/AF4KIGBDVJBI5JZHDKPQXJJK5M-Y0bwcz-1200x845.jpg",1200,845,true],"newsever-featured":["https:\/\/impactocastex.com.ar\/wp-content\/uploads\/2026\/04\/AF4KIGBDVJBI5JZHDKPQXJJK5M-Y0bwcz-1024x768.jpg",1024,768,true],"newsever-medium":["https:\/\/impactocastex.com.ar\/wp-content\/uploads\/2026\/04\/AF4KIGBDVJBI5JZHDKPQXJJK5M-Y0bwcz-720x475.jpg",720,475,true]},"author_info":{"info":["impactocastex"]},"category_info":"<a href=\"https:\/\/impactocastex.com.ar\/?cat=89\" rel=\"category\">NACIONALES<\/a>","tag_info":"NACIONALES","comment_count":0,"jetpack_featured_media_url":"https:\/\/impactocastex.com.ar\/wp-content\/uploads\/2026\/04\/AF4KIGBDVJBI5JZHDKPQXJJK5M-Y0bwcz.jpg","jetpack_sharing_enabled":true,"jetpack_likes_enabled":true,"jetpack_shortlink":"https:\/\/wp.me\/p7sopA-4jY","_links":{"self":[{"href":"https:\/\/impactocastex.com.ar\/index.php?rest_route=\/wp\/v2\/posts\/16614","targetHints":{"allow":["GET"]}}],"collection":[{"href":"https:\/\/impactocastex.com.ar\/index.php?rest_route=\/wp\/v2\/posts"}],"about":[{"href":"https:\/\/impactocastex.com.ar\/index.php?rest_route=\/wp\/v2\/types\/post"}],"author":[{"embeddable":true,"href":"https:\/\/impactocastex.com.ar\/index.php?rest_route=\/wp\/v2\/users\/1"}],"replies":[{"embeddable":true,"href":"https:\/\/impactocastex.com.ar\/index.php?rest_route=%2Fwp%2Fv2%2Fcomments&post=16614"}],"version-history":[{"count":0,"href":"https:\/\/impactocastex.com.ar\/index.php?rest_route=\/wp\/v2\/posts\/16614\/revisions"}],"wp:featuredmedia":[{"embeddable":true,"href":"https:\/\/impactocastex.com.ar\/index.php?rest_route=\/wp\/v2\/media\/16615"}],"wp:attachment":[{"href":"https:\/\/impactocastex.com.ar\/index.php?rest_route=%2Fwp%2Fv2%2Fmedia&parent=16614"}],"wp:term":[{"taxonomy":"category","embeddable":true,"href":"https:\/\/impactocastex.com.ar\/index.php?rest_route=%2Fwp%2Fv2%2Fcategories&post=16614"},{"taxonomy":"post_tag","embeddable":true,"href":"https:\/\/impactocastex.com.ar\/index.php?rest_route=%2Fwp%2Fv2%2Ftags&post=16614"}],"curies":[{"name":"wp","href":"https:\/\/api.w.org\/{rel}","templated":true}]}}