{"id":16604,"date":"2026-04-27T18:20:43","date_gmt":"2026-04-27T21:20:43","guid":{"rendered":"https:\/\/impactocastex.com.ar\/?p=16604"},"modified":"2026-04-27T18:20:43","modified_gmt":"2026-04-27T21:20:43","slug":"lucia-solla-sobral-la-violencia-psicologica-es-lo-suficientemente-grave-aunque-nunca-llegue-el-golpe","status":"publish","type":"post","link":"https:\/\/impactocastex.com.ar\/?p=16604","title":{"rendered":"Luc\u00eda Solla Sobral: \u201cLa violencia psicol\u00f3gica es lo suficientemente grave, aunque nunca llegue el golpe\u201d"},"content":{"rendered":"<p>Con m\u00e1s de 150.000 ejemplares vendidos, m\u00e1s de veinte ediciones en Espa\u00f1a y traducciones en doce idiomas, <i>Comer\u00e1s flores<\/i> convirti\u00f3 a la escritora espa\u00f1ola <a href=\"https:\/\/www.lanacion.com.ar\/conversaciones-de-domingo\/el-amor-como-una-catastrofe-aerea-nid12042026\/\" target=\"_self\" rel=\"\" title=\"https:\/\/www.lanacion.com.ar\/conversaciones-de-domingo\/el-amor-como-una-catastrofe-aerea-nid12042026\/\">Luc\u00eda Solla Sobral<\/a> (Mar\u00edn, 1989) en uno de los fen\u00f3menos editoriales recientes. En su debut, publicado por Libros del Asteroide, la autora explora las formas m\u00e1s sutiles del maltrato psicol\u00f3gico en una relaci\u00f3n de pareja. La novela sigue a Marina, una joven que se involucra con un hombre mayor en un v\u00ednculo atravesado por la manipulaci\u00f3n, la dependencia emocional y una violencia que nunca llega a ser f\u00edsica, pero que se instala como una amenaza constante. De paso por Buenos Aires, donde se presentar\u00e1 en <a href=\"https:\/\/www.lanacion.com.ar\/cultura\/la-brujula-de-la-feria-todo-lo-que-hay-que-saber-de-la-edicion-que-abre-en-el-dia-del-libro-nid23042026\/\" target=\"_self\" rel=\"\" title=\"https:\/\/www.lanacion.com.ar\/cultura\/la-brujula-de-la-feria-todo-lo-que-hay-que-saber-de-la-edicion-que-abre-en-el-dia-del-libro-nid23042026\/\">la 50\u00b0 edici\u00f3n de la Feria del Libro,<\/a> convers\u00f3 sobre el origen del libro, su recepci\u00f3n y las tensiones que atraviesan la historia.<\/p>\n<p>La novela, cuenta, naci\u00f3 de una inquietud persistente en torno a la escasa visibilidad del maltrato psicol\u00f3gico. A partir de ah\u00ed, Solla Sobral comenz\u00f3 a investigar y a conversar con amigas y conocidas, en un proceso que deriv\u00f3 en una experiencia compartida: lo que inicialmente aparec\u00eda como algo ajeno empez\u00f3 a reconocerse como cercano. Ese material dio origen a un primer relato, que luego desarroll\u00f3 en un taller de escritura y m\u00e1s tarde en una residencia literaria, donde termin\u00f3 de consolidar <i>Comer\u00e1s flores<\/i>.<\/p>\n<p><b>\u2013El libro construye una tensi\u00f3n constante sin que la violencia llegue a volverse f\u00edsica. \u00bfTe interesaba justamente trabajar sobre ese l\u00edmite?<\/b><\/p>\n<p>\u2013Para m\u00ed era fundamental que nunca pasara a lo f\u00edsico. Aunque t\u00fa creas que va a pasar, porque lo tenemos asumido, quer\u00eda que no ocurriera para que por fin seamos capaces de asumir que la violencia psicol\u00f3gica ya es lo suficientemente grave, aunque nunca llegue el golpe. A veces hay lectores que esperan que pase \u2018algo m\u00e1s\u2019, pero tambi\u00e9n es realista que no pase nada y que aun as\u00ed sea una historia de terror.<\/p>\n<p><b>-\u00bfSent\u00eds que el tema est\u00e1 invisibilizado?<\/b><\/p>\n<p>\u2013S\u00ed, por desgracia parece que, si no hay violencia f\u00edsica, no es tan importante. En la prensa se habla de asesinatos o palizas, y en las pel\u00edculas o las series tambi\u00e9n se muestra eso m\u00e1s atractivo o morboso de contar. Pero hac\u00eda falta hablar de lo grave que es lo psicol\u00f3gico, que adem\u00e1s en la mayor\u00eda de los casos es la antesala de algo peor.<\/p>\n<p><img loading=\"lazy\" decoding=\"async\" src=\"https:\/\/resizer.glanacion.com\/resizer\/v2\/5TLAZEQXOVFX5AAAQH7ZT2FEME.jpg?auth=9148f9bbfa4d2f09ae26c14bb5371ab098fcff5ba87d5c0fa8fef98e24749681&amp;smart=true&amp;width=2001&amp;height=1333\" alt=\"\" height=\"1333\" width=\"2001\" \/><\/p>\n<p><b>\u2013Evit\u00e1s tanto a la v\u00edctima ideal como al malo estereot\u00edpico. \u00bfC\u00f3mo trabajaste esa ambig\u00fcedad en la construcci\u00f3n de los personajes?<\/b><\/p>\n<p>\u2013Al principio me cost\u00f3 mucho, porque yo misma estaba culp\u00e1ndola. Pensaba que su defecto era que lo hubiera elegido a \u00e9l. Y eso es lo que hace la mayor\u00eda de la gente: se\u00f1alar a la v\u00edctima. Cuando consult\u00e9 a un psic\u00f3logo para construir el personaje de Marina, entend\u00ed que no era culpa de ella la violencia que \u00e9l ejerce, y a partir de eso, pude construirla mejor. Y con \u00e9l me pasaba lo mismo: ning\u00fan maltratador lo es las 24 horas, por eso conquista al entorno, que es lo que pasa con la familia de ella, aunque no con las amigas.<\/p>\n<p><b>-\u00bfPor qu\u00e9 cre\u00e9s que la novela tuvo tan buena recepci\u00f3n? \u00bfLo relacion\u00e1s con un momento social atravesado por los feminismos?<\/b><\/p>\n<p>\u2013Si, pero creo que sobre todo tiene que ver con la identificaci\u00f3n, porque todas conocemos a una Marina o hemos sido una Marina. Sin embargo, casi nadie conoce a un agresor, las cuentas no cuadran. Y s\u00ed, el feminismo ayuda a empatizar m\u00e1s y a acompa\u00f1ar, pero tambi\u00e9n hay muchas mujeres que se sienten culpables por haber pasado por algo as\u00ed teniendo herramientas te\u00f3ricas. Parece que si ya sab\u00edas, no deber\u00eda haberte pasado, y eso genera culpa y verg\u00fcenza. La culpa es siempre del agresor.<\/p>\n<p><img loading=\"lazy\" decoding=\"async\" src=\"https:\/\/resizer.glanacion.com\/resizer\/v2\/27B56J343VBAPK7RGJX3TEVOJY.jpg?auth=4bb6ee0fbad056484464294874ecdffb5b7d52ff9824da8467c43be113a02366&amp;smart=true&amp;width=2000&amp;height=3000\" alt=\"Lucia Solla Sobral presentar\u00e1 su novela \" height=\"3000\" width=\"2000\" \/><\/p>\n<p><b>\u2013Sol\u00e9s decir que te llegan muchos mensajes de lectoras cont\u00e1ndote sus historias.<\/b><\/p>\n<p>-Al principio me sobrepasaba un poco, pero intento contestar a todas, sobre todo a las mujeres que me escriben porque est\u00e1n o han estado en una situaci\u00f3n de violencia. Muchas no se atreven a contarlo en su entorno y me lo dicen a m\u00ed. Me escriben mujeres haciendo las maletas, y\u00e9ndose de sus casas, o justo despu\u00e9s de salir de una comisar\u00eda. Es muy fuerte, pero demuestra que una ficci\u00f3n puede ayudar.<\/p>\n<p><b>\u2014Despu\u00e9s de todo el debate y las charlas que gener\u00f3 el libro, \u00bfcambi\u00f3 tu forma de ver las relaciones? \u00bfCuestion\u00e1s m\u00e1s ciertas ideas del amor rom\u00e1ntico?<\/b><\/p>\n<p>\u2014S\u00ed, sobre todo me hizo ver que hay mucha m\u00e1s violencia de la que creemos y que necesitamos hablar mucho m\u00e1s de esto. Ponerle palabras ayuda a que otras personas se identifiquen y puedan tomar decisiones. No es que no me guste el amor rom\u00e1ntico, pero creo que hay que construirlo de otra manera. Nos ense\u00f1an que hay una \u00fanica forma de amar y que es el objetivo de la vida, y eso es un problema. Hay muchas formas de vincularse y ninguna deber\u00eda ser una imposici\u00f3n.<\/p>\n<p><b>\u2013Es tu primera novela y tuvo un \u00e9xito muy grande.<\/b><\/p>\n<p>\u2013No cre\u00ed que la gente la iba a leer. La primera edici\u00f3n era de 4000 ejemplares y yo pensaba que ojal\u00e1 se agotara en diez a\u00f1os. A la semana siguiente estaban reimprimiendo. Desde entonces lo vivo un poco disociada, porque si intento entenderlo, ser\u00eda demasiado.<\/p>\n<h2>Para agendar<\/h2>\n<p>Luc\u00eda Solla Sobral firmar\u00e1 ejemplares en la Feria del Libro este martes 28 a las 18.30, en el stand de Riverside; luego, a las 20.30, presentar\u00e1 <i>Comer\u00e1s flores <\/i>en di\u00e1logo con la periodista Eugenia Zicavo en la sala Alfonsina Storni del Pabell\u00f3n Blanco.<\/p>\n<p>\u200bLa escritora espa\u00f1ola, que visita Buenos Aires para presentarse este martes en la Feria del Libro, se convirti\u00f3 en un fen\u00f3meno con su \u00fanica novela, \u201cComer\u00e1s flores\u201d, una historia sobre los mecanismos invisibles del maltrato en pareja\u00a0\u00a0<\/p>","protected":false},"excerpt":{"rendered":"<p>Con m\u00e1s de 150.000 ejemplares vendidos, m\u00e1s de veinte ediciones en Espa\u00f1a y traducciones en&#8230;<\/p>\n","protected":false},"author":1,"featured_media":16605,"comment_status":"closed","ping_status":"closed","sticky":false,"template":"","format":"standard","meta":{"_jetpack_memberships_contains_paid_content":false,"footnotes":"","jetpack_publicize_message":"","jetpack_publicize_feature_enabled":true,"jetpack_social_post_already_shared":true,"jetpack_social_options":{"image_generator_settings":{"template":"highway","default_image_id":0,"font":"","enabled":false},"version":2}},"categories":[89],"tags":[],"class_list":["post-16604","post","type-post","status-publish","format-standard","has-post-thumbnail","hentry","category-nacionales"],"yoast_head":"<!-- This site is optimized with the Yoast SEO plugin v27.4 - https:\/\/yoast.com\/product\/yoast-seo-wordpress\/ -->\n<title>Luc\u00eda Solla Sobral: \u201cLa violencia psicol\u00f3gica es lo suficientemente grave, aunque nunca llegue el golpe\u201d -<\/title>\n<meta name=\"robots\" content=\"index, follow, max-snippet:-1, max-image-preview:large, max-video-preview:-1\" \/>\n<link rel=\"canonical\" href=\"https:\/\/impactocastex.com.ar\/?p=16604\" \/>\n<meta property=\"og:locale\" content=\"es_ES\" \/>\n<meta property=\"og:type\" content=\"article\" \/>\n<meta property=\"og:title\" content=\"Luc\u00eda Solla Sobral: \u201cLa violencia psicol\u00f3gica es lo suficientemente grave, aunque nunca llegue el golpe\u201d -\" \/>\n<meta property=\"og:description\" content=\"Con m\u00e1s de 150.000 ejemplares vendidos, m\u00e1s de veinte ediciones en Espa\u00f1a y traducciones en...\" \/>\n<meta property=\"og:url\" content=\"https:\/\/impactocastex.com.ar\/?p=16604\" \/>\n<meta property=\"article:publisher\" content=\"https:\/\/www.facebook.com\/impactocastexdiario\" \/>\n<meta property=\"article:published_time\" content=\"2026-04-27T21:20:43+00:00\" \/>\n<meta property=\"og:image\" content=\"https:\/\/resizer.glanacion.com\/resizer\/v2\/5TLAZEQXOVFX5AAAQH7ZT2FEME.jpg?auth=9148f9bbfa4d2f09ae26c14bb5371ab098fcff5ba87d5c0fa8fef98e24749681&amp;smart=true&amp;width=2001&amp;height=1333\" \/>\n<meta name=\"author\" content=\"impactocastex\" \/>\n<meta name=\"twitter:card\" content=\"summary_large_image\" \/>\n<meta name=\"twitter:label1\" content=\"Escrito por\" \/>\n\t<meta name=\"twitter:data1\" content=\"impactocastex\" \/>\n\t<meta name=\"twitter:label2\" content=\"Tiempo de lectura\" \/>\n\t<meta name=\"twitter:data2\" content=\"5 minutos\" \/>\n<script type=\"application\/ld+json\" class=\"yoast-schema-graph\">{\"@context\":\"https:\\\/\\\/schema.org\",\"@graph\":[{\"@type\":\"Article\",\"@id\":\"https:\\\/\\\/impactocastex.com.ar\\\/?p=16604#article\",\"isPartOf\":{\"@id\":\"https:\\\/\\\/impactocastex.com.ar\\\/?p=16604\"},\"author\":{\"name\":\"impactocastex\",\"@id\":\"https:\\\/\\\/impactocastex.com.ar\\\/#\\\/schema\\\/person\\\/86cb4f827fb5f87869a239b98a69c6e3\"},\"headline\":\"Luc\u00eda Solla Sobral: \u201cLa violencia psicol\u00f3gica es lo suficientemente grave, aunque nunca llegue el golpe\u201d\",\"datePublished\":\"2026-04-27T21:20:43+00:00\",\"mainEntityOfPage\":{\"@id\":\"https:\\\/\\\/impactocastex.com.ar\\\/?p=16604\"},\"wordCount\":1040,\"publisher\":{\"@id\":\"https:\\\/\\\/impactocastex.com.ar\\\/#organization\"},\"image\":{\"@id\":\"https:\\\/\\\/impactocastex.com.ar\\\/?p=16604#primaryimage\"},\"thumbnailUrl\":\"https:\\\/\\\/impactocastex.com.ar\\\/wp-content\\\/uploads\\\/2026\\\/04\\\/2R5SGI3RLFGTBGQVUJVLZQMIRY-4x7rW9.jpg\",\"articleSection\":[\"NACIONALES\"],\"inLanguage\":\"es\"},{\"@type\":\"WebPage\",\"@id\":\"https:\\\/\\\/impactocastex.com.ar\\\/?p=16604\",\"url\":\"https:\\\/\\\/impactocastex.com.ar\\\/?p=16604\",\"name\":\"Luc\u00eda Solla Sobral: \u201cLa violencia psicol\u00f3gica es lo suficientemente grave, aunque nunca llegue el golpe\u201d -\",\"isPartOf\":{\"@id\":\"https:\\\/\\\/impactocastex.com.ar\\\/#website\"},\"primaryImageOfPage\":{\"@id\":\"https:\\\/\\\/impactocastex.com.ar\\\/?p=16604#primaryimage\"},\"image\":{\"@id\":\"https:\\\/\\\/impactocastex.com.ar\\\/?p=16604#primaryimage\"},\"thumbnailUrl\":\"https:\\\/\\\/impactocastex.com.ar\\\/wp-content\\\/uploads\\\/2026\\\/04\\\/2R5SGI3RLFGTBGQVUJVLZQMIRY-4x7rW9.jpg\",\"datePublished\":\"2026-04-27T21:20:43+00:00\",\"breadcrumb\":{\"@id\":\"https:\\\/\\\/impactocastex.com.ar\\\/?p=16604#breadcrumb\"},\"inLanguage\":\"es\",\"potentialAction\":[{\"@type\":\"ReadAction\",\"target\":[\"https:\\\/\\\/impactocastex.com.ar\\\/?p=16604\"]}]},{\"@type\":\"ImageObject\",\"inLanguage\":\"es\",\"@id\":\"https:\\\/\\\/impactocastex.com.ar\\\/?p=16604#primaryimage\",\"url\":\"https:\\\/\\\/impactocastex.com.ar\\\/wp-content\\\/uploads\\\/2026\\\/04\\\/2R5SGI3RLFGTBGQVUJVLZQMIRY-4x7rW9.jpg\",\"contentUrl\":\"https:\\\/\\\/impactocastex.com.ar\\\/wp-content\\\/uploads\\\/2026\\\/04\\\/2R5SGI3RLFGTBGQVUJVLZQMIRY-4x7rW9.jpg\",\"width\":2000,\"height\":1333},{\"@type\":\"BreadcrumbList\",\"@id\":\"https:\\\/\\\/impactocastex.com.ar\\\/?p=16604#breadcrumb\",\"itemListElement\":[{\"@type\":\"ListItem\",\"position\":1,\"name\":\"Portada\",\"item\":\"https:\\\/\\\/impactocastex.com.ar\\\/\"},{\"@type\":\"ListItem\",\"position\":2,\"name\":\"Luc\u00eda Solla Sobral: \u201cLa violencia psicol\u00f3gica es lo suficientemente grave, aunque nunca llegue el golpe\u201d\"}]},{\"@type\":\"WebSite\",\"@id\":\"https:\\\/\\\/impactocastex.com.ar\\\/#website\",\"url\":\"https:\\\/\\\/impactocastex.com.ar\\\/\",\"name\":\"Impacto Castex\",\"description\":\"\",\"publisher\":{\"@id\":\"https:\\\/\\\/impactocastex.com.ar\\\/#organization\"},\"potentialAction\":[{\"@type\":\"SearchAction\",\"target\":{\"@type\":\"EntryPoint\",\"urlTemplate\":\"https:\\\/\\\/impactocastex.com.ar\\\/?s={search_term_string}\"},\"query-input\":{\"@type\":\"PropertyValueSpecification\",\"valueRequired\":true,\"valueName\":\"search_term_string\"}}],\"inLanguage\":\"es\"},{\"@type\":\"Organization\",\"@id\":\"https:\\\/\\\/impactocastex.com.ar\\\/#organization\",\"name\":\"Impacto Castex\",\"url\":\"https:\\\/\\\/impactocastex.com.ar\\\/\",\"logo\":{\"@type\":\"ImageObject\",\"inLanguage\":\"es\",\"@id\":\"https:\\\/\\\/impactocastex.com.ar\\\/#\\\/schema\\\/logo\\\/image\\\/\",\"url\":\"https:\\\/\\\/impactocastex.com.ar\\\/wp-content\\\/uploads\\\/2025\\\/09\\\/cropped-icoweb.png\",\"contentUrl\":\"https:\\\/\\\/impactocastex.com.ar\\\/wp-content\\\/uploads\\\/2025\\\/09\\\/cropped-icoweb.png\",\"width\":512,\"height\":512,\"caption\":\"Impacto Castex\"},\"image\":{\"@id\":\"https:\\\/\\\/impactocastex.com.ar\\\/#\\\/schema\\\/logo\\\/image\\\/\"},\"sameAs\":[\"https:\\\/\\\/www.facebook.com\\\/impactocastexdiario\",\"https:\\\/\\\/www.instagram.com\\\/impactocastex.com.ar\\\/\"]},{\"@type\":\"Person\",\"@id\":\"https:\\\/\\\/impactocastex.com.ar\\\/#\\\/schema\\\/person\\\/86cb4f827fb5f87869a239b98a69c6e3\",\"name\":\"impactocastex\",\"image\":{\"@type\":\"ImageObject\",\"inLanguage\":\"es\",\"@id\":\"https:\\\/\\\/secure.gravatar.com\\\/avatar\\\/9a87ee051ca8c77f5d4070843ce2c78cdf95b858b950fb039151de955122f5f5?s=96&d=mm&r=g\",\"url\":\"https:\\\/\\\/secure.gravatar.com\\\/avatar\\\/9a87ee051ca8c77f5d4070843ce2c78cdf95b858b950fb039151de955122f5f5?s=96&d=mm&r=g\",\"contentUrl\":\"https:\\\/\\\/secure.gravatar.com\\\/avatar\\\/9a87ee051ca8c77f5d4070843ce2c78cdf95b858b950fb039151de955122f5f5?s=96&d=mm&r=g\",\"caption\":\"impactocastex\"},\"sameAs\":[\"https:\\\/\\\/impactocastex.com.ar\"],\"url\":\"https:\\\/\\\/impactocastex.com.ar\\\/?author=1\"}]}<\/script>\n<!-- \/ Yoast SEO plugin. -->","yoast_head_json":{"title":"Luc\u00eda Solla Sobral: \u201cLa violencia psicol\u00f3gica es lo suficientemente grave, aunque nunca llegue el golpe\u201d -","robots":{"index":"index","follow":"follow","max-snippet":"max-snippet:-1","max-image-preview":"max-image-preview:large","max-video-preview":"max-video-preview:-1"},"canonical":"https:\/\/impactocastex.com.ar\/?p=16604","og_locale":"es_ES","og_type":"article","og_title":"Luc\u00eda Solla Sobral: \u201cLa violencia psicol\u00f3gica es lo suficientemente grave, aunque nunca llegue el golpe\u201d -","og_description":"Con m\u00e1s de 150.000 ejemplares vendidos, m\u00e1s de veinte ediciones en Espa\u00f1a y traducciones en...","og_url":"https:\/\/impactocastex.com.ar\/?p=16604","article_publisher":"https:\/\/www.facebook.com\/impactocastexdiario","article_published_time":"2026-04-27T21:20:43+00:00","og_image":[{"url":"https:\/\/resizer.glanacion.com\/resizer\/v2\/5TLAZEQXOVFX5AAAQH7ZT2FEME.jpg?auth=9148f9bbfa4d2f09ae26c14bb5371ab098fcff5ba87d5c0fa8fef98e24749681&amp;smart=true&amp;width=2001&amp;height=1333","type":"","width":"","height":""}],"author":"impactocastex","twitter_card":"summary_large_image","twitter_misc":{"Escrito por":"impactocastex","Tiempo de lectura":"5 minutos"},"schema":{"@context":"https:\/\/schema.org","@graph":[{"@type":"Article","@id":"https:\/\/impactocastex.com.ar\/?p=16604#article","isPartOf":{"@id":"https:\/\/impactocastex.com.ar\/?p=16604"},"author":{"name":"impactocastex","@id":"https:\/\/impactocastex.com.ar\/#\/schema\/person\/86cb4f827fb5f87869a239b98a69c6e3"},"headline":"Luc\u00eda Solla Sobral: \u201cLa violencia psicol\u00f3gica es lo suficientemente grave, aunque nunca llegue el golpe\u201d","datePublished":"2026-04-27T21:20:43+00:00","mainEntityOfPage":{"@id":"https:\/\/impactocastex.com.ar\/?p=16604"},"wordCount":1040,"publisher":{"@id":"https:\/\/impactocastex.com.ar\/#organization"},"image":{"@id":"https:\/\/impactocastex.com.ar\/?p=16604#primaryimage"},"thumbnailUrl":"https:\/\/impactocastex.com.ar\/wp-content\/uploads\/2026\/04\/2R5SGI3RLFGTBGQVUJVLZQMIRY-4x7rW9.jpg","articleSection":["NACIONALES"],"inLanguage":"es"},{"@type":"WebPage","@id":"https:\/\/impactocastex.com.ar\/?p=16604","url":"https:\/\/impactocastex.com.ar\/?p=16604","name":"Luc\u00eda Solla Sobral: \u201cLa violencia psicol\u00f3gica es lo suficientemente grave, aunque nunca llegue el golpe\u201d -","isPartOf":{"@id":"https:\/\/impactocastex.com.ar\/#website"},"primaryImageOfPage":{"@id":"https:\/\/impactocastex.com.ar\/?p=16604#primaryimage"},"image":{"@id":"https:\/\/impactocastex.com.ar\/?p=16604#primaryimage"},"thumbnailUrl":"https:\/\/impactocastex.com.ar\/wp-content\/uploads\/2026\/04\/2R5SGI3RLFGTBGQVUJVLZQMIRY-4x7rW9.jpg","datePublished":"2026-04-27T21:20:43+00:00","breadcrumb":{"@id":"https:\/\/impactocastex.com.ar\/?p=16604#breadcrumb"},"inLanguage":"es","potentialAction":[{"@type":"ReadAction","target":["https:\/\/impactocastex.com.ar\/?p=16604"]}]},{"@type":"ImageObject","inLanguage":"es","@id":"https:\/\/impactocastex.com.ar\/?p=16604#primaryimage","url":"https:\/\/impactocastex.com.ar\/wp-content\/uploads\/2026\/04\/2R5SGI3RLFGTBGQVUJVLZQMIRY-4x7rW9.jpg","contentUrl":"https:\/\/impactocastex.com.ar\/wp-content\/uploads\/2026\/04\/2R5SGI3RLFGTBGQVUJVLZQMIRY-4x7rW9.jpg","width":2000,"height":1333},{"@type":"BreadcrumbList","@id":"https:\/\/impactocastex.com.ar\/?p=16604#breadcrumb","itemListElement":[{"@type":"ListItem","position":1,"name":"Portada","item":"https:\/\/impactocastex.com.ar\/"},{"@type":"ListItem","position":2,"name":"Luc\u00eda Solla Sobral: \u201cLa violencia psicol\u00f3gica es lo suficientemente grave, aunque nunca llegue el golpe\u201d"}]},{"@type":"WebSite","@id":"https:\/\/impactocastex.com.ar\/#website","url":"https:\/\/impactocastex.com.ar\/","name":"Impacto Castex","description":"","publisher":{"@id":"https:\/\/impactocastex.com.ar\/#organization"},"potentialAction":[{"@type":"SearchAction","target":{"@type":"EntryPoint","urlTemplate":"https:\/\/impactocastex.com.ar\/?s={search_term_string}"},"query-input":{"@type":"PropertyValueSpecification","valueRequired":true,"valueName":"search_term_string"}}],"inLanguage":"es"},{"@type":"Organization","@id":"https:\/\/impactocastex.com.ar\/#organization","name":"Impacto Castex","url":"https:\/\/impactocastex.com.ar\/","logo":{"@type":"ImageObject","inLanguage":"es","@id":"https:\/\/impactocastex.com.ar\/#\/schema\/logo\/image\/","url":"https:\/\/impactocastex.com.ar\/wp-content\/uploads\/2025\/09\/cropped-icoweb.png","contentUrl":"https:\/\/impactocastex.com.ar\/wp-content\/uploads\/2025\/09\/cropped-icoweb.png","width":512,"height":512,"caption":"Impacto Castex"},"image":{"@id":"https:\/\/impactocastex.com.ar\/#\/schema\/logo\/image\/"},"sameAs":["https:\/\/www.facebook.com\/impactocastexdiario","https:\/\/www.instagram.com\/impactocastex.com.ar\/"]},{"@type":"Person","@id":"https:\/\/impactocastex.com.ar\/#\/schema\/person\/86cb4f827fb5f87869a239b98a69c6e3","name":"impactocastex","image":{"@type":"ImageObject","inLanguage":"es","@id":"https:\/\/secure.gravatar.com\/avatar\/9a87ee051ca8c77f5d4070843ce2c78cdf95b858b950fb039151de955122f5f5?s=96&d=mm&r=g","url":"https:\/\/secure.gravatar.com\/avatar\/9a87ee051ca8c77f5d4070843ce2c78cdf95b858b950fb039151de955122f5f5?s=96&d=mm&r=g","contentUrl":"https:\/\/secure.gravatar.com\/avatar\/9a87ee051ca8c77f5d4070843ce2c78cdf95b858b950fb039151de955122f5f5?s=96&d=mm&r=g","caption":"impactocastex"},"sameAs":["https:\/\/impactocastex.com.ar"],"url":"https:\/\/impactocastex.com.ar\/?author=1"}]}},"jetpack_publicize_connections":[],"featured_image_urls":{"full":["https:\/\/impactocastex.com.ar\/wp-content\/uploads\/2026\/04\/2R5SGI3RLFGTBGQVUJVLZQMIRY-4x7rW9.jpg",2000,1333,false],"thumbnail":["https:\/\/impactocastex.com.ar\/wp-content\/uploads\/2026\/04\/2R5SGI3RLFGTBGQVUJVLZQMIRY-4x7rW9-150x150.jpg",150,150,true],"medium":["https:\/\/impactocastex.com.ar\/wp-content\/uploads\/2026\/04\/2R5SGI3RLFGTBGQVUJVLZQMIRY-4x7rW9-300x200.jpg",300,200,true],"medium_large":["https:\/\/impactocastex.com.ar\/wp-content\/uploads\/2026\/04\/2R5SGI3RLFGTBGQVUJVLZQMIRY-4x7rW9-768x512.jpg",640,427,true],"large":["https:\/\/impactocastex.com.ar\/wp-content\/uploads\/2026\/04\/2R5SGI3RLFGTBGQVUJVLZQMIRY-4x7rW9-1024x682.jpg",640,426,true],"1536x1536":["https:\/\/impactocastex.com.ar\/wp-content\/uploads\/2026\/04\/2R5SGI3RLFGTBGQVUJVLZQMIRY-4x7rW9-1536x1024.jpg",1536,1024,true],"2048x2048":["https:\/\/impactocastex.com.ar\/wp-content\/uploads\/2026\/04\/2R5SGI3RLFGTBGQVUJVLZQMIRY-4x7rW9.jpg",2000,1333,false],"newsever-slider-full":["https:\/\/impactocastex.com.ar\/wp-content\/uploads\/2026\/04\/2R5SGI3RLFGTBGQVUJVLZQMIRY-4x7rW9-1280x845.jpg",1280,845,true],"newsever-featured":["https:\/\/impactocastex.com.ar\/wp-content\/uploads\/2026\/04\/2R5SGI3RLFGTBGQVUJVLZQMIRY-4x7rW9-1024x682.jpg",1024,682,true],"newsever-medium":["https:\/\/impactocastex.com.ar\/wp-content\/uploads\/2026\/04\/2R5SGI3RLFGTBGQVUJVLZQMIRY-4x7rW9-720x475.jpg",720,475,true]},"author_info":{"info":["impactocastex"]},"category_info":"<a href=\"https:\/\/impactocastex.com.ar\/?cat=89\" rel=\"category\">NACIONALES<\/a>","tag_info":"NACIONALES","comment_count":0,"jetpack_featured_media_url":"https:\/\/impactocastex.com.ar\/wp-content\/uploads\/2026\/04\/2R5SGI3RLFGTBGQVUJVLZQMIRY-4x7rW9.jpg","jetpack_sharing_enabled":true,"jetpack_likes_enabled":true,"jetpack_shortlink":"https:\/\/wp.me\/p7sopA-4jO","_links":{"self":[{"href":"https:\/\/impactocastex.com.ar\/index.php?rest_route=\/wp\/v2\/posts\/16604","targetHints":{"allow":["GET"]}}],"collection":[{"href":"https:\/\/impactocastex.com.ar\/index.php?rest_route=\/wp\/v2\/posts"}],"about":[{"href":"https:\/\/impactocastex.com.ar\/index.php?rest_route=\/wp\/v2\/types\/post"}],"author":[{"embeddable":true,"href":"https:\/\/impactocastex.com.ar\/index.php?rest_route=\/wp\/v2\/users\/1"}],"replies":[{"embeddable":true,"href":"https:\/\/impactocastex.com.ar\/index.php?rest_route=%2Fwp%2Fv2%2Fcomments&post=16604"}],"version-history":[{"count":0,"href":"https:\/\/impactocastex.com.ar\/index.php?rest_route=\/wp\/v2\/posts\/16604\/revisions"}],"wp:featuredmedia":[{"embeddable":true,"href":"https:\/\/impactocastex.com.ar\/index.php?rest_route=\/wp\/v2\/media\/16605"}],"wp:attachment":[{"href":"https:\/\/impactocastex.com.ar\/index.php?rest_route=%2Fwp%2Fv2%2Fmedia&parent=16604"}],"wp:term":[{"taxonomy":"category","embeddable":true,"href":"https:\/\/impactocastex.com.ar\/index.php?rest_route=%2Fwp%2Fv2%2Fcategories&post=16604"},{"taxonomy":"post_tag","embeddable":true,"href":"https:\/\/impactocastex.com.ar\/index.php?rest_route=%2Fwp%2Fv2%2Ftags&post=16604"}],"curies":[{"name":"wp","href":"https:\/\/api.w.org\/{rel}","templated":true}]}}