{"id":16602,"date":"2026-04-27T18:20:51","date_gmt":"2026-04-27T21:20:51","guid":{"rendered":"https:\/\/impactocastex.com.ar\/?p=16602"},"modified":"2026-04-27T18:20:51","modified_gmt":"2026-04-27T21:20:51","slug":"provincias-y-empresas-reabren-la-ventana-de-deuda-y-sumaran-dolares-al-bcra","status":"publish","type":"post","link":"https:\/\/impactocastex.com.ar\/?p=16602","title":{"rendered":"Provincias y empresas reabren la ventana de deuda y sumar\u00e1n d\u00f3lares al BCRA"},"content":{"rendered":"<p>Abril dej\u00f3 una se\u00f1al que en el mercado segu\u00edan de cerca: <b>se reabri\u00f3 la ventana para colocar deuda en d\u00f3lares en Wall Street para algunos jugadores locales<\/b>. Luego de un febrero y marzo marcados por la suba del riesgo pa\u00eds, la volatilidad global y el impacto del conflicto en Medio Oriente, <b>provincias y empresas volvieron a testear el cr\u00e9dito externo<\/b>. As\u00ed, se reactiv\u00f3 una fuente de divisas que el Gobierno considera clave para el programa econ\u00f3mico y para reforzar la munici\u00f3n del Banco Central (BCRA).<\/p>\n<p>En lo que va del mes, entre colocaciones corporativas y subsoberanas, las emisiones <i>hard dollar<\/i> acumularon <b>cerca de US$1866 millones,<\/b> seg\u00fan estimaciones de Cohen, por encima de febrero (US$882 millones) y marzo (US$343 millones), aunque todav\u00eda por debajo del pico de noviembre pasado, cuando hab\u00edan rozado los US$4000 millones. <\/p>\n<p>Del total colocado en abril, unos US$1713 millones correspondieron a emisiones bajo ley extranjera y apenas US$152 millones bajo ley local, <b>una se\u00f1al de que los emisores aprovecharon la reapertura del mercado internacional.<\/b> El repunte tuvo como protagonistas a Chubut, con una emisi\u00f3n por US$650 millones; Edenor, con US$550 millones; y Vista Energy, que abri\u00f3 abril con US$500 millones a 11 a\u00f1os.<\/p>\n<p>Para el ministro de Econom\u00eda, <b>Luis Caputo<\/b>, no es un dato menor. En un a\u00f1o en el que decidi\u00f3 no volver todav\u00eda a Wall Street con deuda soberana por las tasas que exige el mercado para la Argentina, cada colocaci\u00f3n privada o provincial aparece como una v\u00eda alternativa de ingreso de d\u00f3lares. Econom\u00eda busca atravesar 2026 con financiamiento de organismos multilaterales, bancos internacionales y mercado local antes que con una emisi\u00f3n soberana tradicional.<\/p>\n<p><img loading=\"lazy\" decoding=\"async\" src=\"https:\/\/resizer.glanacion.com\/resizer\/v2\/2DQ2VI4SM5FG5BZIDXZHNNVI6U.png?auth=eb7a4e24cadaedd98039d2c5194720687f90f3795d4fab08fde46ec410447e02&amp;smart=true&amp;width=499&amp;height=409\" alt=\"Abril mostr\u00f3 un repunte en las emisiones de Obligaciones Negociables en d\u00f3lares, tras la fuerte desaceleraci\u00f3n de febrero y marzo. El liderazgo volvi\u00f3 a concentrarse en energ\u00eda y sectores vinculados a la econom\u00eda real\" height=\"409\" width=\"499\" \/><\/p>\n<p>El mecanismo es seguido de cerca por Econom\u00eda y por el BCRA. Cuando una empresa o una provincia emite deuda en el exterior, recibe divisas que luego deben ingresar al mercado local para financiar inversiones, cubrir gastos o cancelar pasivos.<b> Eso incrementa la oferta privada de d\u00f3lares y le permite al Central comprar reservas sin agregar presi\u00f3n sobre el tipo de cambio.<\/b><\/p>\n<p>En una presentaci\u00f3n ante inversores en Washington, el vicepresidente del BCRA,<b> Vladimir Werning<\/b>, destac\u00f3 que desde noviembre de 2025 \u2014tras la victoria del oficialismo en las elecciones de medio t\u00e9rmino\u2014 las compa\u00f1\u00edas hab\u00edan emitido US$9900 millones en deuda corporativa en d\u00f3lares, de los cuales US$6800 millones ya se hab\u00edan liquidado en el mercado cambiario, mientras quedaban US$3200 millones pendientes al 10 de abril.<b> Seg\u00fan la entidad, ese proceso ayud\u00f3 a explicar parte del ingreso de divisas de los \u00faltimos meses.<\/b><\/p>\n<p>En la misma l\u00ednea, Banco Comafi se\u00f1al\u00f3 que la robusta oferta cambiaria reciente se explic\u00f3 \u201cen buena medida\u201d por la liquidaci\u00f3n de Obligaciones Negociables (ONs), mientras que Portfolio Personal Inversiones (PPI) agreg\u00f3 que muchas emisiones realizadas tras las elecciones legislativas de octubre estar\u00edan alcanzando ahora el plazo habitual de ingreso de divisas, de 180 d\u00edas. <\/p>\n<p>Ese factor, sumado a la cosecha gruesa, ayud\u00f3 a explicar el fuerte poder comprador que mostr\u00f3 el BCRA en abril. En el mercado destacan que las emisiones privadas y provinciales funcionan como un segundo motor de oferta de divisas, complementario al ingreso estacional del agro.<\/p>\n<p><img loading=\"lazy\" decoding=\"async\" src=\"https:\/\/resizer.glanacion.com\/resizer\/v2\/6VQFMTRTK5CFBFAHZGKMBZPFJU.png?auth=4c75186d13bc4812ed8a13814412d5d2a09c4e92b1b3c377f5370eb604d70418&amp;smart=true&amp;width=2009&amp;height=1005\" alt=\"El calendario de deuda corporativa muestra pagos relevantes entre 2026 y 2027, con un pico en julio del pr\u00f3ximo a\u00f1o. La necesidad de refinanciar esos compromisos puede sostener nuevas colocaciones en el mercado.\" height=\"1005\" width=\"2009\" \/><\/p>\n<p>Invecq estim\u00f3 que la autoridad monetaria acumul\u00f3 compras por m\u00e1s de US$6700 millones en el a\u00f1o, con una aceleraci\u00f3n marcada en las \u00faltimas semanas. Solo en abril, distintas consultoras calculan que el BCRA compr\u00f3 alrededor de US$2379 millones, el mayor registro mensual desde mayo del a\u00f1o pasado.<\/p>\n<p>Seg\u00fan pudo saber <b>LA NACION,<\/b> varias provincias monitorean condiciones para salir en los pr\u00f3ximos meses. <b>Neuqu\u00e9n<\/b> aparece entre las m\u00e1s avanzadas, respaldada por el atractivo de Vaca Muerta y por las perspectivas de mayores regal\u00edas hidrocarbur\u00edferas. <b>Mendoza<\/b> tambi\u00e9n sigue de cerca la ventana financiera, mientras que <b>San Juan<\/b> gana inter\u00e9s entre inversores por el desarrollo minero, en especial proyectos vinculados al cobre. Santa Cruz y R\u00edo Negro tambi\u00e9n eval\u00faan alternativas de financiamiento. M\u00e1s atr\u00e1s aparecen Chaco y Tucum\u00e1n, que analizan si el costo financiero justifica una eventual emisi\u00f3n en el actual contexto de tasas elevadas.<\/p>\n<p>No sorprende que las provincias vinculadas a energ\u00eda o miner\u00eda partan con ventaja. Algunos especialistas del mercado consideran que los inversores privilegian distritos con ingresos futuros en d\u00f3lares, mayor capacidad exportadora o regal\u00edas como respaldo.<\/p>\n<p>Tambi\u00e9n del lado corporativo se espera continuidad. M\u00e1s all\u00e1 de nuevas inversiones, muchas compa\u00f1\u00edas necesitan refinanciar vencimientos. Seg\u00fan c\u00e1lculos difundidos por Salvador Vitelli, de Romano Group, hasta el final del actual mandato vencen alrededor de US$11.500 millones entre amortizaciones e intereses de ON: <b>unos US$5000 millones en 2026 y US$6500 millones en 2027<\/b>. Solo YPF concentra cerca de US$3000 millones.<\/p>\n<p><img loading=\"lazy\" decoding=\"async\" src=\"https:\/\/resizer.glanacion.com\/resizer\/v2\/BYZPDGUWIBDTDD237EJQDHKTUM.jpeg?auth=2985822519d940ae4bbd035c51f259b64ce64b7ae7f8693718c9e1c374760b45&amp;smart=true&amp;width=706&amp;height=567\" alt=\"Desde octubre de 2025, las empresas emitieron casi US$10.000 millones en deuda en d\u00f3lares. Una parte todav\u00eda no fue liquidada en el mercado cambiario, lo que representa oferta potencial de divisas para los pr\u00f3ximos meses.\" height=\"567\" width=\"706\" \/><\/p>\n<p>Eso explica por qu\u00e9 se mantienen activas, sobre todo, las empresas de <i>oil &amp; gas<\/i>, energ\u00eda, infraestructura, servicios p\u00fablicos y exportadoras, sectores que requieren fuertes desembolsos de capital para ampliar producci\u00f3n, transporte y capacidad instalada, o que cuentan con ingresos dolarizados que mejoran su perfil crediticio.<\/p>\n<p>El costo del financiamiento, sin embargo, sigue lejos de ser ideal. <b>Las \u00faltimas emisiones salieron con tasas cercanas o superiores al 9% anual<\/b>. Chubut coloc\u00f3 al 9,45%; C\u00f3rdoba, al 9,75%; y Entre R\u00edos, al 9,55%. Incluso as\u00ed, hubo apetito inversor: la operaci\u00f3n chubutense recibi\u00f3 ofertas por casi US$2000 millones, tres veces el monto adjudicado, seg\u00fan destac\u00f3 Invecq.<\/p>\n<p>La lectura que hacen en el mercado es que, si el riesgo pa\u00eds logra perforar de forma sostenida la zona de los 500 puntos -hoy en 573 puntos b\u00e1sicos- y mejora el clima externo, la ventana podr\u00eda ampliarse. Pero tambi\u00e9n advierten que sigue siendo un equilibrio fr\u00e1gil: <b>un salto en las tasas de Estados Unidos o una nueva escalada geopol\u00edtica podr\u00edan volver a cerrarla r\u00e1pidamente.<\/b><\/p>\n<p>Para el Gobierno implicar\u00eda una doble ventaja: m\u00e1s financiamiento para provincias y empresas, y m\u00e1s d\u00f3lares privados para sostener el frente cambiario sin necesidad de emitir deuda soberana en condiciones todav\u00eda inc\u00f3modas. En el mercado agregan otro punto: cada d\u00f3lar que entre ahora tambi\u00e9n ayuda a <b>construir un puente hacia 2027, cuando volver\u00e1n a pesar el calendario electoral y mayores vencimientos externos.<\/b><\/p>\n<p>\u200bLas colocaciones externas repuntaron en abril luego de dos meses flojos; el Gobierno evita emitir deuda soberana por las tasas elevadas; crecen los ingresos privados\u00a0\u00a0<\/p>","protected":false},"excerpt":{"rendered":"<p>Abril dej\u00f3 una se\u00f1al que en el mercado segu\u00edan de cerca: se reabri\u00f3 la ventana&#8230;<\/p>\n","protected":false},"author":1,"featured_media":16603,"comment_status":"closed","ping_status":"closed","sticky":false,"template":"","format":"standard","meta":{"_jetpack_memberships_contains_paid_content":false,"footnotes":"","jetpack_publicize_message":"","jetpack_publicize_feature_enabled":true,"jetpack_social_post_already_shared":true,"jetpack_social_options":{"image_generator_settings":{"template":"highway","default_image_id":0,"font":"","enabled":false},"version":2}},"categories":[89],"tags":[],"class_list":["post-16602","post","type-post","status-publish","format-standard","has-post-thumbnail","hentry","category-nacionales"],"yoast_head":"<!-- This site is optimized with the Yoast SEO plugin v27.4 - https:\/\/yoast.com\/product\/yoast-seo-wordpress\/ -->\n<title>Provincias y empresas reabren la ventana de deuda y sumar\u00e1n d\u00f3lares al BCRA -<\/title>\n<meta name=\"robots\" content=\"index, follow, max-snippet:-1, max-image-preview:large, max-video-preview:-1\" \/>\n<link rel=\"canonical\" href=\"https:\/\/impactocastex.com.ar\/?p=16602\" \/>\n<meta property=\"og:locale\" content=\"es_ES\" \/>\n<meta property=\"og:type\" content=\"article\" \/>\n<meta property=\"og:title\" content=\"Provincias y empresas reabren la ventana de deuda y sumar\u00e1n d\u00f3lares al BCRA -\" \/>\n<meta property=\"og:description\" content=\"Abril dej\u00f3 una se\u00f1al que en el mercado segu\u00edan de cerca: se reabri\u00f3 la ventana...\" \/>\n<meta property=\"og:url\" content=\"https:\/\/impactocastex.com.ar\/?p=16602\" \/>\n<meta property=\"article:publisher\" content=\"https:\/\/www.facebook.com\/impactocastexdiario\" \/>\n<meta property=\"article:published_time\" content=\"2026-04-27T21:20:51+00:00\" \/>\n<meta property=\"og:image\" content=\"https:\/\/resizer.glanacion.com\/resizer\/v2\/2DQ2VI4SM5FG5BZIDXZHNNVI6U.png?auth=eb7a4e24cadaedd98039d2c5194720687f90f3795d4fab08fde46ec410447e02&amp;smart=true&amp;width=499&amp;height=409\" \/>\n<meta name=\"author\" content=\"impactocastex\" \/>\n<meta name=\"twitter:card\" content=\"summary_large_image\" \/>\n<meta name=\"twitter:label1\" content=\"Escrito por\" \/>\n\t<meta name=\"twitter:data1\" content=\"impactocastex\" \/>\n\t<meta name=\"twitter:label2\" content=\"Tiempo de lectura\" \/>\n\t<meta name=\"twitter:data2\" content=\"5 minutos\" \/>\n<script type=\"application\/ld+json\" class=\"yoast-schema-graph\">{\"@context\":\"https:\\\/\\\/schema.org\",\"@graph\":[{\"@type\":\"Article\",\"@id\":\"https:\\\/\\\/impactocastex.com.ar\\\/?p=16602#article\",\"isPartOf\":{\"@id\":\"https:\\\/\\\/impactocastex.com.ar\\\/?p=16602\"},\"author\":{\"name\":\"impactocastex\",\"@id\":\"https:\\\/\\\/impactocastex.com.ar\\\/#\\\/schema\\\/person\\\/86cb4f827fb5f87869a239b98a69c6e3\"},\"headline\":\"Provincias y empresas reabren la ventana de deuda y sumar\u00e1n d\u00f3lares al BCRA\",\"datePublished\":\"2026-04-27T21:20:51+00:00\",\"mainEntityOfPage\":{\"@id\":\"https:\\\/\\\/impactocastex.com.ar\\\/?p=16602\"},\"wordCount\":1092,\"publisher\":{\"@id\":\"https:\\\/\\\/impactocastex.com.ar\\\/#organization\"},\"image\":{\"@id\":\"https:\\\/\\\/impactocastex.com.ar\\\/?p=16602#primaryimage\"},\"thumbnailUrl\":\"https:\\\/\\\/impactocastex.com.ar\\\/wp-content\\\/uploads\\\/2026\\\/04\\\/7OXLVFYSDNEQTIHEOKXLZ64F5A-VPcIme.jpg\",\"articleSection\":[\"NACIONALES\"],\"inLanguage\":\"es\"},{\"@type\":\"WebPage\",\"@id\":\"https:\\\/\\\/impactocastex.com.ar\\\/?p=16602\",\"url\":\"https:\\\/\\\/impactocastex.com.ar\\\/?p=16602\",\"name\":\"Provincias y empresas reabren la ventana de deuda y sumar\u00e1n d\u00f3lares al BCRA -\",\"isPartOf\":{\"@id\":\"https:\\\/\\\/impactocastex.com.ar\\\/#website\"},\"primaryImageOfPage\":{\"@id\":\"https:\\\/\\\/impactocastex.com.ar\\\/?p=16602#primaryimage\"},\"image\":{\"@id\":\"https:\\\/\\\/impactocastex.com.ar\\\/?p=16602#primaryimage\"},\"thumbnailUrl\":\"https:\\\/\\\/impactocastex.com.ar\\\/wp-content\\\/uploads\\\/2026\\\/04\\\/7OXLVFYSDNEQTIHEOKXLZ64F5A-VPcIme.jpg\",\"datePublished\":\"2026-04-27T21:20:51+00:00\",\"breadcrumb\":{\"@id\":\"https:\\\/\\\/impactocastex.com.ar\\\/?p=16602#breadcrumb\"},\"inLanguage\":\"es\",\"potentialAction\":[{\"@type\":\"ReadAction\",\"target\":[\"https:\\\/\\\/impactocastex.com.ar\\\/?p=16602\"]}]},{\"@type\":\"ImageObject\",\"inLanguage\":\"es\",\"@id\":\"https:\\\/\\\/impactocastex.com.ar\\\/?p=16602#primaryimage\",\"url\":\"https:\\\/\\\/impactocastex.com.ar\\\/wp-content\\\/uploads\\\/2026\\\/04\\\/7OXLVFYSDNEQTIHEOKXLZ64F5A-VPcIme.jpg\",\"contentUrl\":\"https:\\\/\\\/impactocastex.com.ar\\\/wp-content\\\/uploads\\\/2026\\\/04\\\/7OXLVFYSDNEQTIHEOKXLZ64F5A-VPcIme.jpg\",\"width\":2000,\"height\":1333},{\"@type\":\"BreadcrumbList\",\"@id\":\"https:\\\/\\\/impactocastex.com.ar\\\/?p=16602#breadcrumb\",\"itemListElement\":[{\"@type\":\"ListItem\",\"position\":1,\"name\":\"Portada\",\"item\":\"https:\\\/\\\/impactocastex.com.ar\\\/\"},{\"@type\":\"ListItem\",\"position\":2,\"name\":\"Provincias y empresas reabren la ventana de deuda y sumar\u00e1n d\u00f3lares al BCRA\"}]},{\"@type\":\"WebSite\",\"@id\":\"https:\\\/\\\/impactocastex.com.ar\\\/#website\",\"url\":\"https:\\\/\\\/impactocastex.com.ar\\\/\",\"name\":\"Impacto Castex\",\"description\":\"\",\"publisher\":{\"@id\":\"https:\\\/\\\/impactocastex.com.ar\\\/#organization\"},\"potentialAction\":[{\"@type\":\"SearchAction\",\"target\":{\"@type\":\"EntryPoint\",\"urlTemplate\":\"https:\\\/\\\/impactocastex.com.ar\\\/?s={search_term_string}\"},\"query-input\":{\"@type\":\"PropertyValueSpecification\",\"valueRequired\":true,\"valueName\":\"search_term_string\"}}],\"inLanguage\":\"es\"},{\"@type\":\"Organization\",\"@id\":\"https:\\\/\\\/impactocastex.com.ar\\\/#organization\",\"name\":\"Impacto Castex\",\"url\":\"https:\\\/\\\/impactocastex.com.ar\\\/\",\"logo\":{\"@type\":\"ImageObject\",\"inLanguage\":\"es\",\"@id\":\"https:\\\/\\\/impactocastex.com.ar\\\/#\\\/schema\\\/logo\\\/image\\\/\",\"url\":\"https:\\\/\\\/impactocastex.com.ar\\\/wp-content\\\/uploads\\\/2025\\\/09\\\/cropped-icoweb.png\",\"contentUrl\":\"https:\\\/\\\/impactocastex.com.ar\\\/wp-content\\\/uploads\\\/2025\\\/09\\\/cropped-icoweb.png\",\"width\":512,\"height\":512,\"caption\":\"Impacto Castex\"},\"image\":{\"@id\":\"https:\\\/\\\/impactocastex.com.ar\\\/#\\\/schema\\\/logo\\\/image\\\/\"},\"sameAs\":[\"https:\\\/\\\/www.facebook.com\\\/impactocastexdiario\",\"https:\\\/\\\/www.instagram.com\\\/impactocastex.com.ar\\\/\"]},{\"@type\":\"Person\",\"@id\":\"https:\\\/\\\/impactocastex.com.ar\\\/#\\\/schema\\\/person\\\/86cb4f827fb5f87869a239b98a69c6e3\",\"name\":\"impactocastex\",\"image\":{\"@type\":\"ImageObject\",\"inLanguage\":\"es\",\"@id\":\"https:\\\/\\\/secure.gravatar.com\\\/avatar\\\/9a87ee051ca8c77f5d4070843ce2c78cdf95b858b950fb039151de955122f5f5?s=96&d=mm&r=g\",\"url\":\"https:\\\/\\\/secure.gravatar.com\\\/avatar\\\/9a87ee051ca8c77f5d4070843ce2c78cdf95b858b950fb039151de955122f5f5?s=96&d=mm&r=g\",\"contentUrl\":\"https:\\\/\\\/secure.gravatar.com\\\/avatar\\\/9a87ee051ca8c77f5d4070843ce2c78cdf95b858b950fb039151de955122f5f5?s=96&d=mm&r=g\",\"caption\":\"impactocastex\"},\"sameAs\":[\"https:\\\/\\\/impactocastex.com.ar\"],\"url\":\"https:\\\/\\\/impactocastex.com.ar\\\/?author=1\"}]}<\/script>\n<!-- \/ Yoast SEO plugin. -->","yoast_head_json":{"title":"Provincias y empresas reabren la ventana de deuda y sumar\u00e1n d\u00f3lares al BCRA -","robots":{"index":"index","follow":"follow","max-snippet":"max-snippet:-1","max-image-preview":"max-image-preview:large","max-video-preview":"max-video-preview:-1"},"canonical":"https:\/\/impactocastex.com.ar\/?p=16602","og_locale":"es_ES","og_type":"article","og_title":"Provincias y empresas reabren la ventana de deuda y sumar\u00e1n d\u00f3lares al BCRA -","og_description":"Abril dej\u00f3 una se\u00f1al que en el mercado segu\u00edan de cerca: se reabri\u00f3 la ventana...","og_url":"https:\/\/impactocastex.com.ar\/?p=16602","article_publisher":"https:\/\/www.facebook.com\/impactocastexdiario","article_published_time":"2026-04-27T21:20:51+00:00","og_image":[{"url":"https:\/\/resizer.glanacion.com\/resizer\/v2\/2DQ2VI4SM5FG5BZIDXZHNNVI6U.png?auth=eb7a4e24cadaedd98039d2c5194720687f90f3795d4fab08fde46ec410447e02&amp;smart=true&amp;width=499&amp;height=409","type":"","width":"","height":""}],"author":"impactocastex","twitter_card":"summary_large_image","twitter_misc":{"Escrito por":"impactocastex","Tiempo de lectura":"5 minutos"},"schema":{"@context":"https:\/\/schema.org","@graph":[{"@type":"Article","@id":"https:\/\/impactocastex.com.ar\/?p=16602#article","isPartOf":{"@id":"https:\/\/impactocastex.com.ar\/?p=16602"},"author":{"name":"impactocastex","@id":"https:\/\/impactocastex.com.ar\/#\/schema\/person\/86cb4f827fb5f87869a239b98a69c6e3"},"headline":"Provincias y empresas reabren la ventana de deuda y sumar\u00e1n d\u00f3lares al BCRA","datePublished":"2026-04-27T21:20:51+00:00","mainEntityOfPage":{"@id":"https:\/\/impactocastex.com.ar\/?p=16602"},"wordCount":1092,"publisher":{"@id":"https:\/\/impactocastex.com.ar\/#organization"},"image":{"@id":"https:\/\/impactocastex.com.ar\/?p=16602#primaryimage"},"thumbnailUrl":"https:\/\/impactocastex.com.ar\/wp-content\/uploads\/2026\/04\/7OXLVFYSDNEQTIHEOKXLZ64F5A-VPcIme.jpg","articleSection":["NACIONALES"],"inLanguage":"es"},{"@type":"WebPage","@id":"https:\/\/impactocastex.com.ar\/?p=16602","url":"https:\/\/impactocastex.com.ar\/?p=16602","name":"Provincias y empresas reabren la ventana de deuda y sumar\u00e1n d\u00f3lares al BCRA -","isPartOf":{"@id":"https:\/\/impactocastex.com.ar\/#website"},"primaryImageOfPage":{"@id":"https:\/\/impactocastex.com.ar\/?p=16602#primaryimage"},"image":{"@id":"https:\/\/impactocastex.com.ar\/?p=16602#primaryimage"},"thumbnailUrl":"https:\/\/impactocastex.com.ar\/wp-content\/uploads\/2026\/04\/7OXLVFYSDNEQTIHEOKXLZ64F5A-VPcIme.jpg","datePublished":"2026-04-27T21:20:51+00:00","breadcrumb":{"@id":"https:\/\/impactocastex.com.ar\/?p=16602#breadcrumb"},"inLanguage":"es","potentialAction":[{"@type":"ReadAction","target":["https:\/\/impactocastex.com.ar\/?p=16602"]}]},{"@type":"ImageObject","inLanguage":"es","@id":"https:\/\/impactocastex.com.ar\/?p=16602#primaryimage","url":"https:\/\/impactocastex.com.ar\/wp-content\/uploads\/2026\/04\/7OXLVFYSDNEQTIHEOKXLZ64F5A-VPcIme.jpg","contentUrl":"https:\/\/impactocastex.com.ar\/wp-content\/uploads\/2026\/04\/7OXLVFYSDNEQTIHEOKXLZ64F5A-VPcIme.jpg","width":2000,"height":1333},{"@type":"BreadcrumbList","@id":"https:\/\/impactocastex.com.ar\/?p=16602#breadcrumb","itemListElement":[{"@type":"ListItem","position":1,"name":"Portada","item":"https:\/\/impactocastex.com.ar\/"},{"@type":"ListItem","position":2,"name":"Provincias y empresas reabren la ventana de deuda y sumar\u00e1n d\u00f3lares al BCRA"}]},{"@type":"WebSite","@id":"https:\/\/impactocastex.com.ar\/#website","url":"https:\/\/impactocastex.com.ar\/","name":"Impacto Castex","description":"","publisher":{"@id":"https:\/\/impactocastex.com.ar\/#organization"},"potentialAction":[{"@type":"SearchAction","target":{"@type":"EntryPoint","urlTemplate":"https:\/\/impactocastex.com.ar\/?s={search_term_string}"},"query-input":{"@type":"PropertyValueSpecification","valueRequired":true,"valueName":"search_term_string"}}],"inLanguage":"es"},{"@type":"Organization","@id":"https:\/\/impactocastex.com.ar\/#organization","name":"Impacto Castex","url":"https:\/\/impactocastex.com.ar\/","logo":{"@type":"ImageObject","inLanguage":"es","@id":"https:\/\/impactocastex.com.ar\/#\/schema\/logo\/image\/","url":"https:\/\/impactocastex.com.ar\/wp-content\/uploads\/2025\/09\/cropped-icoweb.png","contentUrl":"https:\/\/impactocastex.com.ar\/wp-content\/uploads\/2025\/09\/cropped-icoweb.png","width":512,"height":512,"caption":"Impacto Castex"},"image":{"@id":"https:\/\/impactocastex.com.ar\/#\/schema\/logo\/image\/"},"sameAs":["https:\/\/www.facebook.com\/impactocastexdiario","https:\/\/www.instagram.com\/impactocastex.com.ar\/"]},{"@type":"Person","@id":"https:\/\/impactocastex.com.ar\/#\/schema\/person\/86cb4f827fb5f87869a239b98a69c6e3","name":"impactocastex","image":{"@type":"ImageObject","inLanguage":"es","@id":"https:\/\/secure.gravatar.com\/avatar\/9a87ee051ca8c77f5d4070843ce2c78cdf95b858b950fb039151de955122f5f5?s=96&d=mm&r=g","url":"https:\/\/secure.gravatar.com\/avatar\/9a87ee051ca8c77f5d4070843ce2c78cdf95b858b950fb039151de955122f5f5?s=96&d=mm&r=g","contentUrl":"https:\/\/secure.gravatar.com\/avatar\/9a87ee051ca8c77f5d4070843ce2c78cdf95b858b950fb039151de955122f5f5?s=96&d=mm&r=g","caption":"impactocastex"},"sameAs":["https:\/\/impactocastex.com.ar"],"url":"https:\/\/impactocastex.com.ar\/?author=1"}]}},"jetpack_publicize_connections":[],"featured_image_urls":{"full":["https:\/\/impactocastex.com.ar\/wp-content\/uploads\/2026\/04\/7OXLVFYSDNEQTIHEOKXLZ64F5A-VPcIme.jpg",2000,1333,false],"thumbnail":["https:\/\/impactocastex.com.ar\/wp-content\/uploads\/2026\/04\/7OXLVFYSDNEQTIHEOKXLZ64F5A-VPcIme-150x150.jpg",150,150,true],"medium":["https:\/\/impactocastex.com.ar\/wp-content\/uploads\/2026\/04\/7OXLVFYSDNEQTIHEOKXLZ64F5A-VPcIme-300x200.jpg",300,200,true],"medium_large":["https:\/\/impactocastex.com.ar\/wp-content\/uploads\/2026\/04\/7OXLVFYSDNEQTIHEOKXLZ64F5A-VPcIme-768x512.jpg",640,427,true],"large":["https:\/\/impactocastex.com.ar\/wp-content\/uploads\/2026\/04\/7OXLVFYSDNEQTIHEOKXLZ64F5A-VPcIme-1024x682.jpg",640,426,true],"1536x1536":["https:\/\/impactocastex.com.ar\/wp-content\/uploads\/2026\/04\/7OXLVFYSDNEQTIHEOKXLZ64F5A-VPcIme-1536x1024.jpg",1536,1024,true],"2048x2048":["https:\/\/impactocastex.com.ar\/wp-content\/uploads\/2026\/04\/7OXLVFYSDNEQTIHEOKXLZ64F5A-VPcIme.jpg",2000,1333,false],"newsever-slider-full":["https:\/\/impactocastex.com.ar\/wp-content\/uploads\/2026\/04\/7OXLVFYSDNEQTIHEOKXLZ64F5A-VPcIme-1280x845.jpg",1280,845,true],"newsever-featured":["https:\/\/impactocastex.com.ar\/wp-content\/uploads\/2026\/04\/7OXLVFYSDNEQTIHEOKXLZ64F5A-VPcIme-1024x682.jpg",1024,682,true],"newsever-medium":["https:\/\/impactocastex.com.ar\/wp-content\/uploads\/2026\/04\/7OXLVFYSDNEQTIHEOKXLZ64F5A-VPcIme-720x475.jpg",720,475,true]},"author_info":{"info":["impactocastex"]},"category_info":"<a href=\"https:\/\/impactocastex.com.ar\/?cat=89\" rel=\"category\">NACIONALES<\/a>","tag_info":"NACIONALES","comment_count":0,"jetpack_featured_media_url":"https:\/\/impactocastex.com.ar\/wp-content\/uploads\/2026\/04\/7OXLVFYSDNEQTIHEOKXLZ64F5A-VPcIme.jpg","jetpack_sharing_enabled":true,"jetpack_likes_enabled":true,"jetpack_shortlink":"https:\/\/wp.me\/p7sopA-4jM","_links":{"self":[{"href":"https:\/\/impactocastex.com.ar\/index.php?rest_route=\/wp\/v2\/posts\/16602","targetHints":{"allow":["GET"]}}],"collection":[{"href":"https:\/\/impactocastex.com.ar\/index.php?rest_route=\/wp\/v2\/posts"}],"about":[{"href":"https:\/\/impactocastex.com.ar\/index.php?rest_route=\/wp\/v2\/types\/post"}],"author":[{"embeddable":true,"href":"https:\/\/impactocastex.com.ar\/index.php?rest_route=\/wp\/v2\/users\/1"}],"replies":[{"embeddable":true,"href":"https:\/\/impactocastex.com.ar\/index.php?rest_route=%2Fwp%2Fv2%2Fcomments&post=16602"}],"version-history":[{"count":0,"href":"https:\/\/impactocastex.com.ar\/index.php?rest_route=\/wp\/v2\/posts\/16602\/revisions"}],"wp:featuredmedia":[{"embeddable":true,"href":"https:\/\/impactocastex.com.ar\/index.php?rest_route=\/wp\/v2\/media\/16603"}],"wp:attachment":[{"href":"https:\/\/impactocastex.com.ar\/index.php?rest_route=%2Fwp%2Fv2%2Fmedia&parent=16602"}],"wp:term":[{"taxonomy":"category","embeddable":true,"href":"https:\/\/impactocastex.com.ar\/index.php?rest_route=%2Fwp%2Fv2%2Fcategories&post=16602"},{"taxonomy":"post_tag","embeddable":true,"href":"https:\/\/impactocastex.com.ar\/index.php?rest_route=%2Fwp%2Fv2%2Ftags&post=16602"}],"curies":[{"name":"wp","href":"https:\/\/api.w.org\/{rel}","templated":true}]}}