{"id":16596,"date":"2026-04-27T16:16:55","date_gmt":"2026-04-27T19:16:55","guid":{"rendered":"https:\/\/impactocastex.com.ar\/?p=16596"},"modified":"2026-04-27T16:16:55","modified_gmt":"2026-04-27T19:16:55","slug":"jugo-el-mundial-2002-con-uruguay-le-amputaron-una-pierna-tras-un-terrible-accidente-y-su-historia-impacto-a-los-argentinos","status":"publish","type":"post","link":"https:\/\/impactocastex.com.ar\/?p=16596","title":{"rendered":"Jug\u00f3 el Mundial 2002 con Uruguay, le amputaron una pierna tras un terrible accidente y su historia impact\u00f3 a los argentinos"},"content":{"rendered":"<p><b>Dar\u00edo Silva,<\/b> de cabellera <b>platinada<\/b>, instinto <b>goleador<\/b> y personalidad <b>carism\u00e1tica<\/b>, fue uno de los rostros m\u00e1s visibles de la selecci\u00f3n uruguaya de comienzos de siglo que buscaba volver a los Mundiales, el torneo que inaugur\u00f3 con su triunfo en 1930.<\/p>\n<p>Tras algunos sinsabores en la d\u00e9cada del 90, que incluyeron dos eliminaciones de la competencia en Estados Unidos 94 y Francia 98, la Celeste ara\u00f1\u00f3 el quinto puesto en las Eliminatorias rumbo a Corea-Jap\u00f3n 2002 y, de la mano de <b>Dar\u00edo Silva<\/b>, quien anot\u00f3 el gol frente a Australia en el repechaje, volvi\u00f3 a la cita m\u00e1xima del f\u00fatbol.<\/p>\n<p><img loading=\"lazy\" decoding=\"async\" src=\"https:\/\/resizer.glanacion.com\/resizer\/v2\/2ADFEF6IDRH3XGMXD5TXH3T7FA.jpg?auth=02eb1f3e47ba66a11a6d07ce4f4e8aee50ab13797ddc40116fcef8a00c8e1c14&amp;smart=true&amp;width=1200&amp;height=800\" alt=\"Dar\u00edo Silva visti\u00f3 los colores de M\u00e1laga entre 1999 y 2003\" height=\"800\" width=\"1200\" \/><\/p>\n<p>Tan s\u00f3lo cinco a\u00f1os despu\u00e9s, en un giro brutal, la tragedia azot\u00f3 a este singular futbolista, cuando <a href=\"https:\/\/www.lanacion.com.ar\/deportes\/graves-consecuencias-para-dario-silva-nid843568\/\" target=\"_blank\" rel=\"noreferrer\" title=\"https:\/\/www.lanacion.com.ar\/deportes\/graves-consecuencias-para-dario-silva-nid843568\/\">en un siniestro automovil\u00edstico que protagoniz\u00f3 en Montevideo qued\u00f3 gravemente herido y tuvo que ser amputado de su pierna derecha<\/a>, aquella que hab\u00eda despertado de su larga siesta al glorioso f\u00fatbol uruguayo. <\/p>\n<h1>Dar\u00edo Silva, el optimista del gol<\/h1>\n<p>En di\u00e1logo con<b> LANACION<\/b>, Luis Prats, periodista uruguayo, defini\u00f3 al exc\u00e9ntrico atacante como un <b>\u201coptimista del gol\u201d<\/b>. \u201cA veces pod\u00eda parecer ajeno al partido, despreocupado del resultado, pero alcanzaba que tiraran la pelota hacia su zona para que <b>se encendiera<\/b>, dejara todo por conquistarla y despu\u00e9s buscara al arco sin pesta\u00f1ear. Sus goles ten\u00edan entonces el <b>frenes\u00ed <\/b>de sus corridas, el <b>estruendo<\/b> de sus apariciones. Por querer hacerlo todo en un segundo, perdi\u00f3 alguno que parec\u00eda hecho, pero en general si enfilaba hacia el arco, se pod\u00eda preparar el grito. Era un jugador <b>el\u00e9ctrico<\/b>, de<b> movimientos veloces<\/b> e <b>impredecibles<\/b>. Tambi\u00e9n <b>\u00e1gil <\/b>y <b>flexible<\/b>, en su salto pod\u00eda ir m\u00e1s arriba que las manos del arquero, lo que lo llev\u00f3 a convertir muchas veces de cabeza\u201c. <\/p>\n<h1>Silva, una pieza clave de la Celeste rumbo a Corea-Jap\u00f3n 2002<\/h1>\n<p>El retorno de Uruguay a la Copa del Mundo en 2002 no le fue indiferente a nadie. En un gui\u00f1o del destino, el bolillero puso a los dirigidos por V\u00edctor P\u00faa en el mismo grupo que Francia, la defensora del t\u00edtulo que dejar\u00eda Asia con una decepci\u00f3n may\u00fascula: <i>les Blues<\/i> fueron eliminados en la primera ronda del torneo. Parte de esa frustraci\u00f3n fue responsabilidad del conjunto sudamericano, que ten\u00eda en Dar\u00edo Silva su arma goleadora. Delantero del M\u00e1laga, Silva complementaba en el ataque a los m\u00e1s j\u00f3venes <b>\u00c1lvaro Recoba<\/b> y <b>Sebasti\u00e1n Abreu<\/b>. A la postre, aquella termin\u00f3 siendo una actuaci\u00f3n agridulce para Uruguay. <\/p>\n<figure><video height=\"720\" width=\"960\" poster=\"https:\/\/cdn.jwplayer.com\/v2\/media\/HdmFzzmm\/poster.jpg?width=720\" preload=\"none\"><\/video><figcaption>Uruguay 0 &#8211; 0 Francia: La Copa Del Mundo 2002 vio jugar a Dar\u00edo Silva <\/figcaption><\/figure>\n<p>Prats lo recuerda como un Mundial \u201craro\u201d para su seleccionado, y aporta una mirada cr\u00edtica sobre Silva: \u201cTe dir\u00e9 que en el Mundial 2002 <b>Dar\u00edo no se destac\u00f3 mucho<\/b>. Fue un <b>Mundial raro<\/b> para Uruguay, donde siempre pareci\u00f3 cerca de lograr sus objetivos, pero nunca los alcanzaba\u201d. En cualquier caso, esa competencia represent\u00f3 para toda una generaci\u00f3n ver de vuelta a Uruguay en la primera plana del mundo frente a los rivales m\u00e1s poderosos. Y Silva no pasaba desapercibido. <\/p>\n<p>\u201cDar\u00edo form\u00f3 parte de una generaci\u00f3n que conoci\u00f3 a la Celeste uruguaya <b>en plena \u00e9poca de tormentas<\/b>, con algunas alegr\u00edas y <b>varias frustraciones<\/b>, adem\u00e1s de numerosas <b>pol\u00e9micas internas<\/b>. El mayor \u00e9xito fue la clasificaci\u00f3n al Mundial de Corea-Jap\u00f3n 2002, un camino que se abri\u00f3 con varios goles suyos. Despu\u00e9s fue titular en los tres partidos disputados por la Copa del Mundo, aunque no pudo convertir. Aquella campa\u00f1a resulta todav\u00eda hoy <b>dif\u00edcil de catalogar<\/b>: se estuvo varias veces al borde de la haza\u00f1a, pero<b> sin alcanzarla nunca<\/b>\u201d.<\/p>\n<p>Sin club tras finalizar su contrato con <b>Portsmouth<\/b> de Inglaterra, la carrera de Silva termin\u00f3 de manera intempestiva y forzada por el accidente que lo oblig\u00f3 a bajar la marcha en su fren\u00e9tica vida. <\/p>\n<p><img loading=\"lazy\" decoding=\"async\" src=\"https:\/\/resizer.glanacion.com\/resizer\/v2\/C7XJWD3GKZCRFLG26LADNFLLVY.jpg?auth=dc818b1794f50bc2f69a42e1c49eeed25f4a4bc42c4d6f84183bf0803a2e35ca&amp;smart=true&amp;width=1200&amp;height=800\" alt=\"Dar\u00edo Silva, durante su rehabilitaci\u00f3n tras el siniestro automovil\u00edstico\" height=\"800\" width=\"1200\" \/><\/p>\n<p>Con la amputaci\u00f3n de su pierna derecha, Dar\u00edo encontr\u00f3 la posibilidad de rearmarse y darle un nuevo sentido a su existencia. Incluso, est\u00e1 agradecido por el hecho de haber salido adelante, y hasta sostiene que logr\u00f3 adaptarse a su nueva realidad.<\/p>\n<p>A\u00f1os despu\u00e9s, una audaz jugada de marketing lo puso de vuelta en el radar: en una edici\u00f3n del programa \u201cLos Otros\u201d de Movistar+, en la que se relataba la historia de jugadores que hab\u00edan ca\u00eddo en desgracia econ\u00f3mica, <a href=\"https:\/\/www.lanacion.com.ar\/deportes\/futbol\/dario-silva-video-trabajo-mesero-nid2248478\/\" target=\"_blank\" rel=\"noreferrer\" title=\"https:\/\/www.lanacion.com.ar\/deportes\/futbol\/dario-silva-video-trabajo-mesero-nid2248478\/\">cont\u00f3 que trabajaba como mesero de una pizzer\u00eda en M\u00e1laga<\/a>, donde hab\u00eda triunfado como jugador en el equipo de la ciudad. \u201cVivo m\u00e1s cerca que todos los que est\u00e1n aqu\u00ed en la pizzer\u00eda. <b>Abro la persiana, caliento el horno, me pongo a limpiar<\/b>, friego el piso, los ba\u00f1os&#8230; A m\u00ed no me hace nada ni barrer, ni limpiar un ba\u00f1o\u00bb.<\/p>\n<p>Pese a haber firmado un contrato de 3 millones de euros por dos a\u00f1os en Sevilla, su tercer y \u00faltimo equipo en Espa\u00f1a (aparte de<b> Espanyol<\/b> y <b>M\u00e1laga<\/b>), la situaci\u00f3n econ\u00f3mica actual de Silva no se condice con esos ingresos.<\/p>\n<p>No obstante, en 2023, en di\u00e1logo con el medio espa\u00f1ol Relevo, admiti\u00f3 que su labor como mesero<b> fue un gran <\/b><i><b>bluff<\/b><\/i>. Seg\u00fan explic\u00f3, se trat\u00f3 de una jugada de marketing para ayudar a su amigo Antonio, quien cumpli\u00f3 con creces sus objetivos de darle visibilidad al negocio, ya que a partir de aquella emisi\u00f3n, llegaron jugadores de todas partes del mundo para comer en el afamado restaurante. <\/p>\n<p><img loading=\"lazy\" decoding=\"async\" src=\"https:\/\/resizer.glanacion.com\/resizer\/v2\/MAE3IBFABNBGNAZVBEEO5TUCCU.jpg?auth=2a11816aad78ac3adb7e4fe6b1ac853ab9ab623e66cab89764f5d05e22a2509e&amp;smart=true&amp;width=1200&amp;height=800\" alt=\"Dar\u00edo Silva, en la pizzer\u00eda Frascati, junto a Antonio Della Rata, su amigo y \" height=\"800\" width=\"1200\" \/><\/p>\n<p>Frontal, irreverente e impulsivo, Dar\u00edo tiene delineada su fecha de deceso para el 2 de noviembre de 2044, a la edad de 72 a\u00f1os. \u201c<b>No me quiero ir ni un d\u00eda despu\u00e9s ni un d\u00eda antes<\/b>\u201d. <\/p>\n<p><img loading=\"lazy\" decoding=\"async\" src=\"https:\/\/resizer.glanacion.com\/resizer\/v2\/Y5MWRZZNP5FLJEKUKTWV4GJG4U.jpg?auth=6615a3e24220e6f40b0e1fcbc42bf1bf7cf7c96c65347211064b68e29db3dcc9&amp;smart=true&amp;width=368&amp;height=207\" alt=\"Dar\u00edo Silva y una imagen que hasta hoy duele: el accidente de auto que trunc\u00f3 su carrera\" height=\"207\" width=\"368\" \/><\/p>\n<h1>Dar\u00edo Silva, entre el <i>scouting <\/i>en C\u00e1diz y su futuro con Sergio Ramos<\/h1>\n<p>A\u00fan dolido por el desmanejo de sus representantes con su carrera, Dar\u00edo ha denunciado p\u00fablicamente haber sido estafado por ellos durante su carrera, lo cual da\u00f1\u00f3 su capacidad econ\u00f3mica. Aun as\u00ed, no atraviesa una situaci\u00f3n material cr\u00edtica. <\/p>\n<p>Siempre pol\u00e9mico, en la previa de Qatar 2022, no dud\u00f3 en salir a criticar a <b>Oscar Washington Tab\u00e1rez<\/b>, por entonces DT de la Celeste, sobre quien dijo: \u201c<b>Es un in\u00fatil<\/b>, nunca le gan\u00f3 a nadie\u201d. Casualmente, la carrera de Silva en Uruguay finaliz\u00f3 unos meses despu\u00e9s de la asunci\u00f3n del prestigioso entrenador como t\u00e9cnico de la Selecci\u00f3n Charr\u00faa. <\/p>\n<p>Cercano a <b>Sergio Ramos<\/b> desde sus tiempos en <b>Sevilla<\/b>, sue\u00f1a con trabajar junto al que define como \u201cel mejor defensor de <i>todos <\/i>los tiempos\u201d. El hermano del defensor espa\u00f1ol tiene una agencia de representantes. <\/p>\n<p><img loading=\"lazy\" decoding=\"async\" src=\"https:\/\/resizer.glanacion.com\/resizer\/v2\/YY5V3IXXDJGOZICSBJHHMGKB7E.jpg?auth=bc7bc237b0adf5576efa5205ed5f9de94444cf39ed22ddc069ee4fcaf437af6d&amp;smart=true&amp;width=1200&amp;height=800\" alt=\"Dar\u00edo Silva y Sergio Ramos, c\u00f3mplices en Sevilla. El uruguayo sue\u00f1a con volver a trabajar con el defensor\" height=\"800\" width=\"1200\" \/><\/p>\n<p>Actualmente, trabaja en Uruguay como <i>scouting<\/i> para el C\u00e1diz F.C., de la segunda divisi\u00f3n de Espa\u00f1a. Desde su tierra natal, su labor es ojear a las j\u00f3venes promesas sudamericanas con proyecci\u00f3n europea.<\/p>\n<p>\u200bBrill\u00f3 en el f\u00fatbol espa\u00f1ol y fue una pieza clave en la clasificaci\u00f3n de la Celeste a Corea-Jap\u00f3n; un grave choque con el auto interrumpi\u00f3 su carrera; a\u00f1os despu\u00e9s, una jugada de marketing lo devolvi\u00f3 al centro de la escena\u00a0\u00a0<\/p>","protected":false},"excerpt":{"rendered":"<p>Dar\u00edo Silva, de cabellera platinada, instinto goleador y personalidad carism\u00e1tica, fue uno de los rostros&#8230;<\/p>\n","protected":false},"author":1,"featured_media":16597,"comment_status":"closed","ping_status":"closed","sticky":false,"template":"","format":"standard","meta":{"_jetpack_memberships_contains_paid_content":false,"footnotes":"","jetpack_publicize_message":"","jetpack_publicize_feature_enabled":true,"jetpack_social_post_already_shared":true,"jetpack_social_options":{"image_generator_settings":{"template":"highway","default_image_id":0,"font":"","enabled":false},"version":2}},"categories":[89],"tags":[],"class_list":["post-16596","post","type-post","status-publish","format-standard","has-post-thumbnail","hentry","category-nacionales"],"yoast_head":"<!-- This site is optimized with the Yoast SEO plugin v27.4 - https:\/\/yoast.com\/product\/yoast-seo-wordpress\/ -->\n<title>Jug\u00f3 el Mundial 2002 con Uruguay, le amputaron una pierna tras un terrible accidente y su historia impact\u00f3 a los argentinos -<\/title>\n<meta name=\"robots\" content=\"index, follow, max-snippet:-1, max-image-preview:large, max-video-preview:-1\" \/>\n<link rel=\"canonical\" href=\"https:\/\/impactocastex.com.ar\/?p=16596\" \/>\n<meta property=\"og:locale\" content=\"es_ES\" \/>\n<meta property=\"og:type\" content=\"article\" \/>\n<meta property=\"og:title\" content=\"Jug\u00f3 el Mundial 2002 con Uruguay, le amputaron una pierna tras un terrible accidente y su historia impact\u00f3 a los argentinos -\" \/>\n<meta property=\"og:description\" content=\"Dar\u00edo Silva, de cabellera platinada, instinto goleador y personalidad carism\u00e1tica, fue uno de los rostros...\" \/>\n<meta property=\"og:url\" content=\"https:\/\/impactocastex.com.ar\/?p=16596\" \/>\n<meta property=\"article:publisher\" content=\"https:\/\/www.facebook.com\/impactocastexdiario\" \/>\n<meta property=\"article:published_time\" content=\"2026-04-27T19:16:55+00:00\" \/>\n<meta property=\"og:image\" content=\"https:\/\/resizer.glanacion.com\/resizer\/v2\/2ADFEF6IDRH3XGMXD5TXH3T7FA.jpg?auth=02eb1f3e47ba66a11a6d07ce4f4e8aee50ab13797ddc40116fcef8a00c8e1c14&amp;smart=true&amp;width=1200&amp;height=800\" \/>\n<meta name=\"author\" content=\"impactocastex\" \/>\n<meta name=\"twitter:card\" content=\"summary_large_image\" \/>\n<meta name=\"twitter:label1\" content=\"Escrito por\" \/>\n\t<meta name=\"twitter:data1\" content=\"impactocastex\" \/>\n\t<meta name=\"twitter:label2\" content=\"Tiempo de lectura\" \/>\n\t<meta name=\"twitter:data2\" content=\"6 minutos\" \/>\n<script type=\"application\/ld+json\" class=\"yoast-schema-graph\">{\"@context\":\"https:\\\/\\\/schema.org\",\"@graph\":[{\"@type\":\"Article\",\"@id\":\"https:\\\/\\\/impactocastex.com.ar\\\/?p=16596#article\",\"isPartOf\":{\"@id\":\"https:\\\/\\\/impactocastex.com.ar\\\/?p=16596\"},\"author\":{\"name\":\"impactocastex\",\"@id\":\"https:\\\/\\\/impactocastex.com.ar\\\/#\\\/schema\\\/person\\\/86cb4f827fb5f87869a239b98a69c6e3\"},\"headline\":\"Jug\u00f3 el Mundial 2002 con Uruguay, le amputaron una pierna tras un terrible accidente y su historia impact\u00f3 a los argentinos\",\"datePublished\":\"2026-04-27T19:16:55+00:00\",\"mainEntityOfPage\":{\"@id\":\"https:\\\/\\\/impactocastex.com.ar\\\/?p=16596\"},\"wordCount\":1227,\"publisher\":{\"@id\":\"https:\\\/\\\/impactocastex.com.ar\\\/#organization\"},\"image\":{\"@id\":\"https:\\\/\\\/impactocastex.com.ar\\\/?p=16596#primaryimage\"},\"thumbnailUrl\":\"https:\\\/\\\/impactocastex.com.ar\\\/wp-content\\\/uploads\\\/2026\\\/04\\\/QDAB6NUO4BAZRASD5SJJVJUIAM-rutp2e.jpg\",\"articleSection\":[\"NACIONALES\"],\"inLanguage\":\"es\"},{\"@type\":\"WebPage\",\"@id\":\"https:\\\/\\\/impactocastex.com.ar\\\/?p=16596\",\"url\":\"https:\\\/\\\/impactocastex.com.ar\\\/?p=16596\",\"name\":\"Jug\u00f3 el Mundial 2002 con Uruguay, le amputaron una pierna tras un terrible accidente y su historia impact\u00f3 a los argentinos -\",\"isPartOf\":{\"@id\":\"https:\\\/\\\/impactocastex.com.ar\\\/#website\"},\"primaryImageOfPage\":{\"@id\":\"https:\\\/\\\/impactocastex.com.ar\\\/?p=16596#primaryimage\"},\"image\":{\"@id\":\"https:\\\/\\\/impactocastex.com.ar\\\/?p=16596#primaryimage\"},\"thumbnailUrl\":\"https:\\\/\\\/impactocastex.com.ar\\\/wp-content\\\/uploads\\\/2026\\\/04\\\/QDAB6NUO4BAZRASD5SJJVJUIAM-rutp2e.jpg\",\"datePublished\":\"2026-04-27T19:16:55+00:00\",\"breadcrumb\":{\"@id\":\"https:\\\/\\\/impactocastex.com.ar\\\/?p=16596#breadcrumb\"},\"inLanguage\":\"es\",\"potentialAction\":[{\"@type\":\"ReadAction\",\"target\":[\"https:\\\/\\\/impactocastex.com.ar\\\/?p=16596\"]}]},{\"@type\":\"ImageObject\",\"inLanguage\":\"es\",\"@id\":\"https:\\\/\\\/impactocastex.com.ar\\\/?p=16596#primaryimage\",\"url\":\"https:\\\/\\\/impactocastex.com.ar\\\/wp-content\\\/uploads\\\/2026\\\/04\\\/QDAB6NUO4BAZRASD5SJJVJUIAM-rutp2e.jpg\",\"contentUrl\":\"https:\\\/\\\/impactocastex.com.ar\\\/wp-content\\\/uploads\\\/2026\\\/04\\\/QDAB6NUO4BAZRASD5SJJVJUIAM-rutp2e.jpg\",\"width\":1200,\"height\":800},{\"@type\":\"BreadcrumbList\",\"@id\":\"https:\\\/\\\/impactocastex.com.ar\\\/?p=16596#breadcrumb\",\"itemListElement\":[{\"@type\":\"ListItem\",\"position\":1,\"name\":\"Portada\",\"item\":\"https:\\\/\\\/impactocastex.com.ar\\\/\"},{\"@type\":\"ListItem\",\"position\":2,\"name\":\"Jug\u00f3 el Mundial 2002 con Uruguay, le amputaron una pierna tras un terrible accidente y su historia impact\u00f3 a los argentinos\"}]},{\"@type\":\"WebSite\",\"@id\":\"https:\\\/\\\/impactocastex.com.ar\\\/#website\",\"url\":\"https:\\\/\\\/impactocastex.com.ar\\\/\",\"name\":\"Impacto Castex\",\"description\":\"\",\"publisher\":{\"@id\":\"https:\\\/\\\/impactocastex.com.ar\\\/#organization\"},\"potentialAction\":[{\"@type\":\"SearchAction\",\"target\":{\"@type\":\"EntryPoint\",\"urlTemplate\":\"https:\\\/\\\/impactocastex.com.ar\\\/?s={search_term_string}\"},\"query-input\":{\"@type\":\"PropertyValueSpecification\",\"valueRequired\":true,\"valueName\":\"search_term_string\"}}],\"inLanguage\":\"es\"},{\"@type\":\"Organization\",\"@id\":\"https:\\\/\\\/impactocastex.com.ar\\\/#organization\",\"name\":\"Impacto Castex\",\"url\":\"https:\\\/\\\/impactocastex.com.ar\\\/\",\"logo\":{\"@type\":\"ImageObject\",\"inLanguage\":\"es\",\"@id\":\"https:\\\/\\\/impactocastex.com.ar\\\/#\\\/schema\\\/logo\\\/image\\\/\",\"url\":\"https:\\\/\\\/impactocastex.com.ar\\\/wp-content\\\/uploads\\\/2025\\\/09\\\/cropped-icoweb.png\",\"contentUrl\":\"https:\\\/\\\/impactocastex.com.ar\\\/wp-content\\\/uploads\\\/2025\\\/09\\\/cropped-icoweb.png\",\"width\":512,\"height\":512,\"caption\":\"Impacto Castex\"},\"image\":{\"@id\":\"https:\\\/\\\/impactocastex.com.ar\\\/#\\\/schema\\\/logo\\\/image\\\/\"},\"sameAs\":[\"https:\\\/\\\/www.facebook.com\\\/impactocastexdiario\",\"https:\\\/\\\/www.instagram.com\\\/impactocastex.com.ar\\\/\"]},{\"@type\":\"Person\",\"@id\":\"https:\\\/\\\/impactocastex.com.ar\\\/#\\\/schema\\\/person\\\/86cb4f827fb5f87869a239b98a69c6e3\",\"name\":\"impactocastex\",\"image\":{\"@type\":\"ImageObject\",\"inLanguage\":\"es\",\"@id\":\"https:\\\/\\\/secure.gravatar.com\\\/avatar\\\/9a87ee051ca8c77f5d4070843ce2c78cdf95b858b950fb039151de955122f5f5?s=96&d=mm&r=g\",\"url\":\"https:\\\/\\\/secure.gravatar.com\\\/avatar\\\/9a87ee051ca8c77f5d4070843ce2c78cdf95b858b950fb039151de955122f5f5?s=96&d=mm&r=g\",\"contentUrl\":\"https:\\\/\\\/secure.gravatar.com\\\/avatar\\\/9a87ee051ca8c77f5d4070843ce2c78cdf95b858b950fb039151de955122f5f5?s=96&d=mm&r=g\",\"caption\":\"impactocastex\"},\"sameAs\":[\"https:\\\/\\\/impactocastex.com.ar\"],\"url\":\"https:\\\/\\\/impactocastex.com.ar\\\/?author=1\"}]}<\/script>\n<!-- \/ Yoast SEO plugin. -->","yoast_head_json":{"title":"Jug\u00f3 el Mundial 2002 con Uruguay, le amputaron una pierna tras un terrible accidente y su historia impact\u00f3 a los argentinos -","robots":{"index":"index","follow":"follow","max-snippet":"max-snippet:-1","max-image-preview":"max-image-preview:large","max-video-preview":"max-video-preview:-1"},"canonical":"https:\/\/impactocastex.com.ar\/?p=16596","og_locale":"es_ES","og_type":"article","og_title":"Jug\u00f3 el Mundial 2002 con Uruguay, le amputaron una pierna tras un terrible accidente y su historia impact\u00f3 a los argentinos -","og_description":"Dar\u00edo Silva, de cabellera platinada, instinto goleador y personalidad carism\u00e1tica, fue uno de los rostros...","og_url":"https:\/\/impactocastex.com.ar\/?p=16596","article_publisher":"https:\/\/www.facebook.com\/impactocastexdiario","article_published_time":"2026-04-27T19:16:55+00:00","og_image":[{"url":"https:\/\/resizer.glanacion.com\/resizer\/v2\/2ADFEF6IDRH3XGMXD5TXH3T7FA.jpg?auth=02eb1f3e47ba66a11a6d07ce4f4e8aee50ab13797ddc40116fcef8a00c8e1c14&amp;smart=true&amp;width=1200&amp;height=800","type":"","width":"","height":""}],"author":"impactocastex","twitter_card":"summary_large_image","twitter_misc":{"Escrito por":"impactocastex","Tiempo de lectura":"6 minutos"},"schema":{"@context":"https:\/\/schema.org","@graph":[{"@type":"Article","@id":"https:\/\/impactocastex.com.ar\/?p=16596#article","isPartOf":{"@id":"https:\/\/impactocastex.com.ar\/?p=16596"},"author":{"name":"impactocastex","@id":"https:\/\/impactocastex.com.ar\/#\/schema\/person\/86cb4f827fb5f87869a239b98a69c6e3"},"headline":"Jug\u00f3 el Mundial 2002 con Uruguay, le amputaron una pierna tras un terrible accidente y su historia impact\u00f3 a los argentinos","datePublished":"2026-04-27T19:16:55+00:00","mainEntityOfPage":{"@id":"https:\/\/impactocastex.com.ar\/?p=16596"},"wordCount":1227,"publisher":{"@id":"https:\/\/impactocastex.com.ar\/#organization"},"image":{"@id":"https:\/\/impactocastex.com.ar\/?p=16596#primaryimage"},"thumbnailUrl":"https:\/\/impactocastex.com.ar\/wp-content\/uploads\/2026\/04\/QDAB6NUO4BAZRASD5SJJVJUIAM-rutp2e.jpg","articleSection":["NACIONALES"],"inLanguage":"es"},{"@type":"WebPage","@id":"https:\/\/impactocastex.com.ar\/?p=16596","url":"https:\/\/impactocastex.com.ar\/?p=16596","name":"Jug\u00f3 el Mundial 2002 con Uruguay, le amputaron una pierna tras un terrible accidente y su historia impact\u00f3 a los argentinos -","isPartOf":{"@id":"https:\/\/impactocastex.com.ar\/#website"},"primaryImageOfPage":{"@id":"https:\/\/impactocastex.com.ar\/?p=16596#primaryimage"},"image":{"@id":"https:\/\/impactocastex.com.ar\/?p=16596#primaryimage"},"thumbnailUrl":"https:\/\/impactocastex.com.ar\/wp-content\/uploads\/2026\/04\/QDAB6NUO4BAZRASD5SJJVJUIAM-rutp2e.jpg","datePublished":"2026-04-27T19:16:55+00:00","breadcrumb":{"@id":"https:\/\/impactocastex.com.ar\/?p=16596#breadcrumb"},"inLanguage":"es","potentialAction":[{"@type":"ReadAction","target":["https:\/\/impactocastex.com.ar\/?p=16596"]}]},{"@type":"ImageObject","inLanguage":"es","@id":"https:\/\/impactocastex.com.ar\/?p=16596#primaryimage","url":"https:\/\/impactocastex.com.ar\/wp-content\/uploads\/2026\/04\/QDAB6NUO4BAZRASD5SJJVJUIAM-rutp2e.jpg","contentUrl":"https:\/\/impactocastex.com.ar\/wp-content\/uploads\/2026\/04\/QDAB6NUO4BAZRASD5SJJVJUIAM-rutp2e.jpg","width":1200,"height":800},{"@type":"BreadcrumbList","@id":"https:\/\/impactocastex.com.ar\/?p=16596#breadcrumb","itemListElement":[{"@type":"ListItem","position":1,"name":"Portada","item":"https:\/\/impactocastex.com.ar\/"},{"@type":"ListItem","position":2,"name":"Jug\u00f3 el Mundial 2002 con Uruguay, le amputaron una pierna tras un terrible accidente y su historia impact\u00f3 a los argentinos"}]},{"@type":"WebSite","@id":"https:\/\/impactocastex.com.ar\/#website","url":"https:\/\/impactocastex.com.ar\/","name":"Impacto Castex","description":"","publisher":{"@id":"https:\/\/impactocastex.com.ar\/#organization"},"potentialAction":[{"@type":"SearchAction","target":{"@type":"EntryPoint","urlTemplate":"https:\/\/impactocastex.com.ar\/?s={search_term_string}"},"query-input":{"@type":"PropertyValueSpecification","valueRequired":true,"valueName":"search_term_string"}}],"inLanguage":"es"},{"@type":"Organization","@id":"https:\/\/impactocastex.com.ar\/#organization","name":"Impacto Castex","url":"https:\/\/impactocastex.com.ar\/","logo":{"@type":"ImageObject","inLanguage":"es","@id":"https:\/\/impactocastex.com.ar\/#\/schema\/logo\/image\/","url":"https:\/\/impactocastex.com.ar\/wp-content\/uploads\/2025\/09\/cropped-icoweb.png","contentUrl":"https:\/\/impactocastex.com.ar\/wp-content\/uploads\/2025\/09\/cropped-icoweb.png","width":512,"height":512,"caption":"Impacto Castex"},"image":{"@id":"https:\/\/impactocastex.com.ar\/#\/schema\/logo\/image\/"},"sameAs":["https:\/\/www.facebook.com\/impactocastexdiario","https:\/\/www.instagram.com\/impactocastex.com.ar\/"]},{"@type":"Person","@id":"https:\/\/impactocastex.com.ar\/#\/schema\/person\/86cb4f827fb5f87869a239b98a69c6e3","name":"impactocastex","image":{"@type":"ImageObject","inLanguage":"es","@id":"https:\/\/secure.gravatar.com\/avatar\/9a87ee051ca8c77f5d4070843ce2c78cdf95b858b950fb039151de955122f5f5?s=96&d=mm&r=g","url":"https:\/\/secure.gravatar.com\/avatar\/9a87ee051ca8c77f5d4070843ce2c78cdf95b858b950fb039151de955122f5f5?s=96&d=mm&r=g","contentUrl":"https:\/\/secure.gravatar.com\/avatar\/9a87ee051ca8c77f5d4070843ce2c78cdf95b858b950fb039151de955122f5f5?s=96&d=mm&r=g","caption":"impactocastex"},"sameAs":["https:\/\/impactocastex.com.ar"],"url":"https:\/\/impactocastex.com.ar\/?author=1"}]}},"jetpack_publicize_connections":[],"featured_image_urls":{"full":["https:\/\/impactocastex.com.ar\/wp-content\/uploads\/2026\/04\/QDAB6NUO4BAZRASD5SJJVJUIAM-rutp2e.jpg",1200,800,false],"thumbnail":["https:\/\/impactocastex.com.ar\/wp-content\/uploads\/2026\/04\/QDAB6NUO4BAZRASD5SJJVJUIAM-rutp2e-150x150.jpg",150,150,true],"medium":["https:\/\/impactocastex.com.ar\/wp-content\/uploads\/2026\/04\/QDAB6NUO4BAZRASD5SJJVJUIAM-rutp2e-300x200.jpg",300,200,true],"medium_large":["https:\/\/impactocastex.com.ar\/wp-content\/uploads\/2026\/04\/QDAB6NUO4BAZRASD5SJJVJUIAM-rutp2e-768x512.jpg",640,427,true],"large":["https:\/\/impactocastex.com.ar\/wp-content\/uploads\/2026\/04\/QDAB6NUO4BAZRASD5SJJVJUIAM-rutp2e-1024x683.jpg",640,427,true],"1536x1536":["https:\/\/impactocastex.com.ar\/wp-content\/uploads\/2026\/04\/QDAB6NUO4BAZRASD5SJJVJUIAM-rutp2e.jpg",1200,800,false],"2048x2048":["https:\/\/impactocastex.com.ar\/wp-content\/uploads\/2026\/04\/QDAB6NUO4BAZRASD5SJJVJUIAM-rutp2e.jpg",1200,800,false],"newsever-slider-full":["https:\/\/impactocastex.com.ar\/wp-content\/uploads\/2026\/04\/QDAB6NUO4BAZRASD5SJJVJUIAM-rutp2e.jpg",1200,800,false],"newsever-featured":["https:\/\/impactocastex.com.ar\/wp-content\/uploads\/2026\/04\/QDAB6NUO4BAZRASD5SJJVJUIAM-rutp2e-1024x683.jpg",1024,683,true],"newsever-medium":["https:\/\/impactocastex.com.ar\/wp-content\/uploads\/2026\/04\/QDAB6NUO4BAZRASD5SJJVJUIAM-rutp2e-720x475.jpg",720,475,true]},"author_info":{"info":["impactocastex"]},"category_info":"<a href=\"https:\/\/impactocastex.com.ar\/?cat=89\" rel=\"category\">NACIONALES<\/a>","tag_info":"NACIONALES","comment_count":0,"jetpack_featured_media_url":"https:\/\/impactocastex.com.ar\/wp-content\/uploads\/2026\/04\/QDAB6NUO4BAZRASD5SJJVJUIAM-rutp2e.jpg","jetpack_sharing_enabled":true,"jetpack_likes_enabled":true,"jetpack_shortlink":"https:\/\/wp.me\/p7sopA-4jG","_links":{"self":[{"href":"https:\/\/impactocastex.com.ar\/index.php?rest_route=\/wp\/v2\/posts\/16596","targetHints":{"allow":["GET"]}}],"collection":[{"href":"https:\/\/impactocastex.com.ar\/index.php?rest_route=\/wp\/v2\/posts"}],"about":[{"href":"https:\/\/impactocastex.com.ar\/index.php?rest_route=\/wp\/v2\/types\/post"}],"author":[{"embeddable":true,"href":"https:\/\/impactocastex.com.ar\/index.php?rest_route=\/wp\/v2\/users\/1"}],"replies":[{"embeddable":true,"href":"https:\/\/impactocastex.com.ar\/index.php?rest_route=%2Fwp%2Fv2%2Fcomments&post=16596"}],"version-history":[{"count":0,"href":"https:\/\/impactocastex.com.ar\/index.php?rest_route=\/wp\/v2\/posts\/16596\/revisions"}],"wp:featuredmedia":[{"embeddable":true,"href":"https:\/\/impactocastex.com.ar\/index.php?rest_route=\/wp\/v2\/media\/16597"}],"wp:attachment":[{"href":"https:\/\/impactocastex.com.ar\/index.php?rest_route=%2Fwp%2Fv2%2Fmedia&parent=16596"}],"wp:term":[{"taxonomy":"category","embeddable":true,"href":"https:\/\/impactocastex.com.ar\/index.php?rest_route=%2Fwp%2Fv2%2Fcategories&post=16596"},{"taxonomy":"post_tag","embeddable":true,"href":"https:\/\/impactocastex.com.ar\/index.php?rest_route=%2Fwp%2Fv2%2Ftags&post=16596"}],"curies":[{"name":"wp","href":"https:\/\/api.w.org\/{rel}","templated":true}]}}