{"id":16592,"date":"2026-04-27T14:16:01","date_gmt":"2026-04-27T17:16:01","guid":{"rendered":"https:\/\/impactocastex.com.ar\/?p=16592"},"modified":"2026-04-27T14:16:01","modified_gmt":"2026-04-27T17:16:01","slug":"es-feriado-el-jueves-30-de-abril-en-la-argentina","status":"publish","type":"post","link":"https:\/\/impactocastex.com.ar\/?p=16592","title":{"rendered":"\u00bfEs feriado el jueves 30 de abril en la Argentina?"},"content":{"rendered":"<p>La \u00faltima semana de abril prepara a la ciudadan\u00eda argentina para un <a href=\"https:\/\/www.lanacion.com.ar\/feriados\/2026\/segun-la-ley-que-pasa-con-el-feriado-del-viernes-1-de-mayo-nid23042026\/\" target=\"_self\" rel=\"\" title=\"https:\/\/www.lanacion.com.ar\/feriados\/2026\/segun-la-ley-que-pasa-con-el-feriado-del-viernes-1-de-mayo-nid23042026\/\">nuevo d\u00eda de descanso<\/a>, que se ubica en el mes siguiente, y quienes se preguntan <b>si es feriado el jueves 30 de abril en la Argentina<\/b>, deben saber que se trata de una jornada h\u00e1bil.<\/p>\n<p><img loading=\"lazy\" decoding=\"async\" src=\"https:\/\/resizer.glanacion.com\/resizer\/v2\/6SYAPLQIKBFHHGON5MYR5P423I.jpg?auth=ca459849c5da921e730bebc6c50f3a093e0c44ecd937094c2a08c95c7646092d&amp;smart=true&amp;width=2000&amp;height=1333\" alt=\"El jueves 30 de abril la actividad es normal\" height=\"1333\" width=\"2000\" \/><\/p>\n<h1>\u00bfEs feriado el jueves 30 de abril en la Argentina?<\/h1>\n<p>El \u00faltimo d\u00eda del mes antecede al feriado del <b>viernes 1\u00b0 de mayo<\/b>, que est\u00e1 catalogado como feriado nacional inamovible, por conmemorarse el <b>D\u00eda del Trabajador<\/b>, de acuerdo al <a href=\"https:\/\/www.argentina.gob.ar\/jefatura\/feriados-nacionales-2026\" target=\"_self\" rel=\"\" title=\"https:\/\/www.argentina.gob.ar\/jefatura\/feriados-nacionales-2026\">calendario oficial de feriados<\/a> que difunde la Jefatura de Gabinete.<\/p>\n<p>Sin embargo, <b>el jueves 30 de abril es una jornada h\u00e1bil,<\/b> en la que la actividad de los diferentes sectores de la econom\u00eda se desarrollar\u00e1 con normalidad.<\/p>\n<h1>Qu\u00e9 pasa con el feriado del viernes 1\u00b0 de Mayo<\/h1>\n<p><b>La mayor\u00eda de la poblaci\u00f3n nacional podr\u00e1 disfrutar del feriado del 1\u00b0 de mayo<\/b>, dado que se interrumpen las actividades por ser asueto en todo el pa\u00eds, y la administraci\u00f3n p\u00fablica, las escuelas, los bancos y empresas privadas permanecer\u00e1n cerradas. Los servicios de transporte, en tanto, funcionar\u00e1n con frecuencia de feriados.<\/p>\n<p>Sin embargo, <b>quienes deban trabajar en esta jornada<\/b> deben saber que la <a href=\"https:\/\/www.argentina.gob.ar\/normativa\/nacional\/ley-20744-25552\/texto\" rel=\"\" title=\"https:\/\/www.argentina.gob.ar\/normativa\/nacional\/ley-20744-25552\/texto\">ley 20.744 o de Contrato de Trabajo<\/a> precisa en el art\u00edculo 181 que en los d\u00edas <b>feriados nacionales, como es el caso del viernes 1\u00b0 de Mayo,<\/b> rigen las normas legales sobre el <b>descanso dominical<\/b>.<\/p>\n<p>Por lo tanto, en caso de que el empleado preste sus servicios durante el <b>feriado<\/b>, deber\u00e1 <b>cobrar el doble de una jornada habitual<\/b>.<\/p>\n<p><img loading=\"lazy\" decoding=\"async\" src=\"https:\/\/resizer.glanacion.com\/resizer\/v2\/4EMVXG4KVBGKLHHCFZZTEGEXNM.JPG?auth=37706975c362442a562c2c6638eb52741d46cf57909bf1d5f6f162fc872cf273&amp;smart=true&amp;width=2500&amp;height=1667\" alt=\"El feriado nacional es el viernes 1\u00b0 de mayo\" height=\"1667\" width=\"2500\" \/><\/p>\n<h1>Cu\u00e1l es el segundo feriado de mayo<\/h1>\n<p>El segundo feriado del quinto mes del a\u00f1o corresponde al <b>25 de Mayo<\/b>. En esta fecha, <a href=\"https:\/\/www.lanacion.com.ar\/lifestyle\/efemerides-del-25-de-mayo-que-paso-un-dia-como-hoy-nid25052025\/\" target=\"_self\" rel=\"\" title=\"https:\/\/www.lanacion.com.ar\/lifestyle\/efemerides-del-25-de-mayo-que-paso-un-dia-como-hoy-nid25052025\/\">se conmemora el D\u00eda de la Revoluci\u00f3n de Mayo<\/a><b> <\/b>en honor a la jornada que dio origen al <b>Primer Gobierno Patrio<\/b>. Al coincidir este aniversario con un d\u00eda lunes, gran parte de la ciudadan\u00eda argentina podr\u00e1 disfrutar de otro fin de semana largo en el mes.<\/p>\n<h1>Todos los feriados de 2026<\/h1>\n<h4><b>Mayo<\/b><\/h4>\n<ul>\n<li>Viernes 1\u00b0 de mayo: D\u00eda del Trabajo (feriado inamovible).<\/li>\n<li>Lunes 25 de mayo: D\u00eda de la Revoluci\u00f3n de Mayo (feriado inamovible).<\/li>\n<\/ul>\n<h4><b>Junio<\/b><\/h4>\n<ul>\n<li>Lunes 15 de junio: Paso a la Inmortalidad del General Don Mart\u00edn Miguel de G\u00fcemes (feriado trasladable del 17 de junio).<\/li>\n<li>S\u00e1bado 20 de junio: Paso a la Inmortalidad del General Don Manuel Belgrano (feriado inamovible).<\/li>\n<\/ul>\n<h4><b>Julio<\/b><\/h4>\n<ul>\n<li>Jueves 9 de julio: D\u00eda de la Independencia (feriado inamovible).<\/li>\n<li>Viernes 10 de julio: d\u00eda no laborable con fines tur\u00edsticos.<\/li>\n<\/ul>\n<h4><b>Agosto<\/b><\/h4>\n<ul>\n<li>Lunes 17 de agosto: Paso a la Inmortalidad del General Don Jos\u00e9 de San Mart\u00edn (feriado trasladable).<\/li>\n<\/ul>\n<h4><b>Octubre<\/b><\/h4>\n<ul>\n<li>Lunes 12 de octubre: D\u00eda del Respeto a la Diversidad Cultural.<\/li>\n<\/ul>\n<h4><b>Noviembre<\/b><\/h4>\n<ul>\n<li>Lunes 23 de noviembre: D\u00eda de la Soberan\u00eda Nacional (feriado trasladable del 20 de noviembre).<\/li>\n<\/ul>\n<p>\u200bLa inquietud emerge por el receso del d\u00eda posterior; a qui\u00e9nes les corresponde el feriado del 1\u00b0 de mayo y c\u00f3mo se liquida si se prestan servicios\u00a0\u00a0<\/p>","protected":false},"excerpt":{"rendered":"<p>La \u00faltima semana de abril prepara a la ciudadan\u00eda argentina para un nuevo d\u00eda de&#8230;<\/p>\n","protected":false},"author":1,"featured_media":16593,"comment_status":"closed","ping_status":"closed","sticky":false,"template":"","format":"standard","meta":{"_jetpack_memberships_contains_paid_content":false,"footnotes":"","jetpack_publicize_message":"","jetpack_publicize_feature_enabled":true,"jetpack_social_post_already_shared":true,"jetpack_social_options":{"image_generator_settings":{"template":"highway","default_image_id":0,"font":"","enabled":false},"version":2}},"categories":[89],"tags":[],"class_list":["post-16592","post","type-post","status-publish","format-standard","has-post-thumbnail","hentry","category-nacionales"],"yoast_head":"<!-- This site is optimized with the Yoast SEO plugin v27.4 - https:\/\/yoast.com\/product\/yoast-seo-wordpress\/ -->\n<title>\u00bfEs feriado el jueves 30 de abril en la Argentina? -<\/title>\n<meta name=\"robots\" content=\"index, follow, max-snippet:-1, max-image-preview:large, max-video-preview:-1\" \/>\n<link rel=\"canonical\" href=\"https:\/\/impactocastex.com.ar\/?p=16592\" \/>\n<meta property=\"og:locale\" content=\"es_ES\" \/>\n<meta property=\"og:type\" content=\"article\" \/>\n<meta property=\"og:title\" content=\"\u00bfEs feriado el jueves 30 de abril en la Argentina? -\" \/>\n<meta property=\"og:description\" content=\"La \u00faltima semana de abril prepara a la ciudadan\u00eda argentina para un nuevo d\u00eda de...\" \/>\n<meta property=\"og:url\" content=\"https:\/\/impactocastex.com.ar\/?p=16592\" \/>\n<meta property=\"article:publisher\" content=\"https:\/\/www.facebook.com\/impactocastexdiario\" \/>\n<meta property=\"article:published_time\" content=\"2026-04-27T17:16:01+00:00\" \/>\n<meta property=\"og:image\" content=\"https:\/\/resizer.glanacion.com\/resizer\/v2\/6SYAPLQIKBFHHGON5MYR5P423I.jpg?auth=ca459849c5da921e730bebc6c50f3a093e0c44ecd937094c2a08c95c7646092d&amp;smart=true&amp;width=2000&amp;height=1333\" \/>\n<meta name=\"author\" content=\"impactocastex\" \/>\n<meta name=\"twitter:card\" content=\"summary_large_image\" \/>\n<meta name=\"twitter:label1\" content=\"Escrito por\" \/>\n\t<meta name=\"twitter:data1\" content=\"impactocastex\" \/>\n\t<meta name=\"twitter:label2\" content=\"Tiempo de lectura\" \/>\n\t<meta name=\"twitter:data2\" content=\"2 minutos\" \/>\n<script type=\"application\/ld+json\" class=\"yoast-schema-graph\">{\"@context\":\"https:\\\/\\\/schema.org\",\"@graph\":[{\"@type\":\"Article\",\"@id\":\"https:\\\/\\\/impactocastex.com.ar\\\/?p=16592#article\",\"isPartOf\":{\"@id\":\"https:\\\/\\\/impactocastex.com.ar\\\/?p=16592\"},\"author\":{\"name\":\"impactocastex\",\"@id\":\"https:\\\/\\\/impactocastex.com.ar\\\/#\\\/schema\\\/person\\\/86cb4f827fb5f87869a239b98a69c6e3\"},\"headline\":\"\u00bfEs feriado el jueves 30 de abril en la Argentina?\",\"datePublished\":\"2026-04-27T17:16:01+00:00\",\"mainEntityOfPage\":{\"@id\":\"https:\\\/\\\/impactocastex.com.ar\\\/?p=16592\"},\"wordCount\":505,\"publisher\":{\"@id\":\"https:\\\/\\\/impactocastex.com.ar\\\/#organization\"},\"image\":{\"@id\":\"https:\\\/\\\/impactocastex.com.ar\\\/?p=16592#primaryimage\"},\"thumbnailUrl\":\"https:\\\/\\\/impactocastex.com.ar\\\/wp-content\\\/uploads\\\/2026\\\/04\\\/QLMAFA3B2NEVNA7EOB42LPXFFE-ZLE2fV.jpg\",\"articleSection\":[\"NACIONALES\"],\"inLanguage\":\"es\"},{\"@type\":\"WebPage\",\"@id\":\"https:\\\/\\\/impactocastex.com.ar\\\/?p=16592\",\"url\":\"https:\\\/\\\/impactocastex.com.ar\\\/?p=16592\",\"name\":\"\u00bfEs feriado el jueves 30 de abril en la Argentina? -\",\"isPartOf\":{\"@id\":\"https:\\\/\\\/impactocastex.com.ar\\\/#website\"},\"primaryImageOfPage\":{\"@id\":\"https:\\\/\\\/impactocastex.com.ar\\\/?p=16592#primaryimage\"},\"image\":{\"@id\":\"https:\\\/\\\/impactocastex.com.ar\\\/?p=16592#primaryimage\"},\"thumbnailUrl\":\"https:\\\/\\\/impactocastex.com.ar\\\/wp-content\\\/uploads\\\/2026\\\/04\\\/QLMAFA3B2NEVNA7EOB42LPXFFE-ZLE2fV.jpg\",\"datePublished\":\"2026-04-27T17:16:01+00:00\",\"breadcrumb\":{\"@id\":\"https:\\\/\\\/impactocastex.com.ar\\\/?p=16592#breadcrumb\"},\"inLanguage\":\"es\",\"potentialAction\":[{\"@type\":\"ReadAction\",\"target\":[\"https:\\\/\\\/impactocastex.com.ar\\\/?p=16592\"]}]},{\"@type\":\"ImageObject\",\"inLanguage\":\"es\",\"@id\":\"https:\\\/\\\/impactocastex.com.ar\\\/?p=16592#primaryimage\",\"url\":\"https:\\\/\\\/impactocastex.com.ar\\\/wp-content\\\/uploads\\\/2026\\\/04\\\/QLMAFA3B2NEVNA7EOB42LPXFFE-ZLE2fV.jpg\",\"contentUrl\":\"https:\\\/\\\/impactocastex.com.ar\\\/wp-content\\\/uploads\\\/2026\\\/04\\\/QLMAFA3B2NEVNA7EOB42LPXFFE-ZLE2fV.jpg\",\"width\":2000,\"height\":1333},{\"@type\":\"BreadcrumbList\",\"@id\":\"https:\\\/\\\/impactocastex.com.ar\\\/?p=16592#breadcrumb\",\"itemListElement\":[{\"@type\":\"ListItem\",\"position\":1,\"name\":\"Portada\",\"item\":\"https:\\\/\\\/impactocastex.com.ar\\\/\"},{\"@type\":\"ListItem\",\"position\":2,\"name\":\"\u00bfEs feriado el jueves 30 de abril en la Argentina?\"}]},{\"@type\":\"WebSite\",\"@id\":\"https:\\\/\\\/impactocastex.com.ar\\\/#website\",\"url\":\"https:\\\/\\\/impactocastex.com.ar\\\/\",\"name\":\"Impacto Castex\",\"description\":\"\",\"publisher\":{\"@id\":\"https:\\\/\\\/impactocastex.com.ar\\\/#organization\"},\"potentialAction\":[{\"@type\":\"SearchAction\",\"target\":{\"@type\":\"EntryPoint\",\"urlTemplate\":\"https:\\\/\\\/impactocastex.com.ar\\\/?s={search_term_string}\"},\"query-input\":{\"@type\":\"PropertyValueSpecification\",\"valueRequired\":true,\"valueName\":\"search_term_string\"}}],\"inLanguage\":\"es\"},{\"@type\":\"Organization\",\"@id\":\"https:\\\/\\\/impactocastex.com.ar\\\/#organization\",\"name\":\"Impacto Castex\",\"url\":\"https:\\\/\\\/impactocastex.com.ar\\\/\",\"logo\":{\"@type\":\"ImageObject\",\"inLanguage\":\"es\",\"@id\":\"https:\\\/\\\/impactocastex.com.ar\\\/#\\\/schema\\\/logo\\\/image\\\/\",\"url\":\"https:\\\/\\\/impactocastex.com.ar\\\/wp-content\\\/uploads\\\/2025\\\/09\\\/cropped-icoweb.png\",\"contentUrl\":\"https:\\\/\\\/impactocastex.com.ar\\\/wp-content\\\/uploads\\\/2025\\\/09\\\/cropped-icoweb.png\",\"width\":512,\"height\":512,\"caption\":\"Impacto Castex\"},\"image\":{\"@id\":\"https:\\\/\\\/impactocastex.com.ar\\\/#\\\/schema\\\/logo\\\/image\\\/\"},\"sameAs\":[\"https:\\\/\\\/www.facebook.com\\\/impactocastexdiario\",\"https:\\\/\\\/www.instagram.com\\\/impactocastex.com.ar\\\/\"]},{\"@type\":\"Person\",\"@id\":\"https:\\\/\\\/impactocastex.com.ar\\\/#\\\/schema\\\/person\\\/86cb4f827fb5f87869a239b98a69c6e3\",\"name\":\"impactocastex\",\"image\":{\"@type\":\"ImageObject\",\"inLanguage\":\"es\",\"@id\":\"https:\\\/\\\/secure.gravatar.com\\\/avatar\\\/9a87ee051ca8c77f5d4070843ce2c78cdf95b858b950fb039151de955122f5f5?s=96&d=mm&r=g\",\"url\":\"https:\\\/\\\/secure.gravatar.com\\\/avatar\\\/9a87ee051ca8c77f5d4070843ce2c78cdf95b858b950fb039151de955122f5f5?s=96&d=mm&r=g\",\"contentUrl\":\"https:\\\/\\\/secure.gravatar.com\\\/avatar\\\/9a87ee051ca8c77f5d4070843ce2c78cdf95b858b950fb039151de955122f5f5?s=96&d=mm&r=g\",\"caption\":\"impactocastex\"},\"sameAs\":[\"https:\\\/\\\/impactocastex.com.ar\"],\"url\":\"https:\\\/\\\/impactocastex.com.ar\\\/?author=1\"}]}<\/script>\n<!-- \/ Yoast SEO plugin. -->","yoast_head_json":{"title":"\u00bfEs feriado el jueves 30 de abril en la Argentina? -","robots":{"index":"index","follow":"follow","max-snippet":"max-snippet:-1","max-image-preview":"max-image-preview:large","max-video-preview":"max-video-preview:-1"},"canonical":"https:\/\/impactocastex.com.ar\/?p=16592","og_locale":"es_ES","og_type":"article","og_title":"\u00bfEs feriado el jueves 30 de abril en la Argentina? -","og_description":"La \u00faltima semana de abril prepara a la ciudadan\u00eda argentina para un nuevo d\u00eda de...","og_url":"https:\/\/impactocastex.com.ar\/?p=16592","article_publisher":"https:\/\/www.facebook.com\/impactocastexdiario","article_published_time":"2026-04-27T17:16:01+00:00","og_image":[{"url":"https:\/\/resizer.glanacion.com\/resizer\/v2\/6SYAPLQIKBFHHGON5MYR5P423I.jpg?auth=ca459849c5da921e730bebc6c50f3a093e0c44ecd937094c2a08c95c7646092d&amp;smart=true&amp;width=2000&amp;height=1333","type":"","width":"","height":""}],"author":"impactocastex","twitter_card":"summary_large_image","twitter_misc":{"Escrito por":"impactocastex","Tiempo de lectura":"2 minutos"},"schema":{"@context":"https:\/\/schema.org","@graph":[{"@type":"Article","@id":"https:\/\/impactocastex.com.ar\/?p=16592#article","isPartOf":{"@id":"https:\/\/impactocastex.com.ar\/?p=16592"},"author":{"name":"impactocastex","@id":"https:\/\/impactocastex.com.ar\/#\/schema\/person\/86cb4f827fb5f87869a239b98a69c6e3"},"headline":"\u00bfEs feriado el jueves 30 de abril en la Argentina?","datePublished":"2026-04-27T17:16:01+00:00","mainEntityOfPage":{"@id":"https:\/\/impactocastex.com.ar\/?p=16592"},"wordCount":505,"publisher":{"@id":"https:\/\/impactocastex.com.ar\/#organization"},"image":{"@id":"https:\/\/impactocastex.com.ar\/?p=16592#primaryimage"},"thumbnailUrl":"https:\/\/impactocastex.com.ar\/wp-content\/uploads\/2026\/04\/QLMAFA3B2NEVNA7EOB42LPXFFE-ZLE2fV.jpg","articleSection":["NACIONALES"],"inLanguage":"es"},{"@type":"WebPage","@id":"https:\/\/impactocastex.com.ar\/?p=16592","url":"https:\/\/impactocastex.com.ar\/?p=16592","name":"\u00bfEs feriado el jueves 30 de abril en la Argentina? -","isPartOf":{"@id":"https:\/\/impactocastex.com.ar\/#website"},"primaryImageOfPage":{"@id":"https:\/\/impactocastex.com.ar\/?p=16592#primaryimage"},"image":{"@id":"https:\/\/impactocastex.com.ar\/?p=16592#primaryimage"},"thumbnailUrl":"https:\/\/impactocastex.com.ar\/wp-content\/uploads\/2026\/04\/QLMAFA3B2NEVNA7EOB42LPXFFE-ZLE2fV.jpg","datePublished":"2026-04-27T17:16:01+00:00","breadcrumb":{"@id":"https:\/\/impactocastex.com.ar\/?p=16592#breadcrumb"},"inLanguage":"es","potentialAction":[{"@type":"ReadAction","target":["https:\/\/impactocastex.com.ar\/?p=16592"]}]},{"@type":"ImageObject","inLanguage":"es","@id":"https:\/\/impactocastex.com.ar\/?p=16592#primaryimage","url":"https:\/\/impactocastex.com.ar\/wp-content\/uploads\/2026\/04\/QLMAFA3B2NEVNA7EOB42LPXFFE-ZLE2fV.jpg","contentUrl":"https:\/\/impactocastex.com.ar\/wp-content\/uploads\/2026\/04\/QLMAFA3B2NEVNA7EOB42LPXFFE-ZLE2fV.jpg","width":2000,"height":1333},{"@type":"BreadcrumbList","@id":"https:\/\/impactocastex.com.ar\/?p=16592#breadcrumb","itemListElement":[{"@type":"ListItem","position":1,"name":"Portada","item":"https:\/\/impactocastex.com.ar\/"},{"@type":"ListItem","position":2,"name":"\u00bfEs feriado el jueves 30 de abril en la Argentina?"}]},{"@type":"WebSite","@id":"https:\/\/impactocastex.com.ar\/#website","url":"https:\/\/impactocastex.com.ar\/","name":"Impacto Castex","description":"","publisher":{"@id":"https:\/\/impactocastex.com.ar\/#organization"},"potentialAction":[{"@type":"SearchAction","target":{"@type":"EntryPoint","urlTemplate":"https:\/\/impactocastex.com.ar\/?s={search_term_string}"},"query-input":{"@type":"PropertyValueSpecification","valueRequired":true,"valueName":"search_term_string"}}],"inLanguage":"es"},{"@type":"Organization","@id":"https:\/\/impactocastex.com.ar\/#organization","name":"Impacto Castex","url":"https:\/\/impactocastex.com.ar\/","logo":{"@type":"ImageObject","inLanguage":"es","@id":"https:\/\/impactocastex.com.ar\/#\/schema\/logo\/image\/","url":"https:\/\/impactocastex.com.ar\/wp-content\/uploads\/2025\/09\/cropped-icoweb.png","contentUrl":"https:\/\/impactocastex.com.ar\/wp-content\/uploads\/2025\/09\/cropped-icoweb.png","width":512,"height":512,"caption":"Impacto Castex"},"image":{"@id":"https:\/\/impactocastex.com.ar\/#\/schema\/logo\/image\/"},"sameAs":["https:\/\/www.facebook.com\/impactocastexdiario","https:\/\/www.instagram.com\/impactocastex.com.ar\/"]},{"@type":"Person","@id":"https:\/\/impactocastex.com.ar\/#\/schema\/person\/86cb4f827fb5f87869a239b98a69c6e3","name":"impactocastex","image":{"@type":"ImageObject","inLanguage":"es","@id":"https:\/\/secure.gravatar.com\/avatar\/9a87ee051ca8c77f5d4070843ce2c78cdf95b858b950fb039151de955122f5f5?s=96&d=mm&r=g","url":"https:\/\/secure.gravatar.com\/avatar\/9a87ee051ca8c77f5d4070843ce2c78cdf95b858b950fb039151de955122f5f5?s=96&d=mm&r=g","contentUrl":"https:\/\/secure.gravatar.com\/avatar\/9a87ee051ca8c77f5d4070843ce2c78cdf95b858b950fb039151de955122f5f5?s=96&d=mm&r=g","caption":"impactocastex"},"sameAs":["https:\/\/impactocastex.com.ar"],"url":"https:\/\/impactocastex.com.ar\/?author=1"}]}},"jetpack_publicize_connections":[],"featured_image_urls":{"full":["https:\/\/impactocastex.com.ar\/wp-content\/uploads\/2026\/04\/QLMAFA3B2NEVNA7EOB42LPXFFE-ZLE2fV.jpg",2000,1333,false],"thumbnail":["https:\/\/impactocastex.com.ar\/wp-content\/uploads\/2026\/04\/QLMAFA3B2NEVNA7EOB42LPXFFE-ZLE2fV-150x150.jpg",150,150,true],"medium":["https:\/\/impactocastex.com.ar\/wp-content\/uploads\/2026\/04\/QLMAFA3B2NEVNA7EOB42LPXFFE-ZLE2fV-300x200.jpg",300,200,true],"medium_large":["https:\/\/impactocastex.com.ar\/wp-content\/uploads\/2026\/04\/QLMAFA3B2NEVNA7EOB42LPXFFE-ZLE2fV-768x512.jpg",640,427,true],"large":["https:\/\/impactocastex.com.ar\/wp-content\/uploads\/2026\/04\/QLMAFA3B2NEVNA7EOB42LPXFFE-ZLE2fV-1024x682.jpg",640,426,true],"1536x1536":["https:\/\/impactocastex.com.ar\/wp-content\/uploads\/2026\/04\/QLMAFA3B2NEVNA7EOB42LPXFFE-ZLE2fV-1536x1024.jpg",1536,1024,true],"2048x2048":["https:\/\/impactocastex.com.ar\/wp-content\/uploads\/2026\/04\/QLMAFA3B2NEVNA7EOB42LPXFFE-ZLE2fV.jpg",2000,1333,false],"newsever-slider-full":["https:\/\/impactocastex.com.ar\/wp-content\/uploads\/2026\/04\/QLMAFA3B2NEVNA7EOB42LPXFFE-ZLE2fV-1280x845.jpg",1280,845,true],"newsever-featured":["https:\/\/impactocastex.com.ar\/wp-content\/uploads\/2026\/04\/QLMAFA3B2NEVNA7EOB42LPXFFE-ZLE2fV-1024x682.jpg",1024,682,true],"newsever-medium":["https:\/\/impactocastex.com.ar\/wp-content\/uploads\/2026\/04\/QLMAFA3B2NEVNA7EOB42LPXFFE-ZLE2fV-720x475.jpg",720,475,true]},"author_info":{"info":["impactocastex"]},"category_info":"<a href=\"https:\/\/impactocastex.com.ar\/?cat=89\" rel=\"category\">NACIONALES<\/a>","tag_info":"NACIONALES","comment_count":0,"jetpack_featured_media_url":"https:\/\/impactocastex.com.ar\/wp-content\/uploads\/2026\/04\/QLMAFA3B2NEVNA7EOB42LPXFFE-ZLE2fV.jpg","jetpack_sharing_enabled":true,"jetpack_likes_enabled":true,"jetpack_shortlink":"https:\/\/wp.me\/p7sopA-4jC","_links":{"self":[{"href":"https:\/\/impactocastex.com.ar\/index.php?rest_route=\/wp\/v2\/posts\/16592","targetHints":{"allow":["GET"]}}],"collection":[{"href":"https:\/\/impactocastex.com.ar\/index.php?rest_route=\/wp\/v2\/posts"}],"about":[{"href":"https:\/\/impactocastex.com.ar\/index.php?rest_route=\/wp\/v2\/types\/post"}],"author":[{"embeddable":true,"href":"https:\/\/impactocastex.com.ar\/index.php?rest_route=\/wp\/v2\/users\/1"}],"replies":[{"embeddable":true,"href":"https:\/\/impactocastex.com.ar\/index.php?rest_route=%2Fwp%2Fv2%2Fcomments&post=16592"}],"version-history":[{"count":0,"href":"https:\/\/impactocastex.com.ar\/index.php?rest_route=\/wp\/v2\/posts\/16592\/revisions"}],"wp:featuredmedia":[{"embeddable":true,"href":"https:\/\/impactocastex.com.ar\/index.php?rest_route=\/wp\/v2\/media\/16593"}],"wp:attachment":[{"href":"https:\/\/impactocastex.com.ar\/index.php?rest_route=%2Fwp%2Fv2%2Fmedia&parent=16592"}],"wp:term":[{"taxonomy":"category","embeddable":true,"href":"https:\/\/impactocastex.com.ar\/index.php?rest_route=%2Fwp%2Fv2%2Fcategories&post=16592"},{"taxonomy":"post_tag","embeddable":true,"href":"https:\/\/impactocastex.com.ar\/index.php?rest_route=%2Fwp%2Fv2%2Ftags&post=16592"}],"curies":[{"name":"wp","href":"https:\/\/api.w.org\/{rel}","templated":true}]}}