{"id":16590,"date":"2026-04-27T05:01:19","date_gmt":"2026-04-27T08:01:19","guid":{"rendered":"https:\/\/impactocastex.com.ar\/?p=16590"},"modified":"2026-04-27T05:01:19","modified_gmt":"2026-04-27T08:01:19","slug":"dolor-de-cabeza-o-migrana-un-autotest-de-cinco-preguntas-que-ayuda-a-diferenciarlos","status":"publish","type":"post","link":"https:\/\/impactocastex.com.ar\/?p=16590","title":{"rendered":"\u00bfDolor de cabeza o migra\u00f1a? Un autotest de cinco preguntas que ayuda a diferenciarlos"},"content":{"rendered":"<div class=\"sc-45461e9c-0 eqiBeF container-text text-embed \">\n<p>La multicausalidad del dolor de cabeza le da una particularidad: es de alguna manera \u201caceptado\u201d, puede llegar incluso a <strong>naturalizarse<\/strong> o tratarse \u00fanicamente con analg\u00e9sicos de venta libre.<\/p>\n<\/div>\n<div class=\"sc-45461e9c-0 eqiBeF container-text text-embed \">\n<p>Sin embargo, cuando tiene determinada frecuencia, ciertas caracter\u00edsticas, duraci\u00f3n y un <strong>impacto en la vida cotidiana<\/strong>, conviene cuestionar si se trata de un simple dolor de cabeza o si, en cambio, se deber\u00eda indagar un poco m\u00e1s y consultar con un neur\u00f3logo.<\/p>\n<\/div>\n<div class=\"sc-45461e9c-0 eqiBeF container-text text-embed \">\n<p>Atendiendo a esta zona gris sobre la que suele desplegarse el dolor de cabeza, dieron a conocer un cuestionario de <strong>solo 5 preguntas<\/strong> validado por neur\u00f3logos que puede ayudar a orientar a personas que sufran con regularidad dolores de cabeza.<\/p>\n<\/div>\n<h2>Migra\u00f1a, una enfermedad neurol\u00f3gica frecuente<\/h2>\n<div class=\"sc-45461e9c-0 eqiBeF container-text text-embed \">\n<p>La migra\u00f1a es una <strong>enfermedad neurol\u00f3gica cr\u00f3nica <\/strong>caracterizada por ataques recurrentes de dolor de cabeza que pueden durar horas o inclusive varios d\u00edas.<\/p>\n<\/div>\n<div class=\"sc-45461e9c-0 eqiBeF container-text text-embed \">\n<p>\u201cEl diagn\u00f3stico de migra\u00f1a se basa fundamentalmente en la historia cl\u00ednica del paciente y en<strong> caracter\u00edsticas muy espec\u00edficas<\/strong> del dolor y de los s\u00edntomas que lo acompa\u00f1an. Por eso existen herramientas que ayudan a sospecharla y orientar la consulta m\u00e9dica\u201d, explica Natalia Larripa, m\u00e9dica neur\u00f3loga, integrante del Servicio de Movimientos Anormales y Cl\u00ednica de Cefaleas de FLENI y del Hospital Austral.<\/p>\n<\/div>\n<div class=\"sc-45461e9c-0 eqiBeF container-text text-embed \">\n<p>Durante los episodios, muchas personas experimentan<strong> s\u00edntomas <\/strong>que van m\u00e1s all\u00e1 del dolor, como:<\/p>\n<\/div>\n<div class=\"sc-45461e9c-0 eqiBeF container-text text-embed \">\n<p>\u25cf    n\u00e1useas o v\u00f3mitos<\/p>\n<\/div>\n<div class=\"sc-45461e9c-0 eqiBeF container-text text-embed \">\n<p>\u25cf    sensibilidad a la luz (fotofobia)<\/p>\n<\/div>\n<div class=\"sc-45461e9c-0 eqiBeF container-text text-embed \">\n<p>\u25cf    sensibilidad al ruido (fonofobia)<\/p>\n<\/div>\n<div class=\"sc-45461e9c-0 eqiBeF container-text text-embed \">\n<p>\u25cf    dificultad para tolerar la actividad f\u00edsica<\/p>\n<\/div>\n<div class=\"sc-45461e9c-0 eqiBeF container-text text-embed \">\n<p>\u25cf    necesidad de descansar en un ambiente oscuro y silencioso<\/p>\n<\/div>\n<div class=\"sc-45461e9c-0 eqiBeF container-text text-embed \">\n<p>En algunos pacientes, los episodios pueden estar <strong>precedidos por un aura<\/strong>, un conjunto de s\u00edntomas neurol\u00f3gicos transitorios que incluyen alteraciones visuales, sensoriales o del lenguaje.<\/p>\n<\/div>\n<h2>El autotest<\/h2>\n<div class=\"sc-45461e9c-0 eqiBeF container-text text-embed \">\n<p>Con el objetivo de colaborar con el<strong> reconocimiento de los s\u00edntomas<\/strong>, difundieron un test avalado por neur\u00f3logos, en el que indican cu\u00e1les son las se\u00f1ales de alerta. Cabe aclarar que el test no reemplaza el diagn\u00f3stico m\u00e9dico, \u201cpero puede despertar la inquietud sobre si un dolor de cabeza frecuente merece la evaluaci\u00f3n de un especialista\u201d.<\/p>\n<\/div>\n<div class=\"sc-2edda1ab-0 hfyXWT\">\n<p class=\"DespieceTitle\">Suscribite a Buena Vida<\/p>\n<div>\n<p>Cada quince d\u00edas, Florencia Cunzolo te cuenta lo \u00faltimo para cuidar tu salud y sentirte bien. Registrate <a href=\"https:\/\/www.clarin.com\/newsletter\/buena-vida\">ac\u00e1<\/a>.\u00a0<\/p>\n<\/div>\n<\/div>\n<div class=\"sc-45461e9c-0 eqiBeF container-text text-embed \">\n<p>Las preguntas difundidas \u201cse basan en criterios cl\u00ednicos ampliamente utilizados para diagnosticar migra\u00f1a, incluidos los definidos por la Clasificaci\u00f3n Internacional de los Trastornos de la Cefalea (ICHD-3) publicada por la <em>International Headache Society<\/em>, y en cuestionarios de pesquisa validados como el <em>ID-Migraine<\/em>, desarrollado por el neur\u00f3logo Richard B. Lipton y colaboradores\u201d, indican.<\/p>\n<\/div>\n<div class=\"sc-45461e9c-0 eqiBeF container-text text-embed \">\n<p>Las<strong> cinco preguntas<\/strong> son:<\/p>\n<\/div>\n<div class=\"sc-45461e9c-0 eqiBeF container-text text-embed \">\n<p>1. \u00bfTuviste al menos<strong> 4 o 5 episodios<\/strong> de dolor de cabeza en los \u00faltimos tres meses?<\/p>\n<\/div>\n<div class=\"sc-45461e9c-0 eqiBeF container-text text-embed \">\n<p>2. \u00bfEl dolor dura<strong> entre 4 y 72 horas<\/strong>, si no tom\u00e1s medicaci\u00f3n?<\/p>\n<\/div>\n<div class=\"sc-45461e9c-0 eqiBeF container-text text-embed \">\n<p>3. \u00bfEl dolor es puls\u00e1til o late, y suele afectar<strong> un lado de la cabeza<\/strong>?<\/p>\n<\/div>\n<div class=\"sc-45461e9c-0 eqiBeF container-text text-embed \">\n<p>4. Durante el episodio, \u00bften\u00e9s<strong> n\u00e1useas<\/strong> o molestias con la luz y el ruido?<\/p>\n<\/div>\n<div class=\"sc-45461e9c-0 eqiBeF container-text text-embed \">\n<p>5. \u00bfEl dolor te hace <strong>cancelar planes <\/strong>o faltar a compromisos laborales o educativos para acostarte y frenar todo?<\/p>\n<\/div>\n<div class=\"sc-45461e9c-0 eqiBeF container-text text-embed \">\n<p>Seg\u00fan se\u00f1alan, estas preguntas reflejan aspectos centrales de la migra\u00f1a: cantidad y duraci\u00f3n de episodios, tipo de dolor, otros s\u00edntomas asociados y el impacto en la vida cotidiana. Si la respuesta es afirmativa en<strong> al menos uno<\/strong> de estos casos, se recomienda realizar una consulta m\u00e9dica, idealmente con un neur\u00f3logo para evaluar espec\u00edficamente el cuadro cl\u00ednico.<\/p>\n<\/div>\n<div class=\"sc-45461e9c-0 eqiBeF container-text text-embed \">\n<p>Respecto a la \u00faltima pregunta, Larripa dice: \u201cEl <strong>impacto funcional <\/strong>de esta enfermedad en la vida diaria es un indicador muy importante. Cuando el dolor obliga a frenar todo, cancelar actividades o compromisos, ausentarse al trabajo o estudio, apagar la luz y acostarse, eso ya habla de un nivel de discapacidad que merece ser evaluado\u201d.<\/p>\n<\/div>\n<div class=\"sc-45461e9c-0 eqiBeF container-text text-embed \">\n<p>Y prosigue: \u201cEl paciente con migra\u00f1a debe recibir un<strong> tratamiento espec\u00edfico<\/strong> para el manejo agudo de las crisis y, en muchos casos, asociar un tratamiento preventivo\u201d.<\/p>\n<\/div>\n<h2>Una enfermedad naturalizada<\/h2>\n<div class=\"sc-45461e9c-0 eqiBeF container-text text-embed \">\n<p>Todo esto cobra importancia porque, a pesar de su elevada prevalencia, es frecuente interpretar los s\u00edntomas como dolores de cabeza comunes.<\/p>\n<\/div>\n<div class=\"sc-45461e9c-0 eqiBeF container-text text-embed \">\n<p>\u201cExiste una tendencia a convivir con el dolor o a automedicarse. Sin embargo, cuando los episodios se repiten y afectan la vida cotidiana, es importante investigar qu\u00e9 est\u00e1 pasando y tomar medidas al respecto\u201d, advierte en la misma direcci\u00f3n Larripa.<\/p>\n<\/div>\n<div class=\"sc-45461e9c-0 eqiBeF container-text text-embed \">\n<p>Frente a la <strong>sospecha de migra\u00f1a<\/strong>, el neur\u00f3logo puede diagnosticar y tratar este cuadro. <\/p>\n<\/div>\n<div class=\"sc-98b114a2-0 bkqiHH image-embed  image-embed \"><img fetchpriority=\"high\" decoding=\"async\" alt=\"El dolor de cabeza puede llegar a naturalizarse o tratarse \u00fanicamente con analg\u00e9sicos de venta libre. Foto Shutterstock.\" loading=\"eager\" width=\"720\" height=\"480\" data-nimg=\"1\" src=\"https:\/\/www.clarin.com\/img\/2026\/04\/24\/ECFEQvnjW_720x0__1.jpg\" \/><span class=\"epigraphe\" aria-hidden=\"true\">El dolor de cabeza puede llegar a naturalizarse o tratarse \u00fanicamente con analg\u00e9sicos de venta libre. Foto Shutterstock.<\/span><span class=\"picture-open\"><button class=\"open-image\" aria-label=\"Open Image\"><\/button><\/span><\/div>\n<div class=\"sc-45461e9c-0 eqiBeF container-text text-embed \">\n<p>\u201cEl especialista puede diferenciar entre distintos tipos de dolor de cabeza, identificar <strong>factores desencadenantes<\/strong> e individualizar el tratamiento m\u00e1s adecuado para cada paciente\u201d, dice, por su parte, Fiorella Mart\u00edn Bertuzzi, Presidente de la Asociaci\u00f3n Migra\u00f1a y Cefaleas Argentina (AMYCA).<\/p>\n<\/div>\n<h2>M\u00faltiples tratamientos<\/h2>\n<div class=\"sc-45461e9c-0 eqiBeF container-text text-embed \">\n<p>Hoy existen m\u00faltiples<strong> estrategias terap\u00e9uticas<\/strong> para abordar la migra\u00f1a, como cambiar el estilo de alimentaci\u00f3n por uno m\u00e1s equilibrado, promover rutinas de sue\u00f1o, y la indicaci\u00f3n de medicamentos para los episodios agudos y terapias preventivas indicadas cuando las crisis son frecuentes o generan un impacto significativo.<\/p>\n<\/div>\n<div class=\"sc-45461e9c-0 eqiBeF container-text text-embed \">\n<p>\u201cMuchas personas conviven con migra\u00f1as durante a\u00f1os sin saberlo. Un diagn\u00f3stico adecuado permite acceder a tratamientos y estrategias que ayudan a <strong>reducir la frecuencia<\/strong> de los ataques y mejorar la calidad de vida\u201d, cierra Mart\u00edn Bertuzzi.<\/p>\n<\/div>\n<div class=\"sc-45461e9c-0 eqiBeF container-text text-embed \">\n<p>\u27aa\u00bfTen\u00e9s alguna duda sobre salud y bienestar que te gustar\u00eda que abordemos en notas de la secci\u00f3n? Escribinos tu consulta a <strong>buenavida@clarin.com<\/strong>.<\/p>\n<\/div>\n<p><strong><a href=\"https:\/\/blockads.fivefilters.org\/\">Adblock test<\/a><\/strong> <a href=\"https:\/\/blockads.fivefilters.org\/acceptable.html\">(Why?)<\/a><\/p>\n<p>\u200b\u00a0\u00a0<\/p>","protected":false},"excerpt":{"rendered":"<p>La multicausalidad del dolor de cabeza le da una particularidad: es de alguna manera \u201caceptado\u201d,&#8230;<\/p>\n","protected":false},"author":1,"featured_media":16591,"comment_status":"closed","ping_status":"closed","sticky":false,"template":"","format":"standard","meta":{"_jetpack_memberships_contains_paid_content":false,"footnotes":"","jetpack_publicize_message":"","jetpack_publicize_feature_enabled":true,"jetpack_social_post_already_shared":true,"jetpack_social_options":{"image_generator_settings":{"template":"highway","default_image_id":0,"font":"","enabled":false},"version":2}},"categories":[120],"tags":[],"class_list":["post-16590","post","type-post","status-publish","format-standard","has-post-thumbnail","hentry","category-salud"],"yoast_head":"<!-- This site is optimized with the Yoast SEO plugin v27.4 - https:\/\/yoast.com\/product\/yoast-seo-wordpress\/ -->\n<title>\u00bfDolor de cabeza o migra\u00f1a? Un autotest de cinco preguntas que ayuda a diferenciarlos -<\/title>\n<meta name=\"robots\" content=\"index, follow, max-snippet:-1, max-image-preview:large, max-video-preview:-1\" \/>\n<link rel=\"canonical\" href=\"https:\/\/impactocastex.com.ar\/?p=16590\" \/>\n<meta property=\"og:locale\" content=\"es_ES\" \/>\n<meta property=\"og:type\" content=\"article\" \/>\n<meta property=\"og:title\" content=\"\u00bfDolor de cabeza o migra\u00f1a? Un autotest de cinco preguntas que ayuda a diferenciarlos -\" \/>\n<meta property=\"og:description\" content=\"La multicausalidad del dolor de cabeza le da una particularidad: es de alguna manera \u201caceptado\u201d,...\" \/>\n<meta property=\"og:url\" content=\"https:\/\/impactocastex.com.ar\/?p=16590\" \/>\n<meta property=\"article:publisher\" content=\"https:\/\/www.facebook.com\/impactocastexdiario\" \/>\n<meta property=\"article:published_time\" content=\"2026-04-27T08:01:19+00:00\" \/>\n<meta property=\"og:image\" content=\"https:\/\/www.clarin.com\/img\/2026\/04\/24\/ECFEQvnjW_720x0__1.jpg\" \/>\n<meta name=\"author\" content=\"impactocastex\" \/>\n<meta name=\"twitter:card\" content=\"summary_large_image\" \/>\n<meta name=\"twitter:label1\" content=\"Escrito por\" \/>\n\t<meta name=\"twitter:data1\" content=\"impactocastex\" \/>\n\t<meta name=\"twitter:label2\" content=\"Tiempo de lectura\" \/>\n\t<meta name=\"twitter:data2\" content=\"5 minutos\" \/>\n<script type=\"application\/ld+json\" class=\"yoast-schema-graph\">{\"@context\":\"https:\\\/\\\/schema.org\",\"@graph\":[{\"@type\":\"Article\",\"@id\":\"https:\\\/\\\/impactocastex.com.ar\\\/?p=16590#article\",\"isPartOf\":{\"@id\":\"https:\\\/\\\/impactocastex.com.ar\\\/?p=16590\"},\"author\":{\"name\":\"impactocastex\",\"@id\":\"https:\\\/\\\/impactocastex.com.ar\\\/#\\\/schema\\\/person\\\/86cb4f827fb5f87869a239b98a69c6e3\"},\"headline\":\"\u00bfDolor de cabeza o migra\u00f1a? Un autotest de cinco preguntas que ayuda a diferenciarlos\",\"datePublished\":\"2026-04-27T08:01:19+00:00\",\"mainEntityOfPage\":{\"@id\":\"https:\\\/\\\/impactocastex.com.ar\\\/?p=16590\"},\"wordCount\":949,\"publisher\":{\"@id\":\"https:\\\/\\\/impactocastex.com.ar\\\/#organization\"},\"image\":{\"@id\":\"https:\\\/\\\/impactocastex.com.ar\\\/?p=16590#primaryimage\"},\"thumbnailUrl\":\"https:\\\/\\\/impactocastex.com.ar\\\/wp-content\\\/uploads\\\/2026\\\/04\\\/aYi9XfakX_1200x630__1-fqaqbd.jpg\",\"articleSection\":[\"SALUD\"],\"inLanguage\":\"es\"},{\"@type\":\"WebPage\",\"@id\":\"https:\\\/\\\/impactocastex.com.ar\\\/?p=16590\",\"url\":\"https:\\\/\\\/impactocastex.com.ar\\\/?p=16590\",\"name\":\"\u00bfDolor de cabeza o migra\u00f1a? Un autotest de cinco preguntas que ayuda a diferenciarlos -\",\"isPartOf\":{\"@id\":\"https:\\\/\\\/impactocastex.com.ar\\\/#website\"},\"primaryImageOfPage\":{\"@id\":\"https:\\\/\\\/impactocastex.com.ar\\\/?p=16590#primaryimage\"},\"image\":{\"@id\":\"https:\\\/\\\/impactocastex.com.ar\\\/?p=16590#primaryimage\"},\"thumbnailUrl\":\"https:\\\/\\\/impactocastex.com.ar\\\/wp-content\\\/uploads\\\/2026\\\/04\\\/aYi9XfakX_1200x630__1-fqaqbd.jpg\",\"datePublished\":\"2026-04-27T08:01:19+00:00\",\"breadcrumb\":{\"@id\":\"https:\\\/\\\/impactocastex.com.ar\\\/?p=16590#breadcrumb\"},\"inLanguage\":\"es\",\"potentialAction\":[{\"@type\":\"ReadAction\",\"target\":[\"https:\\\/\\\/impactocastex.com.ar\\\/?p=16590\"]}]},{\"@type\":\"ImageObject\",\"inLanguage\":\"es\",\"@id\":\"https:\\\/\\\/impactocastex.com.ar\\\/?p=16590#primaryimage\",\"url\":\"https:\\\/\\\/impactocastex.com.ar\\\/wp-content\\\/uploads\\\/2026\\\/04\\\/aYi9XfakX_1200x630__1-fqaqbd.jpg\",\"contentUrl\":\"https:\\\/\\\/impactocastex.com.ar\\\/wp-content\\\/uploads\\\/2026\\\/04\\\/aYi9XfakX_1200x630__1-fqaqbd.jpg\",\"width\":1200,\"height\":630},{\"@type\":\"BreadcrumbList\",\"@id\":\"https:\\\/\\\/impactocastex.com.ar\\\/?p=16590#breadcrumb\",\"itemListElement\":[{\"@type\":\"ListItem\",\"position\":1,\"name\":\"Portada\",\"item\":\"https:\\\/\\\/impactocastex.com.ar\\\/\"},{\"@type\":\"ListItem\",\"position\":2,\"name\":\"\u00bfDolor de cabeza o migra\u00f1a? Un autotest de cinco preguntas que ayuda a diferenciarlos\"}]},{\"@type\":\"WebSite\",\"@id\":\"https:\\\/\\\/impactocastex.com.ar\\\/#website\",\"url\":\"https:\\\/\\\/impactocastex.com.ar\\\/\",\"name\":\"Impacto Castex\",\"description\":\"\",\"publisher\":{\"@id\":\"https:\\\/\\\/impactocastex.com.ar\\\/#organization\"},\"potentialAction\":[{\"@type\":\"SearchAction\",\"target\":{\"@type\":\"EntryPoint\",\"urlTemplate\":\"https:\\\/\\\/impactocastex.com.ar\\\/?s={search_term_string}\"},\"query-input\":{\"@type\":\"PropertyValueSpecification\",\"valueRequired\":true,\"valueName\":\"search_term_string\"}}],\"inLanguage\":\"es\"},{\"@type\":\"Organization\",\"@id\":\"https:\\\/\\\/impactocastex.com.ar\\\/#organization\",\"name\":\"Impacto Castex\",\"url\":\"https:\\\/\\\/impactocastex.com.ar\\\/\",\"logo\":{\"@type\":\"ImageObject\",\"inLanguage\":\"es\",\"@id\":\"https:\\\/\\\/impactocastex.com.ar\\\/#\\\/schema\\\/logo\\\/image\\\/\",\"url\":\"https:\\\/\\\/impactocastex.com.ar\\\/wp-content\\\/uploads\\\/2025\\\/09\\\/cropped-icoweb.png\",\"contentUrl\":\"https:\\\/\\\/impactocastex.com.ar\\\/wp-content\\\/uploads\\\/2025\\\/09\\\/cropped-icoweb.png\",\"width\":512,\"height\":512,\"caption\":\"Impacto Castex\"},\"image\":{\"@id\":\"https:\\\/\\\/impactocastex.com.ar\\\/#\\\/schema\\\/logo\\\/image\\\/\"},\"sameAs\":[\"https:\\\/\\\/www.facebook.com\\\/impactocastexdiario\",\"https:\\\/\\\/www.instagram.com\\\/impactocastex.com.ar\\\/\"]},{\"@type\":\"Person\",\"@id\":\"https:\\\/\\\/impactocastex.com.ar\\\/#\\\/schema\\\/person\\\/86cb4f827fb5f87869a239b98a69c6e3\",\"name\":\"impactocastex\",\"image\":{\"@type\":\"ImageObject\",\"inLanguage\":\"es\",\"@id\":\"https:\\\/\\\/secure.gravatar.com\\\/avatar\\\/9a87ee051ca8c77f5d4070843ce2c78cdf95b858b950fb039151de955122f5f5?s=96&d=mm&r=g\",\"url\":\"https:\\\/\\\/secure.gravatar.com\\\/avatar\\\/9a87ee051ca8c77f5d4070843ce2c78cdf95b858b950fb039151de955122f5f5?s=96&d=mm&r=g\",\"contentUrl\":\"https:\\\/\\\/secure.gravatar.com\\\/avatar\\\/9a87ee051ca8c77f5d4070843ce2c78cdf95b858b950fb039151de955122f5f5?s=96&d=mm&r=g\",\"caption\":\"impactocastex\"},\"sameAs\":[\"https:\\\/\\\/impactocastex.com.ar\"],\"url\":\"https:\\\/\\\/impactocastex.com.ar\\\/?author=1\"}]}<\/script>\n<!-- \/ Yoast SEO plugin. -->","yoast_head_json":{"title":"\u00bfDolor de cabeza o migra\u00f1a? Un autotest de cinco preguntas que ayuda a diferenciarlos -","robots":{"index":"index","follow":"follow","max-snippet":"max-snippet:-1","max-image-preview":"max-image-preview:large","max-video-preview":"max-video-preview:-1"},"canonical":"https:\/\/impactocastex.com.ar\/?p=16590","og_locale":"es_ES","og_type":"article","og_title":"\u00bfDolor de cabeza o migra\u00f1a? Un autotest de cinco preguntas que ayuda a diferenciarlos -","og_description":"La multicausalidad del dolor de cabeza le da una particularidad: es de alguna manera \u201caceptado\u201d,...","og_url":"https:\/\/impactocastex.com.ar\/?p=16590","article_publisher":"https:\/\/www.facebook.com\/impactocastexdiario","article_published_time":"2026-04-27T08:01:19+00:00","og_image":[{"url":"https:\/\/www.clarin.com\/img\/2026\/04\/24\/ECFEQvnjW_720x0__1.jpg","type":"","width":"","height":""}],"author":"impactocastex","twitter_card":"summary_large_image","twitter_misc":{"Escrito por":"impactocastex","Tiempo de lectura":"5 minutos"},"schema":{"@context":"https:\/\/schema.org","@graph":[{"@type":"Article","@id":"https:\/\/impactocastex.com.ar\/?p=16590#article","isPartOf":{"@id":"https:\/\/impactocastex.com.ar\/?p=16590"},"author":{"name":"impactocastex","@id":"https:\/\/impactocastex.com.ar\/#\/schema\/person\/86cb4f827fb5f87869a239b98a69c6e3"},"headline":"\u00bfDolor de cabeza o migra\u00f1a? Un autotest de cinco preguntas que ayuda a diferenciarlos","datePublished":"2026-04-27T08:01:19+00:00","mainEntityOfPage":{"@id":"https:\/\/impactocastex.com.ar\/?p=16590"},"wordCount":949,"publisher":{"@id":"https:\/\/impactocastex.com.ar\/#organization"},"image":{"@id":"https:\/\/impactocastex.com.ar\/?p=16590#primaryimage"},"thumbnailUrl":"https:\/\/impactocastex.com.ar\/wp-content\/uploads\/2026\/04\/aYi9XfakX_1200x630__1-fqaqbd.jpg","articleSection":["SALUD"],"inLanguage":"es"},{"@type":"WebPage","@id":"https:\/\/impactocastex.com.ar\/?p=16590","url":"https:\/\/impactocastex.com.ar\/?p=16590","name":"\u00bfDolor de cabeza o migra\u00f1a? Un autotest de cinco preguntas que ayuda a diferenciarlos -","isPartOf":{"@id":"https:\/\/impactocastex.com.ar\/#website"},"primaryImageOfPage":{"@id":"https:\/\/impactocastex.com.ar\/?p=16590#primaryimage"},"image":{"@id":"https:\/\/impactocastex.com.ar\/?p=16590#primaryimage"},"thumbnailUrl":"https:\/\/impactocastex.com.ar\/wp-content\/uploads\/2026\/04\/aYi9XfakX_1200x630__1-fqaqbd.jpg","datePublished":"2026-04-27T08:01:19+00:00","breadcrumb":{"@id":"https:\/\/impactocastex.com.ar\/?p=16590#breadcrumb"},"inLanguage":"es","potentialAction":[{"@type":"ReadAction","target":["https:\/\/impactocastex.com.ar\/?p=16590"]}]},{"@type":"ImageObject","inLanguage":"es","@id":"https:\/\/impactocastex.com.ar\/?p=16590#primaryimage","url":"https:\/\/impactocastex.com.ar\/wp-content\/uploads\/2026\/04\/aYi9XfakX_1200x630__1-fqaqbd.jpg","contentUrl":"https:\/\/impactocastex.com.ar\/wp-content\/uploads\/2026\/04\/aYi9XfakX_1200x630__1-fqaqbd.jpg","width":1200,"height":630},{"@type":"BreadcrumbList","@id":"https:\/\/impactocastex.com.ar\/?p=16590#breadcrumb","itemListElement":[{"@type":"ListItem","position":1,"name":"Portada","item":"https:\/\/impactocastex.com.ar\/"},{"@type":"ListItem","position":2,"name":"\u00bfDolor de cabeza o migra\u00f1a? Un autotest de cinco preguntas que ayuda a diferenciarlos"}]},{"@type":"WebSite","@id":"https:\/\/impactocastex.com.ar\/#website","url":"https:\/\/impactocastex.com.ar\/","name":"Impacto Castex","description":"","publisher":{"@id":"https:\/\/impactocastex.com.ar\/#organization"},"potentialAction":[{"@type":"SearchAction","target":{"@type":"EntryPoint","urlTemplate":"https:\/\/impactocastex.com.ar\/?s={search_term_string}"},"query-input":{"@type":"PropertyValueSpecification","valueRequired":true,"valueName":"search_term_string"}}],"inLanguage":"es"},{"@type":"Organization","@id":"https:\/\/impactocastex.com.ar\/#organization","name":"Impacto Castex","url":"https:\/\/impactocastex.com.ar\/","logo":{"@type":"ImageObject","inLanguage":"es","@id":"https:\/\/impactocastex.com.ar\/#\/schema\/logo\/image\/","url":"https:\/\/impactocastex.com.ar\/wp-content\/uploads\/2025\/09\/cropped-icoweb.png","contentUrl":"https:\/\/impactocastex.com.ar\/wp-content\/uploads\/2025\/09\/cropped-icoweb.png","width":512,"height":512,"caption":"Impacto Castex"},"image":{"@id":"https:\/\/impactocastex.com.ar\/#\/schema\/logo\/image\/"},"sameAs":["https:\/\/www.facebook.com\/impactocastexdiario","https:\/\/www.instagram.com\/impactocastex.com.ar\/"]},{"@type":"Person","@id":"https:\/\/impactocastex.com.ar\/#\/schema\/person\/86cb4f827fb5f87869a239b98a69c6e3","name":"impactocastex","image":{"@type":"ImageObject","inLanguage":"es","@id":"https:\/\/secure.gravatar.com\/avatar\/9a87ee051ca8c77f5d4070843ce2c78cdf95b858b950fb039151de955122f5f5?s=96&d=mm&r=g","url":"https:\/\/secure.gravatar.com\/avatar\/9a87ee051ca8c77f5d4070843ce2c78cdf95b858b950fb039151de955122f5f5?s=96&d=mm&r=g","contentUrl":"https:\/\/secure.gravatar.com\/avatar\/9a87ee051ca8c77f5d4070843ce2c78cdf95b858b950fb039151de955122f5f5?s=96&d=mm&r=g","caption":"impactocastex"},"sameAs":["https:\/\/impactocastex.com.ar"],"url":"https:\/\/impactocastex.com.ar\/?author=1"}]}},"jetpack_publicize_connections":[],"featured_image_urls":{"full":["https:\/\/impactocastex.com.ar\/wp-content\/uploads\/2026\/04\/aYi9XfakX_1200x630__1-fqaqbd.jpg",1200,630,false],"thumbnail":["https:\/\/impactocastex.com.ar\/wp-content\/uploads\/2026\/04\/aYi9XfakX_1200x630__1-fqaqbd-150x150.jpg",150,150,true],"medium":["https:\/\/impactocastex.com.ar\/wp-content\/uploads\/2026\/04\/aYi9XfakX_1200x630__1-fqaqbd-300x158.jpg",300,158,true],"medium_large":["https:\/\/impactocastex.com.ar\/wp-content\/uploads\/2026\/04\/aYi9XfakX_1200x630__1-fqaqbd-768x403.jpg",640,336,true],"large":["https:\/\/impactocastex.com.ar\/wp-content\/uploads\/2026\/04\/aYi9XfakX_1200x630__1-fqaqbd-1024x538.jpg",640,336,true],"1536x1536":["https:\/\/impactocastex.com.ar\/wp-content\/uploads\/2026\/04\/aYi9XfakX_1200x630__1-fqaqbd.jpg",1200,630,false],"2048x2048":["https:\/\/impactocastex.com.ar\/wp-content\/uploads\/2026\/04\/aYi9XfakX_1200x630__1-fqaqbd.jpg",1200,630,false],"newsever-slider-full":["https:\/\/impactocastex.com.ar\/wp-content\/uploads\/2026\/04\/aYi9XfakX_1200x630__1-fqaqbd.jpg",1200,630,false],"newsever-featured":["https:\/\/impactocastex.com.ar\/wp-content\/uploads\/2026\/04\/aYi9XfakX_1200x630__1-fqaqbd-1024x538.jpg",1024,538,true],"newsever-medium":["https:\/\/impactocastex.com.ar\/wp-content\/uploads\/2026\/04\/aYi9XfakX_1200x630__1-fqaqbd-720x475.jpg",720,475,true]},"author_info":{"info":["impactocastex"]},"category_info":"<a href=\"https:\/\/impactocastex.com.ar\/?cat=120\" rel=\"category\">SALUD<\/a>","tag_info":"SALUD","comment_count":0,"jetpack_featured_media_url":"https:\/\/impactocastex.com.ar\/wp-content\/uploads\/2026\/04\/aYi9XfakX_1200x630__1-fqaqbd.jpg","jetpack_sharing_enabled":true,"jetpack_likes_enabled":true,"jetpack_shortlink":"https:\/\/wp.me\/p7sopA-4jA","_links":{"self":[{"href":"https:\/\/impactocastex.com.ar\/index.php?rest_route=\/wp\/v2\/posts\/16590","targetHints":{"allow":["GET"]}}],"collection":[{"href":"https:\/\/impactocastex.com.ar\/index.php?rest_route=\/wp\/v2\/posts"}],"about":[{"href":"https:\/\/impactocastex.com.ar\/index.php?rest_route=\/wp\/v2\/types\/post"}],"author":[{"embeddable":true,"href":"https:\/\/impactocastex.com.ar\/index.php?rest_route=\/wp\/v2\/users\/1"}],"replies":[{"embeddable":true,"href":"https:\/\/impactocastex.com.ar\/index.php?rest_route=%2Fwp%2Fv2%2Fcomments&post=16590"}],"version-history":[{"count":0,"href":"https:\/\/impactocastex.com.ar\/index.php?rest_route=\/wp\/v2\/posts\/16590\/revisions"}],"wp:featuredmedia":[{"embeddable":true,"href":"https:\/\/impactocastex.com.ar\/index.php?rest_route=\/wp\/v2\/media\/16591"}],"wp:attachment":[{"href":"https:\/\/impactocastex.com.ar\/index.php?rest_route=%2Fwp%2Fv2%2Fmedia&parent=16590"}],"wp:term":[{"taxonomy":"category","embeddable":true,"href":"https:\/\/impactocastex.com.ar\/index.php?rest_route=%2Fwp%2Fv2%2Fcategories&post=16590"},{"taxonomy":"post_tag","embeddable":true,"href":"https:\/\/impactocastex.com.ar\/index.php?rest_route=%2Fwp%2Fv2%2Ftags&post=16590"}],"curies":[{"name":"wp","href":"https:\/\/api.w.org\/{rel}","templated":true}]}}