{"id":16582,"date":"2026-04-27T09:53:31","date_gmt":"2026-04-27T12:53:31","guid":{"rendered":"https:\/\/impactocastex.com.ar\/?p=16582"},"modified":"2026-04-27T09:53:31","modified_gmt":"2026-04-27T12:53:31","slug":"el-guardaespaldas-que-fue-mucho-mas-bill-bray-el-segundo-padre-de-michael-jackson-revive-en-la-nueva-biopic","status":"publish","type":"post","link":"https:\/\/impactocastex.com.ar\/?p=16582","title":{"rendered":"El guardaespaldas que fue mucho m\u00e1s: Bill Bray, el \u201csegundo padre\u201d de Michael Jackson revive en la nueva biopic"},"content":{"rendered":"<div><img decoding=\"async\" src=\"https:\/\/www.clarin.com\/img\/2026\/04\/25\/4tXC0dslz_2000x1500__1.jpg\" class=\"ff-og-image-inserted\" \/><\/div>\n<div>\n<p>Uno de los personajes que m\u00e1s llama la atenci\u00f3n en <strong><em><a href=\"https:\/\/www.clarin.com\/espectaculos\/michael-version-pasteurizada-sobrino-jackson-actua-suerte-canta-michael_0_kwaw3h5194.html\" target=\"_blank\" title=\"Michael, la nueva pel\u00edcula biogr\u00e1fica sobre Michael Jackson\">Michael<\/a><\/em><\/strong><a href=\"https:\/\/www.clarin.com\/espectaculos\/michael-version-pasteurizada-sobrino-jackson-actua-suerte-canta-michael_0_kwaw3h5194.html\" target=\"_blank\" title=\"Michael, la nueva pel\u00edcula biogr\u00e1fica sobre Michael Jackson\">, la nueva pel\u00edcula biogr\u00e1fica sobre <\/a><strong><a href=\"https:\/\/www.clarin.com\/espectaculos\/michael-version-pasteurizada-sobrino-jackson-actua-suerte-canta-michael_0_kwaw3h5194.html\" target=\"_blank\" title=\"Michael, la nueva pel\u00edcula biogr\u00e1fica sobre Michael Jackson\">Michael Jackson<\/a> <\/strong>es <strong>Bill Bray<\/strong>, un nombre que para muchos puede sonar desconocido, pero que fue central en la vida del artista. En la pel\u00edcula, lo interpreta KeiLyn Durrel Jones y aparece como una presencia constante, casi inseparable.<\/p>\n<\/div>\n<div>\n<p>Bill Bray era un ex oficial de polic\u00eda de Los \u00c1ngeles que termin\u00f3 convirti\u00e9ndose en el jefe de seguridad del \u00abRey del Pop\u00bb. Pero su rol fue m\u00e1s all\u00e1 de cualquier uniforme.<\/p>\n<\/div>\n<div>\n<p>Quienes conocieron de cerca la historia del cantante lo describen como<strong> <\/strong>un<strong> \u201csegundo padre\u201d, <\/strong>un gu\u00eda y alguien que estuvo ah\u00ed desde que Michael todav\u00eda era un chico que giraba con sus hermanos en los <em>Jackson 5<\/em>. <\/p>\n<\/div>\n<div>\n<p>Su llegada al entorno familiar se dio por decisi\u00f3n de su padre, Joe Jackson, pero con el tiempo su influencia desbord\u00f3 cualquier contrato.<\/p>\n<\/div>\n<div>\n<p>El guardaespaldas nunca fue una figura p\u00fablica en el sentido tradicional. <strong>No dio entrevistas ni busc\u00f3 protagonismo<\/strong>. Gran parte de lo que se sabe sobre \u00e9l surge de reconstrucciones period\u00edsticas y testimonios.<\/p>\n<\/div>\n<div>\n<p>Un art\u00edculo de <em>Rolling Stone<\/em> de 1989 lo defini\u00f3 como el \u00ab<strong>principal guardaespaldas de Jackson, as\u00ed como uno de sus confidentes m\u00e1s cercanos<\/strong>\u00ab. <\/p>\n<\/div>\n<div>\n<p>Aun as\u00ed, esa misma publicaci\u00f3n remarc\u00f3 que Bray no s\u00f3lo se ocupaba de la seguridad, llevaba a Michael al m\u00e9dico, lo aconsejaba en decisiones de negocio y supervisaba cada aspecto de su vida cotidiana. Personas del entorno del cantante aseguraban que <strong>era su \u201calter ego\u201d y una figura paterna que se involucraba en todo<\/strong>.<\/p>\n<\/div>\n<div>\n<p>Asimismo, <strong>J. Randy Taraborrell<\/strong>i, el periodista y bi\u00f3grafo que escribi\u00f3 el libro Michael Jackson llamado <em>La magia, la locura, la historia completa<\/em> , declar\u00f3 a<em> People<\/em> que Bill \u00ab<strong>era una persona fant\u00e1stica<\/strong>\u00bb <strong>y que fue leal a Michael<\/strong>.<\/p>\n<\/div>\n<div>\n<p>La pel\u00edcula toma ese v\u00ednculo y lo traduce en im\u00e1genes en las que Bray aparece como ese adulto que acompa\u00f1a a Michael en el paso de la infancia a la fama global, incluso cuando logra independizarse del control de su padre. No es un detalle menor en una historia marcada por tensiones familiares y una exposici\u00f3n p\u00fablica feroz.<\/p>\n<\/div>\n<div>\n<p>A\u00f1os despu\u00e9s de la muerte de Jackson, el sitio <em>TMZ <\/em>dio a conocer<em> <\/em>una supuesta carta manuscrita que la estrella le habr\u00eda escrito al seguridad a comienzos de los &#8217;90, en la que le agradec\u00eda por haber sido ese sost\u00e9n emocional que no encontraba en otro lado.<\/p>\n<\/div>\n<div>\n<p>\u00abBill, hemos recorrido un largo camino a lo largo de los a\u00f1os: giras de conciertos, encuentros con dignatarios, reyes y reinas&#8230; dos giras alrededor del mundo, haciendo feliz a la gente a trav\u00e9s del don y el amor por la m\u00fasica. Ahora estoy madurando y me doy cuenta de la importancia del amor verdadero\u00bb, dec\u00eda el texto, en una frase que resume el lugar que ocupaba.<\/p>\n<\/div>\n<div>\n<p>\u00abJoseph nunca tuvo tiempo para m\u00ed; s\u00f3lo me ve\u00eda como una forma de ganar dinero. Y como sabes, mi madre era una madre perfecta, pero nunca estuve con ella\u00bb, continuaba. \u00abMi infancia transcurri\u00f3 en el escenario, lejos de mi madre.<strong> Lo que intento decirte es simplemente gracias por ser padre. No s\u00e9 qu\u00e9 habr\u00eda sido de m\u00ed si no hubieras estado aqu\u00ed.<\/strong> Te quiero. MJ\u00bb.<\/p>\n<\/div>\n<div>\n<p>Finalmente, <strong>Bray muri\u00f3 en 2005 a los 80 a\u00f1os<\/strong>, seg\u00fan inform\u00f3<em> Reuters<\/em> a partir de declaraciones del entorno del artista. En ese momento, el propio Jackson lo record\u00f3 como un amigo, mentor y asesor de m\u00e1xima confianza. <\/p>\n<\/div>\n<div>\n<p>Sin embargo, tambi\u00e9n trascendi\u00f3 que la relaci\u00f3n se hab\u00eda enfriado en los a\u00f1os previos, por motivos que nunca se hicieron p\u00fablicos. <\/p>\n<\/div>\n<div>\n<p>Bill nunca cont\u00f3 su versi\u00f3n, nunca se sent\u00f3 frente a un periodista. Y, sin embargo, su aparici\u00f3n en <em>Michael<\/em> pone en primer plano a alguien que, sin buscar fama, fue clave en la vida del Rey del Pop. <\/p>\n<\/div>\n<p><strong><a href=\"https:\/\/blockads.fivefilters.org\/\">Adblock test<\/a><\/strong> <a href=\"https:\/\/blockads.fivefilters.org\/acceptable.html\">(Why?)<\/a><\/p>\n<p>\u200b\u00a0\u00a0<\/p>","protected":false},"excerpt":{"rendered":"<p>Uno de los personajes que m\u00e1s llama la atenci\u00f3n en Michael, la nueva pel\u00edcula biogr\u00e1fica&#8230;<\/p>\n","protected":false},"author":1,"featured_media":16583,"comment_status":"closed","ping_status":"closed","sticky":false,"template":"","format":"standard","meta":{"_jetpack_memberships_contains_paid_content":false,"footnotes":"","jetpack_publicize_message":"","jetpack_publicize_feature_enabled":true,"jetpack_social_post_already_shared":true,"jetpack_social_options":{"image_generator_settings":{"template":"highway","default_image_id":0,"font":"","enabled":false},"version":2}},"categories":[88],"tags":[],"class_list":["post-16582","post","type-post","status-publish","format-standard","has-post-thumbnail","hentry","category-espectaculos"],"yoast_head":"<!-- This site is optimized with the Yoast SEO plugin v27.4 - https:\/\/yoast.com\/product\/yoast-seo-wordpress\/ -->\n<title>El guardaespaldas que fue mucho m\u00e1s: Bill Bray, el \u201csegundo padre\u201d de Michael Jackson revive en la nueva biopic -<\/title>\n<meta name=\"robots\" content=\"index, follow, max-snippet:-1, max-image-preview:large, max-video-preview:-1\" \/>\n<link rel=\"canonical\" href=\"https:\/\/impactocastex.com.ar\/?p=16582\" \/>\n<meta property=\"og:locale\" content=\"es_ES\" \/>\n<meta property=\"og:type\" content=\"article\" \/>\n<meta property=\"og:title\" content=\"El guardaespaldas que fue mucho m\u00e1s: Bill Bray, el \u201csegundo padre\u201d de Michael Jackson revive en la nueva biopic -\" \/>\n<meta property=\"og:description\" content=\"Uno de los personajes que m\u00e1s llama la atenci\u00f3n en Michael, la nueva pel\u00edcula biogr\u00e1fica...\" \/>\n<meta property=\"og:url\" content=\"https:\/\/impactocastex.com.ar\/?p=16582\" \/>\n<meta property=\"article:publisher\" content=\"https:\/\/www.facebook.com\/impactocastexdiario\" \/>\n<meta property=\"article:published_time\" content=\"2026-04-27T12:53:31+00:00\" \/>\n<meta property=\"og:image\" content=\"https:\/\/www.clarin.com\/img\/2026\/04\/25\/4tXC0dslz_2000x1500__1.jpg\" \/>\n<meta name=\"author\" content=\"impactocastex\" \/>\n<meta name=\"twitter:card\" content=\"summary_large_image\" \/>\n<meta name=\"twitter:label1\" content=\"Escrito por\" \/>\n\t<meta name=\"twitter:data1\" content=\"impactocastex\" \/>\n\t<meta name=\"twitter:label2\" content=\"Tiempo de lectura\" \/>\n\t<meta name=\"twitter:data2\" content=\"3 minutos\" \/>\n<script type=\"application\/ld+json\" class=\"yoast-schema-graph\">{\"@context\":\"https:\\\/\\\/schema.org\",\"@graph\":[{\"@type\":\"Article\",\"@id\":\"https:\\\/\\\/impactocastex.com.ar\\\/?p=16582#article\",\"isPartOf\":{\"@id\":\"https:\\\/\\\/impactocastex.com.ar\\\/?p=16582\"},\"author\":{\"name\":\"impactocastex\",\"@id\":\"https:\\\/\\\/impactocastex.com.ar\\\/#\\\/schema\\\/person\\\/86cb4f827fb5f87869a239b98a69c6e3\"},\"headline\":\"El guardaespaldas que fue mucho m\u00e1s: Bill Bray, el \u201csegundo padre\u201d de Michael Jackson revive en la nueva biopic\",\"datePublished\":\"2026-04-27T12:53:31+00:00\",\"mainEntityOfPage\":{\"@id\":\"https:\\\/\\\/impactocastex.com.ar\\\/?p=16582\"},\"wordCount\":690,\"publisher\":{\"@id\":\"https:\\\/\\\/impactocastex.com.ar\\\/#organization\"},\"image\":{\"@id\":\"https:\\\/\\\/impactocastex.com.ar\\\/?p=16582#primaryimage\"},\"thumbnailUrl\":\"https:\\\/\\\/impactocastex.com.ar\\\/wp-content\\\/uploads\\\/2026\\\/04\\\/4tXC0dslz_1200x630__1-6HzFn9.jpg\",\"articleSection\":[\"ESPECTACULOS\"],\"inLanguage\":\"es\"},{\"@type\":\"WebPage\",\"@id\":\"https:\\\/\\\/impactocastex.com.ar\\\/?p=16582\",\"url\":\"https:\\\/\\\/impactocastex.com.ar\\\/?p=16582\",\"name\":\"El guardaespaldas que fue mucho m\u00e1s: Bill Bray, el \u201csegundo padre\u201d de Michael Jackson revive en la nueva biopic -\",\"isPartOf\":{\"@id\":\"https:\\\/\\\/impactocastex.com.ar\\\/#website\"},\"primaryImageOfPage\":{\"@id\":\"https:\\\/\\\/impactocastex.com.ar\\\/?p=16582#primaryimage\"},\"image\":{\"@id\":\"https:\\\/\\\/impactocastex.com.ar\\\/?p=16582#primaryimage\"},\"thumbnailUrl\":\"https:\\\/\\\/impactocastex.com.ar\\\/wp-content\\\/uploads\\\/2026\\\/04\\\/4tXC0dslz_1200x630__1-6HzFn9.jpg\",\"datePublished\":\"2026-04-27T12:53:31+00:00\",\"breadcrumb\":{\"@id\":\"https:\\\/\\\/impactocastex.com.ar\\\/?p=16582#breadcrumb\"},\"inLanguage\":\"es\",\"potentialAction\":[{\"@type\":\"ReadAction\",\"target\":[\"https:\\\/\\\/impactocastex.com.ar\\\/?p=16582\"]}]},{\"@type\":\"ImageObject\",\"inLanguage\":\"es\",\"@id\":\"https:\\\/\\\/impactocastex.com.ar\\\/?p=16582#primaryimage\",\"url\":\"https:\\\/\\\/impactocastex.com.ar\\\/wp-content\\\/uploads\\\/2026\\\/04\\\/4tXC0dslz_1200x630__1-6HzFn9.jpg\",\"contentUrl\":\"https:\\\/\\\/impactocastex.com.ar\\\/wp-content\\\/uploads\\\/2026\\\/04\\\/4tXC0dslz_1200x630__1-6HzFn9.jpg\",\"width\":1200,\"height\":630},{\"@type\":\"BreadcrumbList\",\"@id\":\"https:\\\/\\\/impactocastex.com.ar\\\/?p=16582#breadcrumb\",\"itemListElement\":[{\"@type\":\"ListItem\",\"position\":1,\"name\":\"Portada\",\"item\":\"https:\\\/\\\/impactocastex.com.ar\\\/\"},{\"@type\":\"ListItem\",\"position\":2,\"name\":\"El guardaespaldas que fue mucho m\u00e1s: Bill Bray, el \u201csegundo padre\u201d de Michael Jackson revive en la nueva biopic\"}]},{\"@type\":\"WebSite\",\"@id\":\"https:\\\/\\\/impactocastex.com.ar\\\/#website\",\"url\":\"https:\\\/\\\/impactocastex.com.ar\\\/\",\"name\":\"Impacto Castex\",\"description\":\"\",\"publisher\":{\"@id\":\"https:\\\/\\\/impactocastex.com.ar\\\/#organization\"},\"potentialAction\":[{\"@type\":\"SearchAction\",\"target\":{\"@type\":\"EntryPoint\",\"urlTemplate\":\"https:\\\/\\\/impactocastex.com.ar\\\/?s={search_term_string}\"},\"query-input\":{\"@type\":\"PropertyValueSpecification\",\"valueRequired\":true,\"valueName\":\"search_term_string\"}}],\"inLanguage\":\"es\"},{\"@type\":\"Organization\",\"@id\":\"https:\\\/\\\/impactocastex.com.ar\\\/#organization\",\"name\":\"Impacto Castex\",\"url\":\"https:\\\/\\\/impactocastex.com.ar\\\/\",\"logo\":{\"@type\":\"ImageObject\",\"inLanguage\":\"es\",\"@id\":\"https:\\\/\\\/impactocastex.com.ar\\\/#\\\/schema\\\/logo\\\/image\\\/\",\"url\":\"https:\\\/\\\/impactocastex.com.ar\\\/wp-content\\\/uploads\\\/2025\\\/09\\\/cropped-icoweb.png\",\"contentUrl\":\"https:\\\/\\\/impactocastex.com.ar\\\/wp-content\\\/uploads\\\/2025\\\/09\\\/cropped-icoweb.png\",\"width\":512,\"height\":512,\"caption\":\"Impacto Castex\"},\"image\":{\"@id\":\"https:\\\/\\\/impactocastex.com.ar\\\/#\\\/schema\\\/logo\\\/image\\\/\"},\"sameAs\":[\"https:\\\/\\\/www.facebook.com\\\/impactocastexdiario\",\"https:\\\/\\\/www.instagram.com\\\/impactocastex.com.ar\\\/\"]},{\"@type\":\"Person\",\"@id\":\"https:\\\/\\\/impactocastex.com.ar\\\/#\\\/schema\\\/person\\\/86cb4f827fb5f87869a239b98a69c6e3\",\"name\":\"impactocastex\",\"image\":{\"@type\":\"ImageObject\",\"inLanguage\":\"es\",\"@id\":\"https:\\\/\\\/secure.gravatar.com\\\/avatar\\\/9a87ee051ca8c77f5d4070843ce2c78cdf95b858b950fb039151de955122f5f5?s=96&d=mm&r=g\",\"url\":\"https:\\\/\\\/secure.gravatar.com\\\/avatar\\\/9a87ee051ca8c77f5d4070843ce2c78cdf95b858b950fb039151de955122f5f5?s=96&d=mm&r=g\",\"contentUrl\":\"https:\\\/\\\/secure.gravatar.com\\\/avatar\\\/9a87ee051ca8c77f5d4070843ce2c78cdf95b858b950fb039151de955122f5f5?s=96&d=mm&r=g\",\"caption\":\"impactocastex\"},\"sameAs\":[\"https:\\\/\\\/impactocastex.com.ar\"],\"url\":\"https:\\\/\\\/impactocastex.com.ar\\\/?author=1\"}]}<\/script>\n<!-- \/ Yoast SEO plugin. -->","yoast_head_json":{"title":"El guardaespaldas que fue mucho m\u00e1s: Bill Bray, el \u201csegundo padre\u201d de Michael Jackson revive en la nueva biopic -","robots":{"index":"index","follow":"follow","max-snippet":"max-snippet:-1","max-image-preview":"max-image-preview:large","max-video-preview":"max-video-preview:-1"},"canonical":"https:\/\/impactocastex.com.ar\/?p=16582","og_locale":"es_ES","og_type":"article","og_title":"El guardaespaldas que fue mucho m\u00e1s: Bill Bray, el \u201csegundo padre\u201d de Michael Jackson revive en la nueva biopic -","og_description":"Uno de los personajes que m\u00e1s llama la atenci\u00f3n en Michael, la nueva pel\u00edcula biogr\u00e1fica...","og_url":"https:\/\/impactocastex.com.ar\/?p=16582","article_publisher":"https:\/\/www.facebook.com\/impactocastexdiario","article_published_time":"2026-04-27T12:53:31+00:00","og_image":[{"url":"https:\/\/www.clarin.com\/img\/2026\/04\/25\/4tXC0dslz_2000x1500__1.jpg","type":"","width":"","height":""}],"author":"impactocastex","twitter_card":"summary_large_image","twitter_misc":{"Escrito por":"impactocastex","Tiempo de lectura":"3 minutos"},"schema":{"@context":"https:\/\/schema.org","@graph":[{"@type":"Article","@id":"https:\/\/impactocastex.com.ar\/?p=16582#article","isPartOf":{"@id":"https:\/\/impactocastex.com.ar\/?p=16582"},"author":{"name":"impactocastex","@id":"https:\/\/impactocastex.com.ar\/#\/schema\/person\/86cb4f827fb5f87869a239b98a69c6e3"},"headline":"El guardaespaldas que fue mucho m\u00e1s: Bill Bray, el \u201csegundo padre\u201d de Michael Jackson revive en la nueva biopic","datePublished":"2026-04-27T12:53:31+00:00","mainEntityOfPage":{"@id":"https:\/\/impactocastex.com.ar\/?p=16582"},"wordCount":690,"publisher":{"@id":"https:\/\/impactocastex.com.ar\/#organization"},"image":{"@id":"https:\/\/impactocastex.com.ar\/?p=16582#primaryimage"},"thumbnailUrl":"https:\/\/impactocastex.com.ar\/wp-content\/uploads\/2026\/04\/4tXC0dslz_1200x630__1-6HzFn9.jpg","articleSection":["ESPECTACULOS"],"inLanguage":"es"},{"@type":"WebPage","@id":"https:\/\/impactocastex.com.ar\/?p=16582","url":"https:\/\/impactocastex.com.ar\/?p=16582","name":"El guardaespaldas que fue mucho m\u00e1s: Bill Bray, el \u201csegundo padre\u201d de Michael Jackson revive en la nueva biopic -","isPartOf":{"@id":"https:\/\/impactocastex.com.ar\/#website"},"primaryImageOfPage":{"@id":"https:\/\/impactocastex.com.ar\/?p=16582#primaryimage"},"image":{"@id":"https:\/\/impactocastex.com.ar\/?p=16582#primaryimage"},"thumbnailUrl":"https:\/\/impactocastex.com.ar\/wp-content\/uploads\/2026\/04\/4tXC0dslz_1200x630__1-6HzFn9.jpg","datePublished":"2026-04-27T12:53:31+00:00","breadcrumb":{"@id":"https:\/\/impactocastex.com.ar\/?p=16582#breadcrumb"},"inLanguage":"es","potentialAction":[{"@type":"ReadAction","target":["https:\/\/impactocastex.com.ar\/?p=16582"]}]},{"@type":"ImageObject","inLanguage":"es","@id":"https:\/\/impactocastex.com.ar\/?p=16582#primaryimage","url":"https:\/\/impactocastex.com.ar\/wp-content\/uploads\/2026\/04\/4tXC0dslz_1200x630__1-6HzFn9.jpg","contentUrl":"https:\/\/impactocastex.com.ar\/wp-content\/uploads\/2026\/04\/4tXC0dslz_1200x630__1-6HzFn9.jpg","width":1200,"height":630},{"@type":"BreadcrumbList","@id":"https:\/\/impactocastex.com.ar\/?p=16582#breadcrumb","itemListElement":[{"@type":"ListItem","position":1,"name":"Portada","item":"https:\/\/impactocastex.com.ar\/"},{"@type":"ListItem","position":2,"name":"El guardaespaldas que fue mucho m\u00e1s: Bill Bray, el \u201csegundo padre\u201d de Michael Jackson revive en la nueva biopic"}]},{"@type":"WebSite","@id":"https:\/\/impactocastex.com.ar\/#website","url":"https:\/\/impactocastex.com.ar\/","name":"Impacto Castex","description":"","publisher":{"@id":"https:\/\/impactocastex.com.ar\/#organization"},"potentialAction":[{"@type":"SearchAction","target":{"@type":"EntryPoint","urlTemplate":"https:\/\/impactocastex.com.ar\/?s={search_term_string}"},"query-input":{"@type":"PropertyValueSpecification","valueRequired":true,"valueName":"search_term_string"}}],"inLanguage":"es"},{"@type":"Organization","@id":"https:\/\/impactocastex.com.ar\/#organization","name":"Impacto Castex","url":"https:\/\/impactocastex.com.ar\/","logo":{"@type":"ImageObject","inLanguage":"es","@id":"https:\/\/impactocastex.com.ar\/#\/schema\/logo\/image\/","url":"https:\/\/impactocastex.com.ar\/wp-content\/uploads\/2025\/09\/cropped-icoweb.png","contentUrl":"https:\/\/impactocastex.com.ar\/wp-content\/uploads\/2025\/09\/cropped-icoweb.png","width":512,"height":512,"caption":"Impacto Castex"},"image":{"@id":"https:\/\/impactocastex.com.ar\/#\/schema\/logo\/image\/"},"sameAs":["https:\/\/www.facebook.com\/impactocastexdiario","https:\/\/www.instagram.com\/impactocastex.com.ar\/"]},{"@type":"Person","@id":"https:\/\/impactocastex.com.ar\/#\/schema\/person\/86cb4f827fb5f87869a239b98a69c6e3","name":"impactocastex","image":{"@type":"ImageObject","inLanguage":"es","@id":"https:\/\/secure.gravatar.com\/avatar\/9a87ee051ca8c77f5d4070843ce2c78cdf95b858b950fb039151de955122f5f5?s=96&d=mm&r=g","url":"https:\/\/secure.gravatar.com\/avatar\/9a87ee051ca8c77f5d4070843ce2c78cdf95b858b950fb039151de955122f5f5?s=96&d=mm&r=g","contentUrl":"https:\/\/secure.gravatar.com\/avatar\/9a87ee051ca8c77f5d4070843ce2c78cdf95b858b950fb039151de955122f5f5?s=96&d=mm&r=g","caption":"impactocastex"},"sameAs":["https:\/\/impactocastex.com.ar"],"url":"https:\/\/impactocastex.com.ar\/?author=1"}]}},"jetpack_publicize_connections":[],"featured_image_urls":{"full":["https:\/\/impactocastex.com.ar\/wp-content\/uploads\/2026\/04\/4tXC0dslz_1200x630__1-6HzFn9.jpg",1200,630,false],"thumbnail":["https:\/\/impactocastex.com.ar\/wp-content\/uploads\/2026\/04\/4tXC0dslz_1200x630__1-6HzFn9-150x150.jpg",150,150,true],"medium":["https:\/\/impactocastex.com.ar\/wp-content\/uploads\/2026\/04\/4tXC0dslz_1200x630__1-6HzFn9-300x158.jpg",300,158,true],"medium_large":["https:\/\/impactocastex.com.ar\/wp-content\/uploads\/2026\/04\/4tXC0dslz_1200x630__1-6HzFn9-768x403.jpg",640,336,true],"large":["https:\/\/impactocastex.com.ar\/wp-content\/uploads\/2026\/04\/4tXC0dslz_1200x630__1-6HzFn9-1024x538.jpg",640,336,true],"1536x1536":["https:\/\/impactocastex.com.ar\/wp-content\/uploads\/2026\/04\/4tXC0dslz_1200x630__1-6HzFn9.jpg",1200,630,false],"2048x2048":["https:\/\/impactocastex.com.ar\/wp-content\/uploads\/2026\/04\/4tXC0dslz_1200x630__1-6HzFn9.jpg",1200,630,false],"newsever-slider-full":["https:\/\/impactocastex.com.ar\/wp-content\/uploads\/2026\/04\/4tXC0dslz_1200x630__1-6HzFn9.jpg",1200,630,false],"newsever-featured":["https:\/\/impactocastex.com.ar\/wp-content\/uploads\/2026\/04\/4tXC0dslz_1200x630__1-6HzFn9-1024x538.jpg",1024,538,true],"newsever-medium":["https:\/\/impactocastex.com.ar\/wp-content\/uploads\/2026\/04\/4tXC0dslz_1200x630__1-6HzFn9-720x475.jpg",720,475,true]},"author_info":{"info":["impactocastex"]},"category_info":"<a href=\"https:\/\/impactocastex.com.ar\/?cat=88\" rel=\"category\">ESPECTACULOS<\/a>","tag_info":"ESPECTACULOS","comment_count":0,"jetpack_featured_media_url":"https:\/\/impactocastex.com.ar\/wp-content\/uploads\/2026\/04\/4tXC0dslz_1200x630__1-6HzFn9.jpg","jetpack_sharing_enabled":true,"jetpack_likes_enabled":true,"jetpack_shortlink":"https:\/\/wp.me\/p7sopA-4js","_links":{"self":[{"href":"https:\/\/impactocastex.com.ar\/index.php?rest_route=\/wp\/v2\/posts\/16582","targetHints":{"allow":["GET"]}}],"collection":[{"href":"https:\/\/impactocastex.com.ar\/index.php?rest_route=\/wp\/v2\/posts"}],"about":[{"href":"https:\/\/impactocastex.com.ar\/index.php?rest_route=\/wp\/v2\/types\/post"}],"author":[{"embeddable":true,"href":"https:\/\/impactocastex.com.ar\/index.php?rest_route=\/wp\/v2\/users\/1"}],"replies":[{"embeddable":true,"href":"https:\/\/impactocastex.com.ar\/index.php?rest_route=%2Fwp%2Fv2%2Fcomments&post=16582"}],"version-history":[{"count":0,"href":"https:\/\/impactocastex.com.ar\/index.php?rest_route=\/wp\/v2\/posts\/16582\/revisions"}],"wp:featuredmedia":[{"embeddable":true,"href":"https:\/\/impactocastex.com.ar\/index.php?rest_route=\/wp\/v2\/media\/16583"}],"wp:attachment":[{"href":"https:\/\/impactocastex.com.ar\/index.php?rest_route=%2Fwp%2Fv2%2Fmedia&parent=16582"}],"wp:term":[{"taxonomy":"category","embeddable":true,"href":"https:\/\/impactocastex.com.ar\/index.php?rest_route=%2Fwp%2Fv2%2Fcategories&post=16582"},{"taxonomy":"post_tag","embeddable":true,"href":"https:\/\/impactocastex.com.ar\/index.php?rest_route=%2Fwp%2Fv2%2Ftags&post=16582"}],"curies":[{"name":"wp","href":"https:\/\/api.w.org\/{rel}","templated":true}]}}