{"id":16580,"date":"2026-04-27T10:21:52","date_gmt":"2026-04-27T13:21:52","guid":{"rendered":"https:\/\/impactocastex.com.ar\/?p=16580"},"modified":"2026-04-27T10:21:52","modified_gmt":"2026-04-27T13:21:52","slug":"la-brutal-agresion-de-esteban-andrada-a-un-rival-en-la-segunda-division-de-espana","status":"publish","type":"post","link":"https:\/\/impactocastex.com.ar\/?p=16580","title":{"rendered":"La brutal agresi\u00f3n de Esteban Andrada a un rival en la segunda divisi\u00f3n de Espa\u00f1a"},"content":{"rendered":"<p>Los medios espa\u00f1oles hablan de \u201ctangana hist\u00f3rica\u201d en referencia al descontrol y las agresiones que desvirtuaron el final del derbi aragon\u00e9s que <b>Huesca le gan\u00f3 1-0 a Zaragoza,<\/b> por la<b> segunda divisi\u00f3n de Espa\u00f1a.<\/b> De los tres expulsados, el mayor repudio se lo llev\u00f3 el <b>argentino Esteban Andrada,<\/b> arquero de Zaragoza, que tras ser expulsado por doble amonestaci\u00f3n sali\u00f3 corriendo y <b>le peg\u00f3 un violento golpe de pu\u00f1o y con el antebrazo a Jorge Pulido<\/b> <b>-lateral de Huesca- en el rostro.<\/b><\/p>\n<p>Ambos equipos est\u00e1n en puestos de descenso y el partido se disput\u00f3 bajo un clima caliente. Sielva, de penal a los 19 minutos del segundo tiempo, marc\u00f3 el gol del triunfo de Huesca.<b> Andrada le hab\u00eda atajado un penal a Sielva a los 7 minutos de la primera etapa.<\/b> Despu\u00e9s de la contenci\u00f3n se produjeron los primeros encontronazos, con empujones y Pulido cayendo al piso.<\/p>\n<p><img loading=\"lazy\" decoding=\"async\" src=\"https:\/\/resizer.glanacion.com\/resizer\/v2\/FIFHTJDNMRBI3ATXP4EH3C4DHY.JPG?auth=549fb30becfd8a75b41c4251e635c073d46b0dedad134ca4ba22927957fe25be&amp;smart=true&amp;width=2000&amp;height=1333\" alt=\"El impacto de Andrada en el rostro de Pulido\" height=\"1333\" width=\"2000\" \/><\/p>\n<p>El exguardavalla de Lan\u00fas y Boca hab\u00eda recibido la primera amonestaci\u00f3n por protestar en el segundo penal a favor de Huesca. Con la derrota, Zaragoza retroced\u00eda al pen\u00faltimo puesto, que ocupaba Huesca, ahora 19\u00b0, a dos puntos de la salvaci\u00f3n. <\/p>\n<p>Cerca del final, en el estadio El Alcoraz se respiraba un clima de tensi\u00f3n. Se disputaba el sexto de los siete minutos adicionados cuando Andrada quiso jugar r\u00e1pido un tiro libre desde la l\u00ednea central para poner la pelota en el \u00e1rea rival, donde Luna, futbolista de Huesca, cay\u00f3 por un golpe de Tasende. Advertido por el VAR, el \u00e1rbitro impidi\u00f3 que Andrada ejecutara el tiro libre para ir a revisar la agresi\u00f3n en el monitor. <\/p>\n<p>En ese momento, <b>Pulido se acerca al sector del VAR y le dice algo a Andrada, que responde con un empuj\u00f3n <\/b>al apoyarle las manos en el pecho. Por esa incorrecci\u00f3n sum\u00f3 la segunda amarilla y la expulsi\u00f3n. <b>Andrada reaccion\u00f3 hecho una furia<\/b> y lo fue a buscar directamente a Pulido, que no lleg\u00f3 a defenderse cuando el argentino le solt\u00f3 un violento pu\u00f1etazo que lo volte\u00f3.<\/p>\n<p>Se arm\u00f3 un tremendo revuelo, con Andrada siendo sujetado por rivales y compa\u00f1eros, mientras se suced\u00edan las corridas y las recriminaciones. En los amontonamientos, Andrada recibi\u00f3 un golpe de pu\u00f1o de su colega de Huesca, <b>Dani Jim\u00e9nez,<\/b> tambi\u00e9n expulsado. Reci\u00e9n cuando se apaciguaron los \u00e1nimos, el arquero argentino se meti\u00f3 en el vestuario. <\/p>\n<blockquote class=\"twitter-tweet\">\n<p lang=\"es\" dir=\"ltr\">Dani Jim\u00e9nez, arquero del Huesca, tambi\u00e9n fue EXPULSADO por devolverle LA PI\u00d1A a Esteban Andrada.<\/p>\n<p>Incre\u00edble tangana en el ascenso de Espa\u00f1a. \ud83d\ude33\ud83c\uddea\ud83c\uddf8  <a href=\"https:\/\/t.co\/RwlfYE0aUj\">pic.twitter.com\/RwlfYE0aUj<\/a> <a href=\"https:\/\/t.co\/MnEZpTzool\">https:\/\/t.co\/MnEZpTzool<\/a><\/p>\n<p>\u2014 Ataque Futbolero (@AtaqueFutbolero) <a href=\"https:\/\/twitter.com\/AtaqueFutbolero\/status\/2048506225378140187?ref_src=twsrc%5Etfw\">April 26, 2026<\/a><\/p><\/blockquote>\n<p>Casi dos horas despu\u00e9s de los incidentes, llegado el momento de la reflexi\u00f3n y con el fin de atenuar la fuerte suspensi\u00f3n a la que se expone, Andrada hizo acto de contrici\u00f3n: <b>\u201cEstoy muy arrepentido, <\/b>no es una buena imagen para el club ni su gente. A lo largo de mi carrera solo tuve una expulsi\u00f3n, por tocar la pelota con la mano fuera del \u00e1rea. [Lo de hoy] fue una situaci\u00f3n l\u00edmite, me sal\u00ed de contexto. Estoy arrepentido, no lo volver\u00eda a hacer. Soy una persona p\u00fablica y un profesional con muchos a\u00f1os de carrera.<b> Le pido disculpas a Jorge Pulido,<\/b> fue un acto en el que me desconect\u00e9 en ese momento. Estoy para aceptar las consecuencias y las explicaciones que me pueda pedir la Liga\u00bb. <\/p>\n<p>Institucionalmente,<b> Zaragoza emiti\u00f3 un comunicado en el que condena <\/b>los incidentes y <b>se reserva el derecho a tomar medidas contra Andrada, <\/b>independientemente de la suspensi\u00f3n que reciba de la Liga: \u201cEstos hechos no representan los valores del Real Zaragoza ni del zaragocismo, que a lo largo de su historia se ha caracterizado por la nobleza, el valor y el respeto al rival. Desde el club condenamos rotundamente lo sucedido en esa acci\u00f3n que ha manchado de manera inaceptable un partido de f\u00fatbol de especial trascendencia para nuestra regi\u00f3n, algo que resulta inadmisible. <b>Respecto a nuestro jugador Esteban Andrada, el club analizar\u00e1 los hechos acaecidos y tomar\u00e1 las medidas disciplinarias pertinentes\u00bb. <\/b><\/p>\n<blockquote class=\"twitter-tweet\">\n<p lang=\"es\" dir=\"ltr\">\u00abESTOY MUY ARREPENTIDO Y NO LO VOLVER\u00cdA A HACER. TAMBI\u00c9N PEDIRLE DISCULPAS A JORGE PULIDO, PORQUE SOMOS COLEGAS\u00bb<\/p>\n<p>\ud83d\ude31 Sabandija Andrada declar\u00f3 luego de su incre\u00edble trompada y expulsi\u00f3n en Zaragoza vs. Huesca, por la Segunda Divisi\u00f3n de Espa\u00f1a <a href=\"https:\/\/t.co\/rtmZPlsuiz\">pic.twitter.com\/rtmZPlsuiz<\/a><\/p>\n<p>\u2014 SportsCenter (@SC_ESPN) <a href=\"https:\/\/twitter.com\/SC_ESPN\/status\/2048517386446237809?ref_src=twsrc%5Etfw\">April 26, 2026<\/a><\/p><\/blockquote>\n<p>Su agresi\u00f3n hizo recordar a la de <b>Flavio Zandon\u00e1 (V\u00e9lez) a Edmundo (Flamengo) <\/b>por la Copa Libertadores, aunque aquella vez el brasile\u00f1o no vio venir al defensor argentino.<\/p>\n<p><b>Francho Serrano,<\/b> capit\u00e1n de Zaragoza, pidi\u00f3 disculpas por la reacci\u00f3n intempestiva de Andrada: \u201cNo s\u00e9 qu\u00e9 ha pasado. <b>Como capit\u00e1n quiero pedir disculpas, Zaragoza no tiene que dar esa imagen nunca\u201d<\/b>. <\/p>\n<p>El entrenador de Huesca, <b>Jos\u00e9 Luis Oltra, <\/b>se refiri\u00f3 al episodio: \u201cEs dif\u00edcil de explicar. Creo que es un cruce de cables en toda regla&#8230; Yo me pongo en la situaci\u00f3n, pero no quiero justificar algo que es injustificable. Yo no sab\u00eda qu\u00e9 hacer, c\u00f3mo parar&#8230; Ha sido feo. Esto deber\u00eda ser una fiesta del f\u00fatbol aragon\u00e9s, con dos equipos necesitados&#8230; Y aunque haya sido un partido feo, con poco f\u00fatbol, hay muchas cosas de las que hablar. Entre los bancos no ha habido nada, hemos saltado a separar, no a generar m\u00e1s tensi\u00f3n\u201d.<\/p>\n<p>Andrada se incorpor\u00f3 en pr\u00e9stamo a Zaragoza a principios de septiembre de 2025. Su pase sigue perteneciendo a Monterrey. En esta temporada disput\u00f3 27 partidos, en los que recibi\u00f3 35 goles y en siete cotejos termin\u00f3 con el arco invicto.<\/p>\n<p><img loading=\"lazy\" decoding=\"async\" src=\"https:\/\/resizer.glanacion.com\/resizer\/v2\/Z34NMKKUIZCCBNUJNM7NGGYYKI.jpg?auth=398e935b2f12d5241a30b73955f0ff72e7684c4f3b81a03cb01e8a8609730dee&amp;smart=true&amp;width=2000&amp;height=1333\" alt=\"Esteban Andrada, despejando con los pu\u00f1os en un supercl\u00e1sico Boca-River\" height=\"1333\" width=\"2000\" \/><\/p>\n<p>De <b>35 a\u00f1os, <\/b>Andrada se <b>form\u00f3 en Lan\u00fas,<\/b> tuvo un paso en pr\u00e9stamo en <b>Arsenal<\/b> y <b>Boca lo contrat\u00f3 en agosto de 2018 por cinco millones de euros<\/b>. Dirigido por Guillermo Barros Schelotto, en ese segundo semestre de 2018 qued\u00f3 al margen de la primera final de la Copa Libertadores contra River porque se recuperaba de una fractura de mand\u00edbula por un cabezazo de Ded\u00e9 (Cruzeiro) en la Bombonera. Ataj\u00f3 en el desquite en Madrid, donde River se impuso 3-1. <\/p>\n<p>Con Boca obtuvo cuatro t\u00edtulos: la Superliga 2019\/20, la Copa Maradona 2020, la Copa Argentina 2020 y la Supercopa Argentina 2018\/19. En julio de 2021, Boca recuper\u00f3 lo invertido con una venta por cinco millones de euros a Monterrey, donde estuvo cuatro temporadas y gan\u00f3 la Concachampions. Tiene <b>cuatro presencias (todos amistosos) en la selecci\u00f3n argentina<\/b> durante 2019, ya en el ciclo de <b>Lionel Scaloni.<\/b><\/p>\n<p>Seguramente su pr\u00e9stamo en Zaragoza tendr\u00e1 un abrupto final porque<b> se especula con que ser\u00e1 suspendido con 10 partidos <\/b>en un torneo al que le quedan cinco fechas.<\/p>\n<p>\u200bEl arquero de Zaragoza reaccion\u00f3 contra un jugador de Huesca tras ser expulsado; recibir\u00e1 una dura sanci\u00f3n\u00a0\u00a0<\/p>","protected":false},"excerpt":{"rendered":"<p>Los medios espa\u00f1oles hablan de \u201ctangana hist\u00f3rica\u201d en referencia al descontrol y las agresiones que&#8230;<\/p>\n","protected":false},"author":1,"featured_media":16581,"comment_status":"closed","ping_status":"closed","sticky":false,"template":"","format":"standard","meta":{"_jetpack_memberships_contains_paid_content":false,"footnotes":"","jetpack_publicize_message":"","jetpack_publicize_feature_enabled":true,"jetpack_social_post_already_shared":true,"jetpack_social_options":{"image_generator_settings":{"template":"highway","default_image_id":0,"font":"","enabled":false},"version":2}},"categories":[89],"tags":[],"class_list":["post-16580","post","type-post","status-publish","format-standard","has-post-thumbnail","hentry","category-nacionales"],"yoast_head":"<!-- This site is optimized with the Yoast SEO plugin v27.4 - https:\/\/yoast.com\/product\/yoast-seo-wordpress\/ -->\n<title>La brutal agresi\u00f3n de Esteban Andrada a un rival en la segunda divisi\u00f3n de Espa\u00f1a -<\/title>\n<meta name=\"robots\" content=\"index, follow, max-snippet:-1, max-image-preview:large, max-video-preview:-1\" \/>\n<link rel=\"canonical\" href=\"https:\/\/impactocastex.com.ar\/?p=16580\" \/>\n<meta property=\"og:locale\" content=\"es_ES\" \/>\n<meta property=\"og:type\" content=\"article\" \/>\n<meta property=\"og:title\" content=\"La brutal agresi\u00f3n de Esteban Andrada a un rival en la segunda divisi\u00f3n de Espa\u00f1a -\" \/>\n<meta property=\"og:description\" content=\"Los medios espa\u00f1oles hablan de \u201ctangana hist\u00f3rica\u201d en referencia al descontrol y las agresiones que...\" \/>\n<meta property=\"og:url\" content=\"https:\/\/impactocastex.com.ar\/?p=16580\" \/>\n<meta property=\"article:publisher\" content=\"https:\/\/www.facebook.com\/impactocastexdiario\" \/>\n<meta property=\"article:published_time\" content=\"2026-04-27T13:21:52+00:00\" \/>\n<meta property=\"og:image\" content=\"https:\/\/resizer.glanacion.com\/resizer\/v2\/FIFHTJDNMRBI3ATXP4EH3C4DHY.JPG?auth=549fb30becfd8a75b41c4251e635c073d46b0dedad134ca4ba22927957fe25be&amp;smart=true&amp;width=2000&amp;height=1333\" \/>\n<meta name=\"author\" content=\"impactocastex\" \/>\n<meta name=\"twitter:card\" content=\"summary_large_image\" \/>\n<meta name=\"twitter:label1\" content=\"Escrito por\" \/>\n\t<meta name=\"twitter:data1\" content=\"impactocastex\" \/>\n\t<meta name=\"twitter:label2\" content=\"Tiempo de lectura\" \/>\n\t<meta name=\"twitter:data2\" content=\"6 minutos\" \/>\n<script type=\"application\/ld+json\" class=\"yoast-schema-graph\">{\"@context\":\"https:\\\/\\\/schema.org\",\"@graph\":[{\"@type\":\"Article\",\"@id\":\"https:\\\/\\\/impactocastex.com.ar\\\/?p=16580#article\",\"isPartOf\":{\"@id\":\"https:\\\/\\\/impactocastex.com.ar\\\/?p=16580\"},\"author\":{\"name\":\"impactocastex\",\"@id\":\"https:\\\/\\\/impactocastex.com.ar\\\/#\\\/schema\\\/person\\\/86cb4f827fb5f87869a239b98a69c6e3\"},\"headline\":\"La brutal agresi\u00f3n de Esteban Andrada a un rival en la segunda divisi\u00f3n de Espa\u00f1a\",\"datePublished\":\"2026-04-27T13:21:52+00:00\",\"mainEntityOfPage\":{\"@id\":\"https:\\\/\\\/impactocastex.com.ar\\\/?p=16580\"},\"wordCount\":1166,\"publisher\":{\"@id\":\"https:\\\/\\\/impactocastex.com.ar\\\/#organization\"},\"image\":{\"@id\":\"https:\\\/\\\/impactocastex.com.ar\\\/?p=16580#primaryimage\"},\"thumbnailUrl\":\"https:\\\/\\\/impactocastex.com.ar\\\/wp-content\\\/uploads\\\/2026\\\/04\\\/PBKVB4MKPZBQLPGMOGLE7TDA6M-GNN1eK.jpg\",\"articleSection\":[\"NACIONALES\"],\"inLanguage\":\"es\"},{\"@type\":\"WebPage\",\"@id\":\"https:\\\/\\\/impactocastex.com.ar\\\/?p=16580\",\"url\":\"https:\\\/\\\/impactocastex.com.ar\\\/?p=16580\",\"name\":\"La brutal agresi\u00f3n de Esteban Andrada a un rival en la segunda divisi\u00f3n de Espa\u00f1a -\",\"isPartOf\":{\"@id\":\"https:\\\/\\\/impactocastex.com.ar\\\/#website\"},\"primaryImageOfPage\":{\"@id\":\"https:\\\/\\\/impactocastex.com.ar\\\/?p=16580#primaryimage\"},\"image\":{\"@id\":\"https:\\\/\\\/impactocastex.com.ar\\\/?p=16580#primaryimage\"},\"thumbnailUrl\":\"https:\\\/\\\/impactocastex.com.ar\\\/wp-content\\\/uploads\\\/2026\\\/04\\\/PBKVB4MKPZBQLPGMOGLE7TDA6M-GNN1eK.jpg\",\"datePublished\":\"2026-04-27T13:21:52+00:00\",\"breadcrumb\":{\"@id\":\"https:\\\/\\\/impactocastex.com.ar\\\/?p=16580#breadcrumb\"},\"inLanguage\":\"es\",\"potentialAction\":[{\"@type\":\"ReadAction\",\"target\":[\"https:\\\/\\\/impactocastex.com.ar\\\/?p=16580\"]}]},{\"@type\":\"ImageObject\",\"inLanguage\":\"es\",\"@id\":\"https:\\\/\\\/impactocastex.com.ar\\\/?p=16580#primaryimage\",\"url\":\"https:\\\/\\\/impactocastex.com.ar\\\/wp-content\\\/uploads\\\/2026\\\/04\\\/PBKVB4MKPZBQLPGMOGLE7TDA6M-GNN1eK.jpg\",\"contentUrl\":\"https:\\\/\\\/impactocastex.com.ar\\\/wp-content\\\/uploads\\\/2026\\\/04\\\/PBKVB4MKPZBQLPGMOGLE7TDA6M-GNN1eK.jpg\",\"width\":2000,\"height\":1333},{\"@type\":\"BreadcrumbList\",\"@id\":\"https:\\\/\\\/impactocastex.com.ar\\\/?p=16580#breadcrumb\",\"itemListElement\":[{\"@type\":\"ListItem\",\"position\":1,\"name\":\"Portada\",\"item\":\"https:\\\/\\\/impactocastex.com.ar\\\/\"},{\"@type\":\"ListItem\",\"position\":2,\"name\":\"La brutal agresi\u00f3n de Esteban Andrada a un rival en la segunda divisi\u00f3n de Espa\u00f1a\"}]},{\"@type\":\"WebSite\",\"@id\":\"https:\\\/\\\/impactocastex.com.ar\\\/#website\",\"url\":\"https:\\\/\\\/impactocastex.com.ar\\\/\",\"name\":\"Impacto Castex\",\"description\":\"\",\"publisher\":{\"@id\":\"https:\\\/\\\/impactocastex.com.ar\\\/#organization\"},\"potentialAction\":[{\"@type\":\"SearchAction\",\"target\":{\"@type\":\"EntryPoint\",\"urlTemplate\":\"https:\\\/\\\/impactocastex.com.ar\\\/?s={search_term_string}\"},\"query-input\":{\"@type\":\"PropertyValueSpecification\",\"valueRequired\":true,\"valueName\":\"search_term_string\"}}],\"inLanguage\":\"es\"},{\"@type\":\"Organization\",\"@id\":\"https:\\\/\\\/impactocastex.com.ar\\\/#organization\",\"name\":\"Impacto Castex\",\"url\":\"https:\\\/\\\/impactocastex.com.ar\\\/\",\"logo\":{\"@type\":\"ImageObject\",\"inLanguage\":\"es\",\"@id\":\"https:\\\/\\\/impactocastex.com.ar\\\/#\\\/schema\\\/logo\\\/image\\\/\",\"url\":\"https:\\\/\\\/impactocastex.com.ar\\\/wp-content\\\/uploads\\\/2025\\\/09\\\/cropped-icoweb.png\",\"contentUrl\":\"https:\\\/\\\/impactocastex.com.ar\\\/wp-content\\\/uploads\\\/2025\\\/09\\\/cropped-icoweb.png\",\"width\":512,\"height\":512,\"caption\":\"Impacto Castex\"},\"image\":{\"@id\":\"https:\\\/\\\/impactocastex.com.ar\\\/#\\\/schema\\\/logo\\\/image\\\/\"},\"sameAs\":[\"https:\\\/\\\/www.facebook.com\\\/impactocastexdiario\",\"https:\\\/\\\/www.instagram.com\\\/impactocastex.com.ar\\\/\"]},{\"@type\":\"Person\",\"@id\":\"https:\\\/\\\/impactocastex.com.ar\\\/#\\\/schema\\\/person\\\/86cb4f827fb5f87869a239b98a69c6e3\",\"name\":\"impactocastex\",\"image\":{\"@type\":\"ImageObject\",\"inLanguage\":\"es\",\"@id\":\"https:\\\/\\\/secure.gravatar.com\\\/avatar\\\/9a87ee051ca8c77f5d4070843ce2c78cdf95b858b950fb039151de955122f5f5?s=96&d=mm&r=g\",\"url\":\"https:\\\/\\\/secure.gravatar.com\\\/avatar\\\/9a87ee051ca8c77f5d4070843ce2c78cdf95b858b950fb039151de955122f5f5?s=96&d=mm&r=g\",\"contentUrl\":\"https:\\\/\\\/secure.gravatar.com\\\/avatar\\\/9a87ee051ca8c77f5d4070843ce2c78cdf95b858b950fb039151de955122f5f5?s=96&d=mm&r=g\",\"caption\":\"impactocastex\"},\"sameAs\":[\"https:\\\/\\\/impactocastex.com.ar\"],\"url\":\"https:\\\/\\\/impactocastex.com.ar\\\/?author=1\"}]}<\/script>\n<!-- \/ Yoast SEO plugin. -->","yoast_head_json":{"title":"La brutal agresi\u00f3n de Esteban Andrada a un rival en la segunda divisi\u00f3n de Espa\u00f1a -","robots":{"index":"index","follow":"follow","max-snippet":"max-snippet:-1","max-image-preview":"max-image-preview:large","max-video-preview":"max-video-preview:-1"},"canonical":"https:\/\/impactocastex.com.ar\/?p=16580","og_locale":"es_ES","og_type":"article","og_title":"La brutal agresi\u00f3n de Esteban Andrada a un rival en la segunda divisi\u00f3n de Espa\u00f1a -","og_description":"Los medios espa\u00f1oles hablan de \u201ctangana hist\u00f3rica\u201d en referencia al descontrol y las agresiones que...","og_url":"https:\/\/impactocastex.com.ar\/?p=16580","article_publisher":"https:\/\/www.facebook.com\/impactocastexdiario","article_published_time":"2026-04-27T13:21:52+00:00","og_image":[{"url":"https:\/\/resizer.glanacion.com\/resizer\/v2\/FIFHTJDNMRBI3ATXP4EH3C4DHY.JPG?auth=549fb30becfd8a75b41c4251e635c073d46b0dedad134ca4ba22927957fe25be&amp;smart=true&amp;width=2000&amp;height=1333","type":"","width":"","height":""}],"author":"impactocastex","twitter_card":"summary_large_image","twitter_misc":{"Escrito por":"impactocastex","Tiempo de lectura":"6 minutos"},"schema":{"@context":"https:\/\/schema.org","@graph":[{"@type":"Article","@id":"https:\/\/impactocastex.com.ar\/?p=16580#article","isPartOf":{"@id":"https:\/\/impactocastex.com.ar\/?p=16580"},"author":{"name":"impactocastex","@id":"https:\/\/impactocastex.com.ar\/#\/schema\/person\/86cb4f827fb5f87869a239b98a69c6e3"},"headline":"La brutal agresi\u00f3n de Esteban Andrada a un rival en la segunda divisi\u00f3n de Espa\u00f1a","datePublished":"2026-04-27T13:21:52+00:00","mainEntityOfPage":{"@id":"https:\/\/impactocastex.com.ar\/?p=16580"},"wordCount":1166,"publisher":{"@id":"https:\/\/impactocastex.com.ar\/#organization"},"image":{"@id":"https:\/\/impactocastex.com.ar\/?p=16580#primaryimage"},"thumbnailUrl":"https:\/\/impactocastex.com.ar\/wp-content\/uploads\/2026\/04\/PBKVB4MKPZBQLPGMOGLE7TDA6M-GNN1eK.jpg","articleSection":["NACIONALES"],"inLanguage":"es"},{"@type":"WebPage","@id":"https:\/\/impactocastex.com.ar\/?p=16580","url":"https:\/\/impactocastex.com.ar\/?p=16580","name":"La brutal agresi\u00f3n de Esteban Andrada a un rival en la segunda divisi\u00f3n de Espa\u00f1a -","isPartOf":{"@id":"https:\/\/impactocastex.com.ar\/#website"},"primaryImageOfPage":{"@id":"https:\/\/impactocastex.com.ar\/?p=16580#primaryimage"},"image":{"@id":"https:\/\/impactocastex.com.ar\/?p=16580#primaryimage"},"thumbnailUrl":"https:\/\/impactocastex.com.ar\/wp-content\/uploads\/2026\/04\/PBKVB4MKPZBQLPGMOGLE7TDA6M-GNN1eK.jpg","datePublished":"2026-04-27T13:21:52+00:00","breadcrumb":{"@id":"https:\/\/impactocastex.com.ar\/?p=16580#breadcrumb"},"inLanguage":"es","potentialAction":[{"@type":"ReadAction","target":["https:\/\/impactocastex.com.ar\/?p=16580"]}]},{"@type":"ImageObject","inLanguage":"es","@id":"https:\/\/impactocastex.com.ar\/?p=16580#primaryimage","url":"https:\/\/impactocastex.com.ar\/wp-content\/uploads\/2026\/04\/PBKVB4MKPZBQLPGMOGLE7TDA6M-GNN1eK.jpg","contentUrl":"https:\/\/impactocastex.com.ar\/wp-content\/uploads\/2026\/04\/PBKVB4MKPZBQLPGMOGLE7TDA6M-GNN1eK.jpg","width":2000,"height":1333},{"@type":"BreadcrumbList","@id":"https:\/\/impactocastex.com.ar\/?p=16580#breadcrumb","itemListElement":[{"@type":"ListItem","position":1,"name":"Portada","item":"https:\/\/impactocastex.com.ar\/"},{"@type":"ListItem","position":2,"name":"La brutal agresi\u00f3n de Esteban Andrada a un rival en la segunda divisi\u00f3n de Espa\u00f1a"}]},{"@type":"WebSite","@id":"https:\/\/impactocastex.com.ar\/#website","url":"https:\/\/impactocastex.com.ar\/","name":"Impacto Castex","description":"","publisher":{"@id":"https:\/\/impactocastex.com.ar\/#organization"},"potentialAction":[{"@type":"SearchAction","target":{"@type":"EntryPoint","urlTemplate":"https:\/\/impactocastex.com.ar\/?s={search_term_string}"},"query-input":{"@type":"PropertyValueSpecification","valueRequired":true,"valueName":"search_term_string"}}],"inLanguage":"es"},{"@type":"Organization","@id":"https:\/\/impactocastex.com.ar\/#organization","name":"Impacto Castex","url":"https:\/\/impactocastex.com.ar\/","logo":{"@type":"ImageObject","inLanguage":"es","@id":"https:\/\/impactocastex.com.ar\/#\/schema\/logo\/image\/","url":"https:\/\/impactocastex.com.ar\/wp-content\/uploads\/2025\/09\/cropped-icoweb.png","contentUrl":"https:\/\/impactocastex.com.ar\/wp-content\/uploads\/2025\/09\/cropped-icoweb.png","width":512,"height":512,"caption":"Impacto Castex"},"image":{"@id":"https:\/\/impactocastex.com.ar\/#\/schema\/logo\/image\/"},"sameAs":["https:\/\/www.facebook.com\/impactocastexdiario","https:\/\/www.instagram.com\/impactocastex.com.ar\/"]},{"@type":"Person","@id":"https:\/\/impactocastex.com.ar\/#\/schema\/person\/86cb4f827fb5f87869a239b98a69c6e3","name":"impactocastex","image":{"@type":"ImageObject","inLanguage":"es","@id":"https:\/\/secure.gravatar.com\/avatar\/9a87ee051ca8c77f5d4070843ce2c78cdf95b858b950fb039151de955122f5f5?s=96&d=mm&r=g","url":"https:\/\/secure.gravatar.com\/avatar\/9a87ee051ca8c77f5d4070843ce2c78cdf95b858b950fb039151de955122f5f5?s=96&d=mm&r=g","contentUrl":"https:\/\/secure.gravatar.com\/avatar\/9a87ee051ca8c77f5d4070843ce2c78cdf95b858b950fb039151de955122f5f5?s=96&d=mm&r=g","caption":"impactocastex"},"sameAs":["https:\/\/impactocastex.com.ar"],"url":"https:\/\/impactocastex.com.ar\/?author=1"}]}},"jetpack_publicize_connections":[],"featured_image_urls":{"full":["https:\/\/impactocastex.com.ar\/wp-content\/uploads\/2026\/04\/PBKVB4MKPZBQLPGMOGLE7TDA6M-GNN1eK.jpg",2000,1333,false],"thumbnail":["https:\/\/impactocastex.com.ar\/wp-content\/uploads\/2026\/04\/PBKVB4MKPZBQLPGMOGLE7TDA6M-GNN1eK-150x150.jpg",150,150,true],"medium":["https:\/\/impactocastex.com.ar\/wp-content\/uploads\/2026\/04\/PBKVB4MKPZBQLPGMOGLE7TDA6M-GNN1eK-300x200.jpg",300,200,true],"medium_large":["https:\/\/impactocastex.com.ar\/wp-content\/uploads\/2026\/04\/PBKVB4MKPZBQLPGMOGLE7TDA6M-GNN1eK-768x512.jpg",640,427,true],"large":["https:\/\/impactocastex.com.ar\/wp-content\/uploads\/2026\/04\/PBKVB4MKPZBQLPGMOGLE7TDA6M-GNN1eK-1024x682.jpg",640,426,true],"1536x1536":["https:\/\/impactocastex.com.ar\/wp-content\/uploads\/2026\/04\/PBKVB4MKPZBQLPGMOGLE7TDA6M-GNN1eK-1536x1024.jpg",1536,1024,true],"2048x2048":["https:\/\/impactocastex.com.ar\/wp-content\/uploads\/2026\/04\/PBKVB4MKPZBQLPGMOGLE7TDA6M-GNN1eK.jpg",2000,1333,false],"newsever-slider-full":["https:\/\/impactocastex.com.ar\/wp-content\/uploads\/2026\/04\/PBKVB4MKPZBQLPGMOGLE7TDA6M-GNN1eK-1280x845.jpg",1280,845,true],"newsever-featured":["https:\/\/impactocastex.com.ar\/wp-content\/uploads\/2026\/04\/PBKVB4MKPZBQLPGMOGLE7TDA6M-GNN1eK-1024x682.jpg",1024,682,true],"newsever-medium":["https:\/\/impactocastex.com.ar\/wp-content\/uploads\/2026\/04\/PBKVB4MKPZBQLPGMOGLE7TDA6M-GNN1eK-720x475.jpg",720,475,true]},"author_info":{"info":["impactocastex"]},"category_info":"<a href=\"https:\/\/impactocastex.com.ar\/?cat=89\" rel=\"category\">NACIONALES<\/a>","tag_info":"NACIONALES","comment_count":0,"jetpack_featured_media_url":"https:\/\/impactocastex.com.ar\/wp-content\/uploads\/2026\/04\/PBKVB4MKPZBQLPGMOGLE7TDA6M-GNN1eK.jpg","jetpack_sharing_enabled":true,"jetpack_likes_enabled":true,"jetpack_shortlink":"https:\/\/wp.me\/p7sopA-4jq","_links":{"self":[{"href":"https:\/\/impactocastex.com.ar\/index.php?rest_route=\/wp\/v2\/posts\/16580","targetHints":{"allow":["GET"]}}],"collection":[{"href":"https:\/\/impactocastex.com.ar\/index.php?rest_route=\/wp\/v2\/posts"}],"about":[{"href":"https:\/\/impactocastex.com.ar\/index.php?rest_route=\/wp\/v2\/types\/post"}],"author":[{"embeddable":true,"href":"https:\/\/impactocastex.com.ar\/index.php?rest_route=\/wp\/v2\/users\/1"}],"replies":[{"embeddable":true,"href":"https:\/\/impactocastex.com.ar\/index.php?rest_route=%2Fwp%2Fv2%2Fcomments&post=16580"}],"version-history":[{"count":0,"href":"https:\/\/impactocastex.com.ar\/index.php?rest_route=\/wp\/v2\/posts\/16580\/revisions"}],"wp:featuredmedia":[{"embeddable":true,"href":"https:\/\/impactocastex.com.ar\/index.php?rest_route=\/wp\/v2\/media\/16581"}],"wp:attachment":[{"href":"https:\/\/impactocastex.com.ar\/index.php?rest_route=%2Fwp%2Fv2%2Fmedia&parent=16580"}],"wp:term":[{"taxonomy":"category","embeddable":true,"href":"https:\/\/impactocastex.com.ar\/index.php?rest_route=%2Fwp%2Fv2%2Fcategories&post=16580"},{"taxonomy":"post_tag","embeddable":true,"href":"https:\/\/impactocastex.com.ar\/index.php?rest_route=%2Fwp%2Fv2%2Ftags&post=16580"}],"curies":[{"name":"wp","href":"https:\/\/api.w.org\/{rel}","templated":true}]}}