{"id":16577,"date":"2026-04-27T09:14:05","date_gmt":"2026-04-27T12:14:05","guid":{"rendered":"https:\/\/impactocastex.com.ar\/?p=16577"},"modified":"2026-04-27T09:14:06","modified_gmt":"2026-04-27T12:14:06","slug":"horror-detuvieron-a-un-hombre-acusado-de-abusar-y-embarazar-a-su-hija-de-12-anos","status":"publish","type":"post","link":"https:\/\/impactocastex.com.ar\/?p=16577","title":{"rendered":"HORROR: detuvieron a un hombre acusado de abusar y embarazar a su hija de 12 a\u00f1os"},"content":{"rendered":"\n<p>Un hombre de 39 a\u00f1os fue detenido en&nbsp;Loma Verde, partido bonaerense de Escobar, luego de ser acusado de&nbsp;abusar sexualmente&nbsp;y&nbsp;embarazar a su hija de 12 a\u00f1os.<\/p>\n\n\n\n<p>El sospechoso es Fernando Nelson Peruano. El operativo de captura fue realizado por personal de la SubDDI de Escobar, luego de que permaneciera&nbsp;pr\u00f3fugo.<\/p>\n\n\n\n<p>La investigaci\u00f3n empez\u00f3 a partir de la denuncia de la madre de la v\u00edctima. Ella cont\u00f3 que la nena fue a un centro de salud por un&nbsp;malestar f\u00edsico persistente.<\/p>\n\n\n\n<p>Durante la consulta m\u00e9dica, ella revel\u00f3 que hab\u00eda sido&nbsp;v\u00edctima de abusos por parte de su padre, lo que activ\u00f3 de inmediato los protocolos sanitarios y judiciales correspondientes para estos casos.<\/p>\n\n\n\n<p>Los estudios m\u00e9dicos realizados en la instituci\u00f3n de salud confirmaron que la chica&nbsp;cursaba un embarazo de aproximadamente tres meses. Ante esta situaci\u00f3n, la madre formaliz\u00f3 la denuncia penal contra Peruano, quien en ese momento abandon\u00f3 su domicilio particular para evitar ser aprehendido por los polic\u00edas.<\/p>\n\n\n\n<p>La investigaci\u00f3n, que incluy\u00f3 diversas tareas de inteligencia y rastreo, permiti\u00f3&nbsp;localizar el paradero del acusado.&nbsp;Los investigadores determinaron que el hombre estaba escondido en una casa de la zona de&nbsp;Loma Verde, por lo que decidieron llevar adelante una vigilancia encubierta en el per\u00edmetro de la propiedad.<\/p>\n\n\n\n<p>Fuentes policiales indicaron que&nbsp;Peruano pretendi\u00f3 escapar corriendo al notar la presencia de los polic\u00edas, pero fue interceptado a los pocos metros.<\/p>\n\n\n\n<p>Despu\u00e9s de su captura, el detenido fue trasladado a la dependencia policial y puesto a disposici\u00f3n de los magistrados intervinientes.<\/p>\n\n\n\n<p>La causa judicial qued\u00f3 bajo la \u00f3rbita de la Unidad Funcional de Instrucci\u00f3n (UFI) N\u00b0 10 de Escobar, a cargo del fiscal Gonzalo Ferreiros, y cuenta con la intervenci\u00f3n del Juzgado de Garant\u00edas N\u00b0 3. El imputado enfrenta cargos por el delito de&nbsp;abuso sexual con acceso carnal agravado por el v\u00ednculo.<\/p>\n\n\n\n<p>Medios locales confirmaron que los investigadores trabajan de manera articulada diversos organismos especializados en Ni\u00f1ez y G\u00e9nero. La adolescente cuenta con&nbsp;acompa\u00f1amiento psicol\u00f3gico y asesoramiento.<\/p>\n","protected":false},"excerpt":{"rendered":"<p>Un hombre de 39 a\u00f1os fue detenido en&nbsp;Loma Verde, partido bonaerense de Escobar, luego de&#8230;<\/p>\n","protected":false},"author":2,"featured_media":16578,"comment_status":"closed","ping_status":"closed","sticky":false,"template":"","format":"standard","meta":{"_jetpack_memberships_contains_paid_content":false,"footnotes":"","jetpack_publicize_message":"HORROR: detuvieron a un hombre acusado de abusar y embarazar a su hija de 12 a\u00f1os","jetpack_publicize_feature_enabled":true,"jetpack_social_post_already_shared":false,"jetpack_social_options":{"image_generator_settings":{"template":"highway","default_image_id":0,"font":"","enabled":false},"version":2}},"categories":[85],"tags":[],"class_list":["post-16577","post","type-post","status-publish","format-standard","has-post-thumbnail","hentry","category-policiales"],"yoast_head":"<!-- This site is optimized with the Yoast SEO plugin v27.4 - https:\/\/yoast.com\/product\/yoast-seo-wordpress\/ -->\n<title>HORROR: detuvieron a un hombre acusado de abusar y embarazar a su hija de 12 a\u00f1os -<\/title>\n<meta name=\"robots\" content=\"index, follow, max-snippet:-1, max-image-preview:large, max-video-preview:-1\" \/>\n<link rel=\"canonical\" href=\"https:\/\/impactocastex.com.ar\/?p=16577\" \/>\n<meta property=\"og:locale\" content=\"es_ES\" \/>\n<meta property=\"og:type\" content=\"article\" \/>\n<meta property=\"og:title\" content=\"HORROR: detuvieron a un hombre acusado de abusar y embarazar a su hija de 12 a\u00f1os -\" \/>\n<meta property=\"og:description\" content=\"Un hombre de 39 a\u00f1os fue detenido en&nbsp;Loma Verde, partido bonaerense de Escobar, luego de...\" \/>\n<meta property=\"og:url\" content=\"https:\/\/impactocastex.com.ar\/?p=16577\" \/>\n<meta property=\"article:publisher\" content=\"https:\/\/www.facebook.com\/impactocastexdiario\" \/>\n<meta property=\"article:published_time\" content=\"2026-04-27T12:14:05+00:00\" \/>\n<meta property=\"article:modified_time\" content=\"2026-04-27T12:14:06+00:00\" \/>\n<meta property=\"og:image\" content=\"https:\/\/impactocastex.com.ar\/wp-content\/uploads\/2026\/04\/Captura-de-pantalla-2026-04-27-091257.png\" \/>\n\t<meta property=\"og:image:width\" content=\"940\" \/>\n\t<meta property=\"og:image:height\" content=\"538\" \/>\n\t<meta property=\"og:image:type\" content=\"image\/png\" \/>\n<meta name=\"author\" content=\"impactocastex\" \/>\n<meta name=\"twitter:card\" content=\"summary_large_image\" \/>\n<meta name=\"twitter:label1\" content=\"Escrito por\" \/>\n\t<meta name=\"twitter:data1\" content=\"impactocastex\" \/>\n\t<meta name=\"twitter:label2\" content=\"Tiempo de lectura\" \/>\n\t<meta name=\"twitter:data2\" content=\"2 minutos\" \/>\n<script type=\"application\/ld+json\" class=\"yoast-schema-graph\">{\"@context\":\"https:\\\/\\\/schema.org\",\"@graph\":[{\"@type\":\"Article\",\"@id\":\"https:\\\/\\\/impactocastex.com.ar\\\/?p=16577#article\",\"isPartOf\":{\"@id\":\"https:\\\/\\\/impactocastex.com.ar\\\/?p=16577\"},\"author\":{\"name\":\"impactocastex\",\"@id\":\"https:\\\/\\\/impactocastex.com.ar\\\/#\\\/schema\\\/person\\\/c115028fb60f9bf49ce7550894b84ea7\"},\"headline\":\"HORROR: detuvieron a un hombre acusado de abusar y embarazar a su hija de 12 a\u00f1os\",\"datePublished\":\"2026-04-27T12:14:05+00:00\",\"dateModified\":\"2026-04-27T12:14:06+00:00\",\"mainEntityOfPage\":{\"@id\":\"https:\\\/\\\/impactocastex.com.ar\\\/?p=16577\"},\"wordCount\":379,\"publisher\":{\"@id\":\"https:\\\/\\\/impactocastex.com.ar\\\/#organization\"},\"image\":{\"@id\":\"https:\\\/\\\/impactocastex.com.ar\\\/?p=16577#primaryimage\"},\"thumbnailUrl\":\"https:\\\/\\\/impactocastex.com.ar\\\/wp-content\\\/uploads\\\/2026\\\/04\\\/Captura-de-pantalla-2026-04-27-091257.png\",\"articleSection\":[\"POLICIALES\"],\"inLanguage\":\"es\"},{\"@type\":\"WebPage\",\"@id\":\"https:\\\/\\\/impactocastex.com.ar\\\/?p=16577\",\"url\":\"https:\\\/\\\/impactocastex.com.ar\\\/?p=16577\",\"name\":\"HORROR: detuvieron a un hombre acusado de abusar y embarazar a su hija de 12 a\u00f1os -\",\"isPartOf\":{\"@id\":\"https:\\\/\\\/impactocastex.com.ar\\\/#website\"},\"primaryImageOfPage\":{\"@id\":\"https:\\\/\\\/impactocastex.com.ar\\\/?p=16577#primaryimage\"},\"image\":{\"@id\":\"https:\\\/\\\/impactocastex.com.ar\\\/?p=16577#primaryimage\"},\"thumbnailUrl\":\"https:\\\/\\\/impactocastex.com.ar\\\/wp-content\\\/uploads\\\/2026\\\/04\\\/Captura-de-pantalla-2026-04-27-091257.png\",\"datePublished\":\"2026-04-27T12:14:05+00:00\",\"dateModified\":\"2026-04-27T12:14:06+00:00\",\"breadcrumb\":{\"@id\":\"https:\\\/\\\/impactocastex.com.ar\\\/?p=16577#breadcrumb\"},\"inLanguage\":\"es\",\"potentialAction\":[{\"@type\":\"ReadAction\",\"target\":[\"https:\\\/\\\/impactocastex.com.ar\\\/?p=16577\"]}]},{\"@type\":\"ImageObject\",\"inLanguage\":\"es\",\"@id\":\"https:\\\/\\\/impactocastex.com.ar\\\/?p=16577#primaryimage\",\"url\":\"https:\\\/\\\/impactocastex.com.ar\\\/wp-content\\\/uploads\\\/2026\\\/04\\\/Captura-de-pantalla-2026-04-27-091257.png\",\"contentUrl\":\"https:\\\/\\\/impactocastex.com.ar\\\/wp-content\\\/uploads\\\/2026\\\/04\\\/Captura-de-pantalla-2026-04-27-091257.png\",\"width\":940,\"height\":538},{\"@type\":\"BreadcrumbList\",\"@id\":\"https:\\\/\\\/impactocastex.com.ar\\\/?p=16577#breadcrumb\",\"itemListElement\":[{\"@type\":\"ListItem\",\"position\":1,\"name\":\"Portada\",\"item\":\"https:\\\/\\\/impactocastex.com.ar\\\/\"},{\"@type\":\"ListItem\",\"position\":2,\"name\":\"HORROR: detuvieron a un hombre acusado de abusar y embarazar a su hija de 12 a\u00f1os\"}]},{\"@type\":\"WebSite\",\"@id\":\"https:\\\/\\\/impactocastex.com.ar\\\/#website\",\"url\":\"https:\\\/\\\/impactocastex.com.ar\\\/\",\"name\":\"Impacto Castex\",\"description\":\"\",\"publisher\":{\"@id\":\"https:\\\/\\\/impactocastex.com.ar\\\/#organization\"},\"potentialAction\":[{\"@type\":\"SearchAction\",\"target\":{\"@type\":\"EntryPoint\",\"urlTemplate\":\"https:\\\/\\\/impactocastex.com.ar\\\/?s={search_term_string}\"},\"query-input\":{\"@type\":\"PropertyValueSpecification\",\"valueRequired\":true,\"valueName\":\"search_term_string\"}}],\"inLanguage\":\"es\"},{\"@type\":\"Organization\",\"@id\":\"https:\\\/\\\/impactocastex.com.ar\\\/#organization\",\"name\":\"Impacto Castex\",\"url\":\"https:\\\/\\\/impactocastex.com.ar\\\/\",\"logo\":{\"@type\":\"ImageObject\",\"inLanguage\":\"es\",\"@id\":\"https:\\\/\\\/impactocastex.com.ar\\\/#\\\/schema\\\/logo\\\/image\\\/\",\"url\":\"https:\\\/\\\/impactocastex.com.ar\\\/wp-content\\\/uploads\\\/2025\\\/09\\\/cropped-icoweb.png\",\"contentUrl\":\"https:\\\/\\\/impactocastex.com.ar\\\/wp-content\\\/uploads\\\/2025\\\/09\\\/cropped-icoweb.png\",\"width\":512,\"height\":512,\"caption\":\"Impacto Castex\"},\"image\":{\"@id\":\"https:\\\/\\\/impactocastex.com.ar\\\/#\\\/schema\\\/logo\\\/image\\\/\"},\"sameAs\":[\"https:\\\/\\\/www.facebook.com\\\/impactocastexdiario\",\"https:\\\/\\\/www.instagram.com\\\/impactocastex.com.ar\\\/\"]},{\"@type\":\"Person\",\"@id\":\"https:\\\/\\\/impactocastex.com.ar\\\/#\\\/schema\\\/person\\\/c115028fb60f9bf49ce7550894b84ea7\",\"name\":\"impactocastex\",\"image\":{\"@type\":\"ImageObject\",\"inLanguage\":\"es\",\"@id\":\"https:\\\/\\\/secure.gravatar.com\\\/avatar\\\/fee87e7af008f02e9becdc0b5a9fd4a2e79b3918a571edeacb62211704637833?s=96&d=mm&r=g\",\"url\":\"https:\\\/\\\/secure.gravatar.com\\\/avatar\\\/fee87e7af008f02e9becdc0b5a9fd4a2e79b3918a571edeacb62211704637833?s=96&d=mm&r=g\",\"contentUrl\":\"https:\\\/\\\/secure.gravatar.com\\\/avatar\\\/fee87e7af008f02e9becdc0b5a9fd4a2e79b3918a571edeacb62211704637833?s=96&d=mm&r=g\",\"caption\":\"impactocastex\"},\"sameAs\":[\"https:\\\/\\\/impactocastex.com.ar\\\/\"],\"url\":\"https:\\\/\\\/impactocastex.com.ar\\\/?author=2\"}]}<\/script>\n<!-- \/ Yoast SEO plugin. -->","yoast_head_json":{"title":"HORROR: detuvieron a un hombre acusado de abusar y embarazar a su hija de 12 a\u00f1os -","robots":{"index":"index","follow":"follow","max-snippet":"max-snippet:-1","max-image-preview":"max-image-preview:large","max-video-preview":"max-video-preview:-1"},"canonical":"https:\/\/impactocastex.com.ar\/?p=16577","og_locale":"es_ES","og_type":"article","og_title":"HORROR: detuvieron a un hombre acusado de abusar y embarazar a su hija de 12 a\u00f1os -","og_description":"Un hombre de 39 a\u00f1os fue detenido en&nbsp;Loma Verde, partido bonaerense de Escobar, luego de...","og_url":"https:\/\/impactocastex.com.ar\/?p=16577","article_publisher":"https:\/\/www.facebook.com\/impactocastexdiario","article_published_time":"2026-04-27T12:14:05+00:00","article_modified_time":"2026-04-27T12:14:06+00:00","og_image":[{"width":940,"height":538,"url":"https:\/\/impactocastex.com.ar\/wp-content\/uploads\/2026\/04\/Captura-de-pantalla-2026-04-27-091257.png","type":"image\/png"}],"author":"impactocastex","twitter_card":"summary_large_image","twitter_misc":{"Escrito por":"impactocastex","Tiempo de lectura":"2 minutos"},"schema":{"@context":"https:\/\/schema.org","@graph":[{"@type":"Article","@id":"https:\/\/impactocastex.com.ar\/?p=16577#article","isPartOf":{"@id":"https:\/\/impactocastex.com.ar\/?p=16577"},"author":{"name":"impactocastex","@id":"https:\/\/impactocastex.com.ar\/#\/schema\/person\/c115028fb60f9bf49ce7550894b84ea7"},"headline":"HORROR: detuvieron a un hombre acusado de abusar y embarazar a su hija de 12 a\u00f1os","datePublished":"2026-04-27T12:14:05+00:00","dateModified":"2026-04-27T12:14:06+00:00","mainEntityOfPage":{"@id":"https:\/\/impactocastex.com.ar\/?p=16577"},"wordCount":379,"publisher":{"@id":"https:\/\/impactocastex.com.ar\/#organization"},"image":{"@id":"https:\/\/impactocastex.com.ar\/?p=16577#primaryimage"},"thumbnailUrl":"https:\/\/impactocastex.com.ar\/wp-content\/uploads\/2026\/04\/Captura-de-pantalla-2026-04-27-091257.png","articleSection":["POLICIALES"],"inLanguage":"es"},{"@type":"WebPage","@id":"https:\/\/impactocastex.com.ar\/?p=16577","url":"https:\/\/impactocastex.com.ar\/?p=16577","name":"HORROR: detuvieron a un hombre acusado de abusar y embarazar a su hija de 12 a\u00f1os -","isPartOf":{"@id":"https:\/\/impactocastex.com.ar\/#website"},"primaryImageOfPage":{"@id":"https:\/\/impactocastex.com.ar\/?p=16577#primaryimage"},"image":{"@id":"https:\/\/impactocastex.com.ar\/?p=16577#primaryimage"},"thumbnailUrl":"https:\/\/impactocastex.com.ar\/wp-content\/uploads\/2026\/04\/Captura-de-pantalla-2026-04-27-091257.png","datePublished":"2026-04-27T12:14:05+00:00","dateModified":"2026-04-27T12:14:06+00:00","breadcrumb":{"@id":"https:\/\/impactocastex.com.ar\/?p=16577#breadcrumb"},"inLanguage":"es","potentialAction":[{"@type":"ReadAction","target":["https:\/\/impactocastex.com.ar\/?p=16577"]}]},{"@type":"ImageObject","inLanguage":"es","@id":"https:\/\/impactocastex.com.ar\/?p=16577#primaryimage","url":"https:\/\/impactocastex.com.ar\/wp-content\/uploads\/2026\/04\/Captura-de-pantalla-2026-04-27-091257.png","contentUrl":"https:\/\/impactocastex.com.ar\/wp-content\/uploads\/2026\/04\/Captura-de-pantalla-2026-04-27-091257.png","width":940,"height":538},{"@type":"BreadcrumbList","@id":"https:\/\/impactocastex.com.ar\/?p=16577#breadcrumb","itemListElement":[{"@type":"ListItem","position":1,"name":"Portada","item":"https:\/\/impactocastex.com.ar\/"},{"@type":"ListItem","position":2,"name":"HORROR: detuvieron a un hombre acusado de abusar y embarazar a su hija de 12 a\u00f1os"}]},{"@type":"WebSite","@id":"https:\/\/impactocastex.com.ar\/#website","url":"https:\/\/impactocastex.com.ar\/","name":"Impacto Castex","description":"","publisher":{"@id":"https:\/\/impactocastex.com.ar\/#organization"},"potentialAction":[{"@type":"SearchAction","target":{"@type":"EntryPoint","urlTemplate":"https:\/\/impactocastex.com.ar\/?s={search_term_string}"},"query-input":{"@type":"PropertyValueSpecification","valueRequired":true,"valueName":"search_term_string"}}],"inLanguage":"es"},{"@type":"Organization","@id":"https:\/\/impactocastex.com.ar\/#organization","name":"Impacto Castex","url":"https:\/\/impactocastex.com.ar\/","logo":{"@type":"ImageObject","inLanguage":"es","@id":"https:\/\/impactocastex.com.ar\/#\/schema\/logo\/image\/","url":"https:\/\/impactocastex.com.ar\/wp-content\/uploads\/2025\/09\/cropped-icoweb.png","contentUrl":"https:\/\/impactocastex.com.ar\/wp-content\/uploads\/2025\/09\/cropped-icoweb.png","width":512,"height":512,"caption":"Impacto Castex"},"image":{"@id":"https:\/\/impactocastex.com.ar\/#\/schema\/logo\/image\/"},"sameAs":["https:\/\/www.facebook.com\/impactocastexdiario","https:\/\/www.instagram.com\/impactocastex.com.ar\/"]},{"@type":"Person","@id":"https:\/\/impactocastex.com.ar\/#\/schema\/person\/c115028fb60f9bf49ce7550894b84ea7","name":"impactocastex","image":{"@type":"ImageObject","inLanguage":"es","@id":"https:\/\/secure.gravatar.com\/avatar\/fee87e7af008f02e9becdc0b5a9fd4a2e79b3918a571edeacb62211704637833?s=96&d=mm&r=g","url":"https:\/\/secure.gravatar.com\/avatar\/fee87e7af008f02e9becdc0b5a9fd4a2e79b3918a571edeacb62211704637833?s=96&d=mm&r=g","contentUrl":"https:\/\/secure.gravatar.com\/avatar\/fee87e7af008f02e9becdc0b5a9fd4a2e79b3918a571edeacb62211704637833?s=96&d=mm&r=g","caption":"impactocastex"},"sameAs":["https:\/\/impactocastex.com.ar\/"],"url":"https:\/\/impactocastex.com.ar\/?author=2"}]}},"jetpack_publicize_connections":[],"featured_image_urls":{"full":["https:\/\/impactocastex.com.ar\/wp-content\/uploads\/2026\/04\/Captura-de-pantalla-2026-04-27-091257.png",940,538,false],"thumbnail":["https:\/\/impactocastex.com.ar\/wp-content\/uploads\/2026\/04\/Captura-de-pantalla-2026-04-27-091257-150x150.png",150,150,true],"medium":["https:\/\/impactocastex.com.ar\/wp-content\/uploads\/2026\/04\/Captura-de-pantalla-2026-04-27-091257-300x172.png",300,172,true],"medium_large":["https:\/\/impactocastex.com.ar\/wp-content\/uploads\/2026\/04\/Captura-de-pantalla-2026-04-27-091257-768x440.png",640,367,true],"large":["https:\/\/impactocastex.com.ar\/wp-content\/uploads\/2026\/04\/Captura-de-pantalla-2026-04-27-091257.png",640,366,false],"1536x1536":["https:\/\/impactocastex.com.ar\/wp-content\/uploads\/2026\/04\/Captura-de-pantalla-2026-04-27-091257.png",940,538,false],"2048x2048":["https:\/\/impactocastex.com.ar\/wp-content\/uploads\/2026\/04\/Captura-de-pantalla-2026-04-27-091257.png",940,538,false],"newsever-slider-full":["https:\/\/impactocastex.com.ar\/wp-content\/uploads\/2026\/04\/Captura-de-pantalla-2026-04-27-091257.png",940,538,false],"newsever-featured":["https:\/\/impactocastex.com.ar\/wp-content\/uploads\/2026\/04\/Captura-de-pantalla-2026-04-27-091257.png",940,538,false],"newsever-medium":["https:\/\/impactocastex.com.ar\/wp-content\/uploads\/2026\/04\/Captura-de-pantalla-2026-04-27-091257-720x475.png",720,475,true]},"author_info":{"info":["impactocastex"]},"category_info":"<a href=\"https:\/\/impactocastex.com.ar\/?cat=85\" rel=\"category\">POLICIALES<\/a>","tag_info":"POLICIALES","comment_count":0,"jetpack_featured_media_url":"https:\/\/impactocastex.com.ar\/wp-content\/uploads\/2026\/04\/Captura-de-pantalla-2026-04-27-091257.png","jetpack_sharing_enabled":true,"jetpack_likes_enabled":true,"jetpack_shortlink":"https:\/\/wp.me\/p7sopA-4jn","_links":{"self":[{"href":"https:\/\/impactocastex.com.ar\/index.php?rest_route=\/wp\/v2\/posts\/16577","targetHints":{"allow":["GET"]}}],"collection":[{"href":"https:\/\/impactocastex.com.ar\/index.php?rest_route=\/wp\/v2\/posts"}],"about":[{"href":"https:\/\/impactocastex.com.ar\/index.php?rest_route=\/wp\/v2\/types\/post"}],"author":[{"embeddable":true,"href":"https:\/\/impactocastex.com.ar\/index.php?rest_route=\/wp\/v2\/users\/2"}],"replies":[{"embeddable":true,"href":"https:\/\/impactocastex.com.ar\/index.php?rest_route=%2Fwp%2Fv2%2Fcomments&post=16577"}],"version-history":[{"count":1,"href":"https:\/\/impactocastex.com.ar\/index.php?rest_route=\/wp\/v2\/posts\/16577\/revisions"}],"predecessor-version":[{"id":16579,"href":"https:\/\/impactocastex.com.ar\/index.php?rest_route=\/wp\/v2\/posts\/16577\/revisions\/16579"}],"wp:featuredmedia":[{"embeddable":true,"href":"https:\/\/impactocastex.com.ar\/index.php?rest_route=\/wp\/v2\/media\/16578"}],"wp:attachment":[{"href":"https:\/\/impactocastex.com.ar\/index.php?rest_route=%2Fwp%2Fv2%2Fmedia&parent=16577"}],"wp:term":[{"taxonomy":"category","embeddable":true,"href":"https:\/\/impactocastex.com.ar\/index.php?rest_route=%2Fwp%2Fv2%2Fcategories&post=16577"},{"taxonomy":"post_tag","embeddable":true,"href":"https:\/\/impactocastex.com.ar\/index.php?rest_route=%2Fwp%2Fv2%2Ftags&post=16577"}],"curies":[{"name":"wp","href":"https:\/\/api.w.org\/{rel}","templated":true}]}}