{"id":16574,"date":"2026-04-27T09:10:31","date_gmt":"2026-04-27T12:10:31","guid":{"rendered":"https:\/\/impactocastex.com.ar\/?p=16574"},"modified":"2026-04-27T09:10:33","modified_gmt":"2026-04-27T12:10:33","slug":"sergio-ziliotto-sin-produccion-y-trabajo-no-hay-futuro-posible-video","status":"publish","type":"post","link":"https:\/\/impactocastex.com.ar\/?p=16574","title":{"rendered":"SERGIO ZILIOTTO: \u00abSin producci\u00f3n y trabajo no hay futuro posible\u201d-Video"},"content":{"rendered":"\n<p><strong>Carlos Etchepare mano a mano con el gobernador de La Pampa<\/strong><\/p>\n\n\n\n<p>En una edici\u00f3n especial de fin de semana de Canal Rural Noticias, el periodista Carlos Etchepare dialog\u00f3 en profundidad con el gobernador de La Pampa, Sergio Ziliotto. La charla abord\u00f3 la actualidad productiva de la provincia, el rol del Estado, la situaci\u00f3n del campo y la relaci\u00f3n con el Gobierno nacional encabezado por Javier Milei.<\/p>\n\n\n\n<figure class=\"wp-block-embed is-type-video is-provider-youtube wp-block-embed-youtube wp-embed-aspect-16-9 wp-has-aspect-ratio\"><div class=\"wp-block-embed__wrapper\">\n<iframe loading=\"lazy\" title=\"SERGIO ZILIOTTO: &quot;Sin producci\u00f3n y trabajo no hay futuro posible\u201d Parte 3\" width=\"640\" height=\"360\" src=\"https:\/\/www.youtube.com\/embed\/6FyxzhTNje8?feature=oembed\" frameborder=\"0\" allow=\"accelerometer; autoplay; clipboard-write; encrypted-media; gyroscope; picture-in-picture; web-share\" referrerpolicy=\"strict-origin-when-cross-origin\" allowfullscreen><\/iframe>\n<\/div><\/figure>\n\n\n\n<p>Una provincia \u201cprevisible y tranquila\u201d<\/p>\n\n\n\n<p>Ziliotto defini\u00f3 a La Pampa como una provincia caracterizada por la estabilidad: \u201cMuchas veces la buena noticia no es noticia\u201d, se\u00f1al\u00f3, remarcando la previsibilidad institucional y su perfil agroganadero.<\/p>\n\n\n\n<p>Durante la semana, adem\u00e1s, se celebr\u00f3 un nuevo aniversario de Santa Rosa, que cumpli\u00f3 134 a\u00f1os, en un contexto que el gobernador describi\u00f3 como de orden y continuidad en las pol\u00edticas p\u00fablicas.<\/p>\n\n\n\n<p>El desaf\u00edo del agro y la sequ\u00eda<\/p>\n\n\n\n<p>En materia productiva, el mandatario reconoci\u00f3 las dificultades que enfrenta el sector agr\u00edcola tras a\u00f1os de sequ\u00eda. Si bien se proyectan buenas cosechas a nivel pa\u00eds, advirti\u00f3 que eso no necesariamente se traduce en recuperaci\u00f3n para los productores.<\/p>\n\n\n\n<p>\u201cEl campo es el motor de la econom\u00eda pampeana, pero necesitamos discutir a nivel nacional su verdadero impacto en la macroeconom\u00eda\u201d, afirm\u00f3.<\/p>\n\n\n\n<figure class=\"wp-block-embed is-type-video is-provider-youtube wp-block-embed-youtube wp-embed-aspect-16-9 wp-has-aspect-ratio\"><div class=\"wp-block-embed__wrapper\">\n<iframe loading=\"lazy\" title=\"SERGIO ZILIOTTO: &quot;Sin producci\u00f3n y trabajo no hay futuro posible\u201d Parte 2\" width=\"640\" height=\"360\" src=\"https:\/\/www.youtube.com\/embed\/Ohuuwo4VYbE?feature=oembed\" frameborder=\"0\" allow=\"accelerometer; autoplay; clipboard-write; encrypted-media; gyroscope; picture-in-picture; web-share\" referrerpolicy=\"strict-origin-when-cross-origin\" allowfullscreen><\/iframe>\n<\/div><\/figure>\n\n\n\n<p>El agua como eje estrat\u00e9gico<\/p>\n\n\n\n<p>Uno de los puntos centrales fue la pol\u00edtica h\u00eddrica. Ziliotto destac\u00f3 la importancia del riego en una provincia semi\u00e1rida y defendi\u00f3 el uso eficiente del recurso:<\/p>\n\n\n\n<p>Prohibici\u00f3n del riego por manto<\/p>\n\n\n\n<p>Impulso al riego por goteo<\/p>\n\n\n\n<p>Desarrollo productivo en zonas como Casa de Piedra<\/p>\n\n\n\n<p>Defensa de los r\u00edos interprovinciales<\/p>\n\n\n\n<p>\u201cLa pelea por el agua es una pelea por la vida y por la producci\u00f3n\u201d, subray\u00f3, recordando la p\u00e9rdida de caudales en r\u00edos como el Atuel y el Salado.<\/p>\n\n\n\n<p>Estado presente y equilibrio fiscal<\/p>\n\n\n\n<p>En un contexto nacional de ajuste, el gobernador defendi\u00f3 el rol del Estado:<br>\u201cTan importante como el mercado es el Estado. No es uno u otro, es una combinaci\u00f3n\u201d.<\/p>\n\n\n\n<figure class=\"wp-block-embed is-type-video is-provider-youtube wp-block-embed-youtube wp-embed-aspect-16-9 wp-has-aspect-ratio\"><div class=\"wp-block-embed__wrapper\">\n<iframe loading=\"lazy\" title=\"SERGIO ZILIOTTO: &quot;Sin producci\u00f3n y trabajo no hay futuro posible\u201d Parte 1\" width=\"640\" height=\"360\" src=\"https:\/\/www.youtube.com\/embed\/1VpXAer77jU?feature=oembed\" frameborder=\"0\" allow=\"accelerometer; autoplay; clipboard-write; encrypted-media; gyroscope; picture-in-picture; web-share\" referrerpolicy=\"strict-origin-when-cross-origin\" allowfullscreen><\/iframe>\n<\/div><\/figure>\n\n\n\n<p>Destac\u00f3 que La Pampa mantiene hist\u00f3ricamente equilibrio fiscal, sin endeudamiento, y con una estructura donde:<\/p>\n\n\n\n<p>El gasto salarial no supera el 40%<\/p>\n\n\n\n<p>Un 20% del presupuesto se destina a impulsar la econom\u00eda<\/p>\n\n\n\n<p>Existen subsidios, cr\u00e9ditos y garant\u00edas para pymes<\/p>\n\n\n\n<p>Menos recursos nacionales, m\u00e1s esfuerzo provincial<\/p>\n\n\n\n<p>Ziliotto reconoci\u00f3 el impacto de la ca\u00edda en la coparticipaci\u00f3n y la paralizaci\u00f3n de la obra p\u00fablica nacional, aunque aclar\u00f3 que afecta a todas las provincias por igual.<\/p>\n\n\n\n<p>\u201cResistimos con orden fiscal y herramientas propias\u201d, explic\u00f3.<\/p>\n\n\n\n<p>Inversiones y energ\u00eda: la apuesta a futuro<\/p>\n\n\n\n<p>Si bien admiti\u00f3 que la inversi\u00f3n a nivel nacional est\u00e1 en m\u00ednimos hist\u00f3ricos, destac\u00f3 avances en energ\u00edas renovables:<\/p>\n\n\n\n<p>Desarrollo de parques solares<\/p>\n\n\n\n<p>Participaci\u00f3n p\u00fablico-privada<\/p>\n\n\n\n<p>Creaci\u00f3n de un mercado el\u00e9ctrico provincial<\/p>\n\n\n\n<p>Promoci\u00f3n de generaci\u00f3n distribuida<\/p>\n\n\n\n<p>\u201cLa energ\u00eda es clave para generar ventajas competitivas\u201d, asegur\u00f3.<\/p>\n\n\n\n<p>Presi\u00f3n impositiva y rol del campo<\/p>\n\n\n\n<p>Sobre los impuestos, Ziliotto defendi\u00f3 el esquema provincial:<\/p>\n\n\n\n<p>Ingresos Brutos:<\/p>\n\n\n\n<p>0,5% para agricultura<\/p>\n\n\n\n<p>0,7% para ganader\u00eda<\/p>\n\n\n\n<p>Carga cero para actividades con valor agregado<\/p>\n\n\n\n<p>Adem\u00e1s, remarc\u00f3 que el 94% de la carga tributaria del sector agropecuario corresponde al Estado nacional.<\/p>\n\n\n\n<p>Cr\u00edticas a pol\u00edticas nacionales<\/p>\n\n\n\n<p>El gobernador plante\u00f3 diferencias con algunas decisiones del Gobierno nacional:<\/p>\n\n\n\n<p>Cuestion\u00f3 la falta de eliminaci\u00f3n de retenciones<\/p>\n\n\n\n<p>Advirti\u00f3 sobre riesgos de \u201cprimarizaci\u00f3n\u201d de la econom\u00eda<\/p>\n\n\n\n<p>Se\u00f1al\u00f3 una apertura de importaciones sin planificaci\u00f3n<\/p>\n\n\n\n<p>Defensa del r\u00edo Colorado y postura ambiental<\/p>\n\n\n\n<p>Ziliotto tambi\u00e9n se refiri\u00f3 a la defensa del R\u00edo Colorado como recurso vital para la provincia:<\/p>\n\n\n\n<p>Abastece al 45% de la poblaci\u00f3n<\/p>\n\n\n\n<p>Es clave para el desarrollo productivo<\/p>\n\n\n\n<p>Forma parte de proyectos de acueductos estrat\u00e9gicos<\/p>\n\n\n\n<p>En ese marco, explic\u00f3 su rechazo a la Ley de Glaciares en ciertos aspectos vinculados al manejo interprovincial del agua.<\/p>\n\n\n\n<p>Pol\u00edtica, crisis de confianza y futuro<\/p>\n\n\n\n<p>Sobre la situaci\u00f3n pol\u00edtica, el mandatario fue claro:<br>\u201cCreo en la buena pol\u00edtica, pero hay ejemplos que han deteriorado la confianza social\u201d.<\/p>\n\n\n\n<p>Reivindic\u00f3 el equilibrio fiscal como principio b\u00e1sico y llam\u00f3 a superar la \u201cArgentina pendular\u201d para construir consensos duraderos.<\/p>\n\n\n\n<p>Cierre<\/p>\n\n\n\n<p>La entrevista dej\u00f3 una radiograf\u00eda completa de la realidad pampeana: una provincia ordenada, con fuerte presencia estatal, enfocada en el desarrollo productivo y con desaf\u00edos estructurales ligados al contexto nacional.<\/p>\n\n\n\n<p>\u201cSin producci\u00f3n y trabajo no hay futuro posible\u201d, concluy\u00f3 Ziliotto.<\/p>\n\n\n\n<p>Fuente ; Canal Rural de Noticias<\/p>\n","protected":false},"excerpt":{"rendered":"<p>Carlos Etchepare mano a mano con el gobernador de La Pampa En una edici\u00f3n especial&#8230;<\/p>\n","protected":false},"author":2,"featured_media":16575,"comment_status":"closed","ping_status":"closed","sticky":false,"template":"","format":"standard","meta":{"_jetpack_memberships_contains_paid_content":false,"footnotes":"","jetpack_publicize_message":"SERGIO ZILIOTTO: \"Sin producci\u00f3n y trabajo no hay futuro posible\u201d-Video","jetpack_publicize_feature_enabled":true,"jetpack_social_post_already_shared":false,"jetpack_social_options":{"image_generator_settings":{"template":"highway","default_image_id":0,"font":"","enabled":false},"version":2}},"categories":[83,122],"tags":[],"class_list":["post-16574","post","type-post","status-publish","format-standard","has-post-thumbnail","hentry","category-la-pampa","category-politica"],"yoast_head":"<!-- This site is optimized with the Yoast SEO plugin v27.4 - https:\/\/yoast.com\/product\/yoast-seo-wordpress\/ -->\n<title>SERGIO ZILIOTTO: &quot;Sin producci\u00f3n y trabajo no hay futuro posible\u201d-Video -<\/title>\n<meta name=\"robots\" content=\"index, follow, max-snippet:-1, max-image-preview:large, max-video-preview:-1\" \/>\n<link rel=\"canonical\" href=\"https:\/\/impactocastex.com.ar\/?p=16574\" \/>\n<meta property=\"og:locale\" content=\"es_ES\" \/>\n<meta property=\"og:type\" content=\"article\" \/>\n<meta property=\"og:title\" content=\"SERGIO ZILIOTTO: &quot;Sin producci\u00f3n y trabajo no hay futuro posible\u201d-Video -\" \/>\n<meta property=\"og:description\" content=\"Carlos Etchepare mano a mano con el gobernador de La Pampa En una edici\u00f3n especial...\" \/>\n<meta property=\"og:url\" content=\"https:\/\/impactocastex.com.ar\/?p=16574\" \/>\n<meta property=\"article:publisher\" content=\"https:\/\/www.facebook.com\/impactocastexdiario\" \/>\n<meta property=\"article:published_time\" content=\"2026-04-27T12:10:31+00:00\" \/>\n<meta property=\"article:modified_time\" content=\"2026-04-27T12:10:33+00:00\" \/>\n<meta property=\"og:image\" content=\"https:\/\/impactocastex.com.ar\/wp-content\/uploads\/2026\/04\/Captura-de-pantalla-2026-04-27-090836.png\" \/>\n\t<meta property=\"og:image:width\" content=\"941\" \/>\n\t<meta property=\"og:image:height\" content=\"534\" \/>\n\t<meta property=\"og:image:type\" content=\"image\/png\" \/>\n<meta name=\"author\" content=\"impactocastex\" \/>\n<meta name=\"twitter:card\" content=\"summary_large_image\" \/>\n<meta name=\"twitter:label1\" content=\"Escrito por\" \/>\n\t<meta name=\"twitter:data1\" content=\"impactocastex\" \/>\n\t<meta name=\"twitter:label2\" content=\"Tiempo de lectura\" \/>\n\t<meta name=\"twitter:data2\" content=\"4 minutos\" \/>\n<script type=\"application\/ld+json\" class=\"yoast-schema-graph\">{\"@context\":\"https:\\\/\\\/schema.org\",\"@graph\":[{\"@type\":\"Article\",\"@id\":\"https:\\\/\\\/impactocastex.com.ar\\\/?p=16574#article\",\"isPartOf\":{\"@id\":\"https:\\\/\\\/impactocastex.com.ar\\\/?p=16574\"},\"author\":{\"name\":\"impactocastex\",\"@id\":\"https:\\\/\\\/impactocastex.com.ar\\\/#\\\/schema\\\/person\\\/c115028fb60f9bf49ce7550894b84ea7\"},\"headline\":\"SERGIO ZILIOTTO: \u00abSin producci\u00f3n y trabajo no hay futuro posible\u201d-Video\",\"datePublished\":\"2026-04-27T12:10:31+00:00\",\"dateModified\":\"2026-04-27T12:10:33+00:00\",\"mainEntityOfPage\":{\"@id\":\"https:\\\/\\\/impactocastex.com.ar\\\/?p=16574\"},\"wordCount\":781,\"publisher\":{\"@id\":\"https:\\\/\\\/impactocastex.com.ar\\\/#organization\"},\"image\":{\"@id\":\"https:\\\/\\\/impactocastex.com.ar\\\/?p=16574#primaryimage\"},\"thumbnailUrl\":\"https:\\\/\\\/impactocastex.com.ar\\\/wp-content\\\/uploads\\\/2026\\\/04\\\/Captura-de-pantalla-2026-04-27-090836.png\",\"articleSection\":[\"LA PAMPA\",\"POLITICA\"],\"inLanguage\":\"es\"},{\"@type\":\"WebPage\",\"@id\":\"https:\\\/\\\/impactocastex.com.ar\\\/?p=16574\",\"url\":\"https:\\\/\\\/impactocastex.com.ar\\\/?p=16574\",\"name\":\"SERGIO ZILIOTTO: \\\"Sin producci\u00f3n y trabajo no hay futuro posible\u201d-Video -\",\"isPartOf\":{\"@id\":\"https:\\\/\\\/impactocastex.com.ar\\\/#website\"},\"primaryImageOfPage\":{\"@id\":\"https:\\\/\\\/impactocastex.com.ar\\\/?p=16574#primaryimage\"},\"image\":{\"@id\":\"https:\\\/\\\/impactocastex.com.ar\\\/?p=16574#primaryimage\"},\"thumbnailUrl\":\"https:\\\/\\\/impactocastex.com.ar\\\/wp-content\\\/uploads\\\/2026\\\/04\\\/Captura-de-pantalla-2026-04-27-090836.png\",\"datePublished\":\"2026-04-27T12:10:31+00:00\",\"dateModified\":\"2026-04-27T12:10:33+00:00\",\"breadcrumb\":{\"@id\":\"https:\\\/\\\/impactocastex.com.ar\\\/?p=16574#breadcrumb\"},\"inLanguage\":\"es\",\"potentialAction\":[{\"@type\":\"ReadAction\",\"target\":[\"https:\\\/\\\/impactocastex.com.ar\\\/?p=16574\"]}]},{\"@type\":\"ImageObject\",\"inLanguage\":\"es\",\"@id\":\"https:\\\/\\\/impactocastex.com.ar\\\/?p=16574#primaryimage\",\"url\":\"https:\\\/\\\/impactocastex.com.ar\\\/wp-content\\\/uploads\\\/2026\\\/04\\\/Captura-de-pantalla-2026-04-27-090836.png\",\"contentUrl\":\"https:\\\/\\\/impactocastex.com.ar\\\/wp-content\\\/uploads\\\/2026\\\/04\\\/Captura-de-pantalla-2026-04-27-090836.png\",\"width\":941,\"height\":534},{\"@type\":\"BreadcrumbList\",\"@id\":\"https:\\\/\\\/impactocastex.com.ar\\\/?p=16574#breadcrumb\",\"itemListElement\":[{\"@type\":\"ListItem\",\"position\":1,\"name\":\"Portada\",\"item\":\"https:\\\/\\\/impactocastex.com.ar\\\/\"},{\"@type\":\"ListItem\",\"position\":2,\"name\":\"SERGIO ZILIOTTO: &#8220;Sin producci\u00f3n y trabajo no hay futuro posible\u201d-Video\"}]},{\"@type\":\"WebSite\",\"@id\":\"https:\\\/\\\/impactocastex.com.ar\\\/#website\",\"url\":\"https:\\\/\\\/impactocastex.com.ar\\\/\",\"name\":\"Impacto Castex\",\"description\":\"\",\"publisher\":{\"@id\":\"https:\\\/\\\/impactocastex.com.ar\\\/#organization\"},\"potentialAction\":[{\"@type\":\"SearchAction\",\"target\":{\"@type\":\"EntryPoint\",\"urlTemplate\":\"https:\\\/\\\/impactocastex.com.ar\\\/?s={search_term_string}\"},\"query-input\":{\"@type\":\"PropertyValueSpecification\",\"valueRequired\":true,\"valueName\":\"search_term_string\"}}],\"inLanguage\":\"es\"},{\"@type\":\"Organization\",\"@id\":\"https:\\\/\\\/impactocastex.com.ar\\\/#organization\",\"name\":\"Impacto Castex\",\"url\":\"https:\\\/\\\/impactocastex.com.ar\\\/\",\"logo\":{\"@type\":\"ImageObject\",\"inLanguage\":\"es\",\"@id\":\"https:\\\/\\\/impactocastex.com.ar\\\/#\\\/schema\\\/logo\\\/image\\\/\",\"url\":\"https:\\\/\\\/impactocastex.com.ar\\\/wp-content\\\/uploads\\\/2025\\\/09\\\/cropped-icoweb.png\",\"contentUrl\":\"https:\\\/\\\/impactocastex.com.ar\\\/wp-content\\\/uploads\\\/2025\\\/09\\\/cropped-icoweb.png\",\"width\":512,\"height\":512,\"caption\":\"Impacto Castex\"},\"image\":{\"@id\":\"https:\\\/\\\/impactocastex.com.ar\\\/#\\\/schema\\\/logo\\\/image\\\/\"},\"sameAs\":[\"https:\\\/\\\/www.facebook.com\\\/impactocastexdiario\",\"https:\\\/\\\/www.instagram.com\\\/impactocastex.com.ar\\\/\"]},{\"@type\":\"Person\",\"@id\":\"https:\\\/\\\/impactocastex.com.ar\\\/#\\\/schema\\\/person\\\/c115028fb60f9bf49ce7550894b84ea7\",\"name\":\"impactocastex\",\"image\":{\"@type\":\"ImageObject\",\"inLanguage\":\"es\",\"@id\":\"https:\\\/\\\/secure.gravatar.com\\\/avatar\\\/fee87e7af008f02e9becdc0b5a9fd4a2e79b3918a571edeacb62211704637833?s=96&d=mm&r=g\",\"url\":\"https:\\\/\\\/secure.gravatar.com\\\/avatar\\\/fee87e7af008f02e9becdc0b5a9fd4a2e79b3918a571edeacb62211704637833?s=96&d=mm&r=g\",\"contentUrl\":\"https:\\\/\\\/secure.gravatar.com\\\/avatar\\\/fee87e7af008f02e9becdc0b5a9fd4a2e79b3918a571edeacb62211704637833?s=96&d=mm&r=g\",\"caption\":\"impactocastex\"},\"sameAs\":[\"https:\\\/\\\/impactocastex.com.ar\\\/\"],\"url\":\"https:\\\/\\\/impactocastex.com.ar\\\/?author=2\"}]}<\/script>\n<!-- \/ Yoast SEO plugin. -->","yoast_head_json":{"title":"SERGIO ZILIOTTO: \"Sin producci\u00f3n y trabajo no hay futuro posible\u201d-Video -","robots":{"index":"index","follow":"follow","max-snippet":"max-snippet:-1","max-image-preview":"max-image-preview:large","max-video-preview":"max-video-preview:-1"},"canonical":"https:\/\/impactocastex.com.ar\/?p=16574","og_locale":"es_ES","og_type":"article","og_title":"SERGIO ZILIOTTO: \"Sin producci\u00f3n y trabajo no hay futuro posible\u201d-Video -","og_description":"Carlos Etchepare mano a mano con el gobernador de La Pampa En una edici\u00f3n especial...","og_url":"https:\/\/impactocastex.com.ar\/?p=16574","article_publisher":"https:\/\/www.facebook.com\/impactocastexdiario","article_published_time":"2026-04-27T12:10:31+00:00","article_modified_time":"2026-04-27T12:10:33+00:00","og_image":[{"width":941,"height":534,"url":"https:\/\/impactocastex.com.ar\/wp-content\/uploads\/2026\/04\/Captura-de-pantalla-2026-04-27-090836.png","type":"image\/png"}],"author":"impactocastex","twitter_card":"summary_large_image","twitter_misc":{"Escrito por":"impactocastex","Tiempo de lectura":"4 minutos"},"schema":{"@context":"https:\/\/schema.org","@graph":[{"@type":"Article","@id":"https:\/\/impactocastex.com.ar\/?p=16574#article","isPartOf":{"@id":"https:\/\/impactocastex.com.ar\/?p=16574"},"author":{"name":"impactocastex","@id":"https:\/\/impactocastex.com.ar\/#\/schema\/person\/c115028fb60f9bf49ce7550894b84ea7"},"headline":"SERGIO ZILIOTTO: \u00abSin producci\u00f3n y trabajo no hay futuro posible\u201d-Video","datePublished":"2026-04-27T12:10:31+00:00","dateModified":"2026-04-27T12:10:33+00:00","mainEntityOfPage":{"@id":"https:\/\/impactocastex.com.ar\/?p=16574"},"wordCount":781,"publisher":{"@id":"https:\/\/impactocastex.com.ar\/#organization"},"image":{"@id":"https:\/\/impactocastex.com.ar\/?p=16574#primaryimage"},"thumbnailUrl":"https:\/\/impactocastex.com.ar\/wp-content\/uploads\/2026\/04\/Captura-de-pantalla-2026-04-27-090836.png","articleSection":["LA PAMPA","POLITICA"],"inLanguage":"es"},{"@type":"WebPage","@id":"https:\/\/impactocastex.com.ar\/?p=16574","url":"https:\/\/impactocastex.com.ar\/?p=16574","name":"SERGIO ZILIOTTO: \"Sin producci\u00f3n y trabajo no hay futuro posible\u201d-Video -","isPartOf":{"@id":"https:\/\/impactocastex.com.ar\/#website"},"primaryImageOfPage":{"@id":"https:\/\/impactocastex.com.ar\/?p=16574#primaryimage"},"image":{"@id":"https:\/\/impactocastex.com.ar\/?p=16574#primaryimage"},"thumbnailUrl":"https:\/\/impactocastex.com.ar\/wp-content\/uploads\/2026\/04\/Captura-de-pantalla-2026-04-27-090836.png","datePublished":"2026-04-27T12:10:31+00:00","dateModified":"2026-04-27T12:10:33+00:00","breadcrumb":{"@id":"https:\/\/impactocastex.com.ar\/?p=16574#breadcrumb"},"inLanguage":"es","potentialAction":[{"@type":"ReadAction","target":["https:\/\/impactocastex.com.ar\/?p=16574"]}]},{"@type":"ImageObject","inLanguage":"es","@id":"https:\/\/impactocastex.com.ar\/?p=16574#primaryimage","url":"https:\/\/impactocastex.com.ar\/wp-content\/uploads\/2026\/04\/Captura-de-pantalla-2026-04-27-090836.png","contentUrl":"https:\/\/impactocastex.com.ar\/wp-content\/uploads\/2026\/04\/Captura-de-pantalla-2026-04-27-090836.png","width":941,"height":534},{"@type":"BreadcrumbList","@id":"https:\/\/impactocastex.com.ar\/?p=16574#breadcrumb","itemListElement":[{"@type":"ListItem","position":1,"name":"Portada","item":"https:\/\/impactocastex.com.ar\/"},{"@type":"ListItem","position":2,"name":"SERGIO ZILIOTTO: &#8220;Sin producci\u00f3n y trabajo no hay futuro posible\u201d-Video"}]},{"@type":"WebSite","@id":"https:\/\/impactocastex.com.ar\/#website","url":"https:\/\/impactocastex.com.ar\/","name":"Impacto Castex","description":"","publisher":{"@id":"https:\/\/impactocastex.com.ar\/#organization"},"potentialAction":[{"@type":"SearchAction","target":{"@type":"EntryPoint","urlTemplate":"https:\/\/impactocastex.com.ar\/?s={search_term_string}"},"query-input":{"@type":"PropertyValueSpecification","valueRequired":true,"valueName":"search_term_string"}}],"inLanguage":"es"},{"@type":"Organization","@id":"https:\/\/impactocastex.com.ar\/#organization","name":"Impacto Castex","url":"https:\/\/impactocastex.com.ar\/","logo":{"@type":"ImageObject","inLanguage":"es","@id":"https:\/\/impactocastex.com.ar\/#\/schema\/logo\/image\/","url":"https:\/\/impactocastex.com.ar\/wp-content\/uploads\/2025\/09\/cropped-icoweb.png","contentUrl":"https:\/\/impactocastex.com.ar\/wp-content\/uploads\/2025\/09\/cropped-icoweb.png","width":512,"height":512,"caption":"Impacto Castex"},"image":{"@id":"https:\/\/impactocastex.com.ar\/#\/schema\/logo\/image\/"},"sameAs":["https:\/\/www.facebook.com\/impactocastexdiario","https:\/\/www.instagram.com\/impactocastex.com.ar\/"]},{"@type":"Person","@id":"https:\/\/impactocastex.com.ar\/#\/schema\/person\/c115028fb60f9bf49ce7550894b84ea7","name":"impactocastex","image":{"@type":"ImageObject","inLanguage":"es","@id":"https:\/\/secure.gravatar.com\/avatar\/fee87e7af008f02e9becdc0b5a9fd4a2e79b3918a571edeacb62211704637833?s=96&d=mm&r=g","url":"https:\/\/secure.gravatar.com\/avatar\/fee87e7af008f02e9becdc0b5a9fd4a2e79b3918a571edeacb62211704637833?s=96&d=mm&r=g","contentUrl":"https:\/\/secure.gravatar.com\/avatar\/fee87e7af008f02e9becdc0b5a9fd4a2e79b3918a571edeacb62211704637833?s=96&d=mm&r=g","caption":"impactocastex"},"sameAs":["https:\/\/impactocastex.com.ar\/"],"url":"https:\/\/impactocastex.com.ar\/?author=2"}]}},"jetpack_publicize_connections":[],"featured_image_urls":{"full":["https:\/\/impactocastex.com.ar\/wp-content\/uploads\/2026\/04\/Captura-de-pantalla-2026-04-27-090836.png",941,534,false],"thumbnail":["https:\/\/impactocastex.com.ar\/wp-content\/uploads\/2026\/04\/Captura-de-pantalla-2026-04-27-090836-150x150.png",150,150,true],"medium":["https:\/\/impactocastex.com.ar\/wp-content\/uploads\/2026\/04\/Captura-de-pantalla-2026-04-27-090836-300x170.png",300,170,true],"medium_large":["https:\/\/impactocastex.com.ar\/wp-content\/uploads\/2026\/04\/Captura-de-pantalla-2026-04-27-090836-768x436.png",640,363,true],"large":["https:\/\/impactocastex.com.ar\/wp-content\/uploads\/2026\/04\/Captura-de-pantalla-2026-04-27-090836.png",640,363,false],"1536x1536":["https:\/\/impactocastex.com.ar\/wp-content\/uploads\/2026\/04\/Captura-de-pantalla-2026-04-27-090836.png",941,534,false],"2048x2048":["https:\/\/impactocastex.com.ar\/wp-content\/uploads\/2026\/04\/Captura-de-pantalla-2026-04-27-090836.png",941,534,false],"newsever-slider-full":["https:\/\/impactocastex.com.ar\/wp-content\/uploads\/2026\/04\/Captura-de-pantalla-2026-04-27-090836.png",941,534,false],"newsever-featured":["https:\/\/impactocastex.com.ar\/wp-content\/uploads\/2026\/04\/Captura-de-pantalla-2026-04-27-090836.png",941,534,false],"newsever-medium":["https:\/\/impactocastex.com.ar\/wp-content\/uploads\/2026\/04\/Captura-de-pantalla-2026-04-27-090836-720x475.png",720,475,true]},"author_info":{"info":["impactocastex"]},"category_info":"<a href=\"https:\/\/impactocastex.com.ar\/?cat=83\" rel=\"category\">LA PAMPA<\/a> <a href=\"https:\/\/impactocastex.com.ar\/?cat=122\" rel=\"category\">POLITICA<\/a>","tag_info":"POLITICA","comment_count":0,"jetpack_featured_media_url":"https:\/\/impactocastex.com.ar\/wp-content\/uploads\/2026\/04\/Captura-de-pantalla-2026-04-27-090836.png","jetpack_sharing_enabled":true,"jetpack_likes_enabled":true,"jetpack_shortlink":"https:\/\/wp.me\/p7sopA-4jk","_links":{"self":[{"href":"https:\/\/impactocastex.com.ar\/index.php?rest_route=\/wp\/v2\/posts\/16574","targetHints":{"allow":["GET"]}}],"collection":[{"href":"https:\/\/impactocastex.com.ar\/index.php?rest_route=\/wp\/v2\/posts"}],"about":[{"href":"https:\/\/impactocastex.com.ar\/index.php?rest_route=\/wp\/v2\/types\/post"}],"author":[{"embeddable":true,"href":"https:\/\/impactocastex.com.ar\/index.php?rest_route=\/wp\/v2\/users\/2"}],"replies":[{"embeddable":true,"href":"https:\/\/impactocastex.com.ar\/index.php?rest_route=%2Fwp%2Fv2%2Fcomments&post=16574"}],"version-history":[{"count":1,"href":"https:\/\/impactocastex.com.ar\/index.php?rest_route=\/wp\/v2\/posts\/16574\/revisions"}],"predecessor-version":[{"id":16576,"href":"https:\/\/impactocastex.com.ar\/index.php?rest_route=\/wp\/v2\/posts\/16574\/revisions\/16576"}],"wp:featuredmedia":[{"embeddable":true,"href":"https:\/\/impactocastex.com.ar\/index.php?rest_route=\/wp\/v2\/media\/16575"}],"wp:attachment":[{"href":"https:\/\/impactocastex.com.ar\/index.php?rest_route=%2Fwp%2Fv2%2Fmedia&parent=16574"}],"wp:term":[{"taxonomy":"category","embeddable":true,"href":"https:\/\/impactocastex.com.ar\/index.php?rest_route=%2Fwp%2Fv2%2Fcategories&post=16574"},{"taxonomy":"post_tag","embeddable":true,"href":"https:\/\/impactocastex.com.ar\/index.php?rest_route=%2Fwp%2Fv2%2Ftags&post=16574"}],"curies":[{"name":"wp","href":"https:\/\/api.w.org\/{rel}","templated":true}]}}