{"id":16553,"date":"2026-04-27T08:41:47","date_gmt":"2026-04-27T11:41:47","guid":{"rendered":"https:\/\/impactocastex.com.ar\/?p=16553"},"modified":"2026-04-27T08:41:48","modified_gmt":"2026-04-27T11:41:48","slug":"ley-de-salud-mantal-el-problema-es-el-desfinanciamiento","status":"publish","type":"post","link":"https:\/\/impactocastex.com.ar\/?p=16553","title":{"rendered":"Ley de Salud Mantal: \u00abEl problema es el desfinanciamiento\u00bb"},"content":{"rendered":"\n<p>Alertan que flexibilizar las internaciones involuntarias \u00abno es el camino\u00bb para abordar la crisis.<\/p>\n\n\n\n<p><strong><\/strong>El&nbsp;<strong>Colegio de Psic\u00f3logos de La Pampa<\/strong>&nbsp;expres\u00f3 preocupaci\u00f3n por el proyecto del Gobierno nacional que busca modificar la Ley de Salud Mental. Su presidente,&nbsp;<strong>Andr\u00e9s Oyarce<\/strong>, advirti\u00f3 sobre el desfinanciamiento del \u00e1rea y defendi\u00f3 la normativa vigente.<\/p>\n\n\n\n<p>El presidente del Colegio de Psic\u00f3logos de La Pampa, Andr\u00e9s Oyarce, advirti\u00f3 sobre el impacto del desfinanciamiento en el \u00e1rea y cuestion\u00f3 la iniciativa del Gobierno nacional para reformar la normativa vigente. Asegur\u00f3 que la ley actual \u00abest\u00e1 funcionando\u00bb y que el problema central es la falta de presupuesto y de implementaci\u00f3n.<\/p>\n\n\n\n<p>El debate por la posible modificaci\u00f3n de la Ley Nacional de Salud Mental gener\u00f3 preocupaci\u00f3n entre profesionales pampeanos. El presidente del Colegio de Psic\u00f3logos de La Pampa, Andr\u00e9s Oyarce, sostuvo que la provincia atraviesa una situaci\u00f3n \u00abde emergencia\u00bb en el \u00e1rea y alert\u00f3 que el proyecto impulsado por el Gobierno nacional no resuelve los problemas de fondo.<\/p>\n\n\n\n<p>\u00abEn la provincia estamos en una situaci\u00f3n de emergencia y justamente se est\u00e1 debatiendo en la Legislatura un proyecto de declaraci\u00f3n de emergencia en salud mental. Hay un impacto directo del desfinanciamiento de las pol\u00edticas en nuestra provincia\u00bb, afirm\u00f3.<\/p>\n\n\n\n<p>Seg\u00fan explic\u00f3, uno de los ejemplos m\u00e1s claros es el recorte en las residencias interdisciplinarias. \u00abVemos el desfinanciamiento de las residencias interdisciplinarias en salud mental que ven\u00edan formando y contin\u00faan formando profesionales que justamente vienen a dar respuesta a la complejidad que estamos hablando\u00bb, indic\u00f3.<\/p>\n\n\n\n<p>Oyarce sostuvo que la normativa vigente cuenta con herramientas suficientes para atender los padecimientos de salud mental, pero remarc\u00f3 que falta mayor financiamiento. \u00abConsideramos que ese no es el camino sino que el camino es una mayor implementaci\u00f3n de la ley con la que ya contamos y con mayor presupuesto\u00bb, expres\u00f3.<\/p>\n\n\n\n<p>En ese sentido, asegur\u00f3 que la ley actual \u00abest\u00e1 funcionando\u00bb y que permite dar respuesta a las problem\u00e1ticas existentes. \u00abEst\u00e1n dadas las condiciones en ese marco normativo para dar respuesta a lo que nos pasa como comunidades en cuanto a los padecimientos mentales. Implementarla con mayor profundidad y financiarla es la clave\u00bb, se\u00f1al\u00f3 en declaraciones a Cpetv.<\/p>\n\n\n\n<p>Tambi\u00e9n cuestion\u00f3 una de las discusiones m\u00e1s habituales sobre la normativa vigente, vinculada a las internaciones involuntarias. \u00abEs mentira que no se puede internar a las personas que est\u00e1n en riesgo. Es mentira que no se lo puede hacer involuntariamente. Las garant\u00edas son para que nadie sea internado por la fuerza si no lo necesita\u00bb, aclar\u00f3.<\/p>\n\n\n\n<p>Flexibilizaci\u00f3n<\/p>\n\n\n\n<p>El presidente del Colegio de Psic\u00f3logos manifest\u00f3 preocupaci\u00f3n por algunos puntos del proyecto en an\u00e1lisis, especialmente los vinculados a las internaciones sin consentimiento. \u00abNos preocupa que este nuevo proyecto quiera facilitar o flexibilizar las posibilidades de internar a alguien contra su voluntad cuando no lo necesite\u00bb, advirti\u00f3.<\/p>\n\n\n\n<p>Adem\u00e1s, consider\u00f3 contradictoria la iniciativa del Gobierno nacional en el actual contexto. \u00abNos alarma un poco y valoramos como contradictorio este proyecto sabiendo c\u00f3mo vienen siendo las actitudes pol\u00edticas en el campo de la salud mental del gobierno nacional\u00bb, afirm\u00f3.<\/p>\n\n\n\n<p>Oyarce tambi\u00e9n remarc\u00f3 que la situaci\u00f3n social y econ\u00f3mica incide directamente en el aumento de los padecimientos de salud mental. \u00abUn contenido central de la ley actual es una definici\u00f3n amplia de la salud mental que incluye el acceso a una serie de derechos. La crisis econ\u00f3mica y social impacta directamente en estos procesos\u00bb, explic\u00f3.<\/p>\n\n\n\n<p>Finalmente, destac\u00f3 que la ley vigente fue construida con amplia participaci\u00f3n federal, algo que, seg\u00fan dijo, no ocurre con la propuesta actual. \u00abLa sancionada en 2010 tuvo un proceso participativo con equipos, profesionales, familiares y usuarios de todo el pa\u00eds. Eso no estamos viendo que est\u00e9 sucediendo en el caso de este nuevo proyecto\u00bb, concluy\u00f3.<\/p>\n\n\n\n<p>eldiariodelapampa.<\/p>\n","protected":false},"excerpt":{"rendered":"<p>Alertan que flexibilizar las internaciones involuntarias \u00abno es el camino\u00bb para abordar la crisis. El&nbsp;Colegio&#8230;<\/p>\n","protected":false},"author":2,"featured_media":16554,"comment_status":"closed","ping_status":"closed","sticky":false,"template":"","format":"standard","meta":{"_jetpack_memberships_contains_paid_content":false,"footnotes":"","jetpack_publicize_message":"Ley de Salud Mantal: \"El problema es el desfinanciamiento\"","jetpack_publicize_feature_enabled":true,"jetpack_social_post_already_shared":false,"jetpack_social_options":{"image_generator_settings":{"template":"highway","default_image_id":0,"font":"","enabled":false},"version":2}},"categories":[85],"tags":[],"class_list":["post-16553","post","type-post","status-publish","format-standard","has-post-thumbnail","hentry","category-policiales"],"yoast_head":"<!-- This site is optimized with the Yoast SEO plugin v27.4 - https:\/\/yoast.com\/product\/yoast-seo-wordpress\/ -->\n<title>Ley de Salud Mantal: &quot;El problema es el desfinanciamiento&quot; -<\/title>\n<meta name=\"robots\" content=\"index, follow, max-snippet:-1, max-image-preview:large, max-video-preview:-1\" \/>\n<link rel=\"canonical\" href=\"https:\/\/impactocastex.com.ar\/?p=16553\" \/>\n<meta property=\"og:locale\" content=\"es_ES\" \/>\n<meta property=\"og:type\" content=\"article\" \/>\n<meta property=\"og:title\" content=\"Ley de Salud Mantal: &quot;El problema es el desfinanciamiento&quot; -\" \/>\n<meta property=\"og:description\" content=\"Alertan que flexibilizar las internaciones involuntarias \u00abno es el camino\u00bb para abordar la crisis. El&nbsp;Colegio...\" \/>\n<meta property=\"og:url\" content=\"https:\/\/impactocastex.com.ar\/?p=16553\" \/>\n<meta property=\"article:publisher\" content=\"https:\/\/www.facebook.com\/impactocastexdiario\" \/>\n<meta property=\"article:published_time\" content=\"2026-04-27T11:41:47+00:00\" \/>\n<meta property=\"article:modified_time\" content=\"2026-04-27T11:41:48+00:00\" \/>\n<meta property=\"og:image\" content=\"https:\/\/impactocastex.com.ar\/wp-content\/uploads\/2026\/04\/2142498.jpg\" \/>\n\t<meta property=\"og:image:width\" content=\"1200\" \/>\n\t<meta property=\"og:image:height\" content=\"631\" \/>\n\t<meta property=\"og:image:type\" content=\"image\/jpeg\" \/>\n<meta name=\"author\" content=\"impactocastex\" \/>\n<meta name=\"twitter:card\" content=\"summary_large_image\" \/>\n<meta name=\"twitter:label1\" content=\"Escrito por\" \/>\n\t<meta name=\"twitter:data1\" content=\"impactocastex\" \/>\n\t<meta name=\"twitter:label2\" content=\"Tiempo de lectura\" \/>\n\t<meta name=\"twitter:data2\" content=\"3 minutos\" \/>\n<script type=\"application\/ld+json\" class=\"yoast-schema-graph\">{\"@context\":\"https:\\\/\\\/schema.org\",\"@graph\":[{\"@type\":\"Article\",\"@id\":\"https:\\\/\\\/impactocastex.com.ar\\\/?p=16553#article\",\"isPartOf\":{\"@id\":\"https:\\\/\\\/impactocastex.com.ar\\\/?p=16553\"},\"author\":{\"name\":\"impactocastex\",\"@id\":\"https:\\\/\\\/impactocastex.com.ar\\\/#\\\/schema\\\/person\\\/c115028fb60f9bf49ce7550894b84ea7\"},\"headline\":\"Ley de Salud Mantal: \u00abEl problema es el desfinanciamiento\u00bb\",\"datePublished\":\"2026-04-27T11:41:47+00:00\",\"dateModified\":\"2026-04-27T11:41:48+00:00\",\"mainEntityOfPage\":{\"@id\":\"https:\\\/\\\/impactocastex.com.ar\\\/?p=16553\"},\"wordCount\":660,\"publisher\":{\"@id\":\"https:\\\/\\\/impactocastex.com.ar\\\/#organization\"},\"image\":{\"@id\":\"https:\\\/\\\/impactocastex.com.ar\\\/?p=16553#primaryimage\"},\"thumbnailUrl\":\"https:\\\/\\\/impactocastex.com.ar\\\/wp-content\\\/uploads\\\/2026\\\/04\\\/2142498.jpg\",\"articleSection\":[\"POLICIALES\"],\"inLanguage\":\"es\"},{\"@type\":\"WebPage\",\"@id\":\"https:\\\/\\\/impactocastex.com.ar\\\/?p=16553\",\"url\":\"https:\\\/\\\/impactocastex.com.ar\\\/?p=16553\",\"name\":\"Ley de Salud Mantal: \\\"El problema es el desfinanciamiento\\\" -\",\"isPartOf\":{\"@id\":\"https:\\\/\\\/impactocastex.com.ar\\\/#website\"},\"primaryImageOfPage\":{\"@id\":\"https:\\\/\\\/impactocastex.com.ar\\\/?p=16553#primaryimage\"},\"image\":{\"@id\":\"https:\\\/\\\/impactocastex.com.ar\\\/?p=16553#primaryimage\"},\"thumbnailUrl\":\"https:\\\/\\\/impactocastex.com.ar\\\/wp-content\\\/uploads\\\/2026\\\/04\\\/2142498.jpg\",\"datePublished\":\"2026-04-27T11:41:47+00:00\",\"dateModified\":\"2026-04-27T11:41:48+00:00\",\"breadcrumb\":{\"@id\":\"https:\\\/\\\/impactocastex.com.ar\\\/?p=16553#breadcrumb\"},\"inLanguage\":\"es\",\"potentialAction\":[{\"@type\":\"ReadAction\",\"target\":[\"https:\\\/\\\/impactocastex.com.ar\\\/?p=16553\"]}]},{\"@type\":\"ImageObject\",\"inLanguage\":\"es\",\"@id\":\"https:\\\/\\\/impactocastex.com.ar\\\/?p=16553#primaryimage\",\"url\":\"https:\\\/\\\/impactocastex.com.ar\\\/wp-content\\\/uploads\\\/2026\\\/04\\\/2142498.jpg\",\"contentUrl\":\"https:\\\/\\\/impactocastex.com.ar\\\/wp-content\\\/uploads\\\/2026\\\/04\\\/2142498.jpg\",\"width\":1200,\"height\":631},{\"@type\":\"BreadcrumbList\",\"@id\":\"https:\\\/\\\/impactocastex.com.ar\\\/?p=16553#breadcrumb\",\"itemListElement\":[{\"@type\":\"ListItem\",\"position\":1,\"name\":\"Portada\",\"item\":\"https:\\\/\\\/impactocastex.com.ar\\\/\"},{\"@type\":\"ListItem\",\"position\":2,\"name\":\"Ley de Salud Mantal: &#8220;El problema es el desfinanciamiento&#8221;\"}]},{\"@type\":\"WebSite\",\"@id\":\"https:\\\/\\\/impactocastex.com.ar\\\/#website\",\"url\":\"https:\\\/\\\/impactocastex.com.ar\\\/\",\"name\":\"Impacto Castex\",\"description\":\"\",\"publisher\":{\"@id\":\"https:\\\/\\\/impactocastex.com.ar\\\/#organization\"},\"potentialAction\":[{\"@type\":\"SearchAction\",\"target\":{\"@type\":\"EntryPoint\",\"urlTemplate\":\"https:\\\/\\\/impactocastex.com.ar\\\/?s={search_term_string}\"},\"query-input\":{\"@type\":\"PropertyValueSpecification\",\"valueRequired\":true,\"valueName\":\"search_term_string\"}}],\"inLanguage\":\"es\"},{\"@type\":\"Organization\",\"@id\":\"https:\\\/\\\/impactocastex.com.ar\\\/#organization\",\"name\":\"Impacto Castex\",\"url\":\"https:\\\/\\\/impactocastex.com.ar\\\/\",\"logo\":{\"@type\":\"ImageObject\",\"inLanguage\":\"es\",\"@id\":\"https:\\\/\\\/impactocastex.com.ar\\\/#\\\/schema\\\/logo\\\/image\\\/\",\"url\":\"https:\\\/\\\/impactocastex.com.ar\\\/wp-content\\\/uploads\\\/2025\\\/09\\\/cropped-icoweb.png\",\"contentUrl\":\"https:\\\/\\\/impactocastex.com.ar\\\/wp-content\\\/uploads\\\/2025\\\/09\\\/cropped-icoweb.png\",\"width\":512,\"height\":512,\"caption\":\"Impacto Castex\"},\"image\":{\"@id\":\"https:\\\/\\\/impactocastex.com.ar\\\/#\\\/schema\\\/logo\\\/image\\\/\"},\"sameAs\":[\"https:\\\/\\\/www.facebook.com\\\/impactocastexdiario\",\"https:\\\/\\\/www.instagram.com\\\/impactocastex.com.ar\\\/\"]},{\"@type\":\"Person\",\"@id\":\"https:\\\/\\\/impactocastex.com.ar\\\/#\\\/schema\\\/person\\\/c115028fb60f9bf49ce7550894b84ea7\",\"name\":\"impactocastex\",\"image\":{\"@type\":\"ImageObject\",\"inLanguage\":\"es\",\"@id\":\"https:\\\/\\\/secure.gravatar.com\\\/avatar\\\/fee87e7af008f02e9becdc0b5a9fd4a2e79b3918a571edeacb62211704637833?s=96&d=mm&r=g\",\"url\":\"https:\\\/\\\/secure.gravatar.com\\\/avatar\\\/fee87e7af008f02e9becdc0b5a9fd4a2e79b3918a571edeacb62211704637833?s=96&d=mm&r=g\",\"contentUrl\":\"https:\\\/\\\/secure.gravatar.com\\\/avatar\\\/fee87e7af008f02e9becdc0b5a9fd4a2e79b3918a571edeacb62211704637833?s=96&d=mm&r=g\",\"caption\":\"impactocastex\"},\"sameAs\":[\"https:\\\/\\\/impactocastex.com.ar\\\/\"],\"url\":\"https:\\\/\\\/impactocastex.com.ar\\\/?author=2\"}]}<\/script>\n<!-- \/ Yoast SEO plugin. -->","yoast_head_json":{"title":"Ley de Salud Mantal: \"El problema es el desfinanciamiento\" -","robots":{"index":"index","follow":"follow","max-snippet":"max-snippet:-1","max-image-preview":"max-image-preview:large","max-video-preview":"max-video-preview:-1"},"canonical":"https:\/\/impactocastex.com.ar\/?p=16553","og_locale":"es_ES","og_type":"article","og_title":"Ley de Salud Mantal: \"El problema es el desfinanciamiento\" -","og_description":"Alertan que flexibilizar las internaciones involuntarias \u00abno es el camino\u00bb para abordar la crisis. El&nbsp;Colegio...","og_url":"https:\/\/impactocastex.com.ar\/?p=16553","article_publisher":"https:\/\/www.facebook.com\/impactocastexdiario","article_published_time":"2026-04-27T11:41:47+00:00","article_modified_time":"2026-04-27T11:41:48+00:00","og_image":[{"width":1200,"height":631,"url":"https:\/\/impactocastex.com.ar\/wp-content\/uploads\/2026\/04\/2142498.jpg","type":"image\/jpeg"}],"author":"impactocastex","twitter_card":"summary_large_image","twitter_misc":{"Escrito por":"impactocastex","Tiempo de lectura":"3 minutos"},"schema":{"@context":"https:\/\/schema.org","@graph":[{"@type":"Article","@id":"https:\/\/impactocastex.com.ar\/?p=16553#article","isPartOf":{"@id":"https:\/\/impactocastex.com.ar\/?p=16553"},"author":{"name":"impactocastex","@id":"https:\/\/impactocastex.com.ar\/#\/schema\/person\/c115028fb60f9bf49ce7550894b84ea7"},"headline":"Ley de Salud Mantal: \u00abEl problema es el desfinanciamiento\u00bb","datePublished":"2026-04-27T11:41:47+00:00","dateModified":"2026-04-27T11:41:48+00:00","mainEntityOfPage":{"@id":"https:\/\/impactocastex.com.ar\/?p=16553"},"wordCount":660,"publisher":{"@id":"https:\/\/impactocastex.com.ar\/#organization"},"image":{"@id":"https:\/\/impactocastex.com.ar\/?p=16553#primaryimage"},"thumbnailUrl":"https:\/\/impactocastex.com.ar\/wp-content\/uploads\/2026\/04\/2142498.jpg","articleSection":["POLICIALES"],"inLanguage":"es"},{"@type":"WebPage","@id":"https:\/\/impactocastex.com.ar\/?p=16553","url":"https:\/\/impactocastex.com.ar\/?p=16553","name":"Ley de Salud Mantal: \"El problema es el desfinanciamiento\" -","isPartOf":{"@id":"https:\/\/impactocastex.com.ar\/#website"},"primaryImageOfPage":{"@id":"https:\/\/impactocastex.com.ar\/?p=16553#primaryimage"},"image":{"@id":"https:\/\/impactocastex.com.ar\/?p=16553#primaryimage"},"thumbnailUrl":"https:\/\/impactocastex.com.ar\/wp-content\/uploads\/2026\/04\/2142498.jpg","datePublished":"2026-04-27T11:41:47+00:00","dateModified":"2026-04-27T11:41:48+00:00","breadcrumb":{"@id":"https:\/\/impactocastex.com.ar\/?p=16553#breadcrumb"},"inLanguage":"es","potentialAction":[{"@type":"ReadAction","target":["https:\/\/impactocastex.com.ar\/?p=16553"]}]},{"@type":"ImageObject","inLanguage":"es","@id":"https:\/\/impactocastex.com.ar\/?p=16553#primaryimage","url":"https:\/\/impactocastex.com.ar\/wp-content\/uploads\/2026\/04\/2142498.jpg","contentUrl":"https:\/\/impactocastex.com.ar\/wp-content\/uploads\/2026\/04\/2142498.jpg","width":1200,"height":631},{"@type":"BreadcrumbList","@id":"https:\/\/impactocastex.com.ar\/?p=16553#breadcrumb","itemListElement":[{"@type":"ListItem","position":1,"name":"Portada","item":"https:\/\/impactocastex.com.ar\/"},{"@type":"ListItem","position":2,"name":"Ley de Salud Mantal: &#8220;El problema es el desfinanciamiento&#8221;"}]},{"@type":"WebSite","@id":"https:\/\/impactocastex.com.ar\/#website","url":"https:\/\/impactocastex.com.ar\/","name":"Impacto Castex","description":"","publisher":{"@id":"https:\/\/impactocastex.com.ar\/#organization"},"potentialAction":[{"@type":"SearchAction","target":{"@type":"EntryPoint","urlTemplate":"https:\/\/impactocastex.com.ar\/?s={search_term_string}"},"query-input":{"@type":"PropertyValueSpecification","valueRequired":true,"valueName":"search_term_string"}}],"inLanguage":"es"},{"@type":"Organization","@id":"https:\/\/impactocastex.com.ar\/#organization","name":"Impacto Castex","url":"https:\/\/impactocastex.com.ar\/","logo":{"@type":"ImageObject","inLanguage":"es","@id":"https:\/\/impactocastex.com.ar\/#\/schema\/logo\/image\/","url":"https:\/\/impactocastex.com.ar\/wp-content\/uploads\/2025\/09\/cropped-icoweb.png","contentUrl":"https:\/\/impactocastex.com.ar\/wp-content\/uploads\/2025\/09\/cropped-icoweb.png","width":512,"height":512,"caption":"Impacto Castex"},"image":{"@id":"https:\/\/impactocastex.com.ar\/#\/schema\/logo\/image\/"},"sameAs":["https:\/\/www.facebook.com\/impactocastexdiario","https:\/\/www.instagram.com\/impactocastex.com.ar\/"]},{"@type":"Person","@id":"https:\/\/impactocastex.com.ar\/#\/schema\/person\/c115028fb60f9bf49ce7550894b84ea7","name":"impactocastex","image":{"@type":"ImageObject","inLanguage":"es","@id":"https:\/\/secure.gravatar.com\/avatar\/fee87e7af008f02e9becdc0b5a9fd4a2e79b3918a571edeacb62211704637833?s=96&d=mm&r=g","url":"https:\/\/secure.gravatar.com\/avatar\/fee87e7af008f02e9becdc0b5a9fd4a2e79b3918a571edeacb62211704637833?s=96&d=mm&r=g","contentUrl":"https:\/\/secure.gravatar.com\/avatar\/fee87e7af008f02e9becdc0b5a9fd4a2e79b3918a571edeacb62211704637833?s=96&d=mm&r=g","caption":"impactocastex"},"sameAs":["https:\/\/impactocastex.com.ar\/"],"url":"https:\/\/impactocastex.com.ar\/?author=2"}]}},"jetpack_publicize_connections":[],"featured_image_urls":{"full":["https:\/\/impactocastex.com.ar\/wp-content\/uploads\/2026\/04\/2142498.jpg",1200,631,false],"thumbnail":["https:\/\/impactocastex.com.ar\/wp-content\/uploads\/2026\/04\/2142498-150x150.jpg",150,150,true],"medium":["https:\/\/impactocastex.com.ar\/wp-content\/uploads\/2026\/04\/2142498-300x158.jpg",300,158,true],"medium_large":["https:\/\/impactocastex.com.ar\/wp-content\/uploads\/2026\/04\/2142498-768x404.jpg",640,337,true],"large":["https:\/\/impactocastex.com.ar\/wp-content\/uploads\/2026\/04\/2142498-1024x538.jpg",640,336,true],"1536x1536":["https:\/\/impactocastex.com.ar\/wp-content\/uploads\/2026\/04\/2142498.jpg",1200,631,false],"2048x2048":["https:\/\/impactocastex.com.ar\/wp-content\/uploads\/2026\/04\/2142498.jpg",1200,631,false],"newsever-slider-full":["https:\/\/impactocastex.com.ar\/wp-content\/uploads\/2026\/04\/2142498.jpg",1200,631,false],"newsever-featured":["https:\/\/impactocastex.com.ar\/wp-content\/uploads\/2026\/04\/2142498-1024x538.jpg",1024,538,true],"newsever-medium":["https:\/\/impactocastex.com.ar\/wp-content\/uploads\/2026\/04\/2142498-720x475.jpg",720,475,true]},"author_info":{"info":["impactocastex"]},"category_info":"<a href=\"https:\/\/impactocastex.com.ar\/?cat=85\" rel=\"category\">POLICIALES<\/a>","tag_info":"POLICIALES","comment_count":0,"jetpack_featured_media_url":"https:\/\/impactocastex.com.ar\/wp-content\/uploads\/2026\/04\/2142498.jpg","jetpack_sharing_enabled":true,"jetpack_likes_enabled":true,"jetpack_shortlink":"https:\/\/wp.me\/p7sopA-4iZ","_links":{"self":[{"href":"https:\/\/impactocastex.com.ar\/index.php?rest_route=\/wp\/v2\/posts\/16553","targetHints":{"allow":["GET"]}}],"collection":[{"href":"https:\/\/impactocastex.com.ar\/index.php?rest_route=\/wp\/v2\/posts"}],"about":[{"href":"https:\/\/impactocastex.com.ar\/index.php?rest_route=\/wp\/v2\/types\/post"}],"author":[{"embeddable":true,"href":"https:\/\/impactocastex.com.ar\/index.php?rest_route=\/wp\/v2\/users\/2"}],"replies":[{"embeddable":true,"href":"https:\/\/impactocastex.com.ar\/index.php?rest_route=%2Fwp%2Fv2%2Fcomments&post=16553"}],"version-history":[{"count":1,"href":"https:\/\/impactocastex.com.ar\/index.php?rest_route=\/wp\/v2\/posts\/16553\/revisions"}],"predecessor-version":[{"id":16555,"href":"https:\/\/impactocastex.com.ar\/index.php?rest_route=\/wp\/v2\/posts\/16553\/revisions\/16555"}],"wp:featuredmedia":[{"embeddable":true,"href":"https:\/\/impactocastex.com.ar\/index.php?rest_route=\/wp\/v2\/media\/16554"}],"wp:attachment":[{"href":"https:\/\/impactocastex.com.ar\/index.php?rest_route=%2Fwp%2Fv2%2Fmedia&parent=16553"}],"wp:term":[{"taxonomy":"category","embeddable":true,"href":"https:\/\/impactocastex.com.ar\/index.php?rest_route=%2Fwp%2Fv2%2Fcategories&post=16553"},{"taxonomy":"post_tag","embeddable":true,"href":"https:\/\/impactocastex.com.ar\/index.php?rest_route=%2Fwp%2Fv2%2Ftags&post=16553"}],"curies":[{"name":"wp","href":"https:\/\/api.w.org\/{rel}","templated":true}]}}