{"id":16548,"date":"2026-04-27T08:20:16","date_gmt":"2026-04-27T11:20:16","guid":{"rendered":"https:\/\/impactocastex.com.ar\/?p=16548"},"modified":"2026-04-27T08:20:16","modified_gmt":"2026-04-27T11:20:16","slug":"quien-gano-el-martin-fierro-de-oro-de-la-moda-2026","status":"publish","type":"post","link":"https:\/\/impactocastex.com.ar\/?p=16548","title":{"rendered":"Qui\u00e9n gan\u00f3 el Mart\u00edn Fierro de Oro de la Moda 2026"},"content":{"rendered":"<p>Este domingo 26 de abril se llevaron los premios <a href=\"https:\/\/www.lanacion.com.ar\/espectaculos\/personajes\/martin-fierro-de-la-moda-2026-los-mejores-looks-de-la-noche-nid26042026\/\" target=\"_blank\" rel=\"noreferrer\" title=\"https:\/\/www.lanacion.com.ar\/espectaculos\/personajes\/martin-fierro-de-la-moda-2026-los-mejores-looks-de-la-noche-nid26042026\/\"><b>Mart\u00edn Fierro de la Moda<\/b><\/a>, que busca reconocer el mejor estilo de las figuras m\u00e1s destacadas de nuestro pa\u00eds, tanto en la televisi\u00f3n como en las redes sociales. En ese contexto, <b>Juana Viale recibi\u00f3 el Mart\u00edn Fierro de Oro<\/b>, el galard\u00f3n m\u00e1s destacado de la noche. En esa misma noche, fue reconocida por Mejor estilo en conducci\u00f3n femenina en programa semanal.<\/p>\n<p>Los encargados de anunciarlo fueron <b>Valeria Mazza e Iv\u00e1n de Pineda<\/b>, quienes condujeron la gala de premiaci\u00f3n. Ante la noticia, la conductora se mostr\u00f3 muy sorprendida y emocionada. Acto seguido, abraz\u00f3 a <b>Gino Bogani<\/b>, el dise\u00f1ador que trabaja exclusivamente con ella y que la viste en cada domingo en <i><b>Almorzando con Juana<\/b><\/i> (<i>eltrece<\/i>). <\/p>\n<p>\u201c<b>No me lo esperaba en lo m\u00e1s m\u00ednimo<\/b>\u201d, dijo Viale al subir al estrado para recoger su estatuilla. Adem\u00e1s de agradecer a su equipo y sus hijos, destac\u00f3 a su madre, <b>Marcela Tinayre<\/b>: \u201cTrabaj\u00f3 muchos a\u00f1os en la moda y me ense\u00f1\u00f3 much\u00edsimo\u201d. Por supuesto, tambi\u00e9n le dedic\u00f3 unas palabras a su abuela, <b>Mirtha Legrand<\/b>, a quien describi\u00f3 como \u201clo m\u00e1s coqueta de estilo que no se ha visto y no se ve y no se ver\u00e1 jam\u00e1s\u201d. Y concluy\u00f3: \u201c<b>Hered\u00e9 algo que no s\u00e9 qu\u00e9 es, pero est\u00e1 ac\u00e1 y est\u00e1 premiado. Much\u00edsimas gracias y aguante la moda<\/b>\u201d. <\/p>\n<p>Se trata de la tercera personalidad en recibir este reconocimiento en la historia de los <b>Mart\u00edn Fierro<\/b>, tras <b>Carolina \u201cPampita\u201d Ardohain <\/b>(2023) e <b>Iv\u00e1n de Pineda<\/b> (2024).<\/p>\n<h1>Todos los ganadores del Mart\u00edn Fierro de la Moda 2026<\/h1>\n<h2>Mejor estilo en redes<\/h2>\n<ul>\n<li>Carolina \u201cPampita\u201d Ardohain<\/li>\n<\/ul>\n<p><img loading=\"lazy\" decoding=\"async\" src=\"https:\/\/resizer.glanacion.com\/resizer\/v2\/MVSJRLSQMRBPDPRW3PQV7VG6C4.JPG?auth=784fe09b479a9c2bb619d241a4b7a882958d2e6f0334ca165cecad0979f73ecd&amp;smart=true&amp;width=2000&amp;height=1333\" alt=\"Pampita en la alfombra roja de los Mart\u00edn Fierro de la Moda\" height=\"1333\" width=\"2000\" \/><\/p>\n<h2>Mejor dise\u00f1ador de moda masculina<\/h2>\n<ul>\n<li>Nicol\u00e1s Zaffora<\/li>\n<\/ul>\n<h2>Mejor estilo femenino en streaming<\/h2>\n<ul>\n<li>Evelyn Botto (Olga)<\/li>\n<\/ul>\n<h2>Mejor estilo masculino en Big Show<\/h2>\n<ul>\n<li>Nico Occhiato (<i>La Voz Argentina<\/i>)<\/li>\n<\/ul>\n<h2>Mejor estilo panelista femenina<\/h2>\n<ul>\n<li>Sol P\u00e9rez (<i>Gran Hermano<\/i>)<\/li>\n<\/ul>\n<h2>Mart\u00edn Fierro Homenaje<\/h2>\n<ul>\n<li>Talento argentino en el mundo: homenaje a Adri\u00e1n Appiolaza, quien es el director creativo de Moschino desde 2024.<\/li>\n<\/ul>\n<p><img loading=\"lazy\" decoding=\"async\" src=\"https:\/\/resizer.glanacion.com\/resizer\/v2\/HARUGMYAVBFAFNAO2CWXQAUVZY.JPEG?auth=052b50488ab00587e6d138513d6ec02c7573adcc4215db9e0fdd4b5499f62126&amp;smart=true&amp;width=2000&amp;height=1332\" alt=\"Adri\u00e1n Appiolaza en los Mart\u00edn Fierro de la Moda 2026\" height=\"1332\" width=\"2000\" \/><\/p>\n<h2>Actor con mejor estilo en ficci\u00f3n<\/h2>\n<ul>\n<li>Benjam\u00edn Vicu\u00f1a (<i>Coraz\u00f3n delator<\/i>)<\/li>\n<\/ul>\n<h2>Mejor influencer de moda<\/h2>\n<ul>\n<li>Zaira Nara<\/li>\n<\/ul>\n<h2>Mejor estilo en conducci\u00f3n femenina en programa diario<\/h2>\n<p>Vero Lozano (<i>Cort\u00e1 por Lozano<\/i>)<\/p>\n<h2>Mejor estilista<\/h2>\n<p>Mariana Garc\u00eda Navarro \u2013 Nacho Garc\u00eda Rocha (Los Garc\u00eda)<\/p>\n<h2>Mart\u00edn Fierro Homenaje<\/h2>\n<ul>\n<li>\u00cdcono de la moda: Susana Gim\u00e9nez<\/li>\n<\/ul>\n<h2>Mejor peluquero<\/h2>\n<ul>\n<li>Max Jara<\/li>\n<\/ul>\n<h2>Mejor estilo panelista masculino<\/h2>\n<ul>\n<li>Lizardo Ponce (<i>SQP<\/i>)<\/li>\n<\/ul>\n<h2>Mejor estilo en conducci\u00f3n femenina en programa semanal<\/h2>\n<ul>\n<li>Juana Viale (<i>Almorzando con Juana<\/i>)<\/li>\n<\/ul>\n<p><img loading=\"lazy\" decoding=\"async\" src=\"https:\/\/resizer.glanacion.com\/resizer\/v2\/Y2OVTSOZQVEAFBFIXGTOHDWHDE.JPEG?auth=306247871355a66be0385e063be7a8c2e7b64329f0ff5e70144f8bbf14fa678c&amp;smart=true&amp;width=2000&amp;height=1332\" alt=\"Juana Viale en los Mart\u00edn Fierro de la Moda 2026\" height=\"1332\" width=\"2000\" \/><\/p>\n<h2>Nuevo talento de la moda<\/h2>\n<ul>\n<li>Valentina Schuchner<\/li>\n<\/ul>\n<h2>Actriz con mejor estilo en ficci\u00f3n<\/h2>\n<ul>\n<li>Julieta Zylberberg (<i>Yiya<\/i>)<\/li>\n<\/ul>\n<h2>Mejor maquillador\/a<\/h2>\n<ul>\n<li>Gervasio Larrivey<\/li>\n<\/ul>\n<h2>Mejor estilo masculino en streaming<\/h2>\n<ul>\n<li>Fer Dente (Olga)<\/li>\n<\/ul>\n<h2>Mejor estilo femenino en Big Show<\/h2>\n<ul>\n<li>Sof\u00eda \u201cLa Reini\u201d Gonet (<i>MasterChef Celebrity<\/i>)<\/li>\n<\/ul>\n<h2>Mejor estilo en conducci\u00f3n masculina<\/h2>\n<ul>\n<li>Iv\u00e1n de Pineda (<i>Pasapalabra<\/i>)<\/li>\n<\/ul>\n<h2>Mart\u00edn Fierro Homenaje<\/h2>\n<ul>\n<li>Arte &amp; Moda: J\u00e9ssica Trosman<\/li>\n<\/ul>\n<h2>Mejor dise\u00f1ador\/a de moda femenina<\/h2>\n<ul>\n<li>Evangelina Bomparola<\/li>\n<\/ul>\n<p>\u200bAdem\u00e1s del premio m\u00e1s importante de la noche, Juana Viale fue reconocida por Mejor estilo en conducci\u00f3n femenina en programa semanal; a continuaci\u00f3n, todos los ganadores\u00a0\u00a0<\/p>","protected":false},"excerpt":{"rendered":"<p>Este domingo 26 de abril se llevaron los premios Mart\u00edn Fierro de la Moda, que&#8230;<\/p>\n","protected":false},"author":1,"featured_media":16549,"comment_status":"closed","ping_status":"closed","sticky":false,"template":"","format":"standard","meta":{"_jetpack_memberships_contains_paid_content":false,"footnotes":"","jetpack_publicize_message":"","jetpack_publicize_feature_enabled":true,"jetpack_social_post_already_shared":true,"jetpack_social_options":{"image_generator_settings":{"template":"highway","default_image_id":0,"font":"","enabled":false},"version":2}},"categories":[89],"tags":[],"class_list":["post-16548","post","type-post","status-publish","format-standard","has-post-thumbnail","hentry","category-nacionales"],"yoast_head":"<!-- This site is optimized with the Yoast SEO plugin v27.4 - https:\/\/yoast.com\/product\/yoast-seo-wordpress\/ -->\n<title>Qui\u00e9n gan\u00f3 el Mart\u00edn Fierro de Oro de la Moda 2026 -<\/title>\n<meta name=\"robots\" content=\"index, follow, max-snippet:-1, max-image-preview:large, max-video-preview:-1\" \/>\n<link rel=\"canonical\" href=\"https:\/\/impactocastex.com.ar\/?p=16548\" \/>\n<meta property=\"og:locale\" content=\"es_ES\" \/>\n<meta property=\"og:type\" content=\"article\" \/>\n<meta property=\"og:title\" content=\"Qui\u00e9n gan\u00f3 el Mart\u00edn Fierro de Oro de la Moda 2026 -\" \/>\n<meta property=\"og:description\" content=\"Este domingo 26 de abril se llevaron los premios Mart\u00edn Fierro de la Moda, que...\" \/>\n<meta property=\"og:url\" content=\"https:\/\/impactocastex.com.ar\/?p=16548\" \/>\n<meta property=\"article:publisher\" content=\"https:\/\/www.facebook.com\/impactocastexdiario\" \/>\n<meta property=\"article:published_time\" content=\"2026-04-27T11:20:16+00:00\" \/>\n<meta property=\"og:image\" content=\"https:\/\/resizer.glanacion.com\/resizer\/v2\/MVSJRLSQMRBPDPRW3PQV7VG6C4.JPG?auth=784fe09b479a9c2bb619d241a4b7a882958d2e6f0334ca165cecad0979f73ecd&amp;smart=true&amp;width=2000&amp;height=1333\" \/>\n<meta name=\"author\" content=\"impactocastex\" \/>\n<meta name=\"twitter:card\" content=\"summary_large_image\" \/>\n<meta name=\"twitter:label1\" content=\"Escrito por\" \/>\n\t<meta name=\"twitter:data1\" content=\"impactocastex\" \/>\n\t<meta name=\"twitter:label2\" content=\"Tiempo de lectura\" \/>\n\t<meta name=\"twitter:data2\" content=\"3 minutos\" \/>\n<script type=\"application\/ld+json\" class=\"yoast-schema-graph\">{\"@context\":\"https:\\\/\\\/schema.org\",\"@graph\":[{\"@type\":\"Article\",\"@id\":\"https:\\\/\\\/impactocastex.com.ar\\\/?p=16548#article\",\"isPartOf\":{\"@id\":\"https:\\\/\\\/impactocastex.com.ar\\\/?p=16548\"},\"author\":{\"name\":\"impactocastex\",\"@id\":\"https:\\\/\\\/impactocastex.com.ar\\\/#\\\/schema\\\/person\\\/86cb4f827fb5f87869a239b98a69c6e3\"},\"headline\":\"Qui\u00e9n gan\u00f3 el Mart\u00edn Fierro de Oro de la Moda 2026\",\"datePublished\":\"2026-04-27T11:20:16+00:00\",\"mainEntityOfPage\":{\"@id\":\"https:\\\/\\\/impactocastex.com.ar\\\/?p=16548\"},\"wordCount\":542,\"publisher\":{\"@id\":\"https:\\\/\\\/impactocastex.com.ar\\\/#organization\"},\"image\":{\"@id\":\"https:\\\/\\\/impactocastex.com.ar\\\/?p=16548#primaryimage\"},\"thumbnailUrl\":\"https:\\\/\\\/impactocastex.com.ar\\\/wp-content\\\/uploads\\\/2026\\\/04\\\/JVTZQDDUIZB5XF4FM5PNDWC7PI-u826Kq.jpg\",\"articleSection\":[\"NACIONALES\"],\"inLanguage\":\"es\"},{\"@type\":\"WebPage\",\"@id\":\"https:\\\/\\\/impactocastex.com.ar\\\/?p=16548\",\"url\":\"https:\\\/\\\/impactocastex.com.ar\\\/?p=16548\",\"name\":\"Qui\u00e9n gan\u00f3 el Mart\u00edn Fierro de Oro de la Moda 2026 -\",\"isPartOf\":{\"@id\":\"https:\\\/\\\/impactocastex.com.ar\\\/#website\"},\"primaryImageOfPage\":{\"@id\":\"https:\\\/\\\/impactocastex.com.ar\\\/?p=16548#primaryimage\"},\"image\":{\"@id\":\"https:\\\/\\\/impactocastex.com.ar\\\/?p=16548#primaryimage\"},\"thumbnailUrl\":\"https:\\\/\\\/impactocastex.com.ar\\\/wp-content\\\/uploads\\\/2026\\\/04\\\/JVTZQDDUIZB5XF4FM5PNDWC7PI-u826Kq.jpg\",\"datePublished\":\"2026-04-27T11:20:16+00:00\",\"breadcrumb\":{\"@id\":\"https:\\\/\\\/impactocastex.com.ar\\\/?p=16548#breadcrumb\"},\"inLanguage\":\"es\",\"potentialAction\":[{\"@type\":\"ReadAction\",\"target\":[\"https:\\\/\\\/impactocastex.com.ar\\\/?p=16548\"]}]},{\"@type\":\"ImageObject\",\"inLanguage\":\"es\",\"@id\":\"https:\\\/\\\/impactocastex.com.ar\\\/?p=16548#primaryimage\",\"url\":\"https:\\\/\\\/impactocastex.com.ar\\\/wp-content\\\/uploads\\\/2026\\\/04\\\/JVTZQDDUIZB5XF4FM5PNDWC7PI-u826Kq.jpg\",\"contentUrl\":\"https:\\\/\\\/impactocastex.com.ar\\\/wp-content\\\/uploads\\\/2026\\\/04\\\/JVTZQDDUIZB5XF4FM5PNDWC7PI-u826Kq.jpg\",\"width\":2000,\"height\":1333},{\"@type\":\"BreadcrumbList\",\"@id\":\"https:\\\/\\\/impactocastex.com.ar\\\/?p=16548#breadcrumb\",\"itemListElement\":[{\"@type\":\"ListItem\",\"position\":1,\"name\":\"Portada\",\"item\":\"https:\\\/\\\/impactocastex.com.ar\\\/\"},{\"@type\":\"ListItem\",\"position\":2,\"name\":\"Qui\u00e9n gan\u00f3 el Mart\u00edn Fierro de Oro de la Moda 2026\"}]},{\"@type\":\"WebSite\",\"@id\":\"https:\\\/\\\/impactocastex.com.ar\\\/#website\",\"url\":\"https:\\\/\\\/impactocastex.com.ar\\\/\",\"name\":\"Impacto Castex\",\"description\":\"\",\"publisher\":{\"@id\":\"https:\\\/\\\/impactocastex.com.ar\\\/#organization\"},\"potentialAction\":[{\"@type\":\"SearchAction\",\"target\":{\"@type\":\"EntryPoint\",\"urlTemplate\":\"https:\\\/\\\/impactocastex.com.ar\\\/?s={search_term_string}\"},\"query-input\":{\"@type\":\"PropertyValueSpecification\",\"valueRequired\":true,\"valueName\":\"search_term_string\"}}],\"inLanguage\":\"es\"},{\"@type\":\"Organization\",\"@id\":\"https:\\\/\\\/impactocastex.com.ar\\\/#organization\",\"name\":\"Impacto Castex\",\"url\":\"https:\\\/\\\/impactocastex.com.ar\\\/\",\"logo\":{\"@type\":\"ImageObject\",\"inLanguage\":\"es\",\"@id\":\"https:\\\/\\\/impactocastex.com.ar\\\/#\\\/schema\\\/logo\\\/image\\\/\",\"url\":\"https:\\\/\\\/impactocastex.com.ar\\\/wp-content\\\/uploads\\\/2025\\\/09\\\/cropped-icoweb.png\",\"contentUrl\":\"https:\\\/\\\/impactocastex.com.ar\\\/wp-content\\\/uploads\\\/2025\\\/09\\\/cropped-icoweb.png\",\"width\":512,\"height\":512,\"caption\":\"Impacto Castex\"},\"image\":{\"@id\":\"https:\\\/\\\/impactocastex.com.ar\\\/#\\\/schema\\\/logo\\\/image\\\/\"},\"sameAs\":[\"https:\\\/\\\/www.facebook.com\\\/impactocastexdiario\",\"https:\\\/\\\/www.instagram.com\\\/impactocastex.com.ar\\\/\"]},{\"@type\":\"Person\",\"@id\":\"https:\\\/\\\/impactocastex.com.ar\\\/#\\\/schema\\\/person\\\/86cb4f827fb5f87869a239b98a69c6e3\",\"name\":\"impactocastex\",\"image\":{\"@type\":\"ImageObject\",\"inLanguage\":\"es\",\"@id\":\"https:\\\/\\\/secure.gravatar.com\\\/avatar\\\/9a87ee051ca8c77f5d4070843ce2c78cdf95b858b950fb039151de955122f5f5?s=96&d=mm&r=g\",\"url\":\"https:\\\/\\\/secure.gravatar.com\\\/avatar\\\/9a87ee051ca8c77f5d4070843ce2c78cdf95b858b950fb039151de955122f5f5?s=96&d=mm&r=g\",\"contentUrl\":\"https:\\\/\\\/secure.gravatar.com\\\/avatar\\\/9a87ee051ca8c77f5d4070843ce2c78cdf95b858b950fb039151de955122f5f5?s=96&d=mm&r=g\",\"caption\":\"impactocastex\"},\"sameAs\":[\"https:\\\/\\\/impactocastex.com.ar\"],\"url\":\"https:\\\/\\\/impactocastex.com.ar\\\/?author=1\"}]}<\/script>\n<!-- \/ Yoast SEO plugin. -->","yoast_head_json":{"title":"Qui\u00e9n gan\u00f3 el Mart\u00edn Fierro de Oro de la Moda 2026 -","robots":{"index":"index","follow":"follow","max-snippet":"max-snippet:-1","max-image-preview":"max-image-preview:large","max-video-preview":"max-video-preview:-1"},"canonical":"https:\/\/impactocastex.com.ar\/?p=16548","og_locale":"es_ES","og_type":"article","og_title":"Qui\u00e9n gan\u00f3 el Mart\u00edn Fierro de Oro de la Moda 2026 -","og_description":"Este domingo 26 de abril se llevaron los premios Mart\u00edn Fierro de la Moda, que...","og_url":"https:\/\/impactocastex.com.ar\/?p=16548","article_publisher":"https:\/\/www.facebook.com\/impactocastexdiario","article_published_time":"2026-04-27T11:20:16+00:00","og_image":[{"url":"https:\/\/resizer.glanacion.com\/resizer\/v2\/MVSJRLSQMRBPDPRW3PQV7VG6C4.JPG?auth=784fe09b479a9c2bb619d241a4b7a882958d2e6f0334ca165cecad0979f73ecd&amp;smart=true&amp;width=2000&amp;height=1333","type":"","width":"","height":""}],"author":"impactocastex","twitter_card":"summary_large_image","twitter_misc":{"Escrito por":"impactocastex","Tiempo de lectura":"3 minutos"},"schema":{"@context":"https:\/\/schema.org","@graph":[{"@type":"Article","@id":"https:\/\/impactocastex.com.ar\/?p=16548#article","isPartOf":{"@id":"https:\/\/impactocastex.com.ar\/?p=16548"},"author":{"name":"impactocastex","@id":"https:\/\/impactocastex.com.ar\/#\/schema\/person\/86cb4f827fb5f87869a239b98a69c6e3"},"headline":"Qui\u00e9n gan\u00f3 el Mart\u00edn Fierro de Oro de la Moda 2026","datePublished":"2026-04-27T11:20:16+00:00","mainEntityOfPage":{"@id":"https:\/\/impactocastex.com.ar\/?p=16548"},"wordCount":542,"publisher":{"@id":"https:\/\/impactocastex.com.ar\/#organization"},"image":{"@id":"https:\/\/impactocastex.com.ar\/?p=16548#primaryimage"},"thumbnailUrl":"https:\/\/impactocastex.com.ar\/wp-content\/uploads\/2026\/04\/JVTZQDDUIZB5XF4FM5PNDWC7PI-u826Kq.jpg","articleSection":["NACIONALES"],"inLanguage":"es"},{"@type":"WebPage","@id":"https:\/\/impactocastex.com.ar\/?p=16548","url":"https:\/\/impactocastex.com.ar\/?p=16548","name":"Qui\u00e9n gan\u00f3 el Mart\u00edn Fierro de Oro de la Moda 2026 -","isPartOf":{"@id":"https:\/\/impactocastex.com.ar\/#website"},"primaryImageOfPage":{"@id":"https:\/\/impactocastex.com.ar\/?p=16548#primaryimage"},"image":{"@id":"https:\/\/impactocastex.com.ar\/?p=16548#primaryimage"},"thumbnailUrl":"https:\/\/impactocastex.com.ar\/wp-content\/uploads\/2026\/04\/JVTZQDDUIZB5XF4FM5PNDWC7PI-u826Kq.jpg","datePublished":"2026-04-27T11:20:16+00:00","breadcrumb":{"@id":"https:\/\/impactocastex.com.ar\/?p=16548#breadcrumb"},"inLanguage":"es","potentialAction":[{"@type":"ReadAction","target":["https:\/\/impactocastex.com.ar\/?p=16548"]}]},{"@type":"ImageObject","inLanguage":"es","@id":"https:\/\/impactocastex.com.ar\/?p=16548#primaryimage","url":"https:\/\/impactocastex.com.ar\/wp-content\/uploads\/2026\/04\/JVTZQDDUIZB5XF4FM5PNDWC7PI-u826Kq.jpg","contentUrl":"https:\/\/impactocastex.com.ar\/wp-content\/uploads\/2026\/04\/JVTZQDDUIZB5XF4FM5PNDWC7PI-u826Kq.jpg","width":2000,"height":1333},{"@type":"BreadcrumbList","@id":"https:\/\/impactocastex.com.ar\/?p=16548#breadcrumb","itemListElement":[{"@type":"ListItem","position":1,"name":"Portada","item":"https:\/\/impactocastex.com.ar\/"},{"@type":"ListItem","position":2,"name":"Qui\u00e9n gan\u00f3 el Mart\u00edn Fierro de Oro de la Moda 2026"}]},{"@type":"WebSite","@id":"https:\/\/impactocastex.com.ar\/#website","url":"https:\/\/impactocastex.com.ar\/","name":"Impacto Castex","description":"","publisher":{"@id":"https:\/\/impactocastex.com.ar\/#organization"},"potentialAction":[{"@type":"SearchAction","target":{"@type":"EntryPoint","urlTemplate":"https:\/\/impactocastex.com.ar\/?s={search_term_string}"},"query-input":{"@type":"PropertyValueSpecification","valueRequired":true,"valueName":"search_term_string"}}],"inLanguage":"es"},{"@type":"Organization","@id":"https:\/\/impactocastex.com.ar\/#organization","name":"Impacto Castex","url":"https:\/\/impactocastex.com.ar\/","logo":{"@type":"ImageObject","inLanguage":"es","@id":"https:\/\/impactocastex.com.ar\/#\/schema\/logo\/image\/","url":"https:\/\/impactocastex.com.ar\/wp-content\/uploads\/2025\/09\/cropped-icoweb.png","contentUrl":"https:\/\/impactocastex.com.ar\/wp-content\/uploads\/2025\/09\/cropped-icoweb.png","width":512,"height":512,"caption":"Impacto Castex"},"image":{"@id":"https:\/\/impactocastex.com.ar\/#\/schema\/logo\/image\/"},"sameAs":["https:\/\/www.facebook.com\/impactocastexdiario","https:\/\/www.instagram.com\/impactocastex.com.ar\/"]},{"@type":"Person","@id":"https:\/\/impactocastex.com.ar\/#\/schema\/person\/86cb4f827fb5f87869a239b98a69c6e3","name":"impactocastex","image":{"@type":"ImageObject","inLanguage":"es","@id":"https:\/\/secure.gravatar.com\/avatar\/9a87ee051ca8c77f5d4070843ce2c78cdf95b858b950fb039151de955122f5f5?s=96&d=mm&r=g","url":"https:\/\/secure.gravatar.com\/avatar\/9a87ee051ca8c77f5d4070843ce2c78cdf95b858b950fb039151de955122f5f5?s=96&d=mm&r=g","contentUrl":"https:\/\/secure.gravatar.com\/avatar\/9a87ee051ca8c77f5d4070843ce2c78cdf95b858b950fb039151de955122f5f5?s=96&d=mm&r=g","caption":"impactocastex"},"sameAs":["https:\/\/impactocastex.com.ar"],"url":"https:\/\/impactocastex.com.ar\/?author=1"}]}},"jetpack_publicize_connections":[],"featured_image_urls":{"full":["https:\/\/impactocastex.com.ar\/wp-content\/uploads\/2026\/04\/JVTZQDDUIZB5XF4FM5PNDWC7PI-u826Kq.jpg",2000,1333,false],"thumbnail":["https:\/\/impactocastex.com.ar\/wp-content\/uploads\/2026\/04\/JVTZQDDUIZB5XF4FM5PNDWC7PI-u826Kq-150x150.jpg",150,150,true],"medium":["https:\/\/impactocastex.com.ar\/wp-content\/uploads\/2026\/04\/JVTZQDDUIZB5XF4FM5PNDWC7PI-u826Kq-300x200.jpg",300,200,true],"medium_large":["https:\/\/impactocastex.com.ar\/wp-content\/uploads\/2026\/04\/JVTZQDDUIZB5XF4FM5PNDWC7PI-u826Kq-768x512.jpg",640,427,true],"large":["https:\/\/impactocastex.com.ar\/wp-content\/uploads\/2026\/04\/JVTZQDDUIZB5XF4FM5PNDWC7PI-u826Kq-1024x682.jpg",640,426,true],"1536x1536":["https:\/\/impactocastex.com.ar\/wp-content\/uploads\/2026\/04\/JVTZQDDUIZB5XF4FM5PNDWC7PI-u826Kq-1536x1024.jpg",1536,1024,true],"2048x2048":["https:\/\/impactocastex.com.ar\/wp-content\/uploads\/2026\/04\/JVTZQDDUIZB5XF4FM5PNDWC7PI-u826Kq.jpg",2000,1333,false],"newsever-slider-full":["https:\/\/impactocastex.com.ar\/wp-content\/uploads\/2026\/04\/JVTZQDDUIZB5XF4FM5PNDWC7PI-u826Kq-1280x845.jpg",1280,845,true],"newsever-featured":["https:\/\/impactocastex.com.ar\/wp-content\/uploads\/2026\/04\/JVTZQDDUIZB5XF4FM5PNDWC7PI-u826Kq-1024x682.jpg",1024,682,true],"newsever-medium":["https:\/\/impactocastex.com.ar\/wp-content\/uploads\/2026\/04\/JVTZQDDUIZB5XF4FM5PNDWC7PI-u826Kq-720x475.jpg",720,475,true]},"author_info":{"info":["impactocastex"]},"category_info":"<a href=\"https:\/\/impactocastex.com.ar\/?cat=89\" rel=\"category\">NACIONALES<\/a>","tag_info":"NACIONALES","comment_count":0,"jetpack_featured_media_url":"https:\/\/impactocastex.com.ar\/wp-content\/uploads\/2026\/04\/JVTZQDDUIZB5XF4FM5PNDWC7PI-u826Kq.jpg","jetpack_sharing_enabled":true,"jetpack_likes_enabled":true,"jetpack_shortlink":"https:\/\/wp.me\/p7sopA-4iU","_links":{"self":[{"href":"https:\/\/impactocastex.com.ar\/index.php?rest_route=\/wp\/v2\/posts\/16548","targetHints":{"allow":["GET"]}}],"collection":[{"href":"https:\/\/impactocastex.com.ar\/index.php?rest_route=\/wp\/v2\/posts"}],"about":[{"href":"https:\/\/impactocastex.com.ar\/index.php?rest_route=\/wp\/v2\/types\/post"}],"author":[{"embeddable":true,"href":"https:\/\/impactocastex.com.ar\/index.php?rest_route=\/wp\/v2\/users\/1"}],"replies":[{"embeddable":true,"href":"https:\/\/impactocastex.com.ar\/index.php?rest_route=%2Fwp%2Fv2%2Fcomments&post=16548"}],"version-history":[{"count":0,"href":"https:\/\/impactocastex.com.ar\/index.php?rest_route=\/wp\/v2\/posts\/16548\/revisions"}],"wp:featuredmedia":[{"embeddable":true,"href":"https:\/\/impactocastex.com.ar\/index.php?rest_route=\/wp\/v2\/media\/16549"}],"wp:attachment":[{"href":"https:\/\/impactocastex.com.ar\/index.php?rest_route=%2Fwp%2Fv2%2Fmedia&parent=16548"}],"wp:term":[{"taxonomy":"category","embeddable":true,"href":"https:\/\/impactocastex.com.ar\/index.php?rest_route=%2Fwp%2Fv2%2Fcategories&post=16548"},{"taxonomy":"post_tag","embeddable":true,"href":"https:\/\/impactocastex.com.ar\/index.php?rest_route=%2Fwp%2Fv2%2Ftags&post=16548"}],"curies":[{"name":"wp","href":"https:\/\/api.w.org\/{rel}","templated":true}]}}