{"id":16544,"date":"2026-04-27T07:20:24","date_gmt":"2026-04-27T10:20:24","guid":{"rendered":"https:\/\/impactocastex.com.ar\/?p=16544"},"modified":"2026-04-27T07:20:24","modified_gmt":"2026-04-27T10:20:24","slug":"fecha-de-cobro-de-anses-el-cronograma-de-pagos-para-este-lunes-27-de-abril","status":"publish","type":"post","link":"https:\/\/impactocastex.com.ar\/?p=16544","title":{"rendered":"Fecha de cobro de Anses: el cronograma de pagos para este lunes 27 de abril"},"content":{"rendered":"<p>Este <b>lunes 27 de abril <\/b>sigue el <a href=\"https:\/\/www.lanacion.com.ar\/economia\/cuando-cobro-anses-el-calendario-completo-de-abril-2026-nid31032026\/\" target=\"_self\" rel=\"\" title=\"https:\/\/www.lanacion.com.ar\/economia\/cuando-cobro-anses-el-calendario-completo-de-abril-2026-nid31032026\/\">cronograma de pagos<\/a> dispuesto por la <b>Anses <\/b>(Administraci\u00f3n Nacional de la Seguridad Social) para el cuarto mes del a\u00f1o. Durante esta jornada, cobran sus haberes los <b>jubilados y pensionados con haberes que superan la m\u00ednima<\/b>, y la <b>Prestaci\u00f3n por Desempleo<\/b>, entre otras asignaciones.<\/p>\n<p><img loading=\"lazy\" decoding=\"async\" src=\"https:\/\/resizer.glanacion.com\/resizer\/v2\/MPZTJHYSAJGCRBWGVFF2L4BZY4.jpg?auth=3496fba588b5662ddd9fa72ba9bea36df174ff9a6e35a055490816f07d08971c&amp;smart=true&amp;width=2000&amp;height=1333\" alt=\"Las prestaciones de abril se ajustan en un 2,90%\" height=\"1333\" width=\"2000\" \/><\/p>\n<p>En abril, las prestaciones sociales tienen un <b>ajuste del 2,90%<\/b>, porcentaje que refleja la inflaci\u00f3n registrada durante febrero pasado (2,9%). Cabe destacar que este c\u00e1lculo mensual utiliza los valores de incremento con dos decimales para determinar el monto exacto de cada beneficio. En tanto, los<b> jubilados y pensionados <\/b>perciben un <b>bono extraordinario <\/b>destinado a reforzar sus ingresos ante la situaci\u00f3n econ\u00f3mica actual.<\/p>\n<p>El despliegue de pagos de la jornada incluye a diversos grupos beneficiarios. Las <b>jubilaciones y pensiones<\/b> que superan el haber m\u00ednimo se abonan hoy junto a la <b>Prestaci\u00f3n por Desempleo.<\/b><\/p>\n<p>Vale recordar que el<b> esquema de pagos se organiza exclusivamente sobre los d\u00edas h\u00e1biles<\/b>, por lo cual se consideran las fechas feriadas y no laborables al confeccionar el calendario. Todos se distribuyen seg\u00fan la terminaci\u00f3n del DNI de cada uno de los beneficiarios.<\/p>\n<h1>Cronograma de pagos de Anses para este lunes 27 de abril<\/h1>\n<p>El calendario de este mes organiza los dep\u00f3sitos seg\u00fan el n\u00famero de terminaci\u00f3n del DNI para este lunes 27 de abril:<\/p>\n<table>\n<thead>\n<tr>\n<th>Prestaciones<\/th>\n<th>Terminaci\u00f3n del DNI<\/th>\n<th>Monto total a cobrar<\/th>\n<\/tr>\n<\/thead>\n<tbody>\n<tr>\n<td>Jubilaciones y pensiones que superen los haberes m\u00ednimos<\/td>\n<td>2 y 3<\/td>\n<td>Hasta $2.559.188,81<\/td>\n<\/tr>\n<tr>\n<td>Prestaci\u00f3n por Desempleo<\/td>\n<td>6 y 7<\/td>\n<td>Valor general<\/td>\n<\/tr>\n<tr>\n<td>Asignaciones familiares de PNC<\/td>\n<td>Todas las terminaciones<\/td>\n<td>Valor general<\/td>\n<\/tr>\n<tr>\n<td>Asignaciones de Pago \u00danico<\/td>\n<td>Todas las terminaciones<\/td>\n<td>Valor general<\/td>\n<\/tr>\n<\/tbody>\n<\/table>\n<p><img loading=\"lazy\" decoding=\"async\" src=\"https:\/\/resizer.glanacion.com\/resizer\/v2\/SHEFKHAMVBA35M67Y7VSASGCOA.jpg?auth=a0389e38babd94df01823a5cff49302c43a82c5b1ae8ec181aa0675329a37dc7&amp;smart=true&amp;width=5472&amp;height=3648\" alt=\"\u200eLas prestaciones que abona Anses en la jornada\" height=\"3648\" width=\"5472\" \/><\/p>\n<h1>C\u00f3mo consultar la fecha de cobro<\/h1>\n<p>Para conocer con precisi\u00f3n el<b> d\u00eda y el lugar de acreditaci\u00f3n<\/b>, los beneficiarios deben seguir un proceso sencillo en la plataforma oficial del organismo. Este procedimiento permite a los ciudadanos planificar su retiro de fondos en las sucursales bancarias habilitadas o a trav\u00e9s de los cajeros autom\u00e1ticos, evitando posibles demoras en el acceso a sus prestaciones sociales.<\/p>\n<figure><video height=\"720\" width=\"1280\" poster=\"https:\/\/cdn.jwplayer.com\/v2\/media\/ENqyERZD\/poster.jpg?width=1280\" preload=\"none\"><\/video><figcaption>\u00bfC\u00f3mo crear la Clave de la Seguridad Social de la Anses?<\/figcaption><\/figure>\n<p>A continuaci\u00f3n, el paso a paso para consultar la fecha de cobro de las prestaciones sociales de la Anses:<\/p>\n<ul>\n<li>Ingresar al\u00a0<a href=\"https:\/\/www.anses.gob.ar\/mi-anses\" target=\"_blank\" rel=\"nofollow\" title=\"http:\/\/www.anses.gob.ar\/mi-anses\">sitio web oficial de la Anses<\/a>. All\u00ed colocar el CUIL y la clave de la Seguridad Social.<\/li>\n<li>Completar el formulario digital con el n\u00famero de beneficio o de CUIL.<\/li>\n<li>Hacer clic en el bot\u00f3n de consulta para obtener el detalle.<\/li>\n<li>Verificar el lugar y la fecha asignada para percibir la prestaci\u00f3n correspondiente.<\/li>\n<\/ul>\n<p>\u200bEl organismo previsional contin\u00faa hoy con el calendario de pagos correspondiente al cuarto mes del a\u00f1o para los jubilados y la Prestaci\u00f3n por Desempleo, entre otras prestaciones sociales\u00a0\u00a0<\/p>","protected":false},"excerpt":{"rendered":"<p>Este lunes 27 de abril sigue el cronograma de pagos dispuesto por la Anses (Administraci\u00f3n&#8230;<\/p>\n","protected":false},"author":1,"featured_media":16545,"comment_status":"closed","ping_status":"closed","sticky":false,"template":"","format":"standard","meta":{"_jetpack_memberships_contains_paid_content":false,"footnotes":"","jetpack_publicize_message":"","jetpack_publicize_feature_enabled":true,"jetpack_social_post_already_shared":true,"jetpack_social_options":{"image_generator_settings":{"template":"highway","default_image_id":0,"font":"","enabled":false},"version":2}},"categories":[89],"tags":[],"class_list":["post-16544","post","type-post","status-publish","format-standard","has-post-thumbnail","hentry","category-nacionales"],"yoast_head":"<!-- This site is optimized with the Yoast SEO plugin v27.4 - https:\/\/yoast.com\/product\/yoast-seo-wordpress\/ -->\n<title>Fecha de cobro de Anses: el cronograma de pagos para este lunes 27 de abril -<\/title>\n<meta name=\"robots\" content=\"index, follow, max-snippet:-1, max-image-preview:large, max-video-preview:-1\" \/>\n<link rel=\"canonical\" href=\"https:\/\/impactocastex.com.ar\/?p=16544\" \/>\n<meta property=\"og:locale\" content=\"es_ES\" \/>\n<meta property=\"og:type\" content=\"article\" \/>\n<meta property=\"og:title\" content=\"Fecha de cobro de Anses: el cronograma de pagos para este lunes 27 de abril -\" \/>\n<meta property=\"og:description\" content=\"Este lunes 27 de abril sigue el cronograma de pagos dispuesto por la Anses (Administraci\u00f3n...\" \/>\n<meta property=\"og:url\" content=\"https:\/\/impactocastex.com.ar\/?p=16544\" \/>\n<meta property=\"article:publisher\" content=\"https:\/\/www.facebook.com\/impactocastexdiario\" \/>\n<meta property=\"article:published_time\" content=\"2026-04-27T10:20:24+00:00\" \/>\n<meta property=\"og:image\" content=\"https:\/\/resizer.glanacion.com\/resizer\/v2\/MPZTJHYSAJGCRBWGVFF2L4BZY4.jpg?auth=3496fba588b5662ddd9fa72ba9bea36df174ff9a6e35a055490816f07d08971c&amp;smart=true&amp;width=2000&amp;height=1333\" \/>\n<meta name=\"author\" content=\"impactocastex\" \/>\n<meta name=\"twitter:card\" content=\"summary_large_image\" \/>\n<meta name=\"twitter:label1\" content=\"Escrito por\" \/>\n\t<meta name=\"twitter:data1\" content=\"impactocastex\" \/>\n\t<meta name=\"twitter:label2\" content=\"Tiempo de lectura\" \/>\n\t<meta name=\"twitter:data2\" content=\"2 minutos\" \/>\n<script type=\"application\/ld+json\" class=\"yoast-schema-graph\">{\"@context\":\"https:\\\/\\\/schema.org\",\"@graph\":[{\"@type\":\"Article\",\"@id\":\"https:\\\/\\\/impactocastex.com.ar\\\/?p=16544#article\",\"isPartOf\":{\"@id\":\"https:\\\/\\\/impactocastex.com.ar\\\/?p=16544\"},\"author\":{\"name\":\"impactocastex\",\"@id\":\"https:\\\/\\\/impactocastex.com.ar\\\/#\\\/schema\\\/person\\\/86cb4f827fb5f87869a239b98a69c6e3\"},\"headline\":\"Fecha de cobro de Anses: el cronograma de pagos para este lunes 27 de abril\",\"datePublished\":\"2026-04-27T10:20:24+00:00\",\"mainEntityOfPage\":{\"@id\":\"https:\\\/\\\/impactocastex.com.ar\\\/?p=16544\"},\"wordCount\":478,\"publisher\":{\"@id\":\"https:\\\/\\\/impactocastex.com.ar\\\/#organization\"},\"image\":{\"@id\":\"https:\\\/\\\/impactocastex.com.ar\\\/?p=16544#primaryimage\"},\"thumbnailUrl\":\"https:\\\/\\\/impactocastex.com.ar\\\/wp-content\\\/uploads\\\/2026\\\/04\\\/Q3US5D4UXJA35OHREKSWLRNAPY-SEnMT6.jpg\",\"articleSection\":[\"NACIONALES\"],\"inLanguage\":\"es\"},{\"@type\":\"WebPage\",\"@id\":\"https:\\\/\\\/impactocastex.com.ar\\\/?p=16544\",\"url\":\"https:\\\/\\\/impactocastex.com.ar\\\/?p=16544\",\"name\":\"Fecha de cobro de Anses: el cronograma de pagos para este lunes 27 de abril -\",\"isPartOf\":{\"@id\":\"https:\\\/\\\/impactocastex.com.ar\\\/#website\"},\"primaryImageOfPage\":{\"@id\":\"https:\\\/\\\/impactocastex.com.ar\\\/?p=16544#primaryimage\"},\"image\":{\"@id\":\"https:\\\/\\\/impactocastex.com.ar\\\/?p=16544#primaryimage\"},\"thumbnailUrl\":\"https:\\\/\\\/impactocastex.com.ar\\\/wp-content\\\/uploads\\\/2026\\\/04\\\/Q3US5D4UXJA35OHREKSWLRNAPY-SEnMT6.jpg\",\"datePublished\":\"2026-04-27T10:20:24+00:00\",\"breadcrumb\":{\"@id\":\"https:\\\/\\\/impactocastex.com.ar\\\/?p=16544#breadcrumb\"},\"inLanguage\":\"es\",\"potentialAction\":[{\"@type\":\"ReadAction\",\"target\":[\"https:\\\/\\\/impactocastex.com.ar\\\/?p=16544\"]}]},{\"@type\":\"ImageObject\",\"inLanguage\":\"es\",\"@id\":\"https:\\\/\\\/impactocastex.com.ar\\\/?p=16544#primaryimage\",\"url\":\"https:\\\/\\\/impactocastex.com.ar\\\/wp-content\\\/uploads\\\/2026\\\/04\\\/Q3US5D4UXJA35OHREKSWLRNAPY-SEnMT6.jpg\",\"contentUrl\":\"https:\\\/\\\/impactocastex.com.ar\\\/wp-content\\\/uploads\\\/2026\\\/04\\\/Q3US5D4UXJA35OHREKSWLRNAPY-SEnMT6.jpg\",\"width\":2000,\"height\":1333},{\"@type\":\"BreadcrumbList\",\"@id\":\"https:\\\/\\\/impactocastex.com.ar\\\/?p=16544#breadcrumb\",\"itemListElement\":[{\"@type\":\"ListItem\",\"position\":1,\"name\":\"Portada\",\"item\":\"https:\\\/\\\/impactocastex.com.ar\\\/\"},{\"@type\":\"ListItem\",\"position\":2,\"name\":\"Fecha de cobro de Anses: el cronograma de pagos para este lunes 27 de abril\"}]},{\"@type\":\"WebSite\",\"@id\":\"https:\\\/\\\/impactocastex.com.ar\\\/#website\",\"url\":\"https:\\\/\\\/impactocastex.com.ar\\\/\",\"name\":\"Impacto Castex\",\"description\":\"\",\"publisher\":{\"@id\":\"https:\\\/\\\/impactocastex.com.ar\\\/#organization\"},\"potentialAction\":[{\"@type\":\"SearchAction\",\"target\":{\"@type\":\"EntryPoint\",\"urlTemplate\":\"https:\\\/\\\/impactocastex.com.ar\\\/?s={search_term_string}\"},\"query-input\":{\"@type\":\"PropertyValueSpecification\",\"valueRequired\":true,\"valueName\":\"search_term_string\"}}],\"inLanguage\":\"es\"},{\"@type\":\"Organization\",\"@id\":\"https:\\\/\\\/impactocastex.com.ar\\\/#organization\",\"name\":\"Impacto Castex\",\"url\":\"https:\\\/\\\/impactocastex.com.ar\\\/\",\"logo\":{\"@type\":\"ImageObject\",\"inLanguage\":\"es\",\"@id\":\"https:\\\/\\\/impactocastex.com.ar\\\/#\\\/schema\\\/logo\\\/image\\\/\",\"url\":\"https:\\\/\\\/impactocastex.com.ar\\\/wp-content\\\/uploads\\\/2025\\\/09\\\/cropped-icoweb.png\",\"contentUrl\":\"https:\\\/\\\/impactocastex.com.ar\\\/wp-content\\\/uploads\\\/2025\\\/09\\\/cropped-icoweb.png\",\"width\":512,\"height\":512,\"caption\":\"Impacto Castex\"},\"image\":{\"@id\":\"https:\\\/\\\/impactocastex.com.ar\\\/#\\\/schema\\\/logo\\\/image\\\/\"},\"sameAs\":[\"https:\\\/\\\/www.facebook.com\\\/impactocastexdiario\",\"https:\\\/\\\/www.instagram.com\\\/impactocastex.com.ar\\\/\"]},{\"@type\":\"Person\",\"@id\":\"https:\\\/\\\/impactocastex.com.ar\\\/#\\\/schema\\\/person\\\/86cb4f827fb5f87869a239b98a69c6e3\",\"name\":\"impactocastex\",\"image\":{\"@type\":\"ImageObject\",\"inLanguage\":\"es\",\"@id\":\"https:\\\/\\\/secure.gravatar.com\\\/avatar\\\/9a87ee051ca8c77f5d4070843ce2c78cdf95b858b950fb039151de955122f5f5?s=96&d=mm&r=g\",\"url\":\"https:\\\/\\\/secure.gravatar.com\\\/avatar\\\/9a87ee051ca8c77f5d4070843ce2c78cdf95b858b950fb039151de955122f5f5?s=96&d=mm&r=g\",\"contentUrl\":\"https:\\\/\\\/secure.gravatar.com\\\/avatar\\\/9a87ee051ca8c77f5d4070843ce2c78cdf95b858b950fb039151de955122f5f5?s=96&d=mm&r=g\",\"caption\":\"impactocastex\"},\"sameAs\":[\"https:\\\/\\\/impactocastex.com.ar\"],\"url\":\"https:\\\/\\\/impactocastex.com.ar\\\/?author=1\"}]}<\/script>\n<!-- \/ Yoast SEO plugin. -->","yoast_head_json":{"title":"Fecha de cobro de Anses: el cronograma de pagos para este lunes 27 de abril -","robots":{"index":"index","follow":"follow","max-snippet":"max-snippet:-1","max-image-preview":"max-image-preview:large","max-video-preview":"max-video-preview:-1"},"canonical":"https:\/\/impactocastex.com.ar\/?p=16544","og_locale":"es_ES","og_type":"article","og_title":"Fecha de cobro de Anses: el cronograma de pagos para este lunes 27 de abril -","og_description":"Este lunes 27 de abril sigue el cronograma de pagos dispuesto por la Anses (Administraci\u00f3n...","og_url":"https:\/\/impactocastex.com.ar\/?p=16544","article_publisher":"https:\/\/www.facebook.com\/impactocastexdiario","article_published_time":"2026-04-27T10:20:24+00:00","og_image":[{"url":"https:\/\/resizer.glanacion.com\/resizer\/v2\/MPZTJHYSAJGCRBWGVFF2L4BZY4.jpg?auth=3496fba588b5662ddd9fa72ba9bea36df174ff9a6e35a055490816f07d08971c&amp;smart=true&amp;width=2000&amp;height=1333","type":"","width":"","height":""}],"author":"impactocastex","twitter_card":"summary_large_image","twitter_misc":{"Escrito por":"impactocastex","Tiempo de lectura":"2 minutos"},"schema":{"@context":"https:\/\/schema.org","@graph":[{"@type":"Article","@id":"https:\/\/impactocastex.com.ar\/?p=16544#article","isPartOf":{"@id":"https:\/\/impactocastex.com.ar\/?p=16544"},"author":{"name":"impactocastex","@id":"https:\/\/impactocastex.com.ar\/#\/schema\/person\/86cb4f827fb5f87869a239b98a69c6e3"},"headline":"Fecha de cobro de Anses: el cronograma de pagos para este lunes 27 de abril","datePublished":"2026-04-27T10:20:24+00:00","mainEntityOfPage":{"@id":"https:\/\/impactocastex.com.ar\/?p=16544"},"wordCount":478,"publisher":{"@id":"https:\/\/impactocastex.com.ar\/#organization"},"image":{"@id":"https:\/\/impactocastex.com.ar\/?p=16544#primaryimage"},"thumbnailUrl":"https:\/\/impactocastex.com.ar\/wp-content\/uploads\/2026\/04\/Q3US5D4UXJA35OHREKSWLRNAPY-SEnMT6.jpg","articleSection":["NACIONALES"],"inLanguage":"es"},{"@type":"WebPage","@id":"https:\/\/impactocastex.com.ar\/?p=16544","url":"https:\/\/impactocastex.com.ar\/?p=16544","name":"Fecha de cobro de Anses: el cronograma de pagos para este lunes 27 de abril -","isPartOf":{"@id":"https:\/\/impactocastex.com.ar\/#website"},"primaryImageOfPage":{"@id":"https:\/\/impactocastex.com.ar\/?p=16544#primaryimage"},"image":{"@id":"https:\/\/impactocastex.com.ar\/?p=16544#primaryimage"},"thumbnailUrl":"https:\/\/impactocastex.com.ar\/wp-content\/uploads\/2026\/04\/Q3US5D4UXJA35OHREKSWLRNAPY-SEnMT6.jpg","datePublished":"2026-04-27T10:20:24+00:00","breadcrumb":{"@id":"https:\/\/impactocastex.com.ar\/?p=16544#breadcrumb"},"inLanguage":"es","potentialAction":[{"@type":"ReadAction","target":["https:\/\/impactocastex.com.ar\/?p=16544"]}]},{"@type":"ImageObject","inLanguage":"es","@id":"https:\/\/impactocastex.com.ar\/?p=16544#primaryimage","url":"https:\/\/impactocastex.com.ar\/wp-content\/uploads\/2026\/04\/Q3US5D4UXJA35OHREKSWLRNAPY-SEnMT6.jpg","contentUrl":"https:\/\/impactocastex.com.ar\/wp-content\/uploads\/2026\/04\/Q3US5D4UXJA35OHREKSWLRNAPY-SEnMT6.jpg","width":2000,"height":1333},{"@type":"BreadcrumbList","@id":"https:\/\/impactocastex.com.ar\/?p=16544#breadcrumb","itemListElement":[{"@type":"ListItem","position":1,"name":"Portada","item":"https:\/\/impactocastex.com.ar\/"},{"@type":"ListItem","position":2,"name":"Fecha de cobro de Anses: el cronograma de pagos para este lunes 27 de abril"}]},{"@type":"WebSite","@id":"https:\/\/impactocastex.com.ar\/#website","url":"https:\/\/impactocastex.com.ar\/","name":"Impacto Castex","description":"","publisher":{"@id":"https:\/\/impactocastex.com.ar\/#organization"},"potentialAction":[{"@type":"SearchAction","target":{"@type":"EntryPoint","urlTemplate":"https:\/\/impactocastex.com.ar\/?s={search_term_string}"},"query-input":{"@type":"PropertyValueSpecification","valueRequired":true,"valueName":"search_term_string"}}],"inLanguage":"es"},{"@type":"Organization","@id":"https:\/\/impactocastex.com.ar\/#organization","name":"Impacto Castex","url":"https:\/\/impactocastex.com.ar\/","logo":{"@type":"ImageObject","inLanguage":"es","@id":"https:\/\/impactocastex.com.ar\/#\/schema\/logo\/image\/","url":"https:\/\/impactocastex.com.ar\/wp-content\/uploads\/2025\/09\/cropped-icoweb.png","contentUrl":"https:\/\/impactocastex.com.ar\/wp-content\/uploads\/2025\/09\/cropped-icoweb.png","width":512,"height":512,"caption":"Impacto Castex"},"image":{"@id":"https:\/\/impactocastex.com.ar\/#\/schema\/logo\/image\/"},"sameAs":["https:\/\/www.facebook.com\/impactocastexdiario","https:\/\/www.instagram.com\/impactocastex.com.ar\/"]},{"@type":"Person","@id":"https:\/\/impactocastex.com.ar\/#\/schema\/person\/86cb4f827fb5f87869a239b98a69c6e3","name":"impactocastex","image":{"@type":"ImageObject","inLanguage":"es","@id":"https:\/\/secure.gravatar.com\/avatar\/9a87ee051ca8c77f5d4070843ce2c78cdf95b858b950fb039151de955122f5f5?s=96&d=mm&r=g","url":"https:\/\/secure.gravatar.com\/avatar\/9a87ee051ca8c77f5d4070843ce2c78cdf95b858b950fb039151de955122f5f5?s=96&d=mm&r=g","contentUrl":"https:\/\/secure.gravatar.com\/avatar\/9a87ee051ca8c77f5d4070843ce2c78cdf95b858b950fb039151de955122f5f5?s=96&d=mm&r=g","caption":"impactocastex"},"sameAs":["https:\/\/impactocastex.com.ar"],"url":"https:\/\/impactocastex.com.ar\/?author=1"}]}},"jetpack_publicize_connections":[],"featured_image_urls":{"full":["https:\/\/impactocastex.com.ar\/wp-content\/uploads\/2026\/04\/Q3US5D4UXJA35OHREKSWLRNAPY-SEnMT6.jpg",2000,1333,false],"thumbnail":["https:\/\/impactocastex.com.ar\/wp-content\/uploads\/2026\/04\/Q3US5D4UXJA35OHREKSWLRNAPY-SEnMT6-150x150.jpg",150,150,true],"medium":["https:\/\/impactocastex.com.ar\/wp-content\/uploads\/2026\/04\/Q3US5D4UXJA35OHREKSWLRNAPY-SEnMT6-300x200.jpg",300,200,true],"medium_large":["https:\/\/impactocastex.com.ar\/wp-content\/uploads\/2026\/04\/Q3US5D4UXJA35OHREKSWLRNAPY-SEnMT6-768x512.jpg",640,427,true],"large":["https:\/\/impactocastex.com.ar\/wp-content\/uploads\/2026\/04\/Q3US5D4UXJA35OHREKSWLRNAPY-SEnMT6-1024x682.jpg",640,426,true],"1536x1536":["https:\/\/impactocastex.com.ar\/wp-content\/uploads\/2026\/04\/Q3US5D4UXJA35OHREKSWLRNAPY-SEnMT6-1536x1024.jpg",1536,1024,true],"2048x2048":["https:\/\/impactocastex.com.ar\/wp-content\/uploads\/2026\/04\/Q3US5D4UXJA35OHREKSWLRNAPY-SEnMT6.jpg",2000,1333,false],"newsever-slider-full":["https:\/\/impactocastex.com.ar\/wp-content\/uploads\/2026\/04\/Q3US5D4UXJA35OHREKSWLRNAPY-SEnMT6-1280x845.jpg",1280,845,true],"newsever-featured":["https:\/\/impactocastex.com.ar\/wp-content\/uploads\/2026\/04\/Q3US5D4UXJA35OHREKSWLRNAPY-SEnMT6-1024x682.jpg",1024,682,true],"newsever-medium":["https:\/\/impactocastex.com.ar\/wp-content\/uploads\/2026\/04\/Q3US5D4UXJA35OHREKSWLRNAPY-SEnMT6-720x475.jpg",720,475,true]},"author_info":{"info":["impactocastex"]},"category_info":"<a href=\"https:\/\/impactocastex.com.ar\/?cat=89\" rel=\"category\">NACIONALES<\/a>","tag_info":"NACIONALES","comment_count":0,"jetpack_featured_media_url":"https:\/\/impactocastex.com.ar\/wp-content\/uploads\/2026\/04\/Q3US5D4UXJA35OHREKSWLRNAPY-SEnMT6.jpg","jetpack_sharing_enabled":true,"jetpack_likes_enabled":true,"jetpack_shortlink":"https:\/\/wp.me\/p7sopA-4iQ","_links":{"self":[{"href":"https:\/\/impactocastex.com.ar\/index.php?rest_route=\/wp\/v2\/posts\/16544","targetHints":{"allow":["GET"]}}],"collection":[{"href":"https:\/\/impactocastex.com.ar\/index.php?rest_route=\/wp\/v2\/posts"}],"about":[{"href":"https:\/\/impactocastex.com.ar\/index.php?rest_route=\/wp\/v2\/types\/post"}],"author":[{"embeddable":true,"href":"https:\/\/impactocastex.com.ar\/index.php?rest_route=\/wp\/v2\/users\/1"}],"replies":[{"embeddable":true,"href":"https:\/\/impactocastex.com.ar\/index.php?rest_route=%2Fwp%2Fv2%2Fcomments&post=16544"}],"version-history":[{"count":0,"href":"https:\/\/impactocastex.com.ar\/index.php?rest_route=\/wp\/v2\/posts\/16544\/revisions"}],"wp:featuredmedia":[{"embeddable":true,"href":"https:\/\/impactocastex.com.ar\/index.php?rest_route=\/wp\/v2\/media\/16545"}],"wp:attachment":[{"href":"https:\/\/impactocastex.com.ar\/index.php?rest_route=%2Fwp%2Fv2%2Fmedia&parent=16544"}],"wp:term":[{"taxonomy":"category","embeddable":true,"href":"https:\/\/impactocastex.com.ar\/index.php?rest_route=%2Fwp%2Fv2%2Fcategories&post=16544"},{"taxonomy":"post_tag","embeddable":true,"href":"https:\/\/impactocastex.com.ar\/index.php?rest_route=%2Fwp%2Fv2%2Ftags&post=16544"}],"curies":[{"name":"wp","href":"https:\/\/api.w.org\/{rel}","templated":true}]}}