{"id":16542,"date":"2026-04-27T07:20:37","date_gmt":"2026-04-27T10:20:37","guid":{"rendered":"https:\/\/impactocastex.com.ar\/?p=16542"},"modified":"2026-04-27T07:20:37","modified_gmt":"2026-04-27T10:20:37","slug":"jubilaciones-de-anses-quienes-cobran-este-lunes-27-de-abril","status":"publish","type":"post","link":"https:\/\/impactocastex.com.ar\/?p=16542","title":{"rendered":"Jubilaciones de Anses: qui\u00e9nes cobran este lunes 27 de abril"},"content":{"rendered":"<p>La <b>Anses <\/b>(Administraci\u00f3n Nacional de la Seguridad Social) contin\u00faa este <b>lunes 27 de abril<\/b> con la liquidaci\u00f3n de los haberes correspondientes al <a href=\"https:\/\/www.lanacion.com.ar\/economia\/cuando-cobro-anses-el-calendario-completo-de-abril-2026-nid31032026\/\" target=\"_self\" rel=\"\" title=\"https:\/\/www.lanacion.com.ar\/economia\/cuando-cobro-anses-el-calendario-completo-de-abril-2026-nid31032026\/\"><b>calendario de pagos del cuarto mes del a\u00f1o<\/b><\/a>. En ese contexto, hoy se distribuyen las <b>jubilaciones y pensiones <\/b>que superan el haber m\u00ednimo.<\/p>\n<p><img loading=\"lazy\" decoding=\"async\" src=\"https:\/\/resizer.glanacion.com\/resizer\/v2\/CISSAYLCU5HLHIIMLG24RKHIYA.jpg?auth=1934407a17604392118d747943a92fbad9452e174bb1506e9e0339497e19a4bf&amp;smart=true&amp;width=2000&amp;height=1333\" alt=\"Las jubilaciones se ajustan en un 2,90%\" height=\"1333\" width=\"2000\" \/><\/p>\n<p>En abril, a las jubilaciones y pensiones de la Anses se les aplica un <b>reajuste del 2,90%<\/b>, en concordancia con la inflaci\u00f3n registrada en febrero, que fue del 2,9%. Cabe aclarar que para este tipo de actualizaciones, que se hacen mes a mes, <b>se toman los porcentajes de incremento en los precios con dos decimales<\/b>, y eso arroja el valor exacto actualizado.<\/p>\n<p>Esta suba mensual modifica el monto del <b>haber m\u00ednimo <\/b>previsional, el de las prestaciones contributivas previsionales a cargo de la Anses, el de la <b>Pensi\u00f3n Universal para el Adulto Mayor <\/b>(PUAM), y las <b>Pensiones No Contributivas <\/b>por vejez, invalidez, madres de siete hijos o m\u00e1s y dem\u00e1s pensiones no contributivas y pensiones graciables.<\/p>\n<h1>Qui\u00e9nes cobran este lunes 27 de abril<\/h1>\n<table>\n<thead>\n<tr>\n<th>Prestaciones<\/th>\n<th>Terminaci\u00f3n del DNI<\/th>\n<th>Monto total a cobrar<\/th>\n<\/tr>\n<\/thead>\n<tbody>\n<tr>\n<td>Jubilaciones y pensiones que superan los haberes m\u00ednimos<\/td>\n<td>2 y 3<\/td>\n<td>Hasta $2.559.188,81<\/td>\n<\/tr>\n<\/tbody>\n<\/table>\n<p>Quienes a\u00fan no sepan cu\u00e1ndo es su turno para recibir el <b>pago de la prestaci\u00f3n, <\/b>pueden consultar<a href=\"https:\/\/www.anses.gob.ar\/consultas\/calendario-de-pagos\" target=\"_self\" rel=\"\" title=\"https:\/\/www.anses.gob.ar\/consultas\/calendario-de-pagos\"> el calendario de abril 2026 de la Anses<\/a>.<\/p>\n<h1>C\u00f3mo es la entrega del bono previsional de abril<\/h1>\n<p>El <b>bono extraordinario sigue siendo de $70.000<\/b>, cifra que no percibe cambios hace m\u00e1s de dos a\u00f1os. Se acredita directamente junto a los haberes y est\u00e1 destinado <b>de manera completa<\/b> a quienes cobran el <b>haber m\u00ednimo o pensiones no contributivas y PUAM<\/b>.<\/p>\n<p>Para beneficiarios con haberes superiores al m\u00ednimo, el bono se otorga en <b>forma proporcional<\/b> hasta alcanzar un <b>tope de $450.319,31.<\/b><\/p>\n<p><img loading=\"lazy\" decoding=\"async\" src=\"https:\/\/resizer.glanacion.com\/resizer\/v2\/DZ27GU5PBRD27LUFA7R5DS772Q.png?auth=4bc3702fc42f14f76ab390e237969b582c9aa177a2b8bc505c0d7d0902b65276&amp;smart=true&amp;width=2000&amp;height=1333\" alt=\"Las jubilaciones que abona Anses en la jornada\" height=\"1333\" width=\"2000\" \/><\/p>\n<h1>C\u00f3mo tramitar la jubilaci\u00f3n en la Anses<\/h1>\n<p>Para iniciar un<b> tr\u00e1mite jubilatorio <\/b>en la <a href=\"https:\/\/www.anses.gob.ar\/jubilaciones-y-pensiones\/como-iniciar-mi-jubilacion\" rel=\"\" title=\"Anses \"><b>Anses <\/b><\/a>es necesario seguir estos pasos:<\/p>\n<figure><video height=\"720\" width=\"1280\" poster=\"https:\/\/cdn.jwplayer.com\/v2\/media\/ENqyERZD\/poster.jpg?width=1280\" preload=\"none\"><\/video><figcaption>\u00bfC\u00f3mo crear la Clave de la Seguridad Social de la Anses?<\/figcaption><\/figure>\n<ul>\n<li>Ingresar al sitio oficial de la Anses y\u00a0<i>clickear\u00a0<\/i>en el apartado\u00a0<a href=\"https:\/\/www.anses.gob.ar\/mi-anses\" target=\"_blank\" rel=\"nofollow\" title=\"Mi Anses\">Mi Anses<\/a>. All\u00ed colocar el CUIL y la clave de la seguridad social.<\/li>\n<li>Verificar que todos los aportes est\u00e9n registrados, a trav\u00e9s de la opci\u00f3n Trabajo &gt; Consultar Historia Laboral.<\/li>\n<li>Si hubiese un faltante de aportes, se debe presentar la documentaci\u00f3n del per\u00edodo trabajado a trav\u00e9s de un comprobante de certificaci\u00f3n de servicios, recibos de sueldo, comprobantes de afiliaci\u00f3n a obra social o Declaraci\u00f3n Jurada. Tambi\u00e9n se debe completar el\u00a0<a href=\"https:\/\/www.anses.gob.ar\/sites\/default\/files\/formulario\/2021-05\/Form%20PS%20618%20Solicitud%20de%20prestaciones%20previsionales.pdf\" target=\"_blank\" rel=\"nofollow\" title=\"formulario 6.18\">formulario 6.18<\/a>, que corresponde la solicitud de prestaciones previsionales.<\/li>\n<li>Luego, se debe solicitar un turno en alguna de las oficinas de Anses. Es importante que ese d\u00eda el beneficiario lleve el DNI.<\/li>\n<\/ul>\n<p>\u200bEl organismo previsional contin\u00faa con el cronograma de pagos correspondiente al cuarto mes del a\u00f1o; hoy se pagan las jubilaciones y pensiones superiores\u00a0\u00a0<\/p>","protected":false},"excerpt":{"rendered":"<p>La Anses (Administraci\u00f3n Nacional de la Seguridad Social) contin\u00faa este lunes 27 de abril con&#8230;<\/p>\n","protected":false},"author":1,"featured_media":16543,"comment_status":"closed","ping_status":"closed","sticky":false,"template":"","format":"standard","meta":{"_jetpack_memberships_contains_paid_content":false,"footnotes":"","jetpack_publicize_message":"","jetpack_publicize_feature_enabled":true,"jetpack_social_post_already_shared":true,"jetpack_social_options":{"image_generator_settings":{"template":"highway","default_image_id":0,"font":"","enabled":false},"version":2}},"categories":[89],"tags":[],"class_list":["post-16542","post","type-post","status-publish","format-standard","has-post-thumbnail","hentry","category-nacionales"],"yoast_head":"<!-- This site is optimized with the Yoast SEO plugin v27.4 - https:\/\/yoast.com\/product\/yoast-seo-wordpress\/ -->\n<title>Jubilaciones de Anses: qui\u00e9nes cobran este lunes 27 de abril -<\/title>\n<meta name=\"robots\" content=\"index, follow, max-snippet:-1, max-image-preview:large, max-video-preview:-1\" \/>\n<link rel=\"canonical\" href=\"https:\/\/impactocastex.com.ar\/?p=16542\" \/>\n<meta property=\"og:locale\" content=\"es_ES\" \/>\n<meta property=\"og:type\" content=\"article\" \/>\n<meta property=\"og:title\" content=\"Jubilaciones de Anses: qui\u00e9nes cobran este lunes 27 de abril -\" \/>\n<meta property=\"og:description\" content=\"La Anses (Administraci\u00f3n Nacional de la Seguridad Social) contin\u00faa este lunes 27 de abril con...\" \/>\n<meta property=\"og:url\" content=\"https:\/\/impactocastex.com.ar\/?p=16542\" \/>\n<meta property=\"article:publisher\" content=\"https:\/\/www.facebook.com\/impactocastexdiario\" \/>\n<meta property=\"article:published_time\" content=\"2026-04-27T10:20:37+00:00\" \/>\n<meta property=\"og:image\" content=\"https:\/\/resizer.glanacion.com\/resizer\/v2\/CISSAYLCU5HLHIIMLG24RKHIYA.jpg?auth=1934407a17604392118d747943a92fbad9452e174bb1506e9e0339497e19a4bf&amp;smart=true&amp;width=2000&amp;height=1333\" \/>\n<meta name=\"author\" content=\"impactocastex\" \/>\n<meta name=\"twitter:card\" content=\"summary_large_image\" \/>\n<meta name=\"twitter:label1\" content=\"Escrito por\" \/>\n\t<meta name=\"twitter:data1\" content=\"impactocastex\" \/>\n\t<meta name=\"twitter:label2\" content=\"Tiempo de lectura\" \/>\n\t<meta name=\"twitter:data2\" content=\"2 minutos\" \/>\n<script type=\"application\/ld+json\" class=\"yoast-schema-graph\">{\"@context\":\"https:\\\/\\\/schema.org\",\"@graph\":[{\"@type\":\"Article\",\"@id\":\"https:\\\/\\\/impactocastex.com.ar\\\/?p=16542#article\",\"isPartOf\":{\"@id\":\"https:\\\/\\\/impactocastex.com.ar\\\/?p=16542\"},\"author\":{\"name\":\"impactocastex\",\"@id\":\"https:\\\/\\\/impactocastex.com.ar\\\/#\\\/schema\\\/person\\\/86cb4f827fb5f87869a239b98a69c6e3\"},\"headline\":\"Jubilaciones de Anses: qui\u00e9nes cobran este lunes 27 de abril\",\"datePublished\":\"2026-04-27T10:20:37+00:00\",\"mainEntityOfPage\":{\"@id\":\"https:\\\/\\\/impactocastex.com.ar\\\/?p=16542\"},\"wordCount\":489,\"publisher\":{\"@id\":\"https:\\\/\\\/impactocastex.com.ar\\\/#organization\"},\"image\":{\"@id\":\"https:\\\/\\\/impactocastex.com.ar\\\/?p=16542#primaryimage\"},\"thumbnailUrl\":\"https:\\\/\\\/impactocastex.com.ar\\\/wp-content\\\/uploads\\\/2026\\\/04\\\/G3NGD62XDJBOHGDEMAYKOWBNLI-VmHWDd.jpg\",\"articleSection\":[\"NACIONALES\"],\"inLanguage\":\"es\"},{\"@type\":\"WebPage\",\"@id\":\"https:\\\/\\\/impactocastex.com.ar\\\/?p=16542\",\"url\":\"https:\\\/\\\/impactocastex.com.ar\\\/?p=16542\",\"name\":\"Jubilaciones de Anses: qui\u00e9nes cobran este lunes 27 de abril -\",\"isPartOf\":{\"@id\":\"https:\\\/\\\/impactocastex.com.ar\\\/#website\"},\"primaryImageOfPage\":{\"@id\":\"https:\\\/\\\/impactocastex.com.ar\\\/?p=16542#primaryimage\"},\"image\":{\"@id\":\"https:\\\/\\\/impactocastex.com.ar\\\/?p=16542#primaryimage\"},\"thumbnailUrl\":\"https:\\\/\\\/impactocastex.com.ar\\\/wp-content\\\/uploads\\\/2026\\\/04\\\/G3NGD62XDJBOHGDEMAYKOWBNLI-VmHWDd.jpg\",\"datePublished\":\"2026-04-27T10:20:37+00:00\",\"breadcrumb\":{\"@id\":\"https:\\\/\\\/impactocastex.com.ar\\\/?p=16542#breadcrumb\"},\"inLanguage\":\"es\",\"potentialAction\":[{\"@type\":\"ReadAction\",\"target\":[\"https:\\\/\\\/impactocastex.com.ar\\\/?p=16542\"]}]},{\"@type\":\"ImageObject\",\"inLanguage\":\"es\",\"@id\":\"https:\\\/\\\/impactocastex.com.ar\\\/?p=16542#primaryimage\",\"url\":\"https:\\\/\\\/impactocastex.com.ar\\\/wp-content\\\/uploads\\\/2026\\\/04\\\/G3NGD62XDJBOHGDEMAYKOWBNLI-VmHWDd.jpg\",\"contentUrl\":\"https:\\\/\\\/impactocastex.com.ar\\\/wp-content\\\/uploads\\\/2026\\\/04\\\/G3NGD62XDJBOHGDEMAYKOWBNLI-VmHWDd.jpg\",\"width\":2000,\"height\":1333},{\"@type\":\"BreadcrumbList\",\"@id\":\"https:\\\/\\\/impactocastex.com.ar\\\/?p=16542#breadcrumb\",\"itemListElement\":[{\"@type\":\"ListItem\",\"position\":1,\"name\":\"Portada\",\"item\":\"https:\\\/\\\/impactocastex.com.ar\\\/\"},{\"@type\":\"ListItem\",\"position\":2,\"name\":\"Jubilaciones de Anses: qui\u00e9nes cobran este lunes 27 de abril\"}]},{\"@type\":\"WebSite\",\"@id\":\"https:\\\/\\\/impactocastex.com.ar\\\/#website\",\"url\":\"https:\\\/\\\/impactocastex.com.ar\\\/\",\"name\":\"Impacto Castex\",\"description\":\"\",\"publisher\":{\"@id\":\"https:\\\/\\\/impactocastex.com.ar\\\/#organization\"},\"potentialAction\":[{\"@type\":\"SearchAction\",\"target\":{\"@type\":\"EntryPoint\",\"urlTemplate\":\"https:\\\/\\\/impactocastex.com.ar\\\/?s={search_term_string}\"},\"query-input\":{\"@type\":\"PropertyValueSpecification\",\"valueRequired\":true,\"valueName\":\"search_term_string\"}}],\"inLanguage\":\"es\"},{\"@type\":\"Organization\",\"@id\":\"https:\\\/\\\/impactocastex.com.ar\\\/#organization\",\"name\":\"Impacto Castex\",\"url\":\"https:\\\/\\\/impactocastex.com.ar\\\/\",\"logo\":{\"@type\":\"ImageObject\",\"inLanguage\":\"es\",\"@id\":\"https:\\\/\\\/impactocastex.com.ar\\\/#\\\/schema\\\/logo\\\/image\\\/\",\"url\":\"https:\\\/\\\/impactocastex.com.ar\\\/wp-content\\\/uploads\\\/2025\\\/09\\\/cropped-icoweb.png\",\"contentUrl\":\"https:\\\/\\\/impactocastex.com.ar\\\/wp-content\\\/uploads\\\/2025\\\/09\\\/cropped-icoweb.png\",\"width\":512,\"height\":512,\"caption\":\"Impacto Castex\"},\"image\":{\"@id\":\"https:\\\/\\\/impactocastex.com.ar\\\/#\\\/schema\\\/logo\\\/image\\\/\"},\"sameAs\":[\"https:\\\/\\\/www.facebook.com\\\/impactocastexdiario\",\"https:\\\/\\\/www.instagram.com\\\/impactocastex.com.ar\\\/\"]},{\"@type\":\"Person\",\"@id\":\"https:\\\/\\\/impactocastex.com.ar\\\/#\\\/schema\\\/person\\\/86cb4f827fb5f87869a239b98a69c6e3\",\"name\":\"impactocastex\",\"image\":{\"@type\":\"ImageObject\",\"inLanguage\":\"es\",\"@id\":\"https:\\\/\\\/secure.gravatar.com\\\/avatar\\\/9a87ee051ca8c77f5d4070843ce2c78cdf95b858b950fb039151de955122f5f5?s=96&d=mm&r=g\",\"url\":\"https:\\\/\\\/secure.gravatar.com\\\/avatar\\\/9a87ee051ca8c77f5d4070843ce2c78cdf95b858b950fb039151de955122f5f5?s=96&d=mm&r=g\",\"contentUrl\":\"https:\\\/\\\/secure.gravatar.com\\\/avatar\\\/9a87ee051ca8c77f5d4070843ce2c78cdf95b858b950fb039151de955122f5f5?s=96&d=mm&r=g\",\"caption\":\"impactocastex\"},\"sameAs\":[\"https:\\\/\\\/impactocastex.com.ar\"],\"url\":\"https:\\\/\\\/impactocastex.com.ar\\\/?author=1\"}]}<\/script>\n<!-- \/ Yoast SEO plugin. -->","yoast_head_json":{"title":"Jubilaciones de Anses: qui\u00e9nes cobran este lunes 27 de abril -","robots":{"index":"index","follow":"follow","max-snippet":"max-snippet:-1","max-image-preview":"max-image-preview:large","max-video-preview":"max-video-preview:-1"},"canonical":"https:\/\/impactocastex.com.ar\/?p=16542","og_locale":"es_ES","og_type":"article","og_title":"Jubilaciones de Anses: qui\u00e9nes cobran este lunes 27 de abril -","og_description":"La Anses (Administraci\u00f3n Nacional de la Seguridad Social) contin\u00faa este lunes 27 de abril con...","og_url":"https:\/\/impactocastex.com.ar\/?p=16542","article_publisher":"https:\/\/www.facebook.com\/impactocastexdiario","article_published_time":"2026-04-27T10:20:37+00:00","og_image":[{"url":"https:\/\/resizer.glanacion.com\/resizer\/v2\/CISSAYLCU5HLHIIMLG24RKHIYA.jpg?auth=1934407a17604392118d747943a92fbad9452e174bb1506e9e0339497e19a4bf&amp;smart=true&amp;width=2000&amp;height=1333","type":"","width":"","height":""}],"author":"impactocastex","twitter_card":"summary_large_image","twitter_misc":{"Escrito por":"impactocastex","Tiempo de lectura":"2 minutos"},"schema":{"@context":"https:\/\/schema.org","@graph":[{"@type":"Article","@id":"https:\/\/impactocastex.com.ar\/?p=16542#article","isPartOf":{"@id":"https:\/\/impactocastex.com.ar\/?p=16542"},"author":{"name":"impactocastex","@id":"https:\/\/impactocastex.com.ar\/#\/schema\/person\/86cb4f827fb5f87869a239b98a69c6e3"},"headline":"Jubilaciones de Anses: qui\u00e9nes cobran este lunes 27 de abril","datePublished":"2026-04-27T10:20:37+00:00","mainEntityOfPage":{"@id":"https:\/\/impactocastex.com.ar\/?p=16542"},"wordCount":489,"publisher":{"@id":"https:\/\/impactocastex.com.ar\/#organization"},"image":{"@id":"https:\/\/impactocastex.com.ar\/?p=16542#primaryimage"},"thumbnailUrl":"https:\/\/impactocastex.com.ar\/wp-content\/uploads\/2026\/04\/G3NGD62XDJBOHGDEMAYKOWBNLI-VmHWDd.jpg","articleSection":["NACIONALES"],"inLanguage":"es"},{"@type":"WebPage","@id":"https:\/\/impactocastex.com.ar\/?p=16542","url":"https:\/\/impactocastex.com.ar\/?p=16542","name":"Jubilaciones de Anses: qui\u00e9nes cobran este lunes 27 de abril -","isPartOf":{"@id":"https:\/\/impactocastex.com.ar\/#website"},"primaryImageOfPage":{"@id":"https:\/\/impactocastex.com.ar\/?p=16542#primaryimage"},"image":{"@id":"https:\/\/impactocastex.com.ar\/?p=16542#primaryimage"},"thumbnailUrl":"https:\/\/impactocastex.com.ar\/wp-content\/uploads\/2026\/04\/G3NGD62XDJBOHGDEMAYKOWBNLI-VmHWDd.jpg","datePublished":"2026-04-27T10:20:37+00:00","breadcrumb":{"@id":"https:\/\/impactocastex.com.ar\/?p=16542#breadcrumb"},"inLanguage":"es","potentialAction":[{"@type":"ReadAction","target":["https:\/\/impactocastex.com.ar\/?p=16542"]}]},{"@type":"ImageObject","inLanguage":"es","@id":"https:\/\/impactocastex.com.ar\/?p=16542#primaryimage","url":"https:\/\/impactocastex.com.ar\/wp-content\/uploads\/2026\/04\/G3NGD62XDJBOHGDEMAYKOWBNLI-VmHWDd.jpg","contentUrl":"https:\/\/impactocastex.com.ar\/wp-content\/uploads\/2026\/04\/G3NGD62XDJBOHGDEMAYKOWBNLI-VmHWDd.jpg","width":2000,"height":1333},{"@type":"BreadcrumbList","@id":"https:\/\/impactocastex.com.ar\/?p=16542#breadcrumb","itemListElement":[{"@type":"ListItem","position":1,"name":"Portada","item":"https:\/\/impactocastex.com.ar\/"},{"@type":"ListItem","position":2,"name":"Jubilaciones de Anses: qui\u00e9nes cobran este lunes 27 de abril"}]},{"@type":"WebSite","@id":"https:\/\/impactocastex.com.ar\/#website","url":"https:\/\/impactocastex.com.ar\/","name":"Impacto Castex","description":"","publisher":{"@id":"https:\/\/impactocastex.com.ar\/#organization"},"potentialAction":[{"@type":"SearchAction","target":{"@type":"EntryPoint","urlTemplate":"https:\/\/impactocastex.com.ar\/?s={search_term_string}"},"query-input":{"@type":"PropertyValueSpecification","valueRequired":true,"valueName":"search_term_string"}}],"inLanguage":"es"},{"@type":"Organization","@id":"https:\/\/impactocastex.com.ar\/#organization","name":"Impacto Castex","url":"https:\/\/impactocastex.com.ar\/","logo":{"@type":"ImageObject","inLanguage":"es","@id":"https:\/\/impactocastex.com.ar\/#\/schema\/logo\/image\/","url":"https:\/\/impactocastex.com.ar\/wp-content\/uploads\/2025\/09\/cropped-icoweb.png","contentUrl":"https:\/\/impactocastex.com.ar\/wp-content\/uploads\/2025\/09\/cropped-icoweb.png","width":512,"height":512,"caption":"Impacto Castex"},"image":{"@id":"https:\/\/impactocastex.com.ar\/#\/schema\/logo\/image\/"},"sameAs":["https:\/\/www.facebook.com\/impactocastexdiario","https:\/\/www.instagram.com\/impactocastex.com.ar\/"]},{"@type":"Person","@id":"https:\/\/impactocastex.com.ar\/#\/schema\/person\/86cb4f827fb5f87869a239b98a69c6e3","name":"impactocastex","image":{"@type":"ImageObject","inLanguage":"es","@id":"https:\/\/secure.gravatar.com\/avatar\/9a87ee051ca8c77f5d4070843ce2c78cdf95b858b950fb039151de955122f5f5?s=96&d=mm&r=g","url":"https:\/\/secure.gravatar.com\/avatar\/9a87ee051ca8c77f5d4070843ce2c78cdf95b858b950fb039151de955122f5f5?s=96&d=mm&r=g","contentUrl":"https:\/\/secure.gravatar.com\/avatar\/9a87ee051ca8c77f5d4070843ce2c78cdf95b858b950fb039151de955122f5f5?s=96&d=mm&r=g","caption":"impactocastex"},"sameAs":["https:\/\/impactocastex.com.ar"],"url":"https:\/\/impactocastex.com.ar\/?author=1"}]}},"jetpack_publicize_connections":[],"featured_image_urls":{"full":["https:\/\/impactocastex.com.ar\/wp-content\/uploads\/2026\/04\/G3NGD62XDJBOHGDEMAYKOWBNLI-VmHWDd.jpg",2000,1333,false],"thumbnail":["https:\/\/impactocastex.com.ar\/wp-content\/uploads\/2026\/04\/G3NGD62XDJBOHGDEMAYKOWBNLI-VmHWDd-150x150.jpg",150,150,true],"medium":["https:\/\/impactocastex.com.ar\/wp-content\/uploads\/2026\/04\/G3NGD62XDJBOHGDEMAYKOWBNLI-VmHWDd-300x200.jpg",300,200,true],"medium_large":["https:\/\/impactocastex.com.ar\/wp-content\/uploads\/2026\/04\/G3NGD62XDJBOHGDEMAYKOWBNLI-VmHWDd-768x512.jpg",640,427,true],"large":["https:\/\/impactocastex.com.ar\/wp-content\/uploads\/2026\/04\/G3NGD62XDJBOHGDEMAYKOWBNLI-VmHWDd-1024x682.jpg",640,426,true],"1536x1536":["https:\/\/impactocastex.com.ar\/wp-content\/uploads\/2026\/04\/G3NGD62XDJBOHGDEMAYKOWBNLI-VmHWDd-1536x1024.jpg",1536,1024,true],"2048x2048":["https:\/\/impactocastex.com.ar\/wp-content\/uploads\/2026\/04\/G3NGD62XDJBOHGDEMAYKOWBNLI-VmHWDd.jpg",2000,1333,false],"newsever-slider-full":["https:\/\/impactocastex.com.ar\/wp-content\/uploads\/2026\/04\/G3NGD62XDJBOHGDEMAYKOWBNLI-VmHWDd-1280x845.jpg",1280,845,true],"newsever-featured":["https:\/\/impactocastex.com.ar\/wp-content\/uploads\/2026\/04\/G3NGD62XDJBOHGDEMAYKOWBNLI-VmHWDd-1024x682.jpg",1024,682,true],"newsever-medium":["https:\/\/impactocastex.com.ar\/wp-content\/uploads\/2026\/04\/G3NGD62XDJBOHGDEMAYKOWBNLI-VmHWDd-720x475.jpg",720,475,true]},"author_info":{"info":["impactocastex"]},"category_info":"<a href=\"https:\/\/impactocastex.com.ar\/?cat=89\" rel=\"category\">NACIONALES<\/a>","tag_info":"NACIONALES","comment_count":0,"jetpack_featured_media_url":"https:\/\/impactocastex.com.ar\/wp-content\/uploads\/2026\/04\/G3NGD62XDJBOHGDEMAYKOWBNLI-VmHWDd.jpg","jetpack_sharing_enabled":true,"jetpack_likes_enabled":true,"jetpack_shortlink":"https:\/\/wp.me\/p7sopA-4iO","_links":{"self":[{"href":"https:\/\/impactocastex.com.ar\/index.php?rest_route=\/wp\/v2\/posts\/16542","targetHints":{"allow":["GET"]}}],"collection":[{"href":"https:\/\/impactocastex.com.ar\/index.php?rest_route=\/wp\/v2\/posts"}],"about":[{"href":"https:\/\/impactocastex.com.ar\/index.php?rest_route=\/wp\/v2\/types\/post"}],"author":[{"embeddable":true,"href":"https:\/\/impactocastex.com.ar\/index.php?rest_route=\/wp\/v2\/users\/1"}],"replies":[{"embeddable":true,"href":"https:\/\/impactocastex.com.ar\/index.php?rest_route=%2Fwp%2Fv2%2Fcomments&post=16542"}],"version-history":[{"count":0,"href":"https:\/\/impactocastex.com.ar\/index.php?rest_route=\/wp\/v2\/posts\/16542\/revisions"}],"wp:featuredmedia":[{"embeddable":true,"href":"https:\/\/impactocastex.com.ar\/index.php?rest_route=\/wp\/v2\/media\/16543"}],"wp:attachment":[{"href":"https:\/\/impactocastex.com.ar\/index.php?rest_route=%2Fwp%2Fv2%2Fmedia&parent=16542"}],"wp:term":[{"taxonomy":"category","embeddable":true,"href":"https:\/\/impactocastex.com.ar\/index.php?rest_route=%2Fwp%2Fv2%2Fcategories&post=16542"},{"taxonomy":"post_tag","embeddable":true,"href":"https:\/\/impactocastex.com.ar\/index.php?rest_route=%2Fwp%2Fv2%2Ftags&post=16542"}],"curies":[{"name":"wp","href":"https:\/\/api.w.org\/{rel}","templated":true}]}}