{"id":16535,"date":"2026-04-26T22:50:53","date_gmt":"2026-04-27T01:50:53","guid":{"rendered":"https:\/\/impactocastex.com.ar\/?p=16535"},"modified":"2026-04-26T22:50:53","modified_gmt":"2026-04-27T01:50:53","slug":"designaron-al-reemplazante-del-funcionario-echado-y-nombraron-a-un-nuevo-secretario-de-transporte","status":"publish","type":"post","link":"https:\/\/impactocastex.com.ar\/?p=16535","title":{"rendered":"Designaron al reemplazante del funcionario echado y nombraron a un nuevo secretario de Transporte"},"content":{"rendered":"<div><img decoding=\"async\" src=\"https:\/\/www.clarin.com\/img\/2026\/01\/21\/nY65CYEPv_2000x1500__1.jpg\" class=\"ff-og-image-inserted\" \/><\/div>\n<div>\n<p><a href=\"https:\/\/www.clarin.com\/politica\/renuncio-carlos-frugoni-funcionario-economia-declaro-departamentos-estados-unidos_0_ZUULKvNzdX.html\" target=\"_blank\" title=\"Tras la salida de Carlos Frugoni \">Tras la salida de Carlos Frugoni <\/a>de la Secretar\u00eda de Coordinaci\u00f3n de Infraestructura del <strong>Ministerio de Econom\u00eda<\/strong>, luego de que se le descubrieran departamentos en Estados Unidos a su nombre sin declarar, el<strong> Gobierno nombr\u00f3 en su reemplazo a Fernando Herrmann<\/strong>, quien hasta este domingo se desempe\u00f1aba como secretario de Transporte.<\/p>\n<\/div>\n<div>\n<p>Los cambios se produjeron en medio del esc\u00e1ndalo protagonizado por el ahora exfuncionario, que <strong>omiti\u00f3 declarar ante la Oficina Anticorrupci\u00f3n y el fisco ser propietario de al menos cinco departamentos en Palm Beach,<\/strong> Estados Unidos. Ante el escenario planteado, este domingo se oficializ\u00f3 su salida de la Secretar\u00eda dependiente del \u00e1rea que comanda <strong>Luis Caputo<\/strong>.<\/p>\n<\/div>\n<div>\n<p>El cargo que dej\u00f3 vacante Frugoni ser\u00e1 cubierto por Hermann, quien hab\u00eda sido nombrado en la Secretar\u00eda de Transporte en enero de este a\u00f1o. <strong>Arquitecto de profesi\u00f3n<\/strong>, en aquel entonces fue presentado oficialmente como una persona \u201ccon una s\u00f3lida trayectoria profesional vinculada al desarrollo de obras de infraestructura y a la gesti\u00f3n del sector\u00bb.<\/p>\n<\/div>\n<div>\n<blockquote class=\"twitter-tweet\">\n<p lang=\"es\" dir=\"ltr\">COMUNICADO DEL MINISTERIO DE ECONOM\u00cdA<\/p>\n<p>El Secretario de Coordinaci\u00f3n de Infraestructura, Carlos Frugoni, present\u00f3 ayer su renuncia al cargo que desempe\u00f1aba desde enero del corriente a\u00f1o.<\/p>\n<p>En su reemplazo, el Ministro de Econom\u00eda designar\u00e1 a Fernando Herrmann como nuevo Secretario\u2026<\/p>\n<p>\u2014 Ministerio de Econom\u00eda (@MinEconomia_Ar) <a href=\"https:\/\/twitter.com\/MinEconomia_Ar\/status\/2048579210474643871?ref_src=twsrc%5Etfw\">April 27, 2026<\/a><\/p><\/blockquote>\n<\/div>\n<div>\n<p>El nuevo encargado de, entre otras cosas, avanzar con la privatizaci\u00f3n y concesi\u00f3n de rutas, es egresado de la Universidad de Belgrano, con orientaci\u00f3n en sistemas constructivos especiales, y posee un Master en Administraci\u00f3n de Empresas (EMBA) del Instituto de Altos Estudios Empresariales (IAE).<\/p>\n<\/div>\n<div>\n<p><strong>En el sector privado<\/strong> Herrman fue socio y director de varias empresas de proyectos y gesti\u00f3n de obras, como el estudio Hermann &amp; Arquitectos Asociados y Arquigrupo SRL.<\/p>\n<\/div>\n<div>\n<p>Tambi\u00e9n es docente en la Facultad de Arquitectura, Dise\u00f1o y Urbanismo (FADU) de la UBA, en el Consejo Profesional de Arquitectura y Urbanismo (CPAU), en la Universidad Nacional de San Mart\u00edn (UNSAM) y en la Federaci\u00f3n Argentina de Universidades Privadas (FAUP).<\/p>\n<\/div>\n<div>\n<p>En tanto, la <strong>Secretar\u00eda de Transporte<\/strong> pasar\u00e1 a ser ocupada por <strong>Mariano Plencovich<\/strong>, quien entre diciembre de 2023 y agosto de 2025 tuvo a su cargo la Subsecretar\u00eda de Transporte Automotor. Detr\u00e1s de Franco Mogetta, Luis Pierrini y Herrman, ser\u00e1 la cuarta persona en llegar a la conducci\u00f3n de esa \u00e1rea. <\/p>\n<\/div>\n<div>\n<p>Antes de su llegada a la Naci\u00f3n, Plencovich cumpli\u00f3 funciones dentro del gobierno de C\u00f3rdoba, donde desde 2020 fue Director General de Transporte.<\/p>\n<\/div>\n<div>\n<p>Sin mayores precisiones, la administraci\u00f3n de Javier Milei inform\u00f3 las modificaciones a trav\u00e9s de una publicaci\u00f3n en las redes oficiales de Econom\u00eda, en la que se limitaron a mencionar los nombres salientes y a sus reemplazos en los puestos.<\/p>\n<\/div>\n<p><strong><a href=\"https:\/\/blockads.fivefilters.org\/\">Adblock test<\/a><\/strong> <a href=\"https:\/\/blockads.fivefilters.org\/acceptable.html\">(Why?)<\/a><\/p>\n<p>\u200b\u00a0\u00a0\u200b<\/p>","protected":false},"excerpt":{"rendered":"<p>Tras la salida de Carlos Frugoni de la Secretar\u00eda de Coordinaci\u00f3n de Infraestructura del Ministerio&#8230;<\/p>\n","protected":false},"author":1,"featured_media":16536,"comment_status":"closed","ping_status":"closed","sticky":false,"template":"","format":"standard","meta":{"_jetpack_memberships_contains_paid_content":false,"footnotes":"","jetpack_publicize_message":"","jetpack_publicize_feature_enabled":true,"jetpack_social_post_already_shared":true,"jetpack_social_options":{"image_generator_settings":{"template":"highway","default_image_id":0,"font":"","enabled":false},"version":2}},"categories":[122],"tags":[],"class_list":["post-16535","post","type-post","status-publish","format-standard","has-post-thumbnail","hentry","category-politica"],"yoast_head":"<!-- This site is optimized with the Yoast SEO plugin v27.4 - https:\/\/yoast.com\/product\/yoast-seo-wordpress\/ -->\n<title>Designaron al reemplazante del funcionario echado y nombraron a un nuevo secretario de Transporte -<\/title>\n<meta name=\"robots\" content=\"index, follow, max-snippet:-1, max-image-preview:large, max-video-preview:-1\" \/>\n<link rel=\"canonical\" href=\"https:\/\/impactocastex.com.ar\/?p=16535\" \/>\n<meta property=\"og:locale\" content=\"es_ES\" \/>\n<meta property=\"og:type\" content=\"article\" \/>\n<meta property=\"og:title\" content=\"Designaron al reemplazante del funcionario echado y nombraron a un nuevo secretario de Transporte -\" \/>\n<meta property=\"og:description\" content=\"Tras la salida de Carlos Frugoni de la Secretar\u00eda de Coordinaci\u00f3n de Infraestructura del Ministerio...\" \/>\n<meta property=\"og:url\" content=\"https:\/\/impactocastex.com.ar\/?p=16535\" \/>\n<meta property=\"article:publisher\" content=\"https:\/\/www.facebook.com\/impactocastexdiario\" \/>\n<meta property=\"article:published_time\" content=\"2026-04-27T01:50:53+00:00\" \/>\n<meta property=\"og:image\" content=\"https:\/\/www.clarin.com\/img\/2026\/01\/21\/nY65CYEPv_2000x1500__1.jpg\" \/>\n<meta name=\"author\" content=\"impactocastex\" \/>\n<meta name=\"twitter:card\" content=\"summary_large_image\" \/>\n<meta name=\"twitter:label1\" content=\"Escrito por\" \/>\n\t<meta name=\"twitter:data1\" content=\"impactocastex\" \/>\n\t<meta name=\"twitter:label2\" content=\"Tiempo de lectura\" \/>\n\t<meta name=\"twitter:data2\" content=\"2 minutos\" \/>\n<script type=\"application\/ld+json\" class=\"yoast-schema-graph\">{\"@context\":\"https:\\\/\\\/schema.org\",\"@graph\":[{\"@type\":\"Article\",\"@id\":\"https:\\\/\\\/impactocastex.com.ar\\\/?p=16535#article\",\"isPartOf\":{\"@id\":\"https:\\\/\\\/impactocastex.com.ar\\\/?p=16535\"},\"author\":{\"name\":\"impactocastex\",\"@id\":\"https:\\\/\\\/impactocastex.com.ar\\\/#\\\/schema\\\/person\\\/86cb4f827fb5f87869a239b98a69c6e3\"},\"headline\":\"Designaron al reemplazante del funcionario echado y nombraron a un nuevo secretario de Transporte\",\"datePublished\":\"2026-04-27T01:50:53+00:00\",\"mainEntityOfPage\":{\"@id\":\"https:\\\/\\\/impactocastex.com.ar\\\/?p=16535\"},\"wordCount\":484,\"publisher\":{\"@id\":\"https:\\\/\\\/impactocastex.com.ar\\\/#organization\"},\"image\":{\"@id\":\"https:\\\/\\\/impactocastex.com.ar\\\/?p=16535#primaryimage\"},\"thumbnailUrl\":\"https:\\\/\\\/impactocastex.com.ar\\\/wp-content\\\/uploads\\\/2026\\\/04\\\/nY65CYEPv_1200x630__1-taWBnC.jpg\",\"articleSection\":[\"POLITICA\"],\"inLanguage\":\"es\"},{\"@type\":\"WebPage\",\"@id\":\"https:\\\/\\\/impactocastex.com.ar\\\/?p=16535\",\"url\":\"https:\\\/\\\/impactocastex.com.ar\\\/?p=16535\",\"name\":\"Designaron al reemplazante del funcionario echado y nombraron a un nuevo secretario de Transporte -\",\"isPartOf\":{\"@id\":\"https:\\\/\\\/impactocastex.com.ar\\\/#website\"},\"primaryImageOfPage\":{\"@id\":\"https:\\\/\\\/impactocastex.com.ar\\\/?p=16535#primaryimage\"},\"image\":{\"@id\":\"https:\\\/\\\/impactocastex.com.ar\\\/?p=16535#primaryimage\"},\"thumbnailUrl\":\"https:\\\/\\\/impactocastex.com.ar\\\/wp-content\\\/uploads\\\/2026\\\/04\\\/nY65CYEPv_1200x630__1-taWBnC.jpg\",\"datePublished\":\"2026-04-27T01:50:53+00:00\",\"breadcrumb\":{\"@id\":\"https:\\\/\\\/impactocastex.com.ar\\\/?p=16535#breadcrumb\"},\"inLanguage\":\"es\",\"potentialAction\":[{\"@type\":\"ReadAction\",\"target\":[\"https:\\\/\\\/impactocastex.com.ar\\\/?p=16535\"]}]},{\"@type\":\"ImageObject\",\"inLanguage\":\"es\",\"@id\":\"https:\\\/\\\/impactocastex.com.ar\\\/?p=16535#primaryimage\",\"url\":\"https:\\\/\\\/impactocastex.com.ar\\\/wp-content\\\/uploads\\\/2026\\\/04\\\/nY65CYEPv_1200x630__1-taWBnC.jpg\",\"contentUrl\":\"https:\\\/\\\/impactocastex.com.ar\\\/wp-content\\\/uploads\\\/2026\\\/04\\\/nY65CYEPv_1200x630__1-taWBnC.jpg\",\"width\":1200,\"height\":630},{\"@type\":\"BreadcrumbList\",\"@id\":\"https:\\\/\\\/impactocastex.com.ar\\\/?p=16535#breadcrumb\",\"itemListElement\":[{\"@type\":\"ListItem\",\"position\":1,\"name\":\"Portada\",\"item\":\"https:\\\/\\\/impactocastex.com.ar\\\/\"},{\"@type\":\"ListItem\",\"position\":2,\"name\":\"Designaron al reemplazante del funcionario echado y nombraron a un nuevo secretario de Transporte\"}]},{\"@type\":\"WebSite\",\"@id\":\"https:\\\/\\\/impactocastex.com.ar\\\/#website\",\"url\":\"https:\\\/\\\/impactocastex.com.ar\\\/\",\"name\":\"Impacto Castex\",\"description\":\"\",\"publisher\":{\"@id\":\"https:\\\/\\\/impactocastex.com.ar\\\/#organization\"},\"potentialAction\":[{\"@type\":\"SearchAction\",\"target\":{\"@type\":\"EntryPoint\",\"urlTemplate\":\"https:\\\/\\\/impactocastex.com.ar\\\/?s={search_term_string}\"},\"query-input\":{\"@type\":\"PropertyValueSpecification\",\"valueRequired\":true,\"valueName\":\"search_term_string\"}}],\"inLanguage\":\"es\"},{\"@type\":\"Organization\",\"@id\":\"https:\\\/\\\/impactocastex.com.ar\\\/#organization\",\"name\":\"Impacto Castex\",\"url\":\"https:\\\/\\\/impactocastex.com.ar\\\/\",\"logo\":{\"@type\":\"ImageObject\",\"inLanguage\":\"es\",\"@id\":\"https:\\\/\\\/impactocastex.com.ar\\\/#\\\/schema\\\/logo\\\/image\\\/\",\"url\":\"https:\\\/\\\/impactocastex.com.ar\\\/wp-content\\\/uploads\\\/2025\\\/09\\\/cropped-icoweb.png\",\"contentUrl\":\"https:\\\/\\\/impactocastex.com.ar\\\/wp-content\\\/uploads\\\/2025\\\/09\\\/cropped-icoweb.png\",\"width\":512,\"height\":512,\"caption\":\"Impacto Castex\"},\"image\":{\"@id\":\"https:\\\/\\\/impactocastex.com.ar\\\/#\\\/schema\\\/logo\\\/image\\\/\"},\"sameAs\":[\"https:\\\/\\\/www.facebook.com\\\/impactocastexdiario\",\"https:\\\/\\\/www.instagram.com\\\/impactocastex.com.ar\\\/\"]},{\"@type\":\"Person\",\"@id\":\"https:\\\/\\\/impactocastex.com.ar\\\/#\\\/schema\\\/person\\\/86cb4f827fb5f87869a239b98a69c6e3\",\"name\":\"impactocastex\",\"image\":{\"@type\":\"ImageObject\",\"inLanguage\":\"es\",\"@id\":\"https:\\\/\\\/secure.gravatar.com\\\/avatar\\\/9a87ee051ca8c77f5d4070843ce2c78cdf95b858b950fb039151de955122f5f5?s=96&d=mm&r=g\",\"url\":\"https:\\\/\\\/secure.gravatar.com\\\/avatar\\\/9a87ee051ca8c77f5d4070843ce2c78cdf95b858b950fb039151de955122f5f5?s=96&d=mm&r=g\",\"contentUrl\":\"https:\\\/\\\/secure.gravatar.com\\\/avatar\\\/9a87ee051ca8c77f5d4070843ce2c78cdf95b858b950fb039151de955122f5f5?s=96&d=mm&r=g\",\"caption\":\"impactocastex\"},\"sameAs\":[\"https:\\\/\\\/impactocastex.com.ar\"],\"url\":\"https:\\\/\\\/impactocastex.com.ar\\\/?author=1\"}]}<\/script>\n<!-- \/ Yoast SEO plugin. -->","yoast_head_json":{"title":"Designaron al reemplazante del funcionario echado y nombraron a un nuevo secretario de Transporte -","robots":{"index":"index","follow":"follow","max-snippet":"max-snippet:-1","max-image-preview":"max-image-preview:large","max-video-preview":"max-video-preview:-1"},"canonical":"https:\/\/impactocastex.com.ar\/?p=16535","og_locale":"es_ES","og_type":"article","og_title":"Designaron al reemplazante del funcionario echado y nombraron a un nuevo secretario de Transporte -","og_description":"Tras la salida de Carlos Frugoni de la Secretar\u00eda de Coordinaci\u00f3n de Infraestructura del Ministerio...","og_url":"https:\/\/impactocastex.com.ar\/?p=16535","article_publisher":"https:\/\/www.facebook.com\/impactocastexdiario","article_published_time":"2026-04-27T01:50:53+00:00","og_image":[{"url":"https:\/\/www.clarin.com\/img\/2026\/01\/21\/nY65CYEPv_2000x1500__1.jpg","type":"","width":"","height":""}],"author":"impactocastex","twitter_card":"summary_large_image","twitter_misc":{"Escrito por":"impactocastex","Tiempo de lectura":"2 minutos"},"schema":{"@context":"https:\/\/schema.org","@graph":[{"@type":"Article","@id":"https:\/\/impactocastex.com.ar\/?p=16535#article","isPartOf":{"@id":"https:\/\/impactocastex.com.ar\/?p=16535"},"author":{"name":"impactocastex","@id":"https:\/\/impactocastex.com.ar\/#\/schema\/person\/86cb4f827fb5f87869a239b98a69c6e3"},"headline":"Designaron al reemplazante del funcionario echado y nombraron a un nuevo secretario de Transporte","datePublished":"2026-04-27T01:50:53+00:00","mainEntityOfPage":{"@id":"https:\/\/impactocastex.com.ar\/?p=16535"},"wordCount":484,"publisher":{"@id":"https:\/\/impactocastex.com.ar\/#organization"},"image":{"@id":"https:\/\/impactocastex.com.ar\/?p=16535#primaryimage"},"thumbnailUrl":"https:\/\/impactocastex.com.ar\/wp-content\/uploads\/2026\/04\/nY65CYEPv_1200x630__1-taWBnC.jpg","articleSection":["POLITICA"],"inLanguage":"es"},{"@type":"WebPage","@id":"https:\/\/impactocastex.com.ar\/?p=16535","url":"https:\/\/impactocastex.com.ar\/?p=16535","name":"Designaron al reemplazante del funcionario echado y nombraron a un nuevo secretario de Transporte -","isPartOf":{"@id":"https:\/\/impactocastex.com.ar\/#website"},"primaryImageOfPage":{"@id":"https:\/\/impactocastex.com.ar\/?p=16535#primaryimage"},"image":{"@id":"https:\/\/impactocastex.com.ar\/?p=16535#primaryimage"},"thumbnailUrl":"https:\/\/impactocastex.com.ar\/wp-content\/uploads\/2026\/04\/nY65CYEPv_1200x630__1-taWBnC.jpg","datePublished":"2026-04-27T01:50:53+00:00","breadcrumb":{"@id":"https:\/\/impactocastex.com.ar\/?p=16535#breadcrumb"},"inLanguage":"es","potentialAction":[{"@type":"ReadAction","target":["https:\/\/impactocastex.com.ar\/?p=16535"]}]},{"@type":"ImageObject","inLanguage":"es","@id":"https:\/\/impactocastex.com.ar\/?p=16535#primaryimage","url":"https:\/\/impactocastex.com.ar\/wp-content\/uploads\/2026\/04\/nY65CYEPv_1200x630__1-taWBnC.jpg","contentUrl":"https:\/\/impactocastex.com.ar\/wp-content\/uploads\/2026\/04\/nY65CYEPv_1200x630__1-taWBnC.jpg","width":1200,"height":630},{"@type":"BreadcrumbList","@id":"https:\/\/impactocastex.com.ar\/?p=16535#breadcrumb","itemListElement":[{"@type":"ListItem","position":1,"name":"Portada","item":"https:\/\/impactocastex.com.ar\/"},{"@type":"ListItem","position":2,"name":"Designaron al reemplazante del funcionario echado y nombraron a un nuevo secretario de Transporte"}]},{"@type":"WebSite","@id":"https:\/\/impactocastex.com.ar\/#website","url":"https:\/\/impactocastex.com.ar\/","name":"Impacto Castex","description":"","publisher":{"@id":"https:\/\/impactocastex.com.ar\/#organization"},"potentialAction":[{"@type":"SearchAction","target":{"@type":"EntryPoint","urlTemplate":"https:\/\/impactocastex.com.ar\/?s={search_term_string}"},"query-input":{"@type":"PropertyValueSpecification","valueRequired":true,"valueName":"search_term_string"}}],"inLanguage":"es"},{"@type":"Organization","@id":"https:\/\/impactocastex.com.ar\/#organization","name":"Impacto Castex","url":"https:\/\/impactocastex.com.ar\/","logo":{"@type":"ImageObject","inLanguage":"es","@id":"https:\/\/impactocastex.com.ar\/#\/schema\/logo\/image\/","url":"https:\/\/impactocastex.com.ar\/wp-content\/uploads\/2025\/09\/cropped-icoweb.png","contentUrl":"https:\/\/impactocastex.com.ar\/wp-content\/uploads\/2025\/09\/cropped-icoweb.png","width":512,"height":512,"caption":"Impacto Castex"},"image":{"@id":"https:\/\/impactocastex.com.ar\/#\/schema\/logo\/image\/"},"sameAs":["https:\/\/www.facebook.com\/impactocastexdiario","https:\/\/www.instagram.com\/impactocastex.com.ar\/"]},{"@type":"Person","@id":"https:\/\/impactocastex.com.ar\/#\/schema\/person\/86cb4f827fb5f87869a239b98a69c6e3","name":"impactocastex","image":{"@type":"ImageObject","inLanguage":"es","@id":"https:\/\/secure.gravatar.com\/avatar\/9a87ee051ca8c77f5d4070843ce2c78cdf95b858b950fb039151de955122f5f5?s=96&d=mm&r=g","url":"https:\/\/secure.gravatar.com\/avatar\/9a87ee051ca8c77f5d4070843ce2c78cdf95b858b950fb039151de955122f5f5?s=96&d=mm&r=g","contentUrl":"https:\/\/secure.gravatar.com\/avatar\/9a87ee051ca8c77f5d4070843ce2c78cdf95b858b950fb039151de955122f5f5?s=96&d=mm&r=g","caption":"impactocastex"},"sameAs":["https:\/\/impactocastex.com.ar"],"url":"https:\/\/impactocastex.com.ar\/?author=1"}]}},"jetpack_publicize_connections":[],"featured_image_urls":{"full":["https:\/\/impactocastex.com.ar\/wp-content\/uploads\/2026\/04\/nY65CYEPv_1200x630__1-taWBnC.jpg",1200,630,false],"thumbnail":["https:\/\/impactocastex.com.ar\/wp-content\/uploads\/2026\/04\/nY65CYEPv_1200x630__1-taWBnC-150x150.jpg",150,150,true],"medium":["https:\/\/impactocastex.com.ar\/wp-content\/uploads\/2026\/04\/nY65CYEPv_1200x630__1-taWBnC-300x158.jpg",300,158,true],"medium_large":["https:\/\/impactocastex.com.ar\/wp-content\/uploads\/2026\/04\/nY65CYEPv_1200x630__1-taWBnC-768x403.jpg",640,336,true],"large":["https:\/\/impactocastex.com.ar\/wp-content\/uploads\/2026\/04\/nY65CYEPv_1200x630__1-taWBnC-1024x538.jpg",640,336,true],"1536x1536":["https:\/\/impactocastex.com.ar\/wp-content\/uploads\/2026\/04\/nY65CYEPv_1200x630__1-taWBnC.jpg",1200,630,false],"2048x2048":["https:\/\/impactocastex.com.ar\/wp-content\/uploads\/2026\/04\/nY65CYEPv_1200x630__1-taWBnC.jpg",1200,630,false],"newsever-slider-full":["https:\/\/impactocastex.com.ar\/wp-content\/uploads\/2026\/04\/nY65CYEPv_1200x630__1-taWBnC.jpg",1200,630,false],"newsever-featured":["https:\/\/impactocastex.com.ar\/wp-content\/uploads\/2026\/04\/nY65CYEPv_1200x630__1-taWBnC-1024x538.jpg",1024,538,true],"newsever-medium":["https:\/\/impactocastex.com.ar\/wp-content\/uploads\/2026\/04\/nY65CYEPv_1200x630__1-taWBnC-720x475.jpg",720,475,true]},"author_info":{"info":["impactocastex"]},"category_info":"<a href=\"https:\/\/impactocastex.com.ar\/?cat=122\" rel=\"category\">POLITICA<\/a>","tag_info":"POLITICA","comment_count":0,"jetpack_featured_media_url":"https:\/\/impactocastex.com.ar\/wp-content\/uploads\/2026\/04\/nY65CYEPv_1200x630__1-taWBnC.jpg","jetpack_sharing_enabled":true,"jetpack_likes_enabled":true,"jetpack_shortlink":"https:\/\/wp.me\/p7sopA-4iH","_links":{"self":[{"href":"https:\/\/impactocastex.com.ar\/index.php?rest_route=\/wp\/v2\/posts\/16535","targetHints":{"allow":["GET"]}}],"collection":[{"href":"https:\/\/impactocastex.com.ar\/index.php?rest_route=\/wp\/v2\/posts"}],"about":[{"href":"https:\/\/impactocastex.com.ar\/index.php?rest_route=\/wp\/v2\/types\/post"}],"author":[{"embeddable":true,"href":"https:\/\/impactocastex.com.ar\/index.php?rest_route=\/wp\/v2\/users\/1"}],"replies":[{"embeddable":true,"href":"https:\/\/impactocastex.com.ar\/index.php?rest_route=%2Fwp%2Fv2%2Fcomments&post=16535"}],"version-history":[{"count":0,"href":"https:\/\/impactocastex.com.ar\/index.php?rest_route=\/wp\/v2\/posts\/16535\/revisions"}],"wp:featuredmedia":[{"embeddable":true,"href":"https:\/\/impactocastex.com.ar\/index.php?rest_route=\/wp\/v2\/media\/16536"}],"wp:attachment":[{"href":"https:\/\/impactocastex.com.ar\/index.php?rest_route=%2Fwp%2Fv2%2Fmedia&parent=16535"}],"wp:term":[{"taxonomy":"category","embeddable":true,"href":"https:\/\/impactocastex.com.ar\/index.php?rest_route=%2Fwp%2Fv2%2Fcategories&post=16535"},{"taxonomy":"post_tag","embeddable":true,"href":"https:\/\/impactocastex.com.ar\/index.php?rest_route=%2Fwp%2Fv2%2Ftags&post=16535"}],"curies":[{"name":"wp","href":"https:\/\/api.w.org\/{rel}","templated":true}]}}