{"id":16531,"date":"2026-04-27T02:13:07","date_gmt":"2026-04-27T05:13:07","guid":{"rendered":"https:\/\/impactocastex.com.ar\/?p=16531"},"modified":"2026-04-27T02:13:07","modified_gmt":"2026-04-27T05:13:07","slug":"javier-milei-y-sus-medidas-en-vivo-el-respaldo-del-presidente-a-adorni-y-cambios-en-el-ministerio-de-economia","status":"publish","type":"post","link":"https:\/\/impactocastex.com.ar\/?p=16531","title":{"rendered":"Javier Milei y sus medidas, en vivo: el respaldo del Presidente a Adorni y cambios en el Ministerio de Econom\u00eda"},"content":{"rendered":"<p>El\u00a0<b>Gobierno\u00a0<\/b>dispuso que el esquema de\u00a0<b>aumentos de las tarifas de agua<\/b>\u00a0se modere a partir de\u00a0<b>mayo\u00a0<\/b>de 2026 a trav\u00e9s de una medida que redefine la din\u00e1mica de incrementos mensuales en el servicio prestado por\u00a0<b>Agua y Saneamientos Argentinos (Aysa)<\/b>. La decisi\u00f3n se formaliz\u00f3 mediante la Resoluci\u00f3n 14\/2026 del Ente Regulador de Agua y Saneamiento (ERAS), publicada este lunes en el Bolet\u00edn Oficial.<\/p>\n<p><a href=\"https:\/\/www.lanacion.com.ar\/politica\/el-gobierno-modera-el-esquema-de-aumentos-del-agua-a-partir-de-mayo-nid27042026\/\">Le\u00e9 la nota completa ac\u00e1<\/a><\/p>\n<p><b>La reforma pol\u00edtica no llega en el mejor momento del oficialismo en el Senado<\/b>. El \u00edndice de inflaci\u00f3n, que acumula 10 meses de alzas, y la interminable saga de problemas que tienen como protagonista al jefe de Gabinete,\u00a0<b>Manuel Adorni<\/b>, son dos pesados lastres con los que la bancada que conduce\u00a0<b>Patricia Bullrich<\/b>\u00a0(Capital) tendr\u00e1 que lidiar si quiere reeditar el paso victorioso con el que el Gobierno camin\u00f3 durante las sesiones extraordinarias de febrero.<\/p>\n<p><a href=\"https:\/\/www.lanacion.com.ar\/politica\/la-reforma-electoral-tensiona-la-mayoria-oficialista-en-el-senado-en-medio-de-una-creciente-nid27042026\/\">Le\u00e9 la nota completa ac\u00e1<\/a><\/p>\n<p>El secretario de Coordinaci\u00f3n de Infraestructura del Ministerio de Econom\u00eda, <b>Carlos Frugoni<\/b>, fue <b>despedido <\/b>del Gobierno luego de que le detectaran <b>al menos siete propiedades y dos sociedades comerciales en Estados Unidos que no declar\u00f3<\/b> ante la Oficina Anticorrupci\u00f3n (OA) ni la Agencia de Recaudaci\u00f3n y Control Aduanero (ARCA).<\/p>\n<p><a href=\"https:\/\/www.lanacion.com.ar\/politica\/echaron-a-carlos-frugoni-el-funcionario-de-economia-que-tiene-propiedades-sin-declarar-en-estados-nid26042026\/\">Le\u00e9 la nota completa ac\u00e1<\/a><\/p>\n<p>\u200bEl minuto a minuto de las decisiones del Presidente, las reacciones de la oposici\u00f3n y las declaraciones de los funcionarios\u00a0\u00a0<\/p>","protected":false},"excerpt":{"rendered":"<p>El\u00a0Gobierno\u00a0dispuso que el esquema de\u00a0aumentos de las tarifas de agua\u00a0se modere a partir de\u00a0mayo\u00a0de 2026&#8230;<\/p>\n","protected":false},"author":1,"featured_media":16532,"comment_status":"closed","ping_status":"closed","sticky":false,"template":"","format":"standard","meta":{"_jetpack_memberships_contains_paid_content":false,"footnotes":"","jetpack_publicize_message":"","jetpack_publicize_feature_enabled":true,"jetpack_social_post_already_shared":true,"jetpack_social_options":{"image_generator_settings":{"template":"highway","default_image_id":0,"font":"","enabled":false},"version":2}},"categories":[89],"tags":[],"class_list":["post-16531","post","type-post","status-publish","format-standard","has-post-thumbnail","hentry","category-nacionales"],"yoast_head":"<!-- This site is optimized with the Yoast SEO plugin v27.4 - https:\/\/yoast.com\/product\/yoast-seo-wordpress\/ -->\n<title>Javier Milei y sus medidas, en vivo: el respaldo del Presidente a Adorni y cambios en el Ministerio de Econom\u00eda -<\/title>\n<meta name=\"robots\" content=\"index, follow, max-snippet:-1, max-image-preview:large, max-video-preview:-1\" \/>\n<link rel=\"canonical\" href=\"https:\/\/impactocastex.com.ar\/?p=16531\" \/>\n<meta property=\"og:locale\" content=\"es_ES\" \/>\n<meta property=\"og:type\" content=\"article\" \/>\n<meta property=\"og:title\" content=\"Javier Milei y sus medidas, en vivo: el respaldo del Presidente a Adorni y cambios en el Ministerio de Econom\u00eda -\" \/>\n<meta property=\"og:description\" content=\"El\u00a0Gobierno\u00a0dispuso que el esquema de\u00a0aumentos de las tarifas de agua\u00a0se modere a partir de\u00a0mayo\u00a0de 2026...\" \/>\n<meta property=\"og:url\" content=\"https:\/\/impactocastex.com.ar\/?p=16531\" \/>\n<meta property=\"article:publisher\" content=\"https:\/\/www.facebook.com\/impactocastexdiario\" \/>\n<meta property=\"article:published_time\" content=\"2026-04-27T05:13:07+00:00\" \/>\n<meta name=\"author\" content=\"impactocastex\" \/>\n<meta name=\"twitter:card\" content=\"summary_large_image\" \/>\n<meta name=\"twitter:label1\" content=\"Escrito por\" \/>\n\t<meta name=\"twitter:data1\" content=\"impactocastex\" \/>\n\t<meta name=\"twitter:label2\" content=\"Tiempo de lectura\" \/>\n\t<meta name=\"twitter:data2\" content=\"1 minuto\" \/>\n<script type=\"application\/ld+json\" class=\"yoast-schema-graph\">{\"@context\":\"https:\\\/\\\/schema.org\",\"@graph\":[{\"@type\":\"Article\",\"@id\":\"https:\\\/\\\/impactocastex.com.ar\\\/?p=16531#article\",\"isPartOf\":{\"@id\":\"https:\\\/\\\/impactocastex.com.ar\\\/?p=16531\"},\"author\":{\"name\":\"impactocastex\",\"@id\":\"https:\\\/\\\/impactocastex.com.ar\\\/#\\\/schema\\\/person\\\/86cb4f827fb5f87869a239b98a69c6e3\"},\"headline\":\"Javier Milei y sus medidas, en vivo: el respaldo del Presidente a Adorni y cambios en el Ministerio de Econom\u00eda\",\"datePublished\":\"2026-04-27T05:13:07+00:00\",\"mainEntityOfPage\":{\"@id\":\"https:\\\/\\\/impactocastex.com.ar\\\/?p=16531\"},\"wordCount\":255,\"publisher\":{\"@id\":\"https:\\\/\\\/impactocastex.com.ar\\\/#organization\"},\"image\":{\"@id\":\"https:\\\/\\\/impactocastex.com.ar\\\/?p=16531#primaryimage\"},\"thumbnailUrl\":\"https:\\\/\\\/impactocastex.com.ar\\\/wp-content\\\/uploads\\\/2026\\\/04\\\/M4NVIJSYLZCKTO52OI6L43MGVI-S4pVhw-scaled.jpg\",\"articleSection\":[\"NACIONALES\"],\"inLanguage\":\"es\"},{\"@type\":\"WebPage\",\"@id\":\"https:\\\/\\\/impactocastex.com.ar\\\/?p=16531\",\"url\":\"https:\\\/\\\/impactocastex.com.ar\\\/?p=16531\",\"name\":\"Javier Milei y sus medidas, en vivo: el respaldo del Presidente a Adorni y cambios en el Ministerio de Econom\u00eda -\",\"isPartOf\":{\"@id\":\"https:\\\/\\\/impactocastex.com.ar\\\/#website\"},\"primaryImageOfPage\":{\"@id\":\"https:\\\/\\\/impactocastex.com.ar\\\/?p=16531#primaryimage\"},\"image\":{\"@id\":\"https:\\\/\\\/impactocastex.com.ar\\\/?p=16531#primaryimage\"},\"thumbnailUrl\":\"https:\\\/\\\/impactocastex.com.ar\\\/wp-content\\\/uploads\\\/2026\\\/04\\\/M4NVIJSYLZCKTO52OI6L43MGVI-S4pVhw-scaled.jpg\",\"datePublished\":\"2026-04-27T05:13:07+00:00\",\"breadcrumb\":{\"@id\":\"https:\\\/\\\/impactocastex.com.ar\\\/?p=16531#breadcrumb\"},\"inLanguage\":\"es\",\"potentialAction\":[{\"@type\":\"ReadAction\",\"target\":[\"https:\\\/\\\/impactocastex.com.ar\\\/?p=16531\"]}]},{\"@type\":\"ImageObject\",\"inLanguage\":\"es\",\"@id\":\"https:\\\/\\\/impactocastex.com.ar\\\/?p=16531#primaryimage\",\"url\":\"https:\\\/\\\/impactocastex.com.ar\\\/wp-content\\\/uploads\\\/2026\\\/04\\\/M4NVIJSYLZCKTO52OI6L43MGVI-S4pVhw-scaled.jpg\",\"contentUrl\":\"https:\\\/\\\/impactocastex.com.ar\\\/wp-content\\\/uploads\\\/2026\\\/04\\\/M4NVIJSYLZCKTO52OI6L43MGVI-S4pVhw-scaled.jpg\",\"width\":2560,\"height\":1706},{\"@type\":\"BreadcrumbList\",\"@id\":\"https:\\\/\\\/impactocastex.com.ar\\\/?p=16531#breadcrumb\",\"itemListElement\":[{\"@type\":\"ListItem\",\"position\":1,\"name\":\"Portada\",\"item\":\"https:\\\/\\\/impactocastex.com.ar\\\/\"},{\"@type\":\"ListItem\",\"position\":2,\"name\":\"Javier Milei y sus medidas, en vivo: el respaldo del Presidente a Adorni y cambios en el Ministerio de Econom\u00eda\"}]},{\"@type\":\"WebSite\",\"@id\":\"https:\\\/\\\/impactocastex.com.ar\\\/#website\",\"url\":\"https:\\\/\\\/impactocastex.com.ar\\\/\",\"name\":\"Impacto Castex\",\"description\":\"\",\"publisher\":{\"@id\":\"https:\\\/\\\/impactocastex.com.ar\\\/#organization\"},\"potentialAction\":[{\"@type\":\"SearchAction\",\"target\":{\"@type\":\"EntryPoint\",\"urlTemplate\":\"https:\\\/\\\/impactocastex.com.ar\\\/?s={search_term_string}\"},\"query-input\":{\"@type\":\"PropertyValueSpecification\",\"valueRequired\":true,\"valueName\":\"search_term_string\"}}],\"inLanguage\":\"es\"},{\"@type\":\"Organization\",\"@id\":\"https:\\\/\\\/impactocastex.com.ar\\\/#organization\",\"name\":\"Impacto Castex\",\"url\":\"https:\\\/\\\/impactocastex.com.ar\\\/\",\"logo\":{\"@type\":\"ImageObject\",\"inLanguage\":\"es\",\"@id\":\"https:\\\/\\\/impactocastex.com.ar\\\/#\\\/schema\\\/logo\\\/image\\\/\",\"url\":\"https:\\\/\\\/impactocastex.com.ar\\\/wp-content\\\/uploads\\\/2025\\\/09\\\/cropped-icoweb.png\",\"contentUrl\":\"https:\\\/\\\/impactocastex.com.ar\\\/wp-content\\\/uploads\\\/2025\\\/09\\\/cropped-icoweb.png\",\"width\":512,\"height\":512,\"caption\":\"Impacto Castex\"},\"image\":{\"@id\":\"https:\\\/\\\/impactocastex.com.ar\\\/#\\\/schema\\\/logo\\\/image\\\/\"},\"sameAs\":[\"https:\\\/\\\/www.facebook.com\\\/impactocastexdiario\",\"https:\\\/\\\/www.instagram.com\\\/impactocastex.com.ar\\\/\"]},{\"@type\":\"Person\",\"@id\":\"https:\\\/\\\/impactocastex.com.ar\\\/#\\\/schema\\\/person\\\/86cb4f827fb5f87869a239b98a69c6e3\",\"name\":\"impactocastex\",\"image\":{\"@type\":\"ImageObject\",\"inLanguage\":\"es\",\"@id\":\"https:\\\/\\\/secure.gravatar.com\\\/avatar\\\/9a87ee051ca8c77f5d4070843ce2c78cdf95b858b950fb039151de955122f5f5?s=96&d=mm&r=g\",\"url\":\"https:\\\/\\\/secure.gravatar.com\\\/avatar\\\/9a87ee051ca8c77f5d4070843ce2c78cdf95b858b950fb039151de955122f5f5?s=96&d=mm&r=g\",\"contentUrl\":\"https:\\\/\\\/secure.gravatar.com\\\/avatar\\\/9a87ee051ca8c77f5d4070843ce2c78cdf95b858b950fb039151de955122f5f5?s=96&d=mm&r=g\",\"caption\":\"impactocastex\"},\"sameAs\":[\"https:\\\/\\\/impactocastex.com.ar\"],\"url\":\"https:\\\/\\\/impactocastex.com.ar\\\/?author=1\"}]}<\/script>\n<!-- \/ Yoast SEO plugin. -->","yoast_head_json":{"title":"Javier Milei y sus medidas, en vivo: el respaldo del Presidente a Adorni y cambios en el Ministerio de Econom\u00eda -","robots":{"index":"index","follow":"follow","max-snippet":"max-snippet:-1","max-image-preview":"max-image-preview:large","max-video-preview":"max-video-preview:-1"},"canonical":"https:\/\/impactocastex.com.ar\/?p=16531","og_locale":"es_ES","og_type":"article","og_title":"Javier Milei y sus medidas, en vivo: el respaldo del Presidente a Adorni y cambios en el Ministerio de Econom\u00eda -","og_description":"El\u00a0Gobierno\u00a0dispuso que el esquema de\u00a0aumentos de las tarifas de agua\u00a0se modere a partir de\u00a0mayo\u00a0de 2026...","og_url":"https:\/\/impactocastex.com.ar\/?p=16531","article_publisher":"https:\/\/www.facebook.com\/impactocastexdiario","article_published_time":"2026-04-27T05:13:07+00:00","author":"impactocastex","twitter_card":"summary_large_image","twitter_misc":{"Escrito por":"impactocastex","Tiempo de lectura":"1 minuto"},"schema":{"@context":"https:\/\/schema.org","@graph":[{"@type":"Article","@id":"https:\/\/impactocastex.com.ar\/?p=16531#article","isPartOf":{"@id":"https:\/\/impactocastex.com.ar\/?p=16531"},"author":{"name":"impactocastex","@id":"https:\/\/impactocastex.com.ar\/#\/schema\/person\/86cb4f827fb5f87869a239b98a69c6e3"},"headline":"Javier Milei y sus medidas, en vivo: el respaldo del Presidente a Adorni y cambios en el Ministerio de Econom\u00eda","datePublished":"2026-04-27T05:13:07+00:00","mainEntityOfPage":{"@id":"https:\/\/impactocastex.com.ar\/?p=16531"},"wordCount":255,"publisher":{"@id":"https:\/\/impactocastex.com.ar\/#organization"},"image":{"@id":"https:\/\/impactocastex.com.ar\/?p=16531#primaryimage"},"thumbnailUrl":"https:\/\/impactocastex.com.ar\/wp-content\/uploads\/2026\/04\/M4NVIJSYLZCKTO52OI6L43MGVI-S4pVhw-scaled.jpg","articleSection":["NACIONALES"],"inLanguage":"es"},{"@type":"WebPage","@id":"https:\/\/impactocastex.com.ar\/?p=16531","url":"https:\/\/impactocastex.com.ar\/?p=16531","name":"Javier Milei y sus medidas, en vivo: el respaldo del Presidente a Adorni y cambios en el Ministerio de Econom\u00eda -","isPartOf":{"@id":"https:\/\/impactocastex.com.ar\/#website"},"primaryImageOfPage":{"@id":"https:\/\/impactocastex.com.ar\/?p=16531#primaryimage"},"image":{"@id":"https:\/\/impactocastex.com.ar\/?p=16531#primaryimage"},"thumbnailUrl":"https:\/\/impactocastex.com.ar\/wp-content\/uploads\/2026\/04\/M4NVIJSYLZCKTO52OI6L43MGVI-S4pVhw-scaled.jpg","datePublished":"2026-04-27T05:13:07+00:00","breadcrumb":{"@id":"https:\/\/impactocastex.com.ar\/?p=16531#breadcrumb"},"inLanguage":"es","potentialAction":[{"@type":"ReadAction","target":["https:\/\/impactocastex.com.ar\/?p=16531"]}]},{"@type":"ImageObject","inLanguage":"es","@id":"https:\/\/impactocastex.com.ar\/?p=16531#primaryimage","url":"https:\/\/impactocastex.com.ar\/wp-content\/uploads\/2026\/04\/M4NVIJSYLZCKTO52OI6L43MGVI-S4pVhw-scaled.jpg","contentUrl":"https:\/\/impactocastex.com.ar\/wp-content\/uploads\/2026\/04\/M4NVIJSYLZCKTO52OI6L43MGVI-S4pVhw-scaled.jpg","width":2560,"height":1706},{"@type":"BreadcrumbList","@id":"https:\/\/impactocastex.com.ar\/?p=16531#breadcrumb","itemListElement":[{"@type":"ListItem","position":1,"name":"Portada","item":"https:\/\/impactocastex.com.ar\/"},{"@type":"ListItem","position":2,"name":"Javier Milei y sus medidas, en vivo: el respaldo del Presidente a Adorni y cambios en el Ministerio de Econom\u00eda"}]},{"@type":"WebSite","@id":"https:\/\/impactocastex.com.ar\/#website","url":"https:\/\/impactocastex.com.ar\/","name":"Impacto Castex","description":"","publisher":{"@id":"https:\/\/impactocastex.com.ar\/#organization"},"potentialAction":[{"@type":"SearchAction","target":{"@type":"EntryPoint","urlTemplate":"https:\/\/impactocastex.com.ar\/?s={search_term_string}"},"query-input":{"@type":"PropertyValueSpecification","valueRequired":true,"valueName":"search_term_string"}}],"inLanguage":"es"},{"@type":"Organization","@id":"https:\/\/impactocastex.com.ar\/#organization","name":"Impacto Castex","url":"https:\/\/impactocastex.com.ar\/","logo":{"@type":"ImageObject","inLanguage":"es","@id":"https:\/\/impactocastex.com.ar\/#\/schema\/logo\/image\/","url":"https:\/\/impactocastex.com.ar\/wp-content\/uploads\/2025\/09\/cropped-icoweb.png","contentUrl":"https:\/\/impactocastex.com.ar\/wp-content\/uploads\/2025\/09\/cropped-icoweb.png","width":512,"height":512,"caption":"Impacto Castex"},"image":{"@id":"https:\/\/impactocastex.com.ar\/#\/schema\/logo\/image\/"},"sameAs":["https:\/\/www.facebook.com\/impactocastexdiario","https:\/\/www.instagram.com\/impactocastex.com.ar\/"]},{"@type":"Person","@id":"https:\/\/impactocastex.com.ar\/#\/schema\/person\/86cb4f827fb5f87869a239b98a69c6e3","name":"impactocastex","image":{"@type":"ImageObject","inLanguage":"es","@id":"https:\/\/secure.gravatar.com\/avatar\/9a87ee051ca8c77f5d4070843ce2c78cdf95b858b950fb039151de955122f5f5?s=96&d=mm&r=g","url":"https:\/\/secure.gravatar.com\/avatar\/9a87ee051ca8c77f5d4070843ce2c78cdf95b858b950fb039151de955122f5f5?s=96&d=mm&r=g","contentUrl":"https:\/\/secure.gravatar.com\/avatar\/9a87ee051ca8c77f5d4070843ce2c78cdf95b858b950fb039151de955122f5f5?s=96&d=mm&r=g","caption":"impactocastex"},"sameAs":["https:\/\/impactocastex.com.ar"],"url":"https:\/\/impactocastex.com.ar\/?author=1"}]}},"jetpack_publicize_connections":[],"featured_image_urls":{"full":["https:\/\/impactocastex.com.ar\/wp-content\/uploads\/2026\/04\/M4NVIJSYLZCKTO52OI6L43MGVI-S4pVhw-scaled.jpg",2560,1706,false],"thumbnail":["https:\/\/impactocastex.com.ar\/wp-content\/uploads\/2026\/04\/M4NVIJSYLZCKTO52OI6L43MGVI-S4pVhw-150x150.jpg",150,150,true],"medium":["https:\/\/impactocastex.com.ar\/wp-content\/uploads\/2026\/04\/M4NVIJSYLZCKTO52OI6L43MGVI-S4pVhw-300x200.jpg",300,200,true],"medium_large":["https:\/\/impactocastex.com.ar\/wp-content\/uploads\/2026\/04\/M4NVIJSYLZCKTO52OI6L43MGVI-S4pVhw-768x512.jpg",640,427,true],"large":["https:\/\/impactocastex.com.ar\/wp-content\/uploads\/2026\/04\/M4NVIJSYLZCKTO52OI6L43MGVI-S4pVhw-1024x683.jpg",640,427,true],"1536x1536":["https:\/\/impactocastex.com.ar\/wp-content\/uploads\/2026\/04\/M4NVIJSYLZCKTO52OI6L43MGVI-S4pVhw-1536x1024.jpg",1536,1024,true],"2048x2048":["https:\/\/impactocastex.com.ar\/wp-content\/uploads\/2026\/04\/M4NVIJSYLZCKTO52OI6L43MGVI-S4pVhw-2048x1365.jpg",2048,1365,true],"newsever-slider-full":["https:\/\/impactocastex.com.ar\/wp-content\/uploads\/2026\/04\/M4NVIJSYLZCKTO52OI6L43MGVI-S4pVhw-1280x845.jpg",1280,845,true],"newsever-featured":["https:\/\/impactocastex.com.ar\/wp-content\/uploads\/2026\/04\/M4NVIJSYLZCKTO52OI6L43MGVI-S4pVhw-1024x683.jpg",1024,683,true],"newsever-medium":["https:\/\/impactocastex.com.ar\/wp-content\/uploads\/2026\/04\/M4NVIJSYLZCKTO52OI6L43MGVI-S4pVhw-720x475.jpg",720,475,true]},"author_info":{"info":["impactocastex"]},"category_info":"<a href=\"https:\/\/impactocastex.com.ar\/?cat=89\" rel=\"category\">NACIONALES<\/a>","tag_info":"NACIONALES","comment_count":0,"jetpack_featured_media_url":"https:\/\/impactocastex.com.ar\/wp-content\/uploads\/2026\/04\/M4NVIJSYLZCKTO52OI6L43MGVI-S4pVhw-scaled.jpg","jetpack_sharing_enabled":true,"jetpack_likes_enabled":true,"jetpack_shortlink":"https:\/\/wp.me\/p7sopA-4iD","_links":{"self":[{"href":"https:\/\/impactocastex.com.ar\/index.php?rest_route=\/wp\/v2\/posts\/16531","targetHints":{"allow":["GET"]}}],"collection":[{"href":"https:\/\/impactocastex.com.ar\/index.php?rest_route=\/wp\/v2\/posts"}],"about":[{"href":"https:\/\/impactocastex.com.ar\/index.php?rest_route=\/wp\/v2\/types\/post"}],"author":[{"embeddable":true,"href":"https:\/\/impactocastex.com.ar\/index.php?rest_route=\/wp\/v2\/users\/1"}],"replies":[{"embeddable":true,"href":"https:\/\/impactocastex.com.ar\/index.php?rest_route=%2Fwp%2Fv2%2Fcomments&post=16531"}],"version-history":[{"count":0,"href":"https:\/\/impactocastex.com.ar\/index.php?rest_route=\/wp\/v2\/posts\/16531\/revisions"}],"wp:featuredmedia":[{"embeddable":true,"href":"https:\/\/impactocastex.com.ar\/index.php?rest_route=\/wp\/v2\/media\/16532"}],"wp:attachment":[{"href":"https:\/\/impactocastex.com.ar\/index.php?rest_route=%2Fwp%2Fv2%2Fmedia&parent=16531"}],"wp:term":[{"taxonomy":"category","embeddable":true,"href":"https:\/\/impactocastex.com.ar\/index.php?rest_route=%2Fwp%2Fv2%2Fcategories&post=16531"},{"taxonomy":"post_tag","embeddable":true,"href":"https:\/\/impactocastex.com.ar\/index.php?rest_route=%2Fwp%2Fv2%2Ftags&post=16531"}],"curies":[{"name":"wp","href":"https:\/\/api.w.org\/{rel}","templated":true}]}}