{"id":16525,"date":"2026-04-27T01:08:39","date_gmt":"2026-04-27T04:08:39","guid":{"rendered":"https:\/\/impactocastex.com.ar\/?p=16525"},"modified":"2026-04-27T01:08:39","modified_gmt":"2026-04-27T04:08:39","slug":"susana-gimenez-reaparecio-en-los-martin-fierro-de-la-moda-con-un-emotivo-homenaje-me-quede-muda","status":"publish","type":"post","link":"https:\/\/impactocastex.com.ar\/?p=16525","title":{"rendered":"Susana Gim\u00e9nez reapareci\u00f3 en los Mart\u00edn Fierro de la Moda con un emotivo homenaje: \u201cMe qued\u00e9 muda\u201d"},"content":{"rendered":"<p>Lejos de guardar reposo, <a href=\"https:\/\/www.lanacion.com.ar\/espectaculos\/personajes\/la-salud-de-susana-gimenez-como-seran-los-proximos-dias-de-la-diva-entre-estudios-medicos-y-una-nid23042026\/\" target=\"_self\" rel=\"\" title=\"https:\/\/www.lanacion.com.ar\/espectaculos\/personajes\/la-salud-de-susana-gimenez-como-seran-los-proximos-dias-de-la-diva-entre-estudios-medicos-y-una-nid23042026\/\">tal como le recomendaron los especialistas<\/a>, <b>Susana Gim\u00e9nez<\/b> reapareci\u00f3 el domingo por la noche en<b> <\/b><a href=\"https:\/\/www.lanacion.com.ar\/espectaculos\/personajes\/martin-fierro-de-la-moda-2026-los-nominados-los-conductores-las-figuras-homenajeadas-y-un-invitado-nid24042026\/\" target=\"_self\" rel=\"\" title=\"https:\/\/www.lanacion.com.ar\/espectaculos\/personajes\/martin-fierro-de-la-moda-2026-los-nominados-los-conductores-las-figuras-homenajeadas-y-un-invitado-nid24042026\/\"><b>la gala de los Mart\u00edn Fierro de la Moda<\/b><\/a><b> <\/b>y se convirti\u00f3 en una de las grandes protagonistas de la velada: la diva de la televisi\u00f3n argentina fue homenajeada por su compromiso con la moda nacional e internacional con un original desfile en el que se pudieron ver varios de los vestidos m\u00e1s recordados que luci\u00f3 a lo largo de su carrera.<\/p>\n<p>Susana Gim\u00e9nez lleg\u00f3 a Telefe con su hija, <b>Mercedes Sarrabayrouse<\/b>, y entr\u00f3 al estudio una vez terminada la alfombra roja. El homenaje lleg\u00f3 luego de los primeros premios de la gala. <\/p>\n<p>Despu\u00e9s de compartir un video con un repaso de la carrera y el particular estilo de la conductora y actriz a lo largo de los a\u00f1os, el escenario se convirti\u00f3 en una pasarela en la que un grupo de modelos mostr\u00f3 algunos de sus dise\u00f1os m\u00e1s recordados. Mientras tanto, en la pantalla grande ubicada al fondo, se ve\u00eda la imagen de Susana hecha con Inteligencia Artificial caminando con ese mismo look.<\/p>\n<p>Luego de una gran ovaci\u00f3n, Susana recibi\u00f3 la estatuilla de manos del reconocido dise\u00f1ador Adri\u00e1n Appiolaza, tras intercambiar algunas palabras en italiano, se dispuso a agradecer el honor. \u201cAy, casi me trago el micr\u00f3fono\u201d, solt\u00f3, espont\u00e1nea y fiel a su estilo, cuando se dio vuelta para hablar. \u201c<b>Me pasaron tantas cosas cuando ve\u00eda eso\u2026 me pasaron las d\u00e9cadas. \u00a1Qu\u00e9 guachos que son! D\u00e9cadas, d\u00e9cadas, d\u00e9cadas<\/b>. Y es verdad que es as\u00ed. \u00bfCu\u00e1nto hice el programa? Treinta y cinco a\u00f1os\u201d, resalt\u00f3 sorprendida la conductora de 82 a\u00f1os por el paso del tiempo.<\/p>\n<p>Susana cont\u00f3 que en sus inicios la moda argentina estaba en auge y ella ped\u00eda prestado, y luego devolv\u00eda lo que usada. \u201cDespu\u00e9s, con el programa diario me paso a este canal, toda una cosa de locos, dije \u2018voy a cambiar un poco de look\u2019, y me puse mi estilo\u201d, record\u00f3, y de inmediato aclar\u00f3 que a partir de ah\u00ed se hizo cargo tambi\u00e9n de financiarlo. \u201cMe lo compro. Esa es la desgracia. Pero bueno, no me importa. Estoy feliz porque todo el mundo me reconoce con lo que yo me pongo. A m\u00ed me gusta\u201d, se sincer\u00f3, y despert\u00f3 las risas entre los presentes.<\/p>\n<p><img loading=\"lazy\" decoding=\"async\" src=\"https:\/\/resizer.glanacion.com\/resizer\/v2\/2M5UCYM6K5H5PHMN4EW3IR5GKU.JPEG?auth=df5a96f253d7d78177e8086e4eeee17c3150ebca77131ed39acd532cf37ce4b7&amp;smart=true&amp;width=1500&amp;height=2000\" alt=\"Susana lleg\u00f3 con su hija, Mercedes Sarrabayrouse\" height=\"2000\" width=\"1500\" \/><\/p>\n<p>Relajada y con su desparpajo de siempre, la diva aprovech\u00f3 la oportunidad para hacerle un pase de factura a Aptra. \u201d<b>Es la primera vez que me dan el Mart\u00edn Fierro de la Moda. No s\u00e9 si este es el cuarto a\u00f1o\u2026 nunca me lo dieron<\/b>\u201d, brome\u00f3. Despu\u00e9s agradeci\u00f3 la puesta en escena. \u201cLa verdad es que fue tan impresionante que me qued\u00e9 muda. Tuve que tomar agua en c\u00e1mara. Me qued\u00e9\u2026 Es brutal lo que hicieron\u201d, se\u00f1al\u00f3. <\/p>\n<p>A\u00fan impactada, record\u00f3 cuando ella, en su programa, us\u00f3 la IA para entrevistarse a s\u00ed misma. \u201c\u00bfSe acuerdan cuando vino la Mari chiquita al programa? Bueno, hace poco, el antea\u00f1o, en el \u00faltimo programa que hice, ganamos un premio en Estados Unidos compartiendo con americanos que hab\u00edan hecho eso. Fue un orgullo. Y ahora veo esto y, en un a\u00f1o y medio, adelant\u00f3 m\u00e1s todav\u00eda. Es impresionante\u201d, celebr\u00f3.<\/p>\n<p><img loading=\"lazy\" decoding=\"async\" src=\"https:\/\/resizer.glanacion.com\/resizer\/v2\/KUPR7KDWJZFC5NJGID6GRRVFUU.JPEG?auth=f86879c6869e8a438cba6f7605eb78be37bf0d934cda315b8dd1ba494d37bb7b&amp;smart=true&amp;width=1500&amp;height=2000\" alt=\"La diva eligi\u00f3 un vestido negro al cuerpo de Dolce Gabanna\" height=\"2000\" width=\"1500\" \/><\/p>\n<p>Luego de mencionar a las autoridades del canal y a su vestuarista, Susana Gim\u00e9nez cerr\u00f3 con un agradecimiento a su casa, Telefe. <\/p>\n<h1>La salud de Susana<\/h1>\n<p>La semana pasada, la salud de Susana Gim\u00e9nez gener\u00f3 preocupaci\u00f3n: se supo que la conductora deber\u00e1 ingresar de nuevo al quir\u00f3fano. Seg\u00fan pudo saber <b>LA NACION<\/b>, se realizar\u00e1 un estudio que permitir\u00e1 al profesional que la trata tener un panorama m\u00e1s claro y un diagn\u00f3stico m\u00e1s certero sobre el estado de la hernia de disco que le provoca fuertes molestias. \u201cTiene que hacerse estudios para ver c\u00f3mo sigue la hernia. Por el momento, es solo de rutina\u201d, sostuvo una persona que pertenece al c\u00edrculo m\u00e1s \u00edntimo de la diva. \u201cTiene molestias \u2013agreg\u00f3-. En principio, la situaci\u00f3n no es operable, pero hay que ver la evoluci\u00f3n\u201d, continu\u00f3, al tiempo que indic\u00f3 que en Espa\u00f1a le realizaron sesiones de fisioterapia. <\/p>\n<p><img loading=\"lazy\" decoding=\"async\" src=\"https:\/\/resizer.glanacion.com\/resizer\/v2\/JQSALP6AURHOHCBIHPKZTGTXMA.jpg?auth=3f0c2cf2c1e112649044a996fecb66fdda56a83103462b7f8183e8ce369212e3&amp;smart=true&amp;width=2000&amp;height=1333\" alt=\"Susana Gim\u00e9nez, due\u00f1a de un estilo muy personal\" height=\"1333\" width=\"2000\" \/><\/p>\n<p>En enero y febrero pasado, la diva se instal\u00f3 en Madrid para tratar sus molestias lumbares con un especialista. A su regreso, se la vio muy bien. Es por eso que ahora deber\u00e1 controlar la evoluci\u00f3n de la lesi\u00f3n. \u201cLos estudios arrojar\u00e1n resultados, y ah\u00ed se sabr\u00e1 c\u00f3mo seguir\u201d, indic\u00f3 una de las personas que m\u00e1s conoce a la diva.<\/p>\n<p>\u201cTendr\u00eda que quedarse quieta y no lo hace. Tendr\u00eda que cuidarse m\u00e1s, pero no puede con su genio\u201d, consider\u00f3 una fuente cercana a la diva, que en ese momento ya hab\u00eda confirmado su presencia en los Mart\u00edn Fierro de la Moda 2026. <\/p>\n<p>\u200bAptra reconoci\u00f3 a la diva por su compromiso con la moda y repas\u00f3 con un desfile original algunos de sus looks m\u00e1s recordados\u00a0\u00a0<\/p>","protected":false},"excerpt":{"rendered":"<p>Lejos de guardar reposo, tal como le recomendaron los especialistas, Susana Gim\u00e9nez reapareci\u00f3 el domingo&#8230;<\/p>\n","protected":false},"author":1,"featured_media":16526,"comment_status":"closed","ping_status":"closed","sticky":false,"template":"","format":"standard","meta":{"_jetpack_memberships_contains_paid_content":false,"footnotes":"","jetpack_publicize_message":"","jetpack_publicize_feature_enabled":true,"jetpack_social_post_already_shared":true,"jetpack_social_options":{"image_generator_settings":{"template":"highway","default_image_id":0,"font":"","enabled":false},"version":2}},"categories":[89],"tags":[],"class_list":["post-16525","post","type-post","status-publish","format-standard","has-post-thumbnail","hentry","category-nacionales"],"yoast_head":"<!-- This site is optimized with the Yoast SEO plugin v27.4 - https:\/\/yoast.com\/product\/yoast-seo-wordpress\/ -->\n<title>Susana Gim\u00e9nez reapareci\u00f3 en los Mart\u00edn Fierro de la Moda con un emotivo homenaje: \u201cMe qued\u00e9 muda\u201d -<\/title>\n<meta name=\"robots\" content=\"index, follow, max-snippet:-1, max-image-preview:large, max-video-preview:-1\" \/>\n<link rel=\"canonical\" href=\"https:\/\/impactocastex.com.ar\/?p=16525\" \/>\n<meta property=\"og:locale\" content=\"es_ES\" \/>\n<meta property=\"og:type\" content=\"article\" \/>\n<meta property=\"og:title\" content=\"Susana Gim\u00e9nez reapareci\u00f3 en los Mart\u00edn Fierro de la Moda con un emotivo homenaje: \u201cMe qued\u00e9 muda\u201d -\" \/>\n<meta property=\"og:description\" content=\"Lejos de guardar reposo, tal como le recomendaron los especialistas, Susana Gim\u00e9nez reapareci\u00f3 el domingo...\" \/>\n<meta property=\"og:url\" content=\"https:\/\/impactocastex.com.ar\/?p=16525\" \/>\n<meta property=\"article:publisher\" content=\"https:\/\/www.facebook.com\/impactocastexdiario\" \/>\n<meta property=\"article:published_time\" content=\"2026-04-27T04:08:39+00:00\" \/>\n<meta property=\"og:image\" content=\"https:\/\/resizer.glanacion.com\/resizer\/v2\/2M5UCYM6K5H5PHMN4EW3IR5GKU.JPEG?auth=df5a96f253d7d78177e8086e4eeee17c3150ebca77131ed39acd532cf37ce4b7&amp;smart=true&amp;width=1500&amp;height=2000\" \/>\n<meta name=\"author\" content=\"impactocastex\" \/>\n<meta name=\"twitter:card\" content=\"summary_large_image\" \/>\n<meta name=\"twitter:label1\" content=\"Escrito por\" \/>\n\t<meta name=\"twitter:data1\" content=\"impactocastex\" \/>\n\t<meta name=\"twitter:label2\" content=\"Tiempo de lectura\" \/>\n\t<meta name=\"twitter:data2\" content=\"4 minutos\" \/>\n<script type=\"application\/ld+json\" class=\"yoast-schema-graph\">{\"@context\":\"https:\\\/\\\/schema.org\",\"@graph\":[{\"@type\":\"Article\",\"@id\":\"https:\\\/\\\/impactocastex.com.ar\\\/?p=16525#article\",\"isPartOf\":{\"@id\":\"https:\\\/\\\/impactocastex.com.ar\\\/?p=16525\"},\"author\":{\"name\":\"impactocastex\",\"@id\":\"https:\\\/\\\/impactocastex.com.ar\\\/#\\\/schema\\\/person\\\/86cb4f827fb5f87869a239b98a69c6e3\"},\"headline\":\"Susana Gim\u00e9nez reapareci\u00f3 en los Mart\u00edn Fierro de la Moda con un emotivo homenaje: \u201cMe qued\u00e9 muda\u201d\",\"datePublished\":\"2026-04-27T04:08:39+00:00\",\"mainEntityOfPage\":{\"@id\":\"https:\\\/\\\/impactocastex.com.ar\\\/?p=16525\"},\"wordCount\":874,\"publisher\":{\"@id\":\"https:\\\/\\\/impactocastex.com.ar\\\/#organization\"},\"image\":{\"@id\":\"https:\\\/\\\/impactocastex.com.ar\\\/?p=16525#primaryimage\"},\"thumbnailUrl\":\"https:\\\/\\\/impactocastex.com.ar\\\/wp-content\\\/uploads\\\/2026\\\/04\\\/AJ5K24ERANCF3NE2G4DIAIQLEU-Cl3rHO.jpg\",\"articleSection\":[\"NACIONALES\"],\"inLanguage\":\"es\"},{\"@type\":\"WebPage\",\"@id\":\"https:\\\/\\\/impactocastex.com.ar\\\/?p=16525\",\"url\":\"https:\\\/\\\/impactocastex.com.ar\\\/?p=16525\",\"name\":\"Susana Gim\u00e9nez reapareci\u00f3 en los Mart\u00edn Fierro de la Moda con un emotivo homenaje: \u201cMe qued\u00e9 muda\u201d -\",\"isPartOf\":{\"@id\":\"https:\\\/\\\/impactocastex.com.ar\\\/#website\"},\"primaryImageOfPage\":{\"@id\":\"https:\\\/\\\/impactocastex.com.ar\\\/?p=16525#primaryimage\"},\"image\":{\"@id\":\"https:\\\/\\\/impactocastex.com.ar\\\/?p=16525#primaryimage\"},\"thumbnailUrl\":\"https:\\\/\\\/impactocastex.com.ar\\\/wp-content\\\/uploads\\\/2026\\\/04\\\/AJ5K24ERANCF3NE2G4DIAIQLEU-Cl3rHO.jpg\",\"datePublished\":\"2026-04-27T04:08:39+00:00\",\"breadcrumb\":{\"@id\":\"https:\\\/\\\/impactocastex.com.ar\\\/?p=16525#breadcrumb\"},\"inLanguage\":\"es\",\"potentialAction\":[{\"@type\":\"ReadAction\",\"target\":[\"https:\\\/\\\/impactocastex.com.ar\\\/?p=16525\"]}]},{\"@type\":\"ImageObject\",\"inLanguage\":\"es\",\"@id\":\"https:\\\/\\\/impactocastex.com.ar\\\/?p=16525#primaryimage\",\"url\":\"https:\\\/\\\/impactocastex.com.ar\\\/wp-content\\\/uploads\\\/2026\\\/04\\\/AJ5K24ERANCF3NE2G4DIAIQLEU-Cl3rHO.jpg\",\"contentUrl\":\"https:\\\/\\\/impactocastex.com.ar\\\/wp-content\\\/uploads\\\/2026\\\/04\\\/AJ5K24ERANCF3NE2G4DIAIQLEU-Cl3rHO.jpg\",\"width\":585,\"height\":399},{\"@type\":\"BreadcrumbList\",\"@id\":\"https:\\\/\\\/impactocastex.com.ar\\\/?p=16525#breadcrumb\",\"itemListElement\":[{\"@type\":\"ListItem\",\"position\":1,\"name\":\"Portada\",\"item\":\"https:\\\/\\\/impactocastex.com.ar\\\/\"},{\"@type\":\"ListItem\",\"position\":2,\"name\":\"Susana Gim\u00e9nez reapareci\u00f3 en los Mart\u00edn Fierro de la Moda con un emotivo homenaje: \u201cMe qued\u00e9 muda\u201d\"}]},{\"@type\":\"WebSite\",\"@id\":\"https:\\\/\\\/impactocastex.com.ar\\\/#website\",\"url\":\"https:\\\/\\\/impactocastex.com.ar\\\/\",\"name\":\"Impacto Castex\",\"description\":\"\",\"publisher\":{\"@id\":\"https:\\\/\\\/impactocastex.com.ar\\\/#organization\"},\"potentialAction\":[{\"@type\":\"SearchAction\",\"target\":{\"@type\":\"EntryPoint\",\"urlTemplate\":\"https:\\\/\\\/impactocastex.com.ar\\\/?s={search_term_string}\"},\"query-input\":{\"@type\":\"PropertyValueSpecification\",\"valueRequired\":true,\"valueName\":\"search_term_string\"}}],\"inLanguage\":\"es\"},{\"@type\":\"Organization\",\"@id\":\"https:\\\/\\\/impactocastex.com.ar\\\/#organization\",\"name\":\"Impacto Castex\",\"url\":\"https:\\\/\\\/impactocastex.com.ar\\\/\",\"logo\":{\"@type\":\"ImageObject\",\"inLanguage\":\"es\",\"@id\":\"https:\\\/\\\/impactocastex.com.ar\\\/#\\\/schema\\\/logo\\\/image\\\/\",\"url\":\"https:\\\/\\\/impactocastex.com.ar\\\/wp-content\\\/uploads\\\/2025\\\/09\\\/cropped-icoweb.png\",\"contentUrl\":\"https:\\\/\\\/impactocastex.com.ar\\\/wp-content\\\/uploads\\\/2025\\\/09\\\/cropped-icoweb.png\",\"width\":512,\"height\":512,\"caption\":\"Impacto Castex\"},\"image\":{\"@id\":\"https:\\\/\\\/impactocastex.com.ar\\\/#\\\/schema\\\/logo\\\/image\\\/\"},\"sameAs\":[\"https:\\\/\\\/www.facebook.com\\\/impactocastexdiario\",\"https:\\\/\\\/www.instagram.com\\\/impactocastex.com.ar\\\/\"]},{\"@type\":\"Person\",\"@id\":\"https:\\\/\\\/impactocastex.com.ar\\\/#\\\/schema\\\/person\\\/86cb4f827fb5f87869a239b98a69c6e3\",\"name\":\"impactocastex\",\"image\":{\"@type\":\"ImageObject\",\"inLanguage\":\"es\",\"@id\":\"https:\\\/\\\/secure.gravatar.com\\\/avatar\\\/9a87ee051ca8c77f5d4070843ce2c78cdf95b858b950fb039151de955122f5f5?s=96&d=mm&r=g\",\"url\":\"https:\\\/\\\/secure.gravatar.com\\\/avatar\\\/9a87ee051ca8c77f5d4070843ce2c78cdf95b858b950fb039151de955122f5f5?s=96&d=mm&r=g\",\"contentUrl\":\"https:\\\/\\\/secure.gravatar.com\\\/avatar\\\/9a87ee051ca8c77f5d4070843ce2c78cdf95b858b950fb039151de955122f5f5?s=96&d=mm&r=g\",\"caption\":\"impactocastex\"},\"sameAs\":[\"https:\\\/\\\/impactocastex.com.ar\"],\"url\":\"https:\\\/\\\/impactocastex.com.ar\\\/?author=1\"}]}<\/script>\n<!-- \/ Yoast SEO plugin. -->","yoast_head_json":{"title":"Susana Gim\u00e9nez reapareci\u00f3 en los Mart\u00edn Fierro de la Moda con un emotivo homenaje: \u201cMe qued\u00e9 muda\u201d -","robots":{"index":"index","follow":"follow","max-snippet":"max-snippet:-1","max-image-preview":"max-image-preview:large","max-video-preview":"max-video-preview:-1"},"canonical":"https:\/\/impactocastex.com.ar\/?p=16525","og_locale":"es_ES","og_type":"article","og_title":"Susana Gim\u00e9nez reapareci\u00f3 en los Mart\u00edn Fierro de la Moda con un emotivo homenaje: \u201cMe qued\u00e9 muda\u201d -","og_description":"Lejos de guardar reposo, tal como le recomendaron los especialistas, Susana Gim\u00e9nez reapareci\u00f3 el domingo...","og_url":"https:\/\/impactocastex.com.ar\/?p=16525","article_publisher":"https:\/\/www.facebook.com\/impactocastexdiario","article_published_time":"2026-04-27T04:08:39+00:00","og_image":[{"url":"https:\/\/resizer.glanacion.com\/resizer\/v2\/2M5UCYM6K5H5PHMN4EW3IR5GKU.JPEG?auth=df5a96f253d7d78177e8086e4eeee17c3150ebca77131ed39acd532cf37ce4b7&amp;smart=true&amp;width=1500&amp;height=2000","type":"","width":"","height":""}],"author":"impactocastex","twitter_card":"summary_large_image","twitter_misc":{"Escrito por":"impactocastex","Tiempo de lectura":"4 minutos"},"schema":{"@context":"https:\/\/schema.org","@graph":[{"@type":"Article","@id":"https:\/\/impactocastex.com.ar\/?p=16525#article","isPartOf":{"@id":"https:\/\/impactocastex.com.ar\/?p=16525"},"author":{"name":"impactocastex","@id":"https:\/\/impactocastex.com.ar\/#\/schema\/person\/86cb4f827fb5f87869a239b98a69c6e3"},"headline":"Susana Gim\u00e9nez reapareci\u00f3 en los Mart\u00edn Fierro de la Moda con un emotivo homenaje: \u201cMe qued\u00e9 muda\u201d","datePublished":"2026-04-27T04:08:39+00:00","mainEntityOfPage":{"@id":"https:\/\/impactocastex.com.ar\/?p=16525"},"wordCount":874,"publisher":{"@id":"https:\/\/impactocastex.com.ar\/#organization"},"image":{"@id":"https:\/\/impactocastex.com.ar\/?p=16525#primaryimage"},"thumbnailUrl":"https:\/\/impactocastex.com.ar\/wp-content\/uploads\/2026\/04\/AJ5K24ERANCF3NE2G4DIAIQLEU-Cl3rHO.jpg","articleSection":["NACIONALES"],"inLanguage":"es"},{"@type":"WebPage","@id":"https:\/\/impactocastex.com.ar\/?p=16525","url":"https:\/\/impactocastex.com.ar\/?p=16525","name":"Susana Gim\u00e9nez reapareci\u00f3 en los Mart\u00edn Fierro de la Moda con un emotivo homenaje: \u201cMe qued\u00e9 muda\u201d -","isPartOf":{"@id":"https:\/\/impactocastex.com.ar\/#website"},"primaryImageOfPage":{"@id":"https:\/\/impactocastex.com.ar\/?p=16525#primaryimage"},"image":{"@id":"https:\/\/impactocastex.com.ar\/?p=16525#primaryimage"},"thumbnailUrl":"https:\/\/impactocastex.com.ar\/wp-content\/uploads\/2026\/04\/AJ5K24ERANCF3NE2G4DIAIQLEU-Cl3rHO.jpg","datePublished":"2026-04-27T04:08:39+00:00","breadcrumb":{"@id":"https:\/\/impactocastex.com.ar\/?p=16525#breadcrumb"},"inLanguage":"es","potentialAction":[{"@type":"ReadAction","target":["https:\/\/impactocastex.com.ar\/?p=16525"]}]},{"@type":"ImageObject","inLanguage":"es","@id":"https:\/\/impactocastex.com.ar\/?p=16525#primaryimage","url":"https:\/\/impactocastex.com.ar\/wp-content\/uploads\/2026\/04\/AJ5K24ERANCF3NE2G4DIAIQLEU-Cl3rHO.jpg","contentUrl":"https:\/\/impactocastex.com.ar\/wp-content\/uploads\/2026\/04\/AJ5K24ERANCF3NE2G4DIAIQLEU-Cl3rHO.jpg","width":585,"height":399},{"@type":"BreadcrumbList","@id":"https:\/\/impactocastex.com.ar\/?p=16525#breadcrumb","itemListElement":[{"@type":"ListItem","position":1,"name":"Portada","item":"https:\/\/impactocastex.com.ar\/"},{"@type":"ListItem","position":2,"name":"Susana Gim\u00e9nez reapareci\u00f3 en los Mart\u00edn Fierro de la Moda con un emotivo homenaje: \u201cMe qued\u00e9 muda\u201d"}]},{"@type":"WebSite","@id":"https:\/\/impactocastex.com.ar\/#website","url":"https:\/\/impactocastex.com.ar\/","name":"Impacto Castex","description":"","publisher":{"@id":"https:\/\/impactocastex.com.ar\/#organization"},"potentialAction":[{"@type":"SearchAction","target":{"@type":"EntryPoint","urlTemplate":"https:\/\/impactocastex.com.ar\/?s={search_term_string}"},"query-input":{"@type":"PropertyValueSpecification","valueRequired":true,"valueName":"search_term_string"}}],"inLanguage":"es"},{"@type":"Organization","@id":"https:\/\/impactocastex.com.ar\/#organization","name":"Impacto Castex","url":"https:\/\/impactocastex.com.ar\/","logo":{"@type":"ImageObject","inLanguage":"es","@id":"https:\/\/impactocastex.com.ar\/#\/schema\/logo\/image\/","url":"https:\/\/impactocastex.com.ar\/wp-content\/uploads\/2025\/09\/cropped-icoweb.png","contentUrl":"https:\/\/impactocastex.com.ar\/wp-content\/uploads\/2025\/09\/cropped-icoweb.png","width":512,"height":512,"caption":"Impacto Castex"},"image":{"@id":"https:\/\/impactocastex.com.ar\/#\/schema\/logo\/image\/"},"sameAs":["https:\/\/www.facebook.com\/impactocastexdiario","https:\/\/www.instagram.com\/impactocastex.com.ar\/"]},{"@type":"Person","@id":"https:\/\/impactocastex.com.ar\/#\/schema\/person\/86cb4f827fb5f87869a239b98a69c6e3","name":"impactocastex","image":{"@type":"ImageObject","inLanguage":"es","@id":"https:\/\/secure.gravatar.com\/avatar\/9a87ee051ca8c77f5d4070843ce2c78cdf95b858b950fb039151de955122f5f5?s=96&d=mm&r=g","url":"https:\/\/secure.gravatar.com\/avatar\/9a87ee051ca8c77f5d4070843ce2c78cdf95b858b950fb039151de955122f5f5?s=96&d=mm&r=g","contentUrl":"https:\/\/secure.gravatar.com\/avatar\/9a87ee051ca8c77f5d4070843ce2c78cdf95b858b950fb039151de955122f5f5?s=96&d=mm&r=g","caption":"impactocastex"},"sameAs":["https:\/\/impactocastex.com.ar"],"url":"https:\/\/impactocastex.com.ar\/?author=1"}]}},"jetpack_publicize_connections":[],"featured_image_urls":{"full":["https:\/\/impactocastex.com.ar\/wp-content\/uploads\/2026\/04\/AJ5K24ERANCF3NE2G4DIAIQLEU-Cl3rHO.jpg",585,399,false],"thumbnail":["https:\/\/impactocastex.com.ar\/wp-content\/uploads\/2026\/04\/AJ5K24ERANCF3NE2G4DIAIQLEU-Cl3rHO-150x150.jpg",150,150,true],"medium":["https:\/\/impactocastex.com.ar\/wp-content\/uploads\/2026\/04\/AJ5K24ERANCF3NE2G4DIAIQLEU-Cl3rHO-300x205.jpg",300,205,true],"medium_large":["https:\/\/impactocastex.com.ar\/wp-content\/uploads\/2026\/04\/AJ5K24ERANCF3NE2G4DIAIQLEU-Cl3rHO.jpg",585,399,false],"large":["https:\/\/impactocastex.com.ar\/wp-content\/uploads\/2026\/04\/AJ5K24ERANCF3NE2G4DIAIQLEU-Cl3rHO.jpg",585,399,false],"1536x1536":["https:\/\/impactocastex.com.ar\/wp-content\/uploads\/2026\/04\/AJ5K24ERANCF3NE2G4DIAIQLEU-Cl3rHO.jpg",585,399,false],"2048x2048":["https:\/\/impactocastex.com.ar\/wp-content\/uploads\/2026\/04\/AJ5K24ERANCF3NE2G4DIAIQLEU-Cl3rHO.jpg",585,399,false],"newsever-slider-full":["https:\/\/impactocastex.com.ar\/wp-content\/uploads\/2026\/04\/AJ5K24ERANCF3NE2G4DIAIQLEU-Cl3rHO.jpg",585,399,false],"newsever-featured":["https:\/\/impactocastex.com.ar\/wp-content\/uploads\/2026\/04\/AJ5K24ERANCF3NE2G4DIAIQLEU-Cl3rHO.jpg",585,399,false],"newsever-medium":["https:\/\/impactocastex.com.ar\/wp-content\/uploads\/2026\/04\/AJ5K24ERANCF3NE2G4DIAIQLEU-Cl3rHO.jpg",585,399,false]},"author_info":{"info":["impactocastex"]},"category_info":"<a href=\"https:\/\/impactocastex.com.ar\/?cat=89\" rel=\"category\">NACIONALES<\/a>","tag_info":"NACIONALES","comment_count":0,"jetpack_featured_media_url":"https:\/\/impactocastex.com.ar\/wp-content\/uploads\/2026\/04\/AJ5K24ERANCF3NE2G4DIAIQLEU-Cl3rHO.jpg","jetpack_sharing_enabled":true,"jetpack_likes_enabled":true,"jetpack_shortlink":"https:\/\/wp.me\/p7sopA-4ix","_links":{"self":[{"href":"https:\/\/impactocastex.com.ar\/index.php?rest_route=\/wp\/v2\/posts\/16525","targetHints":{"allow":["GET"]}}],"collection":[{"href":"https:\/\/impactocastex.com.ar\/index.php?rest_route=\/wp\/v2\/posts"}],"about":[{"href":"https:\/\/impactocastex.com.ar\/index.php?rest_route=\/wp\/v2\/types\/post"}],"author":[{"embeddable":true,"href":"https:\/\/impactocastex.com.ar\/index.php?rest_route=\/wp\/v2\/users\/1"}],"replies":[{"embeddable":true,"href":"https:\/\/impactocastex.com.ar\/index.php?rest_route=%2Fwp%2Fv2%2Fcomments&post=16525"}],"version-history":[{"count":0,"href":"https:\/\/impactocastex.com.ar\/index.php?rest_route=\/wp\/v2\/posts\/16525\/revisions"}],"wp:featuredmedia":[{"embeddable":true,"href":"https:\/\/impactocastex.com.ar\/index.php?rest_route=\/wp\/v2\/media\/16526"}],"wp:attachment":[{"href":"https:\/\/impactocastex.com.ar\/index.php?rest_route=%2Fwp%2Fv2%2Fmedia&parent=16525"}],"wp:term":[{"taxonomy":"category","embeddable":true,"href":"https:\/\/impactocastex.com.ar\/index.php?rest_route=%2Fwp%2Fv2%2Fcategories&post=16525"},{"taxonomy":"post_tag","embeddable":true,"href":"https:\/\/impactocastex.com.ar\/index.php?rest_route=%2Fwp%2Fv2%2Ftags&post=16525"}],"curies":[{"name":"wp","href":"https:\/\/api.w.org\/{rel}","templated":true}]}}