{"id":16515,"date":"2026-04-26T21:22:07","date_gmt":"2026-04-27T00:22:07","guid":{"rendered":"https:\/\/impactocastex.com.ar\/?p=16515"},"modified":"2026-04-26T21:22:07","modified_gmt":"2026-04-27T00:22:07","slug":"martin-fierro-de-la-moda-2026-los-mejores-looks-de-la-noche","status":"publish","type":"post","link":"https:\/\/impactocastex.com.ar\/?p=16515","title":{"rendered":"Mart\u00edn Fierro de la Moda 2026: los mejores looks de la noche"},"content":{"rendered":"<p><img loading=\"lazy\" decoding=\"async\" src=\"https:\/\/resizer.glanacion.com\/resizer\/v2\/L5KU7GBXFRHQBBV4XR4RNJ2FJA.JPG?auth=ff6a96e2457461fa146dcf9cf3c2894b2b7d7df963722b772326884ad0dc120f&amp;smart=true&amp;width=888&amp;height=1333\" alt=\"Carolina Pampita Ardohain, nominada en la categor\u00eda mejor estilo femenino en big show por su labor en Los 8 escalones, sorprendi\u00f3 con un vestido negro y banco a lunares con una cola espectacular\" height=\"1333\" width=\"888\" \/><img loading=\"lazy\" decoding=\"async\" src=\"https:\/\/resizer.glanacion.com\/resizer\/v2\/PDGLDJUUO5ATRHGNMCBIYZ2A3Y.JPG?auth=8755e727a4961efd8845d7a74a2cdaf3bd716cc5ed5bc0962dad9dc16bee9f83&amp;smart=true&amp;width=888&amp;height=1333\" alt=\"Zaira Nara volvi\u00f3 a apostar por un look osado con transparencias de El camar\u00edn. La modelo est\u00e1 nominada en la categor\u00eda mejor influencer de moda\" height=\"1333\" width=\"888\" \/><img loading=\"lazy\" decoding=\"async\" src=\"https:\/\/resizer.glanacion.com\/resizer\/v2\/G325TD3NX5DHHGJGWMDOZWFBKU.JPG?auth=f73ec9b5655b5e75ab0c423024eab8f5ba072869eff45c2103e729499354395d&amp;smart=true&amp;width=888&amp;height=1333\" alt=\"Julieta Poggio volvi\u00f3 a apostar po la osad\u00eda con un vestido al cuerpo blanco de encaje y transparencias \" height=\"1333\" width=\"888\" \/><img loading=\"lazy\" decoding=\"async\" src=\"https:\/\/resizer.glanacion.com\/resizer\/v2\/LHASKSN4PVDDDGNTW67H3DGQIA.JPG?auth=677ac365642db668b6c061061efff28f6a987a77422225333e9c7d7b918ddb08&amp;smart=true&amp;width=888&amp;height=1333\" alt=\"Muy elegante, Susana Roccasalvo luci\u00f3 un conjunto de falda en color chocolate que combin\u00f3 con una camisa blanca y un cinto dorado\" height=\"1333\" width=\"888\" \/><img loading=\"lazy\" decoding=\"async\" src=\"https:\/\/resizer.glanacion.com\/resizer\/v2\/XJXA7CP6UNDM7IWOKIMK4ZYOME.JPEG?auth=755f596a27dad3dec534c501817291241f5d9c52a3e2f57f06185bac1661c5a4&amp;smart=true&amp;width=1332&amp;height=2000\" alt=\"Los brillos fueron una de las tendencias m\u00e1s elegidas por las celebridades para la gala. Zuzu Coudeu eligi\u00f3 un conjunto de dos piezas\" height=\"2000\" width=\"1332\" \/><img loading=\"lazy\" decoding=\"async\" src=\"https:\/\/resizer.glanacion.com\/resizer\/v2\/N7NYHVXDBNA5LLPGIJSNYOUKEY.JPEG?auth=32ae8d17ef269226170c12f8bc3c4d9834349578a6c53bba808118c519e73e96&amp;smart=true&amp;width=1332&amp;height=2000\" alt=\"Con looks total black, las panelistas de A la Barbarossa Pia Shaw y Anal\u00eda Franch\u00edn posaron juntas en la alfombra roja\" height=\"2000\" width=\"1332\" \/><img loading=\"lazy\" decoding=\"async\" src=\"https:\/\/resizer.glanacion.com\/resizer\/v2\/3SVSXRUFXBBAFM6FSR66H4ZIOU.JPEG?auth=599a1e6f6ac6d091dc0eeaeb58978c20f02bfde52166504ed3ca40310990750f&amp;smart=true&amp;width=1330&amp;height=2000\" alt=\"Stephanie Demner, otra de las nominadas, tambi\u00e9n eligi\u00f3 el blanco. La modelo e influencer visti\u00f3 un dise\u00f1o de Atelier Pucheta - Paz en el que se destac\u00f3 el drapeado, las mangas largas y una imponente falda sirena con plumas a tono\" height=\"2000\" width=\"1330\" \/><img loading=\"lazy\" decoding=\"async\" src=\"https:\/\/resizer.glanacion.com\/resizer\/v2\/GGQIC6EGTFHVPGRN4B3ZSNCRAU.JPEG?auth=11f48ec728170eaf42b6f75f00dc3f0b184f3f6119822436bf23243b674c06de&amp;smart=true&amp;width=1330&amp;height=2000\" alt=\"Nominada en la categor\u00eda de mejor estilo en Redes Marta Fort desembarc\u00f3 en la alfombra roja enfundada en un vestido blanco de Claudia Arce\" height=\"2000\" width=\"1330\" \/><img loading=\"lazy\" decoding=\"async\" src=\"https:\/\/resizer.glanacion.com\/resizer\/v2\/2YKISBRPQVCJRH7HKHZ553SAWQ.JPEG?auth=79d5349b85804ec2b6d880372123380789efbb664372868cd4c702fcd5615da2&amp;smart=true&amp;width=1332&amp;height=2000\" alt=\"Otra de las tendencias muy presentes en la gran noche de la moda: el blanco y negro\" height=\"2000\" width=\"1332\" \/><img loading=\"lazy\" decoding=\"async\" src=\"https:\/\/resizer.glanacion.com\/resizer\/v2\/6SR34GAFQZAHVFETDPZLMQ3BIY.JPEG?auth=c78d22964b8a76d0a1513b627bd88efcd134a5ddd8abcf7a9eee82612110f9cf&amp;smart=true&amp;width=1332&amp;height=2000\" alt=\"Mart\u00edn Fierro de la Moda 2026\" height=\"2000\" width=\"1332\" \/><img loading=\"lazy\" decoding=\"async\" src=\"https:\/\/resizer.glanacion.com\/resizer\/v2\/FQ75VGLLK5A7NJVZGE55XEO5QE.JPEG?auth=8bac1608aee8e5b5b7f9347452633a23bfd6b81e39d6f530051d78ecb538684d&amp;smart=true&amp;width=1332&amp;height=2000\" alt=\"Anam\u00e1 Ferreira se distingui\u00f3 con un vestido de tafeta en celeste que coron\u00f3 con una capa a tono \" height=\"2000\" width=\"1332\" \/>\u200bLos famosos engalanaron con sus outfits la alfombra roja de la gala dedicada a lo mejor de la moda en la televisi\u00f3n y el streaming\u00a0\u00a0<\/p>","protected":false},"excerpt":{"rendered":"<p>\u200bLos famosos engalanaron con sus outfits la alfombra roja de la gala dedicada a lo&#8230;<\/p>\n","protected":false},"author":1,"featured_media":16516,"comment_status":"closed","ping_status":"closed","sticky":false,"template":"","format":"standard","meta":{"_jetpack_memberships_contains_paid_content":false,"footnotes":"","jetpack_publicize_message":"","jetpack_publicize_feature_enabled":true,"jetpack_social_post_already_shared":true,"jetpack_social_options":{"image_generator_settings":{"template":"highway","default_image_id":0,"font":"","enabled":false},"version":2}},"categories":[89],"tags":[],"class_list":["post-16515","post","type-post","status-publish","format-standard","has-post-thumbnail","hentry","category-nacionales"],"yoast_head":"<!-- This site is optimized with the Yoast SEO plugin v27.4 - https:\/\/yoast.com\/product\/yoast-seo-wordpress\/ -->\n<title>Mart\u00edn Fierro de la Moda 2026: los mejores looks de la noche -<\/title>\n<meta name=\"robots\" content=\"index, follow, max-snippet:-1, max-image-preview:large, max-video-preview:-1\" \/>\n<link rel=\"canonical\" href=\"https:\/\/impactocastex.com.ar\/?p=16515\" \/>\n<meta property=\"og:locale\" content=\"es_ES\" \/>\n<meta property=\"og:type\" content=\"article\" \/>\n<meta property=\"og:title\" content=\"Mart\u00edn Fierro de la Moda 2026: los mejores looks de la noche -\" \/>\n<meta property=\"og:description\" content=\"\u200bLos famosos engalanaron con sus outfits la alfombra roja de la gala dedicada a lo...\" \/>\n<meta property=\"og:url\" content=\"https:\/\/impactocastex.com.ar\/?p=16515\" \/>\n<meta property=\"article:publisher\" content=\"https:\/\/www.facebook.com\/impactocastexdiario\" \/>\n<meta property=\"article:published_time\" content=\"2026-04-27T00:22:07+00:00\" \/>\n<meta property=\"og:image\" content=\"https:\/\/resizer.glanacion.com\/resizer\/v2\/L5KU7GBXFRHQBBV4XR4RNJ2FJA.JPG?auth=ff6a96e2457461fa146dcf9cf3c2894b2b7d7df963722b772326884ad0dc120f&amp;smart=true&amp;width=888&amp;height=1333\" \/>\n<meta name=\"author\" content=\"impactocastex\" \/>\n<meta name=\"twitter:card\" content=\"summary_large_image\" \/>\n<meta name=\"twitter:label1\" content=\"Escrito por\" \/>\n\t<meta name=\"twitter:data1\" content=\"impactocastex\" \/>\n<script type=\"application\/ld+json\" class=\"yoast-schema-graph\">{\"@context\":\"https:\\\/\\\/schema.org\",\"@graph\":[{\"@type\":\"Article\",\"@id\":\"https:\\\/\\\/impactocastex.com.ar\\\/?p=16515#article\",\"isPartOf\":{\"@id\":\"https:\\\/\\\/impactocastex.com.ar\\\/?p=16515\"},\"author\":{\"name\":\"impactocastex\",\"@id\":\"https:\\\/\\\/impactocastex.com.ar\\\/#\\\/schema\\\/person\\\/86cb4f827fb5f87869a239b98a69c6e3\"},\"headline\":\"Mart\u00edn Fierro de la Moda 2026: los mejores looks de la noche\",\"datePublished\":\"2026-04-27T00:22:07+00:00\",\"mainEntityOfPage\":{\"@id\":\"https:\\\/\\\/impactocastex.com.ar\\\/?p=16515\"},\"wordCount\":38,\"publisher\":{\"@id\":\"https:\\\/\\\/impactocastex.com.ar\\\/#organization\"},\"image\":{\"@id\":\"https:\\\/\\\/impactocastex.com.ar\\\/?p=16515#primaryimage\"},\"thumbnailUrl\":\"https:\\\/\\\/impactocastex.com.ar\\\/wp-content\\\/uploads\\\/2026\\\/04\\\/MVSJRLSQMRBPDPRW3PQV7VG6C4-tVLPAc.jpg\",\"articleSection\":[\"NACIONALES\"],\"inLanguage\":\"es\"},{\"@type\":\"WebPage\",\"@id\":\"https:\\\/\\\/impactocastex.com.ar\\\/?p=16515\",\"url\":\"https:\\\/\\\/impactocastex.com.ar\\\/?p=16515\",\"name\":\"Mart\u00edn Fierro de la Moda 2026: los mejores looks de la noche -\",\"isPartOf\":{\"@id\":\"https:\\\/\\\/impactocastex.com.ar\\\/#website\"},\"primaryImageOfPage\":{\"@id\":\"https:\\\/\\\/impactocastex.com.ar\\\/?p=16515#primaryimage\"},\"image\":{\"@id\":\"https:\\\/\\\/impactocastex.com.ar\\\/?p=16515#primaryimage\"},\"thumbnailUrl\":\"https:\\\/\\\/impactocastex.com.ar\\\/wp-content\\\/uploads\\\/2026\\\/04\\\/MVSJRLSQMRBPDPRW3PQV7VG6C4-tVLPAc.jpg\",\"datePublished\":\"2026-04-27T00:22:07+00:00\",\"breadcrumb\":{\"@id\":\"https:\\\/\\\/impactocastex.com.ar\\\/?p=16515#breadcrumb\"},\"inLanguage\":\"es\",\"potentialAction\":[{\"@type\":\"ReadAction\",\"target\":[\"https:\\\/\\\/impactocastex.com.ar\\\/?p=16515\"]}]},{\"@type\":\"ImageObject\",\"inLanguage\":\"es\",\"@id\":\"https:\\\/\\\/impactocastex.com.ar\\\/?p=16515#primaryimage\",\"url\":\"https:\\\/\\\/impactocastex.com.ar\\\/wp-content\\\/uploads\\\/2026\\\/04\\\/MVSJRLSQMRBPDPRW3PQV7VG6C4-tVLPAc.jpg\",\"contentUrl\":\"https:\\\/\\\/impactocastex.com.ar\\\/wp-content\\\/uploads\\\/2026\\\/04\\\/MVSJRLSQMRBPDPRW3PQV7VG6C4-tVLPAc.jpg\",\"width\":2000,\"height\":1333},{\"@type\":\"BreadcrumbList\",\"@id\":\"https:\\\/\\\/impactocastex.com.ar\\\/?p=16515#breadcrumb\",\"itemListElement\":[{\"@type\":\"ListItem\",\"position\":1,\"name\":\"Portada\",\"item\":\"https:\\\/\\\/impactocastex.com.ar\\\/\"},{\"@type\":\"ListItem\",\"position\":2,\"name\":\"Mart\u00edn Fierro de la Moda 2026: los mejores looks de la noche\"}]},{\"@type\":\"WebSite\",\"@id\":\"https:\\\/\\\/impactocastex.com.ar\\\/#website\",\"url\":\"https:\\\/\\\/impactocastex.com.ar\\\/\",\"name\":\"Impacto Castex\",\"description\":\"\",\"publisher\":{\"@id\":\"https:\\\/\\\/impactocastex.com.ar\\\/#organization\"},\"potentialAction\":[{\"@type\":\"SearchAction\",\"target\":{\"@type\":\"EntryPoint\",\"urlTemplate\":\"https:\\\/\\\/impactocastex.com.ar\\\/?s={search_term_string}\"},\"query-input\":{\"@type\":\"PropertyValueSpecification\",\"valueRequired\":true,\"valueName\":\"search_term_string\"}}],\"inLanguage\":\"es\"},{\"@type\":\"Organization\",\"@id\":\"https:\\\/\\\/impactocastex.com.ar\\\/#organization\",\"name\":\"Impacto Castex\",\"url\":\"https:\\\/\\\/impactocastex.com.ar\\\/\",\"logo\":{\"@type\":\"ImageObject\",\"inLanguage\":\"es\",\"@id\":\"https:\\\/\\\/impactocastex.com.ar\\\/#\\\/schema\\\/logo\\\/image\\\/\",\"url\":\"https:\\\/\\\/impactocastex.com.ar\\\/wp-content\\\/uploads\\\/2025\\\/09\\\/cropped-icoweb.png\",\"contentUrl\":\"https:\\\/\\\/impactocastex.com.ar\\\/wp-content\\\/uploads\\\/2025\\\/09\\\/cropped-icoweb.png\",\"width\":512,\"height\":512,\"caption\":\"Impacto Castex\"},\"image\":{\"@id\":\"https:\\\/\\\/impactocastex.com.ar\\\/#\\\/schema\\\/logo\\\/image\\\/\"},\"sameAs\":[\"https:\\\/\\\/www.facebook.com\\\/impactocastexdiario\",\"https:\\\/\\\/www.instagram.com\\\/impactocastex.com.ar\\\/\"]},{\"@type\":\"Person\",\"@id\":\"https:\\\/\\\/impactocastex.com.ar\\\/#\\\/schema\\\/person\\\/86cb4f827fb5f87869a239b98a69c6e3\",\"name\":\"impactocastex\",\"image\":{\"@type\":\"ImageObject\",\"inLanguage\":\"es\",\"@id\":\"https:\\\/\\\/secure.gravatar.com\\\/avatar\\\/9a87ee051ca8c77f5d4070843ce2c78cdf95b858b950fb039151de955122f5f5?s=96&d=mm&r=g\",\"url\":\"https:\\\/\\\/secure.gravatar.com\\\/avatar\\\/9a87ee051ca8c77f5d4070843ce2c78cdf95b858b950fb039151de955122f5f5?s=96&d=mm&r=g\",\"contentUrl\":\"https:\\\/\\\/secure.gravatar.com\\\/avatar\\\/9a87ee051ca8c77f5d4070843ce2c78cdf95b858b950fb039151de955122f5f5?s=96&d=mm&r=g\",\"caption\":\"impactocastex\"},\"sameAs\":[\"https:\\\/\\\/impactocastex.com.ar\"],\"url\":\"https:\\\/\\\/impactocastex.com.ar\\\/?author=1\"}]}<\/script>\n<!-- \/ Yoast SEO plugin. -->","yoast_head_json":{"title":"Mart\u00edn Fierro de la Moda 2026: los mejores looks de la noche -","robots":{"index":"index","follow":"follow","max-snippet":"max-snippet:-1","max-image-preview":"max-image-preview:large","max-video-preview":"max-video-preview:-1"},"canonical":"https:\/\/impactocastex.com.ar\/?p=16515","og_locale":"es_ES","og_type":"article","og_title":"Mart\u00edn Fierro de la Moda 2026: los mejores looks de la noche -","og_description":"\u200bLos famosos engalanaron con sus outfits la alfombra roja de la gala dedicada a lo...","og_url":"https:\/\/impactocastex.com.ar\/?p=16515","article_publisher":"https:\/\/www.facebook.com\/impactocastexdiario","article_published_time":"2026-04-27T00:22:07+00:00","og_image":[{"url":"https:\/\/resizer.glanacion.com\/resizer\/v2\/L5KU7GBXFRHQBBV4XR4RNJ2FJA.JPG?auth=ff6a96e2457461fa146dcf9cf3c2894b2b7d7df963722b772326884ad0dc120f&amp;smart=true&amp;width=888&amp;height=1333","type":"","width":"","height":""}],"author":"impactocastex","twitter_card":"summary_large_image","twitter_misc":{"Escrito por":"impactocastex"},"schema":{"@context":"https:\/\/schema.org","@graph":[{"@type":"Article","@id":"https:\/\/impactocastex.com.ar\/?p=16515#article","isPartOf":{"@id":"https:\/\/impactocastex.com.ar\/?p=16515"},"author":{"name":"impactocastex","@id":"https:\/\/impactocastex.com.ar\/#\/schema\/person\/86cb4f827fb5f87869a239b98a69c6e3"},"headline":"Mart\u00edn Fierro de la Moda 2026: los mejores looks de la noche","datePublished":"2026-04-27T00:22:07+00:00","mainEntityOfPage":{"@id":"https:\/\/impactocastex.com.ar\/?p=16515"},"wordCount":38,"publisher":{"@id":"https:\/\/impactocastex.com.ar\/#organization"},"image":{"@id":"https:\/\/impactocastex.com.ar\/?p=16515#primaryimage"},"thumbnailUrl":"https:\/\/impactocastex.com.ar\/wp-content\/uploads\/2026\/04\/MVSJRLSQMRBPDPRW3PQV7VG6C4-tVLPAc.jpg","articleSection":["NACIONALES"],"inLanguage":"es"},{"@type":"WebPage","@id":"https:\/\/impactocastex.com.ar\/?p=16515","url":"https:\/\/impactocastex.com.ar\/?p=16515","name":"Mart\u00edn Fierro de la Moda 2026: los mejores looks de la noche -","isPartOf":{"@id":"https:\/\/impactocastex.com.ar\/#website"},"primaryImageOfPage":{"@id":"https:\/\/impactocastex.com.ar\/?p=16515#primaryimage"},"image":{"@id":"https:\/\/impactocastex.com.ar\/?p=16515#primaryimage"},"thumbnailUrl":"https:\/\/impactocastex.com.ar\/wp-content\/uploads\/2026\/04\/MVSJRLSQMRBPDPRW3PQV7VG6C4-tVLPAc.jpg","datePublished":"2026-04-27T00:22:07+00:00","breadcrumb":{"@id":"https:\/\/impactocastex.com.ar\/?p=16515#breadcrumb"},"inLanguage":"es","potentialAction":[{"@type":"ReadAction","target":["https:\/\/impactocastex.com.ar\/?p=16515"]}]},{"@type":"ImageObject","inLanguage":"es","@id":"https:\/\/impactocastex.com.ar\/?p=16515#primaryimage","url":"https:\/\/impactocastex.com.ar\/wp-content\/uploads\/2026\/04\/MVSJRLSQMRBPDPRW3PQV7VG6C4-tVLPAc.jpg","contentUrl":"https:\/\/impactocastex.com.ar\/wp-content\/uploads\/2026\/04\/MVSJRLSQMRBPDPRW3PQV7VG6C4-tVLPAc.jpg","width":2000,"height":1333},{"@type":"BreadcrumbList","@id":"https:\/\/impactocastex.com.ar\/?p=16515#breadcrumb","itemListElement":[{"@type":"ListItem","position":1,"name":"Portada","item":"https:\/\/impactocastex.com.ar\/"},{"@type":"ListItem","position":2,"name":"Mart\u00edn Fierro de la Moda 2026: los mejores looks de la noche"}]},{"@type":"WebSite","@id":"https:\/\/impactocastex.com.ar\/#website","url":"https:\/\/impactocastex.com.ar\/","name":"Impacto Castex","description":"","publisher":{"@id":"https:\/\/impactocastex.com.ar\/#organization"},"potentialAction":[{"@type":"SearchAction","target":{"@type":"EntryPoint","urlTemplate":"https:\/\/impactocastex.com.ar\/?s={search_term_string}"},"query-input":{"@type":"PropertyValueSpecification","valueRequired":true,"valueName":"search_term_string"}}],"inLanguage":"es"},{"@type":"Organization","@id":"https:\/\/impactocastex.com.ar\/#organization","name":"Impacto Castex","url":"https:\/\/impactocastex.com.ar\/","logo":{"@type":"ImageObject","inLanguage":"es","@id":"https:\/\/impactocastex.com.ar\/#\/schema\/logo\/image\/","url":"https:\/\/impactocastex.com.ar\/wp-content\/uploads\/2025\/09\/cropped-icoweb.png","contentUrl":"https:\/\/impactocastex.com.ar\/wp-content\/uploads\/2025\/09\/cropped-icoweb.png","width":512,"height":512,"caption":"Impacto Castex"},"image":{"@id":"https:\/\/impactocastex.com.ar\/#\/schema\/logo\/image\/"},"sameAs":["https:\/\/www.facebook.com\/impactocastexdiario","https:\/\/www.instagram.com\/impactocastex.com.ar\/"]},{"@type":"Person","@id":"https:\/\/impactocastex.com.ar\/#\/schema\/person\/86cb4f827fb5f87869a239b98a69c6e3","name":"impactocastex","image":{"@type":"ImageObject","inLanguage":"es","@id":"https:\/\/secure.gravatar.com\/avatar\/9a87ee051ca8c77f5d4070843ce2c78cdf95b858b950fb039151de955122f5f5?s=96&d=mm&r=g","url":"https:\/\/secure.gravatar.com\/avatar\/9a87ee051ca8c77f5d4070843ce2c78cdf95b858b950fb039151de955122f5f5?s=96&d=mm&r=g","contentUrl":"https:\/\/secure.gravatar.com\/avatar\/9a87ee051ca8c77f5d4070843ce2c78cdf95b858b950fb039151de955122f5f5?s=96&d=mm&r=g","caption":"impactocastex"},"sameAs":["https:\/\/impactocastex.com.ar"],"url":"https:\/\/impactocastex.com.ar\/?author=1"}]}},"jetpack_publicize_connections":[],"featured_image_urls":{"full":["https:\/\/impactocastex.com.ar\/wp-content\/uploads\/2026\/04\/MVSJRLSQMRBPDPRW3PQV7VG6C4-tVLPAc.jpg",2000,1333,false],"thumbnail":["https:\/\/impactocastex.com.ar\/wp-content\/uploads\/2026\/04\/MVSJRLSQMRBPDPRW3PQV7VG6C4-tVLPAc-150x150.jpg",150,150,true],"medium":["https:\/\/impactocastex.com.ar\/wp-content\/uploads\/2026\/04\/MVSJRLSQMRBPDPRW3PQV7VG6C4-tVLPAc-300x200.jpg",300,200,true],"medium_large":["https:\/\/impactocastex.com.ar\/wp-content\/uploads\/2026\/04\/MVSJRLSQMRBPDPRW3PQV7VG6C4-tVLPAc-768x512.jpg",640,427,true],"large":["https:\/\/impactocastex.com.ar\/wp-content\/uploads\/2026\/04\/MVSJRLSQMRBPDPRW3PQV7VG6C4-tVLPAc-1024x682.jpg",640,426,true],"1536x1536":["https:\/\/impactocastex.com.ar\/wp-content\/uploads\/2026\/04\/MVSJRLSQMRBPDPRW3PQV7VG6C4-tVLPAc-1536x1024.jpg",1536,1024,true],"2048x2048":["https:\/\/impactocastex.com.ar\/wp-content\/uploads\/2026\/04\/MVSJRLSQMRBPDPRW3PQV7VG6C4-tVLPAc.jpg",2000,1333,false],"newsever-slider-full":["https:\/\/impactocastex.com.ar\/wp-content\/uploads\/2026\/04\/MVSJRLSQMRBPDPRW3PQV7VG6C4-tVLPAc-1280x845.jpg",1280,845,true],"newsever-featured":["https:\/\/impactocastex.com.ar\/wp-content\/uploads\/2026\/04\/MVSJRLSQMRBPDPRW3PQV7VG6C4-tVLPAc-1024x682.jpg",1024,682,true],"newsever-medium":["https:\/\/impactocastex.com.ar\/wp-content\/uploads\/2026\/04\/MVSJRLSQMRBPDPRW3PQV7VG6C4-tVLPAc-720x475.jpg",720,475,true]},"author_info":{"info":["impactocastex"]},"category_info":"<a href=\"https:\/\/impactocastex.com.ar\/?cat=89\" rel=\"category\">NACIONALES<\/a>","tag_info":"NACIONALES","comment_count":0,"jetpack_featured_media_url":"https:\/\/impactocastex.com.ar\/wp-content\/uploads\/2026\/04\/MVSJRLSQMRBPDPRW3PQV7VG6C4-tVLPAc.jpg","jetpack_sharing_enabled":true,"jetpack_likes_enabled":true,"jetpack_shortlink":"https:\/\/wp.me\/p7sopA-4in","_links":{"self":[{"href":"https:\/\/impactocastex.com.ar\/index.php?rest_route=\/wp\/v2\/posts\/16515","targetHints":{"allow":["GET"]}}],"collection":[{"href":"https:\/\/impactocastex.com.ar\/index.php?rest_route=\/wp\/v2\/posts"}],"about":[{"href":"https:\/\/impactocastex.com.ar\/index.php?rest_route=\/wp\/v2\/types\/post"}],"author":[{"embeddable":true,"href":"https:\/\/impactocastex.com.ar\/index.php?rest_route=\/wp\/v2\/users\/1"}],"replies":[{"embeddable":true,"href":"https:\/\/impactocastex.com.ar\/index.php?rest_route=%2Fwp%2Fv2%2Fcomments&post=16515"}],"version-history":[{"count":0,"href":"https:\/\/impactocastex.com.ar\/index.php?rest_route=\/wp\/v2\/posts\/16515\/revisions"}],"wp:featuredmedia":[{"embeddable":true,"href":"https:\/\/impactocastex.com.ar\/index.php?rest_route=\/wp\/v2\/media\/16516"}],"wp:attachment":[{"href":"https:\/\/impactocastex.com.ar\/index.php?rest_route=%2Fwp%2Fv2%2Fmedia&parent=16515"}],"wp:term":[{"taxonomy":"category","embeddable":true,"href":"https:\/\/impactocastex.com.ar\/index.php?rest_route=%2Fwp%2Fv2%2Fcategories&post=16515"},{"taxonomy":"post_tag","embeddable":true,"href":"https:\/\/impactocastex.com.ar\/index.php?rest_route=%2Fwp%2Fv2%2Ftags&post=16515"}],"curies":[{"name":"wp","href":"https:\/\/api.w.org\/{rel}","templated":true}]}}