{"id":16511,"date":"2026-04-26T19:20:15","date_gmt":"2026-04-26T22:20:15","guid":{"rendered":"https:\/\/impactocastex.com.ar\/?p=16511"},"modified":"2026-04-26T19:20:15","modified_gmt":"2026-04-26T22:20:15","slug":"pese-a-la-baja-de-tasas-la-demanda-de-creditos-sufrio-una-caida-significativa-y-los-bancos-endurecieron-condiciones","status":"publish","type":"post","link":"https:\/\/impactocastex.com.ar\/?p=16511","title":{"rendered":"Pese a la baja de tasas, la demanda de cr\u00e9ditos sufri\u00f3 una ca\u00edda \u201csignificativa\u201d y los bancos endurecieron condiciones"},"content":{"rendered":"<p>El Gobierno tiene en la <b>baja de las tasas de inter\u00e9s<\/b> y en el despertar del <b>cr\u00e9dito<\/b> una de sus principales apuestas para reactivar la econom\u00eda. Sin embargo, los bancos comenzaron 2026 con mayor cautela para prestar. Durante el primer trimestre del a\u00f1o endurecieron las condiciones de acceso al financiamiento para empresas y parte de los hogares, al mismo tiempo que cay\u00f3 la demanda de pr\u00e9stamos, <a href=\"https:\/\/www.lanacion.com.ar\/economia\/la-mora-bancaria-volvio-a-subir-de-manera-generalizada-en-febrero-supero-el-11-para-las-familias-nid24042026\/\" target=\"_blank\" rel=\"noreferrer\" title=\"https:\/\/www.lanacion.com.ar\/economia\/la-mora-bancaria-volvio-a-subir-de-manera-generalizada-en-febrero-supero-el-11-para-las-familias-nid24042026\/\">en un contexto de mora r\u00e9cord y se\u00f1ales de enfriamiento en la actividad.<\/a><\/p>\n<p>Los datos surgen de la <b>Encuesta de Condiciones Crediticias<\/b> que elabora trimestralmente el <b>Banco Central (BCRA)<\/b> sobre una muestra de entidades financieras que representan en conjunto aproximadamente <b>90% del mercado de cr\u00e9dito al sector privado local<\/b>. El relevamiento mide de manera cualitativa c\u00f3mo evolucionan la oferta y la demanda del sistema.<\/p>\n<p>En el segmento de empresas, los bancos informaron que los est\u00e1ndares crediticios para pr\u00e9stamos a empresas se <b>restringieron significativamente<\/b> frente al trimestre previo. La tendencia alcanz\u00f3 tanto a <b>pymes<\/b> como a grandes compa\u00f1\u00edas. Tambi\u00e9n reportaron menores montos m\u00e1ximos otorgados, plazos m\u00e1s cortos y mayores exigencias de garant\u00edas.<\/p>\n<p><img loading=\"lazy\" decoding=\"async\" src=\"https:\/\/resizer.glanacion.com\/resizer\/v2\/PRRGWB6M75BDVGYQ5MYWS6JVOA.jpeg?auth=35260fb9298234e2e8cc9b5a062871cd27e9879aeb929f293a9a6715331a1ae1&amp;smart=true&amp;width=767&amp;height=533\" alt=\"La mora del cr\u00e9dito al sector privado sigui\u00f3 en alza en febrero y alcanz\u00f3 6,71%. En las familias trep\u00f3 a 11,22%, m\u00e1ximo de la serie iniciada en 2008, mientras que en empresas subi\u00f3 a 2,92%\" height=\"533\" width=\"767\" \/><\/p>\n<p>Al mismo tiempo, los bancos percibieron una <b>significativa disminuci\u00f3n de la demanda crediticia<\/b> en todos los tama\u00f1os de empresas. Esa se\u00f1al suele asociarse a menor inversi\u00f3n, proyectos postergados y una necesidad m\u00e1s acotada de capital de trabajo. Para el segundo trimestre, sin embargo, prev\u00e9n un <b>\u201cmoderado aumento\u201d<\/b> de la demanda, especialmente entre grandes firmas. Para las pymes se espera tambi\u00e9n una mejora, pero de menor intensidad.<\/p>\n<p>Entre las familias, la encuesta mostr\u00f3 que las condiciones se endurecieron en <b>tarjetas de cr\u00e9dito<\/b> y otros pr\u00e9stamos al consumo, mientras que en pr\u00e9stamos prendarios e hipotecarios no hubo cambios relevantes. Tambi\u00e9n cay\u00f3 la demanda en todas las l\u00edneas, con mayor intensidad en tarjetas e hipotecas. Para los pr\u00f3ximos meses, las entidades esperan cierta mejora en prendarios y consumo, con estabilidad en hipotecarios y tarjetas.<\/p>\n<h2>Mora en alza<\/h2>\n<p>La mayor prudencia bancaria convive con otro dato sensible: el porcentaje de cr\u00e9ditos con problemas de cobro concedidos por los bancos a personas y empresas creci\u00f3 nuevamente en febrero y, por <b>decimotercer mes consecutivo<\/b>, marc\u00f3 nuevos m\u00e1ximos en m\u00e1s de 20 a\u00f1os. La tendencia se profundiz\u00f3 tras la volatilidad financiera del \u00faltimo proceso electoral, la aceleraci\u00f3n inflacionaria y la ca\u00edda real de los ingresos.<\/p>\n<p>\u201c<b>Todav\u00eda estamos juntando los pedazos, ofreci\u00e9ndole a mucha gente planes de refinanciaci\u00f3n. Pero seguramente este a\u00f1o seremos mucho m\u00e1s cautos<\/b>\u201d, explicaron en uno de los principales bancos privados de la Argentina.<\/p>\n<p><img loading=\"lazy\" decoding=\"async\" src=\"https:\/\/resizer.glanacion.com\/resizer\/v2\/GVHJCBPC2RFA3EIS4ZUPTLAVK4.jpeg?auth=a1418c1a9c1d27778f4c590a2ec74c93827a7278768fabfcb8416fb7e94acacd&amp;smart=true&amp;width=961&amp;height=776\" alt=\"Aunque la tasa mayorista TAMAR baj\u00f3 con fuerza desde los picos de 2025, el costo de los pr\u00e9stamos personales sigui\u00f3 cerca del 69% anual en marzo. El spread elevado refleja que la baja del costo del dinero todav\u00eda no se traslad\u00f3 plenamente al cr\u00e9dito para familias\" height=\"776\" width=\"961\" \/><\/p>\n<p>En concreto, la morosidad del sistema financiero lleg\u00f3 al <b>6,7% en febrero<\/b>, casi cuatro veces m\u00e1s que en el mismo mes del a\u00f1o pasado (<b>1,76%<\/b>). El deterioro m\u00e1s marcado se concentr\u00f3 en los hogares: la irregularidad trep\u00f3 al <b>11,2%<\/b>, el valor m\u00e1s alto de la serie iniciada en 2008, es decir, casi dos d\u00e9cadas. Del lado de las empresas, la mora se ubic\u00f3 en <b>2,9%<\/b>, por debajo de momentos como el final de la gesti\u00f3n de Mauricio Macri o la de Alberto Fern\u00e1ndez.<\/p>\n<p>En el mercado interpretan que ese aumento en los atrasos ayuda a explicar parte de la selectividad actual de las entidades financieras a la hora de conceder un pr\u00e9stamo. \u201cCon mayores incumplimientos, especialmente en familias, los bancos endurecen filtros, recalibran scoring y concentran el cr\u00e9dito en clientes de menor riesgo. No veo que vaya a cambiar la tendencia, al menos este a\u00f1o\u201d, explic\u00f3 un experimentado banquero ante la consulta de este medio.<\/p>\n<p>El endurecimiento crediticio lleg\u00f3 en paralelo a la baja de tasas impulsada por el Banco Central. En las \u00faltimas semanas, la autoridad monetaria flexibiliz\u00f3 <b>encajes bancarios<\/b> y permiti\u00f3 mayor liquidez para el sistema, con la expectativa de abaratar el costo del dinero y estimular pr\u00e9stamos al consumo y a la producci\u00f3n.<\/p>\n<p>Sin embargo, en el mercado se\u00f1alan que el traslado hacia la econom\u00eda real todav\u00eda es parcial. Seg\u00fan estimaciones privadas, la tasa mayorista <b>TAMAR<\/b> cay\u00f3 desde niveles cercanos al <b>30% anual<\/b> a mediados de marzo hasta la zona de <b>22,5%<\/b> en abril. Pero las l\u00edneas para familias siguen muy por encima de esos valores: pr\u00e9stamos personales alrededor del <b>70% anual<\/b> y financiaci\u00f3n con tarjeta cerca del <b>78%<\/b>, de acuerdo con c\u00e1lculos de <b>GMA Capital<\/b>.<\/p>\n<p>En el <b>Banco Provincia<\/b> advirtieron que, aun con ese alivio monetario, los pr\u00e9stamos a empresas y hogares crecieron en abril por debajo de la inflaci\u00f3n, por lo que \u201c<b>la baja de la tasa no viene siendo un motor de la recuperaci\u00f3n de la demanda interna<\/b>\u201d. La entidad agreg\u00f3 que, con mora elevada y volatilidad reciente, \u201c<b>el rebote v\u00eda cr\u00e9dito ser\u00e1 un desaf\u00edo complejo<\/b>\u201d.<\/p>\n<p>El freno del financiamiento se produce, adem\u00e1s, en un momento delicado para la actividad. El <b>Estimador Mensual de Actividad Econ\u00f3mica (EMAE)<\/b> cay\u00f3 <b>2,6% mensual en febrero<\/b> y qued\u00f3 <b>2,1% por debajo<\/b> del nivel de un a\u00f1o atr\u00e1s, con bajas lideradas por la industria y el comercio.<\/p>\n<p><img loading=\"lazy\" decoding=\"async\" src=\"https:\/\/resizer.glanacion.com\/resizer\/v2\/AH6DJQX7BBBJ3LVKYFQALQUYWI.jpeg?auth=504aaaf14ce1bdb493539d3cc00378c033ab0035baad57236901f87b2cc1f751&amp;smart=true&amp;width=1008&amp;height=658\" alt=\"El salario real del sector privado registrado volvi\u00f3 a deteriorarse y en febrero qued\u00f3 en su nivel m\u00e1s bajo desde comienzos de 2024. La p\u00e9rdida de poder adquisitivo limita la capacidad de consumo y tambi\u00e9n la demanda de financiamiento (Banco Provincia)\" height=\"658\" width=\"1008\" \/><\/p>\n<p>La consultora<b> Econviews<\/b> sostuvo que \u201c<b>la actividad se desplom\u00f3<\/b>\u201d, y vincul\u00f3 la p\u00e9rdida de dinamismo con tres factores: salarios reales deteriorados, menor ingreso disponible y cr\u00e9dito privado frenado. <b>GMA Capital<\/b> habl\u00f3 de \u201c<b>dos econom\u00edas en una<\/b>\u201d: sectores exportadores como agro, miner\u00eda y energ\u00eda con mejor desempe\u00f1o, frente a industria, comercio y construcci\u00f3n todav\u00eda rezagados.<\/p>\n<p>En <b>Barclays<\/b> tambi\u00e9n advirtieron que la recuperaci\u00f3n sigue siendo desigual. El banco de inversi\u00f3n se\u00f1al\u00f3 que los sectores intensivos en empleo, como industria, comercio, construcci\u00f3n y hoteles y restaurantes, contin\u00faan d\u00e9biles, mientras el crecimiento se concentra en agro, miner\u00eda e intermediaci\u00f3n financiera, actividades con menor peso en el mercado laboral. Adem\u00e1s, remarc\u00f3 que, con un cr\u00e9dito al sector privado inferior al <b>20% del PBI<\/b>, la baja de tasas puede ayudar \u201c<b>en el margen<\/b>\u201d, pero tendr\u00eda un impacto limitado por s\u00ed sola.<\/p>\n<p>Con pr\u00e1cticamente nulo margen fiscal para impulsar la demanda y con ingresos todav\u00eda golpeados por la inflaci\u00f3n, el cr\u00e9dito aparece como una de las pocas herramientas disponibles para acelerar la recuperaci\u00f3n. <\/p>\n<p>El problema es que, por ahora, los bancos siguen m\u00e1s enfocados en cuidar la cartera que en expandir pr\u00e9stamos. <b>Y sin ese canal en marcha, la recuperaci\u00f3n parece m\u00e1s lenta y selectiva.<\/b><\/p>\n<p>\u200bUn informe del BCRA muestra que en el primer trimestre las condiciones empeoraron tanto para empresas como para hogares; las entidades creen que puede haber un repunte, en un marco de cautela\u00a0\u00a0<\/p>","protected":false},"excerpt":{"rendered":"<p>El Gobierno tiene en la baja de las tasas de inter\u00e9s y en el despertar&#8230;<\/p>\n","protected":false},"author":1,"featured_media":16512,"comment_status":"closed","ping_status":"closed","sticky":false,"template":"","format":"standard","meta":{"_jetpack_memberships_contains_paid_content":false,"footnotes":"","jetpack_publicize_message":"","jetpack_publicize_feature_enabled":true,"jetpack_social_post_already_shared":true,"jetpack_social_options":{"image_generator_settings":{"template":"highway","default_image_id":0,"font":"","enabled":false},"version":2}},"categories":[89],"tags":[],"class_list":["post-16511","post","type-post","status-publish","format-standard","has-post-thumbnail","hentry","category-nacionales"],"yoast_head":"<!-- This site is optimized with the Yoast SEO plugin v27.4 - https:\/\/yoast.com\/product\/yoast-seo-wordpress\/ -->\n<title>Pese a la baja de tasas, la demanda de cr\u00e9ditos sufri\u00f3 una ca\u00edda \u201csignificativa\u201d y los bancos endurecieron condiciones -<\/title>\n<meta name=\"robots\" content=\"index, follow, max-snippet:-1, max-image-preview:large, max-video-preview:-1\" \/>\n<link rel=\"canonical\" href=\"https:\/\/impactocastex.com.ar\/?p=16511\" \/>\n<meta property=\"og:locale\" content=\"es_ES\" \/>\n<meta property=\"og:type\" content=\"article\" \/>\n<meta property=\"og:title\" content=\"Pese a la baja de tasas, la demanda de cr\u00e9ditos sufri\u00f3 una ca\u00edda \u201csignificativa\u201d y los bancos endurecieron condiciones -\" \/>\n<meta property=\"og:description\" content=\"El Gobierno tiene en la baja de las tasas de inter\u00e9s y en el despertar...\" \/>\n<meta property=\"og:url\" content=\"https:\/\/impactocastex.com.ar\/?p=16511\" \/>\n<meta property=\"article:publisher\" content=\"https:\/\/www.facebook.com\/impactocastexdiario\" \/>\n<meta property=\"article:published_time\" content=\"2026-04-26T22:20:15+00:00\" \/>\n<meta property=\"og:image\" content=\"https:\/\/resizer.glanacion.com\/resizer\/v2\/PRRGWB6M75BDVGYQ5MYWS6JVOA.jpeg?auth=35260fb9298234e2e8cc9b5a062871cd27e9879aeb929f293a9a6715331a1ae1&amp;smart=true&amp;width=767&amp;height=533\" \/>\n<meta name=\"author\" content=\"impactocastex\" \/>\n<meta name=\"twitter:card\" content=\"summary_large_image\" \/>\n<meta name=\"twitter:label1\" content=\"Escrito por\" \/>\n\t<meta name=\"twitter:data1\" content=\"impactocastex\" \/>\n\t<meta name=\"twitter:label2\" content=\"Tiempo de lectura\" \/>\n\t<meta name=\"twitter:data2\" content=\"6 minutos\" \/>\n<script type=\"application\/ld+json\" class=\"yoast-schema-graph\">{\"@context\":\"https:\\\/\\\/schema.org\",\"@graph\":[{\"@type\":\"Article\",\"@id\":\"https:\\\/\\\/impactocastex.com.ar\\\/?p=16511#article\",\"isPartOf\":{\"@id\":\"https:\\\/\\\/impactocastex.com.ar\\\/?p=16511\"},\"author\":{\"name\":\"impactocastex\",\"@id\":\"https:\\\/\\\/impactocastex.com.ar\\\/#\\\/schema\\\/person\\\/86cb4f827fb5f87869a239b98a69c6e3\"},\"headline\":\"Pese a la baja de tasas, la demanda de cr\u00e9ditos sufri\u00f3 una ca\u00edda \u201csignificativa\u201d y los bancos endurecieron condiciones\",\"datePublished\":\"2026-04-26T22:20:15+00:00\",\"mainEntityOfPage\":{\"@id\":\"https:\\\/\\\/impactocastex.com.ar\\\/?p=16511\"},\"wordCount\":1129,\"publisher\":{\"@id\":\"https:\\\/\\\/impactocastex.com.ar\\\/#organization\"},\"image\":{\"@id\":\"https:\\\/\\\/impactocastex.com.ar\\\/?p=16511#primaryimage\"},\"thumbnailUrl\":\"https:\\\/\\\/impactocastex.com.ar\\\/wp-content\\\/uploads\\\/2026\\\/04\\\/YCRKPBH5JZBLPFPNHS6NYGFHDE-YGxQzA.jpg\",\"articleSection\":[\"NACIONALES\"],\"inLanguage\":\"es\"},{\"@type\":\"WebPage\",\"@id\":\"https:\\\/\\\/impactocastex.com.ar\\\/?p=16511\",\"url\":\"https:\\\/\\\/impactocastex.com.ar\\\/?p=16511\",\"name\":\"Pese a la baja de tasas, la demanda de cr\u00e9ditos sufri\u00f3 una ca\u00edda \u201csignificativa\u201d y los bancos endurecieron condiciones -\",\"isPartOf\":{\"@id\":\"https:\\\/\\\/impactocastex.com.ar\\\/#website\"},\"primaryImageOfPage\":{\"@id\":\"https:\\\/\\\/impactocastex.com.ar\\\/?p=16511#primaryimage\"},\"image\":{\"@id\":\"https:\\\/\\\/impactocastex.com.ar\\\/?p=16511#primaryimage\"},\"thumbnailUrl\":\"https:\\\/\\\/impactocastex.com.ar\\\/wp-content\\\/uploads\\\/2026\\\/04\\\/YCRKPBH5JZBLPFPNHS6NYGFHDE-YGxQzA.jpg\",\"datePublished\":\"2026-04-26T22:20:15+00:00\",\"breadcrumb\":{\"@id\":\"https:\\\/\\\/impactocastex.com.ar\\\/?p=16511#breadcrumb\"},\"inLanguage\":\"es\",\"potentialAction\":[{\"@type\":\"ReadAction\",\"target\":[\"https:\\\/\\\/impactocastex.com.ar\\\/?p=16511\"]}]},{\"@type\":\"ImageObject\",\"inLanguage\":\"es\",\"@id\":\"https:\\\/\\\/impactocastex.com.ar\\\/?p=16511#primaryimage\",\"url\":\"https:\\\/\\\/impactocastex.com.ar\\\/wp-content\\\/uploads\\\/2026\\\/04\\\/YCRKPBH5JZBLPFPNHS6NYGFHDE-YGxQzA.jpg\",\"contentUrl\":\"https:\\\/\\\/impactocastex.com.ar\\\/wp-content\\\/uploads\\\/2026\\\/04\\\/YCRKPBH5JZBLPFPNHS6NYGFHDE-YGxQzA.jpg\",\"width\":2000,\"height\":1333},{\"@type\":\"BreadcrumbList\",\"@id\":\"https:\\\/\\\/impactocastex.com.ar\\\/?p=16511#breadcrumb\",\"itemListElement\":[{\"@type\":\"ListItem\",\"position\":1,\"name\":\"Portada\",\"item\":\"https:\\\/\\\/impactocastex.com.ar\\\/\"},{\"@type\":\"ListItem\",\"position\":2,\"name\":\"Pese a la baja de tasas, la demanda de cr\u00e9ditos sufri\u00f3 una ca\u00edda \u201csignificativa\u201d y los bancos endurecieron condiciones\"}]},{\"@type\":\"WebSite\",\"@id\":\"https:\\\/\\\/impactocastex.com.ar\\\/#website\",\"url\":\"https:\\\/\\\/impactocastex.com.ar\\\/\",\"name\":\"Impacto Castex\",\"description\":\"\",\"publisher\":{\"@id\":\"https:\\\/\\\/impactocastex.com.ar\\\/#organization\"},\"potentialAction\":[{\"@type\":\"SearchAction\",\"target\":{\"@type\":\"EntryPoint\",\"urlTemplate\":\"https:\\\/\\\/impactocastex.com.ar\\\/?s={search_term_string}\"},\"query-input\":{\"@type\":\"PropertyValueSpecification\",\"valueRequired\":true,\"valueName\":\"search_term_string\"}}],\"inLanguage\":\"es\"},{\"@type\":\"Organization\",\"@id\":\"https:\\\/\\\/impactocastex.com.ar\\\/#organization\",\"name\":\"Impacto Castex\",\"url\":\"https:\\\/\\\/impactocastex.com.ar\\\/\",\"logo\":{\"@type\":\"ImageObject\",\"inLanguage\":\"es\",\"@id\":\"https:\\\/\\\/impactocastex.com.ar\\\/#\\\/schema\\\/logo\\\/image\\\/\",\"url\":\"https:\\\/\\\/impactocastex.com.ar\\\/wp-content\\\/uploads\\\/2025\\\/09\\\/cropped-icoweb.png\",\"contentUrl\":\"https:\\\/\\\/impactocastex.com.ar\\\/wp-content\\\/uploads\\\/2025\\\/09\\\/cropped-icoweb.png\",\"width\":512,\"height\":512,\"caption\":\"Impacto Castex\"},\"image\":{\"@id\":\"https:\\\/\\\/impactocastex.com.ar\\\/#\\\/schema\\\/logo\\\/image\\\/\"},\"sameAs\":[\"https:\\\/\\\/www.facebook.com\\\/impactocastexdiario\",\"https:\\\/\\\/www.instagram.com\\\/impactocastex.com.ar\\\/\"]},{\"@type\":\"Person\",\"@id\":\"https:\\\/\\\/impactocastex.com.ar\\\/#\\\/schema\\\/person\\\/86cb4f827fb5f87869a239b98a69c6e3\",\"name\":\"impactocastex\",\"image\":{\"@type\":\"ImageObject\",\"inLanguage\":\"es\",\"@id\":\"https:\\\/\\\/secure.gravatar.com\\\/avatar\\\/9a87ee051ca8c77f5d4070843ce2c78cdf95b858b950fb039151de955122f5f5?s=96&d=mm&r=g\",\"url\":\"https:\\\/\\\/secure.gravatar.com\\\/avatar\\\/9a87ee051ca8c77f5d4070843ce2c78cdf95b858b950fb039151de955122f5f5?s=96&d=mm&r=g\",\"contentUrl\":\"https:\\\/\\\/secure.gravatar.com\\\/avatar\\\/9a87ee051ca8c77f5d4070843ce2c78cdf95b858b950fb039151de955122f5f5?s=96&d=mm&r=g\",\"caption\":\"impactocastex\"},\"sameAs\":[\"https:\\\/\\\/impactocastex.com.ar\"],\"url\":\"https:\\\/\\\/impactocastex.com.ar\\\/?author=1\"}]}<\/script>\n<!-- \/ Yoast SEO plugin. -->","yoast_head_json":{"title":"Pese a la baja de tasas, la demanda de cr\u00e9ditos sufri\u00f3 una ca\u00edda \u201csignificativa\u201d y los bancos endurecieron condiciones -","robots":{"index":"index","follow":"follow","max-snippet":"max-snippet:-1","max-image-preview":"max-image-preview:large","max-video-preview":"max-video-preview:-1"},"canonical":"https:\/\/impactocastex.com.ar\/?p=16511","og_locale":"es_ES","og_type":"article","og_title":"Pese a la baja de tasas, la demanda de cr\u00e9ditos sufri\u00f3 una ca\u00edda \u201csignificativa\u201d y los bancos endurecieron condiciones -","og_description":"El Gobierno tiene en la baja de las tasas de inter\u00e9s y en el despertar...","og_url":"https:\/\/impactocastex.com.ar\/?p=16511","article_publisher":"https:\/\/www.facebook.com\/impactocastexdiario","article_published_time":"2026-04-26T22:20:15+00:00","og_image":[{"url":"https:\/\/resizer.glanacion.com\/resizer\/v2\/PRRGWB6M75BDVGYQ5MYWS6JVOA.jpeg?auth=35260fb9298234e2e8cc9b5a062871cd27e9879aeb929f293a9a6715331a1ae1&amp;smart=true&amp;width=767&amp;height=533","type":"","width":"","height":""}],"author":"impactocastex","twitter_card":"summary_large_image","twitter_misc":{"Escrito por":"impactocastex","Tiempo de lectura":"6 minutos"},"schema":{"@context":"https:\/\/schema.org","@graph":[{"@type":"Article","@id":"https:\/\/impactocastex.com.ar\/?p=16511#article","isPartOf":{"@id":"https:\/\/impactocastex.com.ar\/?p=16511"},"author":{"name":"impactocastex","@id":"https:\/\/impactocastex.com.ar\/#\/schema\/person\/86cb4f827fb5f87869a239b98a69c6e3"},"headline":"Pese a la baja de tasas, la demanda de cr\u00e9ditos sufri\u00f3 una ca\u00edda \u201csignificativa\u201d y los bancos endurecieron condiciones","datePublished":"2026-04-26T22:20:15+00:00","mainEntityOfPage":{"@id":"https:\/\/impactocastex.com.ar\/?p=16511"},"wordCount":1129,"publisher":{"@id":"https:\/\/impactocastex.com.ar\/#organization"},"image":{"@id":"https:\/\/impactocastex.com.ar\/?p=16511#primaryimage"},"thumbnailUrl":"https:\/\/impactocastex.com.ar\/wp-content\/uploads\/2026\/04\/YCRKPBH5JZBLPFPNHS6NYGFHDE-YGxQzA.jpg","articleSection":["NACIONALES"],"inLanguage":"es"},{"@type":"WebPage","@id":"https:\/\/impactocastex.com.ar\/?p=16511","url":"https:\/\/impactocastex.com.ar\/?p=16511","name":"Pese a la baja de tasas, la demanda de cr\u00e9ditos sufri\u00f3 una ca\u00edda \u201csignificativa\u201d y los bancos endurecieron condiciones -","isPartOf":{"@id":"https:\/\/impactocastex.com.ar\/#website"},"primaryImageOfPage":{"@id":"https:\/\/impactocastex.com.ar\/?p=16511#primaryimage"},"image":{"@id":"https:\/\/impactocastex.com.ar\/?p=16511#primaryimage"},"thumbnailUrl":"https:\/\/impactocastex.com.ar\/wp-content\/uploads\/2026\/04\/YCRKPBH5JZBLPFPNHS6NYGFHDE-YGxQzA.jpg","datePublished":"2026-04-26T22:20:15+00:00","breadcrumb":{"@id":"https:\/\/impactocastex.com.ar\/?p=16511#breadcrumb"},"inLanguage":"es","potentialAction":[{"@type":"ReadAction","target":["https:\/\/impactocastex.com.ar\/?p=16511"]}]},{"@type":"ImageObject","inLanguage":"es","@id":"https:\/\/impactocastex.com.ar\/?p=16511#primaryimage","url":"https:\/\/impactocastex.com.ar\/wp-content\/uploads\/2026\/04\/YCRKPBH5JZBLPFPNHS6NYGFHDE-YGxQzA.jpg","contentUrl":"https:\/\/impactocastex.com.ar\/wp-content\/uploads\/2026\/04\/YCRKPBH5JZBLPFPNHS6NYGFHDE-YGxQzA.jpg","width":2000,"height":1333},{"@type":"BreadcrumbList","@id":"https:\/\/impactocastex.com.ar\/?p=16511#breadcrumb","itemListElement":[{"@type":"ListItem","position":1,"name":"Portada","item":"https:\/\/impactocastex.com.ar\/"},{"@type":"ListItem","position":2,"name":"Pese a la baja de tasas, la demanda de cr\u00e9ditos sufri\u00f3 una ca\u00edda \u201csignificativa\u201d y los bancos endurecieron condiciones"}]},{"@type":"WebSite","@id":"https:\/\/impactocastex.com.ar\/#website","url":"https:\/\/impactocastex.com.ar\/","name":"Impacto Castex","description":"","publisher":{"@id":"https:\/\/impactocastex.com.ar\/#organization"},"potentialAction":[{"@type":"SearchAction","target":{"@type":"EntryPoint","urlTemplate":"https:\/\/impactocastex.com.ar\/?s={search_term_string}"},"query-input":{"@type":"PropertyValueSpecification","valueRequired":true,"valueName":"search_term_string"}}],"inLanguage":"es"},{"@type":"Organization","@id":"https:\/\/impactocastex.com.ar\/#organization","name":"Impacto Castex","url":"https:\/\/impactocastex.com.ar\/","logo":{"@type":"ImageObject","inLanguage":"es","@id":"https:\/\/impactocastex.com.ar\/#\/schema\/logo\/image\/","url":"https:\/\/impactocastex.com.ar\/wp-content\/uploads\/2025\/09\/cropped-icoweb.png","contentUrl":"https:\/\/impactocastex.com.ar\/wp-content\/uploads\/2025\/09\/cropped-icoweb.png","width":512,"height":512,"caption":"Impacto Castex"},"image":{"@id":"https:\/\/impactocastex.com.ar\/#\/schema\/logo\/image\/"},"sameAs":["https:\/\/www.facebook.com\/impactocastexdiario","https:\/\/www.instagram.com\/impactocastex.com.ar\/"]},{"@type":"Person","@id":"https:\/\/impactocastex.com.ar\/#\/schema\/person\/86cb4f827fb5f87869a239b98a69c6e3","name":"impactocastex","image":{"@type":"ImageObject","inLanguage":"es","@id":"https:\/\/secure.gravatar.com\/avatar\/9a87ee051ca8c77f5d4070843ce2c78cdf95b858b950fb039151de955122f5f5?s=96&d=mm&r=g","url":"https:\/\/secure.gravatar.com\/avatar\/9a87ee051ca8c77f5d4070843ce2c78cdf95b858b950fb039151de955122f5f5?s=96&d=mm&r=g","contentUrl":"https:\/\/secure.gravatar.com\/avatar\/9a87ee051ca8c77f5d4070843ce2c78cdf95b858b950fb039151de955122f5f5?s=96&d=mm&r=g","caption":"impactocastex"},"sameAs":["https:\/\/impactocastex.com.ar"],"url":"https:\/\/impactocastex.com.ar\/?author=1"}]}},"jetpack_publicize_connections":[],"featured_image_urls":{"full":["https:\/\/impactocastex.com.ar\/wp-content\/uploads\/2026\/04\/YCRKPBH5JZBLPFPNHS6NYGFHDE-YGxQzA.jpg",2000,1333,false],"thumbnail":["https:\/\/impactocastex.com.ar\/wp-content\/uploads\/2026\/04\/YCRKPBH5JZBLPFPNHS6NYGFHDE-YGxQzA-150x150.jpg",150,150,true],"medium":["https:\/\/impactocastex.com.ar\/wp-content\/uploads\/2026\/04\/YCRKPBH5JZBLPFPNHS6NYGFHDE-YGxQzA-300x200.jpg",300,200,true],"medium_large":["https:\/\/impactocastex.com.ar\/wp-content\/uploads\/2026\/04\/YCRKPBH5JZBLPFPNHS6NYGFHDE-YGxQzA-768x512.jpg",640,427,true],"large":["https:\/\/impactocastex.com.ar\/wp-content\/uploads\/2026\/04\/YCRKPBH5JZBLPFPNHS6NYGFHDE-YGxQzA-1024x682.jpg",640,426,true],"1536x1536":["https:\/\/impactocastex.com.ar\/wp-content\/uploads\/2026\/04\/YCRKPBH5JZBLPFPNHS6NYGFHDE-YGxQzA-1536x1024.jpg",1536,1024,true],"2048x2048":["https:\/\/impactocastex.com.ar\/wp-content\/uploads\/2026\/04\/YCRKPBH5JZBLPFPNHS6NYGFHDE-YGxQzA.jpg",2000,1333,false],"newsever-slider-full":["https:\/\/impactocastex.com.ar\/wp-content\/uploads\/2026\/04\/YCRKPBH5JZBLPFPNHS6NYGFHDE-YGxQzA-1280x845.jpg",1280,845,true],"newsever-featured":["https:\/\/impactocastex.com.ar\/wp-content\/uploads\/2026\/04\/YCRKPBH5JZBLPFPNHS6NYGFHDE-YGxQzA-1024x682.jpg",1024,682,true],"newsever-medium":["https:\/\/impactocastex.com.ar\/wp-content\/uploads\/2026\/04\/YCRKPBH5JZBLPFPNHS6NYGFHDE-YGxQzA-720x475.jpg",720,475,true]},"author_info":{"info":["impactocastex"]},"category_info":"<a href=\"https:\/\/impactocastex.com.ar\/?cat=89\" rel=\"category\">NACIONALES<\/a>","tag_info":"NACIONALES","comment_count":0,"jetpack_featured_media_url":"https:\/\/impactocastex.com.ar\/wp-content\/uploads\/2026\/04\/YCRKPBH5JZBLPFPNHS6NYGFHDE-YGxQzA.jpg","jetpack_sharing_enabled":true,"jetpack_likes_enabled":true,"jetpack_shortlink":"https:\/\/wp.me\/p7sopA-4ij","_links":{"self":[{"href":"https:\/\/impactocastex.com.ar\/index.php?rest_route=\/wp\/v2\/posts\/16511","targetHints":{"allow":["GET"]}}],"collection":[{"href":"https:\/\/impactocastex.com.ar\/index.php?rest_route=\/wp\/v2\/posts"}],"about":[{"href":"https:\/\/impactocastex.com.ar\/index.php?rest_route=\/wp\/v2\/types\/post"}],"author":[{"embeddable":true,"href":"https:\/\/impactocastex.com.ar\/index.php?rest_route=\/wp\/v2\/users\/1"}],"replies":[{"embeddable":true,"href":"https:\/\/impactocastex.com.ar\/index.php?rest_route=%2Fwp%2Fv2%2Fcomments&post=16511"}],"version-history":[{"count":0,"href":"https:\/\/impactocastex.com.ar\/index.php?rest_route=\/wp\/v2\/posts\/16511\/revisions"}],"wp:featuredmedia":[{"embeddable":true,"href":"https:\/\/impactocastex.com.ar\/index.php?rest_route=\/wp\/v2\/media\/16512"}],"wp:attachment":[{"href":"https:\/\/impactocastex.com.ar\/index.php?rest_route=%2Fwp%2Fv2%2Fmedia&parent=16511"}],"wp:term":[{"taxonomy":"category","embeddable":true,"href":"https:\/\/impactocastex.com.ar\/index.php?rest_route=%2Fwp%2Fv2%2Fcategories&post=16511"},{"taxonomy":"post_tag","embeddable":true,"href":"https:\/\/impactocastex.com.ar\/index.php?rest_route=%2Fwp%2Fv2%2Ftags&post=16511"}],"curies":[{"name":"wp","href":"https:\/\/api.w.org\/{rel}","templated":true}]}}