{"id":16503,"date":"2026-04-26T13:43:35","date_gmt":"2026-04-26T16:43:35","guid":{"rendered":"https:\/\/impactocastex.com.ar\/?p=16503"},"modified":"2026-04-26T13:43:35","modified_gmt":"2026-04-26T16:43:35","slug":"maximo-kirchner-rechazo-el-armado-de-un-frente-electoral-anti-milei-no-me-convence","status":"publish","type":"post","link":"https:\/\/impactocastex.com.ar\/?p=16503","title":{"rendered":"M\u00e1ximo Kirchner rechaz\u00f3 el armado de un frente electoral anti-Milei: \u00abNo me convence\u00bb"},"content":{"rendered":"<div><img decoding=\"async\" src=\"https:\/\/www.clarin.com\/img\/2026\/03\/24\/aw6_pWhmv_2000x1500__1.jpg\" class=\"ff-og-image-inserted\" \/><\/div>\n<div>\n<p>El diputado nacional <strong>M\u00e1ximo Kirchner<\/strong> volvi\u00f3 a marcar diferencias dentro del peronismo, <strong>cuestion\u00f3 la posibilidad de conformar un frente pol\u00edtico cuyo \u00fanico eje sea enfrentar al presidente Javier Milei<\/strong> y remarc\u00f3 que Cristina Kirchner es la primera candidata del peronismo, a pesar de que est\u00e1 <strong>inhabilitada para ejercer cargos p\u00fablicos<\/strong> por la condena por corrupci\u00f3n en la causa Vialidad.<\/p>\n<\/div>\n<div>\n<p>\u201cPlanteamos que no sirve destruir al adversario para ganar una elecci\u00f3n. Y es uno de los dramas que tiene la Argentina. Hay que construir una opci\u00f3n diferente. Por eso,<strong> cuando hablan del frente anti-Milei, no me convence<\/strong>\u201d, afirm\u00f3 en una entrevista al diario La Capital. Y agreg\u00f3 que el desaf\u00edo es construir una alternativa con propuestas claras y una mirada positiva hacia el futuro.<\/p>\n<\/div>\n<div>\n<p>Al ser consultado por eventuales candidaturas, rumbo a las presidenciales de 2027, respondi\u00f3 que Cristina Kirchner deber\u00eda encabezar una lista pese a su \u00abproscripci\u00f3n\u00bb.<\/p>\n<\/div>\n<div>\n<p><strong>\u00abCristina es la primera candidata porque no hay qui\u00e9n le gane en una interna<\/strong>. Hace seis meses que simplemente tuitea y, a\u00fan as\u00ed, sigue teniendo el reconocimiento del pueblo argentino. Si no logramos romper la proscripci\u00f3n, deberemos buscar qui\u00e9n exprese esos intereses de la mejor manera y despierte confianza\u00bb, manifest\u00f3.<\/p>\n<\/div>\n<div>\n<p>De esta manera, el legislador dej\u00f3 un duro mensaje para el armado que impulsan los sectores referenciados en Axel Kicillof. Adem\u00e1s, insisti\u00f3 en la necesidad de buscar un candidato que no sea s\u00f3lo para hacer un frente contra el Gobierno libertario.<\/p>\n<\/div>\n<div>\n<p>\u00abQueremos construir una opci\u00f3n que permita que el pa\u00eds se libere del lugar donde lo est\u00e1n llevando. <strong>Hace diez a\u00f1os que la Argentina entr\u00f3 en un tobog\u00e1n y nunca encuentra el arenero<\/strong>. Es una ca\u00edda que perjudica a la mayor\u00eda de la gente que nunca m\u00e1s encontr\u00f3 un contexto que le permitiera so\u00f1ar\u00bb, sentenci\u00f3.<\/p>\n<\/div>\n<div>\n<p>Durante una recorrida por Santa Fe, el dirigente de La C\u00e1mpora plante\u00f3 que la oposici\u00f3n no debe limitarse a reaccionar frente al oficialismo, sino que tiene que elaborar un proyecto pol\u00edtico propio. <\/p>\n<\/div>\n<div>\n<p>En ese sentido, insisti\u00f3 en que pensar \u00fanicamente en t\u00e9rminos de rechazo al Gobierno de La Libertad Avanza resulta insuficiente para interpelar a la sociedad.<\/p>\n<\/div>\n<div>\n<p>\u00abEs un reduccionismo enorme que, con la capacidad que tenemos de generar ideas, de administrar el Estado, nos direccionemos solamente a que hay que ganarle a Milei. No me interesa destruirlo, me interesa que en la elecci\u00f3n juntemos m\u00e1s votos y, cuando seamos gobierno, estemos a la altura de la circunstancia\u00bb, detall\u00f3.<\/p>\n<\/div>\n<div>\n<p>Kirchner tambi\u00e9n vincul\u00f3 su postura con la necesidad de revisar las causas que permitieron la llegada del actual Gobierno al poder. Seg\u00fan su an\u00e1lisis, no alcanza con confrontar con Milei, sino que es necesario discutir las condiciones econ\u00f3micas y sociales que lo hicieron posible y ofrecer respuestas concretas.<\/p>\n<\/div>\n<div>\n<p>Las declaraciones se dan en un contexto de reconfiguraci\u00f3n del peronismo, que busca redefinir liderazgos y estrategias de cara al escenario pol\u00edtico que viene. En ese marco, el dirigente dej\u00f3 entrever que el espacio deber\u00e1 apostar a una construcci\u00f3n m\u00e1s amplia, pero basada en coincidencias program\u00e1ticas y no solo en la oposici\u00f3n coyuntural.<\/p>\n<\/div>\n<div>\n<p>D\u00edas atr\u00e1s,<strong> M\u00e1ximo dej\u00f3 la conducci\u00f3n del Partido Justicialista de la provincia de Buenos Aires en manos del gobernador Axel Kicillof,<\/strong> quien mantiene una fuerte disputa y busca ser el candidato del peronismo para 2027.<\/p>\n<\/div>\n<p><strong><a href=\"https:\/\/blockads.fivefilters.org\/\">Adblock test<\/a><\/strong> <a href=\"https:\/\/blockads.fivefilters.org\/acceptable.html\">(Why?)<\/a><\/p>\n<p>\u200b\u00a0\u00a0\u200b<\/p>","protected":false},"excerpt":{"rendered":"<p>El diputado nacional M\u00e1ximo Kirchner volvi\u00f3 a marcar diferencias dentro del peronismo, cuestion\u00f3 la posibilidad&#8230;<\/p>\n","protected":false},"author":1,"featured_media":16504,"comment_status":"closed","ping_status":"closed","sticky":false,"template":"","format":"standard","meta":{"_jetpack_memberships_contains_paid_content":false,"footnotes":"","jetpack_publicize_message":"","jetpack_publicize_feature_enabled":true,"jetpack_social_post_already_shared":true,"jetpack_social_options":{"image_generator_settings":{"template":"highway","default_image_id":0,"font":"","enabled":false},"version":2}},"categories":[122],"tags":[],"class_list":["post-16503","post","type-post","status-publish","format-standard","has-post-thumbnail","hentry","category-politica"],"yoast_head":"<!-- This site is optimized with the Yoast SEO plugin v27.4 - https:\/\/yoast.com\/product\/yoast-seo-wordpress\/ -->\n<title>M\u00e1ximo Kirchner rechaz\u00f3 el armado de un frente electoral anti-Milei: &quot;No me convence&quot; -<\/title>\n<meta name=\"robots\" content=\"index, follow, max-snippet:-1, max-image-preview:large, max-video-preview:-1\" \/>\n<link rel=\"canonical\" href=\"https:\/\/impactocastex.com.ar\/?p=16503\" \/>\n<meta property=\"og:locale\" content=\"es_ES\" \/>\n<meta property=\"og:type\" content=\"article\" \/>\n<meta property=\"og:title\" content=\"M\u00e1ximo Kirchner rechaz\u00f3 el armado de un frente electoral anti-Milei: &quot;No me convence&quot; -\" \/>\n<meta property=\"og:description\" content=\"El diputado nacional M\u00e1ximo Kirchner volvi\u00f3 a marcar diferencias dentro del peronismo, cuestion\u00f3 la posibilidad...\" \/>\n<meta property=\"og:url\" content=\"https:\/\/impactocastex.com.ar\/?p=16503\" \/>\n<meta property=\"article:publisher\" content=\"https:\/\/www.facebook.com\/impactocastexdiario\" \/>\n<meta property=\"article:published_time\" content=\"2026-04-26T16:43:35+00:00\" \/>\n<meta property=\"og:image\" content=\"https:\/\/www.clarin.com\/img\/2026\/03\/24\/aw6_pWhmv_2000x1500__1.jpg\" \/>\n<meta name=\"author\" content=\"impactocastex\" \/>\n<meta name=\"twitter:card\" content=\"summary_large_image\" \/>\n<meta name=\"twitter:label1\" content=\"Escrito por\" \/>\n\t<meta name=\"twitter:data1\" content=\"impactocastex\" \/>\n\t<meta name=\"twitter:label2\" content=\"Tiempo de lectura\" \/>\n\t<meta name=\"twitter:data2\" content=\"3 minutos\" \/>\n<script type=\"application\/ld+json\" class=\"yoast-schema-graph\">{\"@context\":\"https:\\\/\\\/schema.org\",\"@graph\":[{\"@type\":\"Article\",\"@id\":\"https:\\\/\\\/impactocastex.com.ar\\\/?p=16503#article\",\"isPartOf\":{\"@id\":\"https:\\\/\\\/impactocastex.com.ar\\\/?p=16503\"},\"author\":{\"name\":\"impactocastex\",\"@id\":\"https:\\\/\\\/impactocastex.com.ar\\\/#\\\/schema\\\/person\\\/86cb4f827fb5f87869a239b98a69c6e3\"},\"headline\":\"M\u00e1ximo Kirchner rechaz\u00f3 el armado de un frente electoral anti-Milei: \u00abNo me convence\u00bb\",\"datePublished\":\"2026-04-26T16:43:35+00:00\",\"mainEntityOfPage\":{\"@id\":\"https:\\\/\\\/impactocastex.com.ar\\\/?p=16503\"},\"wordCount\":596,\"publisher\":{\"@id\":\"https:\\\/\\\/impactocastex.com.ar\\\/#organization\"},\"image\":{\"@id\":\"https:\\\/\\\/impactocastex.com.ar\\\/?p=16503#primaryimage\"},\"thumbnailUrl\":\"https:\\\/\\\/impactocastex.com.ar\\\/wp-content\\\/uploads\\\/2026\\\/04\\\/aw6_pWhmv_1200x630__1-C9MqyP.jpg\",\"articleSection\":[\"POLITICA\"],\"inLanguage\":\"es\"},{\"@type\":\"WebPage\",\"@id\":\"https:\\\/\\\/impactocastex.com.ar\\\/?p=16503\",\"url\":\"https:\\\/\\\/impactocastex.com.ar\\\/?p=16503\",\"name\":\"M\u00e1ximo Kirchner rechaz\u00f3 el armado de un frente electoral anti-Milei: \\\"No me convence\\\" -\",\"isPartOf\":{\"@id\":\"https:\\\/\\\/impactocastex.com.ar\\\/#website\"},\"primaryImageOfPage\":{\"@id\":\"https:\\\/\\\/impactocastex.com.ar\\\/?p=16503#primaryimage\"},\"image\":{\"@id\":\"https:\\\/\\\/impactocastex.com.ar\\\/?p=16503#primaryimage\"},\"thumbnailUrl\":\"https:\\\/\\\/impactocastex.com.ar\\\/wp-content\\\/uploads\\\/2026\\\/04\\\/aw6_pWhmv_1200x630__1-C9MqyP.jpg\",\"datePublished\":\"2026-04-26T16:43:35+00:00\",\"breadcrumb\":{\"@id\":\"https:\\\/\\\/impactocastex.com.ar\\\/?p=16503#breadcrumb\"},\"inLanguage\":\"es\",\"potentialAction\":[{\"@type\":\"ReadAction\",\"target\":[\"https:\\\/\\\/impactocastex.com.ar\\\/?p=16503\"]}]},{\"@type\":\"ImageObject\",\"inLanguage\":\"es\",\"@id\":\"https:\\\/\\\/impactocastex.com.ar\\\/?p=16503#primaryimage\",\"url\":\"https:\\\/\\\/impactocastex.com.ar\\\/wp-content\\\/uploads\\\/2026\\\/04\\\/aw6_pWhmv_1200x630__1-C9MqyP.jpg\",\"contentUrl\":\"https:\\\/\\\/impactocastex.com.ar\\\/wp-content\\\/uploads\\\/2026\\\/04\\\/aw6_pWhmv_1200x630__1-C9MqyP.jpg\",\"width\":1200,\"height\":630},{\"@type\":\"BreadcrumbList\",\"@id\":\"https:\\\/\\\/impactocastex.com.ar\\\/?p=16503#breadcrumb\",\"itemListElement\":[{\"@type\":\"ListItem\",\"position\":1,\"name\":\"Portada\",\"item\":\"https:\\\/\\\/impactocastex.com.ar\\\/\"},{\"@type\":\"ListItem\",\"position\":2,\"name\":\"M\u00e1ximo Kirchner rechaz\u00f3 el armado de un frente electoral anti-Milei: \u00abNo me convence\u00bb\"}]},{\"@type\":\"WebSite\",\"@id\":\"https:\\\/\\\/impactocastex.com.ar\\\/#website\",\"url\":\"https:\\\/\\\/impactocastex.com.ar\\\/\",\"name\":\"Impacto Castex\",\"description\":\"\",\"publisher\":{\"@id\":\"https:\\\/\\\/impactocastex.com.ar\\\/#organization\"},\"potentialAction\":[{\"@type\":\"SearchAction\",\"target\":{\"@type\":\"EntryPoint\",\"urlTemplate\":\"https:\\\/\\\/impactocastex.com.ar\\\/?s={search_term_string}\"},\"query-input\":{\"@type\":\"PropertyValueSpecification\",\"valueRequired\":true,\"valueName\":\"search_term_string\"}}],\"inLanguage\":\"es\"},{\"@type\":\"Organization\",\"@id\":\"https:\\\/\\\/impactocastex.com.ar\\\/#organization\",\"name\":\"Impacto Castex\",\"url\":\"https:\\\/\\\/impactocastex.com.ar\\\/\",\"logo\":{\"@type\":\"ImageObject\",\"inLanguage\":\"es\",\"@id\":\"https:\\\/\\\/impactocastex.com.ar\\\/#\\\/schema\\\/logo\\\/image\\\/\",\"url\":\"https:\\\/\\\/impactocastex.com.ar\\\/wp-content\\\/uploads\\\/2025\\\/09\\\/cropped-icoweb.png\",\"contentUrl\":\"https:\\\/\\\/impactocastex.com.ar\\\/wp-content\\\/uploads\\\/2025\\\/09\\\/cropped-icoweb.png\",\"width\":512,\"height\":512,\"caption\":\"Impacto Castex\"},\"image\":{\"@id\":\"https:\\\/\\\/impactocastex.com.ar\\\/#\\\/schema\\\/logo\\\/image\\\/\"},\"sameAs\":[\"https:\\\/\\\/www.facebook.com\\\/impactocastexdiario\",\"https:\\\/\\\/www.instagram.com\\\/impactocastex.com.ar\\\/\"]},{\"@type\":\"Person\",\"@id\":\"https:\\\/\\\/impactocastex.com.ar\\\/#\\\/schema\\\/person\\\/86cb4f827fb5f87869a239b98a69c6e3\",\"name\":\"impactocastex\",\"image\":{\"@type\":\"ImageObject\",\"inLanguage\":\"es\",\"@id\":\"https:\\\/\\\/secure.gravatar.com\\\/avatar\\\/9a87ee051ca8c77f5d4070843ce2c78cdf95b858b950fb039151de955122f5f5?s=96&d=mm&r=g\",\"url\":\"https:\\\/\\\/secure.gravatar.com\\\/avatar\\\/9a87ee051ca8c77f5d4070843ce2c78cdf95b858b950fb039151de955122f5f5?s=96&d=mm&r=g\",\"contentUrl\":\"https:\\\/\\\/secure.gravatar.com\\\/avatar\\\/9a87ee051ca8c77f5d4070843ce2c78cdf95b858b950fb039151de955122f5f5?s=96&d=mm&r=g\",\"caption\":\"impactocastex\"},\"sameAs\":[\"https:\\\/\\\/impactocastex.com.ar\"],\"url\":\"https:\\\/\\\/impactocastex.com.ar\\\/?author=1\"}]}<\/script>\n<!-- \/ Yoast SEO plugin. -->","yoast_head_json":{"title":"M\u00e1ximo Kirchner rechaz\u00f3 el armado de un frente electoral anti-Milei: \"No me convence\" -","robots":{"index":"index","follow":"follow","max-snippet":"max-snippet:-1","max-image-preview":"max-image-preview:large","max-video-preview":"max-video-preview:-1"},"canonical":"https:\/\/impactocastex.com.ar\/?p=16503","og_locale":"es_ES","og_type":"article","og_title":"M\u00e1ximo Kirchner rechaz\u00f3 el armado de un frente electoral anti-Milei: \"No me convence\" -","og_description":"El diputado nacional M\u00e1ximo Kirchner volvi\u00f3 a marcar diferencias dentro del peronismo, cuestion\u00f3 la posibilidad...","og_url":"https:\/\/impactocastex.com.ar\/?p=16503","article_publisher":"https:\/\/www.facebook.com\/impactocastexdiario","article_published_time":"2026-04-26T16:43:35+00:00","og_image":[{"url":"https:\/\/www.clarin.com\/img\/2026\/03\/24\/aw6_pWhmv_2000x1500__1.jpg","type":"","width":"","height":""}],"author":"impactocastex","twitter_card":"summary_large_image","twitter_misc":{"Escrito por":"impactocastex","Tiempo de lectura":"3 minutos"},"schema":{"@context":"https:\/\/schema.org","@graph":[{"@type":"Article","@id":"https:\/\/impactocastex.com.ar\/?p=16503#article","isPartOf":{"@id":"https:\/\/impactocastex.com.ar\/?p=16503"},"author":{"name":"impactocastex","@id":"https:\/\/impactocastex.com.ar\/#\/schema\/person\/86cb4f827fb5f87869a239b98a69c6e3"},"headline":"M\u00e1ximo Kirchner rechaz\u00f3 el armado de un frente electoral anti-Milei: \u00abNo me convence\u00bb","datePublished":"2026-04-26T16:43:35+00:00","mainEntityOfPage":{"@id":"https:\/\/impactocastex.com.ar\/?p=16503"},"wordCount":596,"publisher":{"@id":"https:\/\/impactocastex.com.ar\/#organization"},"image":{"@id":"https:\/\/impactocastex.com.ar\/?p=16503#primaryimage"},"thumbnailUrl":"https:\/\/impactocastex.com.ar\/wp-content\/uploads\/2026\/04\/aw6_pWhmv_1200x630__1-C9MqyP.jpg","articleSection":["POLITICA"],"inLanguage":"es"},{"@type":"WebPage","@id":"https:\/\/impactocastex.com.ar\/?p=16503","url":"https:\/\/impactocastex.com.ar\/?p=16503","name":"M\u00e1ximo Kirchner rechaz\u00f3 el armado de un frente electoral anti-Milei: \"No me convence\" -","isPartOf":{"@id":"https:\/\/impactocastex.com.ar\/#website"},"primaryImageOfPage":{"@id":"https:\/\/impactocastex.com.ar\/?p=16503#primaryimage"},"image":{"@id":"https:\/\/impactocastex.com.ar\/?p=16503#primaryimage"},"thumbnailUrl":"https:\/\/impactocastex.com.ar\/wp-content\/uploads\/2026\/04\/aw6_pWhmv_1200x630__1-C9MqyP.jpg","datePublished":"2026-04-26T16:43:35+00:00","breadcrumb":{"@id":"https:\/\/impactocastex.com.ar\/?p=16503#breadcrumb"},"inLanguage":"es","potentialAction":[{"@type":"ReadAction","target":["https:\/\/impactocastex.com.ar\/?p=16503"]}]},{"@type":"ImageObject","inLanguage":"es","@id":"https:\/\/impactocastex.com.ar\/?p=16503#primaryimage","url":"https:\/\/impactocastex.com.ar\/wp-content\/uploads\/2026\/04\/aw6_pWhmv_1200x630__1-C9MqyP.jpg","contentUrl":"https:\/\/impactocastex.com.ar\/wp-content\/uploads\/2026\/04\/aw6_pWhmv_1200x630__1-C9MqyP.jpg","width":1200,"height":630},{"@type":"BreadcrumbList","@id":"https:\/\/impactocastex.com.ar\/?p=16503#breadcrumb","itemListElement":[{"@type":"ListItem","position":1,"name":"Portada","item":"https:\/\/impactocastex.com.ar\/"},{"@type":"ListItem","position":2,"name":"M\u00e1ximo Kirchner rechaz\u00f3 el armado de un frente electoral anti-Milei: \u00abNo me convence\u00bb"}]},{"@type":"WebSite","@id":"https:\/\/impactocastex.com.ar\/#website","url":"https:\/\/impactocastex.com.ar\/","name":"Impacto Castex","description":"","publisher":{"@id":"https:\/\/impactocastex.com.ar\/#organization"},"potentialAction":[{"@type":"SearchAction","target":{"@type":"EntryPoint","urlTemplate":"https:\/\/impactocastex.com.ar\/?s={search_term_string}"},"query-input":{"@type":"PropertyValueSpecification","valueRequired":true,"valueName":"search_term_string"}}],"inLanguage":"es"},{"@type":"Organization","@id":"https:\/\/impactocastex.com.ar\/#organization","name":"Impacto Castex","url":"https:\/\/impactocastex.com.ar\/","logo":{"@type":"ImageObject","inLanguage":"es","@id":"https:\/\/impactocastex.com.ar\/#\/schema\/logo\/image\/","url":"https:\/\/impactocastex.com.ar\/wp-content\/uploads\/2025\/09\/cropped-icoweb.png","contentUrl":"https:\/\/impactocastex.com.ar\/wp-content\/uploads\/2025\/09\/cropped-icoweb.png","width":512,"height":512,"caption":"Impacto Castex"},"image":{"@id":"https:\/\/impactocastex.com.ar\/#\/schema\/logo\/image\/"},"sameAs":["https:\/\/www.facebook.com\/impactocastexdiario","https:\/\/www.instagram.com\/impactocastex.com.ar\/"]},{"@type":"Person","@id":"https:\/\/impactocastex.com.ar\/#\/schema\/person\/86cb4f827fb5f87869a239b98a69c6e3","name":"impactocastex","image":{"@type":"ImageObject","inLanguage":"es","@id":"https:\/\/secure.gravatar.com\/avatar\/9a87ee051ca8c77f5d4070843ce2c78cdf95b858b950fb039151de955122f5f5?s=96&d=mm&r=g","url":"https:\/\/secure.gravatar.com\/avatar\/9a87ee051ca8c77f5d4070843ce2c78cdf95b858b950fb039151de955122f5f5?s=96&d=mm&r=g","contentUrl":"https:\/\/secure.gravatar.com\/avatar\/9a87ee051ca8c77f5d4070843ce2c78cdf95b858b950fb039151de955122f5f5?s=96&d=mm&r=g","caption":"impactocastex"},"sameAs":["https:\/\/impactocastex.com.ar"],"url":"https:\/\/impactocastex.com.ar\/?author=1"}]}},"jetpack_publicize_connections":[],"featured_image_urls":{"full":["https:\/\/impactocastex.com.ar\/wp-content\/uploads\/2026\/04\/aw6_pWhmv_1200x630__1-C9MqyP.jpg",1200,630,false],"thumbnail":["https:\/\/impactocastex.com.ar\/wp-content\/uploads\/2026\/04\/aw6_pWhmv_1200x630__1-C9MqyP-150x150.jpg",150,150,true],"medium":["https:\/\/impactocastex.com.ar\/wp-content\/uploads\/2026\/04\/aw6_pWhmv_1200x630__1-C9MqyP-300x158.jpg",300,158,true],"medium_large":["https:\/\/impactocastex.com.ar\/wp-content\/uploads\/2026\/04\/aw6_pWhmv_1200x630__1-C9MqyP-768x403.jpg",640,336,true],"large":["https:\/\/impactocastex.com.ar\/wp-content\/uploads\/2026\/04\/aw6_pWhmv_1200x630__1-C9MqyP-1024x538.jpg",640,336,true],"1536x1536":["https:\/\/impactocastex.com.ar\/wp-content\/uploads\/2026\/04\/aw6_pWhmv_1200x630__1-C9MqyP.jpg",1200,630,false],"2048x2048":["https:\/\/impactocastex.com.ar\/wp-content\/uploads\/2026\/04\/aw6_pWhmv_1200x630__1-C9MqyP.jpg",1200,630,false],"newsever-slider-full":["https:\/\/impactocastex.com.ar\/wp-content\/uploads\/2026\/04\/aw6_pWhmv_1200x630__1-C9MqyP.jpg",1200,630,false],"newsever-featured":["https:\/\/impactocastex.com.ar\/wp-content\/uploads\/2026\/04\/aw6_pWhmv_1200x630__1-C9MqyP-1024x538.jpg",1024,538,true],"newsever-medium":["https:\/\/impactocastex.com.ar\/wp-content\/uploads\/2026\/04\/aw6_pWhmv_1200x630__1-C9MqyP-720x475.jpg",720,475,true]},"author_info":{"info":["impactocastex"]},"category_info":"<a href=\"https:\/\/impactocastex.com.ar\/?cat=122\" rel=\"category\">POLITICA<\/a>","tag_info":"POLITICA","comment_count":0,"jetpack_featured_media_url":"https:\/\/impactocastex.com.ar\/wp-content\/uploads\/2026\/04\/aw6_pWhmv_1200x630__1-C9MqyP.jpg","jetpack_sharing_enabled":true,"jetpack_likes_enabled":true,"jetpack_shortlink":"https:\/\/wp.me\/p7sopA-4ib","_links":{"self":[{"href":"https:\/\/impactocastex.com.ar\/index.php?rest_route=\/wp\/v2\/posts\/16503","targetHints":{"allow":["GET"]}}],"collection":[{"href":"https:\/\/impactocastex.com.ar\/index.php?rest_route=\/wp\/v2\/posts"}],"about":[{"href":"https:\/\/impactocastex.com.ar\/index.php?rest_route=\/wp\/v2\/types\/post"}],"author":[{"embeddable":true,"href":"https:\/\/impactocastex.com.ar\/index.php?rest_route=\/wp\/v2\/users\/1"}],"replies":[{"embeddable":true,"href":"https:\/\/impactocastex.com.ar\/index.php?rest_route=%2Fwp%2Fv2%2Fcomments&post=16503"}],"version-history":[{"count":0,"href":"https:\/\/impactocastex.com.ar\/index.php?rest_route=\/wp\/v2\/posts\/16503\/revisions"}],"wp:featuredmedia":[{"embeddable":true,"href":"https:\/\/impactocastex.com.ar\/index.php?rest_route=\/wp\/v2\/media\/16504"}],"wp:attachment":[{"href":"https:\/\/impactocastex.com.ar\/index.php?rest_route=%2Fwp%2Fv2%2Fmedia&parent=16503"}],"wp:term":[{"taxonomy":"category","embeddable":true,"href":"https:\/\/impactocastex.com.ar\/index.php?rest_route=%2Fwp%2Fv2%2Fcategories&post=16503"},{"taxonomy":"post_tag","embeddable":true,"href":"https:\/\/impactocastex.com.ar\/index.php?rest_route=%2Fwp%2Fv2%2Ftags&post=16503"}],"curies":[{"name":"wp","href":"https:\/\/api.w.org\/{rel}","templated":true}]}}