{"id":16501,"date":"2026-04-26T14:16:36","date_gmt":"2026-04-26T17:16:36","guid":{"rendered":"https:\/\/impactocastex.com.ar\/?p=16501"},"modified":"2026-04-26T14:16:36","modified_gmt":"2026-04-26T17:16:36","slug":"a-que-hora-corre-franco-colapinto-en-buenos-aires-y-por-donde-se-puede-ver-en-vivo-la-exhibicion","status":"publish","type":"post","link":"https:\/\/impactocastex.com.ar\/?p=16501","title":{"rendered":"A qu\u00e9 hora corre Franco Colapinto en Buenos Aires y por d\u00f3nde se puede ver en vivo la exhibici\u00f3n"},"content":{"rendered":"<p><b>Franco Colapinto protagoniza este domingo un la Ciudad de Buenos Aires el <\/b><a href=\"https:\/\/www.lanacion.com.ar\/deportes\/automovilismo\/franco-colapinto-en-buenos-aires-en-vivo-el-road-show-y-hora-de-sus-giros-minuto-a-minuto-nid26042026\/\" target=\"_self\" rel=\"\" title=\"https:\/\/www.lanacion.com.ar\/deportes\/automovilismo\/franco-colapinto-en-buenos-aires-en-vivo-el-road-show-y-hora-de-sus-giros-minuto-a-minuto-nid26042026\/\"><b>Road Show, <\/b>la esperada exhibici\u00f3n<\/a> en la que conduce un monoplaza de la F\u00f3rmula 1 y un veh\u00edculo hist\u00f3rico para el automovilismo nacional, adem\u00e1s de otras propuestas que est\u00e1n previstas en el cronograma.<\/p>\n<p>Las puertas para el ingreso del p\u00fablico se abrieron a las 8.30 y las actividades iniciaron poco despu\u00e9s, con diferentes actividades que involucraron al piloto y diferentes protagonistas. <b>La transmisi\u00f3n en vivo por televisi\u00f3n del \u2018Franco Colapinto Road Show\u2019 empez\u00f3 al mediod\u00eda en ESPN, <\/b>canal que se puede sintonizar online en Flow, DGO y Telecentro Play;<b> y en la plataforma Disney+ Premium.<\/b><\/p>\n\n<p>El evento se desarrolla en el barrio porte\u00f1o de Palermo, en un circuito que se emplaz\u00f3 entre las avenidas Del Libertador y Sarmiento. <b>El piloto pilarense da cuatro vueltas al trazado. <\/b>En la primera, a bordo del Lotus E20 de 2012 con motor Renault V8 y con el branding de BWT Alpine Formula One Team, estremeci\u00f3 al p\u00fablico con un sinf\u00edn de trompos, conocidos popularmente como donas en el mundo del automovilismo, en diferentes sectores del trazado.<\/p>\n<p>Al concluir su primera presencia en la pista, el pilarense descendi\u00f3 del auto y salud\u00f3 al p\u00fablico. Posteriormente, salud\u00f3 a su abuela y se junt\u00f3 y fotografi\u00f3 con <b>Jorge Macri,<\/b> Jefe de Gobierno de la Ciudad de Buenos Aires. El evento lo presencian, adem\u00e1s, un sinf\u00edn de celebridades de diferentes rubros. Las im\u00e1genes captaron, entre otros, a los futbolistas de Boca <b>Leandro Paredes<\/b> y <b>Miguel Merentiel<\/b> y al extenista <b>Diego Schwartzman.<\/b><\/p>\n\n<p>El segundo giro es a las 14.30 y lo hace con el legendario Flecha de Plata,<b> <\/b>el auto que inmortaliz\u00f3 el qu\u00edntuple campe\u00f3n mundial de F\u00f3rmula 1, <b>Juan Manuel Fangio. <\/b>Posteriormente, a las 15.15, volver\u00e1 a acelerar el Lotus, y, por \u00faltimo, <b>recorrer\u00e1 el trayecto en un colectivo descapotable<\/b> para saludar a los miles de fan\u00e1ticos hay en los alrededores, ya sea quienes adquirieron entradas o los que ocupan los espacios gratuitos.<\/p>\n<p>El evento es in\u00e9dito, con una amplia propuesta alrededor del plato principal a cargo de Dale Play, la productora que lider\u00f3 423 shows musicales el a\u00f1o pasado con artistas como Bizarrap (determinante en la campa\u00f1a de Colapinto desde la F\u00f3rmula 2), Nicki Nicole y Duki. Tambi\u00e9n hay escenarios con pantallas gigantes en los que se muestran im\u00e1genes del Road Show; DJ\u2019s; entrevistas al p\u00fablico; y se presentar\u00e1n la Orquesta Sinf\u00f3nica de la Ciudad, Soledad Pastorutti y Luck Ra.<\/p>\n<p><img loading=\"lazy\" decoding=\"async\" src=\"https:\/\/resizer.glanacion.com\/resizer\/v2\/ESJVRAQHJZFJLPQMDJ34QDSUYM.jpeg?auth=f4679e3b8d9b1ca2ac9f4027fae8f50ce14116380543d75973d27974d4a240f3&amp;smart=true&amp;width=1280&amp;height=853\" alt=\"En su primera salida Franco Colapinto hizo varios trompos en la pista en el circuito de Palermo\" height=\"853\" width=\"1280\" \/><\/p>\n<p>El despliegue de la <b>F\u00f3rmula 1 en la Argentina se da 14 a\u00f1os despu\u00e9s<\/b> de la \u00faltima vez que un monoplaza circul\u00f3 por la ciudad. En 2012 se realiz\u00f3 una exhibici\u00f3n con el australiano <b>Daniel Ricciardo<\/b> al volante de un auto de la escuder\u00eda Red Bull Racing. Desde entonces, la categor\u00eda m\u00e1s importante del automovilismo mundial no volvi\u00f3 a pisar territorio albiceleste.<\/p>\n<p><b>Colapinto, adem\u00e1s, se convirti\u00f3 en el primer argentino en circular con un auto de F1 por las calles de Buenos Aires.<\/b> Los anteriores fueron en el aut\u00f3dromo, como el caso de<b> <\/b>Fangio. \u201cConducir en casa un auto de F\u00f3rmula 1 ser\u00e1 uno de los momentos m\u00e1s especiales de mi vida. <b>Es mi forma de devolver, aunque sea un poco, todo el apoyo y el cari\u00f1o que recib\u00ed desde muy chico\u201d, <\/b>reconoci\u00f3 Franco en la antesala de su hist\u00f3rica presentaci\u00f3n.<\/p>\n<p>La presencia de Franco en el pa\u00eds es posible gracias a que el calendario del Gran Circo atraviesa un receso forzado por la <a href=\"https:\/\/www.lanacion.com.ar\/deportes\/automovilismo\/la-formula-1-suspendio-los-gp-de-bahrein-y-arabia-saudi-por-la-escalada-del-conflicto-en-medio-nid14032026\/\" target=\"_self\" rel=\"\" title=\"https:\/\/www.lanacion.com.ar\/deportes\/automovilismo\/la-formula-1-suspendio-los-gp-de-bahrein-y-arabia-saudi-por-la-escalada-del-conflicto-en-medio-nid14032026\/\">suspensi\u00f3n de los GP de Bahr\u00e9in y Arabia Saudita<\/a> a ra\u00edz de la Guerra de Medio Oriente. La exhibici\u00f3n es una semana antes del Gran Premio de Miami, por lo que la estad\u00eda del pilarense en su tierra es fugaz y exclusivamente para mostrarse ante los fan\u00e1ticos en un contexto de una agenda intensa y cargada que sostiene como piloto del Gran Circo.<\/p>\n\n<p><b>El pr\u00f3ximo fin de semana, Colapinto competir\u00e1 en la sexta jornada de la F1 en Miami, Estados Unidos.<\/b> Significar\u00e1 la reanudaci\u00f3n del campeonato que domina el italiano <b>Kimi Antonelli (Mercedes) <\/b>y en el que el argentino tiene un punto gracias al d\u00e9cimo puesto que consigui\u00f3 en el GP de China.<\/p>\n<p>Para la Argentina, el Road Show es una gran ocasi\u00f3n de demostrar el fanatismo del pa\u00eds por la F1 y una prueba piloto para en el corto plazo lograr que el Gran Circo vuelva a tener una fecha en el aut\u00f3dromo de Buenos Aires, donde se realizan obras para dejar el circuito apto reglamentariamente para la categor\u00eda m\u00e1s importante del automovilismo internacional. De hecho, est\u00e1 previsto que en Miami se presenten los avances de los trabajos para seducir a la Federaci\u00f3n Internacional de Automovilismo (FIA).<\/p>\n<blockquote class=\"instagram-media\" data-instgrm-captioned data-instgrm-permalink=\"https:\/\/www.instagram.com\/p\/DXhLviDk5OQ\/?utm_source=ig_embed&amp;utm_campaign=loading\" data-instgrm-version=\"14\">\n<div> <a href=\"https:\/\/www.instagram.com\/p\/DXhLviDk5OQ\/?utm_source=ig_embed&amp;utm_campaign=loading\" target=\"_blank\"> \n<div>\n<div><\/div>\n<div>\n<div><\/div>\n<div><\/div>\n<\/div>\n<\/div>\n<div><\/div>\n<div><\/div>\n<div>\n<div>View this post on Instagram<\/div>\n<\/div>\n<div><\/div>\n<div>\n<div>\n<div><\/div>\n<div><\/div>\n<div><\/div>\n<\/div>\n<div>\n<div><\/div>\n<div><\/div>\n<\/div>\n<div>\n<div><\/div>\n<div><\/div>\n<div><\/div>\n<\/div>\n<\/div>\n<div>\n<div><\/div>\n<div><\/div>\n<\/div>\n<p><\/p><\/a><\/div>\n<\/blockquote>\n<p><b>Sin actividad en nuestro pa\u00eds, el circuito m\u00e1s pr\u00f3ximo que visitar\u00e1 Colapinto con Alpine esta temporada del Gran Circo ser\u00e1 el de Interlagos en San Pablo.<\/b> El GP de Brasil est\u00e1 previsto para el fin de semana del domingo 8 de noviembre y corresponder\u00e1 a la 21\u00aa jornada.<\/p>\n<p>El \u00faltimo Gran Premio de la F\u00f3rmula 1 en la Argentina se disput\u00f3 el 12 de abril de 1998 en el Aut\u00f3dromo Oscar y Juan G\u00e1lvez de Buenos Aires. La carrera, tercera fecha de la temporada, la gan\u00f3 <b>Michael Schumacher<\/b> con una Ferrari seguido por <b>Mika H\u00e4kkinen <\/b>(McLaren) y <b>Eddie Irvine<\/b> (Ferrari).<\/p>\n<h1>Las ubicaciones gratis para ver a Colapinto<\/h1>\n<p>El Franco Colapinto Road Show tiene espacios gratuitos con acceso general para todos los seguidores que desean presenciar el espect\u00e1culo, adem\u00e1s de aquellos que sacaron entradas.<\/p>\n<p><b>Los sitios habilitados de manera gratuita son<\/b>\u00a0<b>la Plaza Sicilia y la Plaza Seeber, <\/b>lugares en los que la organizaci\u00f3n y la Ciudad prohibieron acampar.\u00a0Se esperan alrededor de 500.000 personas y hay quienes sue\u00f1an con romper el r\u00e9cord de asistencia a un evento de F\u00f3rmula 1.<\/p>\n<p><img loading=\"lazy\" decoding=\"async\" src=\"https:\/\/resizer.glanacion.com\/resizer\/v2\/VB3W7TJXTNFUZMUGUW56WW6YXA.jpeg?auth=a36365fcb96a87aecfc9efe67787f43f40ed66c9c90d076317df1a6110afb484&amp;smart=true&amp;width=4160&amp;height=2773\" alt=\"Los fan\u00e1ticos copan las calles de la Ciudad de Buenos Aires para ver a Franco Colapinto\" height=\"2773\" width=\"4160\" \/><\/p>\n<h1>Cronograma de cortes de calles<\/h1>\n<p>Por la exhibici\u00f3n de Franco Colapinto en el barrio porte\u00f1o de Palermo, se aconseja no circular por la zona en caso de no ser necesario. Desde el s\u00e1bado a la noche est\u00e1 restringido para el p\u00fablico en general el acceso peatonal a las calles que formar\u00e1n parte de la pista. S\u00f3lo pueden circular quienes forman parte de la organizaci\u00f3n y del staff t\u00e9cnico de <b>Alpine, que envi\u00f3 un grupo de seis personas para la atenci\u00f3n del Lotus E20<\/b>.<\/p>\n<p><a href=\"https:\/\/www.lanacion.com.ar\/sociedad\/una-por-una-todas-las-avenidas-y-calles-que-tendran-cortes-por-el-show-de-franco-colapinto-desde-nid20042026\/\" rel=\"\" title=\"https:\/\/www.lanacion.com.ar\/sociedad\/una-por-una-todas-las-avenidas-y-calles-que-tendran-cortes-por-el-show-de-franco-colapinto-desde-nid20042026\/\">El operativo de cortes se diagram\u00f3 en etapas progresivas<\/a>: desde el mi\u00e9rcoles 22, se implement\u00f3 el cierre total de la avenida Iraola, entre Sarmiento e Infanta Isabel, para avanzar con el armado de las estructuras principales. El s\u00e1bado a las 16 se cerraron las avenidas Del Libertador entre Bullrich y Casares y Sarmiento entre Figueroa Alcorta y Colombia. Tambi\u00e9n est\u00e1n cortadas<b> <\/b>las calles Sinclair, Godoy Cruz, Buschiazzo, Fray Justo Santa Mar\u00eda de Oro, Rep\u00fablica de la India, Lafinur, Rep\u00fablica \u00c1rabe Siria y Ugarteche, espec\u00edficamente en el tramo comprendido entre Juan Francisco Segu\u00ed y Libertador.<\/p>\n<p>La restricci\u00f3n afecta a un radio extenso que incluye tramos de las <b>avenidas Cervi\u00f1o, Scalabrini Ortiz y Jer\u00f3nimo Salguero<\/b>, adem\u00e1s de calles como <b>Cavia, Juncal, Beruti y Demar\u00eda<\/b>. El objetivo de estas medidas, seg\u00fan los organizadores, es \u00ab<b>garantizar la seguridad de los asistentes <\/b>y permitir el correcto desarrollo de la actividad en pista\u00bb.<\/p>\n<p><img loading=\"lazy\" decoding=\"async\" src=\"https:\/\/resizer.glanacion.com\/resizer\/v2\/YMRUUDQOZBFGLOISZKTX5XZL2E.jpg?auth=9f112104b4c86338f3d45024260f83412c1ceaad266ce1e9e6d04aab5ace2c07&amp;smart=true&amp;width=2000&amp;height=1123\" alt=\"Los cortes contemplados por la Ciudad Aut\u00f3noma de Buenos Aires para el Road Show de Colapinto\" height=\"1123\" width=\"2000\" \/>\u200bEl evento se realiza en el barrio porte\u00f1o de Palermo; el piloto argentino conduce un Lotus E20 de 2012 y el hist\u00f3rico Flecha de Plata de Juan Manuel Fangio\u00a0\u00a0<\/p>","protected":false},"excerpt":{"rendered":"<p>Franco Colapinto protagoniza este domingo un la Ciudad de Buenos Aires el Road Show, la&#8230;<\/p>\n","protected":false},"author":1,"featured_media":16502,"comment_status":"closed","ping_status":"closed","sticky":false,"template":"","format":"standard","meta":{"_jetpack_memberships_contains_paid_content":false,"footnotes":"","jetpack_publicize_message":"","jetpack_publicize_feature_enabled":true,"jetpack_social_post_already_shared":true,"jetpack_social_options":{"image_generator_settings":{"template":"highway","default_image_id":0,"font":"","enabled":false},"version":2}},"categories":[89],"tags":[],"class_list":["post-16501","post","type-post","status-publish","format-standard","has-post-thumbnail","hentry","category-nacionales"],"yoast_head":"<!-- This site is optimized with the Yoast SEO plugin v27.4 - https:\/\/yoast.com\/product\/yoast-seo-wordpress\/ -->\n<title>A qu\u00e9 hora corre Franco Colapinto en Buenos Aires y por d\u00f3nde se puede ver en vivo la exhibici\u00f3n -<\/title>\n<meta name=\"robots\" content=\"index, follow, max-snippet:-1, max-image-preview:large, max-video-preview:-1\" \/>\n<link rel=\"canonical\" href=\"https:\/\/impactocastex.com.ar\/?p=16501\" \/>\n<meta property=\"og:locale\" content=\"es_ES\" \/>\n<meta property=\"og:type\" content=\"article\" \/>\n<meta property=\"og:title\" content=\"A qu\u00e9 hora corre Franco Colapinto en Buenos Aires y por d\u00f3nde se puede ver en vivo la exhibici\u00f3n -\" \/>\n<meta property=\"og:description\" content=\"Franco Colapinto protagoniza este domingo un la Ciudad de Buenos Aires el Road Show, la...\" \/>\n<meta property=\"og:url\" content=\"https:\/\/impactocastex.com.ar\/?p=16501\" \/>\n<meta property=\"article:publisher\" content=\"https:\/\/www.facebook.com\/impactocastexdiario\" \/>\n<meta property=\"article:published_time\" content=\"2026-04-26T17:16:36+00:00\" \/>\n<meta property=\"og:image\" content=\"https:\/\/resizer.glanacion.com\/resizer\/v2\/ESJVRAQHJZFJLPQMDJ34QDSUYM.jpeg?auth=f4679e3b8d9b1ca2ac9f4027fae8f50ce14116380543d75973d27974d4a240f3&amp;smart=true&amp;width=1280&amp;height=853\" \/>\n<meta name=\"author\" content=\"impactocastex\" \/>\n<meta name=\"twitter:card\" content=\"summary_large_image\" \/>\n<meta name=\"twitter:label1\" content=\"Escrito por\" \/>\n\t<meta name=\"twitter:data1\" content=\"impactocastex\" \/>\n\t<meta name=\"twitter:label2\" content=\"Tiempo de lectura\" \/>\n\t<meta name=\"twitter:data2\" content=\"6 minutos\" \/>\n<script type=\"application\/ld+json\" class=\"yoast-schema-graph\">{\"@context\":\"https:\\\/\\\/schema.org\",\"@graph\":[{\"@type\":\"Article\",\"@id\":\"https:\\\/\\\/impactocastex.com.ar\\\/?p=16501#article\",\"isPartOf\":{\"@id\":\"https:\\\/\\\/impactocastex.com.ar\\\/?p=16501\"},\"author\":{\"name\":\"impactocastex\",\"@id\":\"https:\\\/\\\/impactocastex.com.ar\\\/#\\\/schema\\\/person\\\/86cb4f827fb5f87869a239b98a69c6e3\"},\"headline\":\"A qu\u00e9 hora corre Franco Colapinto en Buenos Aires y por d\u00f3nde se puede ver en vivo la exhibici\u00f3n\",\"datePublished\":\"2026-04-26T17:16:36+00:00\",\"mainEntityOfPage\":{\"@id\":\"https:\\\/\\\/impactocastex.com.ar\\\/?p=16501\"},\"wordCount\":1310,\"publisher\":{\"@id\":\"https:\\\/\\\/impactocastex.com.ar\\\/#organization\"},\"image\":{\"@id\":\"https:\\\/\\\/impactocastex.com.ar\\\/?p=16501#primaryimage\"},\"thumbnailUrl\":\"https:\\\/\\\/impactocastex.com.ar\\\/wp-content\\\/uploads\\\/2026\\\/04\\\/V5QVQNAPCZEGBGUJCBZBOKMCTE-ufQNng.jpg\",\"articleSection\":[\"NACIONALES\"],\"inLanguage\":\"es\"},{\"@type\":\"WebPage\",\"@id\":\"https:\\\/\\\/impactocastex.com.ar\\\/?p=16501\",\"url\":\"https:\\\/\\\/impactocastex.com.ar\\\/?p=16501\",\"name\":\"A qu\u00e9 hora corre Franco Colapinto en Buenos Aires y por d\u00f3nde se puede ver en vivo la exhibici\u00f3n -\",\"isPartOf\":{\"@id\":\"https:\\\/\\\/impactocastex.com.ar\\\/#website\"},\"primaryImageOfPage\":{\"@id\":\"https:\\\/\\\/impactocastex.com.ar\\\/?p=16501#primaryimage\"},\"image\":{\"@id\":\"https:\\\/\\\/impactocastex.com.ar\\\/?p=16501#primaryimage\"},\"thumbnailUrl\":\"https:\\\/\\\/impactocastex.com.ar\\\/wp-content\\\/uploads\\\/2026\\\/04\\\/V5QVQNAPCZEGBGUJCBZBOKMCTE-ufQNng.jpg\",\"datePublished\":\"2026-04-26T17:16:36+00:00\",\"breadcrumb\":{\"@id\":\"https:\\\/\\\/impactocastex.com.ar\\\/?p=16501#breadcrumb\"},\"inLanguage\":\"es\",\"potentialAction\":[{\"@type\":\"ReadAction\",\"target\":[\"https:\\\/\\\/impactocastex.com.ar\\\/?p=16501\"]}]},{\"@type\":\"ImageObject\",\"inLanguage\":\"es\",\"@id\":\"https:\\\/\\\/impactocastex.com.ar\\\/?p=16501#primaryimage\",\"url\":\"https:\\\/\\\/impactocastex.com.ar\\\/wp-content\\\/uploads\\\/2026\\\/04\\\/V5QVQNAPCZEGBGUJCBZBOKMCTE-ufQNng.jpg\",\"contentUrl\":\"https:\\\/\\\/impactocastex.com.ar\\\/wp-content\\\/uploads\\\/2026\\\/04\\\/V5QVQNAPCZEGBGUJCBZBOKMCTE-ufQNng.jpg\",\"width\":1280,\"height\":785},{\"@type\":\"BreadcrumbList\",\"@id\":\"https:\\\/\\\/impactocastex.com.ar\\\/?p=16501#breadcrumb\",\"itemListElement\":[{\"@type\":\"ListItem\",\"position\":1,\"name\":\"Portada\",\"item\":\"https:\\\/\\\/impactocastex.com.ar\\\/\"},{\"@type\":\"ListItem\",\"position\":2,\"name\":\"A qu\u00e9 hora corre Franco Colapinto en Buenos Aires y por d\u00f3nde se puede ver en vivo la exhibici\u00f3n\"}]},{\"@type\":\"WebSite\",\"@id\":\"https:\\\/\\\/impactocastex.com.ar\\\/#website\",\"url\":\"https:\\\/\\\/impactocastex.com.ar\\\/\",\"name\":\"Impacto Castex\",\"description\":\"\",\"publisher\":{\"@id\":\"https:\\\/\\\/impactocastex.com.ar\\\/#organization\"},\"potentialAction\":[{\"@type\":\"SearchAction\",\"target\":{\"@type\":\"EntryPoint\",\"urlTemplate\":\"https:\\\/\\\/impactocastex.com.ar\\\/?s={search_term_string}\"},\"query-input\":{\"@type\":\"PropertyValueSpecification\",\"valueRequired\":true,\"valueName\":\"search_term_string\"}}],\"inLanguage\":\"es\"},{\"@type\":\"Organization\",\"@id\":\"https:\\\/\\\/impactocastex.com.ar\\\/#organization\",\"name\":\"Impacto Castex\",\"url\":\"https:\\\/\\\/impactocastex.com.ar\\\/\",\"logo\":{\"@type\":\"ImageObject\",\"inLanguage\":\"es\",\"@id\":\"https:\\\/\\\/impactocastex.com.ar\\\/#\\\/schema\\\/logo\\\/image\\\/\",\"url\":\"https:\\\/\\\/impactocastex.com.ar\\\/wp-content\\\/uploads\\\/2025\\\/09\\\/cropped-icoweb.png\",\"contentUrl\":\"https:\\\/\\\/impactocastex.com.ar\\\/wp-content\\\/uploads\\\/2025\\\/09\\\/cropped-icoweb.png\",\"width\":512,\"height\":512,\"caption\":\"Impacto Castex\"},\"image\":{\"@id\":\"https:\\\/\\\/impactocastex.com.ar\\\/#\\\/schema\\\/logo\\\/image\\\/\"},\"sameAs\":[\"https:\\\/\\\/www.facebook.com\\\/impactocastexdiario\",\"https:\\\/\\\/www.instagram.com\\\/impactocastex.com.ar\\\/\"]},{\"@type\":\"Person\",\"@id\":\"https:\\\/\\\/impactocastex.com.ar\\\/#\\\/schema\\\/person\\\/86cb4f827fb5f87869a239b98a69c6e3\",\"name\":\"impactocastex\",\"image\":{\"@type\":\"ImageObject\",\"inLanguage\":\"es\",\"@id\":\"https:\\\/\\\/secure.gravatar.com\\\/avatar\\\/9a87ee051ca8c77f5d4070843ce2c78cdf95b858b950fb039151de955122f5f5?s=96&d=mm&r=g\",\"url\":\"https:\\\/\\\/secure.gravatar.com\\\/avatar\\\/9a87ee051ca8c77f5d4070843ce2c78cdf95b858b950fb039151de955122f5f5?s=96&d=mm&r=g\",\"contentUrl\":\"https:\\\/\\\/secure.gravatar.com\\\/avatar\\\/9a87ee051ca8c77f5d4070843ce2c78cdf95b858b950fb039151de955122f5f5?s=96&d=mm&r=g\",\"caption\":\"impactocastex\"},\"sameAs\":[\"https:\\\/\\\/impactocastex.com.ar\"],\"url\":\"https:\\\/\\\/impactocastex.com.ar\\\/?author=1\"}]}<\/script>\n<!-- \/ Yoast SEO plugin. -->","yoast_head_json":{"title":"A qu\u00e9 hora corre Franco Colapinto en Buenos Aires y por d\u00f3nde se puede ver en vivo la exhibici\u00f3n -","robots":{"index":"index","follow":"follow","max-snippet":"max-snippet:-1","max-image-preview":"max-image-preview:large","max-video-preview":"max-video-preview:-1"},"canonical":"https:\/\/impactocastex.com.ar\/?p=16501","og_locale":"es_ES","og_type":"article","og_title":"A qu\u00e9 hora corre Franco Colapinto en Buenos Aires y por d\u00f3nde se puede ver en vivo la exhibici\u00f3n -","og_description":"Franco Colapinto protagoniza este domingo un la Ciudad de Buenos Aires el Road Show, la...","og_url":"https:\/\/impactocastex.com.ar\/?p=16501","article_publisher":"https:\/\/www.facebook.com\/impactocastexdiario","article_published_time":"2026-04-26T17:16:36+00:00","og_image":[{"url":"https:\/\/resizer.glanacion.com\/resizer\/v2\/ESJVRAQHJZFJLPQMDJ34QDSUYM.jpeg?auth=f4679e3b8d9b1ca2ac9f4027fae8f50ce14116380543d75973d27974d4a240f3&amp;smart=true&amp;width=1280&amp;height=853","type":"","width":"","height":""}],"author":"impactocastex","twitter_card":"summary_large_image","twitter_misc":{"Escrito por":"impactocastex","Tiempo de lectura":"6 minutos"},"schema":{"@context":"https:\/\/schema.org","@graph":[{"@type":"Article","@id":"https:\/\/impactocastex.com.ar\/?p=16501#article","isPartOf":{"@id":"https:\/\/impactocastex.com.ar\/?p=16501"},"author":{"name":"impactocastex","@id":"https:\/\/impactocastex.com.ar\/#\/schema\/person\/86cb4f827fb5f87869a239b98a69c6e3"},"headline":"A qu\u00e9 hora corre Franco Colapinto en Buenos Aires y por d\u00f3nde se puede ver en vivo la exhibici\u00f3n","datePublished":"2026-04-26T17:16:36+00:00","mainEntityOfPage":{"@id":"https:\/\/impactocastex.com.ar\/?p=16501"},"wordCount":1310,"publisher":{"@id":"https:\/\/impactocastex.com.ar\/#organization"},"image":{"@id":"https:\/\/impactocastex.com.ar\/?p=16501#primaryimage"},"thumbnailUrl":"https:\/\/impactocastex.com.ar\/wp-content\/uploads\/2026\/04\/V5QVQNAPCZEGBGUJCBZBOKMCTE-ufQNng.jpg","articleSection":["NACIONALES"],"inLanguage":"es"},{"@type":"WebPage","@id":"https:\/\/impactocastex.com.ar\/?p=16501","url":"https:\/\/impactocastex.com.ar\/?p=16501","name":"A qu\u00e9 hora corre Franco Colapinto en Buenos Aires y por d\u00f3nde se puede ver en vivo la exhibici\u00f3n -","isPartOf":{"@id":"https:\/\/impactocastex.com.ar\/#website"},"primaryImageOfPage":{"@id":"https:\/\/impactocastex.com.ar\/?p=16501#primaryimage"},"image":{"@id":"https:\/\/impactocastex.com.ar\/?p=16501#primaryimage"},"thumbnailUrl":"https:\/\/impactocastex.com.ar\/wp-content\/uploads\/2026\/04\/V5QVQNAPCZEGBGUJCBZBOKMCTE-ufQNng.jpg","datePublished":"2026-04-26T17:16:36+00:00","breadcrumb":{"@id":"https:\/\/impactocastex.com.ar\/?p=16501#breadcrumb"},"inLanguage":"es","potentialAction":[{"@type":"ReadAction","target":["https:\/\/impactocastex.com.ar\/?p=16501"]}]},{"@type":"ImageObject","inLanguage":"es","@id":"https:\/\/impactocastex.com.ar\/?p=16501#primaryimage","url":"https:\/\/impactocastex.com.ar\/wp-content\/uploads\/2026\/04\/V5QVQNAPCZEGBGUJCBZBOKMCTE-ufQNng.jpg","contentUrl":"https:\/\/impactocastex.com.ar\/wp-content\/uploads\/2026\/04\/V5QVQNAPCZEGBGUJCBZBOKMCTE-ufQNng.jpg","width":1280,"height":785},{"@type":"BreadcrumbList","@id":"https:\/\/impactocastex.com.ar\/?p=16501#breadcrumb","itemListElement":[{"@type":"ListItem","position":1,"name":"Portada","item":"https:\/\/impactocastex.com.ar\/"},{"@type":"ListItem","position":2,"name":"A qu\u00e9 hora corre Franco Colapinto en Buenos Aires y por d\u00f3nde se puede ver en vivo la exhibici\u00f3n"}]},{"@type":"WebSite","@id":"https:\/\/impactocastex.com.ar\/#website","url":"https:\/\/impactocastex.com.ar\/","name":"Impacto Castex","description":"","publisher":{"@id":"https:\/\/impactocastex.com.ar\/#organization"},"potentialAction":[{"@type":"SearchAction","target":{"@type":"EntryPoint","urlTemplate":"https:\/\/impactocastex.com.ar\/?s={search_term_string}"},"query-input":{"@type":"PropertyValueSpecification","valueRequired":true,"valueName":"search_term_string"}}],"inLanguage":"es"},{"@type":"Organization","@id":"https:\/\/impactocastex.com.ar\/#organization","name":"Impacto Castex","url":"https:\/\/impactocastex.com.ar\/","logo":{"@type":"ImageObject","inLanguage":"es","@id":"https:\/\/impactocastex.com.ar\/#\/schema\/logo\/image\/","url":"https:\/\/impactocastex.com.ar\/wp-content\/uploads\/2025\/09\/cropped-icoweb.png","contentUrl":"https:\/\/impactocastex.com.ar\/wp-content\/uploads\/2025\/09\/cropped-icoweb.png","width":512,"height":512,"caption":"Impacto Castex"},"image":{"@id":"https:\/\/impactocastex.com.ar\/#\/schema\/logo\/image\/"},"sameAs":["https:\/\/www.facebook.com\/impactocastexdiario","https:\/\/www.instagram.com\/impactocastex.com.ar\/"]},{"@type":"Person","@id":"https:\/\/impactocastex.com.ar\/#\/schema\/person\/86cb4f827fb5f87869a239b98a69c6e3","name":"impactocastex","image":{"@type":"ImageObject","inLanguage":"es","@id":"https:\/\/secure.gravatar.com\/avatar\/9a87ee051ca8c77f5d4070843ce2c78cdf95b858b950fb039151de955122f5f5?s=96&d=mm&r=g","url":"https:\/\/secure.gravatar.com\/avatar\/9a87ee051ca8c77f5d4070843ce2c78cdf95b858b950fb039151de955122f5f5?s=96&d=mm&r=g","contentUrl":"https:\/\/secure.gravatar.com\/avatar\/9a87ee051ca8c77f5d4070843ce2c78cdf95b858b950fb039151de955122f5f5?s=96&d=mm&r=g","caption":"impactocastex"},"sameAs":["https:\/\/impactocastex.com.ar"],"url":"https:\/\/impactocastex.com.ar\/?author=1"}]}},"jetpack_publicize_connections":[],"featured_image_urls":{"full":["https:\/\/impactocastex.com.ar\/wp-content\/uploads\/2026\/04\/V5QVQNAPCZEGBGUJCBZBOKMCTE-ufQNng.jpg",1280,785,false],"thumbnail":["https:\/\/impactocastex.com.ar\/wp-content\/uploads\/2026\/04\/V5QVQNAPCZEGBGUJCBZBOKMCTE-ufQNng-150x150.jpg",150,150,true],"medium":["https:\/\/impactocastex.com.ar\/wp-content\/uploads\/2026\/04\/V5QVQNAPCZEGBGUJCBZBOKMCTE-ufQNng-300x184.jpg",300,184,true],"medium_large":["https:\/\/impactocastex.com.ar\/wp-content\/uploads\/2026\/04\/V5QVQNAPCZEGBGUJCBZBOKMCTE-ufQNng-768x471.jpg",640,393,true],"large":["https:\/\/impactocastex.com.ar\/wp-content\/uploads\/2026\/04\/V5QVQNAPCZEGBGUJCBZBOKMCTE-ufQNng-1024x628.jpg",640,393,true],"1536x1536":["https:\/\/impactocastex.com.ar\/wp-content\/uploads\/2026\/04\/V5QVQNAPCZEGBGUJCBZBOKMCTE-ufQNng.jpg",1280,785,false],"2048x2048":["https:\/\/impactocastex.com.ar\/wp-content\/uploads\/2026\/04\/V5QVQNAPCZEGBGUJCBZBOKMCTE-ufQNng.jpg",1280,785,false],"newsever-slider-full":["https:\/\/impactocastex.com.ar\/wp-content\/uploads\/2026\/04\/V5QVQNAPCZEGBGUJCBZBOKMCTE-ufQNng.jpg",1280,785,false],"newsever-featured":["https:\/\/impactocastex.com.ar\/wp-content\/uploads\/2026\/04\/V5QVQNAPCZEGBGUJCBZBOKMCTE-ufQNng-1024x628.jpg",1024,628,true],"newsever-medium":["https:\/\/impactocastex.com.ar\/wp-content\/uploads\/2026\/04\/V5QVQNAPCZEGBGUJCBZBOKMCTE-ufQNng-720x475.jpg",720,475,true]},"author_info":{"info":["impactocastex"]},"category_info":"<a href=\"https:\/\/impactocastex.com.ar\/?cat=89\" rel=\"category\">NACIONALES<\/a>","tag_info":"NACIONALES","comment_count":0,"jetpack_featured_media_url":"https:\/\/impactocastex.com.ar\/wp-content\/uploads\/2026\/04\/V5QVQNAPCZEGBGUJCBZBOKMCTE-ufQNng.jpg","jetpack_sharing_enabled":true,"jetpack_likes_enabled":true,"jetpack_shortlink":"https:\/\/wp.me\/p7sopA-4i9","_links":{"self":[{"href":"https:\/\/impactocastex.com.ar\/index.php?rest_route=\/wp\/v2\/posts\/16501","targetHints":{"allow":["GET"]}}],"collection":[{"href":"https:\/\/impactocastex.com.ar\/index.php?rest_route=\/wp\/v2\/posts"}],"about":[{"href":"https:\/\/impactocastex.com.ar\/index.php?rest_route=\/wp\/v2\/types\/post"}],"author":[{"embeddable":true,"href":"https:\/\/impactocastex.com.ar\/index.php?rest_route=\/wp\/v2\/users\/1"}],"replies":[{"embeddable":true,"href":"https:\/\/impactocastex.com.ar\/index.php?rest_route=%2Fwp%2Fv2%2Fcomments&post=16501"}],"version-history":[{"count":0,"href":"https:\/\/impactocastex.com.ar\/index.php?rest_route=\/wp\/v2\/posts\/16501\/revisions"}],"wp:featuredmedia":[{"embeddable":true,"href":"https:\/\/impactocastex.com.ar\/index.php?rest_route=\/wp\/v2\/media\/16502"}],"wp:attachment":[{"href":"https:\/\/impactocastex.com.ar\/index.php?rest_route=%2Fwp%2Fv2%2Fmedia&parent=16501"}],"wp:term":[{"taxonomy":"category","embeddable":true,"href":"https:\/\/impactocastex.com.ar\/index.php?rest_route=%2Fwp%2Fv2%2Fcategories&post=16501"},{"taxonomy":"post_tag","embeddable":true,"href":"https:\/\/impactocastex.com.ar\/index.php?rest_route=%2Fwp%2Fv2%2Ftags&post=16501"}],"curies":[{"name":"wp","href":"https:\/\/api.w.org\/{rel}","templated":true}]}}