{"id":16495,"date":"2026-04-26T12:20:16","date_gmt":"2026-04-26T15:20:16","guid":{"rendered":"https:\/\/impactocastex.com.ar\/?p=16495"},"modified":"2026-04-26T12:20:16","modified_gmt":"2026-04-26T15:20:16","slug":"franco-colapinto-en-buenos-aires-en-vivo-el-road-show-y-hora-de-sus-giros-minuto-a-minuto","status":"publish","type":"post","link":"https:\/\/impactocastex.com.ar\/?p=16495","title":{"rendered":"Franco Colapinto en Buenos Aires, en vivo: el Road Show y hora de sus giros, minuto a minuto"},"content":{"rendered":"<ul>\n<li>La acci\u00f3n principal del evento comenzar\u00e1 a las 12.45<\/li>\n<li>Se podr\u00e1 ver en vivo a trav\u00e9s de ESPN y Disney+ Premium<\/li>\n<li>El piloto de Alpine girar\u00e1 con un Lotus de 2012 y una r\u00e9plica del Mercedes W196 con que Fangio<\/li>\n<li>Algunas calles de las inmediaciones de la pista fueron cerradas<\/li>\n<\/ul>\n<p>Soledad Pastorutti, ataviada de blanco, es una de las grandes atracciones ahora en la Fan Zone, despu\u00e9s de que Colapinto diera una entrevista con ESPN y se divirtiera con el p\u00fablico. La cantante de folklore anima a los espectadores y le pone temperatura al ambiente con su impresionante voz.<\/p>\n<p><img loading=\"lazy\" decoding=\"async\" src=\"https:\/\/resizer.glanacion.com\/resizer\/v2\/HQ5U4CS65RFYVMVR6ELAZG7YQA.jpeg?auth=edbbf12aef3c10f98406198ede659f6f2f2dc00caea97b1f3f511441bdd45a55&amp;smart=true&amp;width=1280&amp;height=853\" alt=\"Franco Colapinto, con la cantante Soledad Pastorutti\" height=\"853\" width=\"1280\" \/><\/p>\n<p>El p\u00fablico est\u00e1 expectante a la espera de la primera salida de Colapinto al asfalto de Palermo. Y mientras tanto, el merchandising del Road Show. Los afiches y banderas van de los 5000 y 10.000 pesos. Estos son los otros precios:<\/p>\n<p><b>Merchandising oficial de Alpine: <\/b>buzos, entre 90.000 y 135.000 pesos; camperas, 205.000 pesos; chombas, 85.000 pesos; gorras, entre 50.000 y 120.000 pesos; stickers, 5000 pesos; libretas, 20.000 pesos; eco vasos, 35.000 pesos; cintas lanyard, 10.000 pesos. <\/p>\n<p><b>Comida y bebidas: <\/b>Bebidas gasesosas, 5000 pesos; bebidas energizantes (Monster), 7000 pesos; Hamburguesas, 20.000 pesos; panchos, 12.000 pesos; empanadas, 5500 pesos; focaccia, 13.000 pesos; pizza, 25.000 pesos; sandwich de bondiola, 20.000 pesos; bife a la criolla, 20.000 pesos; conos de papas, entre 10.000 y 18.000 pesos; copa de frutas, 10.000 pesos; golosinas, entre 4000 y 6000 pesos; caf\u00e9, 7000 pesos.<\/p>\n<p><img loading=\"lazy\" decoding=\"async\" src=\"https:\/\/resizer.glanacion.com\/resizer\/v2\/PJMZE4OFKVGSDMPXBFGAOZOGEQ.jpeg?auth=fc618580baaf5327a06f5fce9d0c3631f27929c70928fb062d2904fb1e52cb0f&amp;smart=true&amp;width=1280&amp;height=853\" alt=\"Los fan\u00e1ticos de Colapinto.\" height=\"853\" width=\"1280\" \/><\/p>\n<p>Familias y amigos. Con heladeritas, con mates, con reposeras. Carlos Soria vino con su familia desde La Plata. Su nieta es fan\u00e1tica de Colapinto. Con cuatro reposeras de donde colgaron la bandera argentina, se sentaron a disfrutar el show de este domingo desde las pantallas en el Planetario. \u201cTrajimos de todo: mates, facturas, sanguchitos: <b>va a ser largo<\/b>\u201d, cuenta a<b> LA NACION<\/b>. <\/p>\n<p>Su nieta, mientras tanto, se saca fotos con las pantallas. \u201cSab\u00edamos que desde all\u00e1 no \u00edbamos a ver nada, as\u00ed que nos vinimos para ac\u00e1. Lo vemos siempre\u201d, agrega.<b> La zona del Planetario todav\u00eda est\u00e1 tranquila<\/b>. Ah\u00ed hay instaladas pantallas, ba\u00f1os qu\u00edmicos y <i>foodtrucks<\/i>.<\/p>\n<p><img loading=\"lazy\" decoding=\"async\" src=\"https:\/\/resizer.glanacion.com\/resizer\/v2\/ZXV2FJIXIFCTBLN7LA66JUTQ2A.jpeg?auth=e4f8bacacb8b7c1c21c20b0e2fe4da1796e794c97783e53747d8f41035350b6c&amp;smart=true&amp;width=1280&amp;height=853\" alt=\"La primera aparici\u00f3n ante los fan\u00e1ticos.\" height=\"853\" width=\"1280\" \/><\/p>\n<p>\u201c<b>Estoy muy feliz de estar ac\u00e1<\/b>\u201d, dijo <b>Franco Colapinto<\/b> minutos antes de que comience oficialmente el Road Show en el que recorrer\u00e1 la Avenida del Libertador a bordo de la Flecha de Plata de Juan Manuel Fangio. <\/p>\n<p>En di\u00e1logo con <i>ESPN<\/i>, el piloto de <b>Alpine <\/b>reconoci\u00f3 que vivir un evento de esta magnitud en la Argentina era \u201calgo que no se imaginaba pero s\u00ed so\u00f1aba y <b>no pens\u00f3 que le iba a pasar tan pronto<\/b>\u201d.<\/p>\n<blockquote class=\"twitter-tweet\">\n<p lang=\"es\" dir=\"ltr\">Listos para recibir a Franco <a href=\"https:\/\/t.co\/Xexxs1j9JZ\">pic.twitter.com\/Xexxs1j9JZ<\/a><\/p>\n<p>\u2014 Jorge Macri (@jorgemacri) <a href=\"https:\/\/twitter.com\/jorgemacri\/status\/2048399678304051226?ref_src=twsrc%5Etfw\">April 26, 2026<\/a><\/p><\/blockquote>\n<p><img loading=\"lazy\" decoding=\"async\" src=\"https:\/\/resizer.glanacion.com\/resizer\/v2\/KAS6EQNFIJBARN7VR3H3EL5XWE.jpeg?auth=244e7f7223094368d8424a8b2298d1c6060a2b17364ba449a2701124adc84719&amp;smart=true&amp;width=1280&amp;height=853\" alt=\"Road show de Franco Colapinto en la Ciudad.\" height=\"853\" width=\"1280\" \/><img loading=\"lazy\" decoding=\"async\" src=\"https:\/\/resizer.glanacion.com\/resizer\/v2\/SOANJBZEBZFEXMXVTXBCA5OCYU.jpeg?auth=7773f7619ef31f2c5da0b037adccbebe9a911ef1304f2e37460be65c9fea3a5f&amp;smart=true&amp;width=1280&amp;height=853\" alt=\"Miles de personas ya esperan por Colapinto.\" height=\"853\" width=\"1280\" \/><img loading=\"lazy\" decoding=\"async\" src=\"https:\/\/resizer.glanacion.com\/resizer\/v2\/FOZLAWXWWVBUPMWFEI7KAPT6KA.jpeg?auth=3a71df1e267d728158594ef393bcb33e9c558c07f0c78568953994ba7eaf4a8e&amp;smart=true&amp;width=1280&amp;height=854\" alt=\"El show comenzar\u00e1 este domingo al mediod\u00eda.\" height=\"854\" width=\"1280\" \/><\/p>\n<p>Karting, visita al aut\u00f3dromo, conferencia de prensa, asado y un recorrido por las calles que surcar\u00e1 este domingo. <a href=\"https:\/\/www.lanacion.com.ar\/deportes\/automovilismo\/todos-los-preparativos-para-el-dia-de-franco-colapinto-y-su-road-show-en-buenos-aires-nid25042026\/\" target=\"_blank\" rel=\"noreferrer\" title=\"https:\/\/www.lanacion.com.ar\/deportes\/automovilismo\/todos-los-preparativos-para-el-dia-de-franco-colapinto-y-su-road-show-en-buenos-aires-nid25042026\/\"><b>Franco Colapinto<\/b> vivi\u00f3 las horas previas al road show como si fuera un <i>rockstar<\/i><\/a>. En simult\u00e1neo, el Lotus que manejar\u00e1 el pilarense pas\u00f3 por el Obelisco y<b> se multiplicaron las fotos del auto con el m\u00edtico monumento porte\u00f1o<\/b>. El viernes, hasta el Planetario se hab\u00eda vestido de gala por la visita ilustre del piloto, declarado personalidad destacada de la ciudad en el \u00e1mbito del deporte.<\/p>\n<p>\u201cBuena comida, buena compa\u00f1\u00eda.<b> Nos reunimos para celebrar lo que est\u00e1 por venir este fin de semana.<\/b> Gracias @francolapinto por organizarlo. No podemos esperar a que llegue ma\u00f1ana\u201d, reza una publicaci\u00f3n del equipo <b>Alpine<\/b>. El staff de la escuder\u00eda que vino a Buenos Aires para acompa\u00f1ar al piloto comparti\u00f3 con Colapinto <b>el almuerzo en Estancia Vigil<\/b>, en Los Cardales, adonde el invitado principal lleg\u00f3 en helic\u00f3ptero. Su due\u00f1o, el en\u00f3logo Alejandro Vigil, tambi\u00e9n escribi\u00f3 en la red social X y elogi\u00f3 al piloto pilarense: <b>\u201cCuando te visita un crak (sic) N\u00famero #1<\/b>\u2033. Despu\u00e9s, por la tarde, el piloto se acerc\u00f3 a la zona donde est\u00e1 montado el circuito en el que se desarrollar\u00e1 el road show. <b>Vestido con un buzo con capucha y de muy buen humor, salud\u00f3 y agradeci\u00f3 a la gente.<\/b><\/p>\n<p>A partir de las 9, se <b>abrieron las puertas<\/b> y comenz\u00f3 el ingreso para el Road Show de Franco Colapinto en Buenos Aires. Con<b> largas filas, algunas corridas y quejas por quienes no respetaban los lugares<\/b>, miles de personas se reunieron para acceder. <\/p>\n<p><b>El piloto de Alpine recorrer\u00e1 un circuito dise\u00f1ado espec\u00edficamente para la ocasi\u00f3n en las avenidas Libertador y Sarmiento<\/b>. Habr\u00e1 espacios gratuitos con acceso general para todos los seguidores que desean presenciar el espect\u00e1culo, adem\u00e1s de aquellos que sacaron entradas.<\/p>\n<p>Los sitios habilitados de manera gratuita son dos: <b>la Plaza Sicilia y la Plaza Seeber, lugares en los que la organizaci\u00f3n y la Ciudad prohibieron acampar<\/b>.<b> <\/b>Por este motivo, <b>recomiendan a los fan\u00e1ticos llegar temprano para asegurarse una buena ubicaci\u00f3n y visibilidad, ya que se estima habr\u00e1 cerca de 500.000 personas<\/b>.<\/p>\n<p>Este domingo <b>a partir de las 9<\/b>, el piloto <b>Franco Colapinto<\/b>, integrante del equipo <b>Alpine<\/b>, realizar\u00e1 finalmente la exhibici\u00f3n a bordo de un monoplaza de <b>F\u00f3rmula 1<\/b>. El recorrido, si bien est\u00e1 armado para que el p\u00fablico pueda disfrutar de esta experiencia en la Ciudad, provocar\u00e1 <a href=\"https:\/\/www.lanacion.com.ar\/sociedad\/los-cortes-de-calle-y-desvios-de-transito-por-el-road-show-de-franco-colapinto-nid26042026\/\" target=\"_blank\" rel=\"noreferrer\" title=\"https:\/\/www.lanacion.com.ar\/sociedad\/los-cortes-de-calle-y-desvios-de-transito-por-el-road-show-de-franco-colapinto-nid26042026\/\"><b>cortes de calles y desv\u00edos de tr\u00e1nsito<\/b><\/a><b> durante buena parte de la jornada<\/b>.<\/p>\n<p>Seg\u00fan indicaron desde el gobierno porte\u00f1o, el multitudinario evento \u2014en el que se espera la asistencia de <b>500.000 personas<\/b>\u2014 contar\u00e1 con cuatro salidas de pista, <b>fanzones<\/b>, boxes, gradas para los asistentes, foodtrucks, activaciones para el p\u00fablico, escenarios y pantallas. Las autoridades recomendaron a los ciudadanos <b>evitar la zona<\/b> del barrio de Palermo para evitar mayores dificultades.<\/p>\n<p><img loading=\"lazy\" decoding=\"async\" src=\"https:\/\/resizer.glanacion.com\/resizer\/v2\/DOBBTMUF5NFT7LLGQQ5ODOOT5Q.JPG?auth=3517ab170c71df095dec39ef4dbc41c87c7e4f48d6c1998cfa016d32671b227a&amp;smart=true&amp;width=1410&amp;height=887\" alt=\"El mapa del Road Show  en Buenos Aires\" height=\"887\" width=\"1410\" \/><\/p>\n<p>Familias enteras comenzaban a hacer cola para entrar al show de Colapinto en Palermo. El piloto manejar\u00e1 un Lotus y el hist\u00f3rico auto de Fangio.<\/p>\n<p><b>Franco Colapinto correr\u00e1 en la Argentina por primera vez este domingo, <\/b>aunque no ser\u00e1 en una carrera por los puntos, sino<b> en un Road Show por las calles de la Ciudad Aut\u00f3noma de Buenos Aires. <\/b>El piloto de Alpine de la F\u00f3rmula 1 (F1) realizar\u00e1 una exhibici\u00f3n en un trazado urbano improvisado que recorre las avenidas Libertador y Sarmiento. Todo el evento, que comienza pasado el mediod\u00eda, se podr\u00e1 ver en vivo a trav\u00e9s de<b> ESPN y Disney+ Premium.<\/b><\/p>\n<p><a href=\"https:\/\/www.lanacion.com.ar\/deportes\/automovilismo\/cronograma-del-road-show-la-exhibicion-de-franco-colapinto-en-buenos-aires-nid25042026\/\">Le\u00e9 la nota completa ac\u00e1<\/a><\/p>\n<p>En la previa al Road Show que convocar\u00e1 en las calles de Buenos Aires a m\u00e1s de 500.000 personas, Franco Colapinto se traslado hasta Estancia Vigil, en Cardales (provincia de Buenos Aires), para un almuerzo que comparti\u00f3 con todo su equipo, y en el que aprovech\u00f3 para grabar contenidos para sus redes de cara al Gran Premio de Miami que correr\u00e1 a principios de mayo pr\u00f3ximo.<\/p>\n<p><a href=\"https:\/\/www.lanacion.com.ar\/sabado\/que-comio-y-bebio-colapinto-en-la-previa-al-road-show-nid25042026\/\">Le\u00e9 la nota completa ac\u00e1<\/a><\/p>\n<p><b>Franco Colapinto<\/b> brind\u00f3 una conferencia de prensa antes del <a href=\"https:\/\/www.lanacion.com.ar\/deportes\/automovilismo\/franco-colapinto-en-buenos-aires-en-vivo-conferencia-del-road-show-minuto-a-minuto-nid24042026\/\" rel=\"\" title=\"https:\/\/www.lanacion.com.ar\/deportes\/automovilismo\/franco-colapinto-en-buenos-aires-en-vivo-conferencia-del-road-show-minuto-a-minuto-nid24042026\/\"><b>Road Show de este domingo<\/b><\/a>, donde aprovech\u00f3 la oportunidad para realizar un pedido de disculpas a los porte\u00f1os. <b>\u201c\u00a1Est\u00e1n todos a las puteadas con el tr\u00e1nsito! Perd\u00f3n a todos los vecinos de Libertador\u201d<\/b>, dijo, entre risas.<\/p>\n<p>La avenida del Libertador, el Monumento de los espa\u00f1oles, la Avenida Sarmiento, las vallas, las tribunas provisionales que albergar\u00e1n a los espectadores, la Fan Zone, los altavoces para conciertos y los kioscos de comida y merchandising ya est\u00e1n listos para la gran fiesta. All\u00ed, frente a la frontera con los bosques de Palermo y el Parque Tres de Febrero, que ofrecer\u00e1n cobijo si el sol calentara m\u00e1s que lo usual en este oto\u00f1o porte\u00f1o con mate y bandone\u00f3n.<\/p>\n<p><a href=\"https:\/\/www.lanacion.com.ar\/deportes\/automovilismo\/despues-del-road-show-colapinto-llevara-a-miami-una-valija-con-optimismo-e-incertidumbre-nid25042026\/\">Le\u00e9 la nota completa ac\u00e1<\/a><\/p>\n<p>La edici\u00f3n de un video del <a href=\"https:\/\/www.lanacion.com.ar\/deportes\/asi-sera-la-exhibicion-de-franco-colapinto-en-el-road-show-de-la-f1-en-buenos-aires-nid06042026\/\" rel=\"\" title=\"https:\/\/www.lanacion.com.ar\/deportes\/asi-sera-la-exhibicion-de-franco-colapinto-en-el-road-show-de-la-f1-en-buenos-aires-nid06042026\/\">piloto <b>Franco Colapinto<\/b><\/a> por parte de su escuder\u00eda <b>Alpine<\/b> encendi\u00f3 la pol\u00e9mica este s\u00e1bado. Es que el equipo de Enstone volvi\u00f3 a difundir una vieja grabaci\u00f3n donde el argentino <b>cantaba el fragmento de una canci\u00f3n que se refer\u00eda a la guerra por las Islas Malvinas<\/b>, pero eliminaron ese fragmento.<\/p>\n<p><a href=\"https:\/\/www.lanacion.com.ar\/deportes\/automovilismo\/la-polemica-edicion-de-alpine-de-un-video-donde-colapinto-menciona-a-las-islas-malvinas-nid25042026\/\">Le\u00e9 la nota completa ac\u00e1<\/a><\/p>\n<p>Lleg\u00f3 el d\u00eda. El pasado y el presente de la <b>F\u00f3rmula 1<\/b> se conectar\u00e1n hoy en Palermo: el sonido singular y trepidante del motor V8 atmosf\u00e9rico, que tuvo su episodio final en la temporada 2013 del <i>Gran Circo<\/i>, y el manejo de<b> Franco Colapinto<\/b>,<b> piloto de Alpine y el argentino que reaviv\u00f3 la pasi\u00f3n por la m\u00e1xima categor\u00eda del automovilismo mundial en el pa\u00eds <\/b>con su estreno en Williams dos a\u00f1os atr\u00e1s. El <i>road show<\/i> en el trazado urbano que se dise\u00f1\u00f3 en la <b>Ciudad de Buenos Aires ser\u00e1 el acontecimiento que unir\u00e1 a los dos mundos<\/b>, un examen para la organizaci\u00f3n y la seguridad con el objetivo de avalar y presentar el pr\u00f3ximo fin de semana en el Gran Premio de Miami las obras que se desarrollan en el aut\u00f3dromo Oscar y Juan G\u00e1lvez para el regreso al calendario de la F\u00f3rmula 1.<\/p>\n<p><a href=\"https:\/\/www.lanacion.com.ar\/deportes\/automovilismo\/franco-colapinto-y-su-road-show-en-palermo-todos-los-detalles-del-espectaculo-de-formula-1-de-hoy-nid26042026\/\">Le\u00e9 la nota completa ac\u00e1<\/a><\/p>\n<p>\u200bLas novedades sobre la presentaci\u00f3n del piloto de F\u00f3rmula 1 en la Argentina, las reacciones de los fan\u00e1ticos y las im\u00e1genes del evento\u00a0\u00a0<\/p>","protected":false},"excerpt":{"rendered":"<p>La acci\u00f3n principal del evento comenzar\u00e1 a las 12.45 Se podr\u00e1 ver en vivo a&#8230;<\/p>\n","protected":false},"author":1,"featured_media":16496,"comment_status":"closed","ping_status":"closed","sticky":false,"template":"","format":"standard","meta":{"_jetpack_memberships_contains_paid_content":false,"footnotes":"","jetpack_publicize_message":"","jetpack_publicize_feature_enabled":true,"jetpack_social_post_already_shared":true,"jetpack_social_options":{"image_generator_settings":{"template":"highway","default_image_id":0,"font":"","enabled":false},"version":2}},"categories":[89],"tags":[],"class_list":["post-16495","post","type-post","status-publish","format-standard","has-post-thumbnail","hentry","category-nacionales"],"yoast_head":"<!-- This site is optimized with the Yoast SEO plugin v27.4 - https:\/\/yoast.com\/product\/yoast-seo-wordpress\/ -->\n<title>Franco Colapinto en Buenos Aires, en vivo: el Road Show y hora de sus giros, minuto a minuto -<\/title>\n<meta name=\"robots\" content=\"index, follow, max-snippet:-1, max-image-preview:large, max-video-preview:-1\" \/>\n<link rel=\"canonical\" href=\"https:\/\/impactocastex.com.ar\/?p=16495\" \/>\n<meta property=\"og:locale\" content=\"es_ES\" \/>\n<meta property=\"og:type\" content=\"article\" \/>\n<meta property=\"og:title\" content=\"Franco Colapinto en Buenos Aires, en vivo: el Road Show y hora de sus giros, minuto a minuto -\" \/>\n<meta property=\"og:description\" content=\"La acci\u00f3n principal del evento comenzar\u00e1 a las 12.45 Se podr\u00e1 ver en vivo a...\" \/>\n<meta property=\"og:url\" content=\"https:\/\/impactocastex.com.ar\/?p=16495\" \/>\n<meta property=\"article:publisher\" content=\"https:\/\/www.facebook.com\/impactocastexdiario\" \/>\n<meta property=\"article:published_time\" content=\"2026-04-26T15:20:16+00:00\" \/>\n<meta property=\"og:image\" content=\"https:\/\/resizer.glanacion.com\/resizer\/v2\/HQ5U4CS65RFYVMVR6ELAZG7YQA.jpeg?auth=edbbf12aef3c10f98406198ede659f6f2f2dc00caea97b1f3f511441bdd45a55&amp;smart=true&amp;width=1280&amp;height=853\" \/>\n<meta name=\"author\" content=\"impactocastex\" \/>\n<meta name=\"twitter:card\" content=\"summary_large_image\" \/>\n<meta name=\"twitter:label1\" content=\"Escrito por\" \/>\n\t<meta name=\"twitter:data1\" content=\"impactocastex\" \/>\n\t<meta name=\"twitter:label2\" content=\"Tiempo de lectura\" \/>\n\t<meta name=\"twitter:data2\" content=\"7 minutos\" \/>\n<script type=\"application\/ld+json\" class=\"yoast-schema-graph\">{\"@context\":\"https:\\\/\\\/schema.org\",\"@graph\":[{\"@type\":\"Article\",\"@id\":\"https:\\\/\\\/impactocastex.com.ar\\\/?p=16495#article\",\"isPartOf\":{\"@id\":\"https:\\\/\\\/impactocastex.com.ar\\\/?p=16495\"},\"author\":{\"name\":\"impactocastex\",\"@id\":\"https:\\\/\\\/impactocastex.com.ar\\\/#\\\/schema\\\/person\\\/86cb4f827fb5f87869a239b98a69c6e3\"},\"headline\":\"Franco Colapinto en Buenos Aires, en vivo: el Road Show y hora de sus giros, minuto a minuto\",\"datePublished\":\"2026-04-26T15:20:16+00:00\",\"mainEntityOfPage\":{\"@id\":\"https:\\\/\\\/impactocastex.com.ar\\\/?p=16495\"},\"wordCount\":1504,\"publisher\":{\"@id\":\"https:\\\/\\\/impactocastex.com.ar\\\/#organization\"},\"image\":{\"@id\":\"https:\\\/\\\/impactocastex.com.ar\\\/?p=16495#primaryimage\"},\"thumbnailUrl\":\"https:\\\/\\\/impactocastex.com.ar\\\/wp-content\\\/uploads\\\/2026\\\/04\\\/DQTGOMXQF5BLZJGHQUG6H3HNVI-V8OcWF.jpg\",\"articleSection\":[\"NACIONALES\"],\"inLanguage\":\"es\"},{\"@type\":\"WebPage\",\"@id\":\"https:\\\/\\\/impactocastex.com.ar\\\/?p=16495\",\"url\":\"https:\\\/\\\/impactocastex.com.ar\\\/?p=16495\",\"name\":\"Franco Colapinto en Buenos Aires, en vivo: el Road Show y hora de sus giros, minuto a minuto -\",\"isPartOf\":{\"@id\":\"https:\\\/\\\/impactocastex.com.ar\\\/#website\"},\"primaryImageOfPage\":{\"@id\":\"https:\\\/\\\/impactocastex.com.ar\\\/?p=16495#primaryimage\"},\"image\":{\"@id\":\"https:\\\/\\\/impactocastex.com.ar\\\/?p=16495#primaryimage\"},\"thumbnailUrl\":\"https:\\\/\\\/impactocastex.com.ar\\\/wp-content\\\/uploads\\\/2026\\\/04\\\/DQTGOMXQF5BLZJGHQUG6H3HNVI-V8OcWF.jpg\",\"datePublished\":\"2026-04-26T15:20:16+00:00\",\"breadcrumb\":{\"@id\":\"https:\\\/\\\/impactocastex.com.ar\\\/?p=16495#breadcrumb\"},\"inLanguage\":\"es\",\"potentialAction\":[{\"@type\":\"ReadAction\",\"target\":[\"https:\\\/\\\/impactocastex.com.ar\\\/?p=16495\"]}]},{\"@type\":\"ImageObject\",\"inLanguage\":\"es\",\"@id\":\"https:\\\/\\\/impactocastex.com.ar\\\/?p=16495#primaryimage\",\"url\":\"https:\\\/\\\/impactocastex.com.ar\\\/wp-content\\\/uploads\\\/2026\\\/04\\\/DQTGOMXQF5BLZJGHQUG6H3HNVI-V8OcWF.jpg\",\"contentUrl\":\"https:\\\/\\\/impactocastex.com.ar\\\/wp-content\\\/uploads\\\/2026\\\/04\\\/DQTGOMXQF5BLZJGHQUG6H3HNVI-V8OcWF.jpg\",\"width\":2000,\"height\":1414},{\"@type\":\"BreadcrumbList\",\"@id\":\"https:\\\/\\\/impactocastex.com.ar\\\/?p=16495#breadcrumb\",\"itemListElement\":[{\"@type\":\"ListItem\",\"position\":1,\"name\":\"Portada\",\"item\":\"https:\\\/\\\/impactocastex.com.ar\\\/\"},{\"@type\":\"ListItem\",\"position\":2,\"name\":\"Franco Colapinto en Buenos Aires, en vivo: el Road Show y hora de sus giros, minuto a minuto\"}]},{\"@type\":\"WebSite\",\"@id\":\"https:\\\/\\\/impactocastex.com.ar\\\/#website\",\"url\":\"https:\\\/\\\/impactocastex.com.ar\\\/\",\"name\":\"Impacto Castex\",\"description\":\"\",\"publisher\":{\"@id\":\"https:\\\/\\\/impactocastex.com.ar\\\/#organization\"},\"potentialAction\":[{\"@type\":\"SearchAction\",\"target\":{\"@type\":\"EntryPoint\",\"urlTemplate\":\"https:\\\/\\\/impactocastex.com.ar\\\/?s={search_term_string}\"},\"query-input\":{\"@type\":\"PropertyValueSpecification\",\"valueRequired\":true,\"valueName\":\"search_term_string\"}}],\"inLanguage\":\"es\"},{\"@type\":\"Organization\",\"@id\":\"https:\\\/\\\/impactocastex.com.ar\\\/#organization\",\"name\":\"Impacto Castex\",\"url\":\"https:\\\/\\\/impactocastex.com.ar\\\/\",\"logo\":{\"@type\":\"ImageObject\",\"inLanguage\":\"es\",\"@id\":\"https:\\\/\\\/impactocastex.com.ar\\\/#\\\/schema\\\/logo\\\/image\\\/\",\"url\":\"https:\\\/\\\/impactocastex.com.ar\\\/wp-content\\\/uploads\\\/2025\\\/09\\\/cropped-icoweb.png\",\"contentUrl\":\"https:\\\/\\\/impactocastex.com.ar\\\/wp-content\\\/uploads\\\/2025\\\/09\\\/cropped-icoweb.png\",\"width\":512,\"height\":512,\"caption\":\"Impacto Castex\"},\"image\":{\"@id\":\"https:\\\/\\\/impactocastex.com.ar\\\/#\\\/schema\\\/logo\\\/image\\\/\"},\"sameAs\":[\"https:\\\/\\\/www.facebook.com\\\/impactocastexdiario\",\"https:\\\/\\\/www.instagram.com\\\/impactocastex.com.ar\\\/\"]},{\"@type\":\"Person\",\"@id\":\"https:\\\/\\\/impactocastex.com.ar\\\/#\\\/schema\\\/person\\\/86cb4f827fb5f87869a239b98a69c6e3\",\"name\":\"impactocastex\",\"image\":{\"@type\":\"ImageObject\",\"inLanguage\":\"es\",\"@id\":\"https:\\\/\\\/secure.gravatar.com\\\/avatar\\\/9a87ee051ca8c77f5d4070843ce2c78cdf95b858b950fb039151de955122f5f5?s=96&d=mm&r=g\",\"url\":\"https:\\\/\\\/secure.gravatar.com\\\/avatar\\\/9a87ee051ca8c77f5d4070843ce2c78cdf95b858b950fb039151de955122f5f5?s=96&d=mm&r=g\",\"contentUrl\":\"https:\\\/\\\/secure.gravatar.com\\\/avatar\\\/9a87ee051ca8c77f5d4070843ce2c78cdf95b858b950fb039151de955122f5f5?s=96&d=mm&r=g\",\"caption\":\"impactocastex\"},\"sameAs\":[\"https:\\\/\\\/impactocastex.com.ar\"],\"url\":\"https:\\\/\\\/impactocastex.com.ar\\\/?author=1\"}]}<\/script>\n<!-- \/ Yoast SEO plugin. -->","yoast_head_json":{"title":"Franco Colapinto en Buenos Aires, en vivo: el Road Show y hora de sus giros, minuto a minuto -","robots":{"index":"index","follow":"follow","max-snippet":"max-snippet:-1","max-image-preview":"max-image-preview:large","max-video-preview":"max-video-preview:-1"},"canonical":"https:\/\/impactocastex.com.ar\/?p=16495","og_locale":"es_ES","og_type":"article","og_title":"Franco Colapinto en Buenos Aires, en vivo: el Road Show y hora de sus giros, minuto a minuto -","og_description":"La acci\u00f3n principal del evento comenzar\u00e1 a las 12.45 Se podr\u00e1 ver en vivo a...","og_url":"https:\/\/impactocastex.com.ar\/?p=16495","article_publisher":"https:\/\/www.facebook.com\/impactocastexdiario","article_published_time":"2026-04-26T15:20:16+00:00","og_image":[{"url":"https:\/\/resizer.glanacion.com\/resizer\/v2\/HQ5U4CS65RFYVMVR6ELAZG7YQA.jpeg?auth=edbbf12aef3c10f98406198ede659f6f2f2dc00caea97b1f3f511441bdd45a55&amp;smart=true&amp;width=1280&amp;height=853","type":"","width":"","height":""}],"author":"impactocastex","twitter_card":"summary_large_image","twitter_misc":{"Escrito por":"impactocastex","Tiempo de lectura":"7 minutos"},"schema":{"@context":"https:\/\/schema.org","@graph":[{"@type":"Article","@id":"https:\/\/impactocastex.com.ar\/?p=16495#article","isPartOf":{"@id":"https:\/\/impactocastex.com.ar\/?p=16495"},"author":{"name":"impactocastex","@id":"https:\/\/impactocastex.com.ar\/#\/schema\/person\/86cb4f827fb5f87869a239b98a69c6e3"},"headline":"Franco Colapinto en Buenos Aires, en vivo: el Road Show y hora de sus giros, minuto a minuto","datePublished":"2026-04-26T15:20:16+00:00","mainEntityOfPage":{"@id":"https:\/\/impactocastex.com.ar\/?p=16495"},"wordCount":1504,"publisher":{"@id":"https:\/\/impactocastex.com.ar\/#organization"},"image":{"@id":"https:\/\/impactocastex.com.ar\/?p=16495#primaryimage"},"thumbnailUrl":"https:\/\/impactocastex.com.ar\/wp-content\/uploads\/2026\/04\/DQTGOMXQF5BLZJGHQUG6H3HNVI-V8OcWF.jpg","articleSection":["NACIONALES"],"inLanguage":"es"},{"@type":"WebPage","@id":"https:\/\/impactocastex.com.ar\/?p=16495","url":"https:\/\/impactocastex.com.ar\/?p=16495","name":"Franco Colapinto en Buenos Aires, en vivo: el Road Show y hora de sus giros, minuto a minuto -","isPartOf":{"@id":"https:\/\/impactocastex.com.ar\/#website"},"primaryImageOfPage":{"@id":"https:\/\/impactocastex.com.ar\/?p=16495#primaryimage"},"image":{"@id":"https:\/\/impactocastex.com.ar\/?p=16495#primaryimage"},"thumbnailUrl":"https:\/\/impactocastex.com.ar\/wp-content\/uploads\/2026\/04\/DQTGOMXQF5BLZJGHQUG6H3HNVI-V8OcWF.jpg","datePublished":"2026-04-26T15:20:16+00:00","breadcrumb":{"@id":"https:\/\/impactocastex.com.ar\/?p=16495#breadcrumb"},"inLanguage":"es","potentialAction":[{"@type":"ReadAction","target":["https:\/\/impactocastex.com.ar\/?p=16495"]}]},{"@type":"ImageObject","inLanguage":"es","@id":"https:\/\/impactocastex.com.ar\/?p=16495#primaryimage","url":"https:\/\/impactocastex.com.ar\/wp-content\/uploads\/2026\/04\/DQTGOMXQF5BLZJGHQUG6H3HNVI-V8OcWF.jpg","contentUrl":"https:\/\/impactocastex.com.ar\/wp-content\/uploads\/2026\/04\/DQTGOMXQF5BLZJGHQUG6H3HNVI-V8OcWF.jpg","width":2000,"height":1414},{"@type":"BreadcrumbList","@id":"https:\/\/impactocastex.com.ar\/?p=16495#breadcrumb","itemListElement":[{"@type":"ListItem","position":1,"name":"Portada","item":"https:\/\/impactocastex.com.ar\/"},{"@type":"ListItem","position":2,"name":"Franco Colapinto en Buenos Aires, en vivo: el Road Show y hora de sus giros, minuto a minuto"}]},{"@type":"WebSite","@id":"https:\/\/impactocastex.com.ar\/#website","url":"https:\/\/impactocastex.com.ar\/","name":"Impacto Castex","description":"","publisher":{"@id":"https:\/\/impactocastex.com.ar\/#organization"},"potentialAction":[{"@type":"SearchAction","target":{"@type":"EntryPoint","urlTemplate":"https:\/\/impactocastex.com.ar\/?s={search_term_string}"},"query-input":{"@type":"PropertyValueSpecification","valueRequired":true,"valueName":"search_term_string"}}],"inLanguage":"es"},{"@type":"Organization","@id":"https:\/\/impactocastex.com.ar\/#organization","name":"Impacto Castex","url":"https:\/\/impactocastex.com.ar\/","logo":{"@type":"ImageObject","inLanguage":"es","@id":"https:\/\/impactocastex.com.ar\/#\/schema\/logo\/image\/","url":"https:\/\/impactocastex.com.ar\/wp-content\/uploads\/2025\/09\/cropped-icoweb.png","contentUrl":"https:\/\/impactocastex.com.ar\/wp-content\/uploads\/2025\/09\/cropped-icoweb.png","width":512,"height":512,"caption":"Impacto Castex"},"image":{"@id":"https:\/\/impactocastex.com.ar\/#\/schema\/logo\/image\/"},"sameAs":["https:\/\/www.facebook.com\/impactocastexdiario","https:\/\/www.instagram.com\/impactocastex.com.ar\/"]},{"@type":"Person","@id":"https:\/\/impactocastex.com.ar\/#\/schema\/person\/86cb4f827fb5f87869a239b98a69c6e3","name":"impactocastex","image":{"@type":"ImageObject","inLanguage":"es","@id":"https:\/\/secure.gravatar.com\/avatar\/9a87ee051ca8c77f5d4070843ce2c78cdf95b858b950fb039151de955122f5f5?s=96&d=mm&r=g","url":"https:\/\/secure.gravatar.com\/avatar\/9a87ee051ca8c77f5d4070843ce2c78cdf95b858b950fb039151de955122f5f5?s=96&d=mm&r=g","contentUrl":"https:\/\/secure.gravatar.com\/avatar\/9a87ee051ca8c77f5d4070843ce2c78cdf95b858b950fb039151de955122f5f5?s=96&d=mm&r=g","caption":"impactocastex"},"sameAs":["https:\/\/impactocastex.com.ar"],"url":"https:\/\/impactocastex.com.ar\/?author=1"}]}},"jetpack_publicize_connections":[],"featured_image_urls":{"full":["https:\/\/impactocastex.com.ar\/wp-content\/uploads\/2026\/04\/DQTGOMXQF5BLZJGHQUG6H3HNVI-V8OcWF.jpg",2000,1414,false],"thumbnail":["https:\/\/impactocastex.com.ar\/wp-content\/uploads\/2026\/04\/DQTGOMXQF5BLZJGHQUG6H3HNVI-V8OcWF-150x150.jpg",150,150,true],"medium":["https:\/\/impactocastex.com.ar\/wp-content\/uploads\/2026\/04\/DQTGOMXQF5BLZJGHQUG6H3HNVI-V8OcWF-300x212.jpg",300,212,true],"medium_large":["https:\/\/impactocastex.com.ar\/wp-content\/uploads\/2026\/04\/DQTGOMXQF5BLZJGHQUG6H3HNVI-V8OcWF-768x543.jpg",640,453,true],"large":["https:\/\/impactocastex.com.ar\/wp-content\/uploads\/2026\/04\/DQTGOMXQF5BLZJGHQUG6H3HNVI-V8OcWF-1024x724.jpg",640,453,true],"1536x1536":["https:\/\/impactocastex.com.ar\/wp-content\/uploads\/2026\/04\/DQTGOMXQF5BLZJGHQUG6H3HNVI-V8OcWF-1536x1086.jpg",1536,1086,true],"2048x2048":["https:\/\/impactocastex.com.ar\/wp-content\/uploads\/2026\/04\/DQTGOMXQF5BLZJGHQUG6H3HNVI-V8OcWF.jpg",2000,1414,false],"newsever-slider-full":["https:\/\/impactocastex.com.ar\/wp-content\/uploads\/2026\/04\/DQTGOMXQF5BLZJGHQUG6H3HNVI-V8OcWF-1280x845.jpg",1280,845,true],"newsever-featured":["https:\/\/impactocastex.com.ar\/wp-content\/uploads\/2026\/04\/DQTGOMXQF5BLZJGHQUG6H3HNVI-V8OcWF-1024x724.jpg",1024,724,true],"newsever-medium":["https:\/\/impactocastex.com.ar\/wp-content\/uploads\/2026\/04\/DQTGOMXQF5BLZJGHQUG6H3HNVI-V8OcWF-720x475.jpg",720,475,true]},"author_info":{"info":["impactocastex"]},"category_info":"<a href=\"https:\/\/impactocastex.com.ar\/?cat=89\" rel=\"category\">NACIONALES<\/a>","tag_info":"NACIONALES","comment_count":0,"jetpack_featured_media_url":"https:\/\/impactocastex.com.ar\/wp-content\/uploads\/2026\/04\/DQTGOMXQF5BLZJGHQUG6H3HNVI-V8OcWF.jpg","jetpack_sharing_enabled":true,"jetpack_likes_enabled":true,"jetpack_shortlink":"https:\/\/wp.me\/p7sopA-4i3","_links":{"self":[{"href":"https:\/\/impactocastex.com.ar\/index.php?rest_route=\/wp\/v2\/posts\/16495","targetHints":{"allow":["GET"]}}],"collection":[{"href":"https:\/\/impactocastex.com.ar\/index.php?rest_route=\/wp\/v2\/posts"}],"about":[{"href":"https:\/\/impactocastex.com.ar\/index.php?rest_route=\/wp\/v2\/types\/post"}],"author":[{"embeddable":true,"href":"https:\/\/impactocastex.com.ar\/index.php?rest_route=\/wp\/v2\/users\/1"}],"replies":[{"embeddable":true,"href":"https:\/\/impactocastex.com.ar\/index.php?rest_route=%2Fwp%2Fv2%2Fcomments&post=16495"}],"version-history":[{"count":0,"href":"https:\/\/impactocastex.com.ar\/index.php?rest_route=\/wp\/v2\/posts\/16495\/revisions"}],"wp:featuredmedia":[{"embeddable":true,"href":"https:\/\/impactocastex.com.ar\/index.php?rest_route=\/wp\/v2\/media\/16496"}],"wp:attachment":[{"href":"https:\/\/impactocastex.com.ar\/index.php?rest_route=%2Fwp%2Fv2%2Fmedia&parent=16495"}],"wp:term":[{"taxonomy":"category","embeddable":true,"href":"https:\/\/impactocastex.com.ar\/index.php?rest_route=%2Fwp%2Fv2%2Fcategories&post=16495"},{"taxonomy":"post_tag","embeddable":true,"href":"https:\/\/impactocastex.com.ar\/index.php?rest_route=%2Fwp%2Fv2%2Ftags&post=16495"}],"curies":[{"name":"wp","href":"https:\/\/api.w.org\/{rel}","templated":true}]}}