{"id":16491,"date":"2026-04-26T11:22:01","date_gmt":"2026-04-26T14:22:01","guid":{"rendered":"https:\/\/impactocastex.com.ar\/?p=16491"},"modified":"2026-04-26T11:22:01","modified_gmt":"2026-04-26T14:22:01","slug":"migrantes-con-tps-que-pasara-el-29-de-abril-y-por-que-es-una-fecha-clave-en-la-corte-suprema-de-ee-uu","status":"publish","type":"post","link":"https:\/\/impactocastex.com.ar\/?p=16491","title":{"rendered":"Migrantes con TPS: qu\u00e9 pasar\u00e1 el 29 de abril y por qu\u00e9 es una fecha clave en la Corte Suprema de EE.UU."},"content":{"rendered":"<p>El <b>mi\u00e9rcoles 29 de abril<\/b> es la fecha programada por la <b>Corte Suprema de Estados Unidos<\/b> para escuchar los casos <b>Trump v. Miot<\/b> y <b>Mullin v. Doe<\/b>, que decidir\u00e1n el futuro del <b>Estatus de Protecci\u00f3n Temporal<\/b> (<a href=\"https:\/\/www.lanacion.com.ar\/estados-unidos\/visas-y-tramites\/el-uscis-aclara-cambios-sobre-parole-y-tps-para-agencias-save-como-impacta-en-las-verificaciones-nid03042026\/\" target=\"_self\" rel=\"\" title=\"https:\/\/www.lanacion.com.ar\/estados-unidos\/visas-y-tramites\/el-uscis-aclara-cambios-sobre-parole-y-tps-para-agencias-save-como-impacta-en-las-verificaciones-nid03042026\/\"><b>TPS<\/b><\/a>, por sus siglas en ingl\u00e9s). Los magistrados tendr\u00e1n que decidir si el<b> gobierno federal tiene la<\/b> <b>autoridad para eliminar las protecciones a los migrantes<\/b> de pa\u00edses que sufren desastres naturales o conflictos b\u00e9licos. <\/p>\n<h1>El TPS de miles de migrantes ante la justicia la Corte Suprema<\/h1>\n<p>La decisi\u00f3n de la Corte Suprema se producir\u00e1 despu\u00e9s de la <b>orden ejecutiva<\/b> del presidente <b>Donald Trump<\/b> para restringir el alcance del programa, lo que pone a <b>miles de beneficiarios en peligro de ser deportados<\/b>.<\/p>\n<p><img loading=\"lazy\" decoding=\"async\" src=\"https:\/\/resizer.glanacion.com\/resizer\/v2\/L32KOMM4UJEV3EOLDTYQEKPFWM.png?auth=de1621780af636b9c223c50a102223474689fe7d98dc75cb6517192d1f542939&amp;smart=true&amp;width=2752&amp;height=1536\" alt=\"Los magistrados tendr\u00e1n que decidir si el gobierno federal elimin\u00f3 correctamente el TPS para los migrantes de Hait\u00ed y Siria\" height=\"1536\" width=\"2752\" \/><\/p>\n<p>El caso lleg\u00f3 hasta el m\u00e1ximo tribunal como el \u00faltimo cap\u00edtulo de una disputa judicial surgida por la decisi\u00f3n de la exsecretaria de Seguridad Nacional, <b>Kristi Noem<\/b>, de <b>terminar las designaciones de TPS para 13 pa\u00edses<\/b>, incluidos <b>Hait\u00ed<\/b> y <b>Siria<\/b>. <\/p>\n<p>El <b>caso Doe se enfoca en ciudadanos sirios <\/b>que denuncian que su pa\u00eds sigue sumido en la inestabilidad tras la guerra civil, mientras que <b>Miot<\/b> <b>involucra a haitianos<\/b> que temen regresar a una naci\u00f3n que, denuncian, es controlada en gran parte por bandas criminales.<\/p>\n<p>A diferencia de otros fallos recientes, la Corte decidi\u00f3 no suspender las decisiones de tribunales inferiores que favorec\u00edan a los <a href=\"https:\/\/www.lanacion.com.ar\/estados-unidos\/visas-y-tramites\/actualizaciones-del-uscis-en-abril-2026-avanza-la-revision-de-tps-para-migrantes-y-permisos-de-nid17042026\/\" target=\"_self\" rel=\"\" title=\"https:\/\/www.lanacion.com.ar\/estados-unidos\/visas-y-tramites\/actualizaciones-del-uscis-en-abril-2026-avanza-la-revision-de-tps-para-migrantes-y-permisos-de-nid17042026\/\"><b>migrantes<\/b><\/a> mientras resuelve la cuesti\u00f3n de fondo. Seg\u00fan la analista <b>Linda Greenhouse<\/b> en <a href=\"https:\/\/www.nytimes.com\/2026\/04\/16\/opinion\/supreme-court-trump-immigration.html\" target=\"_self\" rel=\"\" title=\"https:\/\/www.nytimes.com\/2026\/04\/16\/opinion\/supreme-court-trump-immigration.html\"><i>The New York Times<\/i><\/a>, este gesto sugiere un posible rev\u00e9s para la <b>Casa Blanca<\/b>.<\/p>\n<p><img loading=\"lazy\" decoding=\"async\" src=\"https:\/\/resizer.glanacion.com\/resizer\/v2\/KL6HCVFKFJBMFPHYAKWP3XAZQA.jpg?auth=742be72d5b8144622d13211bcfdd21661108775015cbffefff0daf88f838dcec&amp;smart=true&amp;width=5242&amp;height=3494\" alt=\"La Corte Suprema deber\u00e1 resolver sobre la eliminaci\u00f3n del TPS para Hait\u00ed y Siria\" height=\"3494\" width=\"5242\" \/><\/p>\n<p>\u201cLa sorpresa no fue que la Corte aceptara decidir, sino que rechazara la solicitud de la administraci\u00f3n de pausar inmediatamente las decisiones de los tribunales de distrito\u201d. <\/p>\n<p>Esto permite que, hasta el fallo final, unos <b>350.000 haitianos y<\/b> <b>6.000 sirios<\/b> <b>mantengan sus permisos de trabajo<\/b> y protecci\u00f3n contra la deportaci\u00f3n.<\/p>\n<h1>El debate sobre el alcance de la revisi\u00f3n judicial con respecto al TPS<\/h1>\n<p>El tema central del debate jur\u00eddico es si los <b>tribunales est\u00e1n facultados para examinar las resoluciones<\/b> que el <b>Departamento de Seguridad Nacional<\/b> (<a href=\"https:\/\/www.lanacion.com.ar\/estados-unidos\/migraciones\/freno-al-ice-por-que-el-dhs-de-trump-enfrenta-obstaculos-para-cumplir-su-promesa-de-deportaciones-nid19042026\/\" target=\"_self\" rel=\"\" title=\"https:\/\/www.lanacion.com.ar\/estados-unidos\/migraciones\/freno-al-ice-por-que-el-dhs-de-trump-enfrenta-obstaculos-para-cumplir-su-promesa-de-deportaciones-nid19042026\/\"><b>DHS<\/b><\/a>, por sus siglas en ingl\u00e9s) haya tomado en relaci\u00f3n con el TPS. <\/p>\n<p>Los demandantes sostienen que el <b>gobierno incurri\u00f3 en errores de procedimiento <\/b>que son fiscalizables por los jueces. <\/p>\n<p>Seg\u00fan un estudio de <a href=\"https:\/\/www.vox.com\/politics\/486014\/supreme-court-miot-doe-haiti-syria-temporary-protected-status\" target=\"_self\" rel=\"\" title=\"https:\/\/www.vox.com\/politics\/486014\/supreme-court-miot-doe-haiti-syria-temporary-protected-status\"><i>Vox<\/i><\/a>, los abogados de los inmigrantes afirman que la administraci\u00f3n solo intercambi\u00f3 <b>correos electr\u00f3nicos informales con otras agencias del gobierno<\/b> y no hizo las consultas necesarias.<\/p>\n<p>Aunque los demandantes<b> <\/b>asumen que es dif\u00edcil desafiar decisiones del DHS sobre los pa\u00edses que integran la lista del TPS, insisten en que los <b>pasos de procedimiento inscritos en la ley de inmigraci\u00f3n deben cumplirse<\/b> obligatoriamente.<\/p>\n<h1>Qu\u00e9 significar\u00eda un fallo favorable para los beneficiarios del TPS<\/h1>\n<p>Si la Corte Suprema falla a favor de los migrantes, la victoria podr\u00eda ser solo un alivio temporal. <b>Un fallo basado en \u201cerrores de papeleo\u201d<\/b> podr\u00eda derivar en que el actual secretario de Seguridad Nacional, <b>Markwayne Mullin<\/b>, <b>reinicie el proceso de cancelaci\u00f3n<\/b> siguiendo los protocolos correctos.<\/p>\n<p>Pese a esto, para los beneficiarios, cada d\u00eda de vigencia del programa representa una <b>oportunidad para permanecer en EE.UU.<\/b> lejos de zonas de peligro.<\/p>\n<p>\u200bLa Corte Suprema escucha el 29 de abril los casos sobre el TPS de Hait\u00ed y Siria; el fallo definir\u00e1 si 350.000 haitianos y 6.000 sirios pueden perder su protecci\u00f3n contra la deportaci\u00f3n\u00a0\u00a0<\/p>","protected":false},"excerpt":{"rendered":"<p>El mi\u00e9rcoles 29 de abril es la fecha programada por la Corte Suprema de Estados&#8230;<\/p>\n","protected":false},"author":1,"featured_media":16492,"comment_status":"closed","ping_status":"closed","sticky":false,"template":"","format":"standard","meta":{"_jetpack_memberships_contains_paid_content":false,"footnotes":"","jetpack_publicize_message":"","jetpack_publicize_feature_enabled":true,"jetpack_social_post_already_shared":true,"jetpack_social_options":{"image_generator_settings":{"template":"highway","default_image_id":0,"font":"","enabled":false},"version":2}},"categories":[89],"tags":[],"class_list":["post-16491","post","type-post","status-publish","format-standard","has-post-thumbnail","hentry","category-nacionales"],"yoast_head":"<!-- This site is optimized with the Yoast SEO plugin v27.4 - https:\/\/yoast.com\/product\/yoast-seo-wordpress\/ -->\n<title>Migrantes con TPS: qu\u00e9 pasar\u00e1 el 29 de abril y por qu\u00e9 es una fecha clave en la Corte Suprema de EE.UU. -<\/title>\n<meta name=\"robots\" content=\"index, follow, max-snippet:-1, max-image-preview:large, max-video-preview:-1\" \/>\n<link rel=\"canonical\" href=\"https:\/\/impactocastex.com.ar\/?p=16491\" \/>\n<meta property=\"og:locale\" content=\"es_ES\" \/>\n<meta property=\"og:type\" content=\"article\" \/>\n<meta property=\"og:title\" content=\"Migrantes con TPS: qu\u00e9 pasar\u00e1 el 29 de abril y por qu\u00e9 es una fecha clave en la Corte Suprema de EE.UU. -\" \/>\n<meta property=\"og:description\" content=\"El mi\u00e9rcoles 29 de abril es la fecha programada por la Corte Suprema de Estados...\" \/>\n<meta property=\"og:url\" content=\"https:\/\/impactocastex.com.ar\/?p=16491\" \/>\n<meta property=\"article:publisher\" content=\"https:\/\/www.facebook.com\/impactocastexdiario\" \/>\n<meta property=\"article:published_time\" content=\"2026-04-26T14:22:01+00:00\" \/>\n<meta property=\"og:image\" content=\"https:\/\/resizer.glanacion.com\/resizer\/v2\/L32KOMM4UJEV3EOLDTYQEKPFWM.png?auth=de1621780af636b9c223c50a102223474689fe7d98dc75cb6517192d1f542939&amp;smart=true&amp;width=2752&amp;height=1536\" \/>\n<meta name=\"author\" content=\"impactocastex\" \/>\n<meta name=\"twitter:card\" content=\"summary_large_image\" \/>\n<meta name=\"twitter:label1\" content=\"Escrito por\" \/>\n\t<meta name=\"twitter:data1\" content=\"impactocastex\" \/>\n\t<meta name=\"twitter:label2\" content=\"Tiempo de lectura\" \/>\n\t<meta name=\"twitter:data2\" content=\"3 minutos\" \/>\n<script type=\"application\/ld+json\" class=\"yoast-schema-graph\">{\"@context\":\"https:\\\/\\\/schema.org\",\"@graph\":[{\"@type\":\"Article\",\"@id\":\"https:\\\/\\\/impactocastex.com.ar\\\/?p=16491#article\",\"isPartOf\":{\"@id\":\"https:\\\/\\\/impactocastex.com.ar\\\/?p=16491\"},\"author\":{\"name\":\"impactocastex\",\"@id\":\"https:\\\/\\\/impactocastex.com.ar\\\/#\\\/schema\\\/person\\\/86cb4f827fb5f87869a239b98a69c6e3\"},\"headline\":\"Migrantes con TPS: qu\u00e9 pasar\u00e1 el 29 de abril y por qu\u00e9 es una fecha clave en la Corte Suprema de EE.UU.\",\"datePublished\":\"2026-04-26T14:22:01+00:00\",\"mainEntityOfPage\":{\"@id\":\"https:\\\/\\\/impactocastex.com.ar\\\/?p=16491\"},\"wordCount\":598,\"publisher\":{\"@id\":\"https:\\\/\\\/impactocastex.com.ar\\\/#organization\"},\"image\":{\"@id\":\"https:\\\/\\\/impactocastex.com.ar\\\/?p=16491#primaryimage\"},\"thumbnailUrl\":\"https:\\\/\\\/impactocastex.com.ar\\\/wp-content\\\/uploads\\\/2026\\\/04\\\/3UY243W2PRHEDINNDWEJNUHVTM-dvRRsm.jpg\",\"articleSection\":[\"NACIONALES\"],\"inLanguage\":\"es\"},{\"@type\":\"WebPage\",\"@id\":\"https:\\\/\\\/impactocastex.com.ar\\\/?p=16491\",\"url\":\"https:\\\/\\\/impactocastex.com.ar\\\/?p=16491\",\"name\":\"Migrantes con TPS: qu\u00e9 pasar\u00e1 el 29 de abril y por qu\u00e9 es una fecha clave en la Corte Suprema de EE.UU. -\",\"isPartOf\":{\"@id\":\"https:\\\/\\\/impactocastex.com.ar\\\/#website\"},\"primaryImageOfPage\":{\"@id\":\"https:\\\/\\\/impactocastex.com.ar\\\/?p=16491#primaryimage\"},\"image\":{\"@id\":\"https:\\\/\\\/impactocastex.com.ar\\\/?p=16491#primaryimage\"},\"thumbnailUrl\":\"https:\\\/\\\/impactocastex.com.ar\\\/wp-content\\\/uploads\\\/2026\\\/04\\\/3UY243W2PRHEDINNDWEJNUHVTM-dvRRsm.jpg\",\"datePublished\":\"2026-04-26T14:22:01+00:00\",\"breadcrumb\":{\"@id\":\"https:\\\/\\\/impactocastex.com.ar\\\/?p=16491#breadcrumb\"},\"inLanguage\":\"es\",\"potentialAction\":[{\"@type\":\"ReadAction\",\"target\":[\"https:\\\/\\\/impactocastex.com.ar\\\/?p=16491\"]}]},{\"@type\":\"ImageObject\",\"inLanguage\":\"es\",\"@id\":\"https:\\\/\\\/impactocastex.com.ar\\\/?p=16491#primaryimage\",\"url\":\"https:\\\/\\\/impactocastex.com.ar\\\/wp-content\\\/uploads\\\/2026\\\/04\\\/3UY243W2PRHEDINNDWEJNUHVTM-dvRRsm.jpg\",\"contentUrl\":\"https:\\\/\\\/impactocastex.com.ar\\\/wp-content\\\/uploads\\\/2026\\\/04\\\/3UY243W2PRHEDINNDWEJNUHVTM-dvRRsm.jpg\",\"width\":2000,\"height\":1333},{\"@type\":\"BreadcrumbList\",\"@id\":\"https:\\\/\\\/impactocastex.com.ar\\\/?p=16491#breadcrumb\",\"itemListElement\":[{\"@type\":\"ListItem\",\"position\":1,\"name\":\"Portada\",\"item\":\"https:\\\/\\\/impactocastex.com.ar\\\/\"},{\"@type\":\"ListItem\",\"position\":2,\"name\":\"Migrantes con TPS: qu\u00e9 pasar\u00e1 el 29 de abril y por qu\u00e9 es una fecha clave en la Corte Suprema de EE.UU.\"}]},{\"@type\":\"WebSite\",\"@id\":\"https:\\\/\\\/impactocastex.com.ar\\\/#website\",\"url\":\"https:\\\/\\\/impactocastex.com.ar\\\/\",\"name\":\"Impacto Castex\",\"description\":\"\",\"publisher\":{\"@id\":\"https:\\\/\\\/impactocastex.com.ar\\\/#organization\"},\"potentialAction\":[{\"@type\":\"SearchAction\",\"target\":{\"@type\":\"EntryPoint\",\"urlTemplate\":\"https:\\\/\\\/impactocastex.com.ar\\\/?s={search_term_string}\"},\"query-input\":{\"@type\":\"PropertyValueSpecification\",\"valueRequired\":true,\"valueName\":\"search_term_string\"}}],\"inLanguage\":\"es\"},{\"@type\":\"Organization\",\"@id\":\"https:\\\/\\\/impactocastex.com.ar\\\/#organization\",\"name\":\"Impacto Castex\",\"url\":\"https:\\\/\\\/impactocastex.com.ar\\\/\",\"logo\":{\"@type\":\"ImageObject\",\"inLanguage\":\"es\",\"@id\":\"https:\\\/\\\/impactocastex.com.ar\\\/#\\\/schema\\\/logo\\\/image\\\/\",\"url\":\"https:\\\/\\\/impactocastex.com.ar\\\/wp-content\\\/uploads\\\/2025\\\/09\\\/cropped-icoweb.png\",\"contentUrl\":\"https:\\\/\\\/impactocastex.com.ar\\\/wp-content\\\/uploads\\\/2025\\\/09\\\/cropped-icoweb.png\",\"width\":512,\"height\":512,\"caption\":\"Impacto Castex\"},\"image\":{\"@id\":\"https:\\\/\\\/impactocastex.com.ar\\\/#\\\/schema\\\/logo\\\/image\\\/\"},\"sameAs\":[\"https:\\\/\\\/www.facebook.com\\\/impactocastexdiario\",\"https:\\\/\\\/www.instagram.com\\\/impactocastex.com.ar\\\/\"]},{\"@type\":\"Person\",\"@id\":\"https:\\\/\\\/impactocastex.com.ar\\\/#\\\/schema\\\/person\\\/86cb4f827fb5f87869a239b98a69c6e3\",\"name\":\"impactocastex\",\"image\":{\"@type\":\"ImageObject\",\"inLanguage\":\"es\",\"@id\":\"https:\\\/\\\/secure.gravatar.com\\\/avatar\\\/9a87ee051ca8c77f5d4070843ce2c78cdf95b858b950fb039151de955122f5f5?s=96&d=mm&r=g\",\"url\":\"https:\\\/\\\/secure.gravatar.com\\\/avatar\\\/9a87ee051ca8c77f5d4070843ce2c78cdf95b858b950fb039151de955122f5f5?s=96&d=mm&r=g\",\"contentUrl\":\"https:\\\/\\\/secure.gravatar.com\\\/avatar\\\/9a87ee051ca8c77f5d4070843ce2c78cdf95b858b950fb039151de955122f5f5?s=96&d=mm&r=g\",\"caption\":\"impactocastex\"},\"sameAs\":[\"https:\\\/\\\/impactocastex.com.ar\"],\"url\":\"https:\\\/\\\/impactocastex.com.ar\\\/?author=1\"}]}<\/script>\n<!-- \/ Yoast SEO plugin. -->","yoast_head_json":{"title":"Migrantes con TPS: qu\u00e9 pasar\u00e1 el 29 de abril y por qu\u00e9 es una fecha clave en la Corte Suprema de EE.UU. -","robots":{"index":"index","follow":"follow","max-snippet":"max-snippet:-1","max-image-preview":"max-image-preview:large","max-video-preview":"max-video-preview:-1"},"canonical":"https:\/\/impactocastex.com.ar\/?p=16491","og_locale":"es_ES","og_type":"article","og_title":"Migrantes con TPS: qu\u00e9 pasar\u00e1 el 29 de abril y por qu\u00e9 es una fecha clave en la Corte Suprema de EE.UU. -","og_description":"El mi\u00e9rcoles 29 de abril es la fecha programada por la Corte Suprema de Estados...","og_url":"https:\/\/impactocastex.com.ar\/?p=16491","article_publisher":"https:\/\/www.facebook.com\/impactocastexdiario","article_published_time":"2026-04-26T14:22:01+00:00","og_image":[{"url":"https:\/\/resizer.glanacion.com\/resizer\/v2\/L32KOMM4UJEV3EOLDTYQEKPFWM.png?auth=de1621780af636b9c223c50a102223474689fe7d98dc75cb6517192d1f542939&amp;smart=true&amp;width=2752&amp;height=1536","type":"","width":"","height":""}],"author":"impactocastex","twitter_card":"summary_large_image","twitter_misc":{"Escrito por":"impactocastex","Tiempo de lectura":"3 minutos"},"schema":{"@context":"https:\/\/schema.org","@graph":[{"@type":"Article","@id":"https:\/\/impactocastex.com.ar\/?p=16491#article","isPartOf":{"@id":"https:\/\/impactocastex.com.ar\/?p=16491"},"author":{"name":"impactocastex","@id":"https:\/\/impactocastex.com.ar\/#\/schema\/person\/86cb4f827fb5f87869a239b98a69c6e3"},"headline":"Migrantes con TPS: qu\u00e9 pasar\u00e1 el 29 de abril y por qu\u00e9 es una fecha clave en la Corte Suprema de EE.UU.","datePublished":"2026-04-26T14:22:01+00:00","mainEntityOfPage":{"@id":"https:\/\/impactocastex.com.ar\/?p=16491"},"wordCount":598,"publisher":{"@id":"https:\/\/impactocastex.com.ar\/#organization"},"image":{"@id":"https:\/\/impactocastex.com.ar\/?p=16491#primaryimage"},"thumbnailUrl":"https:\/\/impactocastex.com.ar\/wp-content\/uploads\/2026\/04\/3UY243W2PRHEDINNDWEJNUHVTM-dvRRsm.jpg","articleSection":["NACIONALES"],"inLanguage":"es"},{"@type":"WebPage","@id":"https:\/\/impactocastex.com.ar\/?p=16491","url":"https:\/\/impactocastex.com.ar\/?p=16491","name":"Migrantes con TPS: qu\u00e9 pasar\u00e1 el 29 de abril y por qu\u00e9 es una fecha clave en la Corte Suprema de EE.UU. -","isPartOf":{"@id":"https:\/\/impactocastex.com.ar\/#website"},"primaryImageOfPage":{"@id":"https:\/\/impactocastex.com.ar\/?p=16491#primaryimage"},"image":{"@id":"https:\/\/impactocastex.com.ar\/?p=16491#primaryimage"},"thumbnailUrl":"https:\/\/impactocastex.com.ar\/wp-content\/uploads\/2026\/04\/3UY243W2PRHEDINNDWEJNUHVTM-dvRRsm.jpg","datePublished":"2026-04-26T14:22:01+00:00","breadcrumb":{"@id":"https:\/\/impactocastex.com.ar\/?p=16491#breadcrumb"},"inLanguage":"es","potentialAction":[{"@type":"ReadAction","target":["https:\/\/impactocastex.com.ar\/?p=16491"]}]},{"@type":"ImageObject","inLanguage":"es","@id":"https:\/\/impactocastex.com.ar\/?p=16491#primaryimage","url":"https:\/\/impactocastex.com.ar\/wp-content\/uploads\/2026\/04\/3UY243W2PRHEDINNDWEJNUHVTM-dvRRsm.jpg","contentUrl":"https:\/\/impactocastex.com.ar\/wp-content\/uploads\/2026\/04\/3UY243W2PRHEDINNDWEJNUHVTM-dvRRsm.jpg","width":2000,"height":1333},{"@type":"BreadcrumbList","@id":"https:\/\/impactocastex.com.ar\/?p=16491#breadcrumb","itemListElement":[{"@type":"ListItem","position":1,"name":"Portada","item":"https:\/\/impactocastex.com.ar\/"},{"@type":"ListItem","position":2,"name":"Migrantes con TPS: qu\u00e9 pasar\u00e1 el 29 de abril y por qu\u00e9 es una fecha clave en la Corte Suprema de EE.UU."}]},{"@type":"WebSite","@id":"https:\/\/impactocastex.com.ar\/#website","url":"https:\/\/impactocastex.com.ar\/","name":"Impacto Castex","description":"","publisher":{"@id":"https:\/\/impactocastex.com.ar\/#organization"},"potentialAction":[{"@type":"SearchAction","target":{"@type":"EntryPoint","urlTemplate":"https:\/\/impactocastex.com.ar\/?s={search_term_string}"},"query-input":{"@type":"PropertyValueSpecification","valueRequired":true,"valueName":"search_term_string"}}],"inLanguage":"es"},{"@type":"Organization","@id":"https:\/\/impactocastex.com.ar\/#organization","name":"Impacto Castex","url":"https:\/\/impactocastex.com.ar\/","logo":{"@type":"ImageObject","inLanguage":"es","@id":"https:\/\/impactocastex.com.ar\/#\/schema\/logo\/image\/","url":"https:\/\/impactocastex.com.ar\/wp-content\/uploads\/2025\/09\/cropped-icoweb.png","contentUrl":"https:\/\/impactocastex.com.ar\/wp-content\/uploads\/2025\/09\/cropped-icoweb.png","width":512,"height":512,"caption":"Impacto Castex"},"image":{"@id":"https:\/\/impactocastex.com.ar\/#\/schema\/logo\/image\/"},"sameAs":["https:\/\/www.facebook.com\/impactocastexdiario","https:\/\/www.instagram.com\/impactocastex.com.ar\/"]},{"@type":"Person","@id":"https:\/\/impactocastex.com.ar\/#\/schema\/person\/86cb4f827fb5f87869a239b98a69c6e3","name":"impactocastex","image":{"@type":"ImageObject","inLanguage":"es","@id":"https:\/\/secure.gravatar.com\/avatar\/9a87ee051ca8c77f5d4070843ce2c78cdf95b858b950fb039151de955122f5f5?s=96&d=mm&r=g","url":"https:\/\/secure.gravatar.com\/avatar\/9a87ee051ca8c77f5d4070843ce2c78cdf95b858b950fb039151de955122f5f5?s=96&d=mm&r=g","contentUrl":"https:\/\/secure.gravatar.com\/avatar\/9a87ee051ca8c77f5d4070843ce2c78cdf95b858b950fb039151de955122f5f5?s=96&d=mm&r=g","caption":"impactocastex"},"sameAs":["https:\/\/impactocastex.com.ar"],"url":"https:\/\/impactocastex.com.ar\/?author=1"}]}},"jetpack_publicize_connections":[],"featured_image_urls":{"full":["https:\/\/impactocastex.com.ar\/wp-content\/uploads\/2026\/04\/3UY243W2PRHEDINNDWEJNUHVTM-dvRRsm.jpg",2000,1333,false],"thumbnail":["https:\/\/impactocastex.com.ar\/wp-content\/uploads\/2026\/04\/3UY243W2PRHEDINNDWEJNUHVTM-dvRRsm-150x150.jpg",150,150,true],"medium":["https:\/\/impactocastex.com.ar\/wp-content\/uploads\/2026\/04\/3UY243W2PRHEDINNDWEJNUHVTM-dvRRsm-300x200.jpg",300,200,true],"medium_large":["https:\/\/impactocastex.com.ar\/wp-content\/uploads\/2026\/04\/3UY243W2PRHEDINNDWEJNUHVTM-dvRRsm-768x512.jpg",640,427,true],"large":["https:\/\/impactocastex.com.ar\/wp-content\/uploads\/2026\/04\/3UY243W2PRHEDINNDWEJNUHVTM-dvRRsm-1024x682.jpg",640,426,true],"1536x1536":["https:\/\/impactocastex.com.ar\/wp-content\/uploads\/2026\/04\/3UY243W2PRHEDINNDWEJNUHVTM-dvRRsm-1536x1024.jpg",1536,1024,true],"2048x2048":["https:\/\/impactocastex.com.ar\/wp-content\/uploads\/2026\/04\/3UY243W2PRHEDINNDWEJNUHVTM-dvRRsm.jpg",2000,1333,false],"newsever-slider-full":["https:\/\/impactocastex.com.ar\/wp-content\/uploads\/2026\/04\/3UY243W2PRHEDINNDWEJNUHVTM-dvRRsm-1280x845.jpg",1280,845,true],"newsever-featured":["https:\/\/impactocastex.com.ar\/wp-content\/uploads\/2026\/04\/3UY243W2PRHEDINNDWEJNUHVTM-dvRRsm-1024x682.jpg",1024,682,true],"newsever-medium":["https:\/\/impactocastex.com.ar\/wp-content\/uploads\/2026\/04\/3UY243W2PRHEDINNDWEJNUHVTM-dvRRsm-720x475.jpg",720,475,true]},"author_info":{"info":["impactocastex"]},"category_info":"<a href=\"https:\/\/impactocastex.com.ar\/?cat=89\" rel=\"category\">NACIONALES<\/a>","tag_info":"NACIONALES","comment_count":0,"jetpack_featured_media_url":"https:\/\/impactocastex.com.ar\/wp-content\/uploads\/2026\/04\/3UY243W2PRHEDINNDWEJNUHVTM-dvRRsm.jpg","jetpack_sharing_enabled":true,"jetpack_likes_enabled":true,"jetpack_shortlink":"https:\/\/wp.me\/p7sopA-4hZ","_links":{"self":[{"href":"https:\/\/impactocastex.com.ar\/index.php?rest_route=\/wp\/v2\/posts\/16491","targetHints":{"allow":["GET"]}}],"collection":[{"href":"https:\/\/impactocastex.com.ar\/index.php?rest_route=\/wp\/v2\/posts"}],"about":[{"href":"https:\/\/impactocastex.com.ar\/index.php?rest_route=\/wp\/v2\/types\/post"}],"author":[{"embeddable":true,"href":"https:\/\/impactocastex.com.ar\/index.php?rest_route=\/wp\/v2\/users\/1"}],"replies":[{"embeddable":true,"href":"https:\/\/impactocastex.com.ar\/index.php?rest_route=%2Fwp%2Fv2%2Fcomments&post=16491"}],"version-history":[{"count":0,"href":"https:\/\/impactocastex.com.ar\/index.php?rest_route=\/wp\/v2\/posts\/16491\/revisions"}],"wp:featuredmedia":[{"embeddable":true,"href":"https:\/\/impactocastex.com.ar\/index.php?rest_route=\/wp\/v2\/media\/16492"}],"wp:attachment":[{"href":"https:\/\/impactocastex.com.ar\/index.php?rest_route=%2Fwp%2Fv2%2Fmedia&parent=16491"}],"wp:term":[{"taxonomy":"category","embeddable":true,"href":"https:\/\/impactocastex.com.ar\/index.php?rest_route=%2Fwp%2Fv2%2Fcategories&post=16491"},{"taxonomy":"post_tag","embeddable":true,"href":"https:\/\/impactocastex.com.ar\/index.php?rest_route=%2Fwp%2Fv2%2Ftags&post=16491"}],"curies":[{"name":"wp","href":"https:\/\/api.w.org\/{rel}","templated":true}]}}