{"id":16489,"date":"2026-04-26T08:20:03","date_gmt":"2026-04-26T11:20:03","guid":{"rendered":"https:\/\/impactocastex.com.ar\/?p=16489"},"modified":"2026-04-26T08:20:03","modified_gmt":"2026-04-26T11:20:03","slug":"historico-maraton-de-londres-sabastian-sawe-bajo-las-dos-horas-en-un-podio-con-otros-dos-atletas-que-mejoraron-el-record-mundial","status":"publish","type":"post","link":"https:\/\/impactocastex.com.ar\/?p=16489","title":{"rendered":"Hist\u00f3rico Marat\u00f3n de Londres: Sabastian Sawe baj\u00f3 las dos horas en un podio con otros dos atletas que mejoraron el r\u00e9cord mundial"},"content":{"rendered":"<div class=\"sc-45461e9c-0 eqiBeF container-text text-embed \">\n<p>\u00bfIncre\u00edble? El <em>shock <\/em>se extender\u00e1 por largo tiempo. <strong>El atletismo mundial ha ingresado en una nueva dimensi\u00f3n<\/strong>: <strong>un hombre necesit\u00f3 menos de dos horas para correr los 42,195 kil\u00f3metros del marat\u00f3n<\/strong>. Es cierto que el movimiento del marat\u00f3n en los \u00faltimos tiempos (y acelerado en la pos pandemia) hac\u00eda suponer que este salto se dar\u00eda en alg\u00fan momento, pero <strong>Sabastian Sawe<\/strong>, con <strong>1h59m30, <\/strong>lo hizo en <strong>una carrera sencillamente fabulosa<\/strong>.<\/p>\n<\/div>\n<div class=\"sc-45461e9c-0 eqiBeF container-text text-embed \">\n<p>Es que los tres primeros <strong>pulverizaron el r\u00e9cord del mundo <\/strong>que otro notable keniano, el infortunado <strong>Kelvin Kiptum<\/strong>, muerto en un accidente de tr\u00e1nsito poco despu\u00e9s de conseguirlo, hab\u00eda establecido con 2h00m35 en Chicago, el 8 de octubre de 2023.<\/p>\n<\/div>\n<div class=\"sc-98b114a2-0 bkqiHH image-embed  image-embed \"><img fetchpriority=\"high\" decoding=\"async\" alt=\"El keniano Sabastian Sawe al ganar el hist\u00f3rico Marat\u00f3n de Londres.\nFoto Reuters\" loading=\"eager\" width=\"720\" height=\"480\" data-nimg=\"1\" src=\"https:\/\/www.clarin.com\/img\/2026\/04\/26\/-2GeKWWq1_720x0__1.jpg\" \/><span class=\"epigraphe\" aria-hidden=\"true\">El keniano Sabastian Sawe al ganar el hist\u00f3rico Marat\u00f3n de Londres.<br \/>\nFoto Reuters<\/span><span class=\"picture-open\"><button class=\"open-image\" aria-label=\"Open Image\"><\/button><\/span><\/div>\n<div class=\"sc-45461e9c-0 eqiBeF container-text text-embed \">\n<p>Hasta hoy, solamente<strong> Eliud Kipchoge<\/strong>, bicampe\u00f3n ol\u00edmpico y considerado junto a <strong>Abebe Bikila<\/strong> como los m\u00e1s grandes maratonistas de la historia, hab\u00eda realizado un marat\u00f3n debajo de las dos horas, pero<strong> en<\/strong> <strong>condiciones no reglamentarias<\/strong>. <\/p>\n<\/div>\n<div class=\"sc-45461e9c-0 eqiBeF container-text text-embed \">\n<p>Fue en un intento especial en el Prater de Viena, ayudado por \u201cliebres\u201d especiales durante todo el recorrido y un gran dispositivo tecnol\u00f3gico que <strong>no tiene relaci\u00f3n con las pruebas abiertas y reglamentarias del atletismo<\/strong>. Aquello sucedi\u00f3 en el oto\u00f1o de 2019, en el Proyecto Ineos que le permiti\u00f3 a Kipchoge darse un gusto (1h59m40).<\/p>\n<\/div>\n<div class=\"sc-45461e9c-0 eqiBeF container-text text-embed \">\n<p><strong>Pero en las pruebas reales, a\u00fan faltaba este salto<\/strong>. Los resultados, especialmente en Berl\u00edn y en Chicago -terrenos planos y veloces-, as\u00ed como el desarrollo tecnol\u00f3gico en el calzado y en los sistemas de preparaci\u00f3n, anticipaban que suceder\u00eda. Y fue hoy, domingo 26 de abril de 2026, un d\u00eda que quedar\u00e1 marcado definitivamente para la historia del atletismo.<\/p>\n<\/div>\n<div class=\"sc-45461e9c-0 eqiBeF container-text text-embed \">\n<p>Como lo fue aquella primavera de 1954, cuando <strong>Roger Bannister <\/strong>baj\u00f3 los 4 minutos en la milla, o como el d\u00eda en que <strong>Jim Hines <\/strong>baj\u00f3 por primera vez los 10 segundos en 100 metros (1968). O los 8,90 metros de <strong>Bob Beamon <\/strong>en salto en largo, ese mismo a\u00f1o. Y otras barreras que la voluntad, la determinaci\u00f3n y la capacidad f\u00edsica del hombre va derrumbando. Logros que supon\u00edan el Everest del atletismo y que algunos concretaron.<\/p>\n<\/div>\n<div class=\"sc-45461e9c-0 eqiBeF container-text text-embed \">\n<p>Tambi\u00e9n se sab\u00eda que los organizadores del Marat\u00f3n de Londres, con su director ejecutivo Hugh Brasher a la cabeza, hab\u00edan volcado todos sus recursos para contar con la mejor elite posible. <strong>Una lista de lujo, nunca vista antes<\/strong>. <\/p>\n<\/div>\n<div class=\"sc-45461e9c-0 eqiBeF container-text text-embed \">\n<p>Se reeditaba el duelo de 2025 entre el keniata Sawe y el ascendente -en esta prueba- <strong>Jacob Kiplimo<\/strong>, de Uganda. Estaba el campe\u00f3n ol\u00edmpico, el et\u00edope <strong>Yamirat Tola<\/strong>, y hab\u00eda expectativa por el debut de su compatriota <strong>Yomif Kejelcha<\/strong>, un hombre que ya demostr\u00f3 pr\u00e1cticamente todo en el resto de las distancias.<\/p>\n<\/div>\n<div class=\"sc-45461e9c-0 eqiBeF container-text text-embed \">\n<p>Pero se agotan los adjetivos para describir la maravilla de lo que sucedi\u00f3: <strong>Sawe llev\u00f3 el r\u00e9cord mundial de marat\u00f3n a 1 hora, 59 minutos y 30 segundos<\/strong>. Y tambi\u00e9n sus escoltas, Kejelcha y Kiplimo, batieron el r\u00e9cord anterior. En su debut sobre la distancia, Kejelcha marc\u00f3 1m59s41, mientras que el ugand\u00e9s, quien ven\u00eda de recuperar su r\u00e9cord mundial de medio marat\u00f3n en Lisboa, corri\u00f3 en <strong>2h00m28<\/strong>.<\/p>\n<\/div>\n<div class=\"sc-45461e9c-0 eqiBeF container-text text-embed \">\n<p>El grupo l\u00edder se form\u00f3 con Sawe, Kejelcha, Tola, Kiplimo, el et\u00edope Deresa Geleta y el keniano Amos Kipruto, vencedor hace cuatro a\u00f1os en Londres. Pasaron los 5 kil\u00f3metros en 14m14. Ese mismo grupo cubri\u00f3 los 10k en 28m34 y los 15 en 43m10, alcanzando la mitad del recorrido en 1h00m29. Siguieron as\u00ed hasta el kil\u00f3metro 30 con 1h26m03.<strong> Todo hac\u00eda prever una marca alrededor de las 2 horas<\/strong>.<\/p>\n<\/div>\n<div class=\"sc-45461e9c-0 eqiBeF container-text text-embed \">\n<p>Entre los kil\u00f3metros 30 y 35 se produjeron circunstancias decisivas. Sawe y Kejelcha consiguieron una leve ventaja: 20 segundos sobre Kiplimo. Para el parcial de esos 5 kil\u00f3metros marcaron 13m42s, lo que indicaba una aceleraci\u00f3n. Comenzaba a vislumbrarse la posibilidad del r\u00e9cord.<\/p>\n<\/div>\n<div class=\"sc-98b114a2-0 bkqiHH image-embed  image-embed \"><img decoding=\"async\" alt=\"El keniano Sabastian Sawe, con la zapatilla con la que gan\u00f3r el hist\u00f3rico Marat\u00f3n de Londres.\nFoto Reuters\" loading=\"eager\" width=\"720\" height=\"480\" data-nimg=\"1\" src=\"https:\/\/www.clarin.com\/img\/2026\/04\/26\/mnDiry7Lt_720x0__1.jpg\" \/><span class=\"epigraphe\" aria-hidden=\"true\">El keniano Sabastian Sawe, con la zapatilla con la que gan\u00f3r el hist\u00f3rico Marat\u00f3n de Londres.<br \/>\nFoto Reuters<\/span><span class=\"picture-open\"><button class=\"open-image\" aria-label=\"Open Image\"><\/button><\/span><\/div>\n<div class=\"sc-45461e9c-0 eqiBeF container-text text-embed \">\n<p>Cuando apenas faltaba una milla, Sawe lanz\u00f3 su ataque final, que lo llevar\u00eda a su fant\u00e1stico r\u00e9cord, en tanto que <strong>Kejelcha produc\u00eda el mejor debut de la historia de un maratonista<\/strong>. Y Kiplimo, que abordaba el tercer marat\u00f3n de su vida (segundo lugar en Londres 2025, ganador en Chicago luego), tambi\u00e9n estaba debajo del r\u00e9cord anterior.<\/p>\n<\/div>\n<div class=\"sc-45461e9c-0 eqiBeF container-text text-embed \">\n<p>Para Amos Kipruto, las 2h01m39 lo dejaron cuarto, un lugar delante del campe\u00f3n ol\u00edmpico Tamirat Tola (2h02m59). Y a Geleta su impulso inicial le sirvi\u00f3 para llegar sexto en 2h03m23.<\/p>\n<\/div>\n<div class=\"sc-98b114a2-0 bkqiHH image-embed  image-embed \"><img decoding=\"async\" alt=\"La et\u00edope Tigst Assefa, al ganar el hist\u00f3rico Marat\u00f3n de Londres.\nFoto: AP \" loading=\"eager\" width=\"720\" height=\"480\" data-nimg=\"1\" src=\"https:\/\/www.clarin.com\/img\/2026\/04\/26\/y6b8OL-EW_720x0__1.jpg\" \/><span class=\"epigraphe\" aria-hidden=\"true\">La et\u00edope Tigst Assefa, al ganar el hist\u00f3rico Marat\u00f3n de Londres.<br \/>\nFoto: AP <\/span><span class=\"picture-open\"><button class=\"open-image\" aria-label=\"Open Image\"><\/button><\/span><\/div>\n<div class=\"sc-45461e9c-0 eqiBeF container-text text-embed \">\n<p>Entre las damas, la et\u00edope <strong>Tigst Assefa<\/strong> gan\u00f3 en 2h15m41, el <strong>mejor registro mundial para una prueba exclusiva femenina<\/strong>. Y all\u00ed la uruguaya <strong>Julia Paternain<\/strong>, que hizo historia con su bronce mundialista en Tokio, en septiembre pasado, volvi\u00f3 a coronar una gran actuaci\u00f3n: octava con r\u00e9cord de su pa\u00eds de 2h25m47.<\/p>\n<\/div>\n<div class=\"sc-45461e9c-0 eqiBeF container-text text-embed \">\n<p><strong>Todo para complementar un d\u00eda inolvidable<\/strong>.<\/p>\n<\/div>\n<div class=\"sc-45461e9c-0 eqiBeF container-text text-embed \">\n<p>El marat\u00f3n, que figura en el programa ol\u00edmpico desde su restauraci\u00f3n en los Juegos de Atenas 1896 para los tiempos modernos, es una de las pruebas m\u00e1s exigentes del deporte. Su distancia definitiva de 42.195 metros se fij\u00f3 a partir de los Juegos de Londres 1908 y su lista de campeones ol\u00edmpicos incluye a dos argentinos (<strong>Juan Carlos Zabala en Los \u00c1ngeles 1932 <\/strong>y <strong>Delfo Cabrera en Londres 1948<\/strong>) y tambi\u00e9n a un subcampe\u00f3n nacido en nuestro pa\u00eds (<strong>Reinaldo Gorno en Helsinki 1952<\/strong>).<\/p>\n<\/div>\n<div class=\"sc-45461e9c-0 eqiBeF container-text text-embed \">\n<p>Pero a partir de la irrupci\u00f3n del et\u00edope <strong>Abebe Bikila<\/strong> (Roma 1960) surgi\u00f3 la \u201coleada africana\u201d que en cantidad y en calidad ha copado la prueba en las \u00faltimas d\u00e9cadas. A la par, se viene produciendo un notable movimiento masivo de aficionados volcados a esta carrera. Y el nivel de la elite se aceler\u00f3 considerablemente en estos a\u00f1os, en especial por los desarrollos del calzado.<\/p>\n<\/div>\n<div class=\"sc-45461e9c-0 eqiBeF container-text text-embed \">\n<p>El talento de <strong>Sabastian Sawe<\/strong>, as\u00ed como el de los otros valores mencionados, es el que simboliza esa nueva \u00e9poca, para fijar este <strong>domingo 26 de abril<\/strong> como un hito en la historia del atletismo.<\/p>\n<\/div>\n<p><strong><a href=\"https:\/\/blockads.fivefilters.org\/\">Adblock test<\/a><\/strong> <a href=\"https:\/\/blockads.fivefilters.org\/acceptable.html\">(Why?)<\/a><\/p>\n<p>\u200b\u00a0\u00a0<\/p>","protected":false},"excerpt":{"rendered":"<p>\u00bfIncre\u00edble? El shock se extender\u00e1 por largo tiempo. El atletismo mundial ha ingresado en una&#8230;<\/p>\n","protected":false},"author":1,"featured_media":16490,"comment_status":"closed","ping_status":"closed","sticky":false,"template":"","format":"standard","meta":{"_jetpack_memberships_contains_paid_content":false,"footnotes":"","jetpack_publicize_message":"","jetpack_publicize_feature_enabled":true,"jetpack_social_post_already_shared":true,"jetpack_social_options":{"image_generator_settings":{"template":"highway","default_image_id":0,"font":"","enabled":false},"version":2}},"categories":[87],"tags":[],"class_list":["post-16489","post","type-post","status-publish","format-standard","has-post-thumbnail","hentry","category-deportes"],"yoast_head":"<!-- This site is optimized with the Yoast SEO plugin v27.4 - https:\/\/yoast.com\/product\/yoast-seo-wordpress\/ -->\n<title>Hist\u00f3rico Marat\u00f3n de Londres: Sabastian Sawe baj\u00f3 las dos horas en un podio con otros dos atletas que mejoraron el r\u00e9cord mundial -<\/title>\n<meta name=\"robots\" content=\"index, follow, max-snippet:-1, max-image-preview:large, max-video-preview:-1\" \/>\n<link rel=\"canonical\" href=\"https:\/\/impactocastex.com.ar\/?p=16489\" \/>\n<meta property=\"og:locale\" content=\"es_ES\" \/>\n<meta property=\"og:type\" content=\"article\" \/>\n<meta property=\"og:title\" content=\"Hist\u00f3rico Marat\u00f3n de Londres: Sabastian Sawe baj\u00f3 las dos horas en un podio con otros dos atletas que mejoraron el r\u00e9cord mundial -\" \/>\n<meta property=\"og:description\" content=\"\u00bfIncre\u00edble? El shock se extender\u00e1 por largo tiempo. El atletismo mundial ha ingresado en una...\" \/>\n<meta property=\"og:url\" content=\"https:\/\/impactocastex.com.ar\/?p=16489\" \/>\n<meta property=\"article:publisher\" content=\"https:\/\/www.facebook.com\/impactocastexdiario\" \/>\n<meta property=\"article:published_time\" content=\"2026-04-26T11:20:03+00:00\" \/>\n<meta property=\"og:image\" content=\"https:\/\/www.clarin.com\/img\/2026\/04\/26\/-2GeKWWq1_720x0__1.jpg\" \/>\n<meta name=\"author\" content=\"impactocastex\" \/>\n<meta name=\"twitter:card\" content=\"summary_large_image\" \/>\n<meta name=\"twitter:label1\" content=\"Escrito por\" \/>\n\t<meta name=\"twitter:data1\" content=\"impactocastex\" \/>\n\t<meta name=\"twitter:label2\" content=\"Tiempo de lectura\" \/>\n\t<meta name=\"twitter:data2\" content=\"5 minutos\" \/>\n<script type=\"application\/ld+json\" class=\"yoast-schema-graph\">{\"@context\":\"https:\\\/\\\/schema.org\",\"@graph\":[{\"@type\":\"Article\",\"@id\":\"https:\\\/\\\/impactocastex.com.ar\\\/?p=16489#article\",\"isPartOf\":{\"@id\":\"https:\\\/\\\/impactocastex.com.ar\\\/?p=16489\"},\"author\":{\"name\":\"impactocastex\",\"@id\":\"https:\\\/\\\/impactocastex.com.ar\\\/#\\\/schema\\\/person\\\/86cb4f827fb5f87869a239b98a69c6e3\"},\"headline\":\"Hist\u00f3rico Marat\u00f3n de Londres: Sabastian Sawe baj\u00f3 las dos horas en un podio con otros dos atletas que mejoraron el r\u00e9cord mundial\",\"datePublished\":\"2026-04-26T11:20:03+00:00\",\"mainEntityOfPage\":{\"@id\":\"https:\\\/\\\/impactocastex.com.ar\\\/?p=16489\"},\"wordCount\":1073,\"publisher\":{\"@id\":\"https:\\\/\\\/impactocastex.com.ar\\\/#organization\"},\"image\":{\"@id\":\"https:\\\/\\\/impactocastex.com.ar\\\/?p=16489#primaryimage\"},\"thumbnailUrl\":\"https:\\\/\\\/impactocastex.com.ar\\\/wp-content\\\/uploads\\\/2026\\\/04\\\/0I4v3Jiey_1200x630__1-7KJ8Yl.jpg\",\"articleSection\":[\"DEPORTES\"],\"inLanguage\":\"es\"},{\"@type\":\"WebPage\",\"@id\":\"https:\\\/\\\/impactocastex.com.ar\\\/?p=16489\",\"url\":\"https:\\\/\\\/impactocastex.com.ar\\\/?p=16489\",\"name\":\"Hist\u00f3rico Marat\u00f3n de Londres: Sabastian Sawe baj\u00f3 las dos horas en un podio con otros dos atletas que mejoraron el r\u00e9cord mundial -\",\"isPartOf\":{\"@id\":\"https:\\\/\\\/impactocastex.com.ar\\\/#website\"},\"primaryImageOfPage\":{\"@id\":\"https:\\\/\\\/impactocastex.com.ar\\\/?p=16489#primaryimage\"},\"image\":{\"@id\":\"https:\\\/\\\/impactocastex.com.ar\\\/?p=16489#primaryimage\"},\"thumbnailUrl\":\"https:\\\/\\\/impactocastex.com.ar\\\/wp-content\\\/uploads\\\/2026\\\/04\\\/0I4v3Jiey_1200x630__1-7KJ8Yl.jpg\",\"datePublished\":\"2026-04-26T11:20:03+00:00\",\"breadcrumb\":{\"@id\":\"https:\\\/\\\/impactocastex.com.ar\\\/?p=16489#breadcrumb\"},\"inLanguage\":\"es\",\"potentialAction\":[{\"@type\":\"ReadAction\",\"target\":[\"https:\\\/\\\/impactocastex.com.ar\\\/?p=16489\"]}]},{\"@type\":\"ImageObject\",\"inLanguage\":\"es\",\"@id\":\"https:\\\/\\\/impactocastex.com.ar\\\/?p=16489#primaryimage\",\"url\":\"https:\\\/\\\/impactocastex.com.ar\\\/wp-content\\\/uploads\\\/2026\\\/04\\\/0I4v3Jiey_1200x630__1-7KJ8Yl.jpg\",\"contentUrl\":\"https:\\\/\\\/impactocastex.com.ar\\\/wp-content\\\/uploads\\\/2026\\\/04\\\/0I4v3Jiey_1200x630__1-7KJ8Yl.jpg\",\"width\":1200,\"height\":630},{\"@type\":\"BreadcrumbList\",\"@id\":\"https:\\\/\\\/impactocastex.com.ar\\\/?p=16489#breadcrumb\",\"itemListElement\":[{\"@type\":\"ListItem\",\"position\":1,\"name\":\"Portada\",\"item\":\"https:\\\/\\\/impactocastex.com.ar\\\/\"},{\"@type\":\"ListItem\",\"position\":2,\"name\":\"Hist\u00f3rico Marat\u00f3n de Londres: Sabastian Sawe baj\u00f3 las dos horas en un podio con otros dos atletas que mejoraron el r\u00e9cord mundial\"}]},{\"@type\":\"WebSite\",\"@id\":\"https:\\\/\\\/impactocastex.com.ar\\\/#website\",\"url\":\"https:\\\/\\\/impactocastex.com.ar\\\/\",\"name\":\"Impacto Castex\",\"description\":\"\",\"publisher\":{\"@id\":\"https:\\\/\\\/impactocastex.com.ar\\\/#organization\"},\"potentialAction\":[{\"@type\":\"SearchAction\",\"target\":{\"@type\":\"EntryPoint\",\"urlTemplate\":\"https:\\\/\\\/impactocastex.com.ar\\\/?s={search_term_string}\"},\"query-input\":{\"@type\":\"PropertyValueSpecification\",\"valueRequired\":true,\"valueName\":\"search_term_string\"}}],\"inLanguage\":\"es\"},{\"@type\":\"Organization\",\"@id\":\"https:\\\/\\\/impactocastex.com.ar\\\/#organization\",\"name\":\"Impacto Castex\",\"url\":\"https:\\\/\\\/impactocastex.com.ar\\\/\",\"logo\":{\"@type\":\"ImageObject\",\"inLanguage\":\"es\",\"@id\":\"https:\\\/\\\/impactocastex.com.ar\\\/#\\\/schema\\\/logo\\\/image\\\/\",\"url\":\"https:\\\/\\\/impactocastex.com.ar\\\/wp-content\\\/uploads\\\/2025\\\/09\\\/cropped-icoweb.png\",\"contentUrl\":\"https:\\\/\\\/impactocastex.com.ar\\\/wp-content\\\/uploads\\\/2025\\\/09\\\/cropped-icoweb.png\",\"width\":512,\"height\":512,\"caption\":\"Impacto Castex\"},\"image\":{\"@id\":\"https:\\\/\\\/impactocastex.com.ar\\\/#\\\/schema\\\/logo\\\/image\\\/\"},\"sameAs\":[\"https:\\\/\\\/www.facebook.com\\\/impactocastexdiario\",\"https:\\\/\\\/www.instagram.com\\\/impactocastex.com.ar\\\/\"]},{\"@type\":\"Person\",\"@id\":\"https:\\\/\\\/impactocastex.com.ar\\\/#\\\/schema\\\/person\\\/86cb4f827fb5f87869a239b98a69c6e3\",\"name\":\"impactocastex\",\"image\":{\"@type\":\"ImageObject\",\"inLanguage\":\"es\",\"@id\":\"https:\\\/\\\/secure.gravatar.com\\\/avatar\\\/9a87ee051ca8c77f5d4070843ce2c78cdf95b858b950fb039151de955122f5f5?s=96&d=mm&r=g\",\"url\":\"https:\\\/\\\/secure.gravatar.com\\\/avatar\\\/9a87ee051ca8c77f5d4070843ce2c78cdf95b858b950fb039151de955122f5f5?s=96&d=mm&r=g\",\"contentUrl\":\"https:\\\/\\\/secure.gravatar.com\\\/avatar\\\/9a87ee051ca8c77f5d4070843ce2c78cdf95b858b950fb039151de955122f5f5?s=96&d=mm&r=g\",\"caption\":\"impactocastex\"},\"sameAs\":[\"https:\\\/\\\/impactocastex.com.ar\"],\"url\":\"https:\\\/\\\/impactocastex.com.ar\\\/?author=1\"}]}<\/script>\n<!-- \/ Yoast SEO plugin. -->","yoast_head_json":{"title":"Hist\u00f3rico Marat\u00f3n de Londres: Sabastian Sawe baj\u00f3 las dos horas en un podio con otros dos atletas que mejoraron el r\u00e9cord mundial -","robots":{"index":"index","follow":"follow","max-snippet":"max-snippet:-1","max-image-preview":"max-image-preview:large","max-video-preview":"max-video-preview:-1"},"canonical":"https:\/\/impactocastex.com.ar\/?p=16489","og_locale":"es_ES","og_type":"article","og_title":"Hist\u00f3rico Marat\u00f3n de Londres: Sabastian Sawe baj\u00f3 las dos horas en un podio con otros dos atletas que mejoraron el r\u00e9cord mundial -","og_description":"\u00bfIncre\u00edble? El shock se extender\u00e1 por largo tiempo. El atletismo mundial ha ingresado en una...","og_url":"https:\/\/impactocastex.com.ar\/?p=16489","article_publisher":"https:\/\/www.facebook.com\/impactocastexdiario","article_published_time":"2026-04-26T11:20:03+00:00","og_image":[{"url":"https:\/\/www.clarin.com\/img\/2026\/04\/26\/-2GeKWWq1_720x0__1.jpg","type":"","width":"","height":""}],"author":"impactocastex","twitter_card":"summary_large_image","twitter_misc":{"Escrito por":"impactocastex","Tiempo de lectura":"5 minutos"},"schema":{"@context":"https:\/\/schema.org","@graph":[{"@type":"Article","@id":"https:\/\/impactocastex.com.ar\/?p=16489#article","isPartOf":{"@id":"https:\/\/impactocastex.com.ar\/?p=16489"},"author":{"name":"impactocastex","@id":"https:\/\/impactocastex.com.ar\/#\/schema\/person\/86cb4f827fb5f87869a239b98a69c6e3"},"headline":"Hist\u00f3rico Marat\u00f3n de Londres: Sabastian Sawe baj\u00f3 las dos horas en un podio con otros dos atletas que mejoraron el r\u00e9cord mundial","datePublished":"2026-04-26T11:20:03+00:00","mainEntityOfPage":{"@id":"https:\/\/impactocastex.com.ar\/?p=16489"},"wordCount":1073,"publisher":{"@id":"https:\/\/impactocastex.com.ar\/#organization"},"image":{"@id":"https:\/\/impactocastex.com.ar\/?p=16489#primaryimage"},"thumbnailUrl":"https:\/\/impactocastex.com.ar\/wp-content\/uploads\/2026\/04\/0I4v3Jiey_1200x630__1-7KJ8Yl.jpg","articleSection":["DEPORTES"],"inLanguage":"es"},{"@type":"WebPage","@id":"https:\/\/impactocastex.com.ar\/?p=16489","url":"https:\/\/impactocastex.com.ar\/?p=16489","name":"Hist\u00f3rico Marat\u00f3n de Londres: Sabastian Sawe baj\u00f3 las dos horas en un podio con otros dos atletas que mejoraron el r\u00e9cord mundial -","isPartOf":{"@id":"https:\/\/impactocastex.com.ar\/#website"},"primaryImageOfPage":{"@id":"https:\/\/impactocastex.com.ar\/?p=16489#primaryimage"},"image":{"@id":"https:\/\/impactocastex.com.ar\/?p=16489#primaryimage"},"thumbnailUrl":"https:\/\/impactocastex.com.ar\/wp-content\/uploads\/2026\/04\/0I4v3Jiey_1200x630__1-7KJ8Yl.jpg","datePublished":"2026-04-26T11:20:03+00:00","breadcrumb":{"@id":"https:\/\/impactocastex.com.ar\/?p=16489#breadcrumb"},"inLanguage":"es","potentialAction":[{"@type":"ReadAction","target":["https:\/\/impactocastex.com.ar\/?p=16489"]}]},{"@type":"ImageObject","inLanguage":"es","@id":"https:\/\/impactocastex.com.ar\/?p=16489#primaryimage","url":"https:\/\/impactocastex.com.ar\/wp-content\/uploads\/2026\/04\/0I4v3Jiey_1200x630__1-7KJ8Yl.jpg","contentUrl":"https:\/\/impactocastex.com.ar\/wp-content\/uploads\/2026\/04\/0I4v3Jiey_1200x630__1-7KJ8Yl.jpg","width":1200,"height":630},{"@type":"BreadcrumbList","@id":"https:\/\/impactocastex.com.ar\/?p=16489#breadcrumb","itemListElement":[{"@type":"ListItem","position":1,"name":"Portada","item":"https:\/\/impactocastex.com.ar\/"},{"@type":"ListItem","position":2,"name":"Hist\u00f3rico Marat\u00f3n de Londres: Sabastian Sawe baj\u00f3 las dos horas en un podio con otros dos atletas que mejoraron el r\u00e9cord mundial"}]},{"@type":"WebSite","@id":"https:\/\/impactocastex.com.ar\/#website","url":"https:\/\/impactocastex.com.ar\/","name":"Impacto Castex","description":"","publisher":{"@id":"https:\/\/impactocastex.com.ar\/#organization"},"potentialAction":[{"@type":"SearchAction","target":{"@type":"EntryPoint","urlTemplate":"https:\/\/impactocastex.com.ar\/?s={search_term_string}"},"query-input":{"@type":"PropertyValueSpecification","valueRequired":true,"valueName":"search_term_string"}}],"inLanguage":"es"},{"@type":"Organization","@id":"https:\/\/impactocastex.com.ar\/#organization","name":"Impacto Castex","url":"https:\/\/impactocastex.com.ar\/","logo":{"@type":"ImageObject","inLanguage":"es","@id":"https:\/\/impactocastex.com.ar\/#\/schema\/logo\/image\/","url":"https:\/\/impactocastex.com.ar\/wp-content\/uploads\/2025\/09\/cropped-icoweb.png","contentUrl":"https:\/\/impactocastex.com.ar\/wp-content\/uploads\/2025\/09\/cropped-icoweb.png","width":512,"height":512,"caption":"Impacto Castex"},"image":{"@id":"https:\/\/impactocastex.com.ar\/#\/schema\/logo\/image\/"},"sameAs":["https:\/\/www.facebook.com\/impactocastexdiario","https:\/\/www.instagram.com\/impactocastex.com.ar\/"]},{"@type":"Person","@id":"https:\/\/impactocastex.com.ar\/#\/schema\/person\/86cb4f827fb5f87869a239b98a69c6e3","name":"impactocastex","image":{"@type":"ImageObject","inLanguage":"es","@id":"https:\/\/secure.gravatar.com\/avatar\/9a87ee051ca8c77f5d4070843ce2c78cdf95b858b950fb039151de955122f5f5?s=96&d=mm&r=g","url":"https:\/\/secure.gravatar.com\/avatar\/9a87ee051ca8c77f5d4070843ce2c78cdf95b858b950fb039151de955122f5f5?s=96&d=mm&r=g","contentUrl":"https:\/\/secure.gravatar.com\/avatar\/9a87ee051ca8c77f5d4070843ce2c78cdf95b858b950fb039151de955122f5f5?s=96&d=mm&r=g","caption":"impactocastex"},"sameAs":["https:\/\/impactocastex.com.ar"],"url":"https:\/\/impactocastex.com.ar\/?author=1"}]}},"jetpack_publicize_connections":[],"featured_image_urls":{"full":["https:\/\/impactocastex.com.ar\/wp-content\/uploads\/2026\/04\/0I4v3Jiey_1200x630__1-7KJ8Yl.jpg",1200,630,false],"thumbnail":["https:\/\/impactocastex.com.ar\/wp-content\/uploads\/2026\/04\/0I4v3Jiey_1200x630__1-7KJ8Yl-150x150.jpg",150,150,true],"medium":["https:\/\/impactocastex.com.ar\/wp-content\/uploads\/2026\/04\/0I4v3Jiey_1200x630__1-7KJ8Yl-300x158.jpg",300,158,true],"medium_large":["https:\/\/impactocastex.com.ar\/wp-content\/uploads\/2026\/04\/0I4v3Jiey_1200x630__1-7KJ8Yl-768x403.jpg",640,336,true],"large":["https:\/\/impactocastex.com.ar\/wp-content\/uploads\/2026\/04\/0I4v3Jiey_1200x630__1-7KJ8Yl-1024x538.jpg",640,336,true],"1536x1536":["https:\/\/impactocastex.com.ar\/wp-content\/uploads\/2026\/04\/0I4v3Jiey_1200x630__1-7KJ8Yl.jpg",1200,630,false],"2048x2048":["https:\/\/impactocastex.com.ar\/wp-content\/uploads\/2026\/04\/0I4v3Jiey_1200x630__1-7KJ8Yl.jpg",1200,630,false],"newsever-slider-full":["https:\/\/impactocastex.com.ar\/wp-content\/uploads\/2026\/04\/0I4v3Jiey_1200x630__1-7KJ8Yl.jpg",1200,630,false],"newsever-featured":["https:\/\/impactocastex.com.ar\/wp-content\/uploads\/2026\/04\/0I4v3Jiey_1200x630__1-7KJ8Yl-1024x538.jpg",1024,538,true],"newsever-medium":["https:\/\/impactocastex.com.ar\/wp-content\/uploads\/2026\/04\/0I4v3Jiey_1200x630__1-7KJ8Yl-720x475.jpg",720,475,true]},"author_info":{"info":["impactocastex"]},"category_info":"<a href=\"https:\/\/impactocastex.com.ar\/?cat=87\" rel=\"category\">DEPORTES<\/a>","tag_info":"DEPORTES","comment_count":0,"jetpack_featured_media_url":"https:\/\/impactocastex.com.ar\/wp-content\/uploads\/2026\/04\/0I4v3Jiey_1200x630__1-7KJ8Yl.jpg","jetpack_sharing_enabled":true,"jetpack_likes_enabled":true,"jetpack_shortlink":"https:\/\/wp.me\/p7sopA-4hX","_links":{"self":[{"href":"https:\/\/impactocastex.com.ar\/index.php?rest_route=\/wp\/v2\/posts\/16489","targetHints":{"allow":["GET"]}}],"collection":[{"href":"https:\/\/impactocastex.com.ar\/index.php?rest_route=\/wp\/v2\/posts"}],"about":[{"href":"https:\/\/impactocastex.com.ar\/index.php?rest_route=\/wp\/v2\/types\/post"}],"author":[{"embeddable":true,"href":"https:\/\/impactocastex.com.ar\/index.php?rest_route=\/wp\/v2\/users\/1"}],"replies":[{"embeddable":true,"href":"https:\/\/impactocastex.com.ar\/index.php?rest_route=%2Fwp%2Fv2%2Fcomments&post=16489"}],"version-history":[{"count":0,"href":"https:\/\/impactocastex.com.ar\/index.php?rest_route=\/wp\/v2\/posts\/16489\/revisions"}],"wp:featuredmedia":[{"embeddable":true,"href":"https:\/\/impactocastex.com.ar\/index.php?rest_route=\/wp\/v2\/media\/16490"}],"wp:attachment":[{"href":"https:\/\/impactocastex.com.ar\/index.php?rest_route=%2Fwp%2Fv2%2Fmedia&parent=16489"}],"wp:term":[{"taxonomy":"category","embeddable":true,"href":"https:\/\/impactocastex.com.ar\/index.php?rest_route=%2Fwp%2Fv2%2Fcategories&post=16489"},{"taxonomy":"post_tag","embeddable":true,"href":"https:\/\/impactocastex.com.ar\/index.php?rest_route=%2Fwp%2Fv2%2Ftags&post=16489"}],"curies":[{"name":"wp","href":"https:\/\/api.w.org\/{rel}","templated":true}]}}