{"id":16487,"date":"2026-04-26T09:18:38","date_gmt":"2026-04-26T12:18:38","guid":{"rendered":"https:\/\/impactocastex.com.ar\/?p=16487"},"modified":"2026-04-26T09:18:38","modified_gmt":"2026-04-26T12:18:38","slug":"como-fortalecer-las-defensas-con-el-frio-sistema-inmune-salud-intestinal-y-los-alimentos-que-no-pueden-faltar","status":"publish","type":"post","link":"https:\/\/impactocastex.com.ar\/?p=16487","title":{"rendered":"C\u00f3mo fortalecer las defensas con el fr\u00edo: sistema inmune, salud intestinal y los alimentos que no pueden faltar"},"content":{"rendered":"<p>No se trata de una f\u00f3rmula m\u00e1gica ni de un solo suplemento, sino de un equilibrio entre varios pilares fundamentales. Lo que hacemos a diario es lo que construye nuestras defensas. <b>El oto\u00f1o nos trae la oportunidad de recalibrar h\u00e1bitos y sintonizar el cuerpo con el cambio de estaci\u00f3n<\/b>. En este sentido, entender que la salud es una construcci\u00f3n cotidiana nos permite pasar de la reacci\u00f3n a la prevenci\u00f3n. <a href=\"https:\/\/www.lanacion.com.ar\/salud\/nutricion\/que-alimentos-ayudan-a-fortalecer-las-defensas-y-sostener-un-sistema-inmune-saludable-nid06022026\/\" target=\"_blank\" rel=\"noreferrer\" title=\"https:\/\/www.lanacion.com.ar\/salud\/nutricion\/que-alimentos-ayudan-a-fortalecer-las-defensas-y-sostener-un-sistema-inmune-saludable-nid06022026\/\">Fortalecer nuestro escudo biol\u00f3gico<\/a> requiere constancia y una mirada integral sobre c\u00f3mo habitamos el cuerpo.<\/p>\n<p><b>\u201cEl sistema inmunol\u00f3gico es, sin duda, el sistema m\u00e1s inteligente y perfecto del cuerpo humano<\/b>, una manifestaci\u00f3n de la inteligencia natural y la sabidur\u00eda intr\u00ednseca que gu\u00eda cada c\u00e9lula y cada proceso de nuestra biolog\u00eda\u201d, asegura Luisa Andreoli, ingeniera e investigadora en neurociencias.<\/p>\n<p>\u201cDentro de este entramado, el sistema inmunol\u00f3gico <b>cumple un rol vital y \u00fanico: es el guardi\u00e1n de la homeostasis, el mediador que restablece el equilibrio natural cuando se pierde<\/b>. Funciona de manera perfectamente coordinada, sin efectos secundarios adversos, restaurando la armon\u00eda interna del organismo. A diferencia de los f\u00e1rmacos, que a menudo generan desequilibrios secundarios, el sistema inmunol\u00f3gico<b> <\/b>repara, regula y comunica la recuperaci\u00f3n desde la ra\u00edz del problema,\u201d fundamenta Andreoli.<\/p>\n<p>\u201cLa inmunidad no empieza cuando aparece un s\u00edntoma. Empieza cuando dormimos, cuando comemos lo suficiente, <a href=\"https:\/\/www.lanacion.com.ar\/salud\/mente\/la-neurocientifica-canadiense-explica-que-ocurre-en-el-cerebro-cuando-el-estres-se-vuelve-cronico-nid02032026\/\" target=\"_blank\" rel=\"noreferrer\" title=\"https:\/\/www.lanacion.com.ar\/salud\/mente\/la-neurocientifica-canadiense-explica-que-ocurre-en-el-cerebro-cuando-el-estres-se-vuelve-cronico-nid02032026\/\">cuando regulamos el estr\u00e9s<\/a>, cuando nos movemos con inteligencia y cuando cuidamos nuestro intestino. <b>El sistema inmune no responde a una pastilla aislada. Responde a la coherencia diaria\u201d<\/b>, afirma la nutricionista Fiorella Vitelli, creadora de un m\u00e9todo que integra nutrici\u00f3n, emociones y h\u00e1bitos simples.<\/p>\n<p>Defenderse no es un proceso pasivo: \u201cFabricar anticuerpos, activar c\u00e9lulas inmunes, reparar tejidos\u2026 todo eso consume energ\u00eda. Cuando el cuerpo entra en d\u00e9ficit cr\u00f3nico debido a dietas muy restrictivas o al saltarse comidas, la prioridad cambia. El cuerpo prioriza sobrevivir en lugar de optimizar defensas\u201d, advierte. <b>Adem\u00e1s de energ\u00eda, el cuerpo necesita piezas peque\u00f1as pero fundamentales: los micronutrientes. <\/b>No se trata de suplementar, sino de no tener carencias de hierro, zinc, vitaminas A, C y D as\u00ed como una ingesta consciente de prote\u00ednas, ya que sin amino\u00e1cidos no hay anticuerpos.<\/p>\n<p><img loading=\"lazy\" decoding=\"async\" src=\"https:\/\/resizer.glanacion.com\/resizer\/v2\/VXPWNKMWBRBMLGK7K65WCOLZBM.JPG?auth=fb83946d6d792825245a6615ee49d5a865232274005d16fd8d91be5280313479&amp;smart=true&amp;width=592&amp;height=454\" alt=\"El sistema inmune no responde a una pastilla aislada, responde a la coherencia diaria\" height=\"454\" width=\"592\" \/><\/p>\n<p>M\u00e1s all\u00e1 de priorizar una dieta variada y basada en plantas, Vitelli destaca que<b> el escudo inmunol\u00f3gico se termina de forjar con otros tres pilares: el movimiento frecuente, el descanso de calidad y la gesti\u00f3n del estr\u00e9s<\/b>. \u201cNo es un detalle menor: cuando el estr\u00e9s se vuelve cr\u00f3nico, impacta directo en nuestras defensas, dej\u00e1ndonos mucho m\u00e1s vulnerables frente a cualquier amenaza externa\u201d, subraya. Por todo esto, no se trata de reforzar las defensas cuando algo falla, sino de construirlas todos los d\u00edas, desde h\u00e1bitos simples y sostenibles.<\/p>\n<p>Seg\u00fan la doctora Florencia Giecco, \u201cla inmunidad no es una barrera: es un sistema de comunicaci\u00f3n. No es un muro que te protege o no te protege. Es una red inteligente que est\u00e1 hablando constantemente con tu cuerpo, con tu intestino, con tus emociones o con tu sue\u00f1o\u201d. La especialista en ayurveda y fitomedicina explica que <b>el sistema inmune no tiene que estar alto, tiene que estar regulado:<\/b> \u201cEl concepto no es estimular la inmunidad, es modular la inmunidad: regular, equilibrar&#8230; que responda cuando tiene que responder y que no se pase de rosca cuando no hay amenaza real\u201d.<\/p>\n<p><a href=\"https:\/\/www.lanacion.com.ar\/salud\/nutricion\/los-estudios-lo-llaman-el-alimento-ignorado-que-es-el-oro-blanco-y-por-que-mejora-tu-digestion-en-nid16042026\/\">Le dicen el \u00aboro blanco\u00bb. El alimento ignorado que mejora tu digesti\u00f3n en d\u00edas<\/a><\/p>\n<p>Giecco invita a pensar en el sistema inmune bajo dos posibles escenarios de desequilibrio: \u201cPor un lado, la falta de respuesta, que se traduce en cuadros recurrentes como infecciones o virus que parecen no irse nunca. El otro extremo es igual de complejo: un sistema hiperactivo. En ese escenario surgen las alergias o la <a href=\"https:\/\/www.lanacion.com.ar\/salud\/inflamacion-cronica-la-condicion-silenciosa-que-puede-llevar-a-enfermedades-graves-y-como-se-puede-nid09082023\/\" target=\"_blank\" rel=\"noreferrer\" title=\"https:\/\/www.lanacion.com.ar\/salud\/inflamacion-cronica-la-condicion-silenciosa-que-puede-llevar-a-enfermedades-graves-y-como-se-puede-nid09082023\/\">inflamaci\u00f3n cr\u00f3nica<\/a> de bajo grado, ya que el sistema est\u00e1 demasiado alerta\u201d.<\/p>\n<h1>El reishi, gran regulador<\/h1>\n<p>Para modular el sistema inmunol\u00f3gico, adem\u00e1s de abordarlo desde una mirada integral, Giecco recomienda a sus pacientes la ingesta de <a href=\"https:\/\/www.google.com\/aclk?sa=L&amp;pf=1&amp;ai=DChsSEwiI2fbw04SUAxWBIEQIHfL4Ff4YACICCAEQABoCZHo&amp;co=1&amp;ase=2&amp;gclid=CjwKCAjwhqfPBhBWEiwAZo196o-PMLfn_URfEi8F_GypE-U8ECWxAXynxwnlg_Mv-vuCGAlQFGDhnRoCIPkQAvD_BwE&amp;cid=CAASuwHkaG36-fGura_r0XW4jC-fbMIA3fGaHA6u7e0nUPrcxzX6ItaTOqKEzjf18SMOdH_O6SSJrsgTJHt4JsubyD-C9BKQPXBESSd90Ope49hN2b7X1k5QJ8raWSmpfftFIX6Jjprun964nQUVr1ZFlM6YTpWB_hZL3abwJmqimLndjOKxgFrP9kKu7RrcO6D4UrWeioJ4dbbyg5LVd16bQ7apninW1lDZOox6Gzk4Fjp2PNSasyKegRN3qIx-&amp;cce=2&amp;category=acrcp_v1_32&amp;sig=AOD64_1DFyIQ-E0hvpAqSprQchhFTjoVIQ&amp;q&amp;nis=4&amp;adurl=https:\/\/www.lanacion.com.ar\/salud\/nutricion\/como-consumir-el-hongo-de-la-inmortalidad-que-equilibra-el-sistema-nervioso-y-fortalece-el-sistema-nid07082025\/?gad_source%3D1%26gad_campaignid%3D22712137897%26gbraid%3D0AAAAAoiVBbnVGFRnKLgqwmhLmWK5nx4Mx%26gclid%3DCjwKCAjwhqfPBhBWEiwAZo196o-PMLfn_URfEi8F_GypE-U8ECWxAXynxwnlg_Mv-vuCGAlQFGDhnRoCIPkQAvD_BwE&amp;ved=2ahUKEwjk4-vw04SUAxVHJLkGHQaNAWIQ0Qx6BAgWEAQ\" target=\"_blank\" rel=\"noreferrer\" title=\"https:\/\/www.google.com\/aclk?sa=L&amp;pf=1&amp;ai=DChsSEwiI2fbw04SUAxWBIEQIHfL4Ff4YACICCAEQABoCZHo&amp;co=1&amp;ase=2&amp;gclid=CjwKCAjwhqfPBhBWEiwAZo196o-PMLfn_URfEi8F_GypE-U8ECWxAXynxwnlg_Mv-vuCGAlQFGDhnRoCIPkQAvD_BwE&amp;cid=CAASuwHkaG36-fGura_r0XW4jC-fbMIA3fGaHA6u7e0nUPrcxzX6ItaTOqKEzjf18SMOdH_O6SSJrsgTJHt4JsubyD-C9BKQPXBESSd90Ope49hN2b7X1k5QJ8raWSmpfftFIX6Jjprun964nQUVr1ZFlM6YTpWB_hZL3abwJmqimLndjOKxgFrP9kKu7RrcO6D4UrWeioJ4dbbyg5LVd16bQ7apninW1lDZOox6Gzk4Fjp2PNSasyKegRN3qIx-&amp;cce=2&amp;category=acrcp_v1_32&amp;sig=AOD64_1DFyIQ-E0hvpAqSprQchhFTjoVIQ&amp;q&amp;nis=4&amp;adurl=https:\/\/www.lanacion.com.ar\/salud\/nutricion\/como-consumir-el-hongo-de-la-inmortalidad-que-equilibra-el-sistema-nervioso-y-fortalece-el-sistema-nid07082025\/?gad_source%3D1%26gad_campaignid%3D22712137897%26gbraid%3D0AAAAAoiVBbnVGFRnKLgqwmhLmWK5nx4Mx%26gclid%3DCjwKCAjwhqfPBhBWEiwAZo196o-PMLfn_URfEi8F_GypE-U8ECWxAXynxwnlg_Mv-vuCGAlQFGDhnRoCIPkQAvD_BwE&amp;ved=2ahUKEwjk4-vw04SUAxVHJLkGHQaNAWIQ0Qx6BAgWEAQ\">reishi<\/a>. La m\u00e9dica se basa en estudios publicados en revistas indexadas en PubMed, la base de datos m\u00e9dica m\u00e1s importante del mundo. \u201cEl reishi (<i>ganoderma lucidum<\/i>) es un hongo medicinal usado en la medicina china tradicional desde hace m\u00e1s de 2000 a\u00f1os.<b> Se lo conoce como el hongo de la inmortalidad o <\/b><i><b>lingzhi<\/b><\/i><b>. Lo que hace en nuestro cuerpo tiene un nombre t\u00e9cnico: inmunomodulaci\u00f3n.<\/b> Eso significa que no simplemente \u2018sube\u2019 o \u2018baja\u2019 las defensas al azar, sino que las regula. Es importante destacar que su uso est\u00e1 cient\u00edficamente avalado a partir de los dos a\u00f1os de edad\u201d.<\/p>\n<p><img loading=\"lazy\" decoding=\"async\" src=\"https:\/\/resizer.glanacion.com\/resizer\/v2\/XBB4NSNNT5FKZFGG63M2YQ4WZ4.JPG?auth=e7b5c9c84cdcb40fb35e2b80dbea1154c740e53ccc76df473e2da9ae5f34a7d0&amp;smart=true&amp;width=2000&amp;height=1333\" alt=\"Lo que el hongo reishi hace en el cuerpo tiene un nombre t\u00e9cnico: inmunomodulaci\u00f3n\" height=\"1333\" width=\"2000\" \/><\/p>\n<p>En un contexto donde se busca cada vez m\u00e1s potenciar las defensas de manera natural de forma preventiva, <b>la homeopat\u00eda tambi\u00e9n ofrece una mirada global que integra cuerpo y mente, promoviendo una inmunidad m\u00e1s fuerte y equilibrada. <\/b>\u201cLa homeopat\u00eda es valorada por su enfoque integral en el fortalecimiento del sistema inmunol\u00f3gico. Basada en la estimulaci\u00f3n de los propios mecanismos de defensa del organismo, propone tratamientos personalizados que acompa\u00f1an al paciente en su equilibrio f\u00edsico y emocional\u201d, detalla Laura Celso, m\u00e9dica especialista en medicina interna y homeopat\u00eda unicista.<\/p>\n<p><b>Los pacientes que siguen tratamientos homeop\u00e1ticos suelen destacar una menor frecuencia de enfermedades estacionales<\/b>. Para Celso, <b>\u201cdentro de los recursos m\u00e1s utilizados se destacan la Echinacea<\/b>, reconocida por su afinidad con el sistema inmune,<b> y medicamentos homeop\u00e1ticos cl\u00e1sicos como <\/b><i><b>Sulphur, Silicea, Allium Cepa<\/b><\/i><b> o <\/b><i><b>Phosphorus<\/b><\/i>; frecuentemente indicados para reforzar la vitalidad, mejorar la respuesta frente a infecciones recurrentes y favorecer una recuperaci\u00f3n m\u00e1s armoniosa\u201d.<\/p>\n<p><b>\u00bfD\u00f3nde se regula el sistema inmune? En el <\/b><a href=\"https:\/\/www.lanacion.com.ar\/salud\/vida_sana\/asi-es-como-su-intestino-controla-su-estado-emocional-el-humor-el-hambre-y-el-estres-es-su-forma-de-nid14112025\/\" target=\"_blank\" rel=\"noreferrer\" title=\"https:\/\/www.lanacion.com.ar\/salud\/vida_sana\/asi-es-como-su-intestino-controla-su-estado-emocional-el-humor-el-hambre-y-el-estres-es-su-forma-de-nid14112025\/\"><b>intestino<\/b><\/a>. La medicina de la India, ayurveda, lleva m\u00e1s de cinco mil a\u00f1os dici\u00e9ndonos que la clave de la salud est\u00e1 en nuestros intestinos y los estudios cient\u00edficos m\u00e1s recientes est\u00e1n llegando a las mismas conclusiones. Cada vez es mayor la evidencia de la interacci\u00f3n entre intestino, cerebro, mente, emociones e inmunidad.<\/p>\n<h1>Fuego digestivo<\/h1>\n<p><b>\u201cPara el ayurveda, nuestra salud y vitalidad dependen de <\/b><i><b>agni<\/b><\/i><b>, nuestro fuego digestivo. <\/b><i>Agni<\/i> es nuestro poder de digesti\u00f3n: el fuego que digiere el alimento y permite que se inicie la cascada de nutrici\u00f3n de todos los tejidos del cuerpo. El producto final de esta nutrici\u00f3n es <i>ojas<\/i>, la esencia vital de la resistencia f\u00edsica: el vigor, la fertilidad y la inmunidad. Si la digesti\u00f3n no es suficiente, no solo no nos nutrimos ni se genera esta esencia en cantidades adecuadas, sino que tambi\u00e9n se generan toxinas o lo que el ayurveda llama <i>ama<\/i>. La acumulaci\u00f3n de <i>ama<\/i> es, desde esta mirada, el origen del proceso de enfermedad\u201d, explica Liliana Gastal, m\u00e9dica pediatra formada en ayurveda.<\/p>\n<p>Es clave tener en cuenta que, <b>para esta medicina milenaria, alimento es todo lo que entra por los sentidos<\/b>. Al respecto, Gastal detalla: \u201cNuestra inmunidad no depende solo de la adecuada digesti\u00f3n y absorci\u00f3n de los alimentos que consumimos por boca, sino tambi\u00e9n de la adecuada <b>digesti\u00f3n de lo que escuchamos, vemos, olemos, de lo que colocamos sobre nuestra piel, qui\u00e9n nos toca, qu\u00e9 entornos habitamos<\/b> y de todo lo que nos pasa. Podemos entonces preguntarnos: \u00bfqu\u00e9 estoy permitiendo que ingrese por mis sentidos? \u00bfLo puedo digerir? Se dice que la indigesti\u00f3n f\u00edsica puede durar unas horas, quiz\u00e1s d\u00edas, pero la indigesti\u00f3n mental o emocional por algo que vimos o escuchamos y no pudimos digerir puede durar a\u00f1os o incluso toda la vida\u201d, observa la especialista.<\/p>\n<p>Ayurveda tambi\u00e9n nos dice que <b>no solo tenemos un cuerpo f\u00edsico, sino que tambi\u00e9n tenemos un cuerpo energ\u00e9tico, mental, emocional y espiritual<\/b>. Seg\u00fan la doctora, \u201cen estos niveles m\u00e1s sutiles, el encargado de digerir lo que ingresa a nuestra mente a trav\u00e9s de los sentidos, nuestras emociones y pensamientos es el <i>buddhi<\/i> o intelecto\u00bb, asegura Gastal. Detalla que no se refiere a nuestra capacidad de procesar informaci\u00f3n o lo que conocer\u00edamos como inteligencia, sino a nuestra capacidad de discernimiento. \u201cDiscernir tanto entre lo real y lo falso como entre lo correcto y lo incorrecto. En base a ese discernimiento, tomar decisiones alineadas con nuestra sabidur\u00eda interna. Su buen funcionamiento produce claridad mental, bienestar, paz interior y, por supuesto, <i>ojas<\/i>, inmunidad\u201d, asegura.<\/p>\n<p>\u201cEl ayurveda entiende la inmunidad como el resultado de un cuerpo bien nutrido y una mente en paz. En oto\u00f1o aumenta el elemento aire dentro nuestro, el cuerpo se vuelve m\u00e1s vulnerable y la mente m\u00e1s inestable. Por eso<b> es clave sostener rutinas simples: alimentos calientes, de f\u00e1cil digesti\u00f3n, especias como <\/b><a href=\"https:\/\/www.lanacion.com.ar\/salud\/nutricion\/jengibre-estos-son-los-principales-beneficios-para-la-salud-y-las-precauciones-nid12122025\/\" target=\"_blank\" rel=\"noreferrer\" title=\"https:\/\/www.lanacion.com.ar\/salud\/nutricion\/jengibre-estos-son-los-principales-beneficios-para-la-salud-y-las-precauciones-nid12122025\/\"><b>jengibre <\/b><\/a><b>y <\/b><a href=\"https:\/\/www.lanacion.com.ar\/estados-unidos\/los-cinco-beneficios-para-la-salud-de-tomar-te-de-curcuma-todos-los-dias-y-como-prepararlo-nid19022024\/\" target=\"_blank\" rel=\"noreferrer\" title=\"https:\/\/www.lanacion.com.ar\/estados-unidos\/los-cinco-beneficios-para-la-salud-de-tomar-te-de-curcuma-todos-los-dias-y-como-prepararlo-nid19022024\/\"><b>c\u00farcuma<\/b><\/a><b>, buen descanso y momentos de pausa.<\/b> M\u00e1s que combatir enfermedades, <b>se trata de crear h\u00e1bitos que nos alinean, elegir bien nuestras compa\u00f1\u00edas y volver a lo esencial<\/b>, a ese lugar interno donde el cuerpo y la mente encuentran calma\u201d, sugiere Mar\u00eda Alejandra Avcharian, especialista en ayurveda formada en la India, que difunde este sistema de salud en sus redes, acercando esta sabidur\u00eda a la vida cotidiana.<\/p>\n<p><a href=\"https:\/\/www.lanacion.com.ar\/salud\/mente\/12-preguntas-para-hablar-con-tus-padres-y-abrir-conversaciones-profundas-nid19042026\/\">12 preguntas sencillas para hacer una vez en la vida con los padres<\/a><\/p>\n<h1>El ecosistema microbiano<\/h1>\n<p>La microbiota intestinal es la colecci\u00f3n de microbios que residen en el tracto gastrointestinal, donde tambi\u00e9n est\u00e1n entre el 70% y el 80% de nuestras c\u00e9lulas inmunitarias. Se compone de m\u00e1s de mil especies diferentes que aportan 3,3 millones de genes microbianos \u00fanicos en el tracto gastrointestinal de los seres humanos. Este ecosistema microbiano complejo incluye bacterias, virus, hongos y par\u00e1sitos que viven en una relaci\u00f3n simbi\u00f3tica con el anfitri\u00f3n. <b>Existe una fuerte relaci\u00f3n entre la microbiota intestinal, las enfermedades cr\u00f3nicas no transmisibles, la salud mental y el sistema inmune.<\/b><\/p>\n<p><img loading=\"lazy\" decoding=\"async\" src=\"https:\/\/resizer.glanacion.com\/resizer\/v2\/4MM7LKZ44REGLK5A26YR2P4E3U.JPG?auth=ea40ede87eabc6456900cf34aff664cd403ef65ee2547caad50058de5cd4823b&amp;smart=true&amp;width=2000&amp;height=1333\" alt=\"La microbiota intestinal es la colecci\u00f3n de microbios que residen en el tracto gastrointestinal, donde tambi\u00e9n est\u00e1n entre el 70% y el 80% de las c\u00e9lulas inmunitarias\" height=\"1333\" width=\"2000\" \/><\/p>\n<p><b>\u00bfC\u00f3mo favorecer la microbiota desde la alimentaci\u00f3n? <\/b><\/p>\n<ul>\n<li><b>Reducir el consumo de productos industriales ultraprocesados, edulcorantes, az\u00facar simple, harinas refinadas y medicamentos.<\/b> <\/li>\n<li><b>Aumentar los alimentos de origen vegetal, como verduras, frutas, cereales integrales, legumbres, frutos secos y semillas.<\/b> Las bacterias ben\u00e9ficas regulan la inflamaci\u00f3n, entrenan al sistema inmune y ayudan a bloquear pat\u00f3genos. Se pueden suplementar, pero tambi\u00e9n elaborar fermentos caseros, que aportan microorganismos vivos y activos.<\/li>\n<\/ul>\n<p>Martin Lui, chef especializado en alimentaci\u00f3n crudivegana, comparte la receta para un aderezo fermentado de semillas, conocido como fermentaci\u00f3n salvaje, considerado un superalimento para nuestra microbiota. \u201cSe puede hacer con girasol, caj\u00fa, nueces o almendras, y es muy sencillo. El primer paso es lavar y activar las semillas (de una noche al otro d\u00eda). Una vez activadas, licuar con poca agua hasta lograr una crema sedosa. Luego, sumar lim\u00f3n, sal y especias a gusto, como ajo en polvo o piment\u00f3n ahumado. Adem\u00e1s, se puede agregar una zanahoria para suavizar y equilibrar el sabor. El paso siguiente es pasar la preparaci\u00f3n a un frasco, taparlo y dejarlo a temperatura ambiente hasta que aparezcan burbujitas: lo que significa que la mezcla lev\u00f3. Ah\u00ed se lo lleva a la heladera. Lo ideal es consumirlo fresco, ya que con el tiempo se va a acidificar m\u00e1s (eso es parte de la magia). Si no agrada el \u00e1cido, equilibrarlo con especias dulces y\/o arom\u00e1ticas. Se puede usar como queso untable, mermelada, para salsas o como dip\u201d.<\/p>\n<h1>Estr\u00e9s cr\u00f3nico: el saboteador silencioso<\/h1>\n<p>Robert Sapolsky, neurobi\u00f3logo de Stanford, es el referente m\u00e1ximo en el estudio del estr\u00e9s. Sapolsky<b> distingue entre dos tipos de estr\u00e9s: el adaptativo y el cr\u00f3nico<\/b>. El estr\u00e9s adaptativo es una respuesta de corto plazo ante una crisis f\u00edsica aguda. Es lo que ocurre cuando una cebra corre para escapar de un le\u00f3n. Es una respuesta brillante para sobrevivir y, una vez que el peligro pasa, el sistema vuelve al equilibrio \u2013homeostasis\u2013 r\u00e1pidamente. El problema humano, seg\u00fan Sapolsky, es que<b> somos la \u00fanica especie capaz de activar la respuesta de estr\u00e9s de forma sostenida por razones puramente psicol\u00f3gicas<\/b>, como preocuparse por el tr\u00e1nsito, las cuentas o el estatus social.<\/p>\n<p>Si el interruptor de \u2018emergencia\u2019 se queda encendido, el cuerpo se autodestruye. La carga alost\u00e1tica, es decir, el desgaste acumulado en el cuerpo y el cerebro, es el precio que paga el cuerpo por ser forzado a adaptarse continuamente. <b>El estado de alerta constante<\/b><a href=\"https:\/\/www.lanacion.com.ar\/salud\/cortisol-la-verdad-sobre-la-hormona-del-estres-que-conecta-la-mente-y-el-cuerpo-nid03042023\/\" target=\"_blank\" rel=\"noreferrer\" title=\"https:\/\/www.lanacion.com.ar\/salud\/cortisol-la-verdad-sobre-la-hormona-del-estres-que-conecta-la-mente-y-el-cuerpo-nid03042023\/\"><b> mantiene elevado el cortisol,<\/b><\/a><b> la hormona del estr\u00e9s; a su vez, disminuye la actividad y proliferaci\u00f3n de linfocitos<\/b> (c\u00e9lulas claves de la inmunidad adaptativa);<b> aumenta la inflamaci\u00f3n y crece la susceptibilidad a infecciones<\/b>, entre otros. El cuerpo prioriza sobrevivir y deja en segundo plano las funciones de defensa y reparaci\u00f3n celular.<\/p>\n<p>Al respecto, la m\u00e9dica pediatra Ximena Lorca explica: \u201cLos ni\u00f1os necesitan crecer en un ambiente cuidado y donde se sostengan sus rutinas. En un mundo que les exige permanentemente, desde el hogar y desde las escuelas, con horarios y actividades eternas, esto conlleva un desequilibrio interno que no es gratuito. El cortisol elevado va a impactar tanto en su capacidad de aprendizaje y desarrollo cognitivo como en su salud. Se debilita el sistema inmune, se producen alteraciones del orden metab\u00f3lico, aumentando a largo plazo el riesgo de obesidad, hipertensi\u00f3n arterial y diabetes\u201d.<\/p>\n<p>\u201cEl estr\u00e9s cr\u00f3nico se puede sostener semanas, meses o incluso a\u00f1os. Ese estr\u00e9s cr\u00f3nico, sostenido, silencioso, tiene signos como el cansancio, s\u00edntomas gastrointestinales, dolores de cabeza y dolores lumbares, entre otros\u201d, distingue Patricia Faur, psic\u00f3loga y docente de la Universidad Favaloro. \u00bfC\u00f3mo impacta esa carga sobre el sistema inmune? <b>\u201cEl estr\u00e9s cr\u00f3nico, con niveles elevados de cortisol, altera la capacidad de respuesta del sistema inmune. <\/b>Sobre todo de los linfocitos T, disminuyendo la linfoproliferaci\u00f3n de estos linfocitos que son como patrulleros encargados de detectar y eliminar tanto virus como c\u00e9lulas cancerosas\u201d, desglosa Faur, magister en Psicoinmunoneuroendocrinolog\u00eda.<\/p>\n<p>Adem\u00e1s, explica que <b>disminuye la citotoxicidad de las c\u00e9lulas <\/b><i><b>natural killer<\/b><\/i><b>, que son c\u00e9lulas que tienen que ver con la inmunidad natural<\/b> y que tienen que tener capacidad citot\u00f3xica para combatir al cuerpo extra\u00f1o que entre. \u201cTienen menos capacidad de combate. Por otro lado, se da un estado de inflamaci\u00f3n cr\u00f3nica, que suele ser siempre lo m\u00e1s grave. Un estado cr\u00f3nico inflamatorio sostenido empieza a tener consecuencias sobre enfermedades como diabetes tipo II, enfermedades cardiovasculares y hasta en salud mental, ya que conduce a estados depresivos\u201d, resume la especialista, quien adem\u00e1s dicta la formaci\u00f3n en neurociencias para terapeutas.<\/p>\n<p>Tambi\u00e9n describe que <b>hay situaciones psicosociales en las que el estr\u00e9s puede llegar a ser cr\u00f3nico<\/b>, con algunas consecuencias sobre el sistema inmune. <b>\u201cAlgunos ejemplos son el estr\u00e9s conyugal<\/b>, cuando hay una situaci\u00f3n vincular que es vivida de una manera amenazante; <b>o el estr\u00e9s de los cuidadores<\/b> cuando una persona tiene que encargarse del cuidado de un familiar con una demencia; puede ser tambi\u00e9n el <b>estr\u00e9s laboral <\/b>con situaciones como el <i>mobbing<\/i> o hostigamiento laboral o en los ni\u00f1os y adolescentes, con el <i>bullying<\/i>\u201d, advierte Faur.<\/p>\n<p>En \u00faltima instancia, fortalecer el sistema inmune ante la llegada del fr\u00edo no es una carrera contrarreloj, sino un pacto de confianza con nuestra propia biolog\u00eda: una invitaci\u00f3n a detenernos y observarnos, en un ejercicio de escucha y coherencia. Como se\u00f1alan los expertos, nuestras defensas no son un muro est\u00e1tico, sino una red inteligente, un proceso din\u00e1mico que se nutre de lo que comemos, as\u00ed como tambi\u00e9n de lo que pensamos, lo que sentimos y de c\u00f3mo descansamos.<\/p>\n<p>En un mundo que nos empuja a estar en alerta constante, elegir la pausa, priorizar el sue\u00f1o, hacer ejercicio y cuidar la alimentaci\u00f3n se convierte en el acto de prevenci\u00f3n m\u00e1s revolucionario. <b>El oto\u00f1o nos invita, precisamente, a sintonizar un cambio de ritmo. <\/b>Soltar lo que nos agota y cultivar, h\u00e1bito a h\u00e1bito, un escudo natural al habitar el cuerpo con consciencia.<\/p>\n<p><img loading=\"lazy\" decoding=\"async\" src=\"https:\/\/resizer.glanacion.com\/resizer\/v2\/YUZQ2GTVPBDZBPVN2ZJA6KRWKY.jpg?auth=188a8fe75fd8d21f941fc58e96d3c042fa1ede8f4d25f421eec37218e57e1b17&amp;smart=true&amp;width=2000&amp;height=1333\" alt=\"Fortalecer el sistema inmune ante la llegada del fr\u00edo no es una carrera contrarreloj, sino un pacto de confianza con la propia biolog\u00eda\" height=\"1333\" width=\"2000\" \/><\/p>\n<p><u><b>HIERRO:<\/b><\/u> Energ\u00eda para las c\u00e9lulas de defensa. El hierro no solo transporta ox\u00edgeno, sino que permite que las c\u00e9lulas inmunes se multipliquen y funcionen correctamente. Cuando falta, baja la inmunidad celular y aumenta el riesgo de infecciones. <\/p>\n<ul>\n<li><i>Fuentes<\/i>: carne vacuna, pollo, pescado, lentejas, garbanzos, porotos, espinaca, avena, semillas de calabaza.<\/li>\n<\/ul>\n<p><u><b>VITAMINA C: <\/b><\/u>M\u00e1s que \u201cpara el resfr\u00edo\u201d, la vitamina C participa en la funci\u00f3n de c\u00e9lulas inmunes (protecci\u00f3n antioxidante frente al estr\u00e9s inflamatorio); integridad de barreras epiteliales (no es que \u201csube las defensas m\u00e1gicamente\u201d, sino que ayuda a que funcionen mejor y adem\u00e1s mejora la absorci\u00f3n del hierro vegetal). Combinar lentejas con morr\u00f3n o lim\u00f3n no es un detalle. Es estrategia biol\u00f3gica.<\/p>\n<ul>\n<li><i>Fuentes<\/i>: c\u00edtricos, kiwi, frutillas, morrones, br\u00f3coli, perejil.<\/li>\n<\/ul>\n<p><u><b>ZINC:<\/b><\/u><u> E<\/u>l regulador silencioso. El zinc es fundamental para el desarrollo de c\u00e9lulas T (un tipo de gl\u00f3bulos blancos, parte de la inmunidad adaptativa); regula la inflamaci\u00f3n; mantiene la integridad de mucosas (nariz, pulmones, intestino); participa en la cicatrizaci\u00f3n y la reparaci\u00f3n. Incluso una deficiencia leve puede alterar la inmunidad. <\/p>\n<ul>\n<li><i>Fuentes<\/i>: carne vacuna, mariscos, pollo, legumbres, semillas de calabaza, nueces, avena.<\/li>\n<\/ul>\n<p><u><b>VITAMINA D:<\/b><\/u> Es una hormona inmunomoduladora. Ayuda a que las c\u00e9lulas T no reaccionen de forma exagerada; modula la inflamaci\u00f3n (ni demasiado alta ni demasiado baja) y participa en la defensa frente a virus respiratorios. Si bien la vitamina D no previene infecciones por s\u00ed sola, cuando hay deficiencia, corregirla mejora la regulaci\u00f3n inmune. Es frecuente en invierno tener niveles bajos debido a menos horas de luz solar. <\/p>\n<ul>\n<li><i>Fuentes<\/i>: sol responsable, yema de huevo, pescados grasos.<\/li>\n<\/ul>\n<p><u><b>VITAMINA A:<\/b><\/u> La barrera. La vitamina A mantiene saludables las mucosas respiratorias e intestinales. Son la primera l\u00ednea defensiva. \u00bfQu\u00e9 son las mucosas? Son los tejidos que recubren nariz, garganta, pulmones e intestino. Funcionan como una primera barrera f\u00edsica frente a virus y bacterias. Si esa barrera est\u00e1 fuerte, muchos microorganismos ni siquiera logran entrar. <\/p>\n<ul>\n<li><i>Fuentes<\/i>: h\u00edgado, yema, l\u00e1cteos enteros, zanahoria, calabaza, espinaca.<\/li>\n<\/ul>\n<p><u><b>PROTE\u00cdNAS:<\/b><\/u> Sin amino\u00e1cidos no hay anticuerpos. Sin prote\u00ednas no hay c\u00e9lulas inmunes nuevas. El cuerpo no puede defenderse si no tiene con qu\u00e9 construir. <\/p>\n<ul>\n<li><i>Fuentes<\/i>: huevo, carnes, pescado, l\u00e1cteos, legumbres, tofu.<\/li>\n<\/ul>\n<p>\u200bEl oto\u00f1o, adem\u00e1s de d\u00edas m\u00e1s cortos, trae una mayor exposici\u00f3n a virus estacionales, por eso es fundamental regular el sistema inmune para que tenga capacidad de combate; el rol del intestino y la alimentaci\u00f3n clave\u00a0\u00a0<\/p>","protected":false},"excerpt":{"rendered":"<p>No se trata de una f\u00f3rmula m\u00e1gica ni de un solo suplemento, sino de un&#8230;<\/p>\n","protected":false},"author":1,"featured_media":16488,"comment_status":"closed","ping_status":"closed","sticky":false,"template":"","format":"standard","meta":{"_jetpack_memberships_contains_paid_content":false,"footnotes":"","jetpack_publicize_message":"","jetpack_publicize_feature_enabled":true,"jetpack_social_post_already_shared":true,"jetpack_social_options":{"image_generator_settings":{"template":"highway","default_image_id":0,"font":"","enabled":false},"version":2}},"categories":[89],"tags":[],"class_list":["post-16487","post","type-post","status-publish","format-standard","has-post-thumbnail","hentry","category-nacionales"],"yoast_head":"<!-- This site is optimized with the Yoast SEO plugin v27.4 - https:\/\/yoast.com\/product\/yoast-seo-wordpress\/ -->\n<title>C\u00f3mo fortalecer las defensas con el fr\u00edo: sistema inmune, salud intestinal y los alimentos que no pueden faltar -<\/title>\n<meta name=\"robots\" content=\"index, follow, max-snippet:-1, max-image-preview:large, max-video-preview:-1\" \/>\n<link rel=\"canonical\" href=\"https:\/\/impactocastex.com.ar\/?p=16487\" \/>\n<meta property=\"og:locale\" content=\"es_ES\" \/>\n<meta property=\"og:type\" content=\"article\" \/>\n<meta property=\"og:title\" content=\"C\u00f3mo fortalecer las defensas con el fr\u00edo: sistema inmune, salud intestinal y los alimentos que no pueden faltar -\" \/>\n<meta property=\"og:description\" content=\"No se trata de una f\u00f3rmula m\u00e1gica ni de un solo suplemento, sino de un...\" \/>\n<meta property=\"og:url\" content=\"https:\/\/impactocastex.com.ar\/?p=16487\" \/>\n<meta property=\"article:publisher\" content=\"https:\/\/www.facebook.com\/impactocastexdiario\" \/>\n<meta property=\"article:published_time\" content=\"2026-04-26T12:18:38+00:00\" \/>\n<meta property=\"og:image\" content=\"https:\/\/resizer.glanacion.com\/resizer\/v2\/VXPWNKMWBRBMLGK7K65WCOLZBM.JPG?auth=fb83946d6d792825245a6615ee49d5a865232274005d16fd8d91be5280313479&amp;smart=true&amp;width=592&amp;height=454\" \/>\n<meta name=\"author\" content=\"impactocastex\" \/>\n<meta name=\"twitter:card\" content=\"summary_large_image\" \/>\n<meta name=\"twitter:label1\" content=\"Escrito por\" \/>\n\t<meta name=\"twitter:data1\" content=\"impactocastex\" \/>\n\t<meta name=\"twitter:label2\" content=\"Tiempo de lectura\" \/>\n\t<meta name=\"twitter:data2\" content=\"16 minutos\" \/>\n<script type=\"application\/ld+json\" class=\"yoast-schema-graph\">{\"@context\":\"https:\\\/\\\/schema.org\",\"@graph\":[{\"@type\":\"Article\",\"@id\":\"https:\\\/\\\/impactocastex.com.ar\\\/?p=16487#article\",\"isPartOf\":{\"@id\":\"https:\\\/\\\/impactocastex.com.ar\\\/?p=16487\"},\"author\":{\"name\":\"impactocastex\",\"@id\":\"https:\\\/\\\/impactocastex.com.ar\\\/#\\\/schema\\\/person\\\/86cb4f827fb5f87869a239b98a69c6e3\"},\"headline\":\"C\u00f3mo fortalecer las defensas con el fr\u00edo: sistema inmune, salud intestinal y los alimentos que no pueden faltar\",\"datePublished\":\"2026-04-26T12:18:38+00:00\",\"mainEntityOfPage\":{\"@id\":\"https:\\\/\\\/impactocastex.com.ar\\\/?p=16487\"},\"wordCount\":3169,\"publisher\":{\"@id\":\"https:\\\/\\\/impactocastex.com.ar\\\/#organization\"},\"image\":{\"@id\":\"https:\\\/\\\/impactocastex.com.ar\\\/?p=16487#primaryimage\"},\"thumbnailUrl\":\"https:\\\/\\\/impactocastex.com.ar\\\/wp-content\\\/uploads\\\/2026\\\/04\\\/DL7XLMMNYBHUPFKPD3UGQ565VY-VV8hki.jpg\",\"articleSection\":[\"NACIONALES\"],\"inLanguage\":\"es\"},{\"@type\":\"WebPage\",\"@id\":\"https:\\\/\\\/impactocastex.com.ar\\\/?p=16487\",\"url\":\"https:\\\/\\\/impactocastex.com.ar\\\/?p=16487\",\"name\":\"C\u00f3mo fortalecer las defensas con el fr\u00edo: sistema inmune, salud intestinal y los alimentos que no pueden faltar -\",\"isPartOf\":{\"@id\":\"https:\\\/\\\/impactocastex.com.ar\\\/#website\"},\"primaryImageOfPage\":{\"@id\":\"https:\\\/\\\/impactocastex.com.ar\\\/?p=16487#primaryimage\"},\"image\":{\"@id\":\"https:\\\/\\\/impactocastex.com.ar\\\/?p=16487#primaryimage\"},\"thumbnailUrl\":\"https:\\\/\\\/impactocastex.com.ar\\\/wp-content\\\/uploads\\\/2026\\\/04\\\/DL7XLMMNYBHUPFKPD3UGQ565VY-VV8hki.jpg\",\"datePublished\":\"2026-04-26T12:18:38+00:00\",\"breadcrumb\":{\"@id\":\"https:\\\/\\\/impactocastex.com.ar\\\/?p=16487#breadcrumb\"},\"inLanguage\":\"es\",\"potentialAction\":[{\"@type\":\"ReadAction\",\"target\":[\"https:\\\/\\\/impactocastex.com.ar\\\/?p=16487\"]}]},{\"@type\":\"ImageObject\",\"inLanguage\":\"es\",\"@id\":\"https:\\\/\\\/impactocastex.com.ar\\\/?p=16487#primaryimage\",\"url\":\"https:\\\/\\\/impactocastex.com.ar\\\/wp-content\\\/uploads\\\/2026\\\/04\\\/DL7XLMMNYBHUPFKPD3UGQ565VY-VV8hki.jpg\",\"contentUrl\":\"https:\\\/\\\/impactocastex.com.ar\\\/wp-content\\\/uploads\\\/2026\\\/04\\\/DL7XLMMNYBHUPFKPD3UGQ565VY-VV8hki.jpg\",\"width\":2000,\"height\":1333},{\"@type\":\"BreadcrumbList\",\"@id\":\"https:\\\/\\\/impactocastex.com.ar\\\/?p=16487#breadcrumb\",\"itemListElement\":[{\"@type\":\"ListItem\",\"position\":1,\"name\":\"Portada\",\"item\":\"https:\\\/\\\/impactocastex.com.ar\\\/\"},{\"@type\":\"ListItem\",\"position\":2,\"name\":\"C\u00f3mo fortalecer las defensas con el fr\u00edo: sistema inmune, salud intestinal y los alimentos que no pueden faltar\"}]},{\"@type\":\"WebSite\",\"@id\":\"https:\\\/\\\/impactocastex.com.ar\\\/#website\",\"url\":\"https:\\\/\\\/impactocastex.com.ar\\\/\",\"name\":\"Impacto Castex\",\"description\":\"\",\"publisher\":{\"@id\":\"https:\\\/\\\/impactocastex.com.ar\\\/#organization\"},\"potentialAction\":[{\"@type\":\"SearchAction\",\"target\":{\"@type\":\"EntryPoint\",\"urlTemplate\":\"https:\\\/\\\/impactocastex.com.ar\\\/?s={search_term_string}\"},\"query-input\":{\"@type\":\"PropertyValueSpecification\",\"valueRequired\":true,\"valueName\":\"search_term_string\"}}],\"inLanguage\":\"es\"},{\"@type\":\"Organization\",\"@id\":\"https:\\\/\\\/impactocastex.com.ar\\\/#organization\",\"name\":\"Impacto Castex\",\"url\":\"https:\\\/\\\/impactocastex.com.ar\\\/\",\"logo\":{\"@type\":\"ImageObject\",\"inLanguage\":\"es\",\"@id\":\"https:\\\/\\\/impactocastex.com.ar\\\/#\\\/schema\\\/logo\\\/image\\\/\",\"url\":\"https:\\\/\\\/impactocastex.com.ar\\\/wp-content\\\/uploads\\\/2025\\\/09\\\/cropped-icoweb.png\",\"contentUrl\":\"https:\\\/\\\/impactocastex.com.ar\\\/wp-content\\\/uploads\\\/2025\\\/09\\\/cropped-icoweb.png\",\"width\":512,\"height\":512,\"caption\":\"Impacto Castex\"},\"image\":{\"@id\":\"https:\\\/\\\/impactocastex.com.ar\\\/#\\\/schema\\\/logo\\\/image\\\/\"},\"sameAs\":[\"https:\\\/\\\/www.facebook.com\\\/impactocastexdiario\",\"https:\\\/\\\/www.instagram.com\\\/impactocastex.com.ar\\\/\"]},{\"@type\":\"Person\",\"@id\":\"https:\\\/\\\/impactocastex.com.ar\\\/#\\\/schema\\\/person\\\/86cb4f827fb5f87869a239b98a69c6e3\",\"name\":\"impactocastex\",\"image\":{\"@type\":\"ImageObject\",\"inLanguage\":\"es\",\"@id\":\"https:\\\/\\\/secure.gravatar.com\\\/avatar\\\/9a87ee051ca8c77f5d4070843ce2c78cdf95b858b950fb039151de955122f5f5?s=96&d=mm&r=g\",\"url\":\"https:\\\/\\\/secure.gravatar.com\\\/avatar\\\/9a87ee051ca8c77f5d4070843ce2c78cdf95b858b950fb039151de955122f5f5?s=96&d=mm&r=g\",\"contentUrl\":\"https:\\\/\\\/secure.gravatar.com\\\/avatar\\\/9a87ee051ca8c77f5d4070843ce2c78cdf95b858b950fb039151de955122f5f5?s=96&d=mm&r=g\",\"caption\":\"impactocastex\"},\"sameAs\":[\"https:\\\/\\\/impactocastex.com.ar\"],\"url\":\"https:\\\/\\\/impactocastex.com.ar\\\/?author=1\"}]}<\/script>\n<!-- \/ Yoast SEO plugin. -->","yoast_head_json":{"title":"C\u00f3mo fortalecer las defensas con el fr\u00edo: sistema inmune, salud intestinal y los alimentos que no pueden faltar -","robots":{"index":"index","follow":"follow","max-snippet":"max-snippet:-1","max-image-preview":"max-image-preview:large","max-video-preview":"max-video-preview:-1"},"canonical":"https:\/\/impactocastex.com.ar\/?p=16487","og_locale":"es_ES","og_type":"article","og_title":"C\u00f3mo fortalecer las defensas con el fr\u00edo: sistema inmune, salud intestinal y los alimentos que no pueden faltar -","og_description":"No se trata de una f\u00f3rmula m\u00e1gica ni de un solo suplemento, sino de un...","og_url":"https:\/\/impactocastex.com.ar\/?p=16487","article_publisher":"https:\/\/www.facebook.com\/impactocastexdiario","article_published_time":"2026-04-26T12:18:38+00:00","og_image":[{"url":"https:\/\/resizer.glanacion.com\/resizer\/v2\/VXPWNKMWBRBMLGK7K65WCOLZBM.JPG?auth=fb83946d6d792825245a6615ee49d5a865232274005d16fd8d91be5280313479&amp;smart=true&amp;width=592&amp;height=454","type":"","width":"","height":""}],"author":"impactocastex","twitter_card":"summary_large_image","twitter_misc":{"Escrito por":"impactocastex","Tiempo de lectura":"16 minutos"},"schema":{"@context":"https:\/\/schema.org","@graph":[{"@type":"Article","@id":"https:\/\/impactocastex.com.ar\/?p=16487#article","isPartOf":{"@id":"https:\/\/impactocastex.com.ar\/?p=16487"},"author":{"name":"impactocastex","@id":"https:\/\/impactocastex.com.ar\/#\/schema\/person\/86cb4f827fb5f87869a239b98a69c6e3"},"headline":"C\u00f3mo fortalecer las defensas con el fr\u00edo: sistema inmune, salud intestinal y los alimentos que no pueden faltar","datePublished":"2026-04-26T12:18:38+00:00","mainEntityOfPage":{"@id":"https:\/\/impactocastex.com.ar\/?p=16487"},"wordCount":3169,"publisher":{"@id":"https:\/\/impactocastex.com.ar\/#organization"},"image":{"@id":"https:\/\/impactocastex.com.ar\/?p=16487#primaryimage"},"thumbnailUrl":"https:\/\/impactocastex.com.ar\/wp-content\/uploads\/2026\/04\/DL7XLMMNYBHUPFKPD3UGQ565VY-VV8hki.jpg","articleSection":["NACIONALES"],"inLanguage":"es"},{"@type":"WebPage","@id":"https:\/\/impactocastex.com.ar\/?p=16487","url":"https:\/\/impactocastex.com.ar\/?p=16487","name":"C\u00f3mo fortalecer las defensas con el fr\u00edo: sistema inmune, salud intestinal y los alimentos que no pueden faltar -","isPartOf":{"@id":"https:\/\/impactocastex.com.ar\/#website"},"primaryImageOfPage":{"@id":"https:\/\/impactocastex.com.ar\/?p=16487#primaryimage"},"image":{"@id":"https:\/\/impactocastex.com.ar\/?p=16487#primaryimage"},"thumbnailUrl":"https:\/\/impactocastex.com.ar\/wp-content\/uploads\/2026\/04\/DL7XLMMNYBHUPFKPD3UGQ565VY-VV8hki.jpg","datePublished":"2026-04-26T12:18:38+00:00","breadcrumb":{"@id":"https:\/\/impactocastex.com.ar\/?p=16487#breadcrumb"},"inLanguage":"es","potentialAction":[{"@type":"ReadAction","target":["https:\/\/impactocastex.com.ar\/?p=16487"]}]},{"@type":"ImageObject","inLanguage":"es","@id":"https:\/\/impactocastex.com.ar\/?p=16487#primaryimage","url":"https:\/\/impactocastex.com.ar\/wp-content\/uploads\/2026\/04\/DL7XLMMNYBHUPFKPD3UGQ565VY-VV8hki.jpg","contentUrl":"https:\/\/impactocastex.com.ar\/wp-content\/uploads\/2026\/04\/DL7XLMMNYBHUPFKPD3UGQ565VY-VV8hki.jpg","width":2000,"height":1333},{"@type":"BreadcrumbList","@id":"https:\/\/impactocastex.com.ar\/?p=16487#breadcrumb","itemListElement":[{"@type":"ListItem","position":1,"name":"Portada","item":"https:\/\/impactocastex.com.ar\/"},{"@type":"ListItem","position":2,"name":"C\u00f3mo fortalecer las defensas con el fr\u00edo: sistema inmune, salud intestinal y los alimentos que no pueden faltar"}]},{"@type":"WebSite","@id":"https:\/\/impactocastex.com.ar\/#website","url":"https:\/\/impactocastex.com.ar\/","name":"Impacto Castex","description":"","publisher":{"@id":"https:\/\/impactocastex.com.ar\/#organization"},"potentialAction":[{"@type":"SearchAction","target":{"@type":"EntryPoint","urlTemplate":"https:\/\/impactocastex.com.ar\/?s={search_term_string}"},"query-input":{"@type":"PropertyValueSpecification","valueRequired":true,"valueName":"search_term_string"}}],"inLanguage":"es"},{"@type":"Organization","@id":"https:\/\/impactocastex.com.ar\/#organization","name":"Impacto Castex","url":"https:\/\/impactocastex.com.ar\/","logo":{"@type":"ImageObject","inLanguage":"es","@id":"https:\/\/impactocastex.com.ar\/#\/schema\/logo\/image\/","url":"https:\/\/impactocastex.com.ar\/wp-content\/uploads\/2025\/09\/cropped-icoweb.png","contentUrl":"https:\/\/impactocastex.com.ar\/wp-content\/uploads\/2025\/09\/cropped-icoweb.png","width":512,"height":512,"caption":"Impacto Castex"},"image":{"@id":"https:\/\/impactocastex.com.ar\/#\/schema\/logo\/image\/"},"sameAs":["https:\/\/www.facebook.com\/impactocastexdiario","https:\/\/www.instagram.com\/impactocastex.com.ar\/"]},{"@type":"Person","@id":"https:\/\/impactocastex.com.ar\/#\/schema\/person\/86cb4f827fb5f87869a239b98a69c6e3","name":"impactocastex","image":{"@type":"ImageObject","inLanguage":"es","@id":"https:\/\/secure.gravatar.com\/avatar\/9a87ee051ca8c77f5d4070843ce2c78cdf95b858b950fb039151de955122f5f5?s=96&d=mm&r=g","url":"https:\/\/secure.gravatar.com\/avatar\/9a87ee051ca8c77f5d4070843ce2c78cdf95b858b950fb039151de955122f5f5?s=96&d=mm&r=g","contentUrl":"https:\/\/secure.gravatar.com\/avatar\/9a87ee051ca8c77f5d4070843ce2c78cdf95b858b950fb039151de955122f5f5?s=96&d=mm&r=g","caption":"impactocastex"},"sameAs":["https:\/\/impactocastex.com.ar"],"url":"https:\/\/impactocastex.com.ar\/?author=1"}]}},"jetpack_publicize_connections":[],"featured_image_urls":{"full":["https:\/\/impactocastex.com.ar\/wp-content\/uploads\/2026\/04\/DL7XLMMNYBHUPFKPD3UGQ565VY-VV8hki.jpg",2000,1333,false],"thumbnail":["https:\/\/impactocastex.com.ar\/wp-content\/uploads\/2026\/04\/DL7XLMMNYBHUPFKPD3UGQ565VY-VV8hki-150x150.jpg",150,150,true],"medium":["https:\/\/impactocastex.com.ar\/wp-content\/uploads\/2026\/04\/DL7XLMMNYBHUPFKPD3UGQ565VY-VV8hki-300x200.jpg",300,200,true],"medium_large":["https:\/\/impactocastex.com.ar\/wp-content\/uploads\/2026\/04\/DL7XLMMNYBHUPFKPD3UGQ565VY-VV8hki-768x512.jpg",640,427,true],"large":["https:\/\/impactocastex.com.ar\/wp-content\/uploads\/2026\/04\/DL7XLMMNYBHUPFKPD3UGQ565VY-VV8hki-1024x682.jpg",640,426,true],"1536x1536":["https:\/\/impactocastex.com.ar\/wp-content\/uploads\/2026\/04\/DL7XLMMNYBHUPFKPD3UGQ565VY-VV8hki-1536x1024.jpg",1536,1024,true],"2048x2048":["https:\/\/impactocastex.com.ar\/wp-content\/uploads\/2026\/04\/DL7XLMMNYBHUPFKPD3UGQ565VY-VV8hki.jpg",2000,1333,false],"newsever-slider-full":["https:\/\/impactocastex.com.ar\/wp-content\/uploads\/2026\/04\/DL7XLMMNYBHUPFKPD3UGQ565VY-VV8hki-1280x845.jpg",1280,845,true],"newsever-featured":["https:\/\/impactocastex.com.ar\/wp-content\/uploads\/2026\/04\/DL7XLMMNYBHUPFKPD3UGQ565VY-VV8hki-1024x682.jpg",1024,682,true],"newsever-medium":["https:\/\/impactocastex.com.ar\/wp-content\/uploads\/2026\/04\/DL7XLMMNYBHUPFKPD3UGQ565VY-VV8hki-720x475.jpg",720,475,true]},"author_info":{"info":["impactocastex"]},"category_info":"<a href=\"https:\/\/impactocastex.com.ar\/?cat=89\" rel=\"category\">NACIONALES<\/a>","tag_info":"NACIONALES","comment_count":0,"jetpack_featured_media_url":"https:\/\/impactocastex.com.ar\/wp-content\/uploads\/2026\/04\/DL7XLMMNYBHUPFKPD3UGQ565VY-VV8hki.jpg","jetpack_sharing_enabled":true,"jetpack_likes_enabled":true,"jetpack_shortlink":"https:\/\/wp.me\/p7sopA-4hV","_links":{"self":[{"href":"https:\/\/impactocastex.com.ar\/index.php?rest_route=\/wp\/v2\/posts\/16487","targetHints":{"allow":["GET"]}}],"collection":[{"href":"https:\/\/impactocastex.com.ar\/index.php?rest_route=\/wp\/v2\/posts"}],"about":[{"href":"https:\/\/impactocastex.com.ar\/index.php?rest_route=\/wp\/v2\/types\/post"}],"author":[{"embeddable":true,"href":"https:\/\/impactocastex.com.ar\/index.php?rest_route=\/wp\/v2\/users\/1"}],"replies":[{"embeddable":true,"href":"https:\/\/impactocastex.com.ar\/index.php?rest_route=%2Fwp%2Fv2%2Fcomments&post=16487"}],"version-history":[{"count":0,"href":"https:\/\/impactocastex.com.ar\/index.php?rest_route=\/wp\/v2\/posts\/16487\/revisions"}],"wp:featuredmedia":[{"embeddable":true,"href":"https:\/\/impactocastex.com.ar\/index.php?rest_route=\/wp\/v2\/media\/16488"}],"wp:attachment":[{"href":"https:\/\/impactocastex.com.ar\/index.php?rest_route=%2Fwp%2Fv2%2Fmedia&parent=16487"}],"wp:term":[{"taxonomy":"category","embeddable":true,"href":"https:\/\/impactocastex.com.ar\/index.php?rest_route=%2Fwp%2Fv2%2Fcategories&post=16487"},{"taxonomy":"post_tag","embeddable":true,"href":"https:\/\/impactocastex.com.ar\/index.php?rest_route=%2Fwp%2Fv2%2Ftags&post=16487"}],"curies":[{"name":"wp","href":"https:\/\/api.w.org\/{rel}","templated":true}]}}