{"id":16479,"date":"2026-04-26T05:00:00","date_gmt":"2026-04-26T08:00:00","guid":{"rendered":"https:\/\/impactocastex.com.ar\/?p=16479"},"modified":"2026-04-26T05:00:00","modified_gmt":"2026-04-26T08:00:00","slug":"avanza-un-ciclon-extratropical-con-rafagas-de-hasta-100-km-h-lluvias-y-un-brusco-descenso-de-la-temperatura-las-zonas-afectadas","status":"publish","type":"post","link":"https:\/\/impactocastex.com.ar\/?p=16479","title":{"rendered":"Avanza un cicl\u00f3n extratropical con r\u00e1fagas de hasta 100 km\/h, lluvias y un brusco descenso de la temperatura: las zonas afectadas"},"content":{"rendered":"<p>Despu\u00e9s de la inestabilidad que rein\u00f3 durante la semana, el <a href=\"https:\/\/www.lanacion.com.ar\/sociedad\/se-vienen-24-horas-de-tormentas-de-fuerte-intensidad-caida-de-granizo-y-110-mm-de-agua-acumulada-las-nid21042026\/\" target=\"_blank\" rel=\"noreferrer\" title=\"https:\/\/www.lanacion.com.ar\/sociedad\/se-vienen-24-horas-de-tormentas-de-fuerte-intensidad-caida-de-granizo-y-110-mm-de-agua-acumulada-las-nid21042026\/\"><b>Servicio Meteorol\u00f3gico Nacional<\/b><\/a> (SMN) prev\u00e9 el avance de un <b>cicl\u00f3n extratropical.<\/b> El fen\u00f3meno traer\u00e1 <b>lluvias, tormentas y fuertes r\u00e1fagas de viento -de hasta 100 km\/h-<\/b>, al tiempo que provocar\u00e1 un <b>brusco descenso t\u00e9rmico<\/b>, que se har\u00e1 sentir especialmente el lunes. <\/p>\n<p>Seg\u00fan el ente, el <b>domingo <\/b>iniciar\u00e1 con <b>nubosidad <\/b>que dar\u00e1 paso a chaparrones durante la tarde. La <b>m\u00ednima ser\u00e1 de 12\u00b0C<\/b> y la m\u00e1xima de 16\u00b0C. <\/p>\n<figure><video height=\"720\" width=\"1280\" poster=\"https:\/\/cdn.jwplayer.com\/v2\/media\/yvxkYecC\/poster.jpg?width=1280\" preload=\"none\"><\/video><figcaption>El pronostico del tiempo<\/figcaption><\/figure>\n<h1>C\u00f3mo seguir\u00e1 el tiempo en la Ciudad<\/h1>\n<p>El <b>lunes<\/b>, en tanto, <b>la m\u00ednima se ubicar\u00e1 debajo de 10\u00b0C y descender\u00e1 hasta 7\u00b0C a la ma\u00f1ana<\/b>. A la tarde, la <b>temperatura m\u00e1xima ser\u00e1 de 17\u00b0C<\/b>.<\/p>\n<p><img loading=\"lazy\" decoding=\"async\" src=\"https:\/\/resizer.glanacion.com\/resizer\/v2\/RWCUMOC755CPLNVH5XKEQT4MWM.png?auth=2dfe1ca5fbdc802f2195c282d9fc034e5276f7ae8066013809c8353dcca35ade&amp;smart=true&amp;width=1152&amp;height=331\" alt=\"El pron\u00f3stico del tiempo en la Ciudad\" height=\"331\" width=\"1152\" \/><\/p>\n<h1>La costa bajo alerta naranja<\/h1>\n<p>Seg\u00fan inform\u00f3 el sitio especializado Meteored,<b> la situaci\u00f3n meteorol\u00f3gica para este domingo ser\u00e1 complicada. <\/b>De hecho, el SMN ya emiti\u00f3 alerta naranja por viento sobre la costa sudeste y sur bonaerense (de Necochea a Mar del Plata, pasando por Villa Gesell y Pinamar), con <b>r\u00e1fagas que podr\u00edan superar los 90 km\/h <\/b>y picos cercanos a 100 km\/h durante la tarde del domingo.<\/p>\n<h1>Medidas de prevenci\u00f3n del SMN ante lluvias y tormentas <\/h1>\n<ul>\n<li>Evit\u00e1 salir.<\/li>\n<li>No saques la basura y limpi\u00e1 desag\u00fces y sumideros.<\/li>\n<li>Desconect\u00e1 los electrodom\u00e9sticos y cort\u00e1 el suministro el\u00e9ctrico si ingresa agua.<\/li>\n<li>Cerr\u00e1 y alejate de puertas y ventanas.<\/li>\n<li>Retir\u00e1 o asegur\u00e1 objetos que puedan ser arrastrados por el viento.<\/li>\n<li>Si est\u00e1s al aire libre, busc\u00e1 refugio inmediato en un edificio, casa o veh\u00edculo cerrado.<\/li>\n<\/ul>\n<p>\u200bEl ingreso de un frente del sur provocar\u00e1 una marcada baja en la sensaci\u00f3n t\u00e9rmica; el Servicio Meteorol\u00f3gico Nacional prev\u00e9 una temperatura m\u00ednima de 12\u00b0C y una m\u00e1xima de 16\u00b0C\u00a0\u00a0<\/p>","protected":false},"excerpt":{"rendered":"<p>Despu\u00e9s de la inestabilidad que rein\u00f3 durante la semana, el Servicio Meteorol\u00f3gico Nacional (SMN) prev\u00e9&#8230;<\/p>\n","protected":false},"author":1,"featured_media":16480,"comment_status":"closed","ping_status":"closed","sticky":false,"template":"","format":"standard","meta":{"_jetpack_memberships_contains_paid_content":false,"footnotes":"","jetpack_publicize_message":"","jetpack_publicize_feature_enabled":true,"jetpack_social_post_already_shared":true,"jetpack_social_options":{"image_generator_settings":{"template":"highway","default_image_id":0,"font":"","enabled":false},"version":2}},"categories":[89],"tags":[],"class_list":["post-16479","post","type-post","status-publish","format-standard","has-post-thumbnail","hentry","category-nacionales"],"yoast_head":"<!-- This site is optimized with the Yoast SEO plugin v27.4 - https:\/\/yoast.com\/product\/yoast-seo-wordpress\/ -->\n<title>Avanza un cicl\u00f3n extratropical con r\u00e1fagas de hasta 100 km\/h, lluvias y un brusco descenso de la temperatura: las zonas afectadas -<\/title>\n<meta name=\"robots\" content=\"index, follow, max-snippet:-1, max-image-preview:large, max-video-preview:-1\" \/>\n<link rel=\"canonical\" href=\"https:\/\/impactocastex.com.ar\/?p=16479\" \/>\n<meta property=\"og:locale\" content=\"es_ES\" \/>\n<meta property=\"og:type\" content=\"article\" \/>\n<meta property=\"og:title\" content=\"Avanza un cicl\u00f3n extratropical con r\u00e1fagas de hasta 100 km\/h, lluvias y un brusco descenso de la temperatura: las zonas afectadas -\" \/>\n<meta property=\"og:description\" content=\"Despu\u00e9s de la inestabilidad que rein\u00f3 durante la semana, el Servicio Meteorol\u00f3gico Nacional (SMN) prev\u00e9...\" \/>\n<meta property=\"og:url\" content=\"https:\/\/impactocastex.com.ar\/?p=16479\" \/>\n<meta property=\"article:publisher\" content=\"https:\/\/www.facebook.com\/impactocastexdiario\" \/>\n<meta property=\"article:published_time\" content=\"2026-04-26T08:00:00+00:00\" \/>\n<meta property=\"og:image\" content=\"https:\/\/resizer.glanacion.com\/resizer\/v2\/RWCUMOC755CPLNVH5XKEQT4MWM.png?auth=2dfe1ca5fbdc802f2195c282d9fc034e5276f7ae8066013809c8353dcca35ade&amp;smart=true&amp;width=1152&amp;height=331\" \/>\n<meta name=\"author\" content=\"impactocastex\" \/>\n<meta name=\"twitter:card\" content=\"summary_large_image\" \/>\n<meta name=\"twitter:label1\" content=\"Escrito por\" \/>\n\t<meta name=\"twitter:data1\" content=\"impactocastex\" \/>\n\t<meta name=\"twitter:label2\" content=\"Tiempo de lectura\" \/>\n\t<meta name=\"twitter:data2\" content=\"2 minutos\" \/>\n<script type=\"application\/ld+json\" class=\"yoast-schema-graph\">{\"@context\":\"https:\\\/\\\/schema.org\",\"@graph\":[{\"@type\":\"Article\",\"@id\":\"https:\\\/\\\/impactocastex.com.ar\\\/?p=16479#article\",\"isPartOf\":{\"@id\":\"https:\\\/\\\/impactocastex.com.ar\\\/?p=16479\"},\"author\":{\"name\":\"impactocastex\",\"@id\":\"https:\\\/\\\/impactocastex.com.ar\\\/#\\\/schema\\\/person\\\/86cb4f827fb5f87869a239b98a69c6e3\"},\"headline\":\"Avanza un cicl\u00f3n extratropical con r\u00e1fagas de hasta 100 km\\\/h, lluvias y un brusco descenso de la temperatura: las zonas afectadas\",\"datePublished\":\"2026-04-26T08:00:00+00:00\",\"mainEntityOfPage\":{\"@id\":\"https:\\\/\\\/impactocastex.com.ar\\\/?p=16479\"},\"wordCount\":327,\"publisher\":{\"@id\":\"https:\\\/\\\/impactocastex.com.ar\\\/#organization\"},\"image\":{\"@id\":\"https:\\\/\\\/impactocastex.com.ar\\\/?p=16479#primaryimage\"},\"thumbnailUrl\":\"https:\\\/\\\/impactocastex.com.ar\\\/wp-content\\\/uploads\\\/2026\\\/04\\\/WW4V5WMEGJAGRDI32S3XUGQJYM-hnn6MH.jpg\",\"articleSection\":[\"NACIONALES\"],\"inLanguage\":\"es\"},{\"@type\":\"WebPage\",\"@id\":\"https:\\\/\\\/impactocastex.com.ar\\\/?p=16479\",\"url\":\"https:\\\/\\\/impactocastex.com.ar\\\/?p=16479\",\"name\":\"Avanza un cicl\u00f3n extratropical con r\u00e1fagas de hasta 100 km\\\/h, lluvias y un brusco descenso de la temperatura: las zonas afectadas -\",\"isPartOf\":{\"@id\":\"https:\\\/\\\/impactocastex.com.ar\\\/#website\"},\"primaryImageOfPage\":{\"@id\":\"https:\\\/\\\/impactocastex.com.ar\\\/?p=16479#primaryimage\"},\"image\":{\"@id\":\"https:\\\/\\\/impactocastex.com.ar\\\/?p=16479#primaryimage\"},\"thumbnailUrl\":\"https:\\\/\\\/impactocastex.com.ar\\\/wp-content\\\/uploads\\\/2026\\\/04\\\/WW4V5WMEGJAGRDI32S3XUGQJYM-hnn6MH.jpg\",\"datePublished\":\"2026-04-26T08:00:00+00:00\",\"breadcrumb\":{\"@id\":\"https:\\\/\\\/impactocastex.com.ar\\\/?p=16479#breadcrumb\"},\"inLanguage\":\"es\",\"potentialAction\":[{\"@type\":\"ReadAction\",\"target\":[\"https:\\\/\\\/impactocastex.com.ar\\\/?p=16479\"]}]},{\"@type\":\"ImageObject\",\"inLanguage\":\"es\",\"@id\":\"https:\\\/\\\/impactocastex.com.ar\\\/?p=16479#primaryimage\",\"url\":\"https:\\\/\\\/impactocastex.com.ar\\\/wp-content\\\/uploads\\\/2026\\\/04\\\/WW4V5WMEGJAGRDI32S3XUGQJYM-hnn6MH.jpg\",\"contentUrl\":\"https:\\\/\\\/impactocastex.com.ar\\\/wp-content\\\/uploads\\\/2026\\\/04\\\/WW4V5WMEGJAGRDI32S3XUGQJYM-hnn6MH.jpg\",\"width\":2000,\"height\":1333},{\"@type\":\"BreadcrumbList\",\"@id\":\"https:\\\/\\\/impactocastex.com.ar\\\/?p=16479#breadcrumb\",\"itemListElement\":[{\"@type\":\"ListItem\",\"position\":1,\"name\":\"Portada\",\"item\":\"https:\\\/\\\/impactocastex.com.ar\\\/\"},{\"@type\":\"ListItem\",\"position\":2,\"name\":\"Avanza un cicl\u00f3n extratropical con r\u00e1fagas de hasta 100 km\\\/h, lluvias y un brusco descenso de la temperatura: las zonas afectadas\"}]},{\"@type\":\"WebSite\",\"@id\":\"https:\\\/\\\/impactocastex.com.ar\\\/#website\",\"url\":\"https:\\\/\\\/impactocastex.com.ar\\\/\",\"name\":\"Impacto Castex\",\"description\":\"\",\"publisher\":{\"@id\":\"https:\\\/\\\/impactocastex.com.ar\\\/#organization\"},\"potentialAction\":[{\"@type\":\"SearchAction\",\"target\":{\"@type\":\"EntryPoint\",\"urlTemplate\":\"https:\\\/\\\/impactocastex.com.ar\\\/?s={search_term_string}\"},\"query-input\":{\"@type\":\"PropertyValueSpecification\",\"valueRequired\":true,\"valueName\":\"search_term_string\"}}],\"inLanguage\":\"es\"},{\"@type\":\"Organization\",\"@id\":\"https:\\\/\\\/impactocastex.com.ar\\\/#organization\",\"name\":\"Impacto Castex\",\"url\":\"https:\\\/\\\/impactocastex.com.ar\\\/\",\"logo\":{\"@type\":\"ImageObject\",\"inLanguage\":\"es\",\"@id\":\"https:\\\/\\\/impactocastex.com.ar\\\/#\\\/schema\\\/logo\\\/image\\\/\",\"url\":\"https:\\\/\\\/impactocastex.com.ar\\\/wp-content\\\/uploads\\\/2025\\\/09\\\/cropped-icoweb.png\",\"contentUrl\":\"https:\\\/\\\/impactocastex.com.ar\\\/wp-content\\\/uploads\\\/2025\\\/09\\\/cropped-icoweb.png\",\"width\":512,\"height\":512,\"caption\":\"Impacto Castex\"},\"image\":{\"@id\":\"https:\\\/\\\/impactocastex.com.ar\\\/#\\\/schema\\\/logo\\\/image\\\/\"},\"sameAs\":[\"https:\\\/\\\/www.facebook.com\\\/impactocastexdiario\",\"https:\\\/\\\/www.instagram.com\\\/impactocastex.com.ar\\\/\"]},{\"@type\":\"Person\",\"@id\":\"https:\\\/\\\/impactocastex.com.ar\\\/#\\\/schema\\\/person\\\/86cb4f827fb5f87869a239b98a69c6e3\",\"name\":\"impactocastex\",\"image\":{\"@type\":\"ImageObject\",\"inLanguage\":\"es\",\"@id\":\"https:\\\/\\\/secure.gravatar.com\\\/avatar\\\/9a87ee051ca8c77f5d4070843ce2c78cdf95b858b950fb039151de955122f5f5?s=96&d=mm&r=g\",\"url\":\"https:\\\/\\\/secure.gravatar.com\\\/avatar\\\/9a87ee051ca8c77f5d4070843ce2c78cdf95b858b950fb039151de955122f5f5?s=96&d=mm&r=g\",\"contentUrl\":\"https:\\\/\\\/secure.gravatar.com\\\/avatar\\\/9a87ee051ca8c77f5d4070843ce2c78cdf95b858b950fb039151de955122f5f5?s=96&d=mm&r=g\",\"caption\":\"impactocastex\"},\"sameAs\":[\"https:\\\/\\\/impactocastex.com.ar\"],\"url\":\"https:\\\/\\\/impactocastex.com.ar\\\/?author=1\"}]}<\/script>\n<!-- \/ Yoast SEO plugin. -->","yoast_head_json":{"title":"Avanza un cicl\u00f3n extratropical con r\u00e1fagas de hasta 100 km\/h, lluvias y un brusco descenso de la temperatura: las zonas afectadas -","robots":{"index":"index","follow":"follow","max-snippet":"max-snippet:-1","max-image-preview":"max-image-preview:large","max-video-preview":"max-video-preview:-1"},"canonical":"https:\/\/impactocastex.com.ar\/?p=16479","og_locale":"es_ES","og_type":"article","og_title":"Avanza un cicl\u00f3n extratropical con r\u00e1fagas de hasta 100 km\/h, lluvias y un brusco descenso de la temperatura: las zonas afectadas -","og_description":"Despu\u00e9s de la inestabilidad que rein\u00f3 durante la semana, el Servicio Meteorol\u00f3gico Nacional (SMN) prev\u00e9...","og_url":"https:\/\/impactocastex.com.ar\/?p=16479","article_publisher":"https:\/\/www.facebook.com\/impactocastexdiario","article_published_time":"2026-04-26T08:00:00+00:00","og_image":[{"url":"https:\/\/resizer.glanacion.com\/resizer\/v2\/RWCUMOC755CPLNVH5XKEQT4MWM.png?auth=2dfe1ca5fbdc802f2195c282d9fc034e5276f7ae8066013809c8353dcca35ade&amp;smart=true&amp;width=1152&amp;height=331","type":"","width":"","height":""}],"author":"impactocastex","twitter_card":"summary_large_image","twitter_misc":{"Escrito por":"impactocastex","Tiempo de lectura":"2 minutos"},"schema":{"@context":"https:\/\/schema.org","@graph":[{"@type":"Article","@id":"https:\/\/impactocastex.com.ar\/?p=16479#article","isPartOf":{"@id":"https:\/\/impactocastex.com.ar\/?p=16479"},"author":{"name":"impactocastex","@id":"https:\/\/impactocastex.com.ar\/#\/schema\/person\/86cb4f827fb5f87869a239b98a69c6e3"},"headline":"Avanza un cicl\u00f3n extratropical con r\u00e1fagas de hasta 100 km\/h, lluvias y un brusco descenso de la temperatura: las zonas afectadas","datePublished":"2026-04-26T08:00:00+00:00","mainEntityOfPage":{"@id":"https:\/\/impactocastex.com.ar\/?p=16479"},"wordCount":327,"publisher":{"@id":"https:\/\/impactocastex.com.ar\/#organization"},"image":{"@id":"https:\/\/impactocastex.com.ar\/?p=16479#primaryimage"},"thumbnailUrl":"https:\/\/impactocastex.com.ar\/wp-content\/uploads\/2026\/04\/WW4V5WMEGJAGRDI32S3XUGQJYM-hnn6MH.jpg","articleSection":["NACIONALES"],"inLanguage":"es"},{"@type":"WebPage","@id":"https:\/\/impactocastex.com.ar\/?p=16479","url":"https:\/\/impactocastex.com.ar\/?p=16479","name":"Avanza un cicl\u00f3n extratropical con r\u00e1fagas de hasta 100 km\/h, lluvias y un brusco descenso de la temperatura: las zonas afectadas -","isPartOf":{"@id":"https:\/\/impactocastex.com.ar\/#website"},"primaryImageOfPage":{"@id":"https:\/\/impactocastex.com.ar\/?p=16479#primaryimage"},"image":{"@id":"https:\/\/impactocastex.com.ar\/?p=16479#primaryimage"},"thumbnailUrl":"https:\/\/impactocastex.com.ar\/wp-content\/uploads\/2026\/04\/WW4V5WMEGJAGRDI32S3XUGQJYM-hnn6MH.jpg","datePublished":"2026-04-26T08:00:00+00:00","breadcrumb":{"@id":"https:\/\/impactocastex.com.ar\/?p=16479#breadcrumb"},"inLanguage":"es","potentialAction":[{"@type":"ReadAction","target":["https:\/\/impactocastex.com.ar\/?p=16479"]}]},{"@type":"ImageObject","inLanguage":"es","@id":"https:\/\/impactocastex.com.ar\/?p=16479#primaryimage","url":"https:\/\/impactocastex.com.ar\/wp-content\/uploads\/2026\/04\/WW4V5WMEGJAGRDI32S3XUGQJYM-hnn6MH.jpg","contentUrl":"https:\/\/impactocastex.com.ar\/wp-content\/uploads\/2026\/04\/WW4V5WMEGJAGRDI32S3XUGQJYM-hnn6MH.jpg","width":2000,"height":1333},{"@type":"BreadcrumbList","@id":"https:\/\/impactocastex.com.ar\/?p=16479#breadcrumb","itemListElement":[{"@type":"ListItem","position":1,"name":"Portada","item":"https:\/\/impactocastex.com.ar\/"},{"@type":"ListItem","position":2,"name":"Avanza un cicl\u00f3n extratropical con r\u00e1fagas de hasta 100 km\/h, lluvias y un brusco descenso de la temperatura: las zonas afectadas"}]},{"@type":"WebSite","@id":"https:\/\/impactocastex.com.ar\/#website","url":"https:\/\/impactocastex.com.ar\/","name":"Impacto Castex","description":"","publisher":{"@id":"https:\/\/impactocastex.com.ar\/#organization"},"potentialAction":[{"@type":"SearchAction","target":{"@type":"EntryPoint","urlTemplate":"https:\/\/impactocastex.com.ar\/?s={search_term_string}"},"query-input":{"@type":"PropertyValueSpecification","valueRequired":true,"valueName":"search_term_string"}}],"inLanguage":"es"},{"@type":"Organization","@id":"https:\/\/impactocastex.com.ar\/#organization","name":"Impacto Castex","url":"https:\/\/impactocastex.com.ar\/","logo":{"@type":"ImageObject","inLanguage":"es","@id":"https:\/\/impactocastex.com.ar\/#\/schema\/logo\/image\/","url":"https:\/\/impactocastex.com.ar\/wp-content\/uploads\/2025\/09\/cropped-icoweb.png","contentUrl":"https:\/\/impactocastex.com.ar\/wp-content\/uploads\/2025\/09\/cropped-icoweb.png","width":512,"height":512,"caption":"Impacto Castex"},"image":{"@id":"https:\/\/impactocastex.com.ar\/#\/schema\/logo\/image\/"},"sameAs":["https:\/\/www.facebook.com\/impactocastexdiario","https:\/\/www.instagram.com\/impactocastex.com.ar\/"]},{"@type":"Person","@id":"https:\/\/impactocastex.com.ar\/#\/schema\/person\/86cb4f827fb5f87869a239b98a69c6e3","name":"impactocastex","image":{"@type":"ImageObject","inLanguage":"es","@id":"https:\/\/secure.gravatar.com\/avatar\/9a87ee051ca8c77f5d4070843ce2c78cdf95b858b950fb039151de955122f5f5?s=96&d=mm&r=g","url":"https:\/\/secure.gravatar.com\/avatar\/9a87ee051ca8c77f5d4070843ce2c78cdf95b858b950fb039151de955122f5f5?s=96&d=mm&r=g","contentUrl":"https:\/\/secure.gravatar.com\/avatar\/9a87ee051ca8c77f5d4070843ce2c78cdf95b858b950fb039151de955122f5f5?s=96&d=mm&r=g","caption":"impactocastex"},"sameAs":["https:\/\/impactocastex.com.ar"],"url":"https:\/\/impactocastex.com.ar\/?author=1"}]}},"jetpack_publicize_connections":[],"featured_image_urls":{"full":["https:\/\/impactocastex.com.ar\/wp-content\/uploads\/2026\/04\/WW4V5WMEGJAGRDI32S3XUGQJYM-hnn6MH.jpg",2000,1333,false],"thumbnail":["https:\/\/impactocastex.com.ar\/wp-content\/uploads\/2026\/04\/WW4V5WMEGJAGRDI32S3XUGQJYM-hnn6MH-150x150.jpg",150,150,true],"medium":["https:\/\/impactocastex.com.ar\/wp-content\/uploads\/2026\/04\/WW4V5WMEGJAGRDI32S3XUGQJYM-hnn6MH-300x200.jpg",300,200,true],"medium_large":["https:\/\/impactocastex.com.ar\/wp-content\/uploads\/2026\/04\/WW4V5WMEGJAGRDI32S3XUGQJYM-hnn6MH-768x512.jpg",640,427,true],"large":["https:\/\/impactocastex.com.ar\/wp-content\/uploads\/2026\/04\/WW4V5WMEGJAGRDI32S3XUGQJYM-hnn6MH-1024x682.jpg",640,426,true],"1536x1536":["https:\/\/impactocastex.com.ar\/wp-content\/uploads\/2026\/04\/WW4V5WMEGJAGRDI32S3XUGQJYM-hnn6MH-1536x1024.jpg",1536,1024,true],"2048x2048":["https:\/\/impactocastex.com.ar\/wp-content\/uploads\/2026\/04\/WW4V5WMEGJAGRDI32S3XUGQJYM-hnn6MH.jpg",2000,1333,false],"newsever-slider-full":["https:\/\/impactocastex.com.ar\/wp-content\/uploads\/2026\/04\/WW4V5WMEGJAGRDI32S3XUGQJYM-hnn6MH-1280x845.jpg",1280,845,true],"newsever-featured":["https:\/\/impactocastex.com.ar\/wp-content\/uploads\/2026\/04\/WW4V5WMEGJAGRDI32S3XUGQJYM-hnn6MH-1024x682.jpg",1024,682,true],"newsever-medium":["https:\/\/impactocastex.com.ar\/wp-content\/uploads\/2026\/04\/WW4V5WMEGJAGRDI32S3XUGQJYM-hnn6MH-720x475.jpg",720,475,true]},"author_info":{"info":["impactocastex"]},"category_info":"<a href=\"https:\/\/impactocastex.com.ar\/?cat=89\" rel=\"category\">NACIONALES<\/a>","tag_info":"NACIONALES","comment_count":0,"jetpack_featured_media_url":"https:\/\/impactocastex.com.ar\/wp-content\/uploads\/2026\/04\/WW4V5WMEGJAGRDI32S3XUGQJYM-hnn6MH.jpg","jetpack_sharing_enabled":true,"jetpack_likes_enabled":true,"jetpack_shortlink":"https:\/\/wp.me\/p7sopA-4hN","_links":{"self":[{"href":"https:\/\/impactocastex.com.ar\/index.php?rest_route=\/wp\/v2\/posts\/16479","targetHints":{"allow":["GET"]}}],"collection":[{"href":"https:\/\/impactocastex.com.ar\/index.php?rest_route=\/wp\/v2\/posts"}],"about":[{"href":"https:\/\/impactocastex.com.ar\/index.php?rest_route=\/wp\/v2\/types\/post"}],"author":[{"embeddable":true,"href":"https:\/\/impactocastex.com.ar\/index.php?rest_route=\/wp\/v2\/users\/1"}],"replies":[{"embeddable":true,"href":"https:\/\/impactocastex.com.ar\/index.php?rest_route=%2Fwp%2Fv2%2Fcomments&post=16479"}],"version-history":[{"count":0,"href":"https:\/\/impactocastex.com.ar\/index.php?rest_route=\/wp\/v2\/posts\/16479\/revisions"}],"wp:featuredmedia":[{"embeddable":true,"href":"https:\/\/impactocastex.com.ar\/index.php?rest_route=\/wp\/v2\/media\/16480"}],"wp:attachment":[{"href":"https:\/\/impactocastex.com.ar\/index.php?rest_route=%2Fwp%2Fv2%2Fmedia&parent=16479"}],"wp:term":[{"taxonomy":"category","embeddable":true,"href":"https:\/\/impactocastex.com.ar\/index.php?rest_route=%2Fwp%2Fv2%2Fcategories&post=16479"},{"taxonomy":"post_tag","embeddable":true,"href":"https:\/\/impactocastex.com.ar\/index.php?rest_route=%2Fwp%2Fv2%2Ftags&post=16479"}],"curies":[{"name":"wp","href":"https:\/\/api.w.org\/{rel}","templated":true}]}}