{"id":16477,"date":"2026-04-26T03:17:49","date_gmt":"2026-04-26T06:17:49","guid":{"rendered":"https:\/\/impactocastex.com.ar\/?p=16477"},"modified":"2026-04-26T03:17:49","modified_gmt":"2026-04-26T06:17:49","slug":"la-trampa-de-las-asimetrias","status":"publish","type":"post","link":"https:\/\/impactocastex.com.ar\/?p=16477","title":{"rendered":"La trampa de las asimetr\u00edas"},"content":{"rendered":"<p>Las postales que retratan el desempe\u00f1o de la econom\u00eda argentina <b>est\u00e1n siempre marcadas por el contraste y la dualidad.<\/b> La actividad productiva muestra sectores que est\u00e1n creciendo aceleradamente (miner\u00eda, energ\u00eda, bancos), y otros que no encuentran un piso en su ca\u00edda (textiles, calzados). Hay empresas que cierran (Fate) o que se van del pa\u00eds (Nissan), y marcas que anuncian su pr\u00f3ximo desembarco (H&amp;M). Nichos de bienes dolarizados que est\u00e1n en su mejor momento (autos de lujo) y alimentos b\u00e1sicos cuyo consumo retrocede (productos l\u00e1cteos).<\/p>\n<p>Surge entonces, inevitable, una pregunta absolutamente central para evaluar el proyecto econ\u00f3mico de Javier Milei: <b>\u00bfes la disparidad un rasgo intr\u00ednseco del modelo libertario, o constituye un desv\u00edo coyuntural?<\/b> <b>\u00bfLas asimetr\u00edas pueden representar una caracter\u00edstica tan determinante para un programa econ\u00f3mico, o en realidad s\u00f3lo simbolizan la fase de transici\u00f3n hacia un estadio m\u00e1s evolucionado del plan? <\/b>Las respuestas a estos interrogantes son decisivas para el futuro del proyecto oficial, porque determinan si el Gobierno debe mantenerse prescindente de esas din\u00e1micas o, si por el contrario, tiene que administrar de alg\u00fan modo ese proceso.<\/p>\n<p><img loading=\"lazy\" decoding=\"async\" src=\"https:\/\/resizer.glanacion.com\/resizer\/v2\/OB5RIZILE5C6DH4ZIH4SWJBC5E.jpg?auth=c286d3ecf58bc777785e5763d3399ab51a82c8b3c1f9e3d9ce7f7a8f47b7649f&amp;smart=true&amp;width=2000&amp;height=1333\" alt=\"Luis Caputo y Santiago Bausili, la semana pasada en Nueva York\" height=\"1333\" width=\"2000\" \/><\/p>\n<p>Hasta ahora <b>se pueden identificar tres tipos de asimetr\u00edas<\/b> que tienen ra\u00edces profundas en el tiempo, pero que se visibilizaron como derivaciones propias del actual programa econ\u00f3mico. <b>Por un lado, la que surge de observar el desempe\u00f1o dispar de los distintos sectores productivos<\/b>, entre los que encontraron mayores facilidades en la apertura comercial y los que la padecen, y entre los que tienen una proyecci\u00f3n global y los que dependen del mercado interno.<\/p>\n<p><b>La segunda marca divisoria emerge entre grupos sociales<\/b>, con una clase alta y media alta que aceler\u00f3 sus compras en d\u00f3lares y que se beneficia con el tipo de cambio, y clases media-baja y baja que consumen menos y tienen dificultades importantes para llegar a fin de mes. <\/p>\n<p><b>Y la tercera bifurcaci\u00f3n es la geogr\u00e1fica<\/b>, con las regiones cordillerana (miner\u00eda), patag\u00f3nica (energ\u00eda) y pampeana (campo) en un momento de prosperidad, y los conurbanos de las grandes ciudades, en particular el AMBA, con industrias deprimidas y consumos deteriorados.<\/p>\n<p><img loading=\"lazy\" decoding=\"async\" src=\"https:\/\/resizer.glanacion.com\/resizer\/v2\/PY6GVX7R6VDKBA4HNZ4VL3GVSU.jpg?auth=b8f8319cbfcb5e867316acfcef2ae923fbe2d745cae362a905d203a8bdada02d&amp;smart=true&amp;width=2000&amp;height=1333\" alt=\"El agro y el petr\u00f3leo, dos de los motores de la econom\u00eda argentina actual\" height=\"1333\" width=\"2000\" \/><\/p>\n<p>La nueva Argentina se est\u00e1 construyendo sobre estas tres l\u00edneas de fractura. <b>Se trata del intento de reconversi\u00f3n m\u00e1s profunda de la concepci\u00f3n del pa\u00eds desde que se agot\u00f3 el modelo de sustituci\u00f3n de importaciones a mediados de los 70<\/b>. Es el experimento m\u00e1s ambicioso porque apunta a trasladar el epicentro productivo de la era industrial a zonas determinadas por los recursos naturales. Tambi\u00e9n porque asume que la competitividad es la \u00fanica fuerza organizadora de la matriz productiva, en donde cualquier esquema de compensaci\u00f3n es considerada una adulteraci\u00f3n distorsiva. Y adem\u00e1s porque lleva impl\u00edcita una l\u00f3gica de restauraci\u00f3n individual que desaf\u00eda la tradici\u00f3n igualitaria que caracteriz\u00f3 al pa\u00eds desde el siglo XX, un orden en el cual la libertad personal representa un valor superior al de la realizaci\u00f3n comunitaria.<\/p>\n<h1>La desigualdad productiva<\/h1>\n<p>Las asimetr\u00edas entre los diferentes sectores productivos \u00ad\u00adempezaron a intuirse en los primeros dos a\u00f1os de gesti\u00f3n libertaria como un fen\u00f3meno emergente, pero ahora se est\u00e1n cristalizando como un rasgo estructural. <\/p>\n<p>La \u00faltima medici\u00f3n del Estimador Mensual de Actividad Econ\u00f3mica (EMAE) que se conoci\u00f3 esta semana fue una demostraci\u00f3n muy clara. <b>El informe correspondiente a febrero exhibi\u00f3 una ca\u00edda general de la actividad del 2,1% interanual, y de 2,6% respecto de enero.<\/b> Una nueva se\u00f1al de que el primer trimestre ha sido muy \u00e1rido para la econom\u00eda argentina.<\/p>\n<p>Sin embargo, <b>lo que m\u00e1s llama la atenci\u00f3n es la disparidad absoluta entre los distintos rubros relevados.<\/b> Por un lado, aparecen los ganadores: la pesca subi\u00f3 el 14,8% interanual, la miner\u00eda 9,9%, la agricultura el 8,4% y los bancos el 6,6%. Por el otro, los perdedores: la industria manufacturera, con una ca\u00edda interanual de 8,7%, y el comercio con un retroceso del 7%. Es decir, <b>de un extremo a otro hay diferencias de m\u00e1s de 20 puntos de actividad.<\/b> <\/p>\n<p>Es un paisaje que se torn\u00f3 habitual, aunque no est\u00e9 claro hasta qu\u00e9 punto es sustentable en el tiempo, porque como se\u00f1al\u00f3 <a href=\"https:\/\/www.lanacion.com.ar\/opinion\/el-dificil-laberinto-de-como-seguir-nid24042026\/\" target=\"_self\" rel=\"\" title=\"https:\/\/www.lanacion.com.ar\/opinion\/el-dificil-laberinto-de-como-seguir-nid24042026\/\">Carlos Melconian en su reciente columna en La Nacion<\/a>, mientras el sector ganador \u201capenas ara\u00f1a el 20% de la econom\u00eda\u201d, el perdedor \u201cronda el 50% del PBI\u201d. Por eso desestima la idea de una econom\u00eda en dos velocidades, \u201cporque da una idea de simetr\u00eda\u201d, y prefiere hablar de una \u201cfragmentaci\u00f3n regresiva\u201d.<\/p>\n<p><img loading=\"lazy\" decoding=\"async\" src=\"https:\/\/resizer.glanacion.com\/resizer\/v2\/ZUXA7GKMIVG3LE6GD2L6OYZHCI.JPG?auth=7dd057ecd33f6cf5a198c47f40d2f46ac01a2a3ac2a9e69bae4ac8a3ada8ac91&amp;smart=true&amp;width=5000&amp;height=3333\" alt=\"Planta de extracci\u00f3n de gas de la empresa NAM, expresi\u00f3n de la nueva econom\u00eda neerlandesa \" height=\"3333\" width=\"5000\" \/><\/p>\n<p>Para algunos analistas, <b>la Argentina en un claro ejemplo de lo que se conoce como \u201cla enfermedad holandesa\u201d (Dutch Disease), <\/b>que es un fen\u00f3meno econ\u00f3mico que se genera como consecuencia de un aumento repentino en los ingresos de divisas (generalmente por el hallazgo de recursos naturales como gas o petr\u00f3leo), que termina perjudicando al resto de los sectores productivos del pa\u00eds, especialmente a la industria. El t\u00e9rmino deriva del caso de los Pa\u00edses Bajos en los a\u00f1os 70, cuando el descubrimiento de grandes yacimientos de gas natural enriqueci\u00f3 al pa\u00eds, pero la fortaleza de la moneda de entonces, el flor\u00edn, termin\u00f3 por hundir su sector industrial. Claro que despu\u00e9s la econom\u00eda holandesa adopt\u00f3 un set de profundas reformas, tras un amplio acuerdo pol\u00edtico, y que se reconvirti\u00f3 hacia el sector de servicios, log\u00edstica y alta tecnolog\u00eda para lograr altos niveles de competitividad.<\/p>\n<p><b>Daniel Schteingart<\/b>, especialista en temas de econ\u00f3micos y sociales de Fundar, marca una distinci\u00f3n fundamental entre los tres sectores m\u00e1s perjudicados con el actual modelo. Sostiene por un lado que <b>la merma que exhibi\u00f3 la construcci\u00f3n en los \u00faltimos dos a\u00f1os \u201ctiene un rasgo m\u00e1s coyuntural\u201d<\/b> que puede revertirse a partir de las inversiones del RIGI y de que se reactiven obras de infraestructura, con intervenci\u00f3n p\u00fablica y privada. <b>Algo similar ocurre con el comercio<\/b>, que desde su perspectiva podr\u00eda recomponerse a partir de una recuperaci\u00f3n del consumo, aunque \u201cen modo m\u00e1s dual, no en todos los rubros por igual\u201d.<\/p>\n<p><img loading=\"lazy\" decoding=\"async\" src=\"https:\/\/resizer.glanacion.com\/resizer\/v2\/MAMOS6OMMNF25CTSDXXZCMANEA.jpg?auth=2b72d5393bd5a519e7c8060828af91c953fa1665c0f9291a57df278682c854aa&amp;smart=true&amp;width=2000&amp;height=1333\" alt=\"Daniel Schteingart ve que algunas asimetr\u00edas son coyunturales, pero que lo de la industria es estructural\" height=\"1333\" width=\"2000\" \/><\/p>\n<p>Pero despu\u00e9s remarca que <b>el desplome de la industria es la que exhibe caracter\u00edsticas m\u00e1s estructurales<\/b>. \u201cLa industria no s\u00f3lo cae en t\u00e9rminos absolutos, es decir, en comparaci\u00f3n con su desempe\u00f1o en a\u00f1os anteriores, sino que tambi\u00e9n retrocede en t\u00e9rminos relativos, lo que implica que pierde incidencia en el PBI. Por lo cual <b>a\u00fan si la econom\u00eda crece, la industria va a perder terreno<\/b>\u201d, apunta Schteingart.<\/p>\n<p><b>En la l\u00f3gica del Gobierno, esto constituye una etapa del proceso de reconversi\u00f3n productiva, <\/b>que apunta a una progresiva transformaci\u00f3n de una matriz basada en una industria demandante de protecci\u00f3n, a otro esquema que s\u00f3lo contiene algunos sectores industriales muy competitivos y un crecimiento fuerte en el \u00e1rea de servicios. Esto se complementa con la potenciaci\u00f3n de los recursos naturales, a manos del agro, los hidrocarburos y la miner\u00eda.<\/p>\n<p><img loading=\"lazy\" decoding=\"async\" src=\"https:\/\/resizer.glanacion.com\/resizer\/v2\/WGC7IG52IJAJRAZTD65G6Z267M.JPG?auth=c0cc22f8040ee8b5aff7645455320007745e8cbe3cf32490de09b591f9e4a009&amp;smart=true&amp;width=1998&amp;height=1333\" alt=\"Cierre de la f\u00e1brica Fate. Trabajadores de la empresa se manifiestan en la puerta tras el despido de m\u00e1s de 900 empleados\" height=\"1333\" width=\"1998\" \/><\/p>\n<p><b>El gran dilema en este esquema es el efecto laboral, porque los sectores que hoy son m\u00e1s din\u00e1micos son los menos demandantes de mano de obra.<\/b> Esa reconversi\u00f3n es la m\u00e1s compleja de efectuar, porque entra\u00f1a adicionalmente un desaf\u00edo geogr\u00e1fico, ya que los puestos de trabajo se pierden r\u00e1pido en los cordones urbanos y crecen lento en el interior productivo del pa\u00eds. Y <b>no es imaginable una migraci\u00f3n masiva<\/b>, simplemente porque no habr\u00eda puestos laborales suficientes. S\u00f3lo basta con escuchar al gobernador de Neuqu\u00e9n, <b>Rolando Figueroa<\/b>, quien no se cansa de advertir que el impulso logrado por Vaca Muerta tiene que ser capitalizado por los neuquinos, no por los forasteros. Como si el conurbano bonaerense pudiera mudarse a A\u00f1elo.<\/p>\n<p><b>Muchas veces se cita el ejemplo de Australia<\/b> como un caso virtuoso de reconversi\u00f3n productiva que se inici\u00f3 en los 80 y se profundiz\u00f3 en los 90, y que le permiti\u00f3 pasar de una econom\u00eda cerrada y poco competitiva, a otra pujante y globalizada. Si se comparan las medidas econ\u00f3micas adoptadas all\u00ed con el proceso que lidera Milei se pueden encontrar varios paralelismos: apertura comercial, reforma laboral, eliminaci\u00f3n de regulaciones, flotaci\u00f3n monetaria.<\/p>\n<p><img loading=\"lazy\" decoding=\"async\" src=\"https:\/\/resizer.glanacion.com\/resizer\/v2\/4CSNKUJTV5DQRG5GV6PBB3RFYA.JPG?auth=64e72071a2a78a81ea8fd93447dc2bdf849c5e1dbf87eda789cd7f1cb4a2c948&amp;smart=true&amp;width=3555&amp;height=2370\" alt=\"Productos australianos en la g\u00f3ndola de un supermercado de Sydney\" height=\"2370\" width=\"3555\" \/><\/p>\n<p><b>Pero hay dos diferencias sustanciales. La primera, es que fue un programa consensuado <\/b>con todos los actores pol\u00edticos, empresariales y sindicales. <b>La segunda, es que como parte del plan se adopt\u00f3 una serie de medidas tendientes a arbitrar el proceso de transformaci\u00f3n <\/b>con un programa de reentrenamiento laboral enfocado en \u00e1reas productivas, una fuerte inversi\u00f3n en desarrollo tecnol\u00f3gico y cient\u00edfico, y un fomento a las industrias vinculadas con los recursos naturales. Es decir, un modelo que incluy\u00f3 una gu\u00eda de la transici\u00f3n, no s\u00f3lo con contenci\u00f3n social sino tambi\u00e9n con pol\u00edticas orientadas a la reconversi\u00f3n propuesta.<\/p>\n<h1>La clase alta sale del closet<\/h1>\n<p>Las asimetr\u00edas sociales tuvieron en los \u00faltimos d\u00edas dos retratos tremendamente gr\u00e1ficos, que ilustran la cristalizaci\u00f3n de segmentos cada vez m\u00e1s distantes, uno arriba y otro abajo de la pir\u00e1mide poblacional. La primera de esas pinturas la aport\u00f3 <b>Fernando Moiguer <\/b>al presentar su m\u00e1s reciente trabajo que, contraintuitivamente, se enfoc\u00f3 en la nueva configuraci\u00f3n de la clase alta. El consultor la caracteriza como una emergente del modelo propuesto por el Gobierno, legitimada por el discurso de Milei de que ser rico no est\u00e1 mal. <b>\u201cHist\u00f3ricamente, la clase alta argentina tendi\u00f3 a diluirse simb\u00f3licamente bajo la \u2018identidad de clase media\u2019,<\/b> como forma de integraci\u00f3n cultural y resguardo frente a la inestabilidad pol\u00edtica y social. Hoy, ese pacto impl\u00edcito comienza a romperse. Cambia el contexto macroecon\u00f3mico, el clima social y las formas de legitimaci\u00f3n del \u00e9xito\u201d, describe el estudio.<\/p>\n<p><img loading=\"lazy\" decoding=\"async\" src=\"https:\/\/resizer.glanacion.com\/resizer\/v2\/G5FDGV52RVDVBBUL3NBZ544HBA.JPG?auth=3bf30b83b4bb99c2d6f186958161887c7d4d9e9b619338fd7c81ec5a2e92c975&amp;smart=true&amp;width=2000&amp;height=1333\" alt=\"Fernando Moiguer, autor del informe sobre la clase alta\" height=\"1333\" width=\"2000\" \/><\/p>\n<p>A partir de ese disparador hace una profunda radiograf\u00eda econ\u00f3mica y sociol\u00f3gica de <b>ese sector que representa el 6% de la poblaci\u00f3n, pero el 49% del ingreso total del pa\u00eds<\/b>. Se\u00f1ala que hay un desacople entre la clase media y la clase alta, porque \u201cmientras amplios sectores de la clase media ajustan expectativas y profundizan sus estrategias de supervivencia, la clase alta, m\u00e1s all\u00e1 de preservar su posici\u00f3n relativa, se transforma y redefine sus c\u00f3digos. <b>Deja de funcionar como una extensi\u00f3n aspiracional de la clase media y comienza a operar como un sujeto social con l\u00f3gica propia\u201d<\/b>. <\/p>\n<p>Remarca que la clase alta empieza a tener nuevas din\u00e1micas, como la <b>territorializaci\u00f3n <\/b>(\u00e9lites regionales vinculadas a los polos m\u00e1s activos), la <b>fragmentaci\u00f3n <\/b>(diferencia la clase alta de los \u201cherederos\u201d; la de los \u201cauto-construidos\u201d, como profesionales y empresarios consolidados; y la de los \u201cemergentes\u201d, nuevos ricos de origen popular, los tres grupos con conductas y est\u00e9ticas diferentes), y <b>el consumo estrat\u00e9gico <\/b>(b\u00fasqueda de calidad, de promociones, de experiencias).<\/p>\n<p><img loading=\"lazy\" decoding=\"async\" src=\"https:\/\/resizer.glanacion.com\/resizer\/v2\/KBJNS6N5HJABFHZQHC3AJVQSRI.jpg?auth=f1edd7ec6e4ee33479dfdbbbbb60adfdf76ecfd09c68d1211a60519394103822&amp;smart=true&amp;width=2000&amp;height=1333\" alt=\"La clase alta se define tanto por sus consumos como por sus conductas\" height=\"1333\" width=\"2000\" \/><\/p>\n<p>En definitiva, Moiguer pinta con agudeza a la punta de la pir\u00e1mide como un actor social con una identidad propia que ya no disimula su riqueza, y que se siente validada por un mensaje que emana desde el propio Milei y que coexiste con un ecosistema digital que contribuy\u00f3 a socializar modos, estilos, consumos, conductas, sentido de pertenencia y aprobaci\u00f3n.<\/p>\n<p>En el otro extremo se sit\u00faa <a href=\"https:\/\/www.indec.gob.ar\/uploads\/informesdeprensa\/eph_indicadores_hogares_04_266C2447C938.pdf\" target=\"_self\" rel=\"\" title=\"https:\/\/www.indec.gob.ar\/uploads\/informesdeprensa\/eph_indicadores_hogares_04_266C2447C938.pdf\">el \u00faltimo informe del Indec sobre Indicadores de vida de los hogares en 31 aglomerados urbanos<\/a>, con datos consolidados del segundo semestre de 2025. En ese trabajo se desglosa <b>una serie de datos que dan cuenta de un empeoramiento de las condiciones de vida de los sectores de estratos m\u00e1s bajos<\/b>. Quiz\u00e1s la cifra m\u00e1s abarcativa es la que se\u00f1ala que s\u00f3lo el 28,2% de los pobres acceden a servicios de agua, gas y desag\u00fces, mientras que un a\u00f1o antes esa cifra era de 32,1%. Lo mismo ocurre con el \u00edtem vivienda: el 65,9% habita en construcciones con materiales de calidad, pero el a\u00f1o anterior esa cifra era de 67,9%. <\/p>\n<p><img loading=\"lazy\" decoding=\"async\" src=\"https:\/\/resizer.glanacion.com\/resizer\/v2\/ONONF7FM6ZC7NPKARFMNWRGP3A.JPG?auth=7a2e340b97fec0c3dde5573089b63e5797d004fbfd55b99a2a7471131e831ff7&amp;smart=true&amp;width=2000&amp;height=1333\" alt=\"Menos de un tercio de quienes habitan en los barrios populares tienen todos los servicios b\u00e1sicos\n\" height=\"1333\" width=\"2000\" \/><\/p>\n<p>Son peque\u00f1as se\u00f1ales que parecen sustentar el dato sobre pobreza que el Indec dio a conocer anteayer. Al desagregar el \u00faltimo trimestre del a\u00f1o pasado <b>se not\u00f3 una suba de tres puntos, que pas\u00f3 del 26,9% en el per\u00edodo julio-septiembre al 29,9% entre octubre y diciembre<\/b>. Es una tendencia que preanuncia un crecimiento de la pobreza en el arranque del 2026, pero que puede tener una par\u00e1bola inversa en los pr\u00f3ximos meses, si se cumple la previsi\u00f3n de una baja inflacionaria en el segundo trimestre.<\/p>\n<p>M\u00e1s all\u00e1 de las estad\u00edsticas, se nota que as\u00ed como la clase alta se cristaliza hacia arriba con din\u00e1micas propias, la clase baja se consolida hacia abajo con consumos retra\u00eddos, en <b>un comportamiento dual que es un signo distintivo de la marcha de la econom\u00eda hoy<\/b>.<\/p>\n<p><img loading=\"lazy\" decoding=\"async\" src=\"https:\/\/resizer.glanacion.com\/resizer\/v2\/4KJTH4PY7BB45KHAYXG4N7E5LM.jfif?auth=c13a8be7527037e4c17af7f805647cda4e1218b1beff13cb40729fbea39d8d99&amp;smart=true&amp;width=2413&amp;height=1810\" alt=\"El presidente Javier Milei y el canciller Pablo Quirno, esta semana junto al empresario tecnol\u00f3gico Peter Thiel\" height=\"1810\" width=\"2413\" \/><\/p>\n<p>La clase media, que hist\u00f3ricamente caracteriz\u00f3 a la sociedad argentina y funcion\u00f3 como un amortiguador y al mismo tiempo como un promotor aspiracional, aparece hoy m\u00e1s atenta a no caer dentro de los par\u00e1metros de la clase media-baja, que a mantenerse en la ilusi\u00f3n del ascenso social. <b>En la Argentina de las asimetr\u00edas su margen de identidad se angosta.<\/b> Ser de clase media hoy no es un significante n\u00edtido.<\/p>\n<p><b>Santiago Poy<\/b>, investigador en temas de desigualdad socioecon\u00f3mica del CIAS, remarca que <b>\u201cla clase media sufri\u00f3 mucho los recortes del sector p\u00fablico<\/b>: la reducci\u00f3n de subsidios deterior\u00f3 su ingreso disponible, el empleo p\u00fablico perdi\u00f3 poder adquisitivo y se contrajeron los recursos clave para sus expectativas de movilidad social, como sucede con la educaci\u00f3n superior. Pero en buena medida ese segmento mantuvo expectativas porque <b>hasta el a\u00f1o pasado hab\u00eda una narrativa, impulsada por el Gobierno, de que la estabilidad era un valor. Lo que ahora est\u00e1 en tela de juicio es si la estabilidad tambi\u00e9n es capaz de generar una mejora econ\u00f3mica<\/b>\u201d.<\/p>\n<p>\u200bLos \u00faltimos datos econ\u00f3micos reavivan el interrogante sobre si las disparidades constituyen un rasgo propio del plan o s\u00f3lo son un desv\u00edo temporal; la redefinici\u00f3n de una nueva clase alta sin pudores\u00a0\u00a0<\/p>","protected":false},"excerpt":{"rendered":"<p>Las postales que retratan el desempe\u00f1o de la econom\u00eda argentina est\u00e1n siempre marcadas por el&#8230;<\/p>\n","protected":false},"author":1,"featured_media":16478,"comment_status":"closed","ping_status":"closed","sticky":false,"template":"","format":"standard","meta":{"_jetpack_memberships_contains_paid_content":false,"footnotes":"","jetpack_publicize_message":"","jetpack_publicize_feature_enabled":true,"jetpack_social_post_already_shared":true,"jetpack_social_options":{"image_generator_settings":{"template":"highway","default_image_id":0,"font":"","enabled":false},"version":2}},"categories":[89],"tags":[],"class_list":["post-16477","post","type-post","status-publish","format-standard","has-post-thumbnail","hentry","category-nacionales"],"yoast_head":"<!-- This site is optimized with the Yoast SEO plugin v27.4 - https:\/\/yoast.com\/product\/yoast-seo-wordpress\/ -->\n<title>La trampa de las asimetr\u00edas -<\/title>\n<meta name=\"robots\" content=\"index, follow, max-snippet:-1, max-image-preview:large, max-video-preview:-1\" \/>\n<link rel=\"canonical\" href=\"https:\/\/impactocastex.com.ar\/?p=16477\" \/>\n<meta property=\"og:locale\" content=\"es_ES\" \/>\n<meta property=\"og:type\" content=\"article\" \/>\n<meta property=\"og:title\" content=\"La trampa de las asimetr\u00edas -\" \/>\n<meta property=\"og:description\" content=\"Las postales que retratan el desempe\u00f1o de la econom\u00eda argentina est\u00e1n siempre marcadas por el...\" \/>\n<meta property=\"og:url\" content=\"https:\/\/impactocastex.com.ar\/?p=16477\" \/>\n<meta property=\"article:publisher\" content=\"https:\/\/www.facebook.com\/impactocastexdiario\" \/>\n<meta property=\"article:published_time\" content=\"2026-04-26T06:17:49+00:00\" \/>\n<meta property=\"og:image\" content=\"https:\/\/resizer.glanacion.com\/resizer\/v2\/OB5RIZILE5C6DH4ZIH4SWJBC5E.jpg?auth=c286d3ecf58bc777785e5763d3399ab51a82c8b3c1f9e3d9ce7f7a8f47b7649f&amp;smart=true&amp;width=2000&amp;height=1333\" \/>\n<meta name=\"author\" content=\"impactocastex\" \/>\n<meta name=\"twitter:card\" content=\"summary_large_image\" \/>\n<meta name=\"twitter:label1\" content=\"Escrito por\" \/>\n\t<meta name=\"twitter:data1\" content=\"impactocastex\" \/>\n\t<meta name=\"twitter:label2\" content=\"Tiempo de lectura\" \/>\n\t<meta name=\"twitter:data2\" content=\"12 minutos\" \/>\n<script type=\"application\/ld+json\" class=\"yoast-schema-graph\">{\"@context\":\"https:\\\/\\\/schema.org\",\"@graph\":[{\"@type\":\"Article\",\"@id\":\"https:\\\/\\\/impactocastex.com.ar\\\/?p=16477#article\",\"isPartOf\":{\"@id\":\"https:\\\/\\\/impactocastex.com.ar\\\/?p=16477\"},\"author\":{\"name\":\"impactocastex\",\"@id\":\"https:\\\/\\\/impactocastex.com.ar\\\/#\\\/schema\\\/person\\\/86cb4f827fb5f87869a239b98a69c6e3\"},\"headline\":\"La trampa de las asimetr\u00edas\",\"datePublished\":\"2026-04-26T06:17:49+00:00\",\"mainEntityOfPage\":{\"@id\":\"https:\\\/\\\/impactocastex.com.ar\\\/?p=16477\"},\"wordCount\":2397,\"publisher\":{\"@id\":\"https:\\\/\\\/impactocastex.com.ar\\\/#organization\"},\"image\":{\"@id\":\"https:\\\/\\\/impactocastex.com.ar\\\/?p=16477#primaryimage\"},\"thumbnailUrl\":\"https:\\\/\\\/impactocastex.com.ar\\\/wp-content\\\/uploads\\\/2026\\\/04\\\/DHDFN2X5W5H3BPZKSCQLFHVPCQ-q0y5uL-scaled.jpg\",\"articleSection\":[\"NACIONALES\"],\"inLanguage\":\"es\"},{\"@type\":\"WebPage\",\"@id\":\"https:\\\/\\\/impactocastex.com.ar\\\/?p=16477\",\"url\":\"https:\\\/\\\/impactocastex.com.ar\\\/?p=16477\",\"name\":\"La trampa de las asimetr\u00edas -\",\"isPartOf\":{\"@id\":\"https:\\\/\\\/impactocastex.com.ar\\\/#website\"},\"primaryImageOfPage\":{\"@id\":\"https:\\\/\\\/impactocastex.com.ar\\\/?p=16477#primaryimage\"},\"image\":{\"@id\":\"https:\\\/\\\/impactocastex.com.ar\\\/?p=16477#primaryimage\"},\"thumbnailUrl\":\"https:\\\/\\\/impactocastex.com.ar\\\/wp-content\\\/uploads\\\/2026\\\/04\\\/DHDFN2X5W5H3BPZKSCQLFHVPCQ-q0y5uL-scaled.jpg\",\"datePublished\":\"2026-04-26T06:17:49+00:00\",\"breadcrumb\":{\"@id\":\"https:\\\/\\\/impactocastex.com.ar\\\/?p=16477#breadcrumb\"},\"inLanguage\":\"es\",\"potentialAction\":[{\"@type\":\"ReadAction\",\"target\":[\"https:\\\/\\\/impactocastex.com.ar\\\/?p=16477\"]}]},{\"@type\":\"ImageObject\",\"inLanguage\":\"es\",\"@id\":\"https:\\\/\\\/impactocastex.com.ar\\\/?p=16477#primaryimage\",\"url\":\"https:\\\/\\\/impactocastex.com.ar\\\/wp-content\\\/uploads\\\/2026\\\/04\\\/DHDFN2X5W5H3BPZKSCQLFHVPCQ-q0y5uL-scaled.jpg\",\"contentUrl\":\"https:\\\/\\\/impactocastex.com.ar\\\/wp-content\\\/uploads\\\/2026\\\/04\\\/DHDFN2X5W5H3BPZKSCQLFHVPCQ-q0y5uL-scaled.jpg\",\"width\":2560,\"height\":1706},{\"@type\":\"BreadcrumbList\",\"@id\":\"https:\\\/\\\/impactocastex.com.ar\\\/?p=16477#breadcrumb\",\"itemListElement\":[{\"@type\":\"ListItem\",\"position\":1,\"name\":\"Portada\",\"item\":\"https:\\\/\\\/impactocastex.com.ar\\\/\"},{\"@type\":\"ListItem\",\"position\":2,\"name\":\"La trampa de las asimetr\u00edas\"}]},{\"@type\":\"WebSite\",\"@id\":\"https:\\\/\\\/impactocastex.com.ar\\\/#website\",\"url\":\"https:\\\/\\\/impactocastex.com.ar\\\/\",\"name\":\"Impacto Castex\",\"description\":\"\",\"publisher\":{\"@id\":\"https:\\\/\\\/impactocastex.com.ar\\\/#organization\"},\"potentialAction\":[{\"@type\":\"SearchAction\",\"target\":{\"@type\":\"EntryPoint\",\"urlTemplate\":\"https:\\\/\\\/impactocastex.com.ar\\\/?s={search_term_string}\"},\"query-input\":{\"@type\":\"PropertyValueSpecification\",\"valueRequired\":true,\"valueName\":\"search_term_string\"}}],\"inLanguage\":\"es\"},{\"@type\":\"Organization\",\"@id\":\"https:\\\/\\\/impactocastex.com.ar\\\/#organization\",\"name\":\"Impacto Castex\",\"url\":\"https:\\\/\\\/impactocastex.com.ar\\\/\",\"logo\":{\"@type\":\"ImageObject\",\"inLanguage\":\"es\",\"@id\":\"https:\\\/\\\/impactocastex.com.ar\\\/#\\\/schema\\\/logo\\\/image\\\/\",\"url\":\"https:\\\/\\\/impactocastex.com.ar\\\/wp-content\\\/uploads\\\/2025\\\/09\\\/cropped-icoweb.png\",\"contentUrl\":\"https:\\\/\\\/impactocastex.com.ar\\\/wp-content\\\/uploads\\\/2025\\\/09\\\/cropped-icoweb.png\",\"width\":512,\"height\":512,\"caption\":\"Impacto Castex\"},\"image\":{\"@id\":\"https:\\\/\\\/impactocastex.com.ar\\\/#\\\/schema\\\/logo\\\/image\\\/\"},\"sameAs\":[\"https:\\\/\\\/www.facebook.com\\\/impactocastexdiario\",\"https:\\\/\\\/www.instagram.com\\\/impactocastex.com.ar\\\/\"]},{\"@type\":\"Person\",\"@id\":\"https:\\\/\\\/impactocastex.com.ar\\\/#\\\/schema\\\/person\\\/86cb4f827fb5f87869a239b98a69c6e3\",\"name\":\"impactocastex\",\"image\":{\"@type\":\"ImageObject\",\"inLanguage\":\"es\",\"@id\":\"https:\\\/\\\/secure.gravatar.com\\\/avatar\\\/9a87ee051ca8c77f5d4070843ce2c78cdf95b858b950fb039151de955122f5f5?s=96&d=mm&r=g\",\"url\":\"https:\\\/\\\/secure.gravatar.com\\\/avatar\\\/9a87ee051ca8c77f5d4070843ce2c78cdf95b858b950fb039151de955122f5f5?s=96&d=mm&r=g\",\"contentUrl\":\"https:\\\/\\\/secure.gravatar.com\\\/avatar\\\/9a87ee051ca8c77f5d4070843ce2c78cdf95b858b950fb039151de955122f5f5?s=96&d=mm&r=g\",\"caption\":\"impactocastex\"},\"sameAs\":[\"https:\\\/\\\/impactocastex.com.ar\"],\"url\":\"https:\\\/\\\/impactocastex.com.ar\\\/?author=1\"}]}<\/script>\n<!-- \/ Yoast SEO plugin. -->","yoast_head_json":{"title":"La trampa de las asimetr\u00edas -","robots":{"index":"index","follow":"follow","max-snippet":"max-snippet:-1","max-image-preview":"max-image-preview:large","max-video-preview":"max-video-preview:-1"},"canonical":"https:\/\/impactocastex.com.ar\/?p=16477","og_locale":"es_ES","og_type":"article","og_title":"La trampa de las asimetr\u00edas -","og_description":"Las postales que retratan el desempe\u00f1o de la econom\u00eda argentina est\u00e1n siempre marcadas por el...","og_url":"https:\/\/impactocastex.com.ar\/?p=16477","article_publisher":"https:\/\/www.facebook.com\/impactocastexdiario","article_published_time":"2026-04-26T06:17:49+00:00","og_image":[{"url":"https:\/\/resizer.glanacion.com\/resizer\/v2\/OB5RIZILE5C6DH4ZIH4SWJBC5E.jpg?auth=c286d3ecf58bc777785e5763d3399ab51a82c8b3c1f9e3d9ce7f7a8f47b7649f&amp;smart=true&amp;width=2000&amp;height=1333","type":"","width":"","height":""}],"author":"impactocastex","twitter_card":"summary_large_image","twitter_misc":{"Escrito por":"impactocastex","Tiempo de lectura":"12 minutos"},"schema":{"@context":"https:\/\/schema.org","@graph":[{"@type":"Article","@id":"https:\/\/impactocastex.com.ar\/?p=16477#article","isPartOf":{"@id":"https:\/\/impactocastex.com.ar\/?p=16477"},"author":{"name":"impactocastex","@id":"https:\/\/impactocastex.com.ar\/#\/schema\/person\/86cb4f827fb5f87869a239b98a69c6e3"},"headline":"La trampa de las asimetr\u00edas","datePublished":"2026-04-26T06:17:49+00:00","mainEntityOfPage":{"@id":"https:\/\/impactocastex.com.ar\/?p=16477"},"wordCount":2397,"publisher":{"@id":"https:\/\/impactocastex.com.ar\/#organization"},"image":{"@id":"https:\/\/impactocastex.com.ar\/?p=16477#primaryimage"},"thumbnailUrl":"https:\/\/impactocastex.com.ar\/wp-content\/uploads\/2026\/04\/DHDFN2X5W5H3BPZKSCQLFHVPCQ-q0y5uL-scaled.jpg","articleSection":["NACIONALES"],"inLanguage":"es"},{"@type":"WebPage","@id":"https:\/\/impactocastex.com.ar\/?p=16477","url":"https:\/\/impactocastex.com.ar\/?p=16477","name":"La trampa de las asimetr\u00edas -","isPartOf":{"@id":"https:\/\/impactocastex.com.ar\/#website"},"primaryImageOfPage":{"@id":"https:\/\/impactocastex.com.ar\/?p=16477#primaryimage"},"image":{"@id":"https:\/\/impactocastex.com.ar\/?p=16477#primaryimage"},"thumbnailUrl":"https:\/\/impactocastex.com.ar\/wp-content\/uploads\/2026\/04\/DHDFN2X5W5H3BPZKSCQLFHVPCQ-q0y5uL-scaled.jpg","datePublished":"2026-04-26T06:17:49+00:00","breadcrumb":{"@id":"https:\/\/impactocastex.com.ar\/?p=16477#breadcrumb"},"inLanguage":"es","potentialAction":[{"@type":"ReadAction","target":["https:\/\/impactocastex.com.ar\/?p=16477"]}]},{"@type":"ImageObject","inLanguage":"es","@id":"https:\/\/impactocastex.com.ar\/?p=16477#primaryimage","url":"https:\/\/impactocastex.com.ar\/wp-content\/uploads\/2026\/04\/DHDFN2X5W5H3BPZKSCQLFHVPCQ-q0y5uL-scaled.jpg","contentUrl":"https:\/\/impactocastex.com.ar\/wp-content\/uploads\/2026\/04\/DHDFN2X5W5H3BPZKSCQLFHVPCQ-q0y5uL-scaled.jpg","width":2560,"height":1706},{"@type":"BreadcrumbList","@id":"https:\/\/impactocastex.com.ar\/?p=16477#breadcrumb","itemListElement":[{"@type":"ListItem","position":1,"name":"Portada","item":"https:\/\/impactocastex.com.ar\/"},{"@type":"ListItem","position":2,"name":"La trampa de las asimetr\u00edas"}]},{"@type":"WebSite","@id":"https:\/\/impactocastex.com.ar\/#website","url":"https:\/\/impactocastex.com.ar\/","name":"Impacto Castex","description":"","publisher":{"@id":"https:\/\/impactocastex.com.ar\/#organization"},"potentialAction":[{"@type":"SearchAction","target":{"@type":"EntryPoint","urlTemplate":"https:\/\/impactocastex.com.ar\/?s={search_term_string}"},"query-input":{"@type":"PropertyValueSpecification","valueRequired":true,"valueName":"search_term_string"}}],"inLanguage":"es"},{"@type":"Organization","@id":"https:\/\/impactocastex.com.ar\/#organization","name":"Impacto Castex","url":"https:\/\/impactocastex.com.ar\/","logo":{"@type":"ImageObject","inLanguage":"es","@id":"https:\/\/impactocastex.com.ar\/#\/schema\/logo\/image\/","url":"https:\/\/impactocastex.com.ar\/wp-content\/uploads\/2025\/09\/cropped-icoweb.png","contentUrl":"https:\/\/impactocastex.com.ar\/wp-content\/uploads\/2025\/09\/cropped-icoweb.png","width":512,"height":512,"caption":"Impacto Castex"},"image":{"@id":"https:\/\/impactocastex.com.ar\/#\/schema\/logo\/image\/"},"sameAs":["https:\/\/www.facebook.com\/impactocastexdiario","https:\/\/www.instagram.com\/impactocastex.com.ar\/"]},{"@type":"Person","@id":"https:\/\/impactocastex.com.ar\/#\/schema\/person\/86cb4f827fb5f87869a239b98a69c6e3","name":"impactocastex","image":{"@type":"ImageObject","inLanguage":"es","@id":"https:\/\/secure.gravatar.com\/avatar\/9a87ee051ca8c77f5d4070843ce2c78cdf95b858b950fb039151de955122f5f5?s=96&d=mm&r=g","url":"https:\/\/secure.gravatar.com\/avatar\/9a87ee051ca8c77f5d4070843ce2c78cdf95b858b950fb039151de955122f5f5?s=96&d=mm&r=g","contentUrl":"https:\/\/secure.gravatar.com\/avatar\/9a87ee051ca8c77f5d4070843ce2c78cdf95b858b950fb039151de955122f5f5?s=96&d=mm&r=g","caption":"impactocastex"},"sameAs":["https:\/\/impactocastex.com.ar"],"url":"https:\/\/impactocastex.com.ar\/?author=1"}]}},"jetpack_publicize_connections":[],"featured_image_urls":{"full":["https:\/\/impactocastex.com.ar\/wp-content\/uploads\/2026\/04\/DHDFN2X5W5H3BPZKSCQLFHVPCQ-q0y5uL-scaled.jpg",2560,1706,false],"thumbnail":["https:\/\/impactocastex.com.ar\/wp-content\/uploads\/2026\/04\/DHDFN2X5W5H3BPZKSCQLFHVPCQ-q0y5uL-150x150.jpg",150,150,true],"medium":["https:\/\/impactocastex.com.ar\/wp-content\/uploads\/2026\/04\/DHDFN2X5W5H3BPZKSCQLFHVPCQ-q0y5uL-300x200.jpg",300,200,true],"medium_large":["https:\/\/impactocastex.com.ar\/wp-content\/uploads\/2026\/04\/DHDFN2X5W5H3BPZKSCQLFHVPCQ-q0y5uL-768x512.jpg",640,427,true],"large":["https:\/\/impactocastex.com.ar\/wp-content\/uploads\/2026\/04\/DHDFN2X5W5H3BPZKSCQLFHVPCQ-q0y5uL-1024x683.jpg",640,427,true],"1536x1536":["https:\/\/impactocastex.com.ar\/wp-content\/uploads\/2026\/04\/DHDFN2X5W5H3BPZKSCQLFHVPCQ-q0y5uL-1536x1024.jpg",1536,1024,true],"2048x2048":["https:\/\/impactocastex.com.ar\/wp-content\/uploads\/2026\/04\/DHDFN2X5W5H3BPZKSCQLFHVPCQ-q0y5uL-2048x1365.jpg",2048,1365,true],"newsever-slider-full":["https:\/\/impactocastex.com.ar\/wp-content\/uploads\/2026\/04\/DHDFN2X5W5H3BPZKSCQLFHVPCQ-q0y5uL-1280x845.jpg",1280,845,true],"newsever-featured":["https:\/\/impactocastex.com.ar\/wp-content\/uploads\/2026\/04\/DHDFN2X5W5H3BPZKSCQLFHVPCQ-q0y5uL-1024x683.jpg",1024,683,true],"newsever-medium":["https:\/\/impactocastex.com.ar\/wp-content\/uploads\/2026\/04\/DHDFN2X5W5H3BPZKSCQLFHVPCQ-q0y5uL-720x475.jpg",720,475,true]},"author_info":{"info":["impactocastex"]},"category_info":"<a href=\"https:\/\/impactocastex.com.ar\/?cat=89\" rel=\"category\">NACIONALES<\/a>","tag_info":"NACIONALES","comment_count":0,"jetpack_featured_media_url":"https:\/\/impactocastex.com.ar\/wp-content\/uploads\/2026\/04\/DHDFN2X5W5H3BPZKSCQLFHVPCQ-q0y5uL-scaled.jpg","jetpack_sharing_enabled":true,"jetpack_likes_enabled":true,"jetpack_shortlink":"https:\/\/wp.me\/p7sopA-4hL","_links":{"self":[{"href":"https:\/\/impactocastex.com.ar\/index.php?rest_route=\/wp\/v2\/posts\/16477","targetHints":{"allow":["GET"]}}],"collection":[{"href":"https:\/\/impactocastex.com.ar\/index.php?rest_route=\/wp\/v2\/posts"}],"about":[{"href":"https:\/\/impactocastex.com.ar\/index.php?rest_route=\/wp\/v2\/types\/post"}],"author":[{"embeddable":true,"href":"https:\/\/impactocastex.com.ar\/index.php?rest_route=\/wp\/v2\/users\/1"}],"replies":[{"embeddable":true,"href":"https:\/\/impactocastex.com.ar\/index.php?rest_route=%2Fwp%2Fv2%2Fcomments&post=16477"}],"version-history":[{"count":0,"href":"https:\/\/impactocastex.com.ar\/index.php?rest_route=\/wp\/v2\/posts\/16477\/revisions"}],"wp:featuredmedia":[{"embeddable":true,"href":"https:\/\/impactocastex.com.ar\/index.php?rest_route=\/wp\/v2\/media\/16478"}],"wp:attachment":[{"href":"https:\/\/impactocastex.com.ar\/index.php?rest_route=%2Fwp%2Fv2%2Fmedia&parent=16477"}],"wp:term":[{"taxonomy":"category","embeddable":true,"href":"https:\/\/impactocastex.com.ar\/index.php?rest_route=%2Fwp%2Fv2%2Fcategories&post=16477"},{"taxonomy":"post_tag","embeddable":true,"href":"https:\/\/impactocastex.com.ar\/index.php?rest_route=%2Fwp%2Fv2%2Ftags&post=16477"}],"curies":[{"name":"wp","href":"https:\/\/api.w.org\/{rel}","templated":true}]}}