{"id":16467,"date":"2026-04-26T00:15:15","date_gmt":"2026-04-26T03:15:15","guid":{"rendered":"https:\/\/impactocastex.com.ar\/?p=16467"},"modified":"2026-04-26T00:15:15","modified_gmt":"2026-04-26T03:15:15","slug":"amenaza-en-estados-unidos-trump-confirmo-que-el-tirador-fue-detenido","status":"publish","type":"post","link":"https:\/\/impactocastex.com.ar\/?p=16467","title":{"rendered":"Amenaza en Estados Unidos: Trump confirm\u00f3 que el tirador fue detenido"},"content":{"rendered":"<p>El presidente de <a href=\"https:\/\/www.lanacion.com.ar\/estados-unidos\/evacuaron-a-trump-de-la-casa-blanca-por-una-amenaza-durante-una-cena-con-periodistas-nid25042026\/\" target=\"_blank\" rel=\"noreferrer\" title=\"https:\/\/www.lanacion.com.ar\/estados-unidos\/evacuaron-a-trump-de-la-casa-blanca-por-una-amenaza-durante-una-cena-con-periodistas-nid25042026\/\">Estados Unidos<\/a>, <a href=\"https:\/\/www.lanacion.com.ar\/el-mundo\/los-videos-del-momento-de-la-evacuacion-a-donald-trump-nid25042026\/\" target=\"_blank\" rel=\"noreferrer\" title=\"https:\/\/www.lanacion.com.ar\/el-mundo\/los-videos-del-momento-de-la-evacuacion-a-donald-trump-nid25042026\/\"><b>Donald Trump<\/b><\/a>, encabez\u00f3 este s\u00e1bado por la noche una conferencia de prensa. Habl\u00f3 luego de haber tenido que ser evacuado de la cena anual de corresponsales de la Casa Blanca. El mandatario valor\u00f3 la actuaci\u00f3n de las fuerzas de seguridad. <b>\u201cTodo est\u00e1 bajo control\u201d<\/b>, asegur\u00f3.<\/p>\n<p>\u201cUn hombre embisti\u00f3 un puesto de control de seguridad armado con m\u00faltiples armas, y fue reducido por algunos miembros muy valientes del Servicio Secreto\u201d, relat\u00f3 Trump respecto de la sucesi\u00f3n de hechos. Respecto a la persona que efectu\u00f3 el ataque, se\u00f1al\u00f3 que es <b>una persona \u201cmuy enferma\u201d<\/b>.<\/p>\n<p><img loading=\"lazy\" decoding=\"async\" src=\"https:\/\/resizer.glanacion.com\/resizer\/v2\/YIAZIYTIVFH3XPYQ4A47V4GRV4.jpg?auth=853250964c4eecb6c7e3a0f8b67e5a8237ddc12d97db1343520b97bf1df80754&amp;smart=true&amp;width=2435&amp;height=1581\" alt=\"El presidente estadounidense, Donald Trump, protagoniz\u00f3 una rueda de prensa en la Sala de Prensa Brady de la Casa Blanca (Foto de Mandel NGAN \/ AFP)\n\" height=\"1581\" width=\"2435\" \/><\/p>\n<p>Tambi\u00e9n indic\u00f3 que<b> un agente \u201crecibi\u00f3 un disparo, pero se salv\u00f3\u201d<\/b>. Y agreg\u00f3, en el marco de la conferencia de prensa: \u201cEl chaleco cumpli\u00f3 su funci\u00f3n. Acabo de hablar con el agente y est\u00e1 muy bien\u201d.<\/p>\n<p>Por otra parte, el mandatario comparti\u00f3 un mensaje despu\u00e9s de ser evacuado. Adem\u00e1s, inform\u00f3 que <b>el agresor fue detenido <\/b>y pidi\u00f3 que el evento continuara con normalidad.<\/p>\n<p><img loading=\"lazy\" decoding=\"async\" src=\"https:\/\/resizer.glanacion.com\/resizer\/v2\/PPFOHKA3CNHHRM6RKYH2FJJJME.png?auth=7984c8232aa8def6c8dc746e5c6ea29dba4f0ef24292ed00861caebe038d7ef1&amp;smart=true&amp;width=1267&amp;height=700\" alt=\"Kash Patel, director del FBI, tambi\u00e9n tom\u00f3 la palabra en la conferencia de prensa brindada en la Casa Blanca\" height=\"700\" width=\"1267\" \/><\/p>\n<p>Tambi\u00e9n tom\u00f3 el micr\u00f3fono el <b>director del FBI, Kash Patel<\/b>, dijo que se examinar\u00e1 de manera exhaustiva el historial de la persona detenida. \u201cEse proceso ya ha comenzado. <b>Analizaremos todas las pruebas de inmediato para asegurarnos de proteger este pa\u00eds\u201d<\/b>, asegur\u00f3.<\/p>\n<p>Por su parte, <b>Todd Blanche<\/b>, fiscal general adjunto interino de los Estados Unidos fue consultado sobre los cargos de los que ser\u00e1 acusado el sospechoso. <b>\u201cLos cargos deber\u00edan ser evidentes por s\u00ed mismos, dada la conducta<\/b>. Como oir\u00e1n, habr\u00e1 m\u00faltiples cargos relacionados con el tiroteo en torno a la posesi\u00f3n de armas de fuego y cualquier otra cosa que podamos imputar a este tipo\u201d, dijo.<\/p>\n<h1>Los mensajes de Trump en Truth Social, tras el intento de ataque<\/h1>\n<p>\u201cUna noche memorable en Washington. El Servicio Secreto y las fuerzas del orden hicieron un trabajo fant\u00e1stico. Actuaron con rapidez y valent\u00eda. <b>El tirador fue detenido y he recomendado que \u2018el espect\u00e1culo contin\u00fae\u2019<\/b>, pero seguiremos las indicaciones de las fuerzas del orden. Tomar\u00e1 una decisi\u00f3n breve\u201d, expres\u00f3 el jefe de la Casa Blanca en Truth Social.<\/p>\n<p>Adem\u00e1s sigui\u00f3: \u201cIndependientemente de la decisi\u00f3n, la noche ser\u00e1 muy diferente a lo planeado y, sencillamente, tendremos que repetirla\u201d.<\/p>\n<p><img loading=\"lazy\" decoding=\"async\" src=\"https:\/\/resizer.glanacion.com\/resizer\/v2\/MEFMRZTWBZE43FXO7VRSHTF6YM.PNG?auth=ccbf43023c718ae2f489f78b64ed3f6a7bafc8fa3c6f5942c5fdc94369edcfc8&amp;smart=true&amp;width=660&amp;height=337\" alt=\"Trump confirm\u00f3 que el tirador fue detenido y habl\u00f3 del ataque\" height=\"337\" width=\"660\" \/><\/p>\n<p>Minutos m\u00e1s tarde, Trump public\u00f3 otro mensaje en la red social, donde confirm\u00f3 que los agentes le solicitaron que abandone la cena para seguir el protocolo y anticip\u00f3 que dar\u00e1 una conferencia de prensa desde la Casa Blanca. \u201cLa primera dama, el vicepresidente y todos los miembros del Gabinete se encuentran en perfecto estado de salud. He hablado con todos los representantes encargados del evento y lo reprogramaremos en un plazo de 30 d\u00edas\u201d, se\u00f1al\u00f3.<\/p>\n<p>Noticia en desarrollo.<\/p>\n<p>\u200bEl jefe de la Casa Blanca inform\u00f3 que dio la orden de que el evento contin\u00fae y agradeci\u00f3 a los agentes del Servicio Secreto por el operativo\u00a0\u00a0<\/p>","protected":false},"excerpt":{"rendered":"<p>El presidente de Estados Unidos, Donald Trump, encabez\u00f3 este s\u00e1bado por la noche una conferencia&#8230;<\/p>\n","protected":false},"author":1,"featured_media":16468,"comment_status":"closed","ping_status":"closed","sticky":false,"template":"","format":"standard","meta":{"_jetpack_memberships_contains_paid_content":false,"footnotes":"","jetpack_publicize_message":"","jetpack_publicize_feature_enabled":true,"jetpack_social_post_already_shared":true,"jetpack_social_options":{"image_generator_settings":{"template":"highway","default_image_id":0,"font":"","enabled":false},"version":2}},"categories":[89],"tags":[],"class_list":["post-16467","post","type-post","status-publish","format-standard","has-post-thumbnail","hentry","category-nacionales"],"yoast_head":"<!-- This site is optimized with the Yoast SEO plugin v27.4 - https:\/\/yoast.com\/product\/yoast-seo-wordpress\/ -->\n<title>Amenaza en Estados Unidos: Trump confirm\u00f3 que el tirador fue detenido -<\/title>\n<meta name=\"robots\" content=\"index, follow, max-snippet:-1, max-image-preview:large, max-video-preview:-1\" \/>\n<link rel=\"canonical\" href=\"https:\/\/impactocastex.com.ar\/?p=16467\" \/>\n<meta property=\"og:locale\" content=\"es_ES\" \/>\n<meta property=\"og:type\" content=\"article\" \/>\n<meta property=\"og:title\" content=\"Amenaza en Estados Unidos: Trump confirm\u00f3 que el tirador fue detenido -\" \/>\n<meta property=\"og:description\" content=\"El presidente de Estados Unidos, Donald Trump, encabez\u00f3 este s\u00e1bado por la noche una conferencia...\" \/>\n<meta property=\"og:url\" content=\"https:\/\/impactocastex.com.ar\/?p=16467\" \/>\n<meta property=\"article:publisher\" content=\"https:\/\/www.facebook.com\/impactocastexdiario\" \/>\n<meta property=\"article:published_time\" content=\"2026-04-26T03:15:15+00:00\" \/>\n<meta property=\"og:image\" content=\"https:\/\/resizer.glanacion.com\/resizer\/v2\/YIAZIYTIVFH3XPYQ4A47V4GRV4.jpg?auth=853250964c4eecb6c7e3a0f8b67e5a8237ddc12d97db1343520b97bf1df80754&amp;smart=true&amp;width=2435&amp;height=1581\" \/>\n<meta name=\"author\" content=\"impactocastex\" \/>\n<meta name=\"twitter:card\" content=\"summary_large_image\" \/>\n<meta name=\"twitter:label1\" content=\"Escrito por\" \/>\n\t<meta name=\"twitter:data1\" content=\"impactocastex\" \/>\n\t<meta name=\"twitter:label2\" content=\"Tiempo de lectura\" \/>\n\t<meta name=\"twitter:data2\" content=\"2 minutos\" \/>\n<script type=\"application\/ld+json\" class=\"yoast-schema-graph\">{\"@context\":\"https:\\\/\\\/schema.org\",\"@graph\":[{\"@type\":\"Article\",\"@id\":\"https:\\\/\\\/impactocastex.com.ar\\\/?p=16467#article\",\"isPartOf\":{\"@id\":\"https:\\\/\\\/impactocastex.com.ar\\\/?p=16467\"},\"author\":{\"name\":\"impactocastex\",\"@id\":\"https:\\\/\\\/impactocastex.com.ar\\\/#\\\/schema\\\/person\\\/86cb4f827fb5f87869a239b98a69c6e3\"},\"headline\":\"Amenaza en Estados Unidos: Trump confirm\u00f3 que el tirador fue detenido\",\"datePublished\":\"2026-04-26T03:15:15+00:00\",\"mainEntityOfPage\":{\"@id\":\"https:\\\/\\\/impactocastex.com.ar\\\/?p=16467\"},\"wordCount\":495,\"publisher\":{\"@id\":\"https:\\\/\\\/impactocastex.com.ar\\\/#organization\"},\"image\":{\"@id\":\"https:\\\/\\\/impactocastex.com.ar\\\/?p=16467#primaryimage\"},\"thumbnailUrl\":\"https:\\\/\\\/impactocastex.com.ar\\\/wp-content\\\/uploads\\\/2026\\\/04\\\/62YH2EXK5RD4PAGOW7O6UIDCVI-towCt1-scaled.jpg\",\"articleSection\":[\"NACIONALES\"],\"inLanguage\":\"es\"},{\"@type\":\"WebPage\",\"@id\":\"https:\\\/\\\/impactocastex.com.ar\\\/?p=16467\",\"url\":\"https:\\\/\\\/impactocastex.com.ar\\\/?p=16467\",\"name\":\"Amenaza en Estados Unidos: Trump confirm\u00f3 que el tirador fue detenido -\",\"isPartOf\":{\"@id\":\"https:\\\/\\\/impactocastex.com.ar\\\/#website\"},\"primaryImageOfPage\":{\"@id\":\"https:\\\/\\\/impactocastex.com.ar\\\/?p=16467#primaryimage\"},\"image\":{\"@id\":\"https:\\\/\\\/impactocastex.com.ar\\\/?p=16467#primaryimage\"},\"thumbnailUrl\":\"https:\\\/\\\/impactocastex.com.ar\\\/wp-content\\\/uploads\\\/2026\\\/04\\\/62YH2EXK5RD4PAGOW7O6UIDCVI-towCt1-scaled.jpg\",\"datePublished\":\"2026-04-26T03:15:15+00:00\",\"breadcrumb\":{\"@id\":\"https:\\\/\\\/impactocastex.com.ar\\\/?p=16467#breadcrumb\"},\"inLanguage\":\"es\",\"potentialAction\":[{\"@type\":\"ReadAction\",\"target\":[\"https:\\\/\\\/impactocastex.com.ar\\\/?p=16467\"]}]},{\"@type\":\"ImageObject\",\"inLanguage\":\"es\",\"@id\":\"https:\\\/\\\/impactocastex.com.ar\\\/?p=16467#primaryimage\",\"url\":\"https:\\\/\\\/impactocastex.com.ar\\\/wp-content\\\/uploads\\\/2026\\\/04\\\/62YH2EXK5RD4PAGOW7O6UIDCVI-towCt1-scaled.jpg\",\"contentUrl\":\"https:\\\/\\\/impactocastex.com.ar\\\/wp-content\\\/uploads\\\/2026\\\/04\\\/62YH2EXK5RD4PAGOW7O6UIDCVI-towCt1-scaled.jpg\",\"width\":2560,\"height\":1707},{\"@type\":\"BreadcrumbList\",\"@id\":\"https:\\\/\\\/impactocastex.com.ar\\\/?p=16467#breadcrumb\",\"itemListElement\":[{\"@type\":\"ListItem\",\"position\":1,\"name\":\"Portada\",\"item\":\"https:\\\/\\\/impactocastex.com.ar\\\/\"},{\"@type\":\"ListItem\",\"position\":2,\"name\":\"Amenaza en Estados Unidos: Trump confirm\u00f3 que el tirador fue detenido\"}]},{\"@type\":\"WebSite\",\"@id\":\"https:\\\/\\\/impactocastex.com.ar\\\/#website\",\"url\":\"https:\\\/\\\/impactocastex.com.ar\\\/\",\"name\":\"Impacto Castex\",\"description\":\"\",\"publisher\":{\"@id\":\"https:\\\/\\\/impactocastex.com.ar\\\/#organization\"},\"potentialAction\":[{\"@type\":\"SearchAction\",\"target\":{\"@type\":\"EntryPoint\",\"urlTemplate\":\"https:\\\/\\\/impactocastex.com.ar\\\/?s={search_term_string}\"},\"query-input\":{\"@type\":\"PropertyValueSpecification\",\"valueRequired\":true,\"valueName\":\"search_term_string\"}}],\"inLanguage\":\"es\"},{\"@type\":\"Organization\",\"@id\":\"https:\\\/\\\/impactocastex.com.ar\\\/#organization\",\"name\":\"Impacto Castex\",\"url\":\"https:\\\/\\\/impactocastex.com.ar\\\/\",\"logo\":{\"@type\":\"ImageObject\",\"inLanguage\":\"es\",\"@id\":\"https:\\\/\\\/impactocastex.com.ar\\\/#\\\/schema\\\/logo\\\/image\\\/\",\"url\":\"https:\\\/\\\/impactocastex.com.ar\\\/wp-content\\\/uploads\\\/2025\\\/09\\\/cropped-icoweb.png\",\"contentUrl\":\"https:\\\/\\\/impactocastex.com.ar\\\/wp-content\\\/uploads\\\/2025\\\/09\\\/cropped-icoweb.png\",\"width\":512,\"height\":512,\"caption\":\"Impacto Castex\"},\"image\":{\"@id\":\"https:\\\/\\\/impactocastex.com.ar\\\/#\\\/schema\\\/logo\\\/image\\\/\"},\"sameAs\":[\"https:\\\/\\\/www.facebook.com\\\/impactocastexdiario\",\"https:\\\/\\\/www.instagram.com\\\/impactocastex.com.ar\\\/\"]},{\"@type\":\"Person\",\"@id\":\"https:\\\/\\\/impactocastex.com.ar\\\/#\\\/schema\\\/person\\\/86cb4f827fb5f87869a239b98a69c6e3\",\"name\":\"impactocastex\",\"image\":{\"@type\":\"ImageObject\",\"inLanguage\":\"es\",\"@id\":\"https:\\\/\\\/secure.gravatar.com\\\/avatar\\\/9a87ee051ca8c77f5d4070843ce2c78cdf95b858b950fb039151de955122f5f5?s=96&d=mm&r=g\",\"url\":\"https:\\\/\\\/secure.gravatar.com\\\/avatar\\\/9a87ee051ca8c77f5d4070843ce2c78cdf95b858b950fb039151de955122f5f5?s=96&d=mm&r=g\",\"contentUrl\":\"https:\\\/\\\/secure.gravatar.com\\\/avatar\\\/9a87ee051ca8c77f5d4070843ce2c78cdf95b858b950fb039151de955122f5f5?s=96&d=mm&r=g\",\"caption\":\"impactocastex\"},\"sameAs\":[\"https:\\\/\\\/impactocastex.com.ar\"],\"url\":\"https:\\\/\\\/impactocastex.com.ar\\\/?author=1\"}]}<\/script>\n<!-- \/ Yoast SEO plugin. -->","yoast_head_json":{"title":"Amenaza en Estados Unidos: Trump confirm\u00f3 que el tirador fue detenido -","robots":{"index":"index","follow":"follow","max-snippet":"max-snippet:-1","max-image-preview":"max-image-preview:large","max-video-preview":"max-video-preview:-1"},"canonical":"https:\/\/impactocastex.com.ar\/?p=16467","og_locale":"es_ES","og_type":"article","og_title":"Amenaza en Estados Unidos: Trump confirm\u00f3 que el tirador fue detenido -","og_description":"El presidente de Estados Unidos, Donald Trump, encabez\u00f3 este s\u00e1bado por la noche una conferencia...","og_url":"https:\/\/impactocastex.com.ar\/?p=16467","article_publisher":"https:\/\/www.facebook.com\/impactocastexdiario","article_published_time":"2026-04-26T03:15:15+00:00","og_image":[{"url":"https:\/\/resizer.glanacion.com\/resizer\/v2\/YIAZIYTIVFH3XPYQ4A47V4GRV4.jpg?auth=853250964c4eecb6c7e3a0f8b67e5a8237ddc12d97db1343520b97bf1df80754&amp;smart=true&amp;width=2435&amp;height=1581","type":"","width":"","height":""}],"author":"impactocastex","twitter_card":"summary_large_image","twitter_misc":{"Escrito por":"impactocastex","Tiempo de lectura":"2 minutos"},"schema":{"@context":"https:\/\/schema.org","@graph":[{"@type":"Article","@id":"https:\/\/impactocastex.com.ar\/?p=16467#article","isPartOf":{"@id":"https:\/\/impactocastex.com.ar\/?p=16467"},"author":{"name":"impactocastex","@id":"https:\/\/impactocastex.com.ar\/#\/schema\/person\/86cb4f827fb5f87869a239b98a69c6e3"},"headline":"Amenaza en Estados Unidos: Trump confirm\u00f3 que el tirador fue detenido","datePublished":"2026-04-26T03:15:15+00:00","mainEntityOfPage":{"@id":"https:\/\/impactocastex.com.ar\/?p=16467"},"wordCount":495,"publisher":{"@id":"https:\/\/impactocastex.com.ar\/#organization"},"image":{"@id":"https:\/\/impactocastex.com.ar\/?p=16467#primaryimage"},"thumbnailUrl":"https:\/\/impactocastex.com.ar\/wp-content\/uploads\/2026\/04\/62YH2EXK5RD4PAGOW7O6UIDCVI-towCt1-scaled.jpg","articleSection":["NACIONALES"],"inLanguage":"es"},{"@type":"WebPage","@id":"https:\/\/impactocastex.com.ar\/?p=16467","url":"https:\/\/impactocastex.com.ar\/?p=16467","name":"Amenaza en Estados Unidos: Trump confirm\u00f3 que el tirador fue detenido -","isPartOf":{"@id":"https:\/\/impactocastex.com.ar\/#website"},"primaryImageOfPage":{"@id":"https:\/\/impactocastex.com.ar\/?p=16467#primaryimage"},"image":{"@id":"https:\/\/impactocastex.com.ar\/?p=16467#primaryimage"},"thumbnailUrl":"https:\/\/impactocastex.com.ar\/wp-content\/uploads\/2026\/04\/62YH2EXK5RD4PAGOW7O6UIDCVI-towCt1-scaled.jpg","datePublished":"2026-04-26T03:15:15+00:00","breadcrumb":{"@id":"https:\/\/impactocastex.com.ar\/?p=16467#breadcrumb"},"inLanguage":"es","potentialAction":[{"@type":"ReadAction","target":["https:\/\/impactocastex.com.ar\/?p=16467"]}]},{"@type":"ImageObject","inLanguage":"es","@id":"https:\/\/impactocastex.com.ar\/?p=16467#primaryimage","url":"https:\/\/impactocastex.com.ar\/wp-content\/uploads\/2026\/04\/62YH2EXK5RD4PAGOW7O6UIDCVI-towCt1-scaled.jpg","contentUrl":"https:\/\/impactocastex.com.ar\/wp-content\/uploads\/2026\/04\/62YH2EXK5RD4PAGOW7O6UIDCVI-towCt1-scaled.jpg","width":2560,"height":1707},{"@type":"BreadcrumbList","@id":"https:\/\/impactocastex.com.ar\/?p=16467#breadcrumb","itemListElement":[{"@type":"ListItem","position":1,"name":"Portada","item":"https:\/\/impactocastex.com.ar\/"},{"@type":"ListItem","position":2,"name":"Amenaza en Estados Unidos: Trump confirm\u00f3 que el tirador fue detenido"}]},{"@type":"WebSite","@id":"https:\/\/impactocastex.com.ar\/#website","url":"https:\/\/impactocastex.com.ar\/","name":"Impacto Castex","description":"","publisher":{"@id":"https:\/\/impactocastex.com.ar\/#organization"},"potentialAction":[{"@type":"SearchAction","target":{"@type":"EntryPoint","urlTemplate":"https:\/\/impactocastex.com.ar\/?s={search_term_string}"},"query-input":{"@type":"PropertyValueSpecification","valueRequired":true,"valueName":"search_term_string"}}],"inLanguage":"es"},{"@type":"Organization","@id":"https:\/\/impactocastex.com.ar\/#organization","name":"Impacto Castex","url":"https:\/\/impactocastex.com.ar\/","logo":{"@type":"ImageObject","inLanguage":"es","@id":"https:\/\/impactocastex.com.ar\/#\/schema\/logo\/image\/","url":"https:\/\/impactocastex.com.ar\/wp-content\/uploads\/2025\/09\/cropped-icoweb.png","contentUrl":"https:\/\/impactocastex.com.ar\/wp-content\/uploads\/2025\/09\/cropped-icoweb.png","width":512,"height":512,"caption":"Impacto Castex"},"image":{"@id":"https:\/\/impactocastex.com.ar\/#\/schema\/logo\/image\/"},"sameAs":["https:\/\/www.facebook.com\/impactocastexdiario","https:\/\/www.instagram.com\/impactocastex.com.ar\/"]},{"@type":"Person","@id":"https:\/\/impactocastex.com.ar\/#\/schema\/person\/86cb4f827fb5f87869a239b98a69c6e3","name":"impactocastex","image":{"@type":"ImageObject","inLanguage":"es","@id":"https:\/\/secure.gravatar.com\/avatar\/9a87ee051ca8c77f5d4070843ce2c78cdf95b858b950fb039151de955122f5f5?s=96&d=mm&r=g","url":"https:\/\/secure.gravatar.com\/avatar\/9a87ee051ca8c77f5d4070843ce2c78cdf95b858b950fb039151de955122f5f5?s=96&d=mm&r=g","contentUrl":"https:\/\/secure.gravatar.com\/avatar\/9a87ee051ca8c77f5d4070843ce2c78cdf95b858b950fb039151de955122f5f5?s=96&d=mm&r=g","caption":"impactocastex"},"sameAs":["https:\/\/impactocastex.com.ar"],"url":"https:\/\/impactocastex.com.ar\/?author=1"}]}},"jetpack_publicize_connections":[],"featured_image_urls":{"full":["https:\/\/impactocastex.com.ar\/wp-content\/uploads\/2026\/04\/62YH2EXK5RD4PAGOW7O6UIDCVI-towCt1-scaled.jpg",2560,1707,false],"thumbnail":["https:\/\/impactocastex.com.ar\/wp-content\/uploads\/2026\/04\/62YH2EXK5RD4PAGOW7O6UIDCVI-towCt1-150x150.jpg",150,150,true],"medium":["https:\/\/impactocastex.com.ar\/wp-content\/uploads\/2026\/04\/62YH2EXK5RD4PAGOW7O6UIDCVI-towCt1-300x200.jpg",300,200,true],"medium_large":["https:\/\/impactocastex.com.ar\/wp-content\/uploads\/2026\/04\/62YH2EXK5RD4PAGOW7O6UIDCVI-towCt1-768x512.jpg",640,427,true],"large":["https:\/\/impactocastex.com.ar\/wp-content\/uploads\/2026\/04\/62YH2EXK5RD4PAGOW7O6UIDCVI-towCt1-1024x683.jpg",640,427,true],"1536x1536":["https:\/\/impactocastex.com.ar\/wp-content\/uploads\/2026\/04\/62YH2EXK5RD4PAGOW7O6UIDCVI-towCt1-1536x1024.jpg",1536,1024,true],"2048x2048":["https:\/\/impactocastex.com.ar\/wp-content\/uploads\/2026\/04\/62YH2EXK5RD4PAGOW7O6UIDCVI-towCt1-2048x1365.jpg",2048,1365,true],"newsever-slider-full":["https:\/\/impactocastex.com.ar\/wp-content\/uploads\/2026\/04\/62YH2EXK5RD4PAGOW7O6UIDCVI-towCt1-1280x845.jpg",1280,845,true],"newsever-featured":["https:\/\/impactocastex.com.ar\/wp-content\/uploads\/2026\/04\/62YH2EXK5RD4PAGOW7O6UIDCVI-towCt1-1024x683.jpg",1024,683,true],"newsever-medium":["https:\/\/impactocastex.com.ar\/wp-content\/uploads\/2026\/04\/62YH2EXK5RD4PAGOW7O6UIDCVI-towCt1-720x475.jpg",720,475,true]},"author_info":{"info":["impactocastex"]},"category_info":"<a href=\"https:\/\/impactocastex.com.ar\/?cat=89\" rel=\"category\">NACIONALES<\/a>","tag_info":"NACIONALES","comment_count":0,"jetpack_featured_media_url":"https:\/\/impactocastex.com.ar\/wp-content\/uploads\/2026\/04\/62YH2EXK5RD4PAGOW7O6UIDCVI-towCt1-scaled.jpg","jetpack_sharing_enabled":true,"jetpack_likes_enabled":true,"jetpack_shortlink":"https:\/\/wp.me\/p7sopA-4hB","_links":{"self":[{"href":"https:\/\/impactocastex.com.ar\/index.php?rest_route=\/wp\/v2\/posts\/16467","targetHints":{"allow":["GET"]}}],"collection":[{"href":"https:\/\/impactocastex.com.ar\/index.php?rest_route=\/wp\/v2\/posts"}],"about":[{"href":"https:\/\/impactocastex.com.ar\/index.php?rest_route=\/wp\/v2\/types\/post"}],"author":[{"embeddable":true,"href":"https:\/\/impactocastex.com.ar\/index.php?rest_route=\/wp\/v2\/users\/1"}],"replies":[{"embeddable":true,"href":"https:\/\/impactocastex.com.ar\/index.php?rest_route=%2Fwp%2Fv2%2Fcomments&post=16467"}],"version-history":[{"count":0,"href":"https:\/\/impactocastex.com.ar\/index.php?rest_route=\/wp\/v2\/posts\/16467\/revisions"}],"wp:featuredmedia":[{"embeddable":true,"href":"https:\/\/impactocastex.com.ar\/index.php?rest_route=\/wp\/v2\/media\/16468"}],"wp:attachment":[{"href":"https:\/\/impactocastex.com.ar\/index.php?rest_route=%2Fwp%2Fv2%2Fmedia&parent=16467"}],"wp:term":[{"taxonomy":"category","embeddable":true,"href":"https:\/\/impactocastex.com.ar\/index.php?rest_route=%2Fwp%2Fv2%2Fcategories&post=16467"},{"taxonomy":"post_tag","embeddable":true,"href":"https:\/\/impactocastex.com.ar\/index.php?rest_route=%2Fwp%2Fv2%2Ftags&post=16467"}],"curies":[{"name":"wp","href":"https:\/\/api.w.org\/{rel}","templated":true}]}}