{"id":16465,"date":"2026-04-26T00:17:44","date_gmt":"2026-04-26T03:17:44","guid":{"rendered":"https:\/\/impactocastex.com.ar\/?p=16465"},"modified":"2026-04-26T00:17:44","modified_gmt":"2026-04-26T03:17:44","slug":"las-reacciones-de-los-mandatarios-a-la-amenaza-contra-trump-en-una-cena-con-periodistas","status":"publish","type":"post","link":"https:\/\/impactocastex.com.ar\/?p=16465","title":{"rendered":"Las reacciones de los mandatarios a la amenaza contra Trump en una cena con periodistas"},"content":{"rendered":"<p>El presidente de Estados Unidos, <a href=\"https:\/\/www.lanacion.com.ar\/el-mundo\/los-videos-del-momento-de-la-evacuacion-a-donald-trump-nid25042026\/\" target=\"_blank\" rel=\"noreferrer\" title=\"https:\/\/www.lanacion.com.ar\/el-mundo\/los-videos-del-momento-de-la-evacuacion-a-donald-trump-nid25042026\/\">Donald Trump<\/a>, fue evacuado de urgencia este durante la noche del s\u00e1bado en medio de la <b>cena de la<\/b> <b>Asociaci\u00f3n de Corresponsales de la Casa Blanca<\/b> tras escucharse una serie de disparos. En este sentido, y tras la suspensi\u00f3n del evento, otros mandatarios y funcionarios locales publicaron mensajes sobre lo sucedido.<\/p>\n<p>El propio Trump fue el primero en pronunciarse e inform\u00f3 que tanto \u00e9l como su esposa y el vicepresidente, JD Vance, se encontraban resguardados y se\u00f1al\u00f3 que el evento fue reprogramado para dentro del lapso de un mes.<\/p>\n<p>Asimismo, otros presidentes se solidarizaron con el mandatario estadounidense. Una de ellas fue<b> Claudia Sheinbaum<\/b>, su par de M\u00e9xico, quien escribi\u00f3 en sus redes sociales: \u201cQu\u00e9 bueno que Trump y su esposa se encuentren bien tras los recientes acontecimientos, Les enviamos nuestro respeto. <b>La violencia no debe ser nunca el camino<\/b>\u201d.<\/p>\n<p><img loading=\"lazy\" decoding=\"async\" src=\"https:\/\/resizer.glanacion.com\/resizer\/v2\/6YNYRROSHJGFTD7EUCJ25VRVBM.PNG?auth=eb04fc063ff7587e3824afc22533c59fa334bfd916e0519bb0b93bb65af746be&amp;smart=true&amp;width=709&amp;height=180\" alt=\"El mensaje de Sheinbaum sobre la amenaza a Trump\" height=\"180\" width=\"709\" \/><\/p>\n<p>Luego le sigui\u00f3 <b>Delcy Rodr\u00edguez<\/b>, la presidenta de Venezuela, quien conden\u00f3 el episodio y envi\u00f3 su respaldo a todos los asistentes al evento. \u201cLa violencia nunca es una opci\u00f3n para quienes defienden los valores de la paz\u201d, remarc\u00f3.<\/p>\n<p><img loading=\"lazy\" decoding=\"async\" src=\"https:\/\/resizer.glanacion.com\/resizer\/v2\/BAGYD6TUCJGUTKKIPOZNWZ4MSU.PNG?auth=c2bb4e14c4e940daf0f571f3862907e3fee3a1bda57494d24f44bfe4e2b7e16b&amp;smart=true&amp;width=714&amp;height=263\" alt=\"Delcy Rodr\u00edguez envi\u00f3 su apoyo a Trump\" height=\"263\" width=\"714\" \/><\/p>\n<p>Por su parte, <b>Rodrigo Paz, presidente de Bolivia<\/b>, indic\u00f3: \u00abRechazamos categ\u00f3ricamente todo acto de violencia, especialmente aquellos que atentan contra la integridad y la vida humana, venga de donde venga. Ninguna forma de violencia institucional o individual puede tener cabida en una sociedad democr\u00e1tica. Nuestros pensamientos est\u00e1n con el pueblo estadounidense y con la familia Trump en este momento\u00bb.<\/p>\n<p>\u201cBolivia por constituci\u00f3n y por sus valores democr\u00e1ticos rechaza categ\u00f3ricamente todo acto de violencia, especialmente aquellos que atentan contra la integridad y la vida humana, venga de donde venga. Ninguna forma de violencia contra personas o instituciones puede tener cabida en una sociedad democr\u00e1tica\u201d, continu\u00f3.<\/p>\n<p><img loading=\"lazy\" decoding=\"async\" src=\"https:\/\/resizer.glanacion.com\/resizer\/v2\/DGUROBPWMBAP5JJFRUR4GI7U34.PNG?auth=0fcb98b62c6a9be731b9afe8eac21d98279a4930f1a1f0203762d5a5ae0035bc&amp;smart=true&amp;width=721&amp;height=318\" alt=\"Rodrigo Paz, presidente de Bolivia, es expres\u00f3 sobre el episodio\" height=\"318\" width=\"721\" \/><\/p>\n<p>A su vez, <b>Mark Carney, primer ministro de Canad\u00e1<\/b>, dijo que se siente \u201caliviado\u201d de que todos los presentes en la cena se encuentren a salvo y manifest\u00f3: \u00abLa violencia pol\u00edtica no tiene cabida en ninguna democracia y mis pensamientos est\u00e1n con todas aquellas personas que se han visto conmocionadas por este perturbador suceso\u00bb.<\/p>\n<p><img loading=\"lazy\" decoding=\"async\" src=\"https:\/\/resizer.glanacion.com\/resizer\/v2\/Y2CT57VHFBCDVDAAFUMSTTYFGA.PNG?auth=af76eded99444102e9a1af23fe54f66a31124574a42784598156fe2c396c73fb&amp;smart=true&amp;width=707&amp;height=309\" alt=\"El mensaje del primer ministro de Canad\u00e1\" height=\"309\" width=\"707\" \/><\/p>\n<p><i>Noticia en desarrollo.<\/i><\/p>\n<p>\u200bEl presidente estadounidense inform\u00f3 que el agresor fue capturado, mientras que muchos de sus pares se solidarizaron\u00a0\u00a0<\/p>","protected":false},"excerpt":{"rendered":"<p>El presidente de Estados Unidos, Donald Trump, fue evacuado de urgencia este durante la noche&#8230;<\/p>\n","protected":false},"author":1,"featured_media":16466,"comment_status":"closed","ping_status":"closed","sticky":false,"template":"","format":"standard","meta":{"_jetpack_memberships_contains_paid_content":false,"footnotes":"","jetpack_publicize_message":"","jetpack_publicize_feature_enabled":true,"jetpack_social_post_already_shared":true,"jetpack_social_options":{"image_generator_settings":{"template":"highway","default_image_id":0,"font":"","enabled":false},"version":2}},"categories":[89],"tags":[],"class_list":["post-16465","post","type-post","status-publish","format-standard","has-post-thumbnail","hentry","category-nacionales"],"yoast_head":"<!-- This site is optimized with the Yoast SEO plugin v27.4 - https:\/\/yoast.com\/product\/yoast-seo-wordpress\/ -->\n<title>Las reacciones de los mandatarios a la amenaza contra Trump en una cena con periodistas -<\/title>\n<meta name=\"robots\" content=\"index, follow, max-snippet:-1, max-image-preview:large, max-video-preview:-1\" \/>\n<link rel=\"canonical\" href=\"https:\/\/impactocastex.com.ar\/?p=16465\" \/>\n<meta property=\"og:locale\" content=\"es_ES\" \/>\n<meta property=\"og:type\" content=\"article\" \/>\n<meta property=\"og:title\" content=\"Las reacciones de los mandatarios a la amenaza contra Trump en una cena con periodistas -\" \/>\n<meta property=\"og:description\" content=\"El presidente de Estados Unidos, Donald Trump, fue evacuado de urgencia este durante la noche...\" \/>\n<meta property=\"og:url\" content=\"https:\/\/impactocastex.com.ar\/?p=16465\" \/>\n<meta property=\"article:publisher\" content=\"https:\/\/www.facebook.com\/impactocastexdiario\" \/>\n<meta property=\"article:published_time\" content=\"2026-04-26T03:17:44+00:00\" \/>\n<meta property=\"og:image\" content=\"https:\/\/resizer.glanacion.com\/resizer\/v2\/6YNYRROSHJGFTD7EUCJ25VRVBM.PNG?auth=eb04fc063ff7587e3824afc22533c59fa334bfd916e0519bb0b93bb65af746be&amp;smart=true&amp;width=709&amp;height=180\" \/>\n<meta name=\"author\" content=\"impactocastex\" \/>\n<meta name=\"twitter:card\" content=\"summary_large_image\" \/>\n<meta name=\"twitter:label1\" content=\"Escrito por\" \/>\n\t<meta name=\"twitter:data1\" content=\"impactocastex\" \/>\n\t<meta name=\"twitter:label2\" content=\"Tiempo de lectura\" \/>\n\t<meta name=\"twitter:data2\" content=\"2 minutos\" \/>\n<script type=\"application\/ld+json\" class=\"yoast-schema-graph\">{\"@context\":\"https:\\\/\\\/schema.org\",\"@graph\":[{\"@type\":\"Article\",\"@id\":\"https:\\\/\\\/impactocastex.com.ar\\\/?p=16465#article\",\"isPartOf\":{\"@id\":\"https:\\\/\\\/impactocastex.com.ar\\\/?p=16465\"},\"author\":{\"name\":\"impactocastex\",\"@id\":\"https:\\\/\\\/impactocastex.com.ar\\\/#\\\/schema\\\/person\\\/86cb4f827fb5f87869a239b98a69c6e3\"},\"headline\":\"Las reacciones de los mandatarios a la amenaza contra Trump en una cena con periodistas\",\"datePublished\":\"2026-04-26T03:17:44+00:00\",\"mainEntityOfPage\":{\"@id\":\"https:\\\/\\\/impactocastex.com.ar\\\/?p=16465\"},\"wordCount\":392,\"publisher\":{\"@id\":\"https:\\\/\\\/impactocastex.com.ar\\\/#organization\"},\"image\":{\"@id\":\"https:\\\/\\\/impactocastex.com.ar\\\/?p=16465#primaryimage\"},\"thumbnailUrl\":\"https:\\\/\\\/impactocastex.com.ar\\\/wp-content\\\/uploads\\\/2026\\\/04\\\/MH77R6X6JFHU3ILNLCS4UWRWCU-IgqE8w.jpg\",\"articleSection\":[\"NACIONALES\"],\"inLanguage\":\"es\"},{\"@type\":\"WebPage\",\"@id\":\"https:\\\/\\\/impactocastex.com.ar\\\/?p=16465\",\"url\":\"https:\\\/\\\/impactocastex.com.ar\\\/?p=16465\",\"name\":\"Las reacciones de los mandatarios a la amenaza contra Trump en una cena con periodistas -\",\"isPartOf\":{\"@id\":\"https:\\\/\\\/impactocastex.com.ar\\\/#website\"},\"primaryImageOfPage\":{\"@id\":\"https:\\\/\\\/impactocastex.com.ar\\\/?p=16465#primaryimage\"},\"image\":{\"@id\":\"https:\\\/\\\/impactocastex.com.ar\\\/?p=16465#primaryimage\"},\"thumbnailUrl\":\"https:\\\/\\\/impactocastex.com.ar\\\/wp-content\\\/uploads\\\/2026\\\/04\\\/MH77R6X6JFHU3ILNLCS4UWRWCU-IgqE8w.jpg\",\"datePublished\":\"2026-04-26T03:17:44+00:00\",\"breadcrumb\":{\"@id\":\"https:\\\/\\\/impactocastex.com.ar\\\/?p=16465#breadcrumb\"},\"inLanguage\":\"es\",\"potentialAction\":[{\"@type\":\"ReadAction\",\"target\":[\"https:\\\/\\\/impactocastex.com.ar\\\/?p=16465\"]}]},{\"@type\":\"ImageObject\",\"inLanguage\":\"es\",\"@id\":\"https:\\\/\\\/impactocastex.com.ar\\\/?p=16465#primaryimage\",\"url\":\"https:\\\/\\\/impactocastex.com.ar\\\/wp-content\\\/uploads\\\/2026\\\/04\\\/MH77R6X6JFHU3ILNLCS4UWRWCU-IgqE8w.jpg\",\"contentUrl\":\"https:\\\/\\\/impactocastex.com.ar\\\/wp-content\\\/uploads\\\/2026\\\/04\\\/MH77R6X6JFHU3ILNLCS4UWRWCU-IgqE8w.jpg\",\"width\":2000,\"height\":1309},{\"@type\":\"BreadcrumbList\",\"@id\":\"https:\\\/\\\/impactocastex.com.ar\\\/?p=16465#breadcrumb\",\"itemListElement\":[{\"@type\":\"ListItem\",\"position\":1,\"name\":\"Portada\",\"item\":\"https:\\\/\\\/impactocastex.com.ar\\\/\"},{\"@type\":\"ListItem\",\"position\":2,\"name\":\"Las reacciones de los mandatarios a la amenaza contra Trump en una cena con periodistas\"}]},{\"@type\":\"WebSite\",\"@id\":\"https:\\\/\\\/impactocastex.com.ar\\\/#website\",\"url\":\"https:\\\/\\\/impactocastex.com.ar\\\/\",\"name\":\"Impacto Castex\",\"description\":\"\",\"publisher\":{\"@id\":\"https:\\\/\\\/impactocastex.com.ar\\\/#organization\"},\"potentialAction\":[{\"@type\":\"SearchAction\",\"target\":{\"@type\":\"EntryPoint\",\"urlTemplate\":\"https:\\\/\\\/impactocastex.com.ar\\\/?s={search_term_string}\"},\"query-input\":{\"@type\":\"PropertyValueSpecification\",\"valueRequired\":true,\"valueName\":\"search_term_string\"}}],\"inLanguage\":\"es\"},{\"@type\":\"Organization\",\"@id\":\"https:\\\/\\\/impactocastex.com.ar\\\/#organization\",\"name\":\"Impacto Castex\",\"url\":\"https:\\\/\\\/impactocastex.com.ar\\\/\",\"logo\":{\"@type\":\"ImageObject\",\"inLanguage\":\"es\",\"@id\":\"https:\\\/\\\/impactocastex.com.ar\\\/#\\\/schema\\\/logo\\\/image\\\/\",\"url\":\"https:\\\/\\\/impactocastex.com.ar\\\/wp-content\\\/uploads\\\/2025\\\/09\\\/cropped-icoweb.png\",\"contentUrl\":\"https:\\\/\\\/impactocastex.com.ar\\\/wp-content\\\/uploads\\\/2025\\\/09\\\/cropped-icoweb.png\",\"width\":512,\"height\":512,\"caption\":\"Impacto Castex\"},\"image\":{\"@id\":\"https:\\\/\\\/impactocastex.com.ar\\\/#\\\/schema\\\/logo\\\/image\\\/\"},\"sameAs\":[\"https:\\\/\\\/www.facebook.com\\\/impactocastexdiario\",\"https:\\\/\\\/www.instagram.com\\\/impactocastex.com.ar\\\/\"]},{\"@type\":\"Person\",\"@id\":\"https:\\\/\\\/impactocastex.com.ar\\\/#\\\/schema\\\/person\\\/86cb4f827fb5f87869a239b98a69c6e3\",\"name\":\"impactocastex\",\"image\":{\"@type\":\"ImageObject\",\"inLanguage\":\"es\",\"@id\":\"https:\\\/\\\/secure.gravatar.com\\\/avatar\\\/9a87ee051ca8c77f5d4070843ce2c78cdf95b858b950fb039151de955122f5f5?s=96&d=mm&r=g\",\"url\":\"https:\\\/\\\/secure.gravatar.com\\\/avatar\\\/9a87ee051ca8c77f5d4070843ce2c78cdf95b858b950fb039151de955122f5f5?s=96&d=mm&r=g\",\"contentUrl\":\"https:\\\/\\\/secure.gravatar.com\\\/avatar\\\/9a87ee051ca8c77f5d4070843ce2c78cdf95b858b950fb039151de955122f5f5?s=96&d=mm&r=g\",\"caption\":\"impactocastex\"},\"sameAs\":[\"https:\\\/\\\/impactocastex.com.ar\"],\"url\":\"https:\\\/\\\/impactocastex.com.ar\\\/?author=1\"}]}<\/script>\n<!-- \/ Yoast SEO plugin. -->","yoast_head_json":{"title":"Las reacciones de los mandatarios a la amenaza contra Trump en una cena con periodistas -","robots":{"index":"index","follow":"follow","max-snippet":"max-snippet:-1","max-image-preview":"max-image-preview:large","max-video-preview":"max-video-preview:-1"},"canonical":"https:\/\/impactocastex.com.ar\/?p=16465","og_locale":"es_ES","og_type":"article","og_title":"Las reacciones de los mandatarios a la amenaza contra Trump en una cena con periodistas -","og_description":"El presidente de Estados Unidos, Donald Trump, fue evacuado de urgencia este durante la noche...","og_url":"https:\/\/impactocastex.com.ar\/?p=16465","article_publisher":"https:\/\/www.facebook.com\/impactocastexdiario","article_published_time":"2026-04-26T03:17:44+00:00","og_image":[{"url":"https:\/\/resizer.glanacion.com\/resizer\/v2\/6YNYRROSHJGFTD7EUCJ25VRVBM.PNG?auth=eb04fc063ff7587e3824afc22533c59fa334bfd916e0519bb0b93bb65af746be&amp;smart=true&amp;width=709&amp;height=180","type":"","width":"","height":""}],"author":"impactocastex","twitter_card":"summary_large_image","twitter_misc":{"Escrito por":"impactocastex","Tiempo de lectura":"2 minutos"},"schema":{"@context":"https:\/\/schema.org","@graph":[{"@type":"Article","@id":"https:\/\/impactocastex.com.ar\/?p=16465#article","isPartOf":{"@id":"https:\/\/impactocastex.com.ar\/?p=16465"},"author":{"name":"impactocastex","@id":"https:\/\/impactocastex.com.ar\/#\/schema\/person\/86cb4f827fb5f87869a239b98a69c6e3"},"headline":"Las reacciones de los mandatarios a la amenaza contra Trump en una cena con periodistas","datePublished":"2026-04-26T03:17:44+00:00","mainEntityOfPage":{"@id":"https:\/\/impactocastex.com.ar\/?p=16465"},"wordCount":392,"publisher":{"@id":"https:\/\/impactocastex.com.ar\/#organization"},"image":{"@id":"https:\/\/impactocastex.com.ar\/?p=16465#primaryimage"},"thumbnailUrl":"https:\/\/impactocastex.com.ar\/wp-content\/uploads\/2026\/04\/MH77R6X6JFHU3ILNLCS4UWRWCU-IgqE8w.jpg","articleSection":["NACIONALES"],"inLanguage":"es"},{"@type":"WebPage","@id":"https:\/\/impactocastex.com.ar\/?p=16465","url":"https:\/\/impactocastex.com.ar\/?p=16465","name":"Las reacciones de los mandatarios a la amenaza contra Trump en una cena con periodistas -","isPartOf":{"@id":"https:\/\/impactocastex.com.ar\/#website"},"primaryImageOfPage":{"@id":"https:\/\/impactocastex.com.ar\/?p=16465#primaryimage"},"image":{"@id":"https:\/\/impactocastex.com.ar\/?p=16465#primaryimage"},"thumbnailUrl":"https:\/\/impactocastex.com.ar\/wp-content\/uploads\/2026\/04\/MH77R6X6JFHU3ILNLCS4UWRWCU-IgqE8w.jpg","datePublished":"2026-04-26T03:17:44+00:00","breadcrumb":{"@id":"https:\/\/impactocastex.com.ar\/?p=16465#breadcrumb"},"inLanguage":"es","potentialAction":[{"@type":"ReadAction","target":["https:\/\/impactocastex.com.ar\/?p=16465"]}]},{"@type":"ImageObject","inLanguage":"es","@id":"https:\/\/impactocastex.com.ar\/?p=16465#primaryimage","url":"https:\/\/impactocastex.com.ar\/wp-content\/uploads\/2026\/04\/MH77R6X6JFHU3ILNLCS4UWRWCU-IgqE8w.jpg","contentUrl":"https:\/\/impactocastex.com.ar\/wp-content\/uploads\/2026\/04\/MH77R6X6JFHU3ILNLCS4UWRWCU-IgqE8w.jpg","width":2000,"height":1309},{"@type":"BreadcrumbList","@id":"https:\/\/impactocastex.com.ar\/?p=16465#breadcrumb","itemListElement":[{"@type":"ListItem","position":1,"name":"Portada","item":"https:\/\/impactocastex.com.ar\/"},{"@type":"ListItem","position":2,"name":"Las reacciones de los mandatarios a la amenaza contra Trump en una cena con periodistas"}]},{"@type":"WebSite","@id":"https:\/\/impactocastex.com.ar\/#website","url":"https:\/\/impactocastex.com.ar\/","name":"Impacto Castex","description":"","publisher":{"@id":"https:\/\/impactocastex.com.ar\/#organization"},"potentialAction":[{"@type":"SearchAction","target":{"@type":"EntryPoint","urlTemplate":"https:\/\/impactocastex.com.ar\/?s={search_term_string}"},"query-input":{"@type":"PropertyValueSpecification","valueRequired":true,"valueName":"search_term_string"}}],"inLanguage":"es"},{"@type":"Organization","@id":"https:\/\/impactocastex.com.ar\/#organization","name":"Impacto Castex","url":"https:\/\/impactocastex.com.ar\/","logo":{"@type":"ImageObject","inLanguage":"es","@id":"https:\/\/impactocastex.com.ar\/#\/schema\/logo\/image\/","url":"https:\/\/impactocastex.com.ar\/wp-content\/uploads\/2025\/09\/cropped-icoweb.png","contentUrl":"https:\/\/impactocastex.com.ar\/wp-content\/uploads\/2025\/09\/cropped-icoweb.png","width":512,"height":512,"caption":"Impacto Castex"},"image":{"@id":"https:\/\/impactocastex.com.ar\/#\/schema\/logo\/image\/"},"sameAs":["https:\/\/www.facebook.com\/impactocastexdiario","https:\/\/www.instagram.com\/impactocastex.com.ar\/"]},{"@type":"Person","@id":"https:\/\/impactocastex.com.ar\/#\/schema\/person\/86cb4f827fb5f87869a239b98a69c6e3","name":"impactocastex","image":{"@type":"ImageObject","inLanguage":"es","@id":"https:\/\/secure.gravatar.com\/avatar\/9a87ee051ca8c77f5d4070843ce2c78cdf95b858b950fb039151de955122f5f5?s=96&d=mm&r=g","url":"https:\/\/secure.gravatar.com\/avatar\/9a87ee051ca8c77f5d4070843ce2c78cdf95b858b950fb039151de955122f5f5?s=96&d=mm&r=g","contentUrl":"https:\/\/secure.gravatar.com\/avatar\/9a87ee051ca8c77f5d4070843ce2c78cdf95b858b950fb039151de955122f5f5?s=96&d=mm&r=g","caption":"impactocastex"},"sameAs":["https:\/\/impactocastex.com.ar"],"url":"https:\/\/impactocastex.com.ar\/?author=1"}]}},"jetpack_publicize_connections":[],"featured_image_urls":{"full":["https:\/\/impactocastex.com.ar\/wp-content\/uploads\/2026\/04\/MH77R6X6JFHU3ILNLCS4UWRWCU-IgqE8w.jpg",2000,1309,false],"thumbnail":["https:\/\/impactocastex.com.ar\/wp-content\/uploads\/2026\/04\/MH77R6X6JFHU3ILNLCS4UWRWCU-IgqE8w-150x150.jpg",150,150,true],"medium":["https:\/\/impactocastex.com.ar\/wp-content\/uploads\/2026\/04\/MH77R6X6JFHU3ILNLCS4UWRWCU-IgqE8w-300x196.jpg",300,196,true],"medium_large":["https:\/\/impactocastex.com.ar\/wp-content\/uploads\/2026\/04\/MH77R6X6JFHU3ILNLCS4UWRWCU-IgqE8w-768x503.jpg",640,419,true],"large":["https:\/\/impactocastex.com.ar\/wp-content\/uploads\/2026\/04\/MH77R6X6JFHU3ILNLCS4UWRWCU-IgqE8w-1024x670.jpg",640,419,true],"1536x1536":["https:\/\/impactocastex.com.ar\/wp-content\/uploads\/2026\/04\/MH77R6X6JFHU3ILNLCS4UWRWCU-IgqE8w-1536x1005.jpg",1536,1005,true],"2048x2048":["https:\/\/impactocastex.com.ar\/wp-content\/uploads\/2026\/04\/MH77R6X6JFHU3ILNLCS4UWRWCU-IgqE8w.jpg",2000,1309,false],"newsever-slider-full":["https:\/\/impactocastex.com.ar\/wp-content\/uploads\/2026\/04\/MH77R6X6JFHU3ILNLCS4UWRWCU-IgqE8w-1280x845.jpg",1280,845,true],"newsever-featured":["https:\/\/impactocastex.com.ar\/wp-content\/uploads\/2026\/04\/MH77R6X6JFHU3ILNLCS4UWRWCU-IgqE8w-1024x670.jpg",1024,670,true],"newsever-medium":["https:\/\/impactocastex.com.ar\/wp-content\/uploads\/2026\/04\/MH77R6X6JFHU3ILNLCS4UWRWCU-IgqE8w-720x475.jpg",720,475,true]},"author_info":{"info":["impactocastex"]},"category_info":"<a href=\"https:\/\/impactocastex.com.ar\/?cat=89\" rel=\"category\">NACIONALES<\/a>","tag_info":"NACIONALES","comment_count":0,"jetpack_featured_media_url":"https:\/\/impactocastex.com.ar\/wp-content\/uploads\/2026\/04\/MH77R6X6JFHU3ILNLCS4UWRWCU-IgqE8w.jpg","jetpack_sharing_enabled":true,"jetpack_likes_enabled":true,"jetpack_shortlink":"https:\/\/wp.me\/p7sopA-4hz","_links":{"self":[{"href":"https:\/\/impactocastex.com.ar\/index.php?rest_route=\/wp\/v2\/posts\/16465","targetHints":{"allow":["GET"]}}],"collection":[{"href":"https:\/\/impactocastex.com.ar\/index.php?rest_route=\/wp\/v2\/posts"}],"about":[{"href":"https:\/\/impactocastex.com.ar\/index.php?rest_route=\/wp\/v2\/types\/post"}],"author":[{"embeddable":true,"href":"https:\/\/impactocastex.com.ar\/index.php?rest_route=\/wp\/v2\/users\/1"}],"replies":[{"embeddable":true,"href":"https:\/\/impactocastex.com.ar\/index.php?rest_route=%2Fwp%2Fv2%2Fcomments&post=16465"}],"version-history":[{"count":0,"href":"https:\/\/impactocastex.com.ar\/index.php?rest_route=\/wp\/v2\/posts\/16465\/revisions"}],"wp:featuredmedia":[{"embeddable":true,"href":"https:\/\/impactocastex.com.ar\/index.php?rest_route=\/wp\/v2\/media\/16466"}],"wp:attachment":[{"href":"https:\/\/impactocastex.com.ar\/index.php?rest_route=%2Fwp%2Fv2%2Fmedia&parent=16465"}],"wp:term":[{"taxonomy":"category","embeddable":true,"href":"https:\/\/impactocastex.com.ar\/index.php?rest_route=%2Fwp%2Fv2%2Fcategories&post=16465"},{"taxonomy":"post_tag","embeddable":true,"href":"https:\/\/impactocastex.com.ar\/index.php?rest_route=%2Fwp%2Fv2%2Ftags&post=16465"}],"curies":[{"name":"wp","href":"https:\/\/api.w.org\/{rel}","templated":true}]}}