{"id":16252,"date":"2026-04-23T06:14:00","date_gmt":"2026-04-23T09:14:00","guid":{"rendered":"https:\/\/impactocastex.com.ar\/?p=16252"},"modified":"2026-04-23T06:14:00","modified_gmt":"2026-04-23T09:14:00","slug":"bmw-lanza-una-moto-deportiva-que-viene-de-alemania-con-mas-de-200-cv","status":"publish","type":"post","link":"https:\/\/impactocastex.com.ar\/?p=16252","title":{"rendered":"BMW lanza una moto deportiva que viene de Alemania con m\u00e1s de 200 CV"},"content":{"rendered":"<p>La <b>industria de las motos atraviesa un gran presente que impacta en todos los segmentos,<\/b> m\u00e1s all\u00e1 de que hay algunos m\u00e1s favorecidos que otros.<b> En este contexto se enmarca una gran cantidad de lanzamientos<\/b> <b>y uno de ellos surgi\u00f3 de la colaboraci\u00f3n entre BMW Motorrad y BMW M,<\/b> la divisi\u00f3n deportiva de la firma: se trata de la nueva <b>BMW M 1000 XR,<\/b> la propuesta m\u00e1s agresiva de la familia XR.<\/p>\n<p><a href=\"https:\/\/www.lanacion.com.ar\/autos\/las-nuevas-autopistas-y-rutas-que-eliminaran-las-cabinas-y-tendran-peajes-inteligentes-como-se-nid21042026\/\">Las nuevas autopistas y rutas que eliminar\u00e1n las cabinas y tendr\u00e1n peajes inteligentes: c\u00f3mo se pagar\u00e1n<\/a><\/p>\n<p>Pensada como un <i>crossover <\/i>de alto rendimiento, seg\u00fan la firma, <b>la M 1000 XR combina versatilidad para viajes largos con un comportamiento que roza el de una <\/b><i><b>superbike<\/b><\/i><b>.<\/b> <\/p>\n<p>Debajo del carenado esconde un <b>motor de cuatro cilindros y 999 cc derivado de la l\u00ednea RR, capaz de entregar 201 CV a 12.750 rpm,<\/b> lo que representa un salto de 31 CV frente a la S 1000 XR.<b> El torque,<\/b> en tanto, <b>alcanza los 113 Nm,<\/b> mientras que el r\u00e9gimen m\u00e1ximo trepa hasta las 14.600 rpm, cifras que dejan en claro su enfoque deportivo.<\/p>\n<p><img loading=\"lazy\" decoding=\"async\" src=\"https:\/\/resizer.glanacion.com\/resizer\/v2\/C5LE5JONDFFOXK3SMQDBL2Z2MU.jpg?auth=fbb619e0f34c994858b64a31281c35ad638a5567446d8719466454e76fe23038&amp;smart=true&amp;width=8192&amp;height=5464\" alt=\"Cuenta con un motor de cuatro cilindros\" height=\"5464\" width=\"8192\" \/><\/p>\n<p>A nivel din\u00e1mico, la marca alemana tambi\u00e9n meti\u00f3 mano para reforzar ese car\u00e1cter extremo. <b>La aceleraci\u00f3n se ve favorecida por una relaci\u00f3n final m\u00e1s corta gracias a un pi\u00f1\u00f3n de 47 dientes,<\/b> acompa\u00f1ado por una caja de seis velocidades con desarrollos m\u00e1s cerrados en cuarta, quinta y sexta marcha. Todo esto, <b>sumado a un peso de 220 kilos con el tanque lleno,<\/b> da como resultado una moto con reacciones r\u00e1pidas y una entrega de potencia contundente.<\/p>\n<p>Uno de los aspectos clave en su desarrollo fue la aerodin\u00e1mica.<b> La M 1000 XR incorpora alerones laterales (<\/b><i><b>winglets<\/b><\/i><b>) <\/b>que no solo aportan a la est\u00e9tica, sino que cumplen una funci\u00f3n concreta, la de <b>mejorar la estabilidad a altas velocidades y optimizar el rendimiento en pista.<\/b> Seg\u00fan datos de la marca,<b> a 220 km\/h generan una carga de 12 kilos,<\/b> lo que ayuda a mantener la rueda delantera apoyada y reduce las tendencias al <i>wheelie<\/i>.<\/p>\n<p><img loading=\"lazy\" decoding=\"async\" src=\"https:\/\/resizer.glanacion.com\/resizer\/v2\/KOPJSI6R3ZBJVG3WGSMNGB3DKA.jpg?auth=d76dd189f3a6d6f7517129d04454525078f5c6dbba9fe2fd36dabc6c7dfc95b2&amp;smart=true&amp;width=8192&amp;height=5464\" alt=\"El equipamiento est\u00e1 orientado a la performance\" height=\"5464\" width=\"8192\" \/><\/p>\n<p>El equipamiento tambi\u00e9n est\u00e1 claramente orientado a la <i>performance<\/i>. Entre los principales elementos se destacan los<b> frenos M con doble disco de 320 mm desarrollados con experiencia en el Mundial de Superbikes,<\/b> suspensi\u00f3n con control din\u00e1mico de amortiguaci\u00f3n, amortiguador de direcci\u00f3n ajustable y un completo paquete electr\u00f3nico.<\/p>\n<p>Este incluye <i>Launch Control, Pit Lane Limiter<\/i>, asistente de cambio PRO, control de tracci\u00f3n con funci\u00f3n anti-<i>wheelie, ABS Race<\/i> y sistemas como el<i> Brake Slide Assist<\/i>, que permite gestionar derrapes de forma controlada en curvas.<\/p>\n<p>Para la Argentina, adem\u00e1s, <b>la configuraci\u00f3n suma de serie el paquete M Competition, que reduce el peso y eleva a\u00fan m\u00e1s el nivel de exclusividad. <\/b>Incorpora llantas de carbono, m\u00faltiples piezas en ese material y detalles espec\u00edficos tanto en la parte est\u00e9tica como funcional, junto con espejos ubicados en los extremos del manillar.<\/p>\n<p><img loading=\"lazy\" decoding=\"async\" src=\"https:\/\/resizer.glanacion.com\/resizer\/v2\/OT5YVE7KXRFDHN52NRWYR7YNGI.jpg?auth=cf57ca72152c2cbed46c9ff53e31c4534971fc47cfa8bad4987810c507eec397&amp;smart=true&amp;width=8192&amp;height=5464\" alt=\"El modelo se lanz\u00f3 con un precio de lista de US$50.900\" height=\"5464\" width=\"8192\" \/><\/p>\n<p>En cuanto a posicionamiento,<b> la BMW M 1000 XR se ubica como el tope de gama dentro de la familia, con un precio de US$50.900 en la Argentina, <\/b>por encima de los US$36.900 que cuesta la S 1000 XR. La garant\u00eda es de tres a\u00f1os sin l\u00edmite de kilometraje.<\/p>\n<p>\u200bEste modelo llega desde Alemania y se ofrece con garant\u00eda de tres a\u00f1os sin l\u00edmite de kilometraje\u00a0\u00a0<\/p>","protected":false},"excerpt":{"rendered":"<p>La industria de las motos atraviesa un gran presente que impacta en todos los segmentos,&#8230;<\/p>\n","protected":false},"author":1,"featured_media":16253,"comment_status":"closed","ping_status":"closed","sticky":false,"template":"","format":"standard","meta":{"_jetpack_memberships_contains_paid_content":false,"footnotes":"","jetpack_publicize_message":"","jetpack_publicize_feature_enabled":true,"jetpack_social_post_already_shared":true,"jetpack_social_options":{"image_generator_settings":{"template":"highway","default_image_id":0,"font":"","enabled":false},"version":2}},"categories":[89],"tags":[],"class_list":["post-16252","post","type-post","status-publish","format-standard","has-post-thumbnail","hentry","category-nacionales"],"yoast_head":"<!-- This site is optimized with the Yoast SEO plugin v27.4 - https:\/\/yoast.com\/product\/yoast-seo-wordpress\/ -->\n<title>BMW lanza una moto deportiva que viene de Alemania con m\u00e1s de 200 CV -<\/title>\n<meta name=\"robots\" content=\"index, follow, max-snippet:-1, max-image-preview:large, max-video-preview:-1\" \/>\n<link rel=\"canonical\" href=\"https:\/\/impactocastex.com.ar\/?p=16252\" \/>\n<meta property=\"og:locale\" content=\"es_ES\" \/>\n<meta property=\"og:type\" content=\"article\" \/>\n<meta property=\"og:title\" content=\"BMW lanza una moto deportiva que viene de Alemania con m\u00e1s de 200 CV -\" \/>\n<meta property=\"og:description\" content=\"La industria de las motos atraviesa un gran presente que impacta en todos los segmentos,...\" \/>\n<meta property=\"og:url\" content=\"https:\/\/impactocastex.com.ar\/?p=16252\" \/>\n<meta property=\"article:publisher\" content=\"https:\/\/www.facebook.com\/impactocastexdiario\" \/>\n<meta property=\"article:published_time\" content=\"2026-04-23T09:14:00+00:00\" \/>\n<meta property=\"og:image\" content=\"https:\/\/resizer.glanacion.com\/resizer\/v2\/C5LE5JONDFFOXK3SMQDBL2Z2MU.jpg?auth=fbb619e0f34c994858b64a31281c35ad638a5567446d8719466454e76fe23038&amp;smart=true&amp;width=8192&amp;height=5464\" \/>\n<meta name=\"author\" content=\"impactocastex\" \/>\n<meta name=\"twitter:card\" content=\"summary_large_image\" \/>\n<meta name=\"twitter:label1\" content=\"Escrito por\" \/>\n\t<meta name=\"twitter:data1\" content=\"impactocastex\" \/>\n\t<meta name=\"twitter:label2\" content=\"Tiempo de lectura\" \/>\n\t<meta name=\"twitter:data2\" content=\"3 minutos\" \/>\n<script type=\"application\/ld+json\" class=\"yoast-schema-graph\">{\"@context\":\"https:\\\/\\\/schema.org\",\"@graph\":[{\"@type\":\"Article\",\"@id\":\"https:\\\/\\\/impactocastex.com.ar\\\/?p=16252#article\",\"isPartOf\":{\"@id\":\"https:\\\/\\\/impactocastex.com.ar\\\/?p=16252\"},\"author\":{\"name\":\"impactocastex\",\"@id\":\"https:\\\/\\\/impactocastex.com.ar\\\/#\\\/schema\\\/person\\\/86cb4f827fb5f87869a239b98a69c6e3\"},\"headline\":\"BMW lanza una moto deportiva que viene de Alemania con m\u00e1s de 200 CV\",\"datePublished\":\"2026-04-23T09:14:00+00:00\",\"mainEntityOfPage\":{\"@id\":\"https:\\\/\\\/impactocastex.com.ar\\\/?p=16252\"},\"wordCount\":579,\"publisher\":{\"@id\":\"https:\\\/\\\/impactocastex.com.ar\\\/#organization\"},\"image\":{\"@id\":\"https:\\\/\\\/impactocastex.com.ar\\\/?p=16252#primaryimage\"},\"thumbnailUrl\":\"https:\\\/\\\/impactocastex.com.ar\\\/wp-content\\\/uploads\\\/2026\\\/04\\\/WDBMTLVZORGJJPHFQ7KTOJU72I-vDdpf0-scaled.jpg\",\"articleSection\":[\"NACIONALES\"],\"inLanguage\":\"es\"},{\"@type\":\"WebPage\",\"@id\":\"https:\\\/\\\/impactocastex.com.ar\\\/?p=16252\",\"url\":\"https:\\\/\\\/impactocastex.com.ar\\\/?p=16252\",\"name\":\"BMW lanza una moto deportiva que viene de Alemania con m\u00e1s de 200 CV -\",\"isPartOf\":{\"@id\":\"https:\\\/\\\/impactocastex.com.ar\\\/#website\"},\"primaryImageOfPage\":{\"@id\":\"https:\\\/\\\/impactocastex.com.ar\\\/?p=16252#primaryimage\"},\"image\":{\"@id\":\"https:\\\/\\\/impactocastex.com.ar\\\/?p=16252#primaryimage\"},\"thumbnailUrl\":\"https:\\\/\\\/impactocastex.com.ar\\\/wp-content\\\/uploads\\\/2026\\\/04\\\/WDBMTLVZORGJJPHFQ7KTOJU72I-vDdpf0-scaled.jpg\",\"datePublished\":\"2026-04-23T09:14:00+00:00\",\"breadcrumb\":{\"@id\":\"https:\\\/\\\/impactocastex.com.ar\\\/?p=16252#breadcrumb\"},\"inLanguage\":\"es\",\"potentialAction\":[{\"@type\":\"ReadAction\",\"target\":[\"https:\\\/\\\/impactocastex.com.ar\\\/?p=16252\"]}]},{\"@type\":\"ImageObject\",\"inLanguage\":\"es\",\"@id\":\"https:\\\/\\\/impactocastex.com.ar\\\/?p=16252#primaryimage\",\"url\":\"https:\\\/\\\/impactocastex.com.ar\\\/wp-content\\\/uploads\\\/2026\\\/04\\\/WDBMTLVZORGJJPHFQ7KTOJU72I-vDdpf0-scaled.jpg\",\"contentUrl\":\"https:\\\/\\\/impactocastex.com.ar\\\/wp-content\\\/uploads\\\/2026\\\/04\\\/WDBMTLVZORGJJPHFQ7KTOJU72I-vDdpf0-scaled.jpg\",\"width\":2560,\"height\":1708},{\"@type\":\"BreadcrumbList\",\"@id\":\"https:\\\/\\\/impactocastex.com.ar\\\/?p=16252#breadcrumb\",\"itemListElement\":[{\"@type\":\"ListItem\",\"position\":1,\"name\":\"Portada\",\"item\":\"https:\\\/\\\/impactocastex.com.ar\\\/\"},{\"@type\":\"ListItem\",\"position\":2,\"name\":\"BMW lanza una moto deportiva que viene de Alemania con m\u00e1s de 200 CV\"}]},{\"@type\":\"WebSite\",\"@id\":\"https:\\\/\\\/impactocastex.com.ar\\\/#website\",\"url\":\"https:\\\/\\\/impactocastex.com.ar\\\/\",\"name\":\"Impacto Castex\",\"description\":\"\",\"publisher\":{\"@id\":\"https:\\\/\\\/impactocastex.com.ar\\\/#organization\"},\"potentialAction\":[{\"@type\":\"SearchAction\",\"target\":{\"@type\":\"EntryPoint\",\"urlTemplate\":\"https:\\\/\\\/impactocastex.com.ar\\\/?s={search_term_string}\"},\"query-input\":{\"@type\":\"PropertyValueSpecification\",\"valueRequired\":true,\"valueName\":\"search_term_string\"}}],\"inLanguage\":\"es\"},{\"@type\":\"Organization\",\"@id\":\"https:\\\/\\\/impactocastex.com.ar\\\/#organization\",\"name\":\"Impacto Castex\",\"url\":\"https:\\\/\\\/impactocastex.com.ar\\\/\",\"logo\":{\"@type\":\"ImageObject\",\"inLanguage\":\"es\",\"@id\":\"https:\\\/\\\/impactocastex.com.ar\\\/#\\\/schema\\\/logo\\\/image\\\/\",\"url\":\"https:\\\/\\\/impactocastex.com.ar\\\/wp-content\\\/uploads\\\/2025\\\/09\\\/cropped-icoweb.png\",\"contentUrl\":\"https:\\\/\\\/impactocastex.com.ar\\\/wp-content\\\/uploads\\\/2025\\\/09\\\/cropped-icoweb.png\",\"width\":512,\"height\":512,\"caption\":\"Impacto Castex\"},\"image\":{\"@id\":\"https:\\\/\\\/impactocastex.com.ar\\\/#\\\/schema\\\/logo\\\/image\\\/\"},\"sameAs\":[\"https:\\\/\\\/www.facebook.com\\\/impactocastexdiario\",\"https:\\\/\\\/www.instagram.com\\\/impactocastex.com.ar\\\/\"]},{\"@type\":\"Person\",\"@id\":\"https:\\\/\\\/impactocastex.com.ar\\\/#\\\/schema\\\/person\\\/86cb4f827fb5f87869a239b98a69c6e3\",\"name\":\"impactocastex\",\"image\":{\"@type\":\"ImageObject\",\"inLanguage\":\"es\",\"@id\":\"https:\\\/\\\/secure.gravatar.com\\\/avatar\\\/9a87ee051ca8c77f5d4070843ce2c78cdf95b858b950fb039151de955122f5f5?s=96&d=mm&r=g\",\"url\":\"https:\\\/\\\/secure.gravatar.com\\\/avatar\\\/9a87ee051ca8c77f5d4070843ce2c78cdf95b858b950fb039151de955122f5f5?s=96&d=mm&r=g\",\"contentUrl\":\"https:\\\/\\\/secure.gravatar.com\\\/avatar\\\/9a87ee051ca8c77f5d4070843ce2c78cdf95b858b950fb039151de955122f5f5?s=96&d=mm&r=g\",\"caption\":\"impactocastex\"},\"sameAs\":[\"https:\\\/\\\/impactocastex.com.ar\"],\"url\":\"https:\\\/\\\/impactocastex.com.ar\\\/?author=1\"}]}<\/script>\n<!-- \/ Yoast SEO plugin. -->","yoast_head_json":{"title":"BMW lanza una moto deportiva que viene de Alemania con m\u00e1s de 200 CV -","robots":{"index":"index","follow":"follow","max-snippet":"max-snippet:-1","max-image-preview":"max-image-preview:large","max-video-preview":"max-video-preview:-1"},"canonical":"https:\/\/impactocastex.com.ar\/?p=16252","og_locale":"es_ES","og_type":"article","og_title":"BMW lanza una moto deportiva que viene de Alemania con m\u00e1s de 200 CV -","og_description":"La industria de las motos atraviesa un gran presente que impacta en todos los segmentos,...","og_url":"https:\/\/impactocastex.com.ar\/?p=16252","article_publisher":"https:\/\/www.facebook.com\/impactocastexdiario","article_published_time":"2026-04-23T09:14:00+00:00","og_image":[{"url":"https:\/\/resizer.glanacion.com\/resizer\/v2\/C5LE5JONDFFOXK3SMQDBL2Z2MU.jpg?auth=fbb619e0f34c994858b64a31281c35ad638a5567446d8719466454e76fe23038&amp;smart=true&amp;width=8192&amp;height=5464","type":"","width":"","height":""}],"author":"impactocastex","twitter_card":"summary_large_image","twitter_misc":{"Escrito por":"impactocastex","Tiempo de lectura":"3 minutos"},"schema":{"@context":"https:\/\/schema.org","@graph":[{"@type":"Article","@id":"https:\/\/impactocastex.com.ar\/?p=16252#article","isPartOf":{"@id":"https:\/\/impactocastex.com.ar\/?p=16252"},"author":{"name":"impactocastex","@id":"https:\/\/impactocastex.com.ar\/#\/schema\/person\/86cb4f827fb5f87869a239b98a69c6e3"},"headline":"BMW lanza una moto deportiva que viene de Alemania con m\u00e1s de 200 CV","datePublished":"2026-04-23T09:14:00+00:00","mainEntityOfPage":{"@id":"https:\/\/impactocastex.com.ar\/?p=16252"},"wordCount":579,"publisher":{"@id":"https:\/\/impactocastex.com.ar\/#organization"},"image":{"@id":"https:\/\/impactocastex.com.ar\/?p=16252#primaryimage"},"thumbnailUrl":"https:\/\/impactocastex.com.ar\/wp-content\/uploads\/2026\/04\/WDBMTLVZORGJJPHFQ7KTOJU72I-vDdpf0-scaled.jpg","articleSection":["NACIONALES"],"inLanguage":"es"},{"@type":"WebPage","@id":"https:\/\/impactocastex.com.ar\/?p=16252","url":"https:\/\/impactocastex.com.ar\/?p=16252","name":"BMW lanza una moto deportiva que viene de Alemania con m\u00e1s de 200 CV -","isPartOf":{"@id":"https:\/\/impactocastex.com.ar\/#website"},"primaryImageOfPage":{"@id":"https:\/\/impactocastex.com.ar\/?p=16252#primaryimage"},"image":{"@id":"https:\/\/impactocastex.com.ar\/?p=16252#primaryimage"},"thumbnailUrl":"https:\/\/impactocastex.com.ar\/wp-content\/uploads\/2026\/04\/WDBMTLVZORGJJPHFQ7KTOJU72I-vDdpf0-scaled.jpg","datePublished":"2026-04-23T09:14:00+00:00","breadcrumb":{"@id":"https:\/\/impactocastex.com.ar\/?p=16252#breadcrumb"},"inLanguage":"es","potentialAction":[{"@type":"ReadAction","target":["https:\/\/impactocastex.com.ar\/?p=16252"]}]},{"@type":"ImageObject","inLanguage":"es","@id":"https:\/\/impactocastex.com.ar\/?p=16252#primaryimage","url":"https:\/\/impactocastex.com.ar\/wp-content\/uploads\/2026\/04\/WDBMTLVZORGJJPHFQ7KTOJU72I-vDdpf0-scaled.jpg","contentUrl":"https:\/\/impactocastex.com.ar\/wp-content\/uploads\/2026\/04\/WDBMTLVZORGJJPHFQ7KTOJU72I-vDdpf0-scaled.jpg","width":2560,"height":1708},{"@type":"BreadcrumbList","@id":"https:\/\/impactocastex.com.ar\/?p=16252#breadcrumb","itemListElement":[{"@type":"ListItem","position":1,"name":"Portada","item":"https:\/\/impactocastex.com.ar\/"},{"@type":"ListItem","position":2,"name":"BMW lanza una moto deportiva que viene de Alemania con m\u00e1s de 200 CV"}]},{"@type":"WebSite","@id":"https:\/\/impactocastex.com.ar\/#website","url":"https:\/\/impactocastex.com.ar\/","name":"Impacto Castex","description":"","publisher":{"@id":"https:\/\/impactocastex.com.ar\/#organization"},"potentialAction":[{"@type":"SearchAction","target":{"@type":"EntryPoint","urlTemplate":"https:\/\/impactocastex.com.ar\/?s={search_term_string}"},"query-input":{"@type":"PropertyValueSpecification","valueRequired":true,"valueName":"search_term_string"}}],"inLanguage":"es"},{"@type":"Organization","@id":"https:\/\/impactocastex.com.ar\/#organization","name":"Impacto Castex","url":"https:\/\/impactocastex.com.ar\/","logo":{"@type":"ImageObject","inLanguage":"es","@id":"https:\/\/impactocastex.com.ar\/#\/schema\/logo\/image\/","url":"https:\/\/impactocastex.com.ar\/wp-content\/uploads\/2025\/09\/cropped-icoweb.png","contentUrl":"https:\/\/impactocastex.com.ar\/wp-content\/uploads\/2025\/09\/cropped-icoweb.png","width":512,"height":512,"caption":"Impacto Castex"},"image":{"@id":"https:\/\/impactocastex.com.ar\/#\/schema\/logo\/image\/"},"sameAs":["https:\/\/www.facebook.com\/impactocastexdiario","https:\/\/www.instagram.com\/impactocastex.com.ar\/"]},{"@type":"Person","@id":"https:\/\/impactocastex.com.ar\/#\/schema\/person\/86cb4f827fb5f87869a239b98a69c6e3","name":"impactocastex","image":{"@type":"ImageObject","inLanguage":"es","@id":"https:\/\/secure.gravatar.com\/avatar\/9a87ee051ca8c77f5d4070843ce2c78cdf95b858b950fb039151de955122f5f5?s=96&d=mm&r=g","url":"https:\/\/secure.gravatar.com\/avatar\/9a87ee051ca8c77f5d4070843ce2c78cdf95b858b950fb039151de955122f5f5?s=96&d=mm&r=g","contentUrl":"https:\/\/secure.gravatar.com\/avatar\/9a87ee051ca8c77f5d4070843ce2c78cdf95b858b950fb039151de955122f5f5?s=96&d=mm&r=g","caption":"impactocastex"},"sameAs":["https:\/\/impactocastex.com.ar"],"url":"https:\/\/impactocastex.com.ar\/?author=1"}]}},"jetpack_publicize_connections":[],"featured_image_urls":{"full":["https:\/\/impactocastex.com.ar\/wp-content\/uploads\/2026\/04\/WDBMTLVZORGJJPHFQ7KTOJU72I-vDdpf0-scaled.jpg",2560,1708,false],"thumbnail":["https:\/\/impactocastex.com.ar\/wp-content\/uploads\/2026\/04\/WDBMTLVZORGJJPHFQ7KTOJU72I-vDdpf0-150x150.jpg",150,150,true],"medium":["https:\/\/impactocastex.com.ar\/wp-content\/uploads\/2026\/04\/WDBMTLVZORGJJPHFQ7KTOJU72I-vDdpf0-300x200.jpg",300,200,true],"medium_large":["https:\/\/impactocastex.com.ar\/wp-content\/uploads\/2026\/04\/WDBMTLVZORGJJPHFQ7KTOJU72I-vDdpf0-768x512.jpg",640,427,true],"large":["https:\/\/impactocastex.com.ar\/wp-content\/uploads\/2026\/04\/WDBMTLVZORGJJPHFQ7KTOJU72I-vDdpf0-1024x683.jpg",640,427,true],"1536x1536":["https:\/\/impactocastex.com.ar\/wp-content\/uploads\/2026\/04\/WDBMTLVZORGJJPHFQ7KTOJU72I-vDdpf0-1536x1025.jpg",1536,1025,true],"2048x2048":["https:\/\/impactocastex.com.ar\/wp-content\/uploads\/2026\/04\/WDBMTLVZORGJJPHFQ7KTOJU72I-vDdpf0-2048x1366.jpg",2048,1366,true],"newsever-slider-full":["https:\/\/impactocastex.com.ar\/wp-content\/uploads\/2026\/04\/WDBMTLVZORGJJPHFQ7KTOJU72I-vDdpf0-1280x845.jpg",1280,845,true],"newsever-featured":["https:\/\/impactocastex.com.ar\/wp-content\/uploads\/2026\/04\/WDBMTLVZORGJJPHFQ7KTOJU72I-vDdpf0-1024x683.jpg",1024,683,true],"newsever-medium":["https:\/\/impactocastex.com.ar\/wp-content\/uploads\/2026\/04\/WDBMTLVZORGJJPHFQ7KTOJU72I-vDdpf0-720x475.jpg",720,475,true]},"author_info":{"info":["impactocastex"]},"category_info":"<a href=\"https:\/\/impactocastex.com.ar\/?cat=89\" rel=\"category\">NACIONALES<\/a>","tag_info":"NACIONALES","comment_count":0,"jetpack_featured_media_url":"https:\/\/impactocastex.com.ar\/wp-content\/uploads\/2026\/04\/WDBMTLVZORGJJPHFQ7KTOJU72I-vDdpf0-scaled.jpg","jetpack_sharing_enabled":true,"jetpack_likes_enabled":true,"jetpack_shortlink":"https:\/\/wp.me\/p7sopA-4e8","_links":{"self":[{"href":"https:\/\/impactocastex.com.ar\/index.php?rest_route=\/wp\/v2\/posts\/16252","targetHints":{"allow":["GET"]}}],"collection":[{"href":"https:\/\/impactocastex.com.ar\/index.php?rest_route=\/wp\/v2\/posts"}],"about":[{"href":"https:\/\/impactocastex.com.ar\/index.php?rest_route=\/wp\/v2\/types\/post"}],"author":[{"embeddable":true,"href":"https:\/\/impactocastex.com.ar\/index.php?rest_route=\/wp\/v2\/users\/1"}],"replies":[{"embeddable":true,"href":"https:\/\/impactocastex.com.ar\/index.php?rest_route=%2Fwp%2Fv2%2Fcomments&post=16252"}],"version-history":[{"count":0,"href":"https:\/\/impactocastex.com.ar\/index.php?rest_route=\/wp\/v2\/posts\/16252\/revisions"}],"wp:featuredmedia":[{"embeddable":true,"href":"https:\/\/impactocastex.com.ar\/index.php?rest_route=\/wp\/v2\/media\/16253"}],"wp:attachment":[{"href":"https:\/\/impactocastex.com.ar\/index.php?rest_route=%2Fwp%2Fv2%2Fmedia&parent=16252"}],"wp:term":[{"taxonomy":"category","embeddable":true,"href":"https:\/\/impactocastex.com.ar\/index.php?rest_route=%2Fwp%2Fv2%2Fcategories&post=16252"},{"taxonomy":"post_tag","embeddable":true,"href":"https:\/\/impactocastex.com.ar\/index.php?rest_route=%2Fwp%2Fv2%2Ftags&post=16252"}],"curies":[{"name":"wp","href":"https:\/\/api.w.org\/{rel}","templated":true}]}}