{"id":16250,"date":"2026-04-23T04:15:41","date_gmt":"2026-04-23T07:15:41","guid":{"rendered":"https:\/\/impactocastex.com.ar\/?p=16250"},"modified":"2026-04-23T04:15:41","modified_gmt":"2026-04-23T07:15:41","slug":"guerra-de-estados-unidos-e-israel-contra-iran-en-vivo-tension-en-medio-oriente-hoy-jueves-23-de-abril","status":"publish","type":"post","link":"https:\/\/impactocastex.com.ar\/?p=16250","title":{"rendered":"Guerra de Estados Unidos e Israel contra Ir\u00e1n, en vivo: tensi\u00f3n en Medio Oriente hoy, jueves 23 de abril"},"content":{"rendered":"<p>Tras el<b> <\/b><a href=\"https:\/\/www.lanacion.com.ar\/el-mundo\/que-se-sabe-de-la-tregua-de-trump-con-iran-en-la-guerra-de-medio-oriente-hoy-martes-21-de-abril-nid21042026\/\" rel=\"\" title=\"https:\/\/www.lanacion.com.ar\/el-mundo\/que-se-sabe-de-la-tregua-de-trump-con-iran-en-la-guerra-de-medio-oriente-hoy-martes-21-de-abril-nid21042026\/\"><b>anuncio de Donald Trump sobre la extensi\u00f3n del alto al fuego<\/b><\/a>, la Guardia Revolucionaria de Ir\u00e1n captur\u00f3 hoy dos <b>naves comerciales en el estrecho de Ormuz <\/b>bajo el argumento de supuestas faltas a la normativa naval. En este marco, el analista internacional Andr\u00e9s Repetto en di\u00e1logo con <i>LN+ <\/i>sostuvo que estos \u00faltimos hechos marcan una nueva fase de hostilidades en Medio Oriente.<\/p>\n<p><b>\u201cLa fuerza naval del cuerpo de los guardianes de la Revoluci\u00f3n Isl\u00e1mica identific\u00f3 y detuvo esta ma\u00f1ana en el Estrecho de Ormuz a dos barcos infractores\u201d, <\/b>sostuvo Repetto, y explic\u00f3 que las autoridades de Teher\u00e1n justificaron la acci\u00f3n por presuntas irregularidades t\u00e9cnicas de los nav\u00edos.<\/p>\n<p><img loading=\"lazy\" decoding=\"async\" src=\"https:\/\/resizer.glanacion.com\/resizer\/v2\/6UD4N56BVZD3RKHIRK2G2EZI7U.jpg?auth=346147455766a47a929b1e63f323357b1de7e58c8b3b3b0f52d8ecea54bc392e&amp;smart=true&amp;width=2000&amp;height=1333\" alt=\"Estrecho de Ormuz\" height=\"1333\" width=\"2000\" \/><\/p>\n<p><a href=\"https:\/\/www.lanacion.com.ar\/el-mundo\/un-analista-internacional-explico-en-detalle-por-que-la-guerra-marca-una-nueva-fase-de-hostilidades-nid22042026\/\">Le\u00e9 la nota completa ac\u00e1<\/a><\/p>\n<p>El Comando Central de Estados Unidos (CENTCOM, por sus siglas en ingl\u00e9s) afirm\u00f3 que las fuerzas estadounidenses \u201c<b>ordenaron a 31 buques que den la vuelta o regresen a puerto como parte del bloqueo estadounidense contra Ir\u00e1n<\/b>\u201d, la mayor\u00eda de los cuales eran petroleros.<\/p>\n<p>En una actualizaci\u00f3n compartida en las redes sociales, las fuerzas armadas afirmaron que \u201cla mayor\u00eda de los buques han cumplido con las instrucciones de Estados Unidos\u201d.<\/p>\n<p>La operaci\u00f3n para bloquear los puertos iran\u00edes involucra a m\u00e1s de 10.000 soldados estadounidenses, 17 buques de guerra y m\u00e1s de 100 aeronaves, seg\u00fan inform\u00f3 el CENTCOM.<\/p>\n<p>El ex general estadounidense <b>Mark Kimmitt<\/b> declar\u00f3 ante <i>Al Jazeera<\/i> que existen algunos \u201c<b>defectos de funcionamiento<\/b>\u201d en las conversaciones previstas entre L\u00edbano e Israel en Washington, para el jueves, las cuales se producen en medio de un fr\u00e1gil alto el fuego y tienen como objetivo alcanzar un amplio acuerdo para poner fin a d\u00e9cadas de hostilidad.<\/p>\n<p>\u201cLo cierto es que all\u00ed tenemos a Israel, all\u00ed tenemos a L\u00edbano, all\u00ed tenemos a Estados Unidos\u201d, dijo Kimmitt. \u201cPero all\u00ed no tenemos a Hezbollah\u201d, remat\u00f3.<\/p>\n<p>BELEN.- Queda a tan s\u00f3lo diez kil\u00f3metros de <b>Jerusal\u00e9n, <\/b>pero se tarda casi una hora para ir a Bel\u00e9n, la ciudad donde naci\u00f3 <b>Jes\u00fas,<\/b> que se encuentra en<b> Cisjordania, <\/b>bajo la Autoridad Nacional<b> Palestina. <\/b>Rodeada por el llamado<b> \u201cmuro de defensa\u201d <\/b>construido por Israel en 2002 y con sus accesos bajo control israel\u00ed, hay que sortear varios check-points y descubrir -a trav\u00e9s de una app- cu\u00e1l ingreso se encuentra abierto.<\/p>\n<figure><video height=\"960\" width=\"540\" poster=\"https:\/\/cdn.jwplayer.com\/v2\/media\/Ks5SGAQ6\/poster.jpg?width=720\" preload=\"none\"><\/video><figcaption>El papam\u00f3vil que se transform\u00f3 en una cl\u00ednica pedi\u00e1trica<\/figcaption><\/figure>\n<p><a href=\"https:\/\/www.lanacion.com.ar\/sociedad\/a-un-ano-de-su-muerte-la-basilica-donde-nacio-su-vocacion-reune-a-cientos-de-personas-en-homenaje-al-nid21042026\/\" rel=\"\" title=\"https:\/\/www.lanacion.com.ar\/sociedad\/a-un-ano-de-su-muerte-la-basilica-donde-nacio-su-vocacion-reune-a-cientos-de-personas-en-homenaje-al-nid21042026\/\">A un a\u00f1o de la muerte del papa Francisco<\/a> aqu\u00ed, a 200 metros de la Bas\u00edlica de la Natividad, sigue bloqueado el<b> papam\u00f3vil <\/b>que, en uno de sus \u00faltimos deseos, Jorge Bergoglio quiso que se transformara en una <a href=\"https:\/\/www.lanacion.com.ar\/el-mundo\/francisco-y-su-ultimo-regalo-a-gaza-dono-su-papamovil-para-transformarlo-en-una-clinica-de-salud-nid04052025\/\" rel=\"\" title=\"https:\/\/www.lanacion.com.ar\/el-mundo\/francisco-y-su-ultimo-regalo-a-gaza-dono-su-papamovil-para-transformarlo-en-una-clinica-de-salud-nid04052025\/\">cl\u00ednica pedi\u00e1trica m\u00f3vil para los ni\u00f1os de Gaza<\/a>. Aunque el veh\u00edculo ya ha sido acondicionado con todo lo necesario, todav\u00eda no ha obtenido la autorizaci\u00f3n para ingresar a Gaza de parte de las autoridades israel\u00edes, inform\u00f3 la organizaci\u00f3n <i>Vehicle of Hope, <\/i>vinculada a<b> C\u00e1ritas <\/b>Suecia, que se hizo cargo de la realizaci\u00f3n de este \u00faltimo anhelo del papa argentino.<\/p>\n<p><b>Una periodista libanesa muri\u00f3 el mi\u00e9rcoles en un ataque a\u00e9reo israel\u00ed contra una casa en el sur de L\u00edbano<\/b>, donde se hab\u00eda refugiado mientras informaba sobre la guerra entre Israel y Hezbollah. <\/p>\n<p>Su cuerpo fue recuperado horas despu\u00e9s de entre los escombros, indicaron los rescatistas. <b>El diario Al-Akhbar inform\u00f3 que su reportera Amal Khalil muri\u00f3 en la aldea sure\u00f1a de al-Tiri.<\/b><\/p>\n<p><img loading=\"lazy\" decoding=\"async\" src=\"https:\/\/resizer.glanacion.com\/resizer\/v2\/7ZWR6YFTL5GXNDAHZNHKLDZ4E4.jpg?auth=36558a431d19776467b72e78cafc678e9905f1a2c342274572065b21999940b7&amp;smart=true&amp;width=6000&amp;height=4000\" alt=\"La periodista libanesa Amal Khalil, del diario Al-Akhbar, informa cerca de un puente destruido en Qasmiyeh, L\u00edbano\" height=\"4000\" width=\"6000\" \/><\/p>\n<p><b>Khalil hab\u00eda cubierto el conflicto en L\u00edbano entre Israel y el grupo pol\u00edtico-paramilitar liban\u00e9s Hezbollah, que se reanud\u00f3 a principios de marzo,<\/b> a la sombra de la guerra entre Estados Unidos e Israel en Ir\u00e1n. <\/p>\n<p>La periodista se refugi\u00f3 en la casa de al-Tiri despu\u00e9s de que un ataque a\u00e9reo israel\u00ed anterior impactara cerca del autom\u00f3vil en el que viajaba con otra colega.<\/p>\n<p>\u200bCobertura en tiempo real con las novedades m\u00e1s importantes del conflicto y las acciones del mandatario estadounidense, Donald Trump\u00a0\u00a0<\/p>","protected":false},"excerpt":{"rendered":"<p>Tras el anuncio de Donald Trump sobre la extensi\u00f3n del alto al fuego, la Guardia&#8230;<\/p>\n","protected":false},"author":1,"featured_media":16251,"comment_status":"closed","ping_status":"closed","sticky":false,"template":"","format":"standard","meta":{"_jetpack_memberships_contains_paid_content":false,"footnotes":"","jetpack_publicize_message":"","jetpack_publicize_feature_enabled":true,"jetpack_social_post_already_shared":true,"jetpack_social_options":{"image_generator_settings":{"template":"highway","default_image_id":0,"font":"","enabled":false},"version":2}},"categories":[89],"tags":[],"class_list":["post-16250","post","type-post","status-publish","format-standard","has-post-thumbnail","hentry","category-nacionales"],"yoast_head":"<!-- This site is optimized with the Yoast SEO plugin v27.4 - https:\/\/yoast.com\/product\/yoast-seo-wordpress\/ -->\n<title>Guerra de Estados Unidos e Israel contra Ir\u00e1n, en vivo: tensi\u00f3n en Medio Oriente hoy, jueves 23 de abril -<\/title>\n<meta name=\"robots\" content=\"index, follow, max-snippet:-1, max-image-preview:large, max-video-preview:-1\" \/>\n<link rel=\"canonical\" href=\"https:\/\/impactocastex.com.ar\/?p=16250\" \/>\n<meta property=\"og:locale\" content=\"es_ES\" \/>\n<meta property=\"og:type\" content=\"article\" \/>\n<meta property=\"og:title\" content=\"Guerra de Estados Unidos e Israel contra Ir\u00e1n, en vivo: tensi\u00f3n en Medio Oriente hoy, jueves 23 de abril -\" \/>\n<meta property=\"og:description\" content=\"Tras el anuncio de Donald Trump sobre la extensi\u00f3n del alto al fuego, la Guardia...\" \/>\n<meta property=\"og:url\" content=\"https:\/\/impactocastex.com.ar\/?p=16250\" \/>\n<meta property=\"article:publisher\" content=\"https:\/\/www.facebook.com\/impactocastexdiario\" \/>\n<meta property=\"article:published_time\" content=\"2026-04-23T07:15:41+00:00\" \/>\n<meta property=\"og:image\" content=\"https:\/\/resizer.glanacion.com\/resizer\/v2\/6UD4N56BVZD3RKHIRK2G2EZI7U.jpg?auth=346147455766a47a929b1e63f323357b1de7e58c8b3b3b0f52d8ecea54bc392e&amp;smart=true&amp;width=2000&amp;height=1333\" \/>\n<meta name=\"author\" content=\"impactocastex\" \/>\n<meta name=\"twitter:card\" content=\"summary_large_image\" \/>\n<meta name=\"twitter:label1\" content=\"Escrito por\" \/>\n\t<meta name=\"twitter:data1\" content=\"impactocastex\" \/>\n\t<meta name=\"twitter:label2\" content=\"Tiempo de lectura\" \/>\n\t<meta name=\"twitter:data2\" content=\"3 minutos\" \/>\n<script type=\"application\/ld+json\" class=\"yoast-schema-graph\">{\"@context\":\"https:\\\/\\\/schema.org\",\"@graph\":[{\"@type\":\"Article\",\"@id\":\"https:\\\/\\\/impactocastex.com.ar\\\/?p=16250#article\",\"isPartOf\":{\"@id\":\"https:\\\/\\\/impactocastex.com.ar\\\/?p=16250\"},\"author\":{\"name\":\"impactocastex\",\"@id\":\"https:\\\/\\\/impactocastex.com.ar\\\/#\\\/schema\\\/person\\\/86cb4f827fb5f87869a239b98a69c6e3\"},\"headline\":\"Guerra de Estados Unidos e Israel contra Ir\u00e1n, en vivo: tensi\u00f3n en Medio Oriente hoy, jueves 23 de abril\",\"datePublished\":\"2026-04-23T07:15:41+00:00\",\"mainEntityOfPage\":{\"@id\":\"https:\\\/\\\/impactocastex.com.ar\\\/?p=16250\"},\"wordCount\":690,\"publisher\":{\"@id\":\"https:\\\/\\\/impactocastex.com.ar\\\/#organization\"},\"image\":{\"@id\":\"https:\\\/\\\/impactocastex.com.ar\\\/?p=16250#primaryimage\"},\"thumbnailUrl\":\"https:\\\/\\\/impactocastex.com.ar\\\/wp-content\\\/uploads\\\/2026\\\/04\\\/YPERRYTPJ5FTLKPVINGQ67IBKY-65WvmI-scaled.jpg\",\"articleSection\":[\"NACIONALES\"],\"inLanguage\":\"es\"},{\"@type\":\"WebPage\",\"@id\":\"https:\\\/\\\/impactocastex.com.ar\\\/?p=16250\",\"url\":\"https:\\\/\\\/impactocastex.com.ar\\\/?p=16250\",\"name\":\"Guerra de Estados Unidos e Israel contra Ir\u00e1n, en vivo: tensi\u00f3n en Medio Oriente hoy, jueves 23 de abril -\",\"isPartOf\":{\"@id\":\"https:\\\/\\\/impactocastex.com.ar\\\/#website\"},\"primaryImageOfPage\":{\"@id\":\"https:\\\/\\\/impactocastex.com.ar\\\/?p=16250#primaryimage\"},\"image\":{\"@id\":\"https:\\\/\\\/impactocastex.com.ar\\\/?p=16250#primaryimage\"},\"thumbnailUrl\":\"https:\\\/\\\/impactocastex.com.ar\\\/wp-content\\\/uploads\\\/2026\\\/04\\\/YPERRYTPJ5FTLKPVINGQ67IBKY-65WvmI-scaled.jpg\",\"datePublished\":\"2026-04-23T07:15:41+00:00\",\"breadcrumb\":{\"@id\":\"https:\\\/\\\/impactocastex.com.ar\\\/?p=16250#breadcrumb\"},\"inLanguage\":\"es\",\"potentialAction\":[{\"@type\":\"ReadAction\",\"target\":[\"https:\\\/\\\/impactocastex.com.ar\\\/?p=16250\"]}]},{\"@type\":\"ImageObject\",\"inLanguage\":\"es\",\"@id\":\"https:\\\/\\\/impactocastex.com.ar\\\/?p=16250#primaryimage\",\"url\":\"https:\\\/\\\/impactocastex.com.ar\\\/wp-content\\\/uploads\\\/2026\\\/04\\\/YPERRYTPJ5FTLKPVINGQ67IBKY-65WvmI-scaled.jpg\",\"contentUrl\":\"https:\\\/\\\/impactocastex.com.ar\\\/wp-content\\\/uploads\\\/2026\\\/04\\\/YPERRYTPJ5FTLKPVINGQ67IBKY-65WvmI-scaled.jpg\",\"width\":2560,\"height\":1707},{\"@type\":\"BreadcrumbList\",\"@id\":\"https:\\\/\\\/impactocastex.com.ar\\\/?p=16250#breadcrumb\",\"itemListElement\":[{\"@type\":\"ListItem\",\"position\":1,\"name\":\"Portada\",\"item\":\"https:\\\/\\\/impactocastex.com.ar\\\/\"},{\"@type\":\"ListItem\",\"position\":2,\"name\":\"Guerra de Estados Unidos e Israel contra Ir\u00e1n, en vivo: tensi\u00f3n en Medio Oriente hoy, jueves 23 de abril\"}]},{\"@type\":\"WebSite\",\"@id\":\"https:\\\/\\\/impactocastex.com.ar\\\/#website\",\"url\":\"https:\\\/\\\/impactocastex.com.ar\\\/\",\"name\":\"Impacto Castex\",\"description\":\"\",\"publisher\":{\"@id\":\"https:\\\/\\\/impactocastex.com.ar\\\/#organization\"},\"potentialAction\":[{\"@type\":\"SearchAction\",\"target\":{\"@type\":\"EntryPoint\",\"urlTemplate\":\"https:\\\/\\\/impactocastex.com.ar\\\/?s={search_term_string}\"},\"query-input\":{\"@type\":\"PropertyValueSpecification\",\"valueRequired\":true,\"valueName\":\"search_term_string\"}}],\"inLanguage\":\"es\"},{\"@type\":\"Organization\",\"@id\":\"https:\\\/\\\/impactocastex.com.ar\\\/#organization\",\"name\":\"Impacto Castex\",\"url\":\"https:\\\/\\\/impactocastex.com.ar\\\/\",\"logo\":{\"@type\":\"ImageObject\",\"inLanguage\":\"es\",\"@id\":\"https:\\\/\\\/impactocastex.com.ar\\\/#\\\/schema\\\/logo\\\/image\\\/\",\"url\":\"https:\\\/\\\/impactocastex.com.ar\\\/wp-content\\\/uploads\\\/2025\\\/09\\\/cropped-icoweb.png\",\"contentUrl\":\"https:\\\/\\\/impactocastex.com.ar\\\/wp-content\\\/uploads\\\/2025\\\/09\\\/cropped-icoweb.png\",\"width\":512,\"height\":512,\"caption\":\"Impacto Castex\"},\"image\":{\"@id\":\"https:\\\/\\\/impactocastex.com.ar\\\/#\\\/schema\\\/logo\\\/image\\\/\"},\"sameAs\":[\"https:\\\/\\\/www.facebook.com\\\/impactocastexdiario\",\"https:\\\/\\\/www.instagram.com\\\/impactocastex.com.ar\\\/\"]},{\"@type\":\"Person\",\"@id\":\"https:\\\/\\\/impactocastex.com.ar\\\/#\\\/schema\\\/person\\\/86cb4f827fb5f87869a239b98a69c6e3\",\"name\":\"impactocastex\",\"image\":{\"@type\":\"ImageObject\",\"inLanguage\":\"es\",\"@id\":\"https:\\\/\\\/secure.gravatar.com\\\/avatar\\\/9a87ee051ca8c77f5d4070843ce2c78cdf95b858b950fb039151de955122f5f5?s=96&d=mm&r=g\",\"url\":\"https:\\\/\\\/secure.gravatar.com\\\/avatar\\\/9a87ee051ca8c77f5d4070843ce2c78cdf95b858b950fb039151de955122f5f5?s=96&d=mm&r=g\",\"contentUrl\":\"https:\\\/\\\/secure.gravatar.com\\\/avatar\\\/9a87ee051ca8c77f5d4070843ce2c78cdf95b858b950fb039151de955122f5f5?s=96&d=mm&r=g\",\"caption\":\"impactocastex\"},\"sameAs\":[\"https:\\\/\\\/impactocastex.com.ar\"],\"url\":\"https:\\\/\\\/impactocastex.com.ar\\\/?author=1\"}]}<\/script>\n<!-- \/ Yoast SEO plugin. -->","yoast_head_json":{"title":"Guerra de Estados Unidos e Israel contra Ir\u00e1n, en vivo: tensi\u00f3n en Medio Oriente hoy, jueves 23 de abril -","robots":{"index":"index","follow":"follow","max-snippet":"max-snippet:-1","max-image-preview":"max-image-preview:large","max-video-preview":"max-video-preview:-1"},"canonical":"https:\/\/impactocastex.com.ar\/?p=16250","og_locale":"es_ES","og_type":"article","og_title":"Guerra de Estados Unidos e Israel contra Ir\u00e1n, en vivo: tensi\u00f3n en Medio Oriente hoy, jueves 23 de abril -","og_description":"Tras el anuncio de Donald Trump sobre la extensi\u00f3n del alto al fuego, la Guardia...","og_url":"https:\/\/impactocastex.com.ar\/?p=16250","article_publisher":"https:\/\/www.facebook.com\/impactocastexdiario","article_published_time":"2026-04-23T07:15:41+00:00","og_image":[{"url":"https:\/\/resizer.glanacion.com\/resizer\/v2\/6UD4N56BVZD3RKHIRK2G2EZI7U.jpg?auth=346147455766a47a929b1e63f323357b1de7e58c8b3b3b0f52d8ecea54bc392e&amp;smart=true&amp;width=2000&amp;height=1333","type":"","width":"","height":""}],"author":"impactocastex","twitter_card":"summary_large_image","twitter_misc":{"Escrito por":"impactocastex","Tiempo de lectura":"3 minutos"},"schema":{"@context":"https:\/\/schema.org","@graph":[{"@type":"Article","@id":"https:\/\/impactocastex.com.ar\/?p=16250#article","isPartOf":{"@id":"https:\/\/impactocastex.com.ar\/?p=16250"},"author":{"name":"impactocastex","@id":"https:\/\/impactocastex.com.ar\/#\/schema\/person\/86cb4f827fb5f87869a239b98a69c6e3"},"headline":"Guerra de Estados Unidos e Israel contra Ir\u00e1n, en vivo: tensi\u00f3n en Medio Oriente hoy, jueves 23 de abril","datePublished":"2026-04-23T07:15:41+00:00","mainEntityOfPage":{"@id":"https:\/\/impactocastex.com.ar\/?p=16250"},"wordCount":690,"publisher":{"@id":"https:\/\/impactocastex.com.ar\/#organization"},"image":{"@id":"https:\/\/impactocastex.com.ar\/?p=16250#primaryimage"},"thumbnailUrl":"https:\/\/impactocastex.com.ar\/wp-content\/uploads\/2026\/04\/YPERRYTPJ5FTLKPVINGQ67IBKY-65WvmI-scaled.jpg","articleSection":["NACIONALES"],"inLanguage":"es"},{"@type":"WebPage","@id":"https:\/\/impactocastex.com.ar\/?p=16250","url":"https:\/\/impactocastex.com.ar\/?p=16250","name":"Guerra de Estados Unidos e Israel contra Ir\u00e1n, en vivo: tensi\u00f3n en Medio Oriente hoy, jueves 23 de abril -","isPartOf":{"@id":"https:\/\/impactocastex.com.ar\/#website"},"primaryImageOfPage":{"@id":"https:\/\/impactocastex.com.ar\/?p=16250#primaryimage"},"image":{"@id":"https:\/\/impactocastex.com.ar\/?p=16250#primaryimage"},"thumbnailUrl":"https:\/\/impactocastex.com.ar\/wp-content\/uploads\/2026\/04\/YPERRYTPJ5FTLKPVINGQ67IBKY-65WvmI-scaled.jpg","datePublished":"2026-04-23T07:15:41+00:00","breadcrumb":{"@id":"https:\/\/impactocastex.com.ar\/?p=16250#breadcrumb"},"inLanguage":"es","potentialAction":[{"@type":"ReadAction","target":["https:\/\/impactocastex.com.ar\/?p=16250"]}]},{"@type":"ImageObject","inLanguage":"es","@id":"https:\/\/impactocastex.com.ar\/?p=16250#primaryimage","url":"https:\/\/impactocastex.com.ar\/wp-content\/uploads\/2026\/04\/YPERRYTPJ5FTLKPVINGQ67IBKY-65WvmI-scaled.jpg","contentUrl":"https:\/\/impactocastex.com.ar\/wp-content\/uploads\/2026\/04\/YPERRYTPJ5FTLKPVINGQ67IBKY-65WvmI-scaled.jpg","width":2560,"height":1707},{"@type":"BreadcrumbList","@id":"https:\/\/impactocastex.com.ar\/?p=16250#breadcrumb","itemListElement":[{"@type":"ListItem","position":1,"name":"Portada","item":"https:\/\/impactocastex.com.ar\/"},{"@type":"ListItem","position":2,"name":"Guerra de Estados Unidos e Israel contra Ir\u00e1n, en vivo: tensi\u00f3n en Medio Oriente hoy, jueves 23 de abril"}]},{"@type":"WebSite","@id":"https:\/\/impactocastex.com.ar\/#website","url":"https:\/\/impactocastex.com.ar\/","name":"Impacto Castex","description":"","publisher":{"@id":"https:\/\/impactocastex.com.ar\/#organization"},"potentialAction":[{"@type":"SearchAction","target":{"@type":"EntryPoint","urlTemplate":"https:\/\/impactocastex.com.ar\/?s={search_term_string}"},"query-input":{"@type":"PropertyValueSpecification","valueRequired":true,"valueName":"search_term_string"}}],"inLanguage":"es"},{"@type":"Organization","@id":"https:\/\/impactocastex.com.ar\/#organization","name":"Impacto Castex","url":"https:\/\/impactocastex.com.ar\/","logo":{"@type":"ImageObject","inLanguage":"es","@id":"https:\/\/impactocastex.com.ar\/#\/schema\/logo\/image\/","url":"https:\/\/impactocastex.com.ar\/wp-content\/uploads\/2025\/09\/cropped-icoweb.png","contentUrl":"https:\/\/impactocastex.com.ar\/wp-content\/uploads\/2025\/09\/cropped-icoweb.png","width":512,"height":512,"caption":"Impacto Castex"},"image":{"@id":"https:\/\/impactocastex.com.ar\/#\/schema\/logo\/image\/"},"sameAs":["https:\/\/www.facebook.com\/impactocastexdiario","https:\/\/www.instagram.com\/impactocastex.com.ar\/"]},{"@type":"Person","@id":"https:\/\/impactocastex.com.ar\/#\/schema\/person\/86cb4f827fb5f87869a239b98a69c6e3","name":"impactocastex","image":{"@type":"ImageObject","inLanguage":"es","@id":"https:\/\/secure.gravatar.com\/avatar\/9a87ee051ca8c77f5d4070843ce2c78cdf95b858b950fb039151de955122f5f5?s=96&d=mm&r=g","url":"https:\/\/secure.gravatar.com\/avatar\/9a87ee051ca8c77f5d4070843ce2c78cdf95b858b950fb039151de955122f5f5?s=96&d=mm&r=g","contentUrl":"https:\/\/secure.gravatar.com\/avatar\/9a87ee051ca8c77f5d4070843ce2c78cdf95b858b950fb039151de955122f5f5?s=96&d=mm&r=g","caption":"impactocastex"},"sameAs":["https:\/\/impactocastex.com.ar"],"url":"https:\/\/impactocastex.com.ar\/?author=1"}]}},"jetpack_publicize_connections":[],"featured_image_urls":{"full":["https:\/\/impactocastex.com.ar\/wp-content\/uploads\/2026\/04\/YPERRYTPJ5FTLKPVINGQ67IBKY-65WvmI-scaled.jpg",2560,1707,false],"thumbnail":["https:\/\/impactocastex.com.ar\/wp-content\/uploads\/2026\/04\/YPERRYTPJ5FTLKPVINGQ67IBKY-65WvmI-150x150.jpg",150,150,true],"medium":["https:\/\/impactocastex.com.ar\/wp-content\/uploads\/2026\/04\/YPERRYTPJ5FTLKPVINGQ67IBKY-65WvmI-300x200.jpg",300,200,true],"medium_large":["https:\/\/impactocastex.com.ar\/wp-content\/uploads\/2026\/04\/YPERRYTPJ5FTLKPVINGQ67IBKY-65WvmI-768x512.jpg",640,427,true],"large":["https:\/\/impactocastex.com.ar\/wp-content\/uploads\/2026\/04\/YPERRYTPJ5FTLKPVINGQ67IBKY-65WvmI-1024x683.jpg",640,427,true],"1536x1536":["https:\/\/impactocastex.com.ar\/wp-content\/uploads\/2026\/04\/YPERRYTPJ5FTLKPVINGQ67IBKY-65WvmI-1536x1024.jpg",1536,1024,true],"2048x2048":["https:\/\/impactocastex.com.ar\/wp-content\/uploads\/2026\/04\/YPERRYTPJ5FTLKPVINGQ67IBKY-65WvmI-2048x1365.jpg",2048,1365,true],"newsever-slider-full":["https:\/\/impactocastex.com.ar\/wp-content\/uploads\/2026\/04\/YPERRYTPJ5FTLKPVINGQ67IBKY-65WvmI-1280x845.jpg",1280,845,true],"newsever-featured":["https:\/\/impactocastex.com.ar\/wp-content\/uploads\/2026\/04\/YPERRYTPJ5FTLKPVINGQ67IBKY-65WvmI-1024x683.jpg",1024,683,true],"newsever-medium":["https:\/\/impactocastex.com.ar\/wp-content\/uploads\/2026\/04\/YPERRYTPJ5FTLKPVINGQ67IBKY-65WvmI-720x475.jpg",720,475,true]},"author_info":{"info":["impactocastex"]},"category_info":"<a href=\"https:\/\/impactocastex.com.ar\/?cat=89\" rel=\"category\">NACIONALES<\/a>","tag_info":"NACIONALES","comment_count":0,"jetpack_featured_media_url":"https:\/\/impactocastex.com.ar\/wp-content\/uploads\/2026\/04\/YPERRYTPJ5FTLKPVINGQ67IBKY-65WvmI-scaled.jpg","jetpack_sharing_enabled":true,"jetpack_likes_enabled":true,"jetpack_shortlink":"https:\/\/wp.me\/p7sopA-4e6","_links":{"self":[{"href":"https:\/\/impactocastex.com.ar\/index.php?rest_route=\/wp\/v2\/posts\/16250","targetHints":{"allow":["GET"]}}],"collection":[{"href":"https:\/\/impactocastex.com.ar\/index.php?rest_route=\/wp\/v2\/posts"}],"about":[{"href":"https:\/\/impactocastex.com.ar\/index.php?rest_route=\/wp\/v2\/types\/post"}],"author":[{"embeddable":true,"href":"https:\/\/impactocastex.com.ar\/index.php?rest_route=\/wp\/v2\/users\/1"}],"replies":[{"embeddable":true,"href":"https:\/\/impactocastex.com.ar\/index.php?rest_route=%2Fwp%2Fv2%2Fcomments&post=16250"}],"version-history":[{"count":0,"href":"https:\/\/impactocastex.com.ar\/index.php?rest_route=\/wp\/v2\/posts\/16250\/revisions"}],"wp:featuredmedia":[{"embeddable":true,"href":"https:\/\/impactocastex.com.ar\/index.php?rest_route=\/wp\/v2\/media\/16251"}],"wp:attachment":[{"href":"https:\/\/impactocastex.com.ar\/index.php?rest_route=%2Fwp%2Fv2%2Fmedia&parent=16250"}],"wp:term":[{"taxonomy":"category","embeddable":true,"href":"https:\/\/impactocastex.com.ar\/index.php?rest_route=%2Fwp%2Fv2%2Fcategories&post=16250"},{"taxonomy":"post_tag","embeddable":true,"href":"https:\/\/impactocastex.com.ar\/index.php?rest_route=%2Fwp%2Fv2%2Ftags&post=16250"}],"curies":[{"name":"wp","href":"https:\/\/api.w.org\/{rel}","templated":true}]}}