{"id":1609,"date":"2025-10-03T10:44:45","date_gmt":"2025-10-03T13:44:45","guid":{"rendered":"https:\/\/impactocastex.com.ar\/?p=1609"},"modified":"2025-10-03T10:44:47","modified_gmt":"2025-10-03T13:44:47","slug":"una-joven-de-22-anos-fue-a-un-bar-con-amigos-y-dias-despues-le-diagnosticaron-una-enfermedad-victoriana","status":"publish","type":"post","link":"https:\/\/impactocastex.com.ar\/?p=1609","title":{"rendered":"Una joven de 22 a\u00f1os fue a un bar con amigos y d\u00edas despu\u00e9s le diagnosticaron una \u201cenfermedad victoriana\u201d"},"content":{"rendered":"\n<p>Indigo Duffy es de Reino Unido y comparti\u00f3 su historia para concientizar. \u201cEra una erupci\u00f3n con bultos horrible. Cuanto m\u00e1s me rascaba, peor se pon\u00eda\u201d, relat\u00f3.<\/p>\n\n\n\n<p><strong>Indigo Duffy<\/strong>, de 22 a\u00f1os, asisti\u00f3 a un concierto en un bar de<strong>\u00a0Brixton<\/strong>, en Londres,y regres\u00f3 a su casa con un \u201crefr\u00edo\u201d. D\u00edas despu\u00e9s, los m\u00e9dicos confirmaron que ten\u00eda\u00a0<strong>escarlatina<\/strong>, una infecci\u00f3n que fue<strong>\u00a0mortal en el siglo XIX y que volvi\u00f3 a aparecer en el Reino Unido.<\/strong><\/p>\n\n\n\n<p>El episodio ocurri\u00f3 a fines del 2024, pero la joven decidi\u00f3 contar su historia esta semana a medios brit\u00e1nicos para&nbsp;<strong>concientizar sobre los riesgos de la enfermedad<\/strong>, en un contexto donde las autoridades sanitarias brit\u00e1nicas detectaron un<strong>&nbsp;incremento de los casos.<\/strong><\/p>\n\n\n\n<h2 class=\"wp-block-heading\">Del dolor de garganta al p\u00e1nico por el diagn\u00f3stico: la historia de Indigo<\/h2>\n\n\n\n<figure class=\"wp-block-image\"><img decoding=\"async\" src=\"https:\/\/tn.com.ar\/resizer\/v2\/indigo-duffy-presento-un-sarpullido-rojo-y-ardiente-en-piernas-cuello-y-rostro-caracteristico-de-la-escarlatina-foto-kennedy-news-and-media-O6UZU5KALVEWBMLWNLQRXFNWAQ.png?auth=4393f41d1d4dcc2dc96bb1765d0f59d4d04633610ac383eab93cab1d518334b1&amp;width=767\" alt=\"Indigo Duffy present\u00f3 un sarpullido rojo y ardiente en piernas, cuello y rostro, caracter\u00edstico de la escarlatina (Foto: Kennedy News and Media)\" \/><figcaption class=\"wp-element-caption\">Indigo Duffy present\u00f3 un sarpullido rojo y ardiente en piernas, cuello y rostro, caracter\u00edstico de la escarlatina (Foto: Kennedy News and Media)<\/figcaption><\/figure>\n\n\n\n<p>Lo que parec\u00eda un simple resfr\u00edo termin\u00f3 en un diagn\u00f3stico inesperado. Indigo Duffy, una joven londinense que se dedicaba a la venta de ropa vintage, empez\u00f3 con&nbsp;<strong>molestias en la garganta&nbsp;<\/strong>luego deasistir a un bar \u201cmuy caluroso y lleno de gente\u201d en Brixton.&nbsp;<strong>\u201cPens\u00e9 que era la t\u00edpica gripe despu\u00e9s de un festival\u201d<\/strong>, cont\u00f3 a&nbsp;<em>Mirror<\/em>.<\/p>\n\n\n\n<p>Pero a los pocos d\u00edas not\u00f3 que<strong>&nbsp;sus piernas estaban cubiertas de manchas rojas y ardientes<\/strong>. Al despertar, el sarpullido se hab\u00eda extendido por todo el cuerpo. \u201cEra una erupci\u00f3n con bultos horrible. Cuanto m\u00e1s me rascaba, peor se pon\u00eda\u201d, relat\u00f3 la joven.<\/p>\n\n\n\n<p>Tras buscar los s\u00edntomas en internet y sospechar que se trataba de escarlatina, acudi\u00f3 a urgencias del<strong>&nbsp;Hospital Kingston<\/strong>,donde los m\u00e9dicos confirmaron el diagn\u00f3stico y le recetaron antibi\u00f3ticos durante una semana.&nbsp;<strong>\u201cMe sent\u00ed como un ni\u00f1o victoriano enfermo. Me asust\u00e9 al pensar en lo que esa enfermedad significaba en el pasado\u201d<\/strong>, admiti\u00f3.<\/p>\n\n\n\n<h2 class=\"wp-block-heading\">Escarlatina: una \u201cenfermedad victoriana\u201d que vuelve a preocupar<\/h2>\n\n\n\n<figure class=\"wp-block-image\"><img decoding=\"async\" src=\"https:\/\/tn.com.ar\/resizer\/v2\/la-escarlatina-causada-por-la-bacteria-streptococcus-pyogenes-fue-una-de-las-principales-causas-de-muerte-infantil-en-el-siglo-xix-foto-mims-VKEO4XF4ZREL7IDAPNTCOUVPBQ.png?auth=f11e85ccd25e7139007964b9a2cdd2c04cdf22d3301ff5fe9acc8d6648770497&amp;width=767\" alt=\"La escarlatina, causada por la bacteria Streptococcus pyogenes, fue una de las principales causas de muerte infantil en el siglo XIX (Foto: MIMS)\" \/><figcaption class=\"wp-element-caption\">La escarlatina, causada por la bacteria Streptococcus pyogenes, fue una de las principales causas de muerte infantil en el siglo XIX (Foto: MIMS)<\/figcaption><\/figure>\n\n\n\n<p>En el&nbsp;<strong>siglo XIX<\/strong>, la enfermedad \u2014causada por la bacteria&nbsp;<em>Streptococcus pyogenes<\/em>\u2014 fue la principal causa de muerte infantil y pod\u00eda acabar con todos los hijos de una familia en pocas semanas, seg\u00fan el<em>British Medical Journal<\/em>.<\/p>\n\n\n\n<p>Aunque hoy el tratamiento es sencillo, la escarlatina sigue siendo contagiosa. Seg\u00fan el&nbsp;<strong>Servicio Nacional de Salud<\/strong>&nbsp;(NHS), suele afectar a ni\u00f1os peque\u00f1os y comienza con s\u00edntomas similares a la gripe. Entre 12 y 48 horas despu\u00e9s aparece la&nbsp;<strong>erupci\u00f3n caracter\u00edstica, que deja la piel \u00e1spera como una lija.<\/strong><\/p>\n\n\n\n<p>En abril, la Agencia de Seguridad Sanitaria del Reino Unido (UKHSA) inform\u00f3 que hubo&nbsp;<strong>12.176 casos entre enero y marzo de 2024<\/strong>, una cifra mayor al promedio de los \u00faltimos cinco a\u00f1os, aunque inferior al brote de 2023.<\/p>\n\n\n\n<h2 class=\"wp-block-heading\">C\u00f3mo logr\u00f3 superar la enfermedad<\/h2>\n\n\n\n<figure class=\"wp-block-image\"><img decoding=\"async\" src=\"https:\/\/tn.com.ar\/resizer\/v2\/tras-una-semana-en-reposo-y-un-tratamiento-con-antibioticos-la-joven-logro-recuperarse-foto-kennedy-news-and-media-3XMJEN3J6ZBW7IMIFJX3DPQWYE.png?auth=d889477cff19f4b00a41adf0ceabfa830860e7fda27ac38342c36e055bcf73a6&amp;width=767\" alt=\"Tras una semana en reposo y un tratamiento con antibi\u00f3ticos, la joven logr\u00f3 recuperarse. (Foto: Kennedy News and Media)\" \/><figcaption class=\"wp-element-caption\">Tras una semana en reposo y un tratamiento con antibi\u00f3ticos, la joven logr\u00f3 recuperarse. (Foto: Kennedy News and Media)<\/figcaption><\/figure>\n\n\n\n<p>Indigo pas\u00f3<strong>&nbsp;una semana en reposo, agotada y con la piel descamada durante d\u00edas.<\/strong>&nbsp;Cuando los<strong>&nbsp;antibi\u00f3ticos<\/strong>&nbsp;empezaron a hacer efecto, la mejor\u00eda fue inmediata y&nbsp;<strong>logr\u00f3 recuperarse por completo<\/strong>. Hoy decidi\u00f3 contar su experiencia para concientizar.<\/p>\n\n\n\n<p>\u201cAl principio pens\u00e9 que era solo un resfriado, pero termin\u00e9 con una enfermedad medieval. Es importante reconocer los s\u00edntomas y acudir al m\u00e9dico a tiempo\u201d, concluy\u00f3.<\/p>\n","protected":false},"excerpt":{"rendered":"<p>Indigo Duffy es de Reino Unido y comparti\u00f3 su historia para concientizar. \u201cEra una erupci\u00f3n&#8230;<\/p>\n","protected":false},"author":2,"featured_media":1610,"comment_status":"closed","ping_status":"closed","sticky":false,"template":"","format":"standard","meta":{"_jetpack_memberships_contains_paid_content":false,"footnotes":"","jetpack_publicize_message":"","jetpack_publicize_feature_enabled":true,"jetpack_social_post_already_shared":true,"jetpack_social_options":{"image_generator_settings":{"template":"highway","default_image_id":0,"font":"","enabled":false},"version":2}},"categories":[120],"tags":[],"class_list":["post-1609","post","type-post","status-publish","format-standard","has-post-thumbnail","hentry","category-salud"],"yoast_head":"<!-- This site is optimized with the Yoast SEO plugin v27.4 - https:\/\/yoast.com\/product\/yoast-seo-wordpress\/ -->\n<title>Una joven de 22 a\u00f1os fue a un bar con amigos y d\u00edas despu\u00e9s le diagnosticaron una \u201cenfermedad victoriana\u201d -<\/title>\n<meta name=\"robots\" content=\"index, follow, max-snippet:-1, max-image-preview:large, max-video-preview:-1\" \/>\n<link rel=\"canonical\" href=\"https:\/\/impactocastex.com.ar\/?p=1609\" \/>\n<meta property=\"og:locale\" content=\"es_ES\" \/>\n<meta property=\"og:type\" content=\"article\" \/>\n<meta property=\"og:title\" content=\"Una joven de 22 a\u00f1os fue a un bar con amigos y d\u00edas despu\u00e9s le diagnosticaron una \u201cenfermedad victoriana\u201d -\" \/>\n<meta property=\"og:description\" content=\"Indigo Duffy es de Reino Unido y comparti\u00f3 su historia para concientizar. \u201cEra una erupci\u00f3n...\" \/>\n<meta property=\"og:url\" content=\"https:\/\/impactocastex.com.ar\/?p=1609\" \/>\n<meta property=\"article:publisher\" content=\"https:\/\/www.facebook.com\/impactocastexdiario\" \/>\n<meta property=\"article:published_time\" content=\"2025-10-03T13:44:45+00:00\" \/>\n<meta property=\"article:modified_time\" content=\"2025-10-03T13:44:47+00:00\" \/>\n<meta property=\"og:image\" content=\"https:\/\/impactocastex.com.ar\/wp-content\/uploads\/2025\/10\/Captura-de-pantalla-2025-10-03-104419.png\" \/>\n\t<meta property=\"og:image:width\" content=\"678\" \/>\n\t<meta property=\"og:image:height\" content=\"386\" \/>\n\t<meta property=\"og:image:type\" content=\"image\/png\" \/>\n<meta name=\"author\" content=\"impactocastex\" \/>\n<meta name=\"twitter:card\" content=\"summary_large_image\" \/>\n<meta name=\"twitter:label1\" content=\"Escrito por\" \/>\n\t<meta name=\"twitter:data1\" content=\"impactocastex\" \/>\n\t<meta name=\"twitter:label2\" content=\"Tiempo de lectura\" \/>\n\t<meta name=\"twitter:data2\" content=\"4 minutos\" \/>\n<script type=\"application\/ld+json\" class=\"yoast-schema-graph\">{\"@context\":\"https:\\\/\\\/schema.org\",\"@graph\":[{\"@type\":\"Article\",\"@id\":\"https:\\\/\\\/impactocastex.com.ar\\\/?p=1609#article\",\"isPartOf\":{\"@id\":\"https:\\\/\\\/impactocastex.com.ar\\\/?p=1609\"},\"author\":{\"name\":\"impactocastex\",\"@id\":\"https:\\\/\\\/impactocastex.com.ar\\\/#\\\/schema\\\/person\\\/c115028fb60f9bf49ce7550894b84ea7\"},\"headline\":\"Una joven de 22 a\u00f1os fue a un bar con amigos y d\u00edas despu\u00e9s le diagnosticaron una \u201cenfermedad victoriana\u201d\",\"datePublished\":\"2025-10-03T13:44:45+00:00\",\"dateModified\":\"2025-10-03T13:44:47+00:00\",\"mainEntityOfPage\":{\"@id\":\"https:\\\/\\\/impactocastex.com.ar\\\/?p=1609\"},\"wordCount\":627,\"publisher\":{\"@id\":\"https:\\\/\\\/impactocastex.com.ar\\\/#organization\"},\"image\":{\"@id\":\"https:\\\/\\\/impactocastex.com.ar\\\/?p=1609#primaryimage\"},\"thumbnailUrl\":\"https:\\\/\\\/impactocastex.com.ar\\\/wp-content\\\/uploads\\\/2025\\\/10\\\/Captura-de-pantalla-2025-10-03-104419.png\",\"articleSection\":[\"SALUD\"],\"inLanguage\":\"es\"},{\"@type\":\"WebPage\",\"@id\":\"https:\\\/\\\/impactocastex.com.ar\\\/?p=1609\",\"url\":\"https:\\\/\\\/impactocastex.com.ar\\\/?p=1609\",\"name\":\"Una joven de 22 a\u00f1os fue a un bar con amigos y d\u00edas despu\u00e9s le diagnosticaron una \u201cenfermedad victoriana\u201d -\",\"isPartOf\":{\"@id\":\"https:\\\/\\\/impactocastex.com.ar\\\/#website\"},\"primaryImageOfPage\":{\"@id\":\"https:\\\/\\\/impactocastex.com.ar\\\/?p=1609#primaryimage\"},\"image\":{\"@id\":\"https:\\\/\\\/impactocastex.com.ar\\\/?p=1609#primaryimage\"},\"thumbnailUrl\":\"https:\\\/\\\/impactocastex.com.ar\\\/wp-content\\\/uploads\\\/2025\\\/10\\\/Captura-de-pantalla-2025-10-03-104419.png\",\"datePublished\":\"2025-10-03T13:44:45+00:00\",\"dateModified\":\"2025-10-03T13:44:47+00:00\",\"breadcrumb\":{\"@id\":\"https:\\\/\\\/impactocastex.com.ar\\\/?p=1609#breadcrumb\"},\"inLanguage\":\"es\",\"potentialAction\":[{\"@type\":\"ReadAction\",\"target\":[\"https:\\\/\\\/impactocastex.com.ar\\\/?p=1609\"]}]},{\"@type\":\"ImageObject\",\"inLanguage\":\"es\",\"@id\":\"https:\\\/\\\/impactocastex.com.ar\\\/?p=1609#primaryimage\",\"url\":\"https:\\\/\\\/impactocastex.com.ar\\\/wp-content\\\/uploads\\\/2025\\\/10\\\/Captura-de-pantalla-2025-10-03-104419.png\",\"contentUrl\":\"https:\\\/\\\/impactocastex.com.ar\\\/wp-content\\\/uploads\\\/2025\\\/10\\\/Captura-de-pantalla-2025-10-03-104419.png\",\"width\":678,\"height\":386},{\"@type\":\"BreadcrumbList\",\"@id\":\"https:\\\/\\\/impactocastex.com.ar\\\/?p=1609#breadcrumb\",\"itemListElement\":[{\"@type\":\"ListItem\",\"position\":1,\"name\":\"Portada\",\"item\":\"https:\\\/\\\/impactocastex.com.ar\\\/\"},{\"@type\":\"ListItem\",\"position\":2,\"name\":\"Una joven de 22 a\u00f1os fue a un bar con amigos y d\u00edas despu\u00e9s le diagnosticaron una \u201cenfermedad victoriana\u201d\"}]},{\"@type\":\"WebSite\",\"@id\":\"https:\\\/\\\/impactocastex.com.ar\\\/#website\",\"url\":\"https:\\\/\\\/impactocastex.com.ar\\\/\",\"name\":\"Impacto Castex\",\"description\":\"\",\"publisher\":{\"@id\":\"https:\\\/\\\/impactocastex.com.ar\\\/#organization\"},\"potentialAction\":[{\"@type\":\"SearchAction\",\"target\":{\"@type\":\"EntryPoint\",\"urlTemplate\":\"https:\\\/\\\/impactocastex.com.ar\\\/?s={search_term_string}\"},\"query-input\":{\"@type\":\"PropertyValueSpecification\",\"valueRequired\":true,\"valueName\":\"search_term_string\"}}],\"inLanguage\":\"es\"},{\"@type\":\"Organization\",\"@id\":\"https:\\\/\\\/impactocastex.com.ar\\\/#organization\",\"name\":\"Impacto Castex\",\"url\":\"https:\\\/\\\/impactocastex.com.ar\\\/\",\"logo\":{\"@type\":\"ImageObject\",\"inLanguage\":\"es\",\"@id\":\"https:\\\/\\\/impactocastex.com.ar\\\/#\\\/schema\\\/logo\\\/image\\\/\",\"url\":\"https:\\\/\\\/impactocastex.com.ar\\\/wp-content\\\/uploads\\\/2025\\\/09\\\/cropped-icoweb.png\",\"contentUrl\":\"https:\\\/\\\/impactocastex.com.ar\\\/wp-content\\\/uploads\\\/2025\\\/09\\\/cropped-icoweb.png\",\"width\":512,\"height\":512,\"caption\":\"Impacto Castex\"},\"image\":{\"@id\":\"https:\\\/\\\/impactocastex.com.ar\\\/#\\\/schema\\\/logo\\\/image\\\/\"},\"sameAs\":[\"https:\\\/\\\/www.facebook.com\\\/impactocastexdiario\",\"https:\\\/\\\/www.instagram.com\\\/impactocastex.com.ar\\\/\"]},{\"@type\":\"Person\",\"@id\":\"https:\\\/\\\/impactocastex.com.ar\\\/#\\\/schema\\\/person\\\/c115028fb60f9bf49ce7550894b84ea7\",\"name\":\"impactocastex\",\"image\":{\"@type\":\"ImageObject\",\"inLanguage\":\"es\",\"@id\":\"https:\\\/\\\/secure.gravatar.com\\\/avatar\\\/fee87e7af008f02e9becdc0b5a9fd4a2e79b3918a571edeacb62211704637833?s=96&d=mm&r=g\",\"url\":\"https:\\\/\\\/secure.gravatar.com\\\/avatar\\\/fee87e7af008f02e9becdc0b5a9fd4a2e79b3918a571edeacb62211704637833?s=96&d=mm&r=g\",\"contentUrl\":\"https:\\\/\\\/secure.gravatar.com\\\/avatar\\\/fee87e7af008f02e9becdc0b5a9fd4a2e79b3918a571edeacb62211704637833?s=96&d=mm&r=g\",\"caption\":\"impactocastex\"},\"sameAs\":[\"https:\\\/\\\/impactocastex.com.ar\\\/\"],\"url\":\"https:\\\/\\\/impactocastex.com.ar\\\/?author=2\"}]}<\/script>\n<!-- \/ Yoast SEO plugin. -->","yoast_head_json":{"title":"Una joven de 22 a\u00f1os fue a un bar con amigos y d\u00edas despu\u00e9s le diagnosticaron una \u201cenfermedad victoriana\u201d -","robots":{"index":"index","follow":"follow","max-snippet":"max-snippet:-1","max-image-preview":"max-image-preview:large","max-video-preview":"max-video-preview:-1"},"canonical":"https:\/\/impactocastex.com.ar\/?p=1609","og_locale":"es_ES","og_type":"article","og_title":"Una joven de 22 a\u00f1os fue a un bar con amigos y d\u00edas despu\u00e9s le diagnosticaron una \u201cenfermedad victoriana\u201d -","og_description":"Indigo Duffy es de Reino Unido y comparti\u00f3 su historia para concientizar. \u201cEra una erupci\u00f3n...","og_url":"https:\/\/impactocastex.com.ar\/?p=1609","article_publisher":"https:\/\/www.facebook.com\/impactocastexdiario","article_published_time":"2025-10-03T13:44:45+00:00","article_modified_time":"2025-10-03T13:44:47+00:00","og_image":[{"width":678,"height":386,"url":"https:\/\/impactocastex.com.ar\/wp-content\/uploads\/2025\/10\/Captura-de-pantalla-2025-10-03-104419.png","type":"image\/png"}],"author":"impactocastex","twitter_card":"summary_large_image","twitter_misc":{"Escrito por":"impactocastex","Tiempo de lectura":"4 minutos"},"schema":{"@context":"https:\/\/schema.org","@graph":[{"@type":"Article","@id":"https:\/\/impactocastex.com.ar\/?p=1609#article","isPartOf":{"@id":"https:\/\/impactocastex.com.ar\/?p=1609"},"author":{"name":"impactocastex","@id":"https:\/\/impactocastex.com.ar\/#\/schema\/person\/c115028fb60f9bf49ce7550894b84ea7"},"headline":"Una joven de 22 a\u00f1os fue a un bar con amigos y d\u00edas despu\u00e9s le diagnosticaron una \u201cenfermedad victoriana\u201d","datePublished":"2025-10-03T13:44:45+00:00","dateModified":"2025-10-03T13:44:47+00:00","mainEntityOfPage":{"@id":"https:\/\/impactocastex.com.ar\/?p=1609"},"wordCount":627,"publisher":{"@id":"https:\/\/impactocastex.com.ar\/#organization"},"image":{"@id":"https:\/\/impactocastex.com.ar\/?p=1609#primaryimage"},"thumbnailUrl":"https:\/\/impactocastex.com.ar\/wp-content\/uploads\/2025\/10\/Captura-de-pantalla-2025-10-03-104419.png","articleSection":["SALUD"],"inLanguage":"es"},{"@type":"WebPage","@id":"https:\/\/impactocastex.com.ar\/?p=1609","url":"https:\/\/impactocastex.com.ar\/?p=1609","name":"Una joven de 22 a\u00f1os fue a un bar con amigos y d\u00edas despu\u00e9s le diagnosticaron una \u201cenfermedad victoriana\u201d -","isPartOf":{"@id":"https:\/\/impactocastex.com.ar\/#website"},"primaryImageOfPage":{"@id":"https:\/\/impactocastex.com.ar\/?p=1609#primaryimage"},"image":{"@id":"https:\/\/impactocastex.com.ar\/?p=1609#primaryimage"},"thumbnailUrl":"https:\/\/impactocastex.com.ar\/wp-content\/uploads\/2025\/10\/Captura-de-pantalla-2025-10-03-104419.png","datePublished":"2025-10-03T13:44:45+00:00","dateModified":"2025-10-03T13:44:47+00:00","breadcrumb":{"@id":"https:\/\/impactocastex.com.ar\/?p=1609#breadcrumb"},"inLanguage":"es","potentialAction":[{"@type":"ReadAction","target":["https:\/\/impactocastex.com.ar\/?p=1609"]}]},{"@type":"ImageObject","inLanguage":"es","@id":"https:\/\/impactocastex.com.ar\/?p=1609#primaryimage","url":"https:\/\/impactocastex.com.ar\/wp-content\/uploads\/2025\/10\/Captura-de-pantalla-2025-10-03-104419.png","contentUrl":"https:\/\/impactocastex.com.ar\/wp-content\/uploads\/2025\/10\/Captura-de-pantalla-2025-10-03-104419.png","width":678,"height":386},{"@type":"BreadcrumbList","@id":"https:\/\/impactocastex.com.ar\/?p=1609#breadcrumb","itemListElement":[{"@type":"ListItem","position":1,"name":"Portada","item":"https:\/\/impactocastex.com.ar\/"},{"@type":"ListItem","position":2,"name":"Una joven de 22 a\u00f1os fue a un bar con amigos y d\u00edas despu\u00e9s le diagnosticaron una \u201cenfermedad victoriana\u201d"}]},{"@type":"WebSite","@id":"https:\/\/impactocastex.com.ar\/#website","url":"https:\/\/impactocastex.com.ar\/","name":"Impacto Castex","description":"","publisher":{"@id":"https:\/\/impactocastex.com.ar\/#organization"},"potentialAction":[{"@type":"SearchAction","target":{"@type":"EntryPoint","urlTemplate":"https:\/\/impactocastex.com.ar\/?s={search_term_string}"},"query-input":{"@type":"PropertyValueSpecification","valueRequired":true,"valueName":"search_term_string"}}],"inLanguage":"es"},{"@type":"Organization","@id":"https:\/\/impactocastex.com.ar\/#organization","name":"Impacto Castex","url":"https:\/\/impactocastex.com.ar\/","logo":{"@type":"ImageObject","inLanguage":"es","@id":"https:\/\/impactocastex.com.ar\/#\/schema\/logo\/image\/","url":"https:\/\/impactocastex.com.ar\/wp-content\/uploads\/2025\/09\/cropped-icoweb.png","contentUrl":"https:\/\/impactocastex.com.ar\/wp-content\/uploads\/2025\/09\/cropped-icoweb.png","width":512,"height":512,"caption":"Impacto Castex"},"image":{"@id":"https:\/\/impactocastex.com.ar\/#\/schema\/logo\/image\/"},"sameAs":["https:\/\/www.facebook.com\/impactocastexdiario","https:\/\/www.instagram.com\/impactocastex.com.ar\/"]},{"@type":"Person","@id":"https:\/\/impactocastex.com.ar\/#\/schema\/person\/c115028fb60f9bf49ce7550894b84ea7","name":"impactocastex","image":{"@type":"ImageObject","inLanguage":"es","@id":"https:\/\/secure.gravatar.com\/avatar\/fee87e7af008f02e9becdc0b5a9fd4a2e79b3918a571edeacb62211704637833?s=96&d=mm&r=g","url":"https:\/\/secure.gravatar.com\/avatar\/fee87e7af008f02e9becdc0b5a9fd4a2e79b3918a571edeacb62211704637833?s=96&d=mm&r=g","contentUrl":"https:\/\/secure.gravatar.com\/avatar\/fee87e7af008f02e9becdc0b5a9fd4a2e79b3918a571edeacb62211704637833?s=96&d=mm&r=g","caption":"impactocastex"},"sameAs":["https:\/\/impactocastex.com.ar\/"],"url":"https:\/\/impactocastex.com.ar\/?author=2"}]}},"jetpack_publicize_connections":[],"featured_image_urls":{"full":["https:\/\/impactocastex.com.ar\/wp-content\/uploads\/2025\/10\/Captura-de-pantalla-2025-10-03-104419.png",678,386,false],"thumbnail":["https:\/\/impactocastex.com.ar\/wp-content\/uploads\/2025\/10\/Captura-de-pantalla-2025-10-03-104419-150x150.png",150,150,true],"medium":["https:\/\/impactocastex.com.ar\/wp-content\/uploads\/2025\/10\/Captura-de-pantalla-2025-10-03-104419-300x171.png",300,171,true],"medium_large":["https:\/\/impactocastex.com.ar\/wp-content\/uploads\/2025\/10\/Captura-de-pantalla-2025-10-03-104419.png",640,364,false],"large":["https:\/\/impactocastex.com.ar\/wp-content\/uploads\/2025\/10\/Captura-de-pantalla-2025-10-03-104419.png",640,364,false],"1536x1536":["https:\/\/impactocastex.com.ar\/wp-content\/uploads\/2025\/10\/Captura-de-pantalla-2025-10-03-104419.png",678,386,false],"2048x2048":["https:\/\/impactocastex.com.ar\/wp-content\/uploads\/2025\/10\/Captura-de-pantalla-2025-10-03-104419.png",678,386,false],"newsever-slider-full":["https:\/\/impactocastex.com.ar\/wp-content\/uploads\/2025\/10\/Captura-de-pantalla-2025-10-03-104419.png",678,386,false],"newsever-featured":["https:\/\/impactocastex.com.ar\/wp-content\/uploads\/2025\/10\/Captura-de-pantalla-2025-10-03-104419.png",678,386,false],"newsever-medium":["https:\/\/impactocastex.com.ar\/wp-content\/uploads\/2025\/10\/Captura-de-pantalla-2025-10-03-104419.png",678,386,false]},"author_info":{"info":["impactocastex"]},"category_info":"<a href=\"https:\/\/impactocastex.com.ar\/?cat=120\" rel=\"category\">SALUD<\/a>","tag_info":"SALUD","comment_count":0,"jetpack_featured_media_url":"https:\/\/impactocastex.com.ar\/wp-content\/uploads\/2025\/10\/Captura-de-pantalla-2025-10-03-104419.png","jetpack_sharing_enabled":true,"jetpack_likes_enabled":true,"jetpack_shortlink":"https:\/\/wp.me\/p7sopA-pX","_links":{"self":[{"href":"https:\/\/impactocastex.com.ar\/index.php?rest_route=\/wp\/v2\/posts\/1609","targetHints":{"allow":["GET"]}}],"collection":[{"href":"https:\/\/impactocastex.com.ar\/index.php?rest_route=\/wp\/v2\/posts"}],"about":[{"href":"https:\/\/impactocastex.com.ar\/index.php?rest_route=\/wp\/v2\/types\/post"}],"author":[{"embeddable":true,"href":"https:\/\/impactocastex.com.ar\/index.php?rest_route=\/wp\/v2\/users\/2"}],"replies":[{"embeddable":true,"href":"https:\/\/impactocastex.com.ar\/index.php?rest_route=%2Fwp%2Fv2%2Fcomments&post=1609"}],"version-history":[{"count":1,"href":"https:\/\/impactocastex.com.ar\/index.php?rest_route=\/wp\/v2\/posts\/1609\/revisions"}],"predecessor-version":[{"id":1611,"href":"https:\/\/impactocastex.com.ar\/index.php?rest_route=\/wp\/v2\/posts\/1609\/revisions\/1611"}],"wp:featuredmedia":[{"embeddable":true,"href":"https:\/\/impactocastex.com.ar\/index.php?rest_route=\/wp\/v2\/media\/1610"}],"wp:attachment":[{"href":"https:\/\/impactocastex.com.ar\/index.php?rest_route=%2Fwp%2Fv2%2Fmedia&parent=1609"}],"wp:term":[{"taxonomy":"category","embeddable":true,"href":"https:\/\/impactocastex.com.ar\/index.php?rest_route=%2Fwp%2Fv2%2Fcategories&post=1609"},{"taxonomy":"post_tag","embeddable":true,"href":"https:\/\/impactocastex.com.ar\/index.php?rest_route=%2Fwp%2Fv2%2Ftags&post=1609"}],"curies":[{"name":"wp","href":"https:\/\/api.w.org\/{rel}","templated":true}]}}