{"id":1603,"date":"2025-10-03T10:37:25","date_gmt":"2025-10-03T13:37:25","guid":{"rendered":"https:\/\/impactocastex.com.ar\/?p=1603"},"modified":"2025-10-03T10:37:27","modified_gmt":"2025-10-03T13:37:27","slug":"bahia-blanca-le-sacaron-el-celular-a-un-hombre-que-mato-a-una-nena-y-amenazaba-a-la-mama-desde-la-carcel","status":"publish","type":"post","link":"https:\/\/impactocastex.com.ar\/?p=1603","title":{"rendered":"Bah\u00eda Blanca: le sacaron el celular a un hombre que mat\u00f3 a una nena y amenazaba a la mam\u00e1 desde la c\u00e1rcel"},"content":{"rendered":"\n<p>Jonathan Luna fue condenado a perpetua por el femicidio de Micaela Ortega, de 12 a\u00f1os. En agosto, la madre de la v\u00edctima, M\u00f3nica Cid, denunci\u00f3 que el asesino le hab\u00eda escrito desde la c\u00e1rcel a trav\u00e9s de Facebook.<\/p>\n\n\n\n<p>La Justicia le prohibi\u00f3 el acceso a tel\u00e9fonos celulares y a redes sociales a Jonathan Luna, que est\u00e1 preso tras haber sido\u00a0<strong>condenado a prisi\u00f3n perpetua<\/strong>\u00a0por el femicidio de Micaela Ortega.<\/p>\n\n\n\n<p>Se hizo efectivo luego de una orden emitida por del juez de Ejecuci\u00f3n Penal N\u00b0 1, Claudio Brun.<\/p>\n\n\n\n<p>Esta decisi\u00f3n se tom\u00f3 luego de que la madre de la v\u00edctima,\u00a0M\u00f3nica Cid, denunciara en agosto\u00a0que\u00a0<strong>el asesino la hab\u00eda contactado a trav\u00e9s de mensajes privados en Facebook.<\/strong><\/p>\n\n\n\n<p>\u201cEspero que&nbsp;<strong>alg\u00fan d\u00eda pueda perdonarme\u201d<\/strong>, fue el primer mensaje que envi\u00f3&nbsp;<strong>Jonathan Luna&nbsp;<\/strong>a trav\u00e9s de la aplicaci\u00f3n Messenger, seguido de un emoji de cara triste. Despu\u00e9s, insisti\u00f3: \u201cEspero que alg\u00fan d\u00eda usted me pueda perdonar\u201d y remat\u00f3: \u201c<strong>Hoy estoy pagando mi error<\/strong>\u201d.<\/p>\n\n\n\n<figure class=\"wp-block-image\"><img decoding=\"async\" src=\"https:\/\/tn.com.ar\/resizer\/v2\/el-femicida-de-micaela-ortega-contacto-por-facebook-a-la-mama-de-la-victima-foto-facebook-monica-cid-3LI2L4SNS5CT3APWUNXRVQISNM.PNG?auth=de81be384886256b0fcccdf23b6199a812e3db9d31602bee52484f3fb2ed2515&amp;width=767\" alt=\"El femicida de Micaela Ortega contact\u00f3 por Facebook a la mam\u00e1 de la v\u00edctima. (Foto: Facebook\/ M\u00f3nica Cid).\" \/><figcaption class=\"wp-element-caption\">El femicida de Micaela Ortega contact\u00f3 por Facebook a la mam\u00e1 de la v\u00edctima. (Foto: Facebook\/ M\u00f3nica Cid).<\/figcaption><\/figure>\n\n\n\n<p>El acusado, quien cambi\u00f3 de g\u00e9nero y ahora se llama Joana, declar\u00f3 en las audiencias que no se hab\u00eda comunicado con M\u00f3nica Cid porque, desde 2023, no tiene un celular en la Unidad Penal N\u00b0 32 de Florencio Varela, donde cumple su condena. Adem\u00e1s,&nbsp;<strong>asegur\u00f3 que no tiene ni tuvo inter\u00e9s en contactar a la madre de la v\u00edctima,&nbsp;<\/strong>seg\u00fan se indica en el escrito al que tuvo acceso&nbsp;<em>NA.<\/em><\/p>\n\n\n\n<p>En cambio, Luna insisti\u00f3 en que el perfil de Facebook y esos mensajes ser\u00edan&nbsp;<strong>una \u201cvenganza\u201d por parte de un hombre que fue novio de su actual pareja.<\/strong><\/p>\n\n\n\n<p>\u201cLa foto que aparece en el perfil se la tom\u00f3 junto a su actual pareja y compa\u00f1era de celda, Sandra, quien la subi\u00f3 a su perfil de Facebook. Luna sospecha que la expareja de Sandra,&nbsp;<strong>Marcelo Alejandro Villanueva,<\/strong>&nbsp;con esa foto, cre\u00f3 el perfil desde el cual se mandaron los mensajes, para vengarse del v\u00ednculo que mantienen actualmente\u201d, se detalla en el texto.<\/p>\n\n\n\n<p>A pesar de esto, el juez resalt\u00f3 que Luna hab\u00eda sido condenado por&nbsp;<em>grooming,&nbsp;<\/em>un factorque agrava su situaci\u00f3n en esa denuncia. Por ese motivo, decidi\u00f3 prohibirle el acceso a las redes.<\/p>\n\n\n\n<figure class=\"wp-block-image\"><img decoding=\"async\" src=\"https:\/\/tn.com.ar\/resizer\/v2\/una-camara-de-seguridad-registro-a-micaela-junto-a-luna-el-dia-que-la-nena-desaparecio-foto-gentileza-la-brujula-24-IEIEU4P6VRCDHM5NAQBYAHE25M.jpeg?auth=9844987f34d35ddf1f9247a35eeedfd196f5bb477367a163b599a9c8c6927754&amp;width=767\" alt=\"Una c\u00e1mara de seguridad registr\u00f3 a Micaela junto a Luna el d\u00eda que la nena desapareci\u00f3. (Foto: gentileza La Br\u00fajula 24).\" \/><figcaption class=\"wp-element-caption\">Una c\u00e1mara de seguridad registr\u00f3 a Micaela junto a Luna el d\u00eda que la nena desapareci\u00f3. (Foto: gentileza La Br\u00fajula 24).<\/figcaption><\/figure>\n\n\n\n<p>\u201cSe impone la&nbsp;<strong>prohibici\u00f3n absoluta de acceso a redes sociales<\/strong>&nbsp;desde telefon\u00eda celular o cualquier otro dispositivo electr\u00f3nico dentro del \u00e1mbito del Servicio Penitenciario Bonaerense, ello teniendo en cuenta la utilizaci\u00f3n de telefon\u00eda m\u00f3vil en la comisi\u00f3n de los delitos por los cuales fuera condenada, que importan adem\u00e1s una violaci\u00f3n al Protocolo para el uso de celulares por parte de las personas privadas de la libertad en el \u00e1mbito carcelario\u201d, detalla el escrito.<\/p>\n\n\n\n<p>En tanto, el magistrado le orden\u00f3 al director del penal donde Luna est\u00e1 preso que contin\u00fae \u201cmanteniendo y asegurando el contacto con su entorno familiar y defensa t\u00e9cnica a trav\u00e9s de llamadas desde tel\u00e9fonos que a esos efectos disponga el Servicio Penitenciario Bonaerense&nbsp;<strong>(tel\u00e9fonos fijos), visitas presenciales regulares<\/strong>, comunicaci\u00f3n institucional con su defensa y asistencia a trav\u00e9s de la Oficina Judicial de la Procuraci\u00f3n General de la SCJBA\u201d.<\/p>\n\n\n\n<h2 class=\"wp-block-heading\">Un femicidio y el primer caso de&nbsp;<em>grooming&nbsp;<\/em>en la Argentina<\/h2>\n\n\n\n<p>A principios de 2016, Luna hab\u00eda&nbsp;<strong>creado un perfil falso&nbsp;<\/strong>en Facebook bajo el nombre de \u201c<strong>La Rochi de River<\/strong>\u201d. Se hizo pasar por una chica de la misma edad que Micaela, se gan\u00f3 su confianza y el&nbsp;<strong>23 de abril<\/strong>&nbsp;la convenci\u00f3 de encontrarse en una esquina de Bah\u00eda Blanca.<\/p>\n\n\n\n<p>Para que la v\u00edctima no sospechara, le dijo: \u201c<strong>Te va ir a buscar un primo m\u00edo<\/strong>\u201d. Pero todo era un enga\u00f1o. Cuando Micaela lleg\u00f3 a ese lugar, Luna trat\u00f3 de violarla, la golpe\u00f3 y la estrangul\u00f3 con una remera.<\/p>\n\n\n\n<figure class=\"wp-block-image\"><img decoding=\"async\" src=\"https:\/\/tn.com.ar\/resizer\/v2\/luna-intento-violar-a-micaela-ortega-la-golpeo-y-la-estrangulo-con-una-remera-foto-gentileza-clarin-7ADC2BY3YBDH3O3D64SDNCI6NA.PNG?auth=f141f9ce442a752ea4434794b47b01e08540e449727e4450fc1f62ce25fd79c1&amp;width=767\" alt=\"Luna intent\u00f3 violar a Micaela Ortega, la golpe\u00f3 y la estrangul\u00f3 con una remera. (Foto: gentileza Clar\u00edn).\" \/><figcaption class=\"wp-element-caption\">Luna intent\u00f3 violar a Micaela Ortega, la golpe\u00f3 y la estrangul\u00f3 con una remera. (Foto: gentileza Clar\u00edn).<\/figcaption><\/figure>\n\n\n\n<p>El&nbsp;<strong>28 de mayo<\/strong>, cinco semanas despu\u00e9s de su desaparici\u00f3n, encontraron el cuerpo de Micaela en un descampado cerca de la ruta 3, a m\u00e1s de siete kil\u00f3metros de la ciudad.<\/p>\n\n\n\n<p>Luna le hab\u00eda robado la mochila y despu\u00e9s&nbsp;<strong>ofreci\u00f3 la planchita de pelo de la v\u00edctima<\/strong>&nbsp;en Facebook, a mil pesos.<\/p>\n\n\n\n<p>Las&nbsp;<strong>c\u00e1maras municipales captaron<\/strong>&nbsp;a&nbsp;<strong>Micaela caminando por la calle con Luna&nbsp;<\/strong>y varios testigos lo reconocieron. El crimen se resolvi\u00f3 cuando las autoridades lograron&nbsp;<strong>acceder a los mensajes privados&nbsp;<\/strong>de Micaela en las redes sociales e intervenir su tel\u00e9fono, y un allanamiento en la casa del sospechoso fue determinante: all\u00ed&nbsp;<strong>encontraron el celular y la campera&nbsp;<\/strong>de Micaela.<\/p>\n\n\n\n<p>Acorralado totalmente,<strong>&nbsp;Luna confes\u00f3 y le dio datos<\/strong>&nbsp;precisos a la polic\u00eda<strong>&nbsp;para encontrar el cuerpo<\/strong>&nbsp;de la nena.<\/p>\n\n\n\n<p>En octubre de 2017, Jonathan Luna fue&nbsp;<strong>condenado a prisi\u00f3n perpetua,&nbsp;<\/strong>en el marco del primer caso de&nbsp;<strong>\u201cgrooming\u201d seguido de muerte.<\/strong><\/p>\n","protected":false},"excerpt":{"rendered":"<p>Jonathan Luna fue condenado a perpetua por el femicidio de Micaela Ortega, de 12 a\u00f1os&#8230;.<\/p>\n","protected":false},"author":2,"featured_media":1604,"comment_status":"closed","ping_status":"closed","sticky":false,"template":"","format":"standard","meta":{"_jetpack_memberships_contains_paid_content":false,"footnotes":"","jetpack_publicize_message":"","jetpack_publicize_feature_enabled":true,"jetpack_social_post_already_shared":true,"jetpack_social_options":{"image_generator_settings":{"template":"highway","default_image_id":0,"font":"","enabled":false},"version":2}},"categories":[85],"tags":[],"class_list":["post-1603","post","type-post","status-publish","format-standard","has-post-thumbnail","hentry","category-policiales"],"yoast_head":"<!-- This site is optimized with the Yoast SEO plugin v27.4 - https:\/\/yoast.com\/product\/yoast-seo-wordpress\/ -->\n<title>Bah\u00eda Blanca: le sacaron el celular a un hombre que mat\u00f3 a una nena y amenazaba a la mam\u00e1 desde la c\u00e1rcel -<\/title>\n<meta name=\"robots\" content=\"index, follow, max-snippet:-1, max-image-preview:large, max-video-preview:-1\" \/>\n<link rel=\"canonical\" href=\"https:\/\/impactocastex.com.ar\/?p=1603\" \/>\n<meta property=\"og:locale\" content=\"es_ES\" \/>\n<meta property=\"og:type\" content=\"article\" \/>\n<meta property=\"og:title\" content=\"Bah\u00eda Blanca: le sacaron el celular a un hombre que mat\u00f3 a una nena y amenazaba a la mam\u00e1 desde la c\u00e1rcel -\" \/>\n<meta property=\"og:description\" content=\"Jonathan Luna fue condenado a perpetua por el femicidio de Micaela Ortega, de 12 a\u00f1os....\" \/>\n<meta property=\"og:url\" content=\"https:\/\/impactocastex.com.ar\/?p=1603\" \/>\n<meta property=\"article:publisher\" content=\"https:\/\/www.facebook.com\/impactocastexdiario\" \/>\n<meta property=\"article:published_time\" content=\"2025-10-03T13:37:25+00:00\" \/>\n<meta property=\"article:modified_time\" content=\"2025-10-03T13:37:27+00:00\" \/>\n<meta property=\"og:image\" content=\"https:\/\/impactocastex.com.ar\/wp-content\/uploads\/2025\/10\/Captura-de-pantalla-2025-10-03-103700.png\" \/>\n\t<meta property=\"og:image:width\" content=\"686\" \/>\n\t<meta property=\"og:image:height\" content=\"385\" \/>\n\t<meta property=\"og:image:type\" content=\"image\/png\" \/>\n<meta name=\"author\" content=\"impactocastex\" \/>\n<meta name=\"twitter:card\" content=\"summary_large_image\" \/>\n<meta name=\"twitter:label1\" content=\"Escrito por\" \/>\n\t<meta name=\"twitter:data1\" content=\"impactocastex\" \/>\n\t<meta name=\"twitter:label2\" content=\"Tiempo de lectura\" \/>\n\t<meta name=\"twitter:data2\" content=\"5 minutos\" \/>\n<script type=\"application\/ld+json\" class=\"yoast-schema-graph\">{\"@context\":\"https:\\\/\\\/schema.org\",\"@graph\":[{\"@type\":\"Article\",\"@id\":\"https:\\\/\\\/impactocastex.com.ar\\\/?p=1603#article\",\"isPartOf\":{\"@id\":\"https:\\\/\\\/impactocastex.com.ar\\\/?p=1603\"},\"author\":{\"name\":\"impactocastex\",\"@id\":\"https:\\\/\\\/impactocastex.com.ar\\\/#\\\/schema\\\/person\\\/c115028fb60f9bf49ce7550894b84ea7\"},\"headline\":\"Bah\u00eda Blanca: le sacaron el celular a un hombre que mat\u00f3 a una nena y amenazaba a la mam\u00e1 desde la c\u00e1rcel\",\"datePublished\":\"2025-10-03T13:37:25+00:00\",\"dateModified\":\"2025-10-03T13:37:27+00:00\",\"mainEntityOfPage\":{\"@id\":\"https:\\\/\\\/impactocastex.com.ar\\\/?p=1603\"},\"wordCount\":929,\"publisher\":{\"@id\":\"https:\\\/\\\/impactocastex.com.ar\\\/#organization\"},\"image\":{\"@id\":\"https:\\\/\\\/impactocastex.com.ar\\\/?p=1603#primaryimage\"},\"thumbnailUrl\":\"https:\\\/\\\/impactocastex.com.ar\\\/wp-content\\\/uploads\\\/2025\\\/10\\\/Captura-de-pantalla-2025-10-03-103700.png\",\"articleSection\":[\"POLICIALES\"],\"inLanguage\":\"es\"},{\"@type\":\"WebPage\",\"@id\":\"https:\\\/\\\/impactocastex.com.ar\\\/?p=1603\",\"url\":\"https:\\\/\\\/impactocastex.com.ar\\\/?p=1603\",\"name\":\"Bah\u00eda Blanca: le sacaron el celular a un hombre que mat\u00f3 a una nena y amenazaba a la mam\u00e1 desde la c\u00e1rcel -\",\"isPartOf\":{\"@id\":\"https:\\\/\\\/impactocastex.com.ar\\\/#website\"},\"primaryImageOfPage\":{\"@id\":\"https:\\\/\\\/impactocastex.com.ar\\\/?p=1603#primaryimage\"},\"image\":{\"@id\":\"https:\\\/\\\/impactocastex.com.ar\\\/?p=1603#primaryimage\"},\"thumbnailUrl\":\"https:\\\/\\\/impactocastex.com.ar\\\/wp-content\\\/uploads\\\/2025\\\/10\\\/Captura-de-pantalla-2025-10-03-103700.png\",\"datePublished\":\"2025-10-03T13:37:25+00:00\",\"dateModified\":\"2025-10-03T13:37:27+00:00\",\"breadcrumb\":{\"@id\":\"https:\\\/\\\/impactocastex.com.ar\\\/?p=1603#breadcrumb\"},\"inLanguage\":\"es\",\"potentialAction\":[{\"@type\":\"ReadAction\",\"target\":[\"https:\\\/\\\/impactocastex.com.ar\\\/?p=1603\"]}]},{\"@type\":\"ImageObject\",\"inLanguage\":\"es\",\"@id\":\"https:\\\/\\\/impactocastex.com.ar\\\/?p=1603#primaryimage\",\"url\":\"https:\\\/\\\/impactocastex.com.ar\\\/wp-content\\\/uploads\\\/2025\\\/10\\\/Captura-de-pantalla-2025-10-03-103700.png\",\"contentUrl\":\"https:\\\/\\\/impactocastex.com.ar\\\/wp-content\\\/uploads\\\/2025\\\/10\\\/Captura-de-pantalla-2025-10-03-103700.png\",\"width\":686,\"height\":385},{\"@type\":\"BreadcrumbList\",\"@id\":\"https:\\\/\\\/impactocastex.com.ar\\\/?p=1603#breadcrumb\",\"itemListElement\":[{\"@type\":\"ListItem\",\"position\":1,\"name\":\"Portada\",\"item\":\"https:\\\/\\\/impactocastex.com.ar\\\/\"},{\"@type\":\"ListItem\",\"position\":2,\"name\":\"Bah\u00eda Blanca: le sacaron el celular a un hombre que mat\u00f3 a una nena y amenazaba a la mam\u00e1 desde la c\u00e1rcel\"}]},{\"@type\":\"WebSite\",\"@id\":\"https:\\\/\\\/impactocastex.com.ar\\\/#website\",\"url\":\"https:\\\/\\\/impactocastex.com.ar\\\/\",\"name\":\"Impacto Castex\",\"description\":\"\",\"publisher\":{\"@id\":\"https:\\\/\\\/impactocastex.com.ar\\\/#organization\"},\"potentialAction\":[{\"@type\":\"SearchAction\",\"target\":{\"@type\":\"EntryPoint\",\"urlTemplate\":\"https:\\\/\\\/impactocastex.com.ar\\\/?s={search_term_string}\"},\"query-input\":{\"@type\":\"PropertyValueSpecification\",\"valueRequired\":true,\"valueName\":\"search_term_string\"}}],\"inLanguage\":\"es\"},{\"@type\":\"Organization\",\"@id\":\"https:\\\/\\\/impactocastex.com.ar\\\/#organization\",\"name\":\"Impacto Castex\",\"url\":\"https:\\\/\\\/impactocastex.com.ar\\\/\",\"logo\":{\"@type\":\"ImageObject\",\"inLanguage\":\"es\",\"@id\":\"https:\\\/\\\/impactocastex.com.ar\\\/#\\\/schema\\\/logo\\\/image\\\/\",\"url\":\"https:\\\/\\\/impactocastex.com.ar\\\/wp-content\\\/uploads\\\/2025\\\/09\\\/cropped-icoweb.png\",\"contentUrl\":\"https:\\\/\\\/impactocastex.com.ar\\\/wp-content\\\/uploads\\\/2025\\\/09\\\/cropped-icoweb.png\",\"width\":512,\"height\":512,\"caption\":\"Impacto Castex\"},\"image\":{\"@id\":\"https:\\\/\\\/impactocastex.com.ar\\\/#\\\/schema\\\/logo\\\/image\\\/\"},\"sameAs\":[\"https:\\\/\\\/www.facebook.com\\\/impactocastexdiario\",\"https:\\\/\\\/www.instagram.com\\\/impactocastex.com.ar\\\/\"]},{\"@type\":\"Person\",\"@id\":\"https:\\\/\\\/impactocastex.com.ar\\\/#\\\/schema\\\/person\\\/c115028fb60f9bf49ce7550894b84ea7\",\"name\":\"impactocastex\",\"image\":{\"@type\":\"ImageObject\",\"inLanguage\":\"es\",\"@id\":\"https:\\\/\\\/secure.gravatar.com\\\/avatar\\\/fee87e7af008f02e9becdc0b5a9fd4a2e79b3918a571edeacb62211704637833?s=96&d=mm&r=g\",\"url\":\"https:\\\/\\\/secure.gravatar.com\\\/avatar\\\/fee87e7af008f02e9becdc0b5a9fd4a2e79b3918a571edeacb62211704637833?s=96&d=mm&r=g\",\"contentUrl\":\"https:\\\/\\\/secure.gravatar.com\\\/avatar\\\/fee87e7af008f02e9becdc0b5a9fd4a2e79b3918a571edeacb62211704637833?s=96&d=mm&r=g\",\"caption\":\"impactocastex\"},\"sameAs\":[\"https:\\\/\\\/impactocastex.com.ar\\\/\"],\"url\":\"https:\\\/\\\/impactocastex.com.ar\\\/?author=2\"}]}<\/script>\n<!-- \/ Yoast SEO plugin. -->","yoast_head_json":{"title":"Bah\u00eda Blanca: le sacaron el celular a un hombre que mat\u00f3 a una nena y amenazaba a la mam\u00e1 desde la c\u00e1rcel -","robots":{"index":"index","follow":"follow","max-snippet":"max-snippet:-1","max-image-preview":"max-image-preview:large","max-video-preview":"max-video-preview:-1"},"canonical":"https:\/\/impactocastex.com.ar\/?p=1603","og_locale":"es_ES","og_type":"article","og_title":"Bah\u00eda Blanca: le sacaron el celular a un hombre que mat\u00f3 a una nena y amenazaba a la mam\u00e1 desde la c\u00e1rcel -","og_description":"Jonathan Luna fue condenado a perpetua por el femicidio de Micaela Ortega, de 12 a\u00f1os....","og_url":"https:\/\/impactocastex.com.ar\/?p=1603","article_publisher":"https:\/\/www.facebook.com\/impactocastexdiario","article_published_time":"2025-10-03T13:37:25+00:00","article_modified_time":"2025-10-03T13:37:27+00:00","og_image":[{"width":686,"height":385,"url":"https:\/\/impactocastex.com.ar\/wp-content\/uploads\/2025\/10\/Captura-de-pantalla-2025-10-03-103700.png","type":"image\/png"}],"author":"impactocastex","twitter_card":"summary_large_image","twitter_misc":{"Escrito por":"impactocastex","Tiempo de lectura":"5 minutos"},"schema":{"@context":"https:\/\/schema.org","@graph":[{"@type":"Article","@id":"https:\/\/impactocastex.com.ar\/?p=1603#article","isPartOf":{"@id":"https:\/\/impactocastex.com.ar\/?p=1603"},"author":{"name":"impactocastex","@id":"https:\/\/impactocastex.com.ar\/#\/schema\/person\/c115028fb60f9bf49ce7550894b84ea7"},"headline":"Bah\u00eda Blanca: le sacaron el celular a un hombre que mat\u00f3 a una nena y amenazaba a la mam\u00e1 desde la c\u00e1rcel","datePublished":"2025-10-03T13:37:25+00:00","dateModified":"2025-10-03T13:37:27+00:00","mainEntityOfPage":{"@id":"https:\/\/impactocastex.com.ar\/?p=1603"},"wordCount":929,"publisher":{"@id":"https:\/\/impactocastex.com.ar\/#organization"},"image":{"@id":"https:\/\/impactocastex.com.ar\/?p=1603#primaryimage"},"thumbnailUrl":"https:\/\/impactocastex.com.ar\/wp-content\/uploads\/2025\/10\/Captura-de-pantalla-2025-10-03-103700.png","articleSection":["POLICIALES"],"inLanguage":"es"},{"@type":"WebPage","@id":"https:\/\/impactocastex.com.ar\/?p=1603","url":"https:\/\/impactocastex.com.ar\/?p=1603","name":"Bah\u00eda Blanca: le sacaron el celular a un hombre que mat\u00f3 a una nena y amenazaba a la mam\u00e1 desde la c\u00e1rcel -","isPartOf":{"@id":"https:\/\/impactocastex.com.ar\/#website"},"primaryImageOfPage":{"@id":"https:\/\/impactocastex.com.ar\/?p=1603#primaryimage"},"image":{"@id":"https:\/\/impactocastex.com.ar\/?p=1603#primaryimage"},"thumbnailUrl":"https:\/\/impactocastex.com.ar\/wp-content\/uploads\/2025\/10\/Captura-de-pantalla-2025-10-03-103700.png","datePublished":"2025-10-03T13:37:25+00:00","dateModified":"2025-10-03T13:37:27+00:00","breadcrumb":{"@id":"https:\/\/impactocastex.com.ar\/?p=1603#breadcrumb"},"inLanguage":"es","potentialAction":[{"@type":"ReadAction","target":["https:\/\/impactocastex.com.ar\/?p=1603"]}]},{"@type":"ImageObject","inLanguage":"es","@id":"https:\/\/impactocastex.com.ar\/?p=1603#primaryimage","url":"https:\/\/impactocastex.com.ar\/wp-content\/uploads\/2025\/10\/Captura-de-pantalla-2025-10-03-103700.png","contentUrl":"https:\/\/impactocastex.com.ar\/wp-content\/uploads\/2025\/10\/Captura-de-pantalla-2025-10-03-103700.png","width":686,"height":385},{"@type":"BreadcrumbList","@id":"https:\/\/impactocastex.com.ar\/?p=1603#breadcrumb","itemListElement":[{"@type":"ListItem","position":1,"name":"Portada","item":"https:\/\/impactocastex.com.ar\/"},{"@type":"ListItem","position":2,"name":"Bah\u00eda Blanca: le sacaron el celular a un hombre que mat\u00f3 a una nena y amenazaba a la mam\u00e1 desde la c\u00e1rcel"}]},{"@type":"WebSite","@id":"https:\/\/impactocastex.com.ar\/#website","url":"https:\/\/impactocastex.com.ar\/","name":"Impacto Castex","description":"","publisher":{"@id":"https:\/\/impactocastex.com.ar\/#organization"},"potentialAction":[{"@type":"SearchAction","target":{"@type":"EntryPoint","urlTemplate":"https:\/\/impactocastex.com.ar\/?s={search_term_string}"},"query-input":{"@type":"PropertyValueSpecification","valueRequired":true,"valueName":"search_term_string"}}],"inLanguage":"es"},{"@type":"Organization","@id":"https:\/\/impactocastex.com.ar\/#organization","name":"Impacto Castex","url":"https:\/\/impactocastex.com.ar\/","logo":{"@type":"ImageObject","inLanguage":"es","@id":"https:\/\/impactocastex.com.ar\/#\/schema\/logo\/image\/","url":"https:\/\/impactocastex.com.ar\/wp-content\/uploads\/2025\/09\/cropped-icoweb.png","contentUrl":"https:\/\/impactocastex.com.ar\/wp-content\/uploads\/2025\/09\/cropped-icoweb.png","width":512,"height":512,"caption":"Impacto Castex"},"image":{"@id":"https:\/\/impactocastex.com.ar\/#\/schema\/logo\/image\/"},"sameAs":["https:\/\/www.facebook.com\/impactocastexdiario","https:\/\/www.instagram.com\/impactocastex.com.ar\/"]},{"@type":"Person","@id":"https:\/\/impactocastex.com.ar\/#\/schema\/person\/c115028fb60f9bf49ce7550894b84ea7","name":"impactocastex","image":{"@type":"ImageObject","inLanguage":"es","@id":"https:\/\/secure.gravatar.com\/avatar\/fee87e7af008f02e9becdc0b5a9fd4a2e79b3918a571edeacb62211704637833?s=96&d=mm&r=g","url":"https:\/\/secure.gravatar.com\/avatar\/fee87e7af008f02e9becdc0b5a9fd4a2e79b3918a571edeacb62211704637833?s=96&d=mm&r=g","contentUrl":"https:\/\/secure.gravatar.com\/avatar\/fee87e7af008f02e9becdc0b5a9fd4a2e79b3918a571edeacb62211704637833?s=96&d=mm&r=g","caption":"impactocastex"},"sameAs":["https:\/\/impactocastex.com.ar\/"],"url":"https:\/\/impactocastex.com.ar\/?author=2"}]}},"jetpack_publicize_connections":[],"featured_image_urls":{"full":["https:\/\/impactocastex.com.ar\/wp-content\/uploads\/2025\/10\/Captura-de-pantalla-2025-10-03-103700.png",686,385,false],"thumbnail":["https:\/\/impactocastex.com.ar\/wp-content\/uploads\/2025\/10\/Captura-de-pantalla-2025-10-03-103700-150x150.png",150,150,true],"medium":["https:\/\/impactocastex.com.ar\/wp-content\/uploads\/2025\/10\/Captura-de-pantalla-2025-10-03-103700-300x168.png",300,168,true],"medium_large":["https:\/\/impactocastex.com.ar\/wp-content\/uploads\/2025\/10\/Captura-de-pantalla-2025-10-03-103700.png",640,359,false],"large":["https:\/\/impactocastex.com.ar\/wp-content\/uploads\/2025\/10\/Captura-de-pantalla-2025-10-03-103700.png",640,359,false],"1536x1536":["https:\/\/impactocastex.com.ar\/wp-content\/uploads\/2025\/10\/Captura-de-pantalla-2025-10-03-103700.png",686,385,false],"2048x2048":["https:\/\/impactocastex.com.ar\/wp-content\/uploads\/2025\/10\/Captura-de-pantalla-2025-10-03-103700.png",686,385,false],"newsever-slider-full":["https:\/\/impactocastex.com.ar\/wp-content\/uploads\/2025\/10\/Captura-de-pantalla-2025-10-03-103700.png",686,385,false],"newsever-featured":["https:\/\/impactocastex.com.ar\/wp-content\/uploads\/2025\/10\/Captura-de-pantalla-2025-10-03-103700.png",686,385,false],"newsever-medium":["https:\/\/impactocastex.com.ar\/wp-content\/uploads\/2025\/10\/Captura-de-pantalla-2025-10-03-103700.png",686,385,false]},"author_info":{"info":["impactocastex"]},"category_info":"<a href=\"https:\/\/impactocastex.com.ar\/?cat=85\" rel=\"category\">POLICIALES<\/a>","tag_info":"POLICIALES","comment_count":0,"jetpack_featured_media_url":"https:\/\/impactocastex.com.ar\/wp-content\/uploads\/2025\/10\/Captura-de-pantalla-2025-10-03-103700.png","jetpack_sharing_enabled":true,"jetpack_likes_enabled":true,"jetpack_shortlink":"https:\/\/wp.me\/p7sopA-pR","_links":{"self":[{"href":"https:\/\/impactocastex.com.ar\/index.php?rest_route=\/wp\/v2\/posts\/1603","targetHints":{"allow":["GET"]}}],"collection":[{"href":"https:\/\/impactocastex.com.ar\/index.php?rest_route=\/wp\/v2\/posts"}],"about":[{"href":"https:\/\/impactocastex.com.ar\/index.php?rest_route=\/wp\/v2\/types\/post"}],"author":[{"embeddable":true,"href":"https:\/\/impactocastex.com.ar\/index.php?rest_route=\/wp\/v2\/users\/2"}],"replies":[{"embeddable":true,"href":"https:\/\/impactocastex.com.ar\/index.php?rest_route=%2Fwp%2Fv2%2Fcomments&post=1603"}],"version-history":[{"count":1,"href":"https:\/\/impactocastex.com.ar\/index.php?rest_route=\/wp\/v2\/posts\/1603\/revisions"}],"predecessor-version":[{"id":1605,"href":"https:\/\/impactocastex.com.ar\/index.php?rest_route=\/wp\/v2\/posts\/1603\/revisions\/1605"}],"wp:featuredmedia":[{"embeddable":true,"href":"https:\/\/impactocastex.com.ar\/index.php?rest_route=\/wp\/v2\/media\/1604"}],"wp:attachment":[{"href":"https:\/\/impactocastex.com.ar\/index.php?rest_route=%2Fwp%2Fv2%2Fmedia&parent=1603"}],"wp:term":[{"taxonomy":"category","embeddable":true,"href":"https:\/\/impactocastex.com.ar\/index.php?rest_route=%2Fwp%2Fv2%2Fcategories&post=1603"},{"taxonomy":"post_tag","embeddable":true,"href":"https:\/\/impactocastex.com.ar\/index.php?rest_route=%2Fwp%2Fv2%2Ftags&post=1603"}],"curies":[{"name":"wp","href":"https:\/\/api.w.org\/{rel}","templated":true}]}}